{"id":76346,"date":"2026-04-26T08:00:19","date_gmt":"2026-04-26T06:00:19","guid":{"rendered":"https:\/\/whatthefrance.org\/?p=76346"},"modified":"2026-04-23T11:11:19","modified_gmt":"2026-04-23T09:11:19","slug":"francis-lai-nuestra-lista-de-reproduccion-exclusiva-por-el-94-aniversario-de-su-natalicio","status":"publish","type":"post","link":"https:\/\/whatthefrance.org\/es\/francis-lai-nuestra-lista-de-reproduccion-exclusiva-por-el-94-aniversario-de-su-natalicio\/","title":{"rendered":"Francis Lai | \u00a1Nuestra lista de reproducci\u00f3n exclusiva por el 94 aniversario de su natalicio!"},"content":{"rendered":"<p>\u00a1Hoy tendr\u00eda exactamente 93 a\u00f1os! Nacido el 26 de abril 1932 en Nice y fallecido el 7 de noviembre de 2018 en Par\u00eds, <strong>Francis Lai<\/strong>es un m\u00fasico y compositor franc\u00e9s conocido en todo el mundo por sus numerosas bandas sonoras. Sus obras clave incluyen su partitura para \u00abUn homme et une femme\u00bb (1966) que le vali\u00f3 una nominaci\u00f3n a los Premios Oscar, as\u00ed como la inolvidable banda sonora que compuso para \u00abLove Story\u00bb (1971) por la que recibi\u00f3 un Oscar y un Globo de Oro.<\/p>\n<p>&nbsp;<\/p>\n<p>Adem\u00e1s de haber compuesto la banda sonora\u00a0de otras 100 pel\u00edculas, incluidas numerosas colaboraciones con Claude Lelouch y con Claude Zidi, tambi\u00e9n emple\u00f3 su talento en el campo de la chanson trabajando con Edith Piaf desde 1960 y actuando \u00a0como su acordeonista. Tambi\u00e9n estuvo detr\u00e1s del \u00e9xito de \u201cLa Bicyclette\u201d, interpretada por Yves Montand (1921-1991) y trabaj\u00f3 con artistas franceses como Mireille Mathieu, Isabelle Aubret, Philippe L\u00e9otard, Petula Clark, Nicole Croisille, Dalida y Jacqueline Dulac, as\u00ed como con varios artistas quebequenses como Nicole Martin, Fabienne Thibeault, Ginette Reno y Martine Chevrier. En 2014, recibi\u00f3 un \u201cPremio a la Trayectoria\u201d en los World Soundtrack Awards que se llevaron a cabo en B\u00e9lgica.<\/p>\n<p>&nbsp;<\/p>\n<p>Como era de esperarse, un repertorio tan rico y brillante como el de Francis Lai ha sido aprovechado\u00a0por gran cantidad de artistas del mundo entero. La banda sonora original de \u00abLove Story\u00bb (que vendi\u00f3 seis millones de copias en todo el mundo) fue reutilizada por el grupo de hip hop House Of Pain, que usaron parte de \u201cSnow Frolic\u201d para grabar la contundente \u201cWord Is Bond\u201d. Lo mismo se aplica a \u201cSearch for Jenny\u201d, que fue utilizada por el rapero Termanology en \u201cTakin\u2019 You With Me\u201d y por The Alkaholiks en \u201cThe Next Level\u201d; mientras que el simple principal de la pel\u00edcula fue retomado por el rapero franc\u00e9s Davodka en \u201cToujours les m\u00eames qui trinquent\u201d, as\u00ed como por el americano Reks en \u201cSoul Of Black Folk\u201d. La canci\u00f3n tambi\u00e9n fue reelaborada al estilo drum &amp; bass y jungle por DJ SS (en \u201cLighter\u201d) y por Sound Of The Future (en \u201cLighter \u2013 DJ Friendly Mix\u201d).<\/p>\n<p>&nbsp;<\/p>\n<p>\u201cPlus fort que nous\u201d, de la banda sonora de \u00abUn homme et une femme\u00bb, tambi\u00e9n ha sido reutilizada por el d\u00fao M.O.P (en \u201cLifestyles Of A Ghetto Child\u201d) y por los suecos Jay-Jay Johanson y Magnus Fryberg (en \u201cIt Hurts Me So\u201d). Mientras tanto, el rapero marsell\u00e9s Akhenaton utiliz\u00f3 sus bandas sonoras para dos pel\u00edculas de Claude Lelouch: \u00abLes uns et les autres\u00bb, que sampleo sobre \u201cNew York City Transit\u201d y \u00abUn homme qui me plait\u00bb, que sirvio de base para su tr\u00edo junto a Pit Bacardi y a Yak, llamado \u201cSentier lumineux\u201d.<\/p>\n<p>&nbsp;<\/p>\n<p>Pocos saben que Lai tambi\u00e9n escribi\u00f3 la m\u00fasica para varias pel\u00edculas er\u00f3ticas, como \u00abEmmanuelle II (l\u2019antivierge)\u00bb en 1975 y \u00abBilitis\u00bb en 1977, con bandas sonoras que vendieron respectivamente un mill\u00f3n y siete millones de copias. Los ritmos lascivos de \u00abBilitis\u00bb inspiraron al franc\u00e9s Passi (\u201cLes flammes du mal\u201d), al alem\u00e1n Azad (\u201cDetonation\u201d), a los artistas polacos Slon and The Returners (\u201cPuzzle\u201d) y al estadounidense Montana Of 300 (\u201cChiraq Vs NY\u201d), que dio nueva vida a \u201cSc\u00e8ne d\u2019amour\u201d, mientras que \u201cM\u00e9lissa\u201d demostr\u00f3 ser un territorio f\u00e9rtil para el MC de Brooklyn\u00a0Necro (\u201cDead Body Disposal\u201d), as\u00ed como para el renombrado d\u00fao noruego R\u00f6yksopp (\u201cShe\u2019s So\u201d).<\/p>\n<p>&nbsp;<\/p>\n<p>Gracias a nuestra playlist titulada <strong>\u00ab\u00bfQui\u00e9n sample\u00f3 a Francis Lai?\u00bb<\/strong>\u00a0podr\u00e1 (re)descubrir una selecci\u00f3n de canciones de este incomparable escritor de melod\u00edas, sampleadas por artistas de todo el mundo. Despu\u00e9s de cada pieza original podr\u00e1 escuchar una o varias de las pistas que inspir\u00f3.<\/p>\n<p>&nbsp;<\/p>\n<p>&nbsp;<\/p>\n<p>&nbsp;<\/p>\n","protected":false},"excerpt":{"rendered":"<p>\u00a1Hoy tendr\u00eda exactamente 93 a\u00f1os! Nacido el 26 de abril 1932 en Nice y fallecido el 7 de noviembre de 2018 en Par\u00eds, Francis Laies un m\u00fasico y compositor franc\u00e9s conocido en todo el mundo por sus numerosas bandas sonoras. Sus obras clave incluyen su partitura para \u00abUn homme et une femme\u00bb (1966) que le [&hellip;]<\/p>\n","protected":false},"author":55,"featured_media":0,"comment_status":"open","ping_status":"open","sticky":false,"template":"","format":"standard","meta":{"_acf_changed":false,"footnotes":""},"categories":[1966],"tags":[],"class_list":["post-76346","post","type-post","status-publish","format-standard","hentry","category-playlist-es"],"acf":[],"yoast_head":"<!-- This site is optimized with the Yoast SEO plugin v27.3 - https:\/\/yoast.com\/product\/yoast-seo-wordpress\/ -->\n<title>Francis Lai | \u00a1Nuestra lista de reproducci\u00f3n exclusiva por el 94 aniversario de su natalicio! - What the France<\/title>\n<meta name=\"robots\" content=\"index, follow, max-snippet:-1, max-image-preview:large, max-video-preview:-1\" \/>\n<link rel=\"canonical\" href=\"https:\/\/whatthefrance.org\/es\/francis-lai-nuestra-lista-de-reproduccion-exclusiva-por-el-94-aniversario-de-su-natalicio\/\" \/>\n<meta property=\"og:locale\" content=\"es_ES\" \/>\n<meta property=\"og:type\" content=\"article\" \/>\n<meta property=\"og:title\" content=\"Francis Lai | \u00a1Nuestra lista de reproducci\u00f3n exclusiva por el 94 aniversario de su natalicio! - What the France\" \/>\n<meta property=\"og:description\" content=\"\u00a1Hoy tendr\u00eda exactamente 93 a\u00f1os! Nacido el 26 de abril 1932 en Nice y fallecido el 7 de noviembre de 2018 en Par\u00eds, Francis Laies un m\u00fasico y compositor franc\u00e9s conocido en todo el mundo por sus numerosas bandas sonoras. Sus obras clave incluyen su partitura para \u00abUn homme et une femme\u00bb (1966) que le [&hellip;]\" \/>\n<meta property=\"og:url\" content=\"https:\/\/whatthefrance.org\/es\/francis-lai-nuestra-lista-de-reproduccion-exclusiva-por-el-94-aniversario-de-su-natalicio\/\" \/>\n<meta property=\"og:site_name\" content=\"What the France\" \/>\n<meta property=\"article:published_time\" content=\"2026-04-26T06:00:19+00:00\" \/>\n<meta property=\"og:image\" content=\"https:\/\/whatthefrance.org\/wp-content\/uploads\/2026\/04\/dftyu-2.png\" \/>\n\t<meta property=\"og:image:width\" content=\"1084\" \/>\n\t<meta property=\"og:image:height\" content=\"452\" \/>\n<meta name=\"author\" content=\"Clara Michaux\" \/>\n<meta name=\"twitter:card\" content=\"summary_large_image\" \/>\n<meta name=\"twitter:label1\" content=\"Escrito por\" \/>\n\t<meta name=\"twitter:data1\" content=\"Clara Michaux\" \/>\n\t<meta name=\"twitter:label2\" content=\"Tiempo de lectura\" \/>\n\t<meta name=\"twitter:data2\" content=\"3 minutos\" \/>\n<script type=\"application\/ld+json\" class=\"yoast-schema-graph\">{\"@context\":\"https:\\\/\\\/schema.org\",\"@graph\":[{\"@type\":\"Article\",\"@id\":\"https:\\\/\\\/whatthefrance.org\\\/es\\\/francis-lai-nuestra-lista-de-reproduccion-exclusiva-por-el-94-aniversario-de-su-natalicio\\\/#article\",\"isPartOf\":{\"@id\":\"https:\\\/\\\/whatthefrance.org\\\/es\\\/francis-lai-nuestra-lista-de-reproduccion-exclusiva-por-el-94-aniversario-de-su-natalicio\\\/\"},\"author\":{\"name\":\"Clara Michaux\",\"@id\":\"https:\\\/\\\/whatthefrance.org\\\/es\\\/#\\\/schema\\\/person\\\/c4ed8c9d5437561a49988084ecf8daa5\"},\"headline\":\"Francis Lai | \u00a1Nuestra lista de reproducci\u00f3n exclusiva por el 94 aniversario de su natalicio!\",\"datePublished\":\"2026-04-26T06:00:19+00:00\",\"mainEntityOfPage\":{\"@id\":\"https:\\\/\\\/whatthefrance.org\\\/es\\\/francis-lai-nuestra-lista-de-reproduccion-exclusiva-por-el-94-aniversario-de-su-natalicio\\\/\"},\"wordCount\":646,\"commentCount\":0,\"publisher\":{\"@id\":\"https:\\\/\\\/whatthefrance.org\\\/es\\\/#organization\"},\"articleSection\":[\"Playlist\"],\"inLanguage\":\"es\",\"potentialAction\":[{\"@type\":\"CommentAction\",\"name\":\"Comment\",\"target\":[\"https:\\\/\\\/whatthefrance.org\\\/es\\\/francis-lai-nuestra-lista-de-reproduccion-exclusiva-por-el-94-aniversario-de-su-natalicio\\\/#respond\"]}]},{\"@type\":\"WebPage\",\"@id\":\"https:\\\/\\\/whatthefrance.org\\\/es\\\/francis-lai-nuestra-lista-de-reproduccion-exclusiva-por-el-94-aniversario-de-su-natalicio\\\/\",\"url\":\"https:\\\/\\\/whatthefrance.org\\\/es\\\/francis-lai-nuestra-lista-de-reproduccion-exclusiva-por-el-94-aniversario-de-su-natalicio\\\/\",\"name\":\"Francis Lai | \u00a1Nuestra lista de reproducci\u00f3n exclusiva por el 94 aniversario de su natalicio! - What the France\",\"isPartOf\":{\"@id\":\"https:\\\/\\\/whatthefrance.org\\\/es\\\/#website\"},\"datePublished\":\"2026-04-26T06:00:19+00:00\",\"breadcrumb\":{\"@id\":\"https:\\\/\\\/whatthefrance.org\\\/es\\\/francis-lai-nuestra-lista-de-reproduccion-exclusiva-por-el-94-aniversario-de-su-natalicio\\\/#breadcrumb\"},\"inLanguage\":\"es\",\"potentialAction\":[{\"@type\":\"ReadAction\",\"target\":[\"https:\\\/\\\/whatthefrance.org\\\/es\\\/francis-lai-nuestra-lista-de-reproduccion-exclusiva-por-el-94-aniversario-de-su-natalicio\\\/\"]}]},{\"@type\":\"BreadcrumbList\",\"@id\":\"https:\\\/\\\/whatthefrance.org\\\/es\\\/francis-lai-nuestra-lista-de-reproduccion-exclusiva-por-el-94-aniversario-de-su-natalicio\\\/#breadcrumb\",\"itemListElement\":[{\"@type\":\"ListItem\",\"position\":1,\"name\":\"Home\",\"item\":\"https:\\\/\\\/whatthefrance.org\\\/es\\\/\"},{\"@type\":\"ListItem\",\"position\":2,\"name\":\"Francis Lai | \u00a1Nuestra lista de reproducci\u00f3n exclusiva por el 94 aniversario de su natalicio!\"}]},{\"@type\":\"WebSite\",\"@id\":\"https:\\\/\\\/whatthefrance.org\\\/es\\\/#website\",\"url\":\"https:\\\/\\\/whatthefrance.org\\\/es\\\/\",\"name\":\"What the France\",\"description\":\"The finest music made in France !\",\"publisher\":{\"@id\":\"https:\\\/\\\/whatthefrance.org\\\/es\\\/#organization\"},\"potentialAction\":[{\"@type\":\"SearchAction\",\"target\":{\"@type\":\"EntryPoint\",\"urlTemplate\":\"https:\\\/\\\/whatthefrance.org\\\/es\\\/?s={search_term_string}\"},\"query-input\":{\"@type\":\"PropertyValueSpecification\",\"valueRequired\":true,\"valueName\":\"search_term_string\"}}],\"inLanguage\":\"es\"},{\"@type\":\"Organization\",\"@id\":\"https:\\\/\\\/whatthefrance.org\\\/es\\\/#organization\",\"name\":\"What The France\",\"url\":\"https:\\\/\\\/whatthefrance.org\\\/es\\\/\",\"logo\":{\"@type\":\"ImageObject\",\"inLanguage\":\"es\",\"@id\":\"https:\\\/\\\/whatthefrance.org\\\/es\\\/#\\\/schema\\\/logo\\\/image\\\/\",\"url\":\"https:\\\/\\\/whatthefrance.org\\\/wp-content\\\/uploads\\\/2019\\\/12\\\/44688719_2251580388408837_694180218134331392_n-e1577679609190.png\",\"contentUrl\":\"https:\\\/\\\/whatthefrance.org\\\/wp-content\\\/uploads\\\/2019\\\/12\\\/44688719_2251580388408837_694180218134331392_n-e1577679609190.png\",\"width\":200,\"height\":200,\"caption\":\"What The France\"},\"image\":{\"@id\":\"https:\\\/\\\/whatthefrance.org\\\/es\\\/#\\\/schema\\\/logo\\\/image\\\/\"}},{\"@type\":\"Person\",\"@id\":\"https:\\\/\\\/whatthefrance.org\\\/es\\\/#\\\/schema\\\/person\\\/c4ed8c9d5437561a49988084ecf8daa5\",\"name\":\"Clara Michaux\",\"image\":{\"@type\":\"ImageObject\",\"inLanguage\":\"es\",\"@id\":\"https:\\\/\\\/secure.gravatar.com\\\/avatar\\\/69707c2ec31253389a6a4dcd657d8c6b8f55b4d2ac228e1bde9e8d7fccddfe21?s=96&d=mm&r=g\",\"url\":\"https:\\\/\\\/secure.gravatar.com\\\/avatar\\\/69707c2ec31253389a6a4dcd657d8c6b8f55b4d2ac228e1bde9e8d7fccddfe21?s=96&d=mm&r=g\",\"contentUrl\":\"https:\\\/\\\/secure.gravatar.com\\\/avatar\\\/69707c2ec31253389a6a4dcd657d8c6b8f55b4d2ac228e1bde9e8d7fccddfe21?s=96&d=mm&r=g\",\"caption\":\"Clara Michaux\"}}]}<\/script>\n<!-- \/ Yoast SEO plugin. -->","yoast_head_json":{"title":"Francis Lai | \u00a1Nuestra lista de reproducci\u00f3n exclusiva por el 94 aniversario de su natalicio! - What the France","robots":{"index":"index","follow":"follow","max-snippet":"max-snippet:-1","max-image-preview":"max-image-preview:large","max-video-preview":"max-video-preview:-1"},"canonical":"https:\/\/whatthefrance.org\/es\/francis-lai-nuestra-lista-de-reproduccion-exclusiva-por-el-94-aniversario-de-su-natalicio\/","og_locale":"es_ES","og_type":"article","og_title":"Francis Lai | \u00a1Nuestra lista de reproducci\u00f3n exclusiva por el 94 aniversario de su natalicio! - What the France","og_description":"\u00a1Hoy tendr\u00eda exactamente 93 a\u00f1os! Nacido el 26 de abril 1932 en Nice y fallecido el 7 de noviembre de 2018 en Par\u00eds, Francis Laies un m\u00fasico y compositor franc\u00e9s conocido en todo el mundo por sus numerosas bandas sonoras. Sus obras clave incluyen su partitura para \u00abUn homme et une femme\u00bb (1966) que le [&hellip;]","og_url":"https:\/\/whatthefrance.org\/es\/francis-lai-nuestra-lista-de-reproduccion-exclusiva-por-el-94-aniversario-de-su-natalicio\/","og_site_name":"What the France","article_published_time":"2026-04-26T06:00:19+00:00","og_image":[{"url":"https:\/\/whatthefrance.org\/wp-content\/uploads\/2026\/04\/dftyu-2.png","height":452,"width":1084,"type":""}],"author":"Clara Michaux","twitter_card":"summary_large_image","twitter_misc":{"Escrito por":"Clara Michaux","Tiempo de lectura":"3 minutos"},"schema":{"@context":"https:\/\/schema.org","@graph":[{"@type":"Article","@id":"https:\/\/whatthefrance.org\/es\/francis-lai-nuestra-lista-de-reproduccion-exclusiva-por-el-94-aniversario-de-su-natalicio\/#article","isPartOf":{"@id":"https:\/\/whatthefrance.org\/es\/francis-lai-nuestra-lista-de-reproduccion-exclusiva-por-el-94-aniversario-de-su-natalicio\/"},"author":{"name":"Clara Michaux","@id":"https:\/\/whatthefrance.org\/es\/#\/schema\/person\/c4ed8c9d5437561a49988084ecf8daa5"},"headline":"Francis Lai | \u00a1Nuestra lista de reproducci\u00f3n exclusiva por el 94 aniversario de su natalicio!","datePublished":"2026-04-26T06:00:19+00:00","mainEntityOfPage":{"@id":"https:\/\/whatthefrance.org\/es\/francis-lai-nuestra-lista-de-reproduccion-exclusiva-por-el-94-aniversario-de-su-natalicio\/"},"wordCount":646,"commentCount":0,"publisher":{"@id":"https:\/\/whatthefrance.org\/es\/#organization"},"articleSection":["Playlist"],"inLanguage":"es","potentialAction":[{"@type":"CommentAction","name":"Comment","target":["https:\/\/whatthefrance.org\/es\/francis-lai-nuestra-lista-de-reproduccion-exclusiva-por-el-94-aniversario-de-su-natalicio\/#respond"]}]},{"@type":"WebPage","@id":"https:\/\/whatthefrance.org\/es\/francis-lai-nuestra-lista-de-reproduccion-exclusiva-por-el-94-aniversario-de-su-natalicio\/","url":"https:\/\/whatthefrance.org\/es\/francis-lai-nuestra-lista-de-reproduccion-exclusiva-por-el-94-aniversario-de-su-natalicio\/","name":"Francis Lai | \u00a1Nuestra lista de reproducci\u00f3n exclusiva por el 94 aniversario de su natalicio! - What the France","isPartOf":{"@id":"https:\/\/whatthefrance.org\/es\/#website"},"datePublished":"2026-04-26T06:00:19+00:00","breadcrumb":{"@id":"https:\/\/whatthefrance.org\/es\/francis-lai-nuestra-lista-de-reproduccion-exclusiva-por-el-94-aniversario-de-su-natalicio\/#breadcrumb"},"inLanguage":"es","potentialAction":[{"@type":"ReadAction","target":["https:\/\/whatthefrance.org\/es\/francis-lai-nuestra-lista-de-reproduccion-exclusiva-por-el-94-aniversario-de-su-natalicio\/"]}]},{"@type":"BreadcrumbList","@id":"https:\/\/whatthefrance.org\/es\/francis-lai-nuestra-lista-de-reproduccion-exclusiva-por-el-94-aniversario-de-su-natalicio\/#breadcrumb","itemListElement":[{"@type":"ListItem","position":1,"name":"Home","item":"https:\/\/whatthefrance.org\/es\/"},{"@type":"ListItem","position":2,"name":"Francis Lai | \u00a1Nuestra lista de reproducci\u00f3n exclusiva por el 94 aniversario de su natalicio!"}]},{"@type":"WebSite","@id":"https:\/\/whatthefrance.org\/es\/#website","url":"https:\/\/whatthefrance.org\/es\/","name":"What the France","description":"The finest music made in France !","publisher":{"@id":"https:\/\/whatthefrance.org\/es\/#organization"},"potentialAction":[{"@type":"SearchAction","target":{"@type":"EntryPoint","urlTemplate":"https:\/\/whatthefrance.org\/es\/?s={search_term_string}"},"query-input":{"@type":"PropertyValueSpecification","valueRequired":true,"valueName":"search_term_string"}}],"inLanguage":"es"},{"@type":"Organization","@id":"https:\/\/whatthefrance.org\/es\/#organization","name":"What The France","url":"https:\/\/whatthefrance.org\/es\/","logo":{"@type":"ImageObject","inLanguage":"es","@id":"https:\/\/whatthefrance.org\/es\/#\/schema\/logo\/image\/","url":"https:\/\/whatthefrance.org\/wp-content\/uploads\/2019\/12\/44688719_2251580388408837_694180218134331392_n-e1577679609190.png","contentUrl":"https:\/\/whatthefrance.org\/wp-content\/uploads\/2019\/12\/44688719_2251580388408837_694180218134331392_n-e1577679609190.png","width":200,"height":200,"caption":"What The France"},"image":{"@id":"https:\/\/whatthefrance.org\/es\/#\/schema\/logo\/image\/"}},{"@type":"Person","@id":"https:\/\/whatthefrance.org\/es\/#\/schema\/person\/c4ed8c9d5437561a49988084ecf8daa5","name":"Clara Michaux","image":{"@type":"ImageObject","inLanguage":"es","@id":"https:\/\/secure.gravatar.com\/avatar\/69707c2ec31253389a6a4dcd657d8c6b8f55b4d2ac228e1bde9e8d7fccddfe21?s=96&d=mm&r=g","url":"https:\/\/secure.gravatar.com\/avatar\/69707c2ec31253389a6a4dcd657d8c6b8f55b4d2ac228e1bde9e8d7fccddfe21?s=96&d=mm&r=g","contentUrl":"https:\/\/secure.gravatar.com\/avatar\/69707c2ec31253389a6a4dcd657d8c6b8f55b4d2ac228e1bde9e8d7fccddfe21?s=96&d=mm&r=g","caption":"Clara Michaux"}}]}},"_links":{"self":[{"href":"https:\/\/whatthefrance.org\/es\/wp-json\/wp\/v2\/posts\/76346","targetHints":{"allow":["GET"]}}],"collection":[{"href":"https:\/\/whatthefrance.org\/es\/wp-json\/wp\/v2\/posts"}],"about":[{"href":"https:\/\/whatthefrance.org\/es\/wp-json\/wp\/v2\/types\/post"}],"author":[{"embeddable":true,"href":"https:\/\/whatthefrance.org\/es\/wp-json\/wp\/v2\/users\/55"}],"replies":[{"embeddable":true,"href":"https:\/\/whatthefrance.org\/es\/wp-json\/wp\/v2\/comments?post=76346"}],"version-history":[{"count":3,"href":"https:\/\/whatthefrance.org\/es\/wp-json\/wp\/v2\/posts\/76346\/revisions"}],"predecessor-version":[{"id":76361,"href":"https:\/\/whatthefrance.org\/es\/wp-json\/wp\/v2\/posts\/76346\/revisions\/76361"}],"wp:attachment":[{"href":"https:\/\/whatthefrance.org\/es\/wp-json\/wp\/v2\/media?parent=76346"}],"wp:term":[{"taxonomy":"category","embeddable":true,"href":"https:\/\/whatthefrance.org\/es\/wp-json\/wp\/v2\/categories?post=76346"},{"taxonomy":"post_tag","embeddable":true,"href":"https:\/\/whatthefrance.org\/es\/wp-json\/wp\/v2\/tags?post=76346"}],"curies":[{"name":"wp","href":"https:\/\/api.w.org\/{rel}","templated":true}]}}