{"id":3992,"date":"2025-09-18T16:48:06","date_gmt":"2025-09-18T14:48:06","guid":{"rendered":"https:\/\/dev.whatthefrance.org\/news\/75142-2\/"},"modified":"2025-09-18T16:48:06","modified_gmt":"2025-09-18T14:48:06","slug":"75142-2","status":"publish","type":"cpt_news","link":"https:\/\/whatthefrance.org\/fr\/actualites\/75142-2\/","title":{"rendered":"\u00ab\u00a0Les Foudres\u00a0\u00bb | D\u00e9couvrez la premi\u00e8re \u00e9dition de la c\u00e9r\u00e9monie de r\u00e9compenses d\u00e9di\u00e9e au Metal \u00e0 travers la playlist officielle\u00a0de l\u2019\u00e9v\u00e9nement !"},"content":{"rendered":"\n<div class=\"wp-block-group alignwide container-article is-content-justification-left is-layout-constrained wp-container-core-group-is-layout-5dc111c9 wp-block-group-is-layout-constrained\">\n<div class=\"wp-block-group is-layout-constrained wp-block-group-is-layout-constrained\">\n<p class=\"has-white-color has-text-color has-link-color has-font-family-fira-sans has-font-weight-400 has-font-size-24 wp-elements-1 wp-block-paragraph\"><strong>La R\u00e9volution est en marche ! <\/strong>La France, bastion historique des arts et de la culture, franchit une nouvelle \u00e9tape avec <strong>Les Foudres<\/strong>, la toute premi\u00e8re c\u00e9r\u00e9monie d\u00e9di\u00e9e \u00e0 c\u00e9l\u00e9brer et r\u00e9compenser les talents du Metal fran\u00e7ais,qu\u2019ils soient artistes, professionnels, acteurs culturels ou encore figures de l\u2019ombre. Le r<strong>endez-vous est fix\u00e9 le 9 octobre 2025 au Bataclan<\/strong>, lieu parisien embl\u00e9matique de la sc\u00e8ne rock, pour une soir\u00e9e qui s\u2019annonce\u2026Foudroyante !<\/p>\n\n\n\n<p class=\"has-white-color has-text-color has-link-color has-font-family-fira-sans has-font-weight-400 has-font-size-24 wp-elements-2 wp-block-paragraph\"><strong>Un hommage \u00e0 une culture vibrante et r\u00e9siliente <\/strong><\/p>\n\n\n\n<p class=\"has-white-color has-text-color has-link-color has-font-family-fira-sans has-font-weight-400 has-font-size-24 wp-elements-3 wp-block-paragraph\">Longtemps marginalis\u00e9e, la culture Metal trouve enfin sa place sur la grande sc\u00e8ne culturelle. Port\u00e9e par des \u00e9v\u00e9nements phares comme le Hellfest et des artistes embl\u00e9matiques tels que Gojira, la sc\u00e8ne Metal fran\u00e7aise brille \u00e0 l\u2019\u00e9chelle mondiale. Dans ce contexte, les Foudres seront bien plus qu\u2019une c\u00e9r\u00e9monie : elles repr\u00e9senteront une d\u00e9claration d\u2019amour \u00e0 une communaut\u00e9 passionn\u00e9e, un hommage \u00e0 son h\u00e9ritage et une vitrine pour ses talents uniques.<\/p>\n\n\n\n<p class=\"has-white-color has-text-color has-link-color has-font-family-fira-sans has-font-weight-400 has-font-size-24 wp-elements-4 wp-block-paragraph\"><strong>Un \u00e9v\u00e9nement pas comme les autres <\/strong><\/p>\n\n\n\n<p class=\"has-white-color has-text-color has-link-color has-font-family-fira-sans has-font-weight-400 has-font-size-24 wp-elements-5 wp-block-paragraph\">Les Foudres seront un savant m\u00e9lange de remises de prix et de performances inoubliables ! Sous la houlette de personnalit\u00e9s embl\u00e9matiques de la sc\u00e8ne Metal, la soir\u00e9e promet des moments forts, m\u00ealant musique, humouret happenings spectaculaires. Avec des cat\u00e9gories vari\u00e9es \u2013 du meilleur album \u00e0 la meilleure initiative soci\u00e9tale \u2013chaque aspect de cette culture sera mis en lumi\u00e8re.<\/p>\n\n\n\n<p class=\"has-white-color has-text-color has-link-color has-font-family-fira-sans has-font-weight-400 has-font-size-24 wp-elements-6 wp-block-paragraph\"><strong>Un engagement pour l\u2019avenir <\/strong><\/p>\n\n\n\n<p class=\"has-white-color has-text-color has-link-color has-font-family-fira-sans has-font-weight-400 has-font-size-24 wp-elements-7 wp-block-paragraph\">Les Foudres ne se contenteront pas de c\u00e9l\u00e9brer le pr\u00e9sent : elles construiront l\u2019avenir. La c\u00e9r\u00e9monie valorisera des d\u00e9marches cr\u00e9atives et responsables, qu\u2019elles soient environnementales, sociales ou culturelles. En honorant des artistes et professionnels engag\u00e9s, elle affirmera le r\u00f4le du Metal comme moteur d&rsquo;innovation et de transformation.<\/p>\n\n\n\n<p class=\"has-white-color has-text-color has-link-color has-font-family-fira-sans has-font-weight-400 has-font-size-24 wp-elements-8 wp-block-paragraph\"><strong>Un appel au grand public <\/strong><\/p>\n\n\n\n<p class=\"has-white-color has-text-color has-link-color has-font-family-fira-sans has-font-weight-400 has-font-size-24 wp-elements-9 wp-block-paragraph\">Avec un vote ouvert et une captation, les Foudres souhaient rassembler bien au-del\u00e0 des initi\u00e9s. L\u2019objectif avou\u00e9 de cet \u00e9v\u00e9nement historique : briser les clich\u00e9s, faire d\u00e9couvrir la richesse de cet univers et f\u00e9d\u00e9rer autourd\u2019une passion commune.<\/p>\n\n\n\n<p class=\"has-white-color has-text-color has-link-color has-font-family-fira-sans has-font-weight-400 has-font-size-24 wp-elements-10 wp-block-paragraph\"><strong>\u00a0<\/strong><\/p>\n\n\n\n<p class=\"has-white-color has-text-color has-link-color has-font-family-fira-sans has-font-weight-400 has-font-size-24 wp-elements-11 wp-block-paragraph\"><strong>Une soir\u00e9e historique <\/strong><\/p>\n\n\n\n<p class=\"has-white-color has-text-color has-link-color has-font-family-fira-sans has-font-weight-400 has-font-size-24 wp-elements-12 wp-block-paragraph\"><strong>Cette premi\u00e8re \u00e9dition des Foudres, accueillie par le Bataclan, marquera un tournant dans le paysage culturel fran\u00e7ais : une soir\u00e9e m\u00e9morable au croisement de l\u2019art, de la musique et de \u201cl\u2019Esprit Libre depuis1865\u201d cher \u00e0 la salle parisienne ! <\/strong><\/p>\n\n\n\n<p class=\"has-white-color has-text-color has-link-color has-font-family-fira-sans has-font-weight-400 has-font-size-24 wp-elements-13 wp-block-paragraph\"><strong>\u00a0<\/strong><\/p>\n\n\n\n<p class=\"has-white-color has-text-color has-link-color has-font-family-fira-sans has-font-weight-400 has-font-size-24 wp-elements-14 wp-block-paragraph\"><strong>Ci-dessous la liste des artistes pr\u00e9-nomm\u00e9s par cat\u00e9gorie, vous pouvez voter ici\u00a0: <\/strong><a href=\"https:\/\/fra01.safelinks.protection.outlook.com\/?url=https%3A%2F%2Fvotez.lesfoudres.com%2F&amp;data=05%7C02%7Caurelien.castello%40cnm.fr%7Cf7f59cd916fe44c9684b08ddf5325856%7Cba774e6290394882a8cac4a49ebaf0d1%7C1%7C0%7C638936318779859470%7CUnknown%7CTWFpbGZsb3d8eyJFbXB0eU1hcGkiOnRydWUsIlYiOiIwLjAuMDAwMCIsIlAiOiJXaW4zMiIsIkFOIjoiTWFpbCIsIldUIjoyfQ%3D%3D%7C0%7C%7C%7C&amp;sdata=UyOztrRXNSbAcq4yvOsUXRVhayc48hLHQWQAmfT%2B4%2BM%3D&amp;reserved=0\">https:\/\/votez.lesfoudres.com\/<\/a><\/p>\n\n\n\n<p class=\"has-white-color has-text-color has-link-color has-font-family-fira-sans has-font-weight-400 has-font-size-24 wp-elements-15 wp-block-paragraph\"><strong>\u00a0<\/strong><br \/><ul><br \/> \t<li><strong>La Foudre de la r\u00e9v\u00e9lation de l&rsquo;ann\u00e9e\u00a0:<\/strong><\/li><br \/><\/ul><br \/>BLACK BILE<\/p>\n\n\n\n<p class=\"has-white-color has-text-color has-link-color has-font-family-fira-sans has-font-weight-400 has-font-size-24 wp-elements-16 wp-block-paragraph\">HOULE<\/p>\n\n\n\n<p class=\"has-white-color has-text-color has-link-color has-font-family-fira-sans has-font-weight-400 has-font-size-24 wp-elements-17 wp-block-paragraph\">REVNOIR<\/p>\n\n\n\n<p class=\"has-white-color has-text-color has-link-color has-font-family-fira-sans has-font-weight-400 has-font-size-24 wp-elements-18 wp-block-paragraph\">SOLITARIS<\/p>\n\n\n\n<p class=\"has-white-color has-text-color has-link-color has-font-family-fira-sans has-font-weight-400 has-font-size-24 wp-elements-19 wp-block-paragraph\">TEN56.<\/p>\n\n\n\n<p class=\"has-white-color has-text-color has-link-color has-font-family-fira-sans has-font-weight-400 has-font-size-24 wp-elements-20 wp-block-paragraph\">WITCHORIOUS<\/p>\n\n\n\n<p class=\"has-white-color has-text-color has-link-color has-font-family-fira-sans has-font-weight-400 has-font-size-24 wp-elements-21 wp-block-paragraph\"><strong>\u00a0<\/strong><br \/><ul><br \/> \t<li><strong>La Foudre de l&rsquo;album de l&rsquo;ann\u00e9e\u00a0:<\/strong><\/li><br \/><\/ul><br \/>ALCEST &#8211; Les Chants de l&rsquo;Aurore<\/p>\n\n\n\n<p class=\"has-white-color has-text-color has-link-color has-font-family-fira-sans has-font-weight-400 has-font-size-24 wp-elements-22 wp-block-paragraph\">FANGE &#8211; Purulences<\/p>\n\n\n\n<p class=\"has-white-color has-text-color has-link-color has-font-family-fira-sans has-font-weight-400 has-font-size-24 wp-elements-23 wp-block-paragraph\">HANGMAN&rsquo;S CHAIR \u2013 Saddiction<\/p>\n\n\n\n<p class=\"has-white-color has-text-color has-link-color has-font-family-fira-sans has-font-weight-400 has-font-size-24 wp-elements-24 wp-block-paragraph\">LANDMVRKS &#8211; The Darkest Place I&rsquo;ve Ever Been<\/p>\n\n\n\n<p class=\"has-white-color has-text-color has-link-color has-font-family-fira-sans has-font-weight-400 has-font-size-24 wp-elements-25 wp-block-paragraph\">SUN &#8211;\u00a0Krystal Metal<\/p>\n\n\n\n<p class=\"has-white-color has-text-color has-link-color has-font-family-fira-sans has-font-weight-400 has-font-size-24 wp-elements-26 wp-block-paragraph\"><strong>\u00a0<\/strong><br \/><ul><br \/> \t<li><strong>La Foudre de l&rsquo;artiste de l&rsquo;ann\u00e9e\u00a0: <\/strong><\/li><br \/><\/ul><br \/>ALCEST<\/p>\n\n\n\n<p class=\"has-white-color has-text-color has-link-color has-font-family-fira-sans has-font-weight-400 has-font-size-24 wp-elements-27 wp-block-paragraph\">HANGMAN&rsquo;S CHAIR<\/p>\n\n\n\n<p class=\"has-white-color has-text-color has-link-color has-font-family-fira-sans has-font-weight-400 has-font-size-24 wp-elements-28 wp-block-paragraph\">LANDMVRKS<\/p>\n\n\n\n<p class=\"has-white-color has-text-color has-link-color has-font-family-fira-sans has-font-weight-400 has-font-size-24 wp-elements-29 wp-block-paragraph\">LAST TRAIN<\/p>\n\n\n\n<p class=\"has-white-color has-text-color has-link-color has-font-family-fira-sans has-font-weight-400 has-font-size-24 wp-elements-30 wp-block-paragraph\">RISE OF THE NORTHSTAR<\/p>\n\n\n\n<p class=\"has-white-color has-text-color has-link-color has-font-family-fira-sans has-font-weight-400 has-font-size-24 wp-elements-31 wp-block-paragraph\">SUN<\/p>\n\n\n\n<p class=\"has-white-color has-text-color has-link-color has-font-family-fira-sans has-font-weight-400 has-font-size-24 wp-elements-32 wp-block-paragraph\"><strong>\u00a0<\/strong><br \/><ul><br \/> \t<li><strong>La Foudre de la cr\u00e9ation audiovisuelle de l&rsquo;ann\u00e9e\u00a0: <\/strong><\/li><br \/><\/ul><br \/>RSTLSS \u2013 BANG!BANG! [Programme Audiovisuel]<\/p>\n\n\n\n<p class=\"has-white-color has-text-color has-link-color has-font-family-fira-sans has-font-weight-400 has-font-size-24 wp-elements-33 wp-block-paragraph\">MEAT DEPT \u2013 ADHD d\u2019 IGORRR \u2013 [Clip Musical]<\/p>\n\n\n\n<p class=\"has-white-color has-text-color has-link-color has-font-family-fira-sans has-font-weight-400 has-font-size-24 wp-elements-34 wp-block-paragraph\">HOTU ET VITHIA &#8211; Neo Paris de RISE OF THE NORTHSTAR [Clip Musical]<\/p>\n\n\n\n<p class=\"has-white-color has-text-color has-link-color has-font-family-fira-sans has-font-weight-400 has-font-size-24 wp-elements-35 wp-block-paragraph\">LES FURTIFS &#8211; Que ton r\u00e8gne vienne : une histoire du satanisme en France (r\u00e9al. Mathias Averty) [Documentaire]<\/p>\n\n\n\n<p class=\"has-white-color has-text-color has-link-color has-font-family-fira-sans has-font-weight-400 has-font-size-24 wp-elements-36 wp-block-paragraph\">ARTHUR ALTERNATIF &#8211; Les Triomphes\u00a0du Metal \u00a0[Programme Audiovisuel]<\/p>\n\n\n\n<p class=\"has-white-color has-text-color has-link-color has-font-family-fira-sans has-font-weight-400 has-font-size-24 wp-elements-37 wp-block-paragraph\">VALNOIR &#8211; The Art of War de PERTUBATOR [Clip Musical]<\/p>\n\n\n\n<p class=\"has-white-color has-text-color has-link-color has-font-family-fira-sans has-font-weight-400 has-font-size-24 wp-elements-38 wp-block-paragraph\"><strong>\u00a0<\/strong><br \/><ul><br \/> \t<li><strong>La Foudre de la performance live de l&rsquo;ann\u00e9e\u00a0: <\/strong><\/li><br \/><\/ul><br \/>ALCEST &#8211; Olympia d\u00e9cembre 2024<\/p>\n\n\n\n<p class=\"has-white-color has-text-color has-link-color has-font-family-fira-sans has-font-weight-400 has-font-size-24 wp-elements-39 wp-block-paragraph\">GOJIRA &#8211; Festival de Carcassonne 2025<\/p>\n\n\n\n<p class=\"has-white-color has-text-color has-link-color has-font-family-fira-sans has-font-weight-400 has-font-size-24 wp-elements-40 wp-block-paragraph\">LANDMVRKS &#8211; Olympia f\u00e9vrier 2025<\/p>\n\n\n\n<p class=\"has-white-color has-text-color has-link-color has-font-family-fira-sans has-font-weight-400 has-font-size-24 wp-elements-41 wp-block-paragraph\">MASS HYSTERIA &#8211; Z\u00e9nith Paris janvier 2025<\/p>\n\n\n\n<p class=\"has-white-color has-text-color has-link-color has-font-family-fira-sans has-font-weight-400 has-font-size-24 wp-elements-42 wp-block-paragraph\">RISE OF THE NORTHSTAR &#8211; Hellfest 2025<\/p>\n\n\n\n<p class=\"has-white-color has-text-color has-link-color has-font-family-fira-sans has-font-weight-400 has-font-size-24 wp-elements-43 wp-block-paragraph\"><strong>\u00a0<\/strong><br \/><ul><br \/> \t<li><strong>La Foudre de l\u2019\u00e9v\u00e9nement de l&rsquo;ann\u00e9e amplifi\u00e9e par Ticketmaster\u00a0: <\/strong><\/li><br \/><\/ul><br \/>DIABOLUS IN MUSICA \u2013 Exposition Philharmonie de Paris<\/p>\n\n\n\n<p class=\"has-white-color has-text-color has-link-color has-font-family-fira-sans has-font-weight-400 has-font-size-24 wp-elements-44 wp-block-paragraph\">FESTIVAL 666 2025<\/p>\n\n\n\n<p class=\"has-white-color has-text-color has-link-color has-font-family-fira-sans has-font-weight-400 has-font-size-24 wp-elements-45 wp-block-paragraph\">FESTIVAL HELLFEST 2025<\/p>\n\n\n\n<p class=\"has-white-color has-text-color has-link-color has-font-family-fira-sans has-font-weight-400 has-font-size-24 wp-elements-46 wp-block-paragraph\">FESTIVAL MOTOCULTOR 2025<\/p>\n\n\n\n<p class=\"has-white-color has-text-color has-link-color has-font-family-fira-sans has-font-weight-400 has-font-size-24 wp-elements-47 wp-block-paragraph\">WE METAL FEST 2025<\/p>\n\n\n\n<p class=\"has-white-color has-text-color has-link-color has-font-family-fira-sans has-font-weight-400 has-font-size-24 wp-elements-48 wp-block-paragraph\"><strong>\u00a0<\/strong><\/p>\n\n\n\n<p class=\"has-white-color has-text-color has-link-color has-font-family-fira-sans has-font-weight-400 has-font-size-24 wp-elements-49 wp-block-paragraph\"><strong>D\u00e9couvrez une s\u00e9lection de titres des artistes pr\u00e9-nomm\u00e9s aux Foudres 2025 dans la playlist officielle de l\u2019\u00e9v\u00e9nement, con\u00e7ue par What the France.\u00a0 <\/strong><\/p>\n\n\n\n<p class=\"has-white-color has-text-color has-link-color has-font-family-fira-sans has-font-weight-400 has-font-size-24 wp-elements-50 wp-block-paragraph\"><strong><\/strong><\/p>\n<\/div>\n<\/div>\n","protected":false},"featured_media":4157,"template":"","meta":{"_acf_changed":false},"tax_category_a":[65],"tax_genre":[71],"class_list":["post-3992","cpt_news","type-cpt_news","status-publish","has-post-thumbnail","hentry","tax_category_a-international","tax_genre-rock"],"acf":{"block_query_thumbnail_post_image_url":1649},"yoast_head":"<!-- This site is optimized with the Yoast SEO Premium plugin v28.3 (Yoast SEO v28.3) - https:\/\/yoast.com\/product\/yoast-seo-premium-wordpress\/ -->\n<title>&quot;Les Foudres&quot; | D\u00e9couvrez la premi\u00e8re \u00e9dition de la c\u00e9r\u00e9monie de r\u00e9compenses d\u00e9di\u00e9e au Metal \u00e0 travers la playlist officielle\u00a0de l\u2019\u00e9v\u00e9nement ! - WhatTheFrance<\/title>\n<meta name=\"description\" content=\"Le 9 octobre au Bataclan, Les Foudres r\u00e9compensent pour la premi\u00e8re fois les talents du Metal fran\u00e7ais made in France. D\u00e9couvrez la playlist officielle.\" \/>\n<meta name=\"robots\" content=\"index, follow, max-snippet:-1, max-image-preview:large, max-video-preview:-1\" \/>\n<link rel=\"canonical\" href=\"https:\/\/whatthefrance.org\/fr\/actualites\/75142-2\/\" \/>\n<meta property=\"og:locale\" content=\"fr_FR\" \/>\n<meta property=\"og:type\" content=\"article\" \/>\n<meta property=\"og:title\" content=\"&quot;Les Foudres&quot; | D\u00e9couvrez la premi\u00e8re \u00e9dition de la c\u00e9r\u00e9monie de r\u00e9compenses d\u00e9di\u00e9e au Metal \u00e0 travers la playlist officielle\u00a0de l\u2019\u00e9v\u00e9nement !\" \/>\n<meta property=\"og:description\" content=\"Le 9 octobre au Bataclan, Les Foudres r\u00e9compensent pour la premi\u00e8re fois les talents du Metal fran\u00e7ais made in France. D\u00e9couvrez la playlist officielle.\" \/>\n<meta property=\"og:url\" content=\"https:\/\/whatthefrance.org\/fr\/actualites\/75142-2\/\" \/>\n<meta property=\"og:site_name\" content=\"WhatTheFrance\" \/>\n<meta property=\"article:publisher\" content=\"https:\/\/www.facebook.com\/whatthefranceuk\" \/>\n<meta property=\"og:image\" content=\"https:\/\/whatthefrance.org\/wp-content\/uploads\/2025\/09\/Cover-Wordpress-Articles.jpg\" \/>\n\t<meta property=\"og:image:width\" content=\"1084\" \/>\n\t<meta property=\"og:image:height\" content=\"452\" \/>\n\t<meta property=\"og:image:type\" content=\"image\/jpeg\" \/>\n<meta name=\"twitter:card\" content=\"summary_large_image\" \/>\n<meta name=\"twitter:label1\" content=\"Dur\u00e9e de lecture estim\u00e9e\" \/>\n\t<meta name=\"twitter:data1\" content=\"3 minutes\" \/>\n<script type=\"application\/ld+json\" class=\"yoast-schema-graph\">{\"@context\":\"https:\\\/\\\/schema.org\",\"@graph\":[{\"@type\":\"WebPage\",\"@id\":\"https:\\\/\\\/whatthefrance.org\\\/fr\\\/actualites\\\/75142-2\\\/\",\"url\":\"https:\\\/\\\/whatthefrance.org\\\/fr\\\/actualites\\\/75142-2\\\/\",\"name\":\"\\\"Les Foudres\\\" | D\u00e9couvrez la premi\u00e8re \u00e9dition de la c\u00e9r\u00e9monie de r\u00e9compenses d\u00e9di\u00e9e au Metal \u00e0 travers la playlist officielle\u00a0de l\u2019\u00e9v\u00e9nement ! - WhatTheFrance\",\"isPartOf\":{\"@id\":\"https:\\\/\\\/whatthefrance.org\\\/fr\\\/#website\"},\"primaryImageOfPage\":{\"@id\":\"https:\\\/\\\/whatthefrance.org\\\/fr\\\/actualites\\\/75142-2\\\/#primaryimage\"},\"image\":{\"@id\":\"https:\\\/\\\/whatthefrance.org\\\/fr\\\/actualites\\\/75142-2\\\/#primaryimage\"},\"thumbnailUrl\":\"https:\\\/\\\/whatthefrance.org\\\/wp-content\\\/uploads\\\/2025\\\/09\\\/Cover-Wordpress-Articles.jpg\",\"datePublished\":\"2025-09-18T14:48:06+00:00\",\"description\":\"Le 9 octobre au Bataclan, Les Foudres r\u00e9compensent pour la premi\u00e8re fois les talents du Metal fran\u00e7ais made in France. D\u00e9couvrez la playlist officielle.\",\"breadcrumb\":{\"@id\":\"https:\\\/\\\/whatthefrance.org\\\/fr\\\/actualites\\\/75142-2\\\/#breadcrumb\"},\"inLanguage\":\"fr-FR\",\"potentialAction\":[{\"@type\":\"ReadAction\",\"target\":[\"https:\\\/\\\/whatthefrance.org\\\/fr\\\/actualites\\\/75142-2\\\/\"]}]},{\"@type\":\"ImageObject\",\"inLanguage\":\"fr-FR\",\"@id\":\"https:\\\/\\\/whatthefrance.org\\\/fr\\\/actualites\\\/75142-2\\\/#primaryimage\",\"url\":\"https:\\\/\\\/whatthefrance.org\\\/wp-content\\\/uploads\\\/2025\\\/09\\\/Cover-Wordpress-Articles.jpg\",\"contentUrl\":\"https:\\\/\\\/whatthefrance.org\\\/wp-content\\\/uploads\\\/2025\\\/09\\\/Cover-Wordpress-Articles.jpg\",\"width\":1084,\"height\":452},{\"@type\":\"BreadcrumbList\",\"@id\":\"https:\\\/\\\/whatthefrance.org\\\/fr\\\/actualites\\\/75142-2\\\/#breadcrumb\",\"itemListElement\":[{\"@type\":\"ListItem\",\"position\":1,\"name\":\"Accueil\",\"item\":\"https:\\\/\\\/whatthefrance.org\\\/fr\\\/\"},{\"@type\":\"ListItem\",\"position\":2,\"name\":\"Actualites\",\"item\":\"https:\\\/\\\/whatthefrance.org\\\/fr\\\/actualites\\\/\"},{\"@type\":\"ListItem\",\"position\":3,\"name\":\"&#8220;Les Foudres&#8221; | D\u00e9couvrez la premi\u00e8re \u00e9dition de la c\u00e9r\u00e9monie de r\u00e9compenses d\u00e9di\u00e9e au Metal \u00e0 travers la playlist officielle\u00a0de l\u2019\u00e9v\u00e9nement !\"}]},{\"@type\":\"WebSite\",\"@id\":\"https:\\\/\\\/whatthefrance.org\\\/fr\\\/#website\",\"url\":\"https:\\\/\\\/whatthefrance.org\\\/fr\\\/\",\"name\":\"What The France\",\"description\":\"\",\"publisher\":{\"@id\":\"https:\\\/\\\/whatthefrance.org\\\/fr\\\/#organization\"},\"potentialAction\":[{\"@type\":\"SearchAction\",\"target\":{\"@type\":\"EntryPoint\",\"urlTemplate\":\"https:\\\/\\\/whatthefrance.org\\\/fr\\\/?s={search_term_string}\"},\"query-input\":{\"@type\":\"PropertyValueSpecification\",\"valueRequired\":true,\"valueName\":\"search_term_string\"}}],\"inLanguage\":\"fr-FR\"},{\"@type\":\"Organization\",\"@id\":\"https:\\\/\\\/whatthefrance.org\\\/fr\\\/#organization\",\"name\":\"What The France\",\"url\":\"https:\\\/\\\/whatthefrance.org\\\/fr\\\/\",\"logo\":{\"@type\":\"ImageObject\",\"inLanguage\":\"fr-FR\",\"@id\":\"https:\\\/\\\/whatthefrance.org\\\/fr\\\/#\\\/schema\\\/logo\\\/image\\\/\",\"url\":\"https:\\\/\\\/whatthefrance.org\\\/wp-content\\\/uploads\\\/2026\\\/01\\\/logo-wtf-white.svg\",\"contentUrl\":\"https:\\\/\\\/whatthefrance.org\\\/wp-content\\\/uploads\\\/2026\\\/01\\\/logo-wtf-white.svg\",\"width\":1,\"height\":1,\"caption\":\"What The France\"},\"image\":{\"@id\":\"https:\\\/\\\/whatthefrance.org\\\/fr\\\/#\\\/schema\\\/logo\\\/image\\\/\"},\"sameAs\":[\"https:\\\/\\\/www.facebook.com\\\/whatthefranceuk\",\"https:\\\/\\\/www.instagram.com\\\/wt.france\\\/\",\"https:\\\/\\\/www.youtube.com\\\/@WhatTheFrance\"]}]}<\/script>\n<!-- \/ Yoast SEO Premium plugin. -->","yoast_head_json":{"title":"\"Les Foudres\" | D\u00e9couvrez la premi\u00e8re \u00e9dition de la c\u00e9r\u00e9monie de r\u00e9compenses d\u00e9di\u00e9e au Metal \u00e0 travers la playlist officielle\u00a0de l\u2019\u00e9v\u00e9nement ! - WhatTheFrance","description":"Le 9 octobre au Bataclan, Les Foudres r\u00e9compensent pour la premi\u00e8re fois les talents du Metal fran\u00e7ais made in France. D\u00e9couvrez la playlist officielle.","robots":{"index":"index","follow":"follow","max-snippet":"max-snippet:-1","max-image-preview":"max-image-preview:large","max-video-preview":"max-video-preview:-1"},"canonical":"https:\/\/whatthefrance.org\/fr\/actualites\/75142-2\/","og_locale":"fr_FR","og_type":"article","og_title":"\"Les Foudres\" | D\u00e9couvrez la premi\u00e8re \u00e9dition de la c\u00e9r\u00e9monie de r\u00e9compenses d\u00e9di\u00e9e au Metal \u00e0 travers la playlist officielle\u00a0de l\u2019\u00e9v\u00e9nement !","og_description":"Le 9 octobre au Bataclan, Les Foudres r\u00e9compensent pour la premi\u00e8re fois les talents du Metal fran\u00e7ais made in France. D\u00e9couvrez la playlist officielle.","og_url":"https:\/\/whatthefrance.org\/fr\/actualites\/75142-2\/","og_site_name":"WhatTheFrance","article_publisher":"https:\/\/www.facebook.com\/whatthefranceuk","og_image":[{"width":1084,"height":452,"url":"https:\/\/whatthefrance.org\/wp-content\/uploads\/2025\/09\/Cover-Wordpress-Articles.jpg","type":"image\/jpeg"}],"twitter_card":"summary_large_image","twitter_misc":{"Dur\u00e9e de lecture estim\u00e9e":"3 minutes"},"schema":{"@context":"https:\/\/schema.org","@graph":[{"@type":"WebPage","@id":"https:\/\/whatthefrance.org\/fr\/actualites\/75142-2\/","url":"https:\/\/whatthefrance.org\/fr\/actualites\/75142-2\/","name":"\"Les Foudres\" | D\u00e9couvrez la premi\u00e8re \u00e9dition de la c\u00e9r\u00e9monie de r\u00e9compenses d\u00e9di\u00e9e au Metal \u00e0 travers la playlist officielle\u00a0de l\u2019\u00e9v\u00e9nement ! - WhatTheFrance","isPartOf":{"@id":"https:\/\/whatthefrance.org\/fr\/#website"},"primaryImageOfPage":{"@id":"https:\/\/whatthefrance.org\/fr\/actualites\/75142-2\/#primaryimage"},"image":{"@id":"https:\/\/whatthefrance.org\/fr\/actualites\/75142-2\/#primaryimage"},"thumbnailUrl":"https:\/\/whatthefrance.org\/wp-content\/uploads\/2025\/09\/Cover-Wordpress-Articles.jpg","datePublished":"2025-09-18T14:48:06+00:00","description":"Le 9 octobre au Bataclan, Les Foudres r\u00e9compensent pour la premi\u00e8re fois les talents du Metal fran\u00e7ais made in France. D\u00e9couvrez la playlist officielle.","breadcrumb":{"@id":"https:\/\/whatthefrance.org\/fr\/actualites\/75142-2\/#breadcrumb"},"inLanguage":"fr-FR","potentialAction":[{"@type":"ReadAction","target":["https:\/\/whatthefrance.org\/fr\/actualites\/75142-2\/"]}]},{"@type":"ImageObject","inLanguage":"fr-FR","@id":"https:\/\/whatthefrance.org\/fr\/actualites\/75142-2\/#primaryimage","url":"https:\/\/whatthefrance.org\/wp-content\/uploads\/2025\/09\/Cover-Wordpress-Articles.jpg","contentUrl":"https:\/\/whatthefrance.org\/wp-content\/uploads\/2025\/09\/Cover-Wordpress-Articles.jpg","width":1084,"height":452},{"@type":"BreadcrumbList","@id":"https:\/\/whatthefrance.org\/fr\/actualites\/75142-2\/#breadcrumb","itemListElement":[{"@type":"ListItem","position":1,"name":"Accueil","item":"https:\/\/whatthefrance.org\/fr\/"},{"@type":"ListItem","position":2,"name":"Actualites","item":"https:\/\/whatthefrance.org\/fr\/actualites\/"},{"@type":"ListItem","position":3,"name":"&#8220;Les Foudres&#8221; | D\u00e9couvrez la premi\u00e8re \u00e9dition de la c\u00e9r\u00e9monie de r\u00e9compenses d\u00e9di\u00e9e au Metal \u00e0 travers la playlist officielle\u00a0de l\u2019\u00e9v\u00e9nement !"}]},{"@type":"WebSite","@id":"https:\/\/whatthefrance.org\/fr\/#website","url":"https:\/\/whatthefrance.org\/fr\/","name":"What The France","description":"","publisher":{"@id":"https:\/\/whatthefrance.org\/fr\/#organization"},"potentialAction":[{"@type":"SearchAction","target":{"@type":"EntryPoint","urlTemplate":"https:\/\/whatthefrance.org\/fr\/?s={search_term_string}"},"query-input":{"@type":"PropertyValueSpecification","valueRequired":true,"valueName":"search_term_string"}}],"inLanguage":"fr-FR"},{"@type":"Organization","@id":"https:\/\/whatthefrance.org\/fr\/#organization","name":"What The France","url":"https:\/\/whatthefrance.org\/fr\/","logo":{"@type":"ImageObject","inLanguage":"fr-FR","@id":"https:\/\/whatthefrance.org\/fr\/#\/schema\/logo\/image\/","url":"https:\/\/whatthefrance.org\/wp-content\/uploads\/2026\/01\/logo-wtf-white.svg","contentUrl":"https:\/\/whatthefrance.org\/wp-content\/uploads\/2026\/01\/logo-wtf-white.svg","width":1,"height":1,"caption":"What The France"},"image":{"@id":"https:\/\/whatthefrance.org\/fr\/#\/schema\/logo\/image\/"},"sameAs":["https:\/\/www.facebook.com\/whatthefranceuk","https:\/\/www.instagram.com\/wt.france\/","https:\/\/www.youtube.com\/@WhatTheFrance"]}]}},"_links":{"self":[{"href":"https:\/\/whatthefrance.org\/fr\/wp-json\/wp\/v2\/cpt_news\/3992","targetHints":{"allow":["GET"]}}],"collection":[{"href":"https:\/\/whatthefrance.org\/fr\/wp-json\/wp\/v2\/cpt_news"}],"about":[{"href":"https:\/\/whatthefrance.org\/fr\/wp-json\/wp\/v2\/types\/cpt_news"}],"wp:featuredmedia":[{"embeddable":true,"href":"https:\/\/whatthefrance.org\/fr\/wp-json\/wp\/v2\/media\/4157"}],"wp:attachment":[{"href":"https:\/\/whatthefrance.org\/fr\/wp-json\/wp\/v2\/media?parent=3992"}],"wp:term":[{"taxonomy":"tax_category_a","embeddable":true,"href":"https:\/\/whatthefrance.org\/fr\/wp-json\/wp\/v2\/tax_category_a?post=3992"},{"taxonomy":"tax_genre","embeddable":true,"href":"https:\/\/whatthefrance.org\/fr\/wp-json\/wp\/v2\/tax_genre?post=3992"}],"curies":[{"name":"wp","href":"https:\/\/api.w.org\/{rel}","templated":true}]}}