{"id":11635,"date":"2019-10-09T09:41:06","date_gmt":"2019-10-09T07:41:06","guid":{"rendered":"https:\/\/whatthefrance.org\/?p=11635"},"modified":"2019-10-09T11:45:15","modified_gmt":"2019-10-09T09:45:15","slug":"papooz-tournee-en-allemagne","status":"publish","type":"post","link":"https:\/\/whatthefrance.org\/fr\/papooz-tournee-en-allemagne\/","title":{"rendered":"Papooz | Tourn\u00e9e en Allemagne"},"content":{"rendered":"<p>Plus de six mois apr\u00e8s la sortie de leur nouvel album <strong><em>Night Sketches<\/em><\/strong>, <strong><a href=\"https:\/\/www.facebook.com\/papoozband\/\" target=\"_blank\" rel=\"noopener noreferrer\">Papooz<\/a><\/strong> offre deux concerts \u00e0 son public allemand. De leur premier succ\u00e8s \u00ab\u00a0<a href=\"https:\/\/www.youtube.com\/watch?v=C7L0eNPge98\" target=\"_blank\" rel=\"noopener noreferrer\">Ann Wants To Dance<\/a>\u00ab\u00a0, avec laquelle <strong>Ulysse Cottin<\/strong> et <strong>Armand Penicaut<\/strong> ont pos\u00e9 la premi\u00e8re pierre de leur \u00e9criture commune, \u00e0 l&rsquo;actuel \u00ab\u00a0<a href=\"https:\/\/www.youtube.com\/watch?v=R0q4U668L3E\" target=\"_blank\" rel=\"noopener noreferrer\">Theatrical State Of Mind<\/a>\u00a0\u00bb avec sa basse funky, chaque morceau t\u00e9moigne d&rsquo;une volont\u00e9 de danser.<\/p>\n<p><iframe loading=\"lazy\" title=\"Papooz - Theatrical State of Mind (Official Music Video)\" width=\"500\" height=\"281\" src=\"https:\/\/www.youtube.com\/embed\/R0q4U668L3E?feature=oembed\" frameborder=\"0\" allow=\"accelerometer; autoplay; clipboard-write; encrypted-media; gyroscope; picture-in-picture; web-share\" referrerpolicy=\"strict-origin-when-cross-origin\" allowfullscreen><\/iframe><\/p>\n<p>Le duo a affin\u00e9 le groove de leur premier album <em><strong>Green Juice <\/strong><\/em>dans le deuxi\u00e8me album. Avec\u00a0<em><strong>Night Sketche<\/strong><strong>s,\u00a0<\/strong><\/em>vous d\u00e9couvrez le voyage d&rsquo;un homme qui rencontre toutes sortes d&rsquo;\u00e9motions, de l&rsquo;inconfort, l&rsquo;amour, \u00e0 la m\u00e9lancolie. Plus sombre peut-\u00eatre et un peu plus \u00e9lectronique, gr\u00e2ce \u00e0 une production m\u00e9ticuleuse et une l&rsquo;\u00e9criture compacte.\u00a0Ici, le travail est plus pr\u00e9cis sans rien perdre de la l\u00e9g\u00e8ret\u00e9 et du rythme. Papooz comble le foss\u00e9 entre la \u00ab\u00a0pop vintage\u00a0\u00bb de Steely Dan et la \u00ab\u00a0pop synth\u00e9\u00a0\u00bb des Pet Shop Boys et d\u00e9veloppe leur propre cosmos musical. Ne manquez pas leurs concerts en Allemagne !<\/p>\n<div class=\"playListBloc singleBloc\"><div class=\"playListBloc-wrap\">    <div class=\"thumbnail\"><img data-src=\"https:\/\/whatthefrance.org\/wp-content\/uploads\/2018\/11\/TEMPLATE-POCHETTE-GENRE-pop-Louane-254x254.jpg\" class=\"lazyload\" alt=\"TEMPLATE POCHETTE GENRE &#8211; pop &#8211; Louane\" \/>    <\/div>    <div class=\"infos\">        <span class=\"tag\">Genres<\/span>        <h2>Pop The Champagne<\/h2>        <span class=\"separator\"><\/span>       <span class=\"desc\">Listen to the latest pop music hits made in France.<\/span><div class=\"share flex flexAlignCenter \">\t<span class=\"label\">Partager<\/span>\t<a href=\"https:\/\/www.facebook.com\/sharer\/sharer.php?u=https:\/\/whatthefrance.org\/fr\/playlists\/pop-the-champagne\/\" class=\"facebook\" target=\"_blank\" rel=\"noreferrer\">Facebook<\/a>\t<a href=\"https:\/\/twitter.com\/intent\/tweet?url=https:\/\/whatthefrance.org\/fr\/playlists\/pop-the-champagne\/&text=Pop+The+Champagne&hashtags=WTF\" class=\"twitter\" target=\"_blank\" rel=\"noreferrer\">Twitter<\/a>\t<a href=\"mailto:?subject=What%20the%20France%20%3A%20Pop%20The%20Champagne&body=https:\/\/whatthefrance.org\/fr\/playlists\/pop-the-champagne\/\" class=\"mail\" target=\"_blank\" rel=\"noreferrer\">Email<\/a><\/div>        <a href=\"#\" class=\"btn btnPlaylist orange playlist-click\" data-id=\"910\">            <svg version=\"1.1\" x=\"0px\" y=\"0px\" width=\"40px\" height=\"40px\" viewBox=\"0 0 213.7 213.7\" enable-background=\"new 0 0 213.7 213.7\" xml:space=\"preserve\">                <polygon class=\"triangle\" fill=\"none\" stroke-width=\"10\" stroke-linecap=\"round\" stroke-linejoin=\"round\" stroke-miterlimit=\"10\" points=\"\n            73.5,62.5 148.5,105.8 73.5,149.1 \"\/>                <circle class=\"circle\" fill=\"none\"  stroke-width=\"8\" stroke-linecap=\"round\" stroke-linejoin=\"round\" stroke-miterlimit=\"10\" cx=\"106.8\" cy=\"106.8\" r=\"103.3\"\/>                <circle class=\"circle-white\" fill=\"none\"  stroke-width=\"8\" stroke-linecap=\"round\" stroke-linejoin=\"round\" stroke-miterlimit=\"10\" cx=\"106.8\" cy=\"106.8\" r=\"103.3\"\/>            <\/svg>Ecouter        <\/a>    <\/div>  <\/div><\/div>\n\n","protected":false},"excerpt":{"rendered":"<p>Plus de six mois apr\u00e8s la sortie de leur nouvel album Night Sketches, Papooz offre deux concerts \u00e0 son public allemand. De leur premier succ\u00e8s \u00ab\u00a0Ann Wants To Dance\u00ab\u00a0, avec laquelle Ulysse Cottin et Armand Penicaut ont pos\u00e9 la premi\u00e8re pierre de leur \u00e9criture commune, \u00e0 l&rsquo;actuel \u00ab\u00a0Theatrical State Of Mind\u00a0\u00bb avec sa basse funky, [&hellip;]<\/p>\n","protected":false},"author":6,"featured_media":0,"comment_status":"closed","ping_status":"closed","sticky":false,"template":"","format":"standard","meta":{"_acf_changed":false,"footnotes":""},"categories":[213],"tags":[1003],"class_list":["post-11635","post","type-post","status-publish","format-standard","hentry","category-event-fr","tag-synth-pop-fr"],"acf":[],"yoast_head":"<!-- This site is optimized with the Yoast SEO plugin v27.3 - https:\/\/yoast.com\/product\/yoast-seo-wordpress\/ -->\n<title>Papooz | Tourn\u00e9e en Allemagne - What the France<\/title>\n<meta name=\"robots\" content=\"index, follow, max-snippet:-1, max-image-preview:large, max-video-preview:-1\" \/>\n<link rel=\"canonical\" href=\"https:\/\/whatthefrance.org\/fr\/papooz-tournee-en-allemagne\/\" \/>\n<meta property=\"og:locale\" content=\"fr_FR\" \/>\n<meta property=\"og:type\" content=\"article\" \/>\n<meta property=\"og:title\" content=\"Papooz | Tourn\u00e9e en Allemagne - What the France\" \/>\n<meta property=\"og:description\" content=\"Plus de six mois apr\u00e8s la sortie de leur nouvel album Night Sketches, Papooz offre deux concerts \u00e0 son public allemand. De leur premier succ\u00e8s \u00ab\u00a0Ann Wants To Dance\u00ab\u00a0, avec laquelle Ulysse Cottin et Armand Penicaut ont pos\u00e9 la premi\u00e8re pierre de leur \u00e9criture commune, \u00e0 l&rsquo;actuel \u00ab\u00a0Theatrical State Of Mind\u00a0\u00bb avec sa basse funky, [&hellip;]\" \/>\n<meta property=\"og:url\" content=\"https:\/\/whatthefrance.org\/fr\/papooz-tournee-en-allemagne\/\" \/>\n<meta property=\"og:site_name\" content=\"What the France\" \/>\n<meta property=\"article:published_time\" content=\"2019-10-09T07:41:06+00:00\" \/>\n<meta property=\"article:modified_time\" content=\"2019-10-09T09:45:15+00:00\" \/>\n<meta property=\"og:image\" content=\"https:\/\/whatthefrance.org\/wp-content\/uploads\/2019\/10\/Papooz.jpg\" \/>\n\t<meta property=\"og:image:width\" content=\"3130\" \/>\n\t<meta property=\"og:image:height\" content=\"2075\" \/>\n<meta name=\"author\" content=\"Marie-Sophie Administrateur\" \/>\n<meta name=\"twitter:card\" content=\"summary_large_image\" \/>\n<meta name=\"twitter:label1\" content=\"\u00c9crit par\" \/>\n\t<meta name=\"twitter:data1\" content=\"Marie-Sophie Administrateur\" \/>\n\t<meta name=\"twitter:label2\" content=\"Dur\u00e9e de lecture estim\u00e9e\" \/>\n\t<meta name=\"twitter:data2\" content=\"1 minute\" \/>\n<script type=\"application\/ld+json\" class=\"yoast-schema-graph\">{\"@context\":\"https:\\\/\\\/schema.org\",\"@graph\":[{\"@type\":\"Article\",\"@id\":\"https:\\\/\\\/whatthefrance.org\\\/fr\\\/papooz-tournee-en-allemagne\\\/#article\",\"isPartOf\":{\"@id\":\"https:\\\/\\\/whatthefrance.org\\\/fr\\\/papooz-tournee-en-allemagne\\\/\"},\"author\":{\"name\":\"Marie-Sophie Administrateur\",\"@id\":\"https:\\\/\\\/whatthefrance.org\\\/fr\\\/#\\\/schema\\\/person\\\/3b7ea6fb70b536503b3e8c909c564a81\"},\"headline\":\"Papooz | Tourn\u00e9e en Allemagne\",\"datePublished\":\"2019-10-09T07:41:06+00:00\",\"dateModified\":\"2019-10-09T09:45:15+00:00\",\"mainEntityOfPage\":{\"@id\":\"https:\\\/\\\/whatthefrance.org\\\/fr\\\/papooz-tournee-en-allemagne\\\/\"},\"wordCount\":200,\"publisher\":{\"@id\":\"https:\\\/\\\/whatthefrance.org\\\/fr\\\/#organization\"},\"keywords\":[\"Synth Pop\"],\"articleSection\":[\"Event\"],\"inLanguage\":\"fr-FR\"},{\"@type\":\"WebPage\",\"@id\":\"https:\\\/\\\/whatthefrance.org\\\/fr\\\/papooz-tournee-en-allemagne\\\/\",\"url\":\"https:\\\/\\\/whatthefrance.org\\\/fr\\\/papooz-tournee-en-allemagne\\\/\",\"name\":\"Papooz | Tourn\u00e9e en Allemagne - What the France\",\"isPartOf\":{\"@id\":\"https:\\\/\\\/whatthefrance.org\\\/fr\\\/#website\"},\"datePublished\":\"2019-10-09T07:41:06+00:00\",\"dateModified\":\"2019-10-09T09:45:15+00:00\",\"breadcrumb\":{\"@id\":\"https:\\\/\\\/whatthefrance.org\\\/fr\\\/papooz-tournee-en-allemagne\\\/#breadcrumb\"},\"inLanguage\":\"fr-FR\",\"potentialAction\":[{\"@type\":\"ReadAction\",\"target\":[\"https:\\\/\\\/whatthefrance.org\\\/fr\\\/papooz-tournee-en-allemagne\\\/\"]}]},{\"@type\":\"BreadcrumbList\",\"@id\":\"https:\\\/\\\/whatthefrance.org\\\/fr\\\/papooz-tournee-en-allemagne\\\/#breadcrumb\",\"itemListElement\":[{\"@type\":\"ListItem\",\"position\":1,\"name\":\"Home\",\"item\":\"https:\\\/\\\/whatthefrance.org\\\/fr\\\/\"},{\"@type\":\"ListItem\",\"position\":2,\"name\":\"Papooz | Tourn\u00e9e en Allemagne\"}]},{\"@type\":\"WebSite\",\"@id\":\"https:\\\/\\\/whatthefrance.org\\\/fr\\\/#website\",\"url\":\"https:\\\/\\\/whatthefrance.org\\\/fr\\\/\",\"name\":\"What the France\",\"description\":\"The finest music made in France !\",\"publisher\":{\"@id\":\"https:\\\/\\\/whatthefrance.org\\\/fr\\\/#organization\"},\"potentialAction\":[{\"@type\":\"SearchAction\",\"target\":{\"@type\":\"EntryPoint\",\"urlTemplate\":\"https:\\\/\\\/whatthefrance.org\\\/fr\\\/?s={search_term_string}\"},\"query-input\":{\"@type\":\"PropertyValueSpecification\",\"valueRequired\":true,\"valueName\":\"search_term_string\"}}],\"inLanguage\":\"fr-FR\"},{\"@type\":\"Organization\",\"@id\":\"https:\\\/\\\/whatthefrance.org\\\/fr\\\/#organization\",\"name\":\"What The France\",\"url\":\"https:\\\/\\\/whatthefrance.org\\\/fr\\\/\",\"logo\":{\"@type\":\"ImageObject\",\"inLanguage\":\"fr-FR\",\"@id\":\"https:\\\/\\\/whatthefrance.org\\\/fr\\\/#\\\/schema\\\/logo\\\/image\\\/\",\"url\":\"https:\\\/\\\/whatthefrance.org\\\/wp-content\\\/uploads\\\/2019\\\/12\\\/44688719_2251580388408837_694180218134331392_n-e1577679609190.png\",\"contentUrl\":\"https:\\\/\\\/whatthefrance.org\\\/wp-content\\\/uploads\\\/2019\\\/12\\\/44688719_2251580388408837_694180218134331392_n-e1577679609190.png\",\"width\":200,\"height\":200,\"caption\":\"What The France\"},\"image\":{\"@id\":\"https:\\\/\\\/whatthefrance.org\\\/fr\\\/#\\\/schema\\\/logo\\\/image\\\/\"}},{\"@type\":\"Person\",\"@id\":\"https:\\\/\\\/whatthefrance.org\\\/fr\\\/#\\\/schema\\\/person\\\/3b7ea6fb70b536503b3e8c909c564a81\",\"name\":\"Marie-Sophie Administrateur\",\"image\":{\"@type\":\"ImageObject\",\"inLanguage\":\"fr-FR\",\"@id\":\"https:\\\/\\\/secure.gravatar.com\\\/avatar\\\/d57e4552c73c8713409cd3c2de53bdb5d220ebdd76dc7ba351b2dbae89f5afa9?s=96&d=mm&r=g\",\"url\":\"https:\\\/\\\/secure.gravatar.com\\\/avatar\\\/d57e4552c73c8713409cd3c2de53bdb5d220ebdd76dc7ba351b2dbae89f5afa9?s=96&d=mm&r=g\",\"contentUrl\":\"https:\\\/\\\/secure.gravatar.com\\\/avatar\\\/d57e4552c73c8713409cd3c2de53bdb5d220ebdd76dc7ba351b2dbae89f5afa9?s=96&d=mm&r=g\",\"caption\":\"Marie-Sophie Administrateur\"}}]}<\/script>\n<!-- \/ Yoast SEO plugin. -->","yoast_head_json":{"title":"Papooz | Tourn\u00e9e en Allemagne - What the France","robots":{"index":"index","follow":"follow","max-snippet":"max-snippet:-1","max-image-preview":"max-image-preview:large","max-video-preview":"max-video-preview:-1"},"canonical":"https:\/\/whatthefrance.org\/fr\/papooz-tournee-en-allemagne\/","og_locale":"fr_FR","og_type":"article","og_title":"Papooz | Tourn\u00e9e en Allemagne - What the France","og_description":"Plus de six mois apr\u00e8s la sortie de leur nouvel album Night Sketches, Papooz offre deux concerts \u00e0 son public allemand. De leur premier succ\u00e8s \u00ab\u00a0Ann Wants To Dance\u00ab\u00a0, avec laquelle Ulysse Cottin et Armand Penicaut ont pos\u00e9 la premi\u00e8re pierre de leur \u00e9criture commune, \u00e0 l&rsquo;actuel \u00ab\u00a0Theatrical State Of Mind\u00a0\u00bb avec sa basse funky, [&hellip;]","og_url":"https:\/\/whatthefrance.org\/fr\/papooz-tournee-en-allemagne\/","og_site_name":"What the France","article_published_time":"2019-10-09T07:41:06+00:00","article_modified_time":"2019-10-09T09:45:15+00:00","og_image":[{"url":"https:\/\/whatthefrance.org\/wp-content\/uploads\/2019\/10\/Papooz.jpg","height":2075,"width":3130,"type":""}],"author":"Marie-Sophie Administrateur","twitter_card":"summary_large_image","twitter_misc":{"\u00c9crit par":"Marie-Sophie Administrateur","Dur\u00e9e de lecture estim\u00e9e":"1 minute"},"schema":{"@context":"https:\/\/schema.org","@graph":[{"@type":"Article","@id":"https:\/\/whatthefrance.org\/fr\/papooz-tournee-en-allemagne\/#article","isPartOf":{"@id":"https:\/\/whatthefrance.org\/fr\/papooz-tournee-en-allemagne\/"},"author":{"name":"Marie-Sophie Administrateur","@id":"https:\/\/whatthefrance.org\/fr\/#\/schema\/person\/3b7ea6fb70b536503b3e8c909c564a81"},"headline":"Papooz | Tourn\u00e9e en Allemagne","datePublished":"2019-10-09T07:41:06+00:00","dateModified":"2019-10-09T09:45:15+00:00","mainEntityOfPage":{"@id":"https:\/\/whatthefrance.org\/fr\/papooz-tournee-en-allemagne\/"},"wordCount":200,"publisher":{"@id":"https:\/\/whatthefrance.org\/fr\/#organization"},"keywords":["Synth Pop"],"articleSection":["Event"],"inLanguage":"fr-FR"},{"@type":"WebPage","@id":"https:\/\/whatthefrance.org\/fr\/papooz-tournee-en-allemagne\/","url":"https:\/\/whatthefrance.org\/fr\/papooz-tournee-en-allemagne\/","name":"Papooz | Tourn\u00e9e en Allemagne - What the France","isPartOf":{"@id":"https:\/\/whatthefrance.org\/fr\/#website"},"datePublished":"2019-10-09T07:41:06+00:00","dateModified":"2019-10-09T09:45:15+00:00","breadcrumb":{"@id":"https:\/\/whatthefrance.org\/fr\/papooz-tournee-en-allemagne\/#breadcrumb"},"inLanguage":"fr-FR","potentialAction":[{"@type":"ReadAction","target":["https:\/\/whatthefrance.org\/fr\/papooz-tournee-en-allemagne\/"]}]},{"@type":"BreadcrumbList","@id":"https:\/\/whatthefrance.org\/fr\/papooz-tournee-en-allemagne\/#breadcrumb","itemListElement":[{"@type":"ListItem","position":1,"name":"Home","item":"https:\/\/whatthefrance.org\/fr\/"},{"@type":"ListItem","position":2,"name":"Papooz | Tourn\u00e9e en Allemagne"}]},{"@type":"WebSite","@id":"https:\/\/whatthefrance.org\/fr\/#website","url":"https:\/\/whatthefrance.org\/fr\/","name":"What the France","description":"The finest music made in France !","publisher":{"@id":"https:\/\/whatthefrance.org\/fr\/#organization"},"potentialAction":[{"@type":"SearchAction","target":{"@type":"EntryPoint","urlTemplate":"https:\/\/whatthefrance.org\/fr\/?s={search_term_string}"},"query-input":{"@type":"PropertyValueSpecification","valueRequired":true,"valueName":"search_term_string"}}],"inLanguage":"fr-FR"},{"@type":"Organization","@id":"https:\/\/whatthefrance.org\/fr\/#organization","name":"What The France","url":"https:\/\/whatthefrance.org\/fr\/","logo":{"@type":"ImageObject","inLanguage":"fr-FR","@id":"https:\/\/whatthefrance.org\/fr\/#\/schema\/logo\/image\/","url":"https:\/\/whatthefrance.org\/wp-content\/uploads\/2019\/12\/44688719_2251580388408837_694180218134331392_n-e1577679609190.png","contentUrl":"https:\/\/whatthefrance.org\/wp-content\/uploads\/2019\/12\/44688719_2251580388408837_694180218134331392_n-e1577679609190.png","width":200,"height":200,"caption":"What The France"},"image":{"@id":"https:\/\/whatthefrance.org\/fr\/#\/schema\/logo\/image\/"}},{"@type":"Person","@id":"https:\/\/whatthefrance.org\/fr\/#\/schema\/person\/3b7ea6fb70b536503b3e8c909c564a81","name":"Marie-Sophie Administrateur","image":{"@type":"ImageObject","inLanguage":"fr-FR","@id":"https:\/\/secure.gravatar.com\/avatar\/d57e4552c73c8713409cd3c2de53bdb5d220ebdd76dc7ba351b2dbae89f5afa9?s=96&d=mm&r=g","url":"https:\/\/secure.gravatar.com\/avatar\/d57e4552c73c8713409cd3c2de53bdb5d220ebdd76dc7ba351b2dbae89f5afa9?s=96&d=mm&r=g","contentUrl":"https:\/\/secure.gravatar.com\/avatar\/d57e4552c73c8713409cd3c2de53bdb5d220ebdd76dc7ba351b2dbae89f5afa9?s=96&d=mm&r=g","caption":"Marie-Sophie Administrateur"}}]}},"_links":{"self":[{"href":"https:\/\/whatthefrance.org\/fr\/wp-json\/wp\/v2\/posts\/11635","targetHints":{"allow":["GET"]}}],"collection":[{"href":"https:\/\/whatthefrance.org\/fr\/wp-json\/wp\/v2\/posts"}],"about":[{"href":"https:\/\/whatthefrance.org\/fr\/wp-json\/wp\/v2\/types\/post"}],"author":[{"embeddable":true,"href":"https:\/\/whatthefrance.org\/fr\/wp-json\/wp\/v2\/users\/6"}],"replies":[{"embeddable":true,"href":"https:\/\/whatthefrance.org\/fr\/wp-json\/wp\/v2\/comments?post=11635"}],"version-history":[{"count":14,"href":"https:\/\/whatthefrance.org\/fr\/wp-json\/wp\/v2\/posts\/11635\/revisions"}],"predecessor-version":[{"id":11708,"href":"https:\/\/whatthefrance.org\/fr\/wp-json\/wp\/v2\/posts\/11635\/revisions\/11708"}],"wp:attachment":[{"href":"https:\/\/whatthefrance.org\/fr\/wp-json\/wp\/v2\/media?parent=11635"}],"wp:term":[{"taxonomy":"category","embeddable":true,"href":"https:\/\/whatthefrance.org\/fr\/wp-json\/wp\/v2\/categories?post=11635"},{"taxonomy":"post_tag","embeddable":true,"href":"https:\/\/whatthefrance.org\/fr\/wp-json\/wp\/v2\/tags?post=11635"}],"curies":[{"name":"wp","href":"https:\/\/api.w.org\/{rel}","templated":true}]}}