{"id":12195,"date":"2019-10-29T17:33:51","date_gmt":"2019-10-29T16:33:51","guid":{"rendered":"https:\/\/whatthefrance.org\/?p=12195"},"modified":"2019-11-15T15:40:42","modified_gmt":"2019-11-15T14:40:42","slug":"what-the-france-festival-2019-6eme-edition","status":"publish","type":"post","link":"https:\/\/whatthefrance.org\/fr\/what-the-france-festival-2019-6eme-edition\/","title":{"rendered":"What the France Festival 2019 | 6\u00e8me \u00e9dition"},"content":{"rendered":"<p><span class=\"im\">What the France s&rsquo;associe \u00e0 <a href=\"https:\/\/www.fluxfm.de\/\" target=\"_blank\" rel=\"noopener noreferrer\">FluxFM<\/a> et <a href=\"https:\/\/www.kaltblut-magazine.com\/\" target=\"_blank\" rel=\"noopener noreferrer\">Kaltblut<\/a> \u00e0 l&rsquo;occasion de la 6\u00e8me \u00e9dition du festival What the France<b>. <\/b><\/span>Ce soir-l\u00e0, sur la sc\u00e8ne de <a href=\"https:\/\/www.google.de\/maps\/place\/FluxBau\/@52.5029888,13.4390503,17z\/data=!3m1!4b1!4m5!3m4!1s0x47a84e4e50fb3bab:0xd2af31565466568!8m2!3d52.5029888!4d13.4412443\" target=\"_blank\" rel=\"noopener noreferrer\">FluxBau<\/a>, trois groupes \u00ab\u00a0made in France\u00a0\u00bb se pr\u00e9senteront au public : le compositeur et producteur <a href=\"https:\/\/www.facebook.com\/m.i.l.k.4eva\/\" target=\"_blank\" rel=\"noopener noreferrer\"><b>M.I.L.K.<\/b><\/a> avec sa r\u00e9tro-pop estivale et groovy, <a href=\"https:\/\/www.facebook.com\/BUVETTE-106025589450783\/\" target=\"_blank\" rel=\"noopener noreferrer\"><b>Buvette<\/b><\/a> avec son \u00e9lectro-synth-pop cosmique et la pop-\u00e9lectro de <strong><a href=\"https:\/\/www.facebook.com\/suzanemusique\/\" target=\"_blank\" rel=\"noopener noreferrer\">Suzane<\/a><\/strong>. La particularit\u00e9 : aucun billet ne sera vendu pour le festival ! La seule fa\u00e7on d&rsquo;obtenir des billets est de participer au jeu-concours ou par le biais de nos partenaires m\u00e9dias FluxFM et Kaltblut !<\/p>\n<p>&nbsp;<\/p>\n<p><img decoding=\"async\" class=\"size-medium wp-image-12032 alignleft\" src=\"https:\/\/whatthefrance.org\/wp-content\/uploads\/2019\/10\/img196-300x238.jpg\" alt=\"\" width=\"300\" height=\"238\" srcset=\"https:\/\/whatthefrance.org\/wp-content\/uploads\/2019\/10\/img196-300x238.jpg 300w, https:\/\/whatthefrance.org\/wp-content\/uploads\/2019\/10\/img196-768x610.jpg 768w, https:\/\/whatthefrance.org\/wp-content\/uploads\/2019\/10\/img196-1024x814.jpg 1024w, https:\/\/whatthefrance.org\/wp-content\/uploads\/2019\/10\/img196.jpg 1586w\" sizes=\"(max-width: 300px) 100vw, 300px\" \/><\/p>\n<p>L&rsquo;auteur-compositeur et producteur Emil Wilk et son projet <a href=\"https:\/\/www.facebook.com\/m.i.l.k.4eva\/\" target=\"_blank\" rel=\"noopener noreferrer\">M.I.L.K<\/a>. ont grandi \u00e0 Bornholm, une petite \u00eele volcanique danoise situ\u00e9e au milieu de la mer Baltique. Au sein de la sc\u00e8ne culturelle de Copenhague, il gagne sa vie en tant que r\u00e9alisateur de documentaires, de films pour enfants, de publicit\u00e9s et de vid\u00e9oclips. Avec ses deux premiers EP, M.I.L.K. a d\u00e9j\u00e0 enregistr\u00e9 15 millions de vues dans le monde. La presse internationale comme NME, CLASH, Hype Machine, NOWNESS et autres c\u00e9l\u00e8brent sa musique. Son dernier single \u00ab\u00a0Summer Freckles\u00a0\u00bb vient de sortir.<\/p>\n<div class=\"playListBloc singleBloc\"><div class=\"playListBloc-wrap\">    <div class=\"thumbnail\"><img data-src=\"https:\/\/whatthefrance.org\/wp-content\/uploads\/2019\/10\/WTF-Pochettes_M.I.L.K.-254x254.jpg\" class=\"lazyload\" alt=\"WTF &#8211; Pochettes_M.I.L.K.\" \/>    <\/div>    <div class=\"infos\">        <span class=\"tag\">Curators<\/span>        <h2>A Made In France Selection By M.I.L.K.<\/h2>        <span class=\"separator\"><\/span>       <span class=\"desc\">Discover a selection of made in France tracks, handpicked by M.I.L.K ! Pic @ M.I.L.K.<\/span><div class=\"share flex flexAlignCenter \">\t<span class=\"label\">Partager<\/span>\t<a href=\"https:\/\/www.facebook.com\/sharer\/sharer.php?u=https:\/\/whatthefrance.org\/fr\/playlists\/a-made-in-france-selection-by-m-i-l-k\/\" class=\"facebook\" target=\"_blank\" rel=\"noreferrer\">Facebook<\/a>\t<a href=\"https:\/\/twitter.com\/intent\/tweet?url=https:\/\/whatthefrance.org\/fr\/playlists\/a-made-in-france-selection-by-m-i-l-k\/&text=A+Made+In+France+Selection+By+M.I.L.K.&hashtags=WTF\" class=\"twitter\" target=\"_blank\" rel=\"noreferrer\">Twitter<\/a>\t<a href=\"mailto:?subject=What%20the%20France%20%3A%20A%20Made%20In%20France%20Selection%20By%20M.I.L.K.&body=https:\/\/whatthefrance.org\/fr\/playlists\/a-made-in-france-selection-by-m-i-l-k\/\" class=\"mail\" target=\"_blank\" rel=\"noreferrer\">Email<\/a><\/div>        <a href=\"#\" class=\"btn btnPlaylist orange playlist-click\" data-id=\"12183\">            <svg version=\"1.1\" x=\"0px\" y=\"0px\" width=\"40px\" height=\"40px\" viewBox=\"0 0 213.7 213.7\" enable-background=\"new 0 0 213.7 213.7\" xml:space=\"preserve\">                <polygon class=\"triangle\" fill=\"none\" stroke-width=\"10\" stroke-linecap=\"round\" stroke-linejoin=\"round\" stroke-miterlimit=\"10\" points=\"\n            73.5,62.5 148.5,105.8 73.5,149.1 \"\/>                <circle class=\"circle\" fill=\"none\"  stroke-width=\"8\" stroke-linecap=\"round\" stroke-linejoin=\"round\" stroke-miterlimit=\"10\" cx=\"106.8\" cy=\"106.8\" r=\"103.3\"\/>                <circle class=\"circle-white\" fill=\"none\"  stroke-width=\"8\" stroke-linecap=\"round\" stroke-linejoin=\"round\" stroke-miterlimit=\"10\" cx=\"106.8\" cy=\"106.8\" r=\"103.3\"\/>            <\/svg>Ecouter        <\/a>    <\/div>  <\/div><\/div>\n<p>&nbsp;<\/p>\n<p>&nbsp;<\/p>\n<p><img decoding=\"async\" class=\"size-medium wp-image-12036 alignright\" src=\"https:\/\/whatthefrance.org\/wp-content\/uploads\/2019\/10\/True-stories-300x300.jpg\" alt=\"\" width=\"300\" height=\"300\" srcset=\"https:\/\/whatthefrance.org\/wp-content\/uploads\/2019\/10\/True-stories-300x300.jpg 300w, https:\/\/whatthefrance.org\/wp-content\/uploads\/2019\/10\/True-stories-150x150.jpg 150w, https:\/\/whatthefrance.org\/wp-content\/uploads\/2019\/10\/True-stories-768x768.jpg 768w, https:\/\/whatthefrance.org\/wp-content\/uploads\/2019\/10\/True-stories-1024x1024.jpg 1024w, https:\/\/whatthefrance.org\/wp-content\/uploads\/2019\/10\/True-stories-452x452.jpg 452w, https:\/\/whatthefrance.org\/wp-content\/uploads\/2019\/10\/True-stories-348x348.jpg 348w, https:\/\/whatthefrance.org\/wp-content\/uploads\/2019\/10\/True-stories-254x254.jpg 254w, https:\/\/whatthefrance.org\/wp-content\/uploads\/2019\/10\/True-stories-170x170.jpg 170w, https:\/\/whatthefrance.org\/wp-content\/uploads\/2019\/10\/True-stories.jpg 1414w\" sizes=\"(max-width: 300px) 100vw, 300px\" \/><\/p>\n<p>Apr\u00e8s la sortie de son ambitieux album <em>Elasticity<\/em> en 2016, <a href=\"https:\/\/www.facebook.com\/pg\/BUVETTE-106025589450783\/posts\/?ref=page_internal\" target=\"_blank\" rel=\"noopener noreferrer\">Buvette<\/a> revient sur son label Pan European Recording comme un minimaliste convaincu. Le jeune Suisse a envie de partager avec nous : \u00e0 travers sa collaboration avec le producteur <strong>Apollo Noir<\/strong>, l&rsquo;une des derni\u00e8res d\u00e9couvertes du label ind\u00e9pendant Tigersushi, il a mis son projet sous un jour nouveau. L&rsquo;EP \u00ab\u00a0Life\u00a0\u00bb, sorti en mars 2019, pend comme un voile sur la sculpture de ce qui deviendra le nouvel album \u00e0 venir. Le nouveau single \u00ab\u00a0<a href=\"https:\/\/www.youtube.com\/watch?v=OATnHJrRyCQ\">True Stories<\/a>\u00a0\u00bb en offre d\u00e9j\u00e0 un avant-go\u00fbt. Buvette vit dans son propre continuum, \u00e9largit le temps pour l&rsquo;\u00e9ternit\u00e9 et sublime l&rsquo;espace entier dans le processus.<\/p>\n<div class=\"playListBloc singleBloc\"><div class=\"playListBloc-wrap\">    <div class=\"thumbnail\"><img data-src=\"https:\/\/whatthefrance.org\/wp-content\/uploads\/2019\/10\/WTF-Pochettes_BUVETTE-254x254.jpg\" class=\"lazyload\" alt=\"WTF &#8211; Pochettes_BUVETTE\" \/>    <\/div>    <div class=\"infos\">        <span class=\"tag\">Curators<\/span>        <h2>A Made In France Selection By Buvette<\/h2>        <span class=\"separator\"><\/span>       <span class=\"desc\">Discover a selection of made in France tracks, handpicked by  Buvette ! Pic @ Buvette<\/span><div class=\"share flex flexAlignCenter \">\t<span class=\"label\">Partager<\/span>\t<a href=\"https:\/\/www.facebook.com\/sharer\/sharer.php?u=https:\/\/whatthefrance.org\/fr\/playlists\/a-made-in-france-selection-by-buvette\/\" class=\"facebook\" target=\"_blank\" rel=\"noreferrer\">Facebook<\/a>\t<a href=\"https:\/\/twitter.com\/intent\/tweet?url=https:\/\/whatthefrance.org\/fr\/playlists\/a-made-in-france-selection-by-buvette\/&text=A+Made+In+France+Selection+By+Buvette&hashtags=WTF\" class=\"twitter\" target=\"_blank\" rel=\"noreferrer\">Twitter<\/a>\t<a href=\"mailto:?subject=What%20the%20France%20%3A%20A%20Made%20In%20France%20Selection%20By%20Buvette&body=https:\/\/whatthefrance.org\/fr\/playlists\/a-made-in-france-selection-by-buvette\/\" class=\"mail\" target=\"_blank\" rel=\"noreferrer\">Email<\/a><\/div>        <a href=\"#\" class=\"btn btnPlaylist orange playlist-click\" data-id=\"12175\">            <svg version=\"1.1\" x=\"0px\" y=\"0px\" width=\"40px\" height=\"40px\" viewBox=\"0 0 213.7 213.7\" enable-background=\"new 0 0 213.7 213.7\" xml:space=\"preserve\">                <polygon class=\"triangle\" fill=\"none\" stroke-width=\"10\" stroke-linecap=\"round\" stroke-linejoin=\"round\" stroke-miterlimit=\"10\" points=\"\n            73.5,62.5 148.5,105.8 73.5,149.1 \"\/>                <circle class=\"circle\" fill=\"none\"  stroke-width=\"8\" stroke-linecap=\"round\" stroke-linejoin=\"round\" stroke-miterlimit=\"10\" cx=\"106.8\" cy=\"106.8\" r=\"103.3\"\/>                <circle class=\"circle-white\" fill=\"none\"  stroke-width=\"8\" stroke-linecap=\"round\" stroke-linejoin=\"round\" stroke-miterlimit=\"10\" cx=\"106.8\" cy=\"106.8\" r=\"103.3\"\/>            <\/svg>Ecouter        <\/a>    <\/div>  <\/div><\/div>\n<p><img decoding=\"async\" class=\"size-medium wp-image-12389 alignleft\" src=\"https:\/\/whatthefrance.org\/wp-content\/uploads\/2019\/10\/SUZANE_POCHETTEPRESSE_BD-8-300x300.jpg\" alt=\"\" width=\"300\" height=\"300\" srcset=\"https:\/\/whatthefrance.org\/wp-content\/uploads\/2019\/10\/SUZANE_POCHETTEPRESSE_BD-8-300x300.jpg 300w, https:\/\/whatthefrance.org\/wp-content\/uploads\/2019\/10\/SUZANE_POCHETTEPRESSE_BD-8-150x150.jpg 150w, https:\/\/whatthefrance.org\/wp-content\/uploads\/2019\/10\/SUZANE_POCHETTEPRESSE_BD-8-768x768.jpg 768w, https:\/\/whatthefrance.org\/wp-content\/uploads\/2019\/10\/SUZANE_POCHETTEPRESSE_BD-8-1024x1024.jpg 1024w, https:\/\/whatthefrance.org\/wp-content\/uploads\/2019\/10\/SUZANE_POCHETTEPRESSE_BD-8-452x452.jpg 452w, https:\/\/whatthefrance.org\/wp-content\/uploads\/2019\/10\/SUZANE_POCHETTEPRESSE_BD-8-348x348.jpg 348w, https:\/\/whatthefrance.org\/wp-content\/uploads\/2019\/10\/SUZANE_POCHETTEPRESSE_BD-8-254x254.jpg 254w, https:\/\/whatthefrance.org\/wp-content\/uploads\/2019\/10\/SUZANE_POCHETTEPRESSE_BD-8-170x170.jpg 170w\" sizes=\"(max-width: 300px) 100vw, 300px\" \/><a href=\"https:\/\/www.facebook.com\/suzanemusique\/\" target=\"_blank\" rel=\"noopener noreferrer\">Suzane<\/a> se d\u00e9finit elle-m\u00eame comme une \u00ab conteuse d\u2019histoires vraies sur fond d\u2019\u00e9lectro \u00bb. Elle a la jeunesse lucide et libre, les mots et le corps comme moyens d\u2019expression. \u00c9lectron libre de cette nouvelle sc\u00e8ne \u00e9lectro\/chanson, Suzane \u00e9touffe les \u00e9vidences et chante ce que nous sommes.<\/p>\n<p>Apr\u00e8s avoir tourn\u00e9 au Japon et en Chine, Suzane viendra en Allemagne pour la premi\u00e8re fois pour le festival What the France.<\/p>\n<p>Le 28 novembre, FluxFM diffusera entre 15h00 et 16h00 une interview et une session live des trois artistes.<\/p>\n<p>Pour ne rien rater du What the France Festival, rendez-vous sur l&rsquo;<a href=\"https:\/\/www.facebook.com\/what.the.france.de\/\">\u00e9v\u00e8nement Facebook<\/a> qui lui est d\u00e9di\u00e9.<\/p>\n<div class=\"playListBloc singleBloc\"><div class=\"playListBloc-wrap\">    <div class=\"thumbnail\"><img data-src=\"https:\/\/whatthefrance.org\/wp-content\/uploads\/2019\/11\/WTF-Cover-Collab_Suzane-254x254.jpg\" class=\"lazyload\" alt=\"WTF&#8212;Cover-Collab_Suzane\" \/>    <\/div>    <div class=\"infos\">        <span class=\"tag\">Curators<\/span>        <h2>A Made In France Selection By Suzane<\/h2>        <span class=\"separator\"><\/span>       <span class=\"desc\">Listen to a selection of made in France tracks, handpicked by Suzane ! Pic @ Suzane.<\/span><div class=\"share flex flexAlignCenter \">\t<span class=\"label\">Partager<\/span>\t<a href=\"https:\/\/www.facebook.com\/sharer\/sharer.php?u=https:\/\/whatthefrance.org\/fr\/playlists\/a-made-in-france-selection-by-suzane\/\" class=\"facebook\" target=\"_blank\" rel=\"noreferrer\">Facebook<\/a>\t<a href=\"https:\/\/twitter.com\/intent\/tweet?url=https:\/\/whatthefrance.org\/fr\/playlists\/a-made-in-france-selection-by-suzane\/&text=A+Made+In+France+Selection+By+Suzane&hashtags=WTF\" class=\"twitter\" target=\"_blank\" rel=\"noreferrer\">Twitter<\/a>\t<a href=\"mailto:?subject=What%20the%20France%20%3A%20A%20Made%20In%20France%20Selection%20By%20Suzane&body=https:\/\/whatthefrance.org\/fr\/playlists\/a-made-in-france-selection-by-suzane\/\" class=\"mail\" target=\"_blank\" rel=\"noreferrer\">Email<\/a><\/div>        <a href=\"#\" class=\"btn btnPlaylist orange playlist-click\" data-id=\"12531\">            <svg version=\"1.1\" x=\"0px\" y=\"0px\" width=\"40px\" height=\"40px\" viewBox=\"0 0 213.7 213.7\" enable-background=\"new 0 0 213.7 213.7\" xml:space=\"preserve\">                <polygon class=\"triangle\" fill=\"none\" stroke-width=\"10\" stroke-linecap=\"round\" stroke-linejoin=\"round\" stroke-miterlimit=\"10\" points=\"\n            73.5,62.5 148.5,105.8 73.5,149.1 \"\/>                <circle class=\"circle\" fill=\"none\"  stroke-width=\"8\" stroke-linecap=\"round\" stroke-linejoin=\"round\" stroke-miterlimit=\"10\" cx=\"106.8\" cy=\"106.8\" r=\"103.3\"\/>                <circle class=\"circle-white\" fill=\"none\"  stroke-width=\"8\" stroke-linecap=\"round\" stroke-linejoin=\"round\" stroke-miterlimit=\"10\" cx=\"106.8\" cy=\"106.8\" r=\"103.3\"\/>            <\/svg>Ecouter        <\/a>    <\/div>  <\/div><\/div>\n","protected":false},"excerpt":{"rendered":"<p>What the France s&rsquo;associe \u00e0 FluxFM et Kaltblut \u00e0 l&rsquo;occasion de la 6\u00e8me \u00e9dition du festival What the France. Ce soir-l\u00e0, sur la sc\u00e8ne de FluxBau, trois groupes \u00ab\u00a0made in France\u00a0\u00bb se pr\u00e9senteront au public : le compositeur et producteur M.I.L.K. avec sa r\u00e9tro-pop estivale et groovy, Buvette avec son \u00e9lectro-synth-pop cosmique et la pop-\u00e9lectro [&hellip;]<\/p>\n","protected":false},"author":6,"featured_media":0,"comment_status":"closed","ping_status":"closed","sticky":false,"template":"","format":"standard","meta":{"_acf_changed":false,"footnotes":""},"categories":[213],"tags":[303,323,340],"class_list":["post-12195","post","type-post","status-publish","format-standard","hentry","category-event-fr","tag-alternative-fr","tag-electronic-fr","tag-pop-fr"],"acf":[],"yoast_head":"<!-- This site is optimized with the Yoast SEO plugin v27.3 - https:\/\/yoast.com\/product\/yoast-seo-wordpress\/ -->\n<title>What the France Festival 2019 | 6\u00e8me \u00e9dition - What the France<\/title>\n<meta name=\"robots\" content=\"index, follow, max-snippet:-1, max-image-preview:large, max-video-preview:-1\" \/>\n<link rel=\"canonical\" href=\"https:\/\/whatthefrance.org\/fr\/what-the-france-festival-2019-6eme-edition\/\" \/>\n<meta property=\"og:locale\" content=\"fr_FR\" \/>\n<meta property=\"og:type\" content=\"article\" \/>\n<meta property=\"og:title\" content=\"What the France Festival 2019 | 6\u00e8me \u00e9dition - What the France\" \/>\n<meta property=\"og:description\" content=\"What the France s&rsquo;associe \u00e0 FluxFM et Kaltblut \u00e0 l&rsquo;occasion de la 6\u00e8me \u00e9dition du festival What the France. Ce soir-l\u00e0, sur la sc\u00e8ne de FluxBau, trois groupes \u00ab\u00a0made in France\u00a0\u00bb se pr\u00e9senteront au public : le compositeur et producteur M.I.L.K. avec sa r\u00e9tro-pop estivale et groovy, Buvette avec son \u00e9lectro-synth-pop cosmique et la pop-\u00e9lectro [&hellip;]\" \/>\n<meta property=\"og:url\" content=\"https:\/\/whatthefrance.org\/fr\/what-the-france-festival-2019-6eme-edition\/\" \/>\n<meta property=\"og:site_name\" content=\"What the France\" \/>\n<meta property=\"article:published_time\" content=\"2019-10-29T16:33:51+00:00\" \/>\n<meta property=\"article:modified_time\" content=\"2019-11-15T14:40:42+00:00\" \/>\n<meta property=\"og:image\" content=\"https:\/\/whatthefrance.org\/wp-content\/uploads\/2019\/10\/WTF_festival_2019_FACEBOOK_EVENT_Suzane.jpg\" \/>\n\t<meta property=\"og:image:width\" content=\"1942\" \/>\n\t<meta property=\"og:image:height\" content=\"1032\" \/><meta property=\"og:image\" content=\"https:\/\/whatthefrance.org\/wp-content\/uploads\/2019\/10\/img196-300x238.jpg\" \/>\n<meta name=\"author\" content=\"Marie-Sophie Administrateur\" \/>\n<meta name=\"twitter:card\" content=\"summary_large_image\" \/>\n<meta name=\"twitter:label1\" content=\"\u00c9crit par\" \/>\n\t<meta name=\"twitter:data1\" content=\"Marie-Sophie Administrateur\" \/>\n\t<meta name=\"twitter:label2\" content=\"Dur\u00e9e de lecture estim\u00e9e\" \/>\n\t<meta name=\"twitter:data2\" content=\"2 minutes\" \/>\n<script type=\"application\/ld+json\" class=\"yoast-schema-graph\">{\"@context\":\"https:\\\/\\\/schema.org\",\"@graph\":[{\"@type\":\"Article\",\"@id\":\"https:\\\/\\\/whatthefrance.org\\\/fr\\\/what-the-france-festival-2019-6eme-edition\\\/#article\",\"isPartOf\":{\"@id\":\"https:\\\/\\\/whatthefrance.org\\\/fr\\\/what-the-france-festival-2019-6eme-edition\\\/\"},\"author\":{\"name\":\"Marie-Sophie Administrateur\",\"@id\":\"https:\\\/\\\/whatthefrance.org\\\/fr\\\/#\\\/schema\\\/person\\\/3b7ea6fb70b536503b3e8c909c564a81\"},\"headline\":\"What the France Festival 2019 | 6\u00e8me \u00e9dition\",\"datePublished\":\"2019-10-29T16:33:51+00:00\",\"dateModified\":\"2019-11-15T14:40:42+00:00\",\"mainEntityOfPage\":{\"@id\":\"https:\\\/\\\/whatthefrance.org\\\/fr\\\/what-the-france-festival-2019-6eme-edition\\\/\"},\"wordCount\":441,\"publisher\":{\"@id\":\"https:\\\/\\\/whatthefrance.org\\\/fr\\\/#organization\"},\"image\":{\"@id\":\"https:\\\/\\\/whatthefrance.org\\\/fr\\\/what-the-france-festival-2019-6eme-edition\\\/#primaryimage\"},\"thumbnailUrl\":\"https:\\\/\\\/whatthefrance.org\\\/wp-content\\\/uploads\\\/2019\\\/10\\\/img196-300x238.jpg\",\"keywords\":[\"Alternative\",\"Electronic\",\"Pop\"],\"articleSection\":[\"Event\"],\"inLanguage\":\"fr-FR\"},{\"@type\":\"WebPage\",\"@id\":\"https:\\\/\\\/whatthefrance.org\\\/fr\\\/what-the-france-festival-2019-6eme-edition\\\/\",\"url\":\"https:\\\/\\\/whatthefrance.org\\\/fr\\\/what-the-france-festival-2019-6eme-edition\\\/\",\"name\":\"What the France Festival 2019 | 6\u00e8me \u00e9dition - What the France\",\"isPartOf\":{\"@id\":\"https:\\\/\\\/whatthefrance.org\\\/fr\\\/#website\"},\"primaryImageOfPage\":{\"@id\":\"https:\\\/\\\/whatthefrance.org\\\/fr\\\/what-the-france-festival-2019-6eme-edition\\\/#primaryimage\"},\"image\":{\"@id\":\"https:\\\/\\\/whatthefrance.org\\\/fr\\\/what-the-france-festival-2019-6eme-edition\\\/#primaryimage\"},\"thumbnailUrl\":\"https:\\\/\\\/whatthefrance.org\\\/wp-content\\\/uploads\\\/2019\\\/10\\\/img196-300x238.jpg\",\"datePublished\":\"2019-10-29T16:33:51+00:00\",\"dateModified\":\"2019-11-15T14:40:42+00:00\",\"breadcrumb\":{\"@id\":\"https:\\\/\\\/whatthefrance.org\\\/fr\\\/what-the-france-festival-2019-6eme-edition\\\/#breadcrumb\"},\"inLanguage\":\"fr-FR\",\"potentialAction\":[{\"@type\":\"ReadAction\",\"target\":[\"https:\\\/\\\/whatthefrance.org\\\/fr\\\/what-the-france-festival-2019-6eme-edition\\\/\"]}]},{\"@type\":\"ImageObject\",\"inLanguage\":\"fr-FR\",\"@id\":\"https:\\\/\\\/whatthefrance.org\\\/fr\\\/what-the-france-festival-2019-6eme-edition\\\/#primaryimage\",\"url\":\"https:\\\/\\\/whatthefrance.org\\\/wp-content\\\/uploads\\\/2019\\\/10\\\/img196-300x238.jpg\",\"contentUrl\":\"https:\\\/\\\/whatthefrance.org\\\/wp-content\\\/uploads\\\/2019\\\/10\\\/img196-300x238.jpg\"},{\"@type\":\"BreadcrumbList\",\"@id\":\"https:\\\/\\\/whatthefrance.org\\\/fr\\\/what-the-france-festival-2019-6eme-edition\\\/#breadcrumb\",\"itemListElement\":[{\"@type\":\"ListItem\",\"position\":1,\"name\":\"Home\",\"item\":\"https:\\\/\\\/whatthefrance.org\\\/fr\\\/\"},{\"@type\":\"ListItem\",\"position\":2,\"name\":\"What the France Festival 2019 | 6\u00e8me \u00e9dition\"}]},{\"@type\":\"WebSite\",\"@id\":\"https:\\\/\\\/whatthefrance.org\\\/fr\\\/#website\",\"url\":\"https:\\\/\\\/whatthefrance.org\\\/fr\\\/\",\"name\":\"What the France\",\"description\":\"The finest music made in France !\",\"publisher\":{\"@id\":\"https:\\\/\\\/whatthefrance.org\\\/fr\\\/#organization\"},\"potentialAction\":[{\"@type\":\"SearchAction\",\"target\":{\"@type\":\"EntryPoint\",\"urlTemplate\":\"https:\\\/\\\/whatthefrance.org\\\/fr\\\/?s={search_term_string}\"},\"query-input\":{\"@type\":\"PropertyValueSpecification\",\"valueRequired\":true,\"valueName\":\"search_term_string\"}}],\"inLanguage\":\"fr-FR\"},{\"@type\":\"Organization\",\"@id\":\"https:\\\/\\\/whatthefrance.org\\\/fr\\\/#organization\",\"name\":\"What The France\",\"url\":\"https:\\\/\\\/whatthefrance.org\\\/fr\\\/\",\"logo\":{\"@type\":\"ImageObject\",\"inLanguage\":\"fr-FR\",\"@id\":\"https:\\\/\\\/whatthefrance.org\\\/fr\\\/#\\\/schema\\\/logo\\\/image\\\/\",\"url\":\"https:\\\/\\\/whatthefrance.org\\\/wp-content\\\/uploads\\\/2019\\\/12\\\/44688719_2251580388408837_694180218134331392_n-e1577679609190.png\",\"contentUrl\":\"https:\\\/\\\/whatthefrance.org\\\/wp-content\\\/uploads\\\/2019\\\/12\\\/44688719_2251580388408837_694180218134331392_n-e1577679609190.png\",\"width\":200,\"height\":200,\"caption\":\"What The France\"},\"image\":{\"@id\":\"https:\\\/\\\/whatthefrance.org\\\/fr\\\/#\\\/schema\\\/logo\\\/image\\\/\"}},{\"@type\":\"Person\",\"@id\":\"https:\\\/\\\/whatthefrance.org\\\/fr\\\/#\\\/schema\\\/person\\\/3b7ea6fb70b536503b3e8c909c564a81\",\"name\":\"Marie-Sophie Administrateur\",\"image\":{\"@type\":\"ImageObject\",\"inLanguage\":\"fr-FR\",\"@id\":\"https:\\\/\\\/secure.gravatar.com\\\/avatar\\\/d57e4552c73c8713409cd3c2de53bdb5d220ebdd76dc7ba351b2dbae89f5afa9?s=96&d=mm&r=g\",\"url\":\"https:\\\/\\\/secure.gravatar.com\\\/avatar\\\/d57e4552c73c8713409cd3c2de53bdb5d220ebdd76dc7ba351b2dbae89f5afa9?s=96&d=mm&r=g\",\"contentUrl\":\"https:\\\/\\\/secure.gravatar.com\\\/avatar\\\/d57e4552c73c8713409cd3c2de53bdb5d220ebdd76dc7ba351b2dbae89f5afa9?s=96&d=mm&r=g\",\"caption\":\"Marie-Sophie Administrateur\"}}]}<\/script>\n<!-- \/ Yoast SEO plugin. -->","yoast_head_json":{"title":"What the France Festival 2019 | 6\u00e8me \u00e9dition - What the France","robots":{"index":"index","follow":"follow","max-snippet":"max-snippet:-1","max-image-preview":"max-image-preview:large","max-video-preview":"max-video-preview:-1"},"canonical":"https:\/\/whatthefrance.org\/fr\/what-the-france-festival-2019-6eme-edition\/","og_locale":"fr_FR","og_type":"article","og_title":"What the France Festival 2019 | 6\u00e8me \u00e9dition - What the France","og_description":"What the France s&rsquo;associe \u00e0 FluxFM et Kaltblut \u00e0 l&rsquo;occasion de la 6\u00e8me \u00e9dition du festival What the France. Ce soir-l\u00e0, sur la sc\u00e8ne de FluxBau, trois groupes \u00ab\u00a0made in France\u00a0\u00bb se pr\u00e9senteront au public : le compositeur et producteur M.I.L.K. avec sa r\u00e9tro-pop estivale et groovy, Buvette avec son \u00e9lectro-synth-pop cosmique et la pop-\u00e9lectro [&hellip;]","og_url":"https:\/\/whatthefrance.org\/fr\/what-the-france-festival-2019-6eme-edition\/","og_site_name":"What the France","article_published_time":"2019-10-29T16:33:51+00:00","article_modified_time":"2019-11-15T14:40:42+00:00","og_image":[{"url":"https:\/\/whatthefrance.org\/wp-content\/uploads\/2019\/10\/WTF_festival_2019_FACEBOOK_EVENT_Suzane.jpg","height":1032,"width":1942,"type":""},{"url":"https:\/\/whatthefrance.org\/wp-content\/uploads\/2019\/10\/img196-300x238.jpg","type":"","width":"","height":""}],"author":"Marie-Sophie Administrateur","twitter_card":"summary_large_image","twitter_misc":{"\u00c9crit par":"Marie-Sophie Administrateur","Dur\u00e9e de lecture estim\u00e9e":"2 minutes"},"schema":{"@context":"https:\/\/schema.org","@graph":[{"@type":"Article","@id":"https:\/\/whatthefrance.org\/fr\/what-the-france-festival-2019-6eme-edition\/#article","isPartOf":{"@id":"https:\/\/whatthefrance.org\/fr\/what-the-france-festival-2019-6eme-edition\/"},"author":{"name":"Marie-Sophie Administrateur","@id":"https:\/\/whatthefrance.org\/fr\/#\/schema\/person\/3b7ea6fb70b536503b3e8c909c564a81"},"headline":"What the France Festival 2019 | 6\u00e8me \u00e9dition","datePublished":"2019-10-29T16:33:51+00:00","dateModified":"2019-11-15T14:40:42+00:00","mainEntityOfPage":{"@id":"https:\/\/whatthefrance.org\/fr\/what-the-france-festival-2019-6eme-edition\/"},"wordCount":441,"publisher":{"@id":"https:\/\/whatthefrance.org\/fr\/#organization"},"image":{"@id":"https:\/\/whatthefrance.org\/fr\/what-the-france-festival-2019-6eme-edition\/#primaryimage"},"thumbnailUrl":"https:\/\/whatthefrance.org\/wp-content\/uploads\/2019\/10\/img196-300x238.jpg","keywords":["Alternative","Electronic","Pop"],"articleSection":["Event"],"inLanguage":"fr-FR"},{"@type":"WebPage","@id":"https:\/\/whatthefrance.org\/fr\/what-the-france-festival-2019-6eme-edition\/","url":"https:\/\/whatthefrance.org\/fr\/what-the-france-festival-2019-6eme-edition\/","name":"What the France Festival 2019 | 6\u00e8me \u00e9dition - What the France","isPartOf":{"@id":"https:\/\/whatthefrance.org\/fr\/#website"},"primaryImageOfPage":{"@id":"https:\/\/whatthefrance.org\/fr\/what-the-france-festival-2019-6eme-edition\/#primaryimage"},"image":{"@id":"https:\/\/whatthefrance.org\/fr\/what-the-france-festival-2019-6eme-edition\/#primaryimage"},"thumbnailUrl":"https:\/\/whatthefrance.org\/wp-content\/uploads\/2019\/10\/img196-300x238.jpg","datePublished":"2019-10-29T16:33:51+00:00","dateModified":"2019-11-15T14:40:42+00:00","breadcrumb":{"@id":"https:\/\/whatthefrance.org\/fr\/what-the-france-festival-2019-6eme-edition\/#breadcrumb"},"inLanguage":"fr-FR","potentialAction":[{"@type":"ReadAction","target":["https:\/\/whatthefrance.org\/fr\/what-the-france-festival-2019-6eme-edition\/"]}]},{"@type":"ImageObject","inLanguage":"fr-FR","@id":"https:\/\/whatthefrance.org\/fr\/what-the-france-festival-2019-6eme-edition\/#primaryimage","url":"https:\/\/whatthefrance.org\/wp-content\/uploads\/2019\/10\/img196-300x238.jpg","contentUrl":"https:\/\/whatthefrance.org\/wp-content\/uploads\/2019\/10\/img196-300x238.jpg"},{"@type":"BreadcrumbList","@id":"https:\/\/whatthefrance.org\/fr\/what-the-france-festival-2019-6eme-edition\/#breadcrumb","itemListElement":[{"@type":"ListItem","position":1,"name":"Home","item":"https:\/\/whatthefrance.org\/fr\/"},{"@type":"ListItem","position":2,"name":"What the France Festival 2019 | 6\u00e8me \u00e9dition"}]},{"@type":"WebSite","@id":"https:\/\/whatthefrance.org\/fr\/#website","url":"https:\/\/whatthefrance.org\/fr\/","name":"What the France","description":"The finest music made in France !","publisher":{"@id":"https:\/\/whatthefrance.org\/fr\/#organization"},"potentialAction":[{"@type":"SearchAction","target":{"@type":"EntryPoint","urlTemplate":"https:\/\/whatthefrance.org\/fr\/?s={search_term_string}"},"query-input":{"@type":"PropertyValueSpecification","valueRequired":true,"valueName":"search_term_string"}}],"inLanguage":"fr-FR"},{"@type":"Organization","@id":"https:\/\/whatthefrance.org\/fr\/#organization","name":"What The France","url":"https:\/\/whatthefrance.org\/fr\/","logo":{"@type":"ImageObject","inLanguage":"fr-FR","@id":"https:\/\/whatthefrance.org\/fr\/#\/schema\/logo\/image\/","url":"https:\/\/whatthefrance.org\/wp-content\/uploads\/2019\/12\/44688719_2251580388408837_694180218134331392_n-e1577679609190.png","contentUrl":"https:\/\/whatthefrance.org\/wp-content\/uploads\/2019\/12\/44688719_2251580388408837_694180218134331392_n-e1577679609190.png","width":200,"height":200,"caption":"What The France"},"image":{"@id":"https:\/\/whatthefrance.org\/fr\/#\/schema\/logo\/image\/"}},{"@type":"Person","@id":"https:\/\/whatthefrance.org\/fr\/#\/schema\/person\/3b7ea6fb70b536503b3e8c909c564a81","name":"Marie-Sophie Administrateur","image":{"@type":"ImageObject","inLanguage":"fr-FR","@id":"https:\/\/secure.gravatar.com\/avatar\/d57e4552c73c8713409cd3c2de53bdb5d220ebdd76dc7ba351b2dbae89f5afa9?s=96&d=mm&r=g","url":"https:\/\/secure.gravatar.com\/avatar\/d57e4552c73c8713409cd3c2de53bdb5d220ebdd76dc7ba351b2dbae89f5afa9?s=96&d=mm&r=g","contentUrl":"https:\/\/secure.gravatar.com\/avatar\/d57e4552c73c8713409cd3c2de53bdb5d220ebdd76dc7ba351b2dbae89f5afa9?s=96&d=mm&r=g","caption":"Marie-Sophie Administrateur"}}]}},"_links":{"self":[{"href":"https:\/\/whatthefrance.org\/fr\/wp-json\/wp\/v2\/posts\/12195","targetHints":{"allow":["GET"]}}],"collection":[{"href":"https:\/\/whatthefrance.org\/fr\/wp-json\/wp\/v2\/posts"}],"about":[{"href":"https:\/\/whatthefrance.org\/fr\/wp-json\/wp\/v2\/types\/post"}],"author":[{"embeddable":true,"href":"https:\/\/whatthefrance.org\/fr\/wp-json\/wp\/v2\/users\/6"}],"replies":[{"embeddable":true,"href":"https:\/\/whatthefrance.org\/fr\/wp-json\/wp\/v2\/comments?post=12195"}],"version-history":[{"count":16,"href":"https:\/\/whatthefrance.org\/fr\/wp-json\/wp\/v2\/posts\/12195\/revisions"}],"predecessor-version":[{"id":13072,"href":"https:\/\/whatthefrance.org\/fr\/wp-json\/wp\/v2\/posts\/12195\/revisions\/13072"}],"wp:attachment":[{"href":"https:\/\/whatthefrance.org\/fr\/wp-json\/wp\/v2\/media?parent=12195"}],"wp:term":[{"taxonomy":"category","embeddable":true,"href":"https:\/\/whatthefrance.org\/fr\/wp-json\/wp\/v2\/categories?post=12195"},{"taxonomy":"post_tag","embeddable":true,"href":"https:\/\/whatthefrance.org\/fr\/wp-json\/wp\/v2\/tags?post=12195"}],"curies":[{"name":"wp","href":"https:\/\/api.w.org\/{rel}","templated":true}]}}