{"id":13672,"date":"2019-12-04T15:58:28","date_gmt":"2019-12-04T14:58:28","guid":{"rendered":"https:\/\/whatthefrance.org\/?p=13672"},"modified":"2019-12-04T16:03:34","modified_gmt":"2019-12-04T15:03:34","slug":"amadou-mariam-concerts-a-travers-le-monde","status":"publish","type":"post","link":"https:\/\/whatthefrance.org\/fr\/amadou-mariam-concerts-a-travers-le-monde\/","title":{"rendered":"Amadou &#038; Mariam | Concerts \u00e0 travers le monde"},"content":{"rendered":"<p>Dans le cadre de la pr\u00e9sentation de l&rsquo;album<em> La Confusion <\/em>au public, le c\u00e9l\u00e8bre duo et couple <strong><a href=\"https:\/\/www.facebook.com\/amadoumariam\/\" target=\"_blank\" rel=\"noopener noreferrer\">Amadou &amp; Mariam<\/a><\/strong>\u00a0seront de passage en Australie et aux UK.<\/p>\n<p><iframe loading=\"lazy\" title=\"Amadou &amp; Mariam - La confusion (Official Music Video)\" width=\"500\" height=\"281\" src=\"https:\/\/www.youtube.com\/embed\/GXKRDMZeKdA?feature=oembed\" frameborder=\"0\" allow=\"accelerometer; autoplay; clipboard-write; encrypted-media; gyroscope; picture-in-picture; web-share\" referrerpolicy=\"strict-origin-when-cross-origin\" allowfullscreen><\/iframe><\/p>\n<p><b>Amadou<\/b> (chant et guitare) et <b>Mariam<\/b> (chant) se sont rencontr\u00e9s \u00e0 l&rsquo;Institut des Jeunes Aveugle du Mali. Depuis 1983 ils construisent un projet musical qui fusionne les rythmes africain des violons, les mambos cubains et le ney \u00e9gyptien (semblable \u00e0 une fl\u00fbte), en plus de collaborer avec diff\u00e9rents groupes de pop tels que <strong>Coldplay, U2, Scissor Sisters<\/strong> et <strong>Jean Philippe Rikiel<\/strong>. Amadou et Mariam d\u00e9finissent leur musique comme \u00ab\u00a0Afro-blues\u00a0\u00bb.<\/p>\n<h2><strong>Le nouvel\u00a0<\/strong>album<\/h2>\n<p><i>La Confusion<\/i>\u00a0parle des probl\u00e8mes politiques et sociaux qui affectent \u00e0 la fois le Mali et l&rsquo;ensemble du continent africain, le terrorisme \u00e9tant le principal probl\u00e8me dans la r\u00e9gion. Ils ont \u00e9galement abord\u00e9 des questions communes \u00e0 toute l&rsquo;Afrique, telles que les probl\u00e8mes de ses habitants qui tentent d&rsquo;\u00e9migrer afin d&rsquo;avoir une meilleure qualit\u00e9 de vie.<\/p>\n<div class=\"playListBloc singleBloc\"><div class=\"playListBloc-wrap\">    <div class=\"thumbnail\"><img data-src=\"https:\/\/whatthefrance.org\/wp-content\/uploads\/2018\/11\/WTF-Pochettes_world_4-254x254.jpg\" class=\"lazyload\" alt=\"WTF&#8212;Pochettes_world_4\" \/>    <\/div>    <div class=\"infos\">        <span class=\"tag\">Genres<\/span>        <h2>Around The World<\/h2>        <span class=\"separator\"><\/span>       <span class=\"desc\">Explore the latest world music hits made in France. Follow us for weekly updates !<\/span><div class=\"share flex flexAlignCenter \">\t<span class=\"label\">Partager<\/span>\t<a href=\"https:\/\/www.facebook.com\/sharer\/sharer.php?u=https:\/\/whatthefrance.org\/fr\/playlists\/around-the-world\/\" class=\"facebook\" target=\"_blank\" rel=\"noreferrer\">Facebook<\/a>\t<a href=\"https:\/\/twitter.com\/intent\/tweet?url=https:\/\/whatthefrance.org\/fr\/playlists\/around-the-world\/&text=Around+The+World&hashtags=WTF\" class=\"twitter\" target=\"_blank\" rel=\"noreferrer\">Twitter<\/a>\t<a href=\"mailto:?subject=What%20the%20France%20%3A%20Around%20The%20World&body=https:\/\/whatthefrance.org\/fr\/playlists\/around-the-world\/\" class=\"mail\" target=\"_blank\" rel=\"noreferrer\">Email<\/a><\/div>        <a href=\"#\" class=\"btn btnPlaylist orange playlist-click\" data-id=\"841\">            <svg version=\"1.1\" x=\"0px\" y=\"0px\" width=\"40px\" height=\"40px\" viewBox=\"0 0 213.7 213.7\" enable-background=\"new 0 0 213.7 213.7\" xml:space=\"preserve\">                <polygon class=\"triangle\" fill=\"none\" stroke-width=\"10\" stroke-linecap=\"round\" stroke-linejoin=\"round\" stroke-miterlimit=\"10\" points=\"\n            73.5,62.5 148.5,105.8 73.5,149.1 \"\/>                <circle class=\"circle\" fill=\"none\"  stroke-width=\"8\" stroke-linecap=\"round\" stroke-linejoin=\"round\" stroke-miterlimit=\"10\" cx=\"106.8\" cy=\"106.8\" r=\"103.3\"\/>                <circle class=\"circle-white\" fill=\"none\"  stroke-width=\"8\" stroke-linecap=\"round\" stroke-linejoin=\"round\" stroke-miterlimit=\"10\" cx=\"106.8\" cy=\"106.8\" r=\"103.3\"\/>            <\/svg>Ecouter        <\/a>    <\/div>  <\/div><\/div>\n","protected":false},"excerpt":{"rendered":"<p>Dans le cadre de la pr\u00e9sentation de l&rsquo;album La Confusion au public, le c\u00e9l\u00e8bre duo et couple Amadou &amp; Mariam\u00a0seront de passage en Australie et aux UK. Amadou (chant et guitare) et Mariam (chant) se sont rencontr\u00e9s \u00e0 l&rsquo;Institut des Jeunes Aveugle du Mali. Depuis 1983 ils construisent un projet musical qui fusionne les rythmes [&hellip;]<\/p>\n","protected":false},"author":6,"featured_media":0,"comment_status":"closed","ping_status":"closed","sticky":false,"template":"","format":"standard","meta":{"_acf_changed":false,"footnotes":""},"categories":[213],"tags":[361],"class_list":["post-13672","post","type-post","status-publish","format-standard","hentry","category-event-fr","tag-world-fr"],"acf":[],"yoast_head":"<!-- This site is optimized with the Yoast SEO plugin v27.3 - https:\/\/yoast.com\/product\/yoast-seo-wordpress\/ -->\n<title>Amadou &amp; Mariam | Concerts \u00e0 travers le monde - What the France<\/title>\n<meta name=\"robots\" content=\"index, follow, max-snippet:-1, max-image-preview:large, max-video-preview:-1\" \/>\n<link rel=\"canonical\" href=\"https:\/\/whatthefrance.org\/fr\/amadou-mariam-concerts-a-travers-le-monde\/\" \/>\n<meta property=\"og:locale\" content=\"fr_FR\" \/>\n<meta property=\"og:type\" content=\"article\" \/>\n<meta property=\"og:title\" content=\"Amadou &amp; Mariam | Concerts \u00e0 travers le monde - What the France\" \/>\n<meta property=\"og:description\" content=\"Dans le cadre de la pr\u00e9sentation de l&rsquo;album La Confusion au public, le c\u00e9l\u00e8bre duo et couple Amadou &amp; Mariam\u00a0seront de passage en Australie et aux UK. Amadou (chant et guitare) et Mariam (chant) se sont rencontr\u00e9s \u00e0 l&rsquo;Institut des Jeunes Aveugle du Mali. Depuis 1983 ils construisent un projet musical qui fusionne les rythmes [&hellip;]\" \/>\n<meta property=\"og:url\" content=\"https:\/\/whatthefrance.org\/fr\/amadou-mariam-concerts-a-travers-le-monde\/\" \/>\n<meta property=\"og:site_name\" content=\"What the France\" \/>\n<meta property=\"article:published_time\" content=\"2019-12-04T14:58:28+00:00\" \/>\n<meta property=\"article:modified_time\" content=\"2019-12-04T15:03:34+00:00\" \/>\n<meta property=\"og:image\" content=\"https:\/\/whatthefrance.org\/wp-content\/uploads\/2019\/12\/Amadou-Mariam.jpg\" \/>\n\t<meta property=\"og:image:width\" content=\"1084\" \/>\n\t<meta property=\"og:image:height\" content=\"525\" \/>\n<meta name=\"author\" content=\"Marie-Sophie Administrateur\" \/>\n<meta name=\"twitter:card\" content=\"summary_large_image\" \/>\n<meta name=\"twitter:image\" content=\"https:\/\/whatthefrance.org\/wp-content\/uploads\/2019\/12\/Amadou-Mariam.jpg\" \/>\n<meta name=\"twitter:label1\" content=\"\u00c9crit par\" \/>\n\t<meta name=\"twitter:data1\" content=\"Marie-Sophie Administrateur\" \/>\n\t<meta name=\"twitter:label2\" content=\"Dur\u00e9e de lecture estim\u00e9e\" \/>\n\t<meta name=\"twitter:data2\" content=\"1 minute\" \/>\n<script type=\"application\/ld+json\" class=\"yoast-schema-graph\">{\"@context\":\"https:\\\/\\\/schema.org\",\"@graph\":[{\"@type\":\"Article\",\"@id\":\"https:\\\/\\\/whatthefrance.org\\\/fr\\\/amadou-mariam-concerts-a-travers-le-monde\\\/#article\",\"isPartOf\":{\"@id\":\"https:\\\/\\\/whatthefrance.org\\\/fr\\\/amadou-mariam-concerts-a-travers-le-monde\\\/\"},\"author\":{\"name\":\"Marie-Sophie Administrateur\",\"@id\":\"https:\\\/\\\/whatthefrance.org\\\/fr\\\/#\\\/schema\\\/person\\\/3b7ea6fb70b536503b3e8c909c564a81\"},\"headline\":\"Amadou &#038; Mariam | Concerts \u00e0 travers le monde\",\"datePublished\":\"2019-12-04T14:58:28+00:00\",\"dateModified\":\"2019-12-04T15:03:34+00:00\",\"mainEntityOfPage\":{\"@id\":\"https:\\\/\\\/whatthefrance.org\\\/fr\\\/amadou-mariam-concerts-a-travers-le-monde\\\/\"},\"wordCount\":180,\"publisher\":{\"@id\":\"https:\\\/\\\/whatthefrance.org\\\/fr\\\/#organization\"},\"keywords\":[\"World\"],\"articleSection\":[\"Event\"],\"inLanguage\":\"fr-FR\"},{\"@type\":\"WebPage\",\"@id\":\"https:\\\/\\\/whatthefrance.org\\\/fr\\\/amadou-mariam-concerts-a-travers-le-monde\\\/\",\"url\":\"https:\\\/\\\/whatthefrance.org\\\/fr\\\/amadou-mariam-concerts-a-travers-le-monde\\\/\",\"name\":\"Amadou & Mariam | Concerts \u00e0 travers le monde - What the France\",\"isPartOf\":{\"@id\":\"https:\\\/\\\/whatthefrance.org\\\/fr\\\/#website\"},\"datePublished\":\"2019-12-04T14:58:28+00:00\",\"dateModified\":\"2019-12-04T15:03:34+00:00\",\"breadcrumb\":{\"@id\":\"https:\\\/\\\/whatthefrance.org\\\/fr\\\/amadou-mariam-concerts-a-travers-le-monde\\\/#breadcrumb\"},\"inLanguage\":\"fr-FR\",\"potentialAction\":[{\"@type\":\"ReadAction\",\"target\":[\"https:\\\/\\\/whatthefrance.org\\\/fr\\\/amadou-mariam-concerts-a-travers-le-monde\\\/\"]}]},{\"@type\":\"BreadcrumbList\",\"@id\":\"https:\\\/\\\/whatthefrance.org\\\/fr\\\/amadou-mariam-concerts-a-travers-le-monde\\\/#breadcrumb\",\"itemListElement\":[{\"@type\":\"ListItem\",\"position\":1,\"name\":\"Home\",\"item\":\"https:\\\/\\\/whatthefrance.org\\\/fr\\\/\"},{\"@type\":\"ListItem\",\"position\":2,\"name\":\"Amadou &#038; Mariam | Concerts \u00e0 travers le monde\"}]},{\"@type\":\"WebSite\",\"@id\":\"https:\\\/\\\/whatthefrance.org\\\/fr\\\/#website\",\"url\":\"https:\\\/\\\/whatthefrance.org\\\/fr\\\/\",\"name\":\"What the France\",\"description\":\"The finest music made in France !\",\"publisher\":{\"@id\":\"https:\\\/\\\/whatthefrance.org\\\/fr\\\/#organization\"},\"potentialAction\":[{\"@type\":\"SearchAction\",\"target\":{\"@type\":\"EntryPoint\",\"urlTemplate\":\"https:\\\/\\\/whatthefrance.org\\\/fr\\\/?s={search_term_string}\"},\"query-input\":{\"@type\":\"PropertyValueSpecification\",\"valueRequired\":true,\"valueName\":\"search_term_string\"}}],\"inLanguage\":\"fr-FR\"},{\"@type\":\"Organization\",\"@id\":\"https:\\\/\\\/whatthefrance.org\\\/fr\\\/#organization\",\"name\":\"What The France\",\"url\":\"https:\\\/\\\/whatthefrance.org\\\/fr\\\/\",\"logo\":{\"@type\":\"ImageObject\",\"inLanguage\":\"fr-FR\",\"@id\":\"https:\\\/\\\/whatthefrance.org\\\/fr\\\/#\\\/schema\\\/logo\\\/image\\\/\",\"url\":\"https:\\\/\\\/whatthefrance.org\\\/wp-content\\\/uploads\\\/2019\\\/12\\\/44688719_2251580388408837_694180218134331392_n-e1577679609190.png\",\"contentUrl\":\"https:\\\/\\\/whatthefrance.org\\\/wp-content\\\/uploads\\\/2019\\\/12\\\/44688719_2251580388408837_694180218134331392_n-e1577679609190.png\",\"width\":200,\"height\":200,\"caption\":\"What The France\"},\"image\":{\"@id\":\"https:\\\/\\\/whatthefrance.org\\\/fr\\\/#\\\/schema\\\/logo\\\/image\\\/\"}},{\"@type\":\"Person\",\"@id\":\"https:\\\/\\\/whatthefrance.org\\\/fr\\\/#\\\/schema\\\/person\\\/3b7ea6fb70b536503b3e8c909c564a81\",\"name\":\"Marie-Sophie Administrateur\",\"image\":{\"@type\":\"ImageObject\",\"inLanguage\":\"fr-FR\",\"@id\":\"https:\\\/\\\/secure.gravatar.com\\\/avatar\\\/d57e4552c73c8713409cd3c2de53bdb5d220ebdd76dc7ba351b2dbae89f5afa9?s=96&d=mm&r=g\",\"url\":\"https:\\\/\\\/secure.gravatar.com\\\/avatar\\\/d57e4552c73c8713409cd3c2de53bdb5d220ebdd76dc7ba351b2dbae89f5afa9?s=96&d=mm&r=g\",\"contentUrl\":\"https:\\\/\\\/secure.gravatar.com\\\/avatar\\\/d57e4552c73c8713409cd3c2de53bdb5d220ebdd76dc7ba351b2dbae89f5afa9?s=96&d=mm&r=g\",\"caption\":\"Marie-Sophie Administrateur\"}}]}<\/script>\n<!-- \/ Yoast SEO plugin. -->","yoast_head_json":{"title":"Amadou & Mariam | Concerts \u00e0 travers le monde - What the France","robots":{"index":"index","follow":"follow","max-snippet":"max-snippet:-1","max-image-preview":"max-image-preview:large","max-video-preview":"max-video-preview:-1"},"canonical":"https:\/\/whatthefrance.org\/fr\/amadou-mariam-concerts-a-travers-le-monde\/","og_locale":"fr_FR","og_type":"article","og_title":"Amadou & Mariam | Concerts \u00e0 travers le monde - What the France","og_description":"Dans le cadre de la pr\u00e9sentation de l&rsquo;album La Confusion au public, le c\u00e9l\u00e8bre duo et couple Amadou &amp; Mariam\u00a0seront de passage en Australie et aux UK. Amadou (chant et guitare) et Mariam (chant) se sont rencontr\u00e9s \u00e0 l&rsquo;Institut des Jeunes Aveugle du Mali. Depuis 1983 ils construisent un projet musical qui fusionne les rythmes [&hellip;]","og_url":"https:\/\/whatthefrance.org\/fr\/amadou-mariam-concerts-a-travers-le-monde\/","og_site_name":"What the France","article_published_time":"2019-12-04T14:58:28+00:00","article_modified_time":"2019-12-04T15:03:34+00:00","og_image":[{"url":"https:\/\/whatthefrance.org\/wp-content\/uploads\/2019\/12\/Amadou-Mariam.jpg","height":525,"width":1084,"type":""}],"author":"Marie-Sophie Administrateur","twitter_card":"summary_large_image","twitter_image":"https:\/\/whatthefrance.org\/wp-content\/uploads\/2019\/12\/Amadou-Mariam.jpg","twitter_misc":{"\u00c9crit par":"Marie-Sophie Administrateur","Dur\u00e9e de lecture estim\u00e9e":"1 minute"},"schema":{"@context":"https:\/\/schema.org","@graph":[{"@type":"Article","@id":"https:\/\/whatthefrance.org\/fr\/amadou-mariam-concerts-a-travers-le-monde\/#article","isPartOf":{"@id":"https:\/\/whatthefrance.org\/fr\/amadou-mariam-concerts-a-travers-le-monde\/"},"author":{"name":"Marie-Sophie Administrateur","@id":"https:\/\/whatthefrance.org\/fr\/#\/schema\/person\/3b7ea6fb70b536503b3e8c909c564a81"},"headline":"Amadou &#038; Mariam | Concerts \u00e0 travers le monde","datePublished":"2019-12-04T14:58:28+00:00","dateModified":"2019-12-04T15:03:34+00:00","mainEntityOfPage":{"@id":"https:\/\/whatthefrance.org\/fr\/amadou-mariam-concerts-a-travers-le-monde\/"},"wordCount":180,"publisher":{"@id":"https:\/\/whatthefrance.org\/fr\/#organization"},"keywords":["World"],"articleSection":["Event"],"inLanguage":"fr-FR"},{"@type":"WebPage","@id":"https:\/\/whatthefrance.org\/fr\/amadou-mariam-concerts-a-travers-le-monde\/","url":"https:\/\/whatthefrance.org\/fr\/amadou-mariam-concerts-a-travers-le-monde\/","name":"Amadou & Mariam | Concerts \u00e0 travers le monde - What the France","isPartOf":{"@id":"https:\/\/whatthefrance.org\/fr\/#website"},"datePublished":"2019-12-04T14:58:28+00:00","dateModified":"2019-12-04T15:03:34+00:00","breadcrumb":{"@id":"https:\/\/whatthefrance.org\/fr\/amadou-mariam-concerts-a-travers-le-monde\/#breadcrumb"},"inLanguage":"fr-FR","potentialAction":[{"@type":"ReadAction","target":["https:\/\/whatthefrance.org\/fr\/amadou-mariam-concerts-a-travers-le-monde\/"]}]},{"@type":"BreadcrumbList","@id":"https:\/\/whatthefrance.org\/fr\/amadou-mariam-concerts-a-travers-le-monde\/#breadcrumb","itemListElement":[{"@type":"ListItem","position":1,"name":"Home","item":"https:\/\/whatthefrance.org\/fr\/"},{"@type":"ListItem","position":2,"name":"Amadou &#038; Mariam | Concerts \u00e0 travers le monde"}]},{"@type":"WebSite","@id":"https:\/\/whatthefrance.org\/fr\/#website","url":"https:\/\/whatthefrance.org\/fr\/","name":"What the France","description":"The finest music made in France !","publisher":{"@id":"https:\/\/whatthefrance.org\/fr\/#organization"},"potentialAction":[{"@type":"SearchAction","target":{"@type":"EntryPoint","urlTemplate":"https:\/\/whatthefrance.org\/fr\/?s={search_term_string}"},"query-input":{"@type":"PropertyValueSpecification","valueRequired":true,"valueName":"search_term_string"}}],"inLanguage":"fr-FR"},{"@type":"Organization","@id":"https:\/\/whatthefrance.org\/fr\/#organization","name":"What The France","url":"https:\/\/whatthefrance.org\/fr\/","logo":{"@type":"ImageObject","inLanguage":"fr-FR","@id":"https:\/\/whatthefrance.org\/fr\/#\/schema\/logo\/image\/","url":"https:\/\/whatthefrance.org\/wp-content\/uploads\/2019\/12\/44688719_2251580388408837_694180218134331392_n-e1577679609190.png","contentUrl":"https:\/\/whatthefrance.org\/wp-content\/uploads\/2019\/12\/44688719_2251580388408837_694180218134331392_n-e1577679609190.png","width":200,"height":200,"caption":"What The France"},"image":{"@id":"https:\/\/whatthefrance.org\/fr\/#\/schema\/logo\/image\/"}},{"@type":"Person","@id":"https:\/\/whatthefrance.org\/fr\/#\/schema\/person\/3b7ea6fb70b536503b3e8c909c564a81","name":"Marie-Sophie Administrateur","image":{"@type":"ImageObject","inLanguage":"fr-FR","@id":"https:\/\/secure.gravatar.com\/avatar\/d57e4552c73c8713409cd3c2de53bdb5d220ebdd76dc7ba351b2dbae89f5afa9?s=96&d=mm&r=g","url":"https:\/\/secure.gravatar.com\/avatar\/d57e4552c73c8713409cd3c2de53bdb5d220ebdd76dc7ba351b2dbae89f5afa9?s=96&d=mm&r=g","contentUrl":"https:\/\/secure.gravatar.com\/avatar\/d57e4552c73c8713409cd3c2de53bdb5d220ebdd76dc7ba351b2dbae89f5afa9?s=96&d=mm&r=g","caption":"Marie-Sophie Administrateur"}}]}},"_links":{"self":[{"href":"https:\/\/whatthefrance.org\/fr\/wp-json\/wp\/v2\/posts\/13672","targetHints":{"allow":["GET"]}}],"collection":[{"href":"https:\/\/whatthefrance.org\/fr\/wp-json\/wp\/v2\/posts"}],"about":[{"href":"https:\/\/whatthefrance.org\/fr\/wp-json\/wp\/v2\/types\/post"}],"author":[{"embeddable":true,"href":"https:\/\/whatthefrance.org\/fr\/wp-json\/wp\/v2\/users\/6"}],"replies":[{"embeddable":true,"href":"https:\/\/whatthefrance.org\/fr\/wp-json\/wp\/v2\/comments?post=13672"}],"version-history":[{"count":7,"href":"https:\/\/whatthefrance.org\/fr\/wp-json\/wp\/v2\/posts\/13672\/revisions"}],"predecessor-version":[{"id":13702,"href":"https:\/\/whatthefrance.org\/fr\/wp-json\/wp\/v2\/posts\/13672\/revisions\/13702"}],"wp:attachment":[{"href":"https:\/\/whatthefrance.org\/fr\/wp-json\/wp\/v2\/media?parent=13672"}],"wp:term":[{"taxonomy":"category","embeddable":true,"href":"https:\/\/whatthefrance.org\/fr\/wp-json\/wp\/v2\/categories?post=13672"},{"taxonomy":"post_tag","embeddable":true,"href":"https:\/\/whatthefrance.org\/fr\/wp-json\/wp\/v2\/tags?post=13672"}],"curies":[{"name":"wp","href":"https:\/\/api.w.org\/{rel}","templated":true}]}}