{"id":15159,"date":"2020-02-04T14:29:49","date_gmt":"2020-02-04T13:29:49","guid":{"rendered":"https:\/\/whatthefrance.org\/?p=15159"},"modified":"2020-02-04T17:21:35","modified_gmt":"2020-02-04T16:21:35","slug":"francois-xavier-roth-l-le-chef-dorchestre-signe-une-playlist-pour-what-the-france","status":"publish","type":"post","link":"https:\/\/whatthefrance.org\/fr\/francois-xavier-roth-l-le-chef-dorchestre-signe-une-playlist-pour-what-the-france\/","title":{"rendered":"Fran\u00e7ois-Xavier Roth l Le Chef d\u2019Orchestre signe une playlist pour What The France"},"content":{"rendered":"<p><span class=\"em-orange\"><strong>Le Chef d\u2019orchestre fran\u00e7ais, fondateur de l\u2019Ensemble Les Si\u00e8cles, s\u2019est essay\u00e9 \u00e0 son tour \u00e0 l\u2019exercice de la playlist pour\u00a0<a href=\"https:\/\/whatthefrance.org\/\">What The France<\/a>.<\/strong><\/span><\/p>\n<p>Fran\u00e7ois-Xavier Roth a concoct\u00e9 une\u00a0<strong>playlist<\/strong>\u00a0dans laquelle elle compile plus de\u00a0<strong>50 de ses morceaux pr\u00e9f\u00e9r\u00e9s interpr\u00e9t\u00e9s par des artistes Fran\u00e7ais<\/strong>. Au programme, des \u0153uvres de Bach, Debussy, Dukas, Lully, Boulez, Manoury, mais aussi quelques surprises entre Daniel Balavoine et Jacques Brel. Interpr\u00e9t\u00e9s par des artistes fran\u00e7ais, certains\u00a0morceaux de cette s\u00e9lection font honneur \u00e0 ses confr\u00e8res des Ensembles Correspondances de Sebastien Dauc\u00e9, Pygmalion de Raphael Pichon ou encore Le Concert de la Loge de Julien Chauvin. On y retrouvera aussi des solistes de renoms internationaux tels que le flutiste Emmanuel Pahud, le claveciniste Pierre Hanta\u00ef, le pianiste Jean-Fran\u00e7ois Heisser ou encore le Quatuor Ebene, sans oublier le Quintette de Cuivres de son propre Ensemble Les Si\u00e8cles.<\/p>\n<p>Fran\u00e7ois-Xavier Roth est l\u2019un des chefs les plus charismatiques et entreprenants de sa g\u00e9n\u00e9ration. Il est\u00a0Generalmusikdirektor de la ville de Cologne\u00a0depuis 2015, r\u00e9unissant la direction artistique de l\u2019Op\u00e9ra et de l\u2019orchestre du G\u00fcrzenich. Il est\u00a0\u00ab\u00a0Principal Guest Conductor\u00a0\u00bb du London Symphony Orchestra,\u00a0Artiste associ\u00e9 de la Philharmonie de Paris\u00a0et est nomm\u00e9 en 2019\u00a0directeur artistique de l\u2019Atelier Lyrique de Tourcoing.<\/p>\n<p>En 2003, il cr\u00e9e Les Si\u00e8cles, orchestre d\u2019un genre nouveau qui joue chaque r\u00e9pertoire sur les instruments historiques appropri\u00e9s.\u00a0Avec cet orchestre, il donne des concerts dans le monde entier et rejoue notamment le r\u00e9pertoire romantique fran\u00e7ais et le r\u00e9pertoire des ballets russes sur instruments d\u2019\u00e9poque. L\u2019orchestre fait ses d\u00e9buts \u00e0 la Philharmonie de Berlin en 2019 avec un programme embl\u00e9matique\u00a0(Rameau \/ Lachenmann \/ Berlioz) sur trois instrumentariums diff\u00e9rents. Victoire de la Musique en 2018 en France, Les Si\u00e8cles sont nomin\u00e9s en 2018 et 2019 par le magazine Gramophone pour recevoir le prestigieux prix d\u2019Orchestre de l\u2019Ann\u00e9e.<\/p>\n<div class=\"playListBloc singleBloc\"><div class=\"playListBloc-wrap\">    <div class=\"thumbnail\"><img data-src=\"https:\/\/whatthefrance.org\/wp-content\/uploads\/2020\/02\/WTF-Cover-Collab_Fran\u00e7ois-Xavier-Roth-254x254.jpg\" class=\"lazyload\" alt=\"WTF&#8212;Cover-Collab_Fran\u00e7ois-Xavier Roth\" \/>    <\/div>    <div class=\"infos\">        <span class=\"tag\">Curators<\/span>        <h2>A Made In France Selection By Fran\u00e7ois-Xavier ...<\/h2>        <span class=\"separator\"><\/span>       <span class=\"desc\">Discover a selection of made in France tracks, handpicked by Fran\u00e7ois-Xavier Roth.<\/span><div class=\"share flex flexAlignCenter \">\t<span class=\"label\">Partager<\/span>\t<a href=\"https:\/\/www.facebook.com\/sharer\/sharer.php?u=https:\/\/whatthefrance.org\/fr\/playlists\/a-made-in-france-selection-by-francois-xavier-roth-les-siecles\/\" class=\"facebook\" target=\"_blank\" rel=\"noreferrer\">Facebook<\/a>\t<a href=\"https:\/\/twitter.com\/intent\/tweet?url=https:\/\/whatthefrance.org\/fr\/playlists\/a-made-in-france-selection-by-francois-xavier-roth-les-siecles\/&text=A+Made+In+France+Selection+By+Fran%C3%A7ois-Xavier+Roth+%28Les+Si%C3%A8cles%29&hashtags=WTF\" class=\"twitter\" target=\"_blank\" rel=\"noreferrer\">Twitter<\/a>\t<a href=\"mailto:?subject=What%20the%20France%20%3A%20A%20Made%20In%20France%20Selection%20By%20Fran%C3%A7ois-Xavier%20Roth%20%28Les%20Si%C3%A8cles%29&body=https:\/\/whatthefrance.org\/fr\/playlists\/a-made-in-france-selection-by-francois-xavier-roth-les-siecles\/\" class=\"mail\" target=\"_blank\" rel=\"noreferrer\">Email<\/a><\/div>        <a href=\"#\" class=\"btn btnPlaylist orange playlist-click\" data-id=\"15169\">            <svg version=\"1.1\" x=\"0px\" y=\"0px\" width=\"40px\" height=\"40px\" viewBox=\"0 0 213.7 213.7\" enable-background=\"new 0 0 213.7 213.7\" xml:space=\"preserve\">                <polygon class=\"triangle\" fill=\"none\" stroke-width=\"10\" stroke-linecap=\"round\" stroke-linejoin=\"round\" stroke-miterlimit=\"10\" points=\"\n            73.5,62.5 148.5,105.8 73.5,149.1 \"\/>                <circle class=\"circle\" fill=\"none\"  stroke-width=\"8\" stroke-linecap=\"round\" stroke-linejoin=\"round\" stroke-miterlimit=\"10\" cx=\"106.8\" cy=\"106.8\" r=\"103.3\"\/>                <circle class=\"circle-white\" fill=\"none\"  stroke-width=\"8\" stroke-linecap=\"round\" stroke-linejoin=\"round\" stroke-miterlimit=\"10\" cx=\"106.8\" cy=\"106.8\" r=\"103.3\"\/>            <\/svg>Ecouter        <\/a>    <\/div>  <\/div><\/div>\n","protected":false},"excerpt":{"rendered":"<p>Le Chef d\u2019orchestre fran\u00e7ais, fondateur de l\u2019Ensemble Les Si\u00e8cles, s\u2019est essay\u00e9 \u00e0 son tour \u00e0 l\u2019exercice de la playlist pour\u00a0What The France. Fran\u00e7ois-Xavier Roth a concoct\u00e9 une\u00a0playlist\u00a0dans laquelle elle compile plus de\u00a050 de ses morceaux pr\u00e9f\u00e9r\u00e9s interpr\u00e9t\u00e9s par des artistes Fran\u00e7ais. Au programme, des \u0153uvres de Bach, Debussy, Dukas, Lully, Boulez, Manoury, mais aussi quelques [&hellip;]<\/p>\n","protected":false},"author":6,"featured_media":0,"comment_status":"closed","ping_status":"closed","sticky":false,"template":"","format":"standard","meta":{"_acf_changed":false,"footnotes":""},"categories":[300],"tags":[309],"class_list":["post-15159","post","type-post","status-publish","format-standard","hentry","category-playlist-curator-fr","tag-classical-fr"],"acf":[],"yoast_head":"<!-- This site is optimized with the Yoast SEO plugin v27.3 - https:\/\/yoast.com\/product\/yoast-seo-wordpress\/ -->\n<title>Fran\u00e7ois-Xavier Roth l Le Chef d\u2019Orchestre signe une playlist pour What The France - What the France<\/title>\n<meta name=\"robots\" content=\"index, follow, max-snippet:-1, max-image-preview:large, max-video-preview:-1\" \/>\n<link rel=\"canonical\" href=\"https:\/\/whatthefrance.org\/fr\/francois-xavier-roth-l-le-chef-dorchestre-signe-une-playlist-pour-what-the-france\/\" \/>\n<meta property=\"og:locale\" content=\"fr_FR\" \/>\n<meta property=\"og:type\" content=\"article\" \/>\n<meta property=\"og:title\" content=\"Fran\u00e7ois-Xavier Roth l Le Chef d\u2019Orchestre signe une playlist pour What The France - What the France\" \/>\n<meta property=\"og:description\" content=\"Le Chef d\u2019orchestre fran\u00e7ais, fondateur de l\u2019Ensemble Les Si\u00e8cles, s\u2019est essay\u00e9 \u00e0 son tour \u00e0 l\u2019exercice de la playlist pour\u00a0What The France. Fran\u00e7ois-Xavier Roth a concoct\u00e9 une\u00a0playlist\u00a0dans laquelle elle compile plus de\u00a050 de ses morceaux pr\u00e9f\u00e9r\u00e9s interpr\u00e9t\u00e9s par des artistes Fran\u00e7ais. Au programme, des \u0153uvres de Bach, Debussy, Dukas, Lully, Boulez, Manoury, mais aussi quelques [&hellip;]\" \/>\n<meta property=\"og:url\" content=\"https:\/\/whatthefrance.org\/fr\/francois-xavier-roth-l-le-chef-dorchestre-signe-une-playlist-pour-what-the-france\/\" \/>\n<meta property=\"og:site_name\" content=\"What the France\" \/>\n<meta property=\"article:published_time\" content=\"2020-02-04T13:29:49+00:00\" \/>\n<meta property=\"article:modified_time\" content=\"2020-02-04T16:21:35+00:00\" \/>\n<meta property=\"og:image\" content=\"https:\/\/whatthefrance.org\/wp-content\/uploads\/2020\/02\/Fran\u00e7ois_Xavier_Roth.jpg\" \/>\n\t<meta property=\"og:image:width\" content=\"1084\" \/>\n\t<meta property=\"og:image:height\" content=\"525\" \/>\n<meta name=\"author\" content=\"Marie-Sophie Administrateur\" \/>\n<meta name=\"twitter:card\" content=\"summary_large_image\" \/>\n<meta name=\"twitter:label1\" content=\"\u00c9crit par\" \/>\n\t<meta name=\"twitter:data1\" content=\"Marie-Sophie Administrateur\" \/>\n\t<meta name=\"twitter:label2\" content=\"Dur\u00e9e de lecture estim\u00e9e\" \/>\n\t<meta name=\"twitter:data2\" content=\"2 minutes\" \/>\n<script type=\"application\/ld+json\" class=\"yoast-schema-graph\">{\"@context\":\"https:\\\/\\\/schema.org\",\"@graph\":[{\"@type\":\"Article\",\"@id\":\"https:\\\/\\\/whatthefrance.org\\\/fr\\\/francois-xavier-roth-l-le-chef-dorchestre-signe-une-playlist-pour-what-the-france\\\/#article\",\"isPartOf\":{\"@id\":\"https:\\\/\\\/whatthefrance.org\\\/fr\\\/francois-xavier-roth-l-le-chef-dorchestre-signe-une-playlist-pour-what-the-france\\\/\"},\"author\":{\"name\":\"Marie-Sophie Administrateur\",\"@id\":\"https:\\\/\\\/whatthefrance.org\\\/fr\\\/#\\\/schema\\\/person\\\/3b7ea6fb70b536503b3e8c909c564a81\"},\"headline\":\"Fran\u00e7ois-Xavier Roth l Le Chef d\u2019Orchestre signe une playlist pour What The France\",\"datePublished\":\"2020-02-04T13:29:49+00:00\",\"dateModified\":\"2020-02-04T16:21:35+00:00\",\"mainEntityOfPage\":{\"@id\":\"https:\\\/\\\/whatthefrance.org\\\/fr\\\/francois-xavier-roth-l-le-chef-dorchestre-signe-une-playlist-pour-what-the-france\\\/\"},\"wordCount\":353,\"publisher\":{\"@id\":\"https:\\\/\\\/whatthefrance.org\\\/fr\\\/#organization\"},\"keywords\":[\"Classical\"],\"articleSection\":[\"Curator\"],\"inLanguage\":\"fr-FR\"},{\"@type\":\"WebPage\",\"@id\":\"https:\\\/\\\/whatthefrance.org\\\/fr\\\/francois-xavier-roth-l-le-chef-dorchestre-signe-une-playlist-pour-what-the-france\\\/\",\"url\":\"https:\\\/\\\/whatthefrance.org\\\/fr\\\/francois-xavier-roth-l-le-chef-dorchestre-signe-une-playlist-pour-what-the-france\\\/\",\"name\":\"Fran\u00e7ois-Xavier Roth l Le Chef d\u2019Orchestre signe une playlist pour What The France - What the France\",\"isPartOf\":{\"@id\":\"https:\\\/\\\/whatthefrance.org\\\/fr\\\/#website\"},\"datePublished\":\"2020-02-04T13:29:49+00:00\",\"dateModified\":\"2020-02-04T16:21:35+00:00\",\"breadcrumb\":{\"@id\":\"https:\\\/\\\/whatthefrance.org\\\/fr\\\/francois-xavier-roth-l-le-chef-dorchestre-signe-une-playlist-pour-what-the-france\\\/#breadcrumb\"},\"inLanguage\":\"fr-FR\",\"potentialAction\":[{\"@type\":\"ReadAction\",\"target\":[\"https:\\\/\\\/whatthefrance.org\\\/fr\\\/francois-xavier-roth-l-le-chef-dorchestre-signe-une-playlist-pour-what-the-france\\\/\"]}]},{\"@type\":\"BreadcrumbList\",\"@id\":\"https:\\\/\\\/whatthefrance.org\\\/fr\\\/francois-xavier-roth-l-le-chef-dorchestre-signe-une-playlist-pour-what-the-france\\\/#breadcrumb\",\"itemListElement\":[{\"@type\":\"ListItem\",\"position\":1,\"name\":\"Home\",\"item\":\"https:\\\/\\\/whatthefrance.org\\\/fr\\\/\"},{\"@type\":\"ListItem\",\"position\":2,\"name\":\"Fran\u00e7ois-Xavier Roth l Le Chef d\u2019Orchestre signe une playlist pour What The France\"}]},{\"@type\":\"WebSite\",\"@id\":\"https:\\\/\\\/whatthefrance.org\\\/fr\\\/#website\",\"url\":\"https:\\\/\\\/whatthefrance.org\\\/fr\\\/\",\"name\":\"What the France\",\"description\":\"The finest music made in France !\",\"publisher\":{\"@id\":\"https:\\\/\\\/whatthefrance.org\\\/fr\\\/#organization\"},\"potentialAction\":[{\"@type\":\"SearchAction\",\"target\":{\"@type\":\"EntryPoint\",\"urlTemplate\":\"https:\\\/\\\/whatthefrance.org\\\/fr\\\/?s={search_term_string}\"},\"query-input\":{\"@type\":\"PropertyValueSpecification\",\"valueRequired\":true,\"valueName\":\"search_term_string\"}}],\"inLanguage\":\"fr-FR\"},{\"@type\":\"Organization\",\"@id\":\"https:\\\/\\\/whatthefrance.org\\\/fr\\\/#organization\",\"name\":\"What The France\",\"url\":\"https:\\\/\\\/whatthefrance.org\\\/fr\\\/\",\"logo\":{\"@type\":\"ImageObject\",\"inLanguage\":\"fr-FR\",\"@id\":\"https:\\\/\\\/whatthefrance.org\\\/fr\\\/#\\\/schema\\\/logo\\\/image\\\/\",\"url\":\"https:\\\/\\\/whatthefrance.org\\\/wp-content\\\/uploads\\\/2019\\\/12\\\/44688719_2251580388408837_694180218134331392_n-e1577679609190.png\",\"contentUrl\":\"https:\\\/\\\/whatthefrance.org\\\/wp-content\\\/uploads\\\/2019\\\/12\\\/44688719_2251580388408837_694180218134331392_n-e1577679609190.png\",\"width\":200,\"height\":200,\"caption\":\"What The France\"},\"image\":{\"@id\":\"https:\\\/\\\/whatthefrance.org\\\/fr\\\/#\\\/schema\\\/logo\\\/image\\\/\"}},{\"@type\":\"Person\",\"@id\":\"https:\\\/\\\/whatthefrance.org\\\/fr\\\/#\\\/schema\\\/person\\\/3b7ea6fb70b536503b3e8c909c564a81\",\"name\":\"Marie-Sophie Administrateur\",\"image\":{\"@type\":\"ImageObject\",\"inLanguage\":\"fr-FR\",\"@id\":\"https:\\\/\\\/secure.gravatar.com\\\/avatar\\\/d57e4552c73c8713409cd3c2de53bdb5d220ebdd76dc7ba351b2dbae89f5afa9?s=96&d=mm&r=g\",\"url\":\"https:\\\/\\\/secure.gravatar.com\\\/avatar\\\/d57e4552c73c8713409cd3c2de53bdb5d220ebdd76dc7ba351b2dbae89f5afa9?s=96&d=mm&r=g\",\"contentUrl\":\"https:\\\/\\\/secure.gravatar.com\\\/avatar\\\/d57e4552c73c8713409cd3c2de53bdb5d220ebdd76dc7ba351b2dbae89f5afa9?s=96&d=mm&r=g\",\"caption\":\"Marie-Sophie Administrateur\"}}]}<\/script>\n<!-- \/ Yoast SEO plugin. -->","yoast_head_json":{"title":"Fran\u00e7ois-Xavier Roth l Le Chef d\u2019Orchestre signe une playlist pour What The France - What the France","robots":{"index":"index","follow":"follow","max-snippet":"max-snippet:-1","max-image-preview":"max-image-preview:large","max-video-preview":"max-video-preview:-1"},"canonical":"https:\/\/whatthefrance.org\/fr\/francois-xavier-roth-l-le-chef-dorchestre-signe-une-playlist-pour-what-the-france\/","og_locale":"fr_FR","og_type":"article","og_title":"Fran\u00e7ois-Xavier Roth l Le Chef d\u2019Orchestre signe une playlist pour What The France - What the France","og_description":"Le Chef d\u2019orchestre fran\u00e7ais, fondateur de l\u2019Ensemble Les Si\u00e8cles, s\u2019est essay\u00e9 \u00e0 son tour \u00e0 l\u2019exercice de la playlist pour\u00a0What The France. Fran\u00e7ois-Xavier Roth a concoct\u00e9 une\u00a0playlist\u00a0dans laquelle elle compile plus de\u00a050 de ses morceaux pr\u00e9f\u00e9r\u00e9s interpr\u00e9t\u00e9s par des artistes Fran\u00e7ais. Au programme, des \u0153uvres de Bach, Debussy, Dukas, Lully, Boulez, Manoury, mais aussi quelques [&hellip;]","og_url":"https:\/\/whatthefrance.org\/fr\/francois-xavier-roth-l-le-chef-dorchestre-signe-une-playlist-pour-what-the-france\/","og_site_name":"What the France","article_published_time":"2020-02-04T13:29:49+00:00","article_modified_time":"2020-02-04T16:21:35+00:00","og_image":[{"url":"https:\/\/whatthefrance.org\/wp-content\/uploads\/2020\/02\/Fran\u00e7ois_Xavier_Roth.jpg","height":525,"width":1084,"type":""}],"author":"Marie-Sophie Administrateur","twitter_card":"summary_large_image","twitter_misc":{"\u00c9crit par":"Marie-Sophie Administrateur","Dur\u00e9e de lecture estim\u00e9e":"2 minutes"},"schema":{"@context":"https:\/\/schema.org","@graph":[{"@type":"Article","@id":"https:\/\/whatthefrance.org\/fr\/francois-xavier-roth-l-le-chef-dorchestre-signe-une-playlist-pour-what-the-france\/#article","isPartOf":{"@id":"https:\/\/whatthefrance.org\/fr\/francois-xavier-roth-l-le-chef-dorchestre-signe-une-playlist-pour-what-the-france\/"},"author":{"name":"Marie-Sophie Administrateur","@id":"https:\/\/whatthefrance.org\/fr\/#\/schema\/person\/3b7ea6fb70b536503b3e8c909c564a81"},"headline":"Fran\u00e7ois-Xavier Roth l Le Chef d\u2019Orchestre signe une playlist pour What The France","datePublished":"2020-02-04T13:29:49+00:00","dateModified":"2020-02-04T16:21:35+00:00","mainEntityOfPage":{"@id":"https:\/\/whatthefrance.org\/fr\/francois-xavier-roth-l-le-chef-dorchestre-signe-une-playlist-pour-what-the-france\/"},"wordCount":353,"publisher":{"@id":"https:\/\/whatthefrance.org\/fr\/#organization"},"keywords":["Classical"],"articleSection":["Curator"],"inLanguage":"fr-FR"},{"@type":"WebPage","@id":"https:\/\/whatthefrance.org\/fr\/francois-xavier-roth-l-le-chef-dorchestre-signe-une-playlist-pour-what-the-france\/","url":"https:\/\/whatthefrance.org\/fr\/francois-xavier-roth-l-le-chef-dorchestre-signe-une-playlist-pour-what-the-france\/","name":"Fran\u00e7ois-Xavier Roth l Le Chef d\u2019Orchestre signe une playlist pour What The France - What the France","isPartOf":{"@id":"https:\/\/whatthefrance.org\/fr\/#website"},"datePublished":"2020-02-04T13:29:49+00:00","dateModified":"2020-02-04T16:21:35+00:00","breadcrumb":{"@id":"https:\/\/whatthefrance.org\/fr\/francois-xavier-roth-l-le-chef-dorchestre-signe-une-playlist-pour-what-the-france\/#breadcrumb"},"inLanguage":"fr-FR","potentialAction":[{"@type":"ReadAction","target":["https:\/\/whatthefrance.org\/fr\/francois-xavier-roth-l-le-chef-dorchestre-signe-une-playlist-pour-what-the-france\/"]}]},{"@type":"BreadcrumbList","@id":"https:\/\/whatthefrance.org\/fr\/francois-xavier-roth-l-le-chef-dorchestre-signe-une-playlist-pour-what-the-france\/#breadcrumb","itemListElement":[{"@type":"ListItem","position":1,"name":"Home","item":"https:\/\/whatthefrance.org\/fr\/"},{"@type":"ListItem","position":2,"name":"Fran\u00e7ois-Xavier Roth l Le Chef d\u2019Orchestre signe une playlist pour What The France"}]},{"@type":"WebSite","@id":"https:\/\/whatthefrance.org\/fr\/#website","url":"https:\/\/whatthefrance.org\/fr\/","name":"What the France","description":"The finest music made in France !","publisher":{"@id":"https:\/\/whatthefrance.org\/fr\/#organization"},"potentialAction":[{"@type":"SearchAction","target":{"@type":"EntryPoint","urlTemplate":"https:\/\/whatthefrance.org\/fr\/?s={search_term_string}"},"query-input":{"@type":"PropertyValueSpecification","valueRequired":true,"valueName":"search_term_string"}}],"inLanguage":"fr-FR"},{"@type":"Organization","@id":"https:\/\/whatthefrance.org\/fr\/#organization","name":"What The France","url":"https:\/\/whatthefrance.org\/fr\/","logo":{"@type":"ImageObject","inLanguage":"fr-FR","@id":"https:\/\/whatthefrance.org\/fr\/#\/schema\/logo\/image\/","url":"https:\/\/whatthefrance.org\/wp-content\/uploads\/2019\/12\/44688719_2251580388408837_694180218134331392_n-e1577679609190.png","contentUrl":"https:\/\/whatthefrance.org\/wp-content\/uploads\/2019\/12\/44688719_2251580388408837_694180218134331392_n-e1577679609190.png","width":200,"height":200,"caption":"What The France"},"image":{"@id":"https:\/\/whatthefrance.org\/fr\/#\/schema\/logo\/image\/"}},{"@type":"Person","@id":"https:\/\/whatthefrance.org\/fr\/#\/schema\/person\/3b7ea6fb70b536503b3e8c909c564a81","name":"Marie-Sophie Administrateur","image":{"@type":"ImageObject","inLanguage":"fr-FR","@id":"https:\/\/secure.gravatar.com\/avatar\/d57e4552c73c8713409cd3c2de53bdb5d220ebdd76dc7ba351b2dbae89f5afa9?s=96&d=mm&r=g","url":"https:\/\/secure.gravatar.com\/avatar\/d57e4552c73c8713409cd3c2de53bdb5d220ebdd76dc7ba351b2dbae89f5afa9?s=96&d=mm&r=g","contentUrl":"https:\/\/secure.gravatar.com\/avatar\/d57e4552c73c8713409cd3c2de53bdb5d220ebdd76dc7ba351b2dbae89f5afa9?s=96&d=mm&r=g","caption":"Marie-Sophie Administrateur"}}]}},"_links":{"self":[{"href":"https:\/\/whatthefrance.org\/fr\/wp-json\/wp\/v2\/posts\/15159","targetHints":{"allow":["GET"]}}],"collection":[{"href":"https:\/\/whatthefrance.org\/fr\/wp-json\/wp\/v2\/posts"}],"about":[{"href":"https:\/\/whatthefrance.org\/fr\/wp-json\/wp\/v2\/types\/post"}],"author":[{"embeddable":true,"href":"https:\/\/whatthefrance.org\/fr\/wp-json\/wp\/v2\/users\/6"}],"replies":[{"embeddable":true,"href":"https:\/\/whatthefrance.org\/fr\/wp-json\/wp\/v2\/comments?post=15159"}],"version-history":[{"count":3,"href":"https:\/\/whatthefrance.org\/fr\/wp-json\/wp\/v2\/posts\/15159\/revisions"}],"predecessor-version":[{"id":15250,"href":"https:\/\/whatthefrance.org\/fr\/wp-json\/wp\/v2\/posts\/15159\/revisions\/15250"}],"wp:attachment":[{"href":"https:\/\/whatthefrance.org\/fr\/wp-json\/wp\/v2\/media?parent=15159"}],"wp:term":[{"taxonomy":"category","embeddable":true,"href":"https:\/\/whatthefrance.org\/fr\/wp-json\/wp\/v2\/categories?post=15159"},{"taxonomy":"post_tag","embeddable":true,"href":"https:\/\/whatthefrance.org\/fr\/wp-json\/wp\/v2\/tags?post=15159"}],"curies":[{"name":"wp","href":"https:\/\/api.w.org\/{rel}","templated":true}]}}