{"id":17589,"date":"2020-03-21T12:12:07","date_gmt":"2020-03-21T11:12:07","guid":{"rendered":"https:\/\/whatthefrance.org\/?p=17589"},"modified":"2020-05-07T09:53:14","modified_gmt":"2020-05-07T07:53:14","slug":"petit-prince-son-nouvel-album","status":"publish","type":"post","link":"https:\/\/whatthefrance.org\/fr\/petit-prince-son-nouvel-album\/","title":{"rendered":"Petit Prince | Son nouvel album"},"content":{"rendered":"<p>Elliot Diener aka <a href=\"https:\/\/www.facebook.com\/petit.prince.music\/\" target=\"_blank\" rel=\"noopener noreferrer\"><strong>Petit Prince <\/strong><\/a>est synonyme de pop m\u00e9lancolique et psych\u00e9d\u00e9lique, port\u00e9e par des arrangements et des m\u00e9lodies majestueux. Un petit prince avec de grandes histoires. Alors que le single \u00ab\u00a0Tendresse sur canap\u00e9\u00a0\u00bb est d\u00e9j\u00e0 sorti ce 28 f\u00e9vrier, son nouvel album sortira le 4 septembre prochain.<\/p>\n<p><iframe loading=\"lazy\" title=\"Petit Prince \u2014 Chien Chinois (Official Video)\" width=\"500\" height=\"281\" src=\"https:\/\/www.youtube.com\/embed\/LcjYqpWtKqs?feature=oembed\" frameborder=\"0\" allow=\"accelerometer; autoplay; clipboard-write; encrypted-media; gyroscope; picture-in-picture; web-share\" referrerpolicy=\"strict-origin-when-cross-origin\" allowfullscreen><\/iframe><\/p>\n<p>Pour cause de son visage d&rsquo;enfant malicieux et de ses cheveux d&rsquo;ange, ses amis le baptisent Petit Prince. Il commence le piano tr\u00e8s t\u00f4t et fr\u00e9quente le conservatoire de sa ville natale, Strasbourg, pendant 10 ans pour \u00e9tudier le violoncelle. Ing\u00e9nieur du son \u00e0 Paris, il fonde avec ses amis le label <strong>Pain Surprises Records<\/strong> et, en tant que garant invisible de l&rsquo;identit\u00e9 sonore du label, aide tous les artistes en studio \u00e0 r\u00e9aliser leurs enregistrements. En 2015, Petit Prince sort son premier EP <em>Deux Mille Dix<\/em>\u00a0et revient d\u00e9but 2019 avec l&rsquo;EP <em>Je Vous Embrasse<\/em>, sur lequel il int\u00e8gre habilement de nombreux instruments dans ses productions \u00e9lectroniques.<\/p>\n<h3>Une d\u00e9claration d&rsquo;amour aux heures matinales<\/h3>\n<p>Son premier album <em><strong>Les plus beaux matins<\/strong><\/em>\u00a0(25 septembre 2020) est une d\u00e9claration d&rsquo;amour aux heures matinales, qui le lib\u00e8re de ses insomnies et de ses peurs. Un album de pop psych\u00e9d\u00e9lique avec une production d&rsquo;avant-garde. Dans ses textes, Petit Prince laisse \u00e9chapper l&rsquo;optimisme et pointe la peur cach\u00e9e d&rsquo;un id\u00e9al de vie qui paralyse sa g\u00e9n\u00e9ration.\u00a0Mais l&rsquo;amour et la passion qu&rsquo;il ressent et re\u00e7oit de ses proches restent les meilleurs antidotes \u00e0 ce malaise social.<\/p>\n","protected":false},"excerpt":{"rendered":"<p>Elliot Diener aka Petit Prince est synonyme de pop m\u00e9lancolique et psych\u00e9d\u00e9lique, port\u00e9e par des arrangements et des m\u00e9lodies majestueux. Un petit prince avec de grandes histoires. Alors que le single \u00ab\u00a0Tendresse sur canap\u00e9\u00a0\u00bb est d\u00e9j\u00e0 sorti ce 28 f\u00e9vrier, son nouvel album sortira le 4 septembre prochain. Pour cause de son visage d&rsquo;enfant malicieux [&hellip;]<\/p>\n","protected":false},"author":6,"featured_media":0,"comment_status":"closed","ping_status":"closed","sticky":false,"template":"","format":"standard","meta":{"_acf_changed":false,"footnotes":""},"categories":[215],"tags":[340],"class_list":["post-17589","post","type-post","status-publish","format-standard","hentry","category-release-fr","tag-pop-fr"],"acf":[],"yoast_head":"<!-- This site is optimized with the Yoast SEO plugin v27.3 - https:\/\/yoast.com\/product\/yoast-seo-wordpress\/ -->\n<title>Petit Prince | Son nouvel album - What the France<\/title>\n<meta name=\"robots\" content=\"index, follow, max-snippet:-1, max-image-preview:large, max-video-preview:-1\" \/>\n<link rel=\"canonical\" href=\"https:\/\/whatthefrance.org\/fr\/petit-prince-son-nouvel-album\/\" \/>\n<meta property=\"og:locale\" content=\"fr_FR\" \/>\n<meta property=\"og:type\" content=\"article\" \/>\n<meta property=\"og:title\" content=\"Petit Prince | Son nouvel album - What the France\" \/>\n<meta property=\"og:description\" content=\"Elliot Diener aka Petit Prince est synonyme de pop m\u00e9lancolique et psych\u00e9d\u00e9lique, port\u00e9e par des arrangements et des m\u00e9lodies majestueux. Un petit prince avec de grandes histoires. Alors que le single \u00ab\u00a0Tendresse sur canap\u00e9\u00a0\u00bb est d\u00e9j\u00e0 sorti ce 28 f\u00e9vrier, son nouvel album sortira le 4 septembre prochain. Pour cause de son visage d&rsquo;enfant malicieux [&hellip;]\" \/>\n<meta property=\"og:url\" content=\"https:\/\/whatthefrance.org\/fr\/petit-prince-son-nouvel-album\/\" \/>\n<meta property=\"og:site_name\" content=\"What the France\" \/>\n<meta property=\"article:published_time\" content=\"2020-03-21T11:12:07+00:00\" \/>\n<meta property=\"article:modified_time\" content=\"2020-05-07T07:53:14+00:00\" \/>\n<meta property=\"og:image\" content=\"https:\/\/whatthefrance.org\/wp-content\/uploads\/2020\/02\/Template-Website-Article2.png\" \/>\n\t<meta property=\"og:image:width\" content=\"1084\" \/>\n\t<meta property=\"og:image:height\" content=\"525\" \/>\n<meta name=\"author\" content=\"Marie-Sophie Administrateur\" \/>\n<meta name=\"twitter:card\" content=\"summary_large_image\" \/>\n<meta name=\"twitter:label1\" content=\"\u00c9crit par\" \/>\n\t<meta name=\"twitter:data1\" content=\"Marie-Sophie Administrateur\" \/>\n\t<meta name=\"twitter:label2\" content=\"Dur\u00e9e de lecture estim\u00e9e\" \/>\n\t<meta name=\"twitter:data2\" content=\"1 minute\" \/>\n<script type=\"application\/ld+json\" class=\"yoast-schema-graph\">{\"@context\":\"https:\\\/\\\/schema.org\",\"@graph\":[{\"@type\":\"Article\",\"@id\":\"https:\\\/\\\/whatthefrance.org\\\/fr\\\/petit-prince-son-nouvel-album\\\/#article\",\"isPartOf\":{\"@id\":\"https:\\\/\\\/whatthefrance.org\\\/fr\\\/petit-prince-son-nouvel-album\\\/\"},\"author\":{\"name\":\"Marie-Sophie Administrateur\",\"@id\":\"https:\\\/\\\/whatthefrance.org\\\/fr\\\/#\\\/schema\\\/person\\\/3b7ea6fb70b536503b3e8c909c564a81\"},\"headline\":\"Petit Prince | Son nouvel album\",\"datePublished\":\"2020-03-21T11:12:07+00:00\",\"dateModified\":\"2020-05-07T07:53:14+00:00\",\"mainEntityOfPage\":{\"@id\":\"https:\\\/\\\/whatthefrance.org\\\/fr\\\/petit-prince-son-nouvel-album\\\/\"},\"wordCount\":280,\"publisher\":{\"@id\":\"https:\\\/\\\/whatthefrance.org\\\/fr\\\/#organization\"},\"keywords\":[\"Pop\"],\"articleSection\":[\"Release\"],\"inLanguage\":\"fr-FR\"},{\"@type\":\"WebPage\",\"@id\":\"https:\\\/\\\/whatthefrance.org\\\/fr\\\/petit-prince-son-nouvel-album\\\/\",\"url\":\"https:\\\/\\\/whatthefrance.org\\\/fr\\\/petit-prince-son-nouvel-album\\\/\",\"name\":\"Petit Prince | Son nouvel album - What the France\",\"isPartOf\":{\"@id\":\"https:\\\/\\\/whatthefrance.org\\\/fr\\\/#website\"},\"datePublished\":\"2020-03-21T11:12:07+00:00\",\"dateModified\":\"2020-05-07T07:53:14+00:00\",\"breadcrumb\":{\"@id\":\"https:\\\/\\\/whatthefrance.org\\\/fr\\\/petit-prince-son-nouvel-album\\\/#breadcrumb\"},\"inLanguage\":\"fr-FR\",\"potentialAction\":[{\"@type\":\"ReadAction\",\"target\":[\"https:\\\/\\\/whatthefrance.org\\\/fr\\\/petit-prince-son-nouvel-album\\\/\"]}]},{\"@type\":\"BreadcrumbList\",\"@id\":\"https:\\\/\\\/whatthefrance.org\\\/fr\\\/petit-prince-son-nouvel-album\\\/#breadcrumb\",\"itemListElement\":[{\"@type\":\"ListItem\",\"position\":1,\"name\":\"Home\",\"item\":\"https:\\\/\\\/whatthefrance.org\\\/fr\\\/\"},{\"@type\":\"ListItem\",\"position\":2,\"name\":\"Petit Prince | Son nouvel album\"}]},{\"@type\":\"WebSite\",\"@id\":\"https:\\\/\\\/whatthefrance.org\\\/fr\\\/#website\",\"url\":\"https:\\\/\\\/whatthefrance.org\\\/fr\\\/\",\"name\":\"What the France\",\"description\":\"The finest music made in France !\",\"publisher\":{\"@id\":\"https:\\\/\\\/whatthefrance.org\\\/fr\\\/#organization\"},\"potentialAction\":[{\"@type\":\"SearchAction\",\"target\":{\"@type\":\"EntryPoint\",\"urlTemplate\":\"https:\\\/\\\/whatthefrance.org\\\/fr\\\/?s={search_term_string}\"},\"query-input\":{\"@type\":\"PropertyValueSpecification\",\"valueRequired\":true,\"valueName\":\"search_term_string\"}}],\"inLanguage\":\"fr-FR\"},{\"@type\":\"Organization\",\"@id\":\"https:\\\/\\\/whatthefrance.org\\\/fr\\\/#organization\",\"name\":\"What The France\",\"url\":\"https:\\\/\\\/whatthefrance.org\\\/fr\\\/\",\"logo\":{\"@type\":\"ImageObject\",\"inLanguage\":\"fr-FR\",\"@id\":\"https:\\\/\\\/whatthefrance.org\\\/fr\\\/#\\\/schema\\\/logo\\\/image\\\/\",\"url\":\"https:\\\/\\\/whatthefrance.org\\\/wp-content\\\/uploads\\\/2019\\\/12\\\/44688719_2251580388408837_694180218134331392_n-e1577679609190.png\",\"contentUrl\":\"https:\\\/\\\/whatthefrance.org\\\/wp-content\\\/uploads\\\/2019\\\/12\\\/44688719_2251580388408837_694180218134331392_n-e1577679609190.png\",\"width\":200,\"height\":200,\"caption\":\"What The France\"},\"image\":{\"@id\":\"https:\\\/\\\/whatthefrance.org\\\/fr\\\/#\\\/schema\\\/logo\\\/image\\\/\"}},{\"@type\":\"Person\",\"@id\":\"https:\\\/\\\/whatthefrance.org\\\/fr\\\/#\\\/schema\\\/person\\\/3b7ea6fb70b536503b3e8c909c564a81\",\"name\":\"Marie-Sophie Administrateur\",\"image\":{\"@type\":\"ImageObject\",\"inLanguage\":\"fr-FR\",\"@id\":\"https:\\\/\\\/secure.gravatar.com\\\/avatar\\\/d57e4552c73c8713409cd3c2de53bdb5d220ebdd76dc7ba351b2dbae89f5afa9?s=96&d=mm&r=g\",\"url\":\"https:\\\/\\\/secure.gravatar.com\\\/avatar\\\/d57e4552c73c8713409cd3c2de53bdb5d220ebdd76dc7ba351b2dbae89f5afa9?s=96&d=mm&r=g\",\"contentUrl\":\"https:\\\/\\\/secure.gravatar.com\\\/avatar\\\/d57e4552c73c8713409cd3c2de53bdb5d220ebdd76dc7ba351b2dbae89f5afa9?s=96&d=mm&r=g\",\"caption\":\"Marie-Sophie Administrateur\"}}]}<\/script>\n<!-- \/ Yoast SEO plugin. -->","yoast_head_json":{"title":"Petit Prince | Son nouvel album - What the France","robots":{"index":"index","follow":"follow","max-snippet":"max-snippet:-1","max-image-preview":"max-image-preview:large","max-video-preview":"max-video-preview:-1"},"canonical":"https:\/\/whatthefrance.org\/fr\/petit-prince-son-nouvel-album\/","og_locale":"fr_FR","og_type":"article","og_title":"Petit Prince | Son nouvel album - What the France","og_description":"Elliot Diener aka Petit Prince est synonyme de pop m\u00e9lancolique et psych\u00e9d\u00e9lique, port\u00e9e par des arrangements et des m\u00e9lodies majestueux. Un petit prince avec de grandes histoires. Alors que le single \u00ab\u00a0Tendresse sur canap\u00e9\u00a0\u00bb est d\u00e9j\u00e0 sorti ce 28 f\u00e9vrier, son nouvel album sortira le 4 septembre prochain. Pour cause de son visage d&rsquo;enfant malicieux [&hellip;]","og_url":"https:\/\/whatthefrance.org\/fr\/petit-prince-son-nouvel-album\/","og_site_name":"What the France","article_published_time":"2020-03-21T11:12:07+00:00","article_modified_time":"2020-05-07T07:53:14+00:00","og_image":[{"url":"https:\/\/whatthefrance.org\/wp-content\/uploads\/2020\/02\/Template-Website-Article2.png","height":525,"width":1084,"type":""}],"author":"Marie-Sophie Administrateur","twitter_card":"summary_large_image","twitter_misc":{"\u00c9crit par":"Marie-Sophie Administrateur","Dur\u00e9e de lecture estim\u00e9e":"1 minute"},"schema":{"@context":"https:\/\/schema.org","@graph":[{"@type":"Article","@id":"https:\/\/whatthefrance.org\/fr\/petit-prince-son-nouvel-album\/#article","isPartOf":{"@id":"https:\/\/whatthefrance.org\/fr\/petit-prince-son-nouvel-album\/"},"author":{"name":"Marie-Sophie Administrateur","@id":"https:\/\/whatthefrance.org\/fr\/#\/schema\/person\/3b7ea6fb70b536503b3e8c909c564a81"},"headline":"Petit Prince | Son nouvel album","datePublished":"2020-03-21T11:12:07+00:00","dateModified":"2020-05-07T07:53:14+00:00","mainEntityOfPage":{"@id":"https:\/\/whatthefrance.org\/fr\/petit-prince-son-nouvel-album\/"},"wordCount":280,"publisher":{"@id":"https:\/\/whatthefrance.org\/fr\/#organization"},"keywords":["Pop"],"articleSection":["Release"],"inLanguage":"fr-FR"},{"@type":"WebPage","@id":"https:\/\/whatthefrance.org\/fr\/petit-prince-son-nouvel-album\/","url":"https:\/\/whatthefrance.org\/fr\/petit-prince-son-nouvel-album\/","name":"Petit Prince | Son nouvel album - What the France","isPartOf":{"@id":"https:\/\/whatthefrance.org\/fr\/#website"},"datePublished":"2020-03-21T11:12:07+00:00","dateModified":"2020-05-07T07:53:14+00:00","breadcrumb":{"@id":"https:\/\/whatthefrance.org\/fr\/petit-prince-son-nouvel-album\/#breadcrumb"},"inLanguage":"fr-FR","potentialAction":[{"@type":"ReadAction","target":["https:\/\/whatthefrance.org\/fr\/petit-prince-son-nouvel-album\/"]}]},{"@type":"BreadcrumbList","@id":"https:\/\/whatthefrance.org\/fr\/petit-prince-son-nouvel-album\/#breadcrumb","itemListElement":[{"@type":"ListItem","position":1,"name":"Home","item":"https:\/\/whatthefrance.org\/fr\/"},{"@type":"ListItem","position":2,"name":"Petit Prince | Son nouvel album"}]},{"@type":"WebSite","@id":"https:\/\/whatthefrance.org\/fr\/#website","url":"https:\/\/whatthefrance.org\/fr\/","name":"What the France","description":"The finest music made in France !","publisher":{"@id":"https:\/\/whatthefrance.org\/fr\/#organization"},"potentialAction":[{"@type":"SearchAction","target":{"@type":"EntryPoint","urlTemplate":"https:\/\/whatthefrance.org\/fr\/?s={search_term_string}"},"query-input":{"@type":"PropertyValueSpecification","valueRequired":true,"valueName":"search_term_string"}}],"inLanguage":"fr-FR"},{"@type":"Organization","@id":"https:\/\/whatthefrance.org\/fr\/#organization","name":"What The France","url":"https:\/\/whatthefrance.org\/fr\/","logo":{"@type":"ImageObject","inLanguage":"fr-FR","@id":"https:\/\/whatthefrance.org\/fr\/#\/schema\/logo\/image\/","url":"https:\/\/whatthefrance.org\/wp-content\/uploads\/2019\/12\/44688719_2251580388408837_694180218134331392_n-e1577679609190.png","contentUrl":"https:\/\/whatthefrance.org\/wp-content\/uploads\/2019\/12\/44688719_2251580388408837_694180218134331392_n-e1577679609190.png","width":200,"height":200,"caption":"What The France"},"image":{"@id":"https:\/\/whatthefrance.org\/fr\/#\/schema\/logo\/image\/"}},{"@type":"Person","@id":"https:\/\/whatthefrance.org\/fr\/#\/schema\/person\/3b7ea6fb70b536503b3e8c909c564a81","name":"Marie-Sophie Administrateur","image":{"@type":"ImageObject","inLanguage":"fr-FR","@id":"https:\/\/secure.gravatar.com\/avatar\/d57e4552c73c8713409cd3c2de53bdb5d220ebdd76dc7ba351b2dbae89f5afa9?s=96&d=mm&r=g","url":"https:\/\/secure.gravatar.com\/avatar\/d57e4552c73c8713409cd3c2de53bdb5d220ebdd76dc7ba351b2dbae89f5afa9?s=96&d=mm&r=g","contentUrl":"https:\/\/secure.gravatar.com\/avatar\/d57e4552c73c8713409cd3c2de53bdb5d220ebdd76dc7ba351b2dbae89f5afa9?s=96&d=mm&r=g","caption":"Marie-Sophie Administrateur"}}]}},"_links":{"self":[{"href":"https:\/\/whatthefrance.org\/fr\/wp-json\/wp\/v2\/posts\/17589","targetHints":{"allow":["GET"]}}],"collection":[{"href":"https:\/\/whatthefrance.org\/fr\/wp-json\/wp\/v2\/posts"}],"about":[{"href":"https:\/\/whatthefrance.org\/fr\/wp-json\/wp\/v2\/types\/post"}],"author":[{"embeddable":true,"href":"https:\/\/whatthefrance.org\/fr\/wp-json\/wp\/v2\/users\/6"}],"replies":[{"embeddable":true,"href":"https:\/\/whatthefrance.org\/fr\/wp-json\/wp\/v2\/comments?post=17589"}],"version-history":[{"count":7,"href":"https:\/\/whatthefrance.org\/fr\/wp-json\/wp\/v2\/posts\/17589\/revisions"}],"predecessor-version":[{"id":19122,"href":"https:\/\/whatthefrance.org\/fr\/wp-json\/wp\/v2\/posts\/17589\/revisions\/19122"}],"wp:attachment":[{"href":"https:\/\/whatthefrance.org\/fr\/wp-json\/wp\/v2\/media?parent=17589"}],"wp:term":[{"taxonomy":"category","embeddable":true,"href":"https:\/\/whatthefrance.org\/fr\/wp-json\/wp\/v2\/categories?post=17589"},{"taxonomy":"post_tag","embeddable":true,"href":"https:\/\/whatthefrance.org\/fr\/wp-json\/wp\/v2\/tags?post=17589"}],"curies":[{"name":"wp","href":"https:\/\/api.w.org\/{rel}","templated":true}]}}