{"id":17608,"date":"2020-03-23T15:51:58","date_gmt":"2020-03-23T14:51:58","guid":{"rendered":"https:\/\/whatthefrance.org\/?p=17608"},"modified":"2020-03-23T17:03:39","modified_gmt":"2020-03-23T16:03:39","slug":"suzane-what-the-france-live-shot","status":"publish","type":"post","link":"https:\/\/whatthefrance.org\/fr\/suzane-what-the-france-live-shot\/","title":{"rendered":"Suzane | What The France Live Shot"},"content":{"rendered":"<p><span class=\"em-orange\">What The France vous emm\u00e8ne \u00e0 la rencontre de <b><a href=\"https:\/\/www.facebook.com\/suzanemusique\/\" target=\"_blank\" rel=\"noopener noreferrer\">Suzane<\/a><\/b>, \u00e0 travers une nouvelle capsule \u00ab\u00a0Live Shot\u00a0\u00bb. Vous pourrez d\u00e9couvrir cette artiste sous l&rsquo;angle nouveau du live, et en savoir plus sur son meilleur souvenir de concert, son rituel avant de monter sur sc\u00e8ne&#8230; Pr\u00eats\u00a0pour un shot de live ?\u00a0<\/span><\/p>\n<p><iframe loading=\"lazy\" title=\"Suzane - What the France Live Shot\" width=\"500\" height=\"281\" src=\"https:\/\/www.youtube.com\/embed\/H8m8UG0GauM?feature=oembed\" frameborder=\"0\" allow=\"accelerometer; autoplay; clipboard-write; encrypted-media; gyroscope; picture-in-picture; web-share\" referrerpolicy=\"strict-origin-when-cross-origin\" allowfullscreen><\/iframe><\/p>\n<p>Suzane se d\u00e9finit comme une \u00ab\u00a0conteuse d&rsquo;histoires vraies sur fond d&rsquo;\u00e9lectro\u00a0\u00bb. \u00c9lectron libre de cette nouvelle sc\u00e8ne \u00e9lectro\/chanson, Suzane \u00e9touffe les \u00e9vidences et chante ce que nous sommes.<\/p>\n<p>Avec son album fraichement sorti <em><b><strong>To\u00ef To\u00ef<\/strong><\/b><\/em>\u00a0, Suzane cumule d\u00e9j\u00e0 plus de <strong>vingts<\/strong><b><strong>\u00a0millions de streams<\/strong><\/b>, des concerts partout dans le monde, de l&rsquo;<a href=\"https:\/\/whatthefrance.org\/fr\/what-the-france-festival-2019-6eme-edition\/\" target=\"_blank\" rel=\"noopener noreferrer\">Allemagne<\/a>\u00a0au <b><strong>Japon<\/strong><\/b>\u00a0en passant par la\u00a0<b><strong>Chine<\/strong><\/b><b><strong>. <\/strong><\/b>En 2019 elle est <b><strong>l&rsquo;artiste la plus programm\u00e9e des festivals <\/strong><\/b>et comptabilise\u00a0<b><strong>126 dates sur la tourn\u00e9e.<\/strong><\/b><\/p>\n<p>Ce travail acharn\u00e9 et un talent s\u00fbr ont \u00e9t\u00e9 salu\u00e9s par une <strong>Victoire de la r\u00e9v\u00e9lation sc\u00e8ne<\/strong> lors des <strong>Victoires de la musique 2020.<\/strong><\/p>\n<h3>Mais qui est Suzane ?<\/h3>\n<p>Apr\u00e8s 15 ans de conservatoire en danse classique et alors qu&rsquo;elle se passionne pour la chanson r\u00e9aliste (Brel, Piaf, Barbara\u2026), Suzane arr\u00eate de danser et prend un job de serveuse \u00e0 Paris. Elle y d\u00e9couvre le monde de la nuit, les clubs et la musique \u00e9lectro. C&rsquo;est \u00e0 ce moment que son projet artistique prend forme:\u00a0<b>Suzane sera une artiste \u00e9lectro, avec la danse comme \u00e9l\u00e9ment central, une danse d\u00e9structur\u00e9e loin de celle qu&rsquo;elle a apprise plus jeune, sans \u00e9luder son amour pour les mots.<\/b><\/p>\n<h3>Sur sc\u00e8ne<\/h3>\n<p>Sur sc\u00e8ne comme dans ses clips, elle porte cette dr\u00f4le de combinaison bleue. Sa panoplie de super h\u00e9ro\u00efne ? <i>\u201cAvec la danse, j\u2019ai toujours \u00e9t\u00e9 habitu\u00e9e \u00e0 enfiler un costume. Ce truc de se dire que je monte sur sc\u00e8ne pas habill\u00e9e comme dans la vie de tous les jours. Dans ma danse, il y a un c\u00f4t\u00e9 danse de combat. Mon p\u00e8re est un accro des arts martiaux, il regardait les films de Bruce Lee avec moi et j\u2019ai \u00e9t\u00e9 inspir\u00e9e par sa combinaison jaune. D\u00e8s que je porte cette combinaison, je deviens Suzane\u2026 Et Suzane me permet d\u2019\u00eatre moi-m\u00eame tout en \u00e9tant quelqu\u2019un d\u2019autre.\u201d<\/i><\/p>\n<p>Suzane veut exp\u00e9rimenter, ressentir, partager, composer, risquer, bouger, n\u2019\u00eatre qu\u2019elle-m\u00eame, quitte \u00e0 devenir quelqu\u2019un d\u2019autre, le temps d\u2019une chanson, d\u2019un concert, d\u2019une vision.<\/p>\n<h3>D\u00e9couvrez sa s\u00e9lection de morceaux \u00ab\u00a0made in France\u00a0\u00bb<\/h3>\n<div class=\"playListBloc singleBloc\"><div class=\"playListBloc-wrap\">    <div class=\"thumbnail\"><img data-src=\"https:\/\/whatthefrance.org\/wp-content\/uploads\/2019\/11\/WTF-Cover-Collab_Suzane-254x254.jpg\" class=\"lazyload\" alt=\"WTF&#8212;Cover-Collab_Suzane\" \/>    <\/div>    <div class=\"infos\">        <span class=\"tag\">Curators<\/span>        <h2>A Made In France Selection By Suzane<\/h2>        <span class=\"separator\"><\/span>       <span class=\"desc\">Listen to a selection of made in France tracks, handpicked by Suzane ! Pic @ Suzane.<\/span><div class=\"share flex flexAlignCenter \">\t<span class=\"label\">Partager<\/span>\t<a href=\"https:\/\/www.facebook.com\/sharer\/sharer.php?u=https:\/\/whatthefrance.org\/fr\/playlists\/a-made-in-france-selection-by-suzane\/\" class=\"facebook\" target=\"_blank\" rel=\"noreferrer\">Facebook<\/a>\t<a href=\"https:\/\/twitter.com\/intent\/tweet?url=https:\/\/whatthefrance.org\/fr\/playlists\/a-made-in-france-selection-by-suzane\/&text=A+Made+In+France+Selection+By+Suzane&hashtags=WTF\" class=\"twitter\" target=\"_blank\" rel=\"noreferrer\">Twitter<\/a>\t<a href=\"mailto:?subject=What%20the%20France%20%3A%20A%20Made%20In%20France%20Selection%20By%20Suzane&body=https:\/\/whatthefrance.org\/fr\/playlists\/a-made-in-france-selection-by-suzane\/\" class=\"mail\" target=\"_blank\" rel=\"noreferrer\">Email<\/a><\/div>        <a href=\"#\" class=\"btn btnPlaylist orange playlist-click\" data-id=\"12531\">            <svg version=\"1.1\" x=\"0px\" y=\"0px\" width=\"40px\" height=\"40px\" viewBox=\"0 0 213.7 213.7\" enable-background=\"new 0 0 213.7 213.7\" xml:space=\"preserve\">                <polygon class=\"triangle\" fill=\"none\" stroke-width=\"10\" stroke-linecap=\"round\" stroke-linejoin=\"round\" stroke-miterlimit=\"10\" points=\"\n            73.5,62.5 148.5,105.8 73.5,149.1 \"\/>                <circle class=\"circle\" fill=\"none\"  stroke-width=\"8\" stroke-linecap=\"round\" stroke-linejoin=\"round\" stroke-miterlimit=\"10\" cx=\"106.8\" cy=\"106.8\" r=\"103.3\"\/>                <circle class=\"circle-white\" fill=\"none\"  stroke-width=\"8\" stroke-linecap=\"round\" stroke-linejoin=\"round\" stroke-miterlimit=\"10\" cx=\"106.8\" cy=\"106.8\" r=\"103.3\"\/>            <\/svg>Ecouter        <\/a>    <\/div>  <\/div><\/div>\n","protected":false},"excerpt":{"rendered":"<p>What The France vous emm\u00e8ne \u00e0 la rencontre de Suzane, \u00e0 travers une nouvelle capsule \u00ab\u00a0Live Shot\u00a0\u00bb. Vous pourrez d\u00e9couvrir cette artiste sous l&rsquo;angle nouveau du live, et en savoir plus sur son meilleur souvenir de concert, son rituel avant de monter sur sc\u00e8ne&#8230; Pr\u00eats\u00a0pour un shot de live ?\u00a0 Suzane se d\u00e9finit comme une [&hellip;]<\/p>\n","protected":false},"author":6,"featured_media":0,"comment_status":"closed","ping_status":"closed","sticky":false,"template":"","format":"standard","meta":{"_acf_changed":false,"footnotes":""},"categories":[217],"tags":[323,340],"class_list":["post-17608","post","type-post","status-publish","format-standard","hentry","category-video-fr","tag-electronic-fr","tag-pop-fr"],"acf":[],"yoast_head":"<!-- This site is optimized with the Yoast SEO plugin v27.3 - https:\/\/yoast.com\/product\/yoast-seo-wordpress\/ -->\n<title>Suzane | What The France Live Shot - What the France<\/title>\n<meta name=\"robots\" content=\"index, follow, max-snippet:-1, max-image-preview:large, max-video-preview:-1\" \/>\n<link rel=\"canonical\" href=\"https:\/\/whatthefrance.org\/fr\/suzane-what-the-france-live-shot\/\" \/>\n<meta property=\"og:locale\" content=\"fr_FR\" \/>\n<meta property=\"og:type\" content=\"article\" \/>\n<meta property=\"og:title\" content=\"Suzane | What The France Live Shot - What the France\" \/>\n<meta property=\"og:description\" content=\"What The France vous emm\u00e8ne \u00e0 la rencontre de Suzane, \u00e0 travers une nouvelle capsule \u00ab\u00a0Live Shot\u00a0\u00bb. Vous pourrez d\u00e9couvrir cette artiste sous l&rsquo;angle nouveau du live, et en savoir plus sur son meilleur souvenir de concert, son rituel avant de monter sur sc\u00e8ne&#8230; Pr\u00eats\u00a0pour un shot de live ?\u00a0 Suzane se d\u00e9finit comme une [&hellip;]\" \/>\n<meta property=\"og:url\" content=\"https:\/\/whatthefrance.org\/fr\/suzane-what-the-france-live-shot\/\" \/>\n<meta property=\"og:site_name\" content=\"What the France\" \/>\n<meta property=\"article:published_time\" content=\"2020-03-23T14:51:58+00:00\" \/>\n<meta property=\"article:modified_time\" content=\"2020-03-23T16:03:39+00:00\" \/>\n<meta property=\"og:image\" content=\"https:\/\/whatthefrance.org\/wp-content\/uploads\/2020\/03\/SUZANE_POCHETTEPRESSE_BD-7-scaled.jpg\" \/>\n\t<meta property=\"og:image:width\" content=\"2560\" \/>\n\t<meta property=\"og:image:height\" content=\"1707\" \/>\n<meta name=\"author\" content=\"Marie-Sophie Administrateur\" \/>\n<meta name=\"twitter:card\" content=\"summary_large_image\" \/>\n<meta name=\"twitter:label1\" content=\"\u00c9crit par\" \/>\n\t<meta name=\"twitter:data1\" content=\"Marie-Sophie Administrateur\" \/>\n\t<meta name=\"twitter:label2\" content=\"Dur\u00e9e de lecture estim\u00e9e\" \/>\n\t<meta name=\"twitter:data2\" content=\"2 minutes\" \/>\n<script type=\"application\/ld+json\" class=\"yoast-schema-graph\">{\"@context\":\"https:\\\/\\\/schema.org\",\"@graph\":[{\"@type\":\"Article\",\"@id\":\"https:\\\/\\\/whatthefrance.org\\\/fr\\\/suzane-what-the-france-live-shot\\\/#article\",\"isPartOf\":{\"@id\":\"https:\\\/\\\/whatthefrance.org\\\/fr\\\/suzane-what-the-france-live-shot\\\/\"},\"author\":{\"name\":\"Marie-Sophie Administrateur\",\"@id\":\"https:\\\/\\\/whatthefrance.org\\\/fr\\\/#\\\/schema\\\/person\\\/3b7ea6fb70b536503b3e8c909c564a81\"},\"headline\":\"Suzane | What The France Live Shot\",\"datePublished\":\"2020-03-23T14:51:58+00:00\",\"dateModified\":\"2020-03-23T16:03:39+00:00\",\"mainEntityOfPage\":{\"@id\":\"https:\\\/\\\/whatthefrance.org\\\/fr\\\/suzane-what-the-france-live-shot\\\/\"},\"wordCount\":441,\"publisher\":{\"@id\":\"https:\\\/\\\/whatthefrance.org\\\/fr\\\/#organization\"},\"keywords\":[\"Electronic\",\"Pop\"],\"articleSection\":[\"Video\"],\"inLanguage\":\"fr-FR\"},{\"@type\":\"WebPage\",\"@id\":\"https:\\\/\\\/whatthefrance.org\\\/fr\\\/suzane-what-the-france-live-shot\\\/\",\"url\":\"https:\\\/\\\/whatthefrance.org\\\/fr\\\/suzane-what-the-france-live-shot\\\/\",\"name\":\"Suzane | What The France Live Shot - What the France\",\"isPartOf\":{\"@id\":\"https:\\\/\\\/whatthefrance.org\\\/fr\\\/#website\"},\"datePublished\":\"2020-03-23T14:51:58+00:00\",\"dateModified\":\"2020-03-23T16:03:39+00:00\",\"breadcrumb\":{\"@id\":\"https:\\\/\\\/whatthefrance.org\\\/fr\\\/suzane-what-the-france-live-shot\\\/#breadcrumb\"},\"inLanguage\":\"fr-FR\",\"potentialAction\":[{\"@type\":\"ReadAction\",\"target\":[\"https:\\\/\\\/whatthefrance.org\\\/fr\\\/suzane-what-the-france-live-shot\\\/\"]}]},{\"@type\":\"BreadcrumbList\",\"@id\":\"https:\\\/\\\/whatthefrance.org\\\/fr\\\/suzane-what-the-france-live-shot\\\/#breadcrumb\",\"itemListElement\":[{\"@type\":\"ListItem\",\"position\":1,\"name\":\"Home\",\"item\":\"https:\\\/\\\/whatthefrance.org\\\/fr\\\/\"},{\"@type\":\"ListItem\",\"position\":2,\"name\":\"Suzane | What The France Live Shot\"}]},{\"@type\":\"WebSite\",\"@id\":\"https:\\\/\\\/whatthefrance.org\\\/fr\\\/#website\",\"url\":\"https:\\\/\\\/whatthefrance.org\\\/fr\\\/\",\"name\":\"What the France\",\"description\":\"The finest music made in France !\",\"publisher\":{\"@id\":\"https:\\\/\\\/whatthefrance.org\\\/fr\\\/#organization\"},\"potentialAction\":[{\"@type\":\"SearchAction\",\"target\":{\"@type\":\"EntryPoint\",\"urlTemplate\":\"https:\\\/\\\/whatthefrance.org\\\/fr\\\/?s={search_term_string}\"},\"query-input\":{\"@type\":\"PropertyValueSpecification\",\"valueRequired\":true,\"valueName\":\"search_term_string\"}}],\"inLanguage\":\"fr-FR\"},{\"@type\":\"Organization\",\"@id\":\"https:\\\/\\\/whatthefrance.org\\\/fr\\\/#organization\",\"name\":\"What The France\",\"url\":\"https:\\\/\\\/whatthefrance.org\\\/fr\\\/\",\"logo\":{\"@type\":\"ImageObject\",\"inLanguage\":\"fr-FR\",\"@id\":\"https:\\\/\\\/whatthefrance.org\\\/fr\\\/#\\\/schema\\\/logo\\\/image\\\/\",\"url\":\"https:\\\/\\\/whatthefrance.org\\\/wp-content\\\/uploads\\\/2019\\\/12\\\/44688719_2251580388408837_694180218134331392_n-e1577679609190.png\",\"contentUrl\":\"https:\\\/\\\/whatthefrance.org\\\/wp-content\\\/uploads\\\/2019\\\/12\\\/44688719_2251580388408837_694180218134331392_n-e1577679609190.png\",\"width\":200,\"height\":200,\"caption\":\"What The France\"},\"image\":{\"@id\":\"https:\\\/\\\/whatthefrance.org\\\/fr\\\/#\\\/schema\\\/logo\\\/image\\\/\"}},{\"@type\":\"Person\",\"@id\":\"https:\\\/\\\/whatthefrance.org\\\/fr\\\/#\\\/schema\\\/person\\\/3b7ea6fb70b536503b3e8c909c564a81\",\"name\":\"Marie-Sophie Administrateur\",\"image\":{\"@type\":\"ImageObject\",\"inLanguage\":\"fr-FR\",\"@id\":\"https:\\\/\\\/secure.gravatar.com\\\/avatar\\\/d57e4552c73c8713409cd3c2de53bdb5d220ebdd76dc7ba351b2dbae89f5afa9?s=96&d=mm&r=g\",\"url\":\"https:\\\/\\\/secure.gravatar.com\\\/avatar\\\/d57e4552c73c8713409cd3c2de53bdb5d220ebdd76dc7ba351b2dbae89f5afa9?s=96&d=mm&r=g\",\"contentUrl\":\"https:\\\/\\\/secure.gravatar.com\\\/avatar\\\/d57e4552c73c8713409cd3c2de53bdb5d220ebdd76dc7ba351b2dbae89f5afa9?s=96&d=mm&r=g\",\"caption\":\"Marie-Sophie Administrateur\"}}]}<\/script>\n<!-- \/ Yoast SEO plugin. -->","yoast_head_json":{"title":"Suzane | What The France Live Shot - What the France","robots":{"index":"index","follow":"follow","max-snippet":"max-snippet:-1","max-image-preview":"max-image-preview:large","max-video-preview":"max-video-preview:-1"},"canonical":"https:\/\/whatthefrance.org\/fr\/suzane-what-the-france-live-shot\/","og_locale":"fr_FR","og_type":"article","og_title":"Suzane | What The France Live Shot - What the France","og_description":"What The France vous emm\u00e8ne \u00e0 la rencontre de Suzane, \u00e0 travers une nouvelle capsule \u00ab\u00a0Live Shot\u00a0\u00bb. Vous pourrez d\u00e9couvrir cette artiste sous l&rsquo;angle nouveau du live, et en savoir plus sur son meilleur souvenir de concert, son rituel avant de monter sur sc\u00e8ne&#8230; Pr\u00eats\u00a0pour un shot de live ?\u00a0 Suzane se d\u00e9finit comme une [&hellip;]","og_url":"https:\/\/whatthefrance.org\/fr\/suzane-what-the-france-live-shot\/","og_site_name":"What the France","article_published_time":"2020-03-23T14:51:58+00:00","article_modified_time":"2020-03-23T16:03:39+00:00","og_image":[{"url":"https:\/\/whatthefrance.org\/wp-content\/uploads\/2020\/03\/SUZANE_POCHETTEPRESSE_BD-7-scaled.jpg","height":1707,"width":2560,"type":""}],"author":"Marie-Sophie Administrateur","twitter_card":"summary_large_image","twitter_misc":{"\u00c9crit par":"Marie-Sophie Administrateur","Dur\u00e9e de lecture estim\u00e9e":"2 minutes"},"schema":{"@context":"https:\/\/schema.org","@graph":[{"@type":"Article","@id":"https:\/\/whatthefrance.org\/fr\/suzane-what-the-france-live-shot\/#article","isPartOf":{"@id":"https:\/\/whatthefrance.org\/fr\/suzane-what-the-france-live-shot\/"},"author":{"name":"Marie-Sophie Administrateur","@id":"https:\/\/whatthefrance.org\/fr\/#\/schema\/person\/3b7ea6fb70b536503b3e8c909c564a81"},"headline":"Suzane | What The France Live Shot","datePublished":"2020-03-23T14:51:58+00:00","dateModified":"2020-03-23T16:03:39+00:00","mainEntityOfPage":{"@id":"https:\/\/whatthefrance.org\/fr\/suzane-what-the-france-live-shot\/"},"wordCount":441,"publisher":{"@id":"https:\/\/whatthefrance.org\/fr\/#organization"},"keywords":["Electronic","Pop"],"articleSection":["Video"],"inLanguage":"fr-FR"},{"@type":"WebPage","@id":"https:\/\/whatthefrance.org\/fr\/suzane-what-the-france-live-shot\/","url":"https:\/\/whatthefrance.org\/fr\/suzane-what-the-france-live-shot\/","name":"Suzane | What The France Live Shot - What the France","isPartOf":{"@id":"https:\/\/whatthefrance.org\/fr\/#website"},"datePublished":"2020-03-23T14:51:58+00:00","dateModified":"2020-03-23T16:03:39+00:00","breadcrumb":{"@id":"https:\/\/whatthefrance.org\/fr\/suzane-what-the-france-live-shot\/#breadcrumb"},"inLanguage":"fr-FR","potentialAction":[{"@type":"ReadAction","target":["https:\/\/whatthefrance.org\/fr\/suzane-what-the-france-live-shot\/"]}]},{"@type":"BreadcrumbList","@id":"https:\/\/whatthefrance.org\/fr\/suzane-what-the-france-live-shot\/#breadcrumb","itemListElement":[{"@type":"ListItem","position":1,"name":"Home","item":"https:\/\/whatthefrance.org\/fr\/"},{"@type":"ListItem","position":2,"name":"Suzane | What The France Live Shot"}]},{"@type":"WebSite","@id":"https:\/\/whatthefrance.org\/fr\/#website","url":"https:\/\/whatthefrance.org\/fr\/","name":"What the France","description":"The finest music made in France !","publisher":{"@id":"https:\/\/whatthefrance.org\/fr\/#organization"},"potentialAction":[{"@type":"SearchAction","target":{"@type":"EntryPoint","urlTemplate":"https:\/\/whatthefrance.org\/fr\/?s={search_term_string}"},"query-input":{"@type":"PropertyValueSpecification","valueRequired":true,"valueName":"search_term_string"}}],"inLanguage":"fr-FR"},{"@type":"Organization","@id":"https:\/\/whatthefrance.org\/fr\/#organization","name":"What The France","url":"https:\/\/whatthefrance.org\/fr\/","logo":{"@type":"ImageObject","inLanguage":"fr-FR","@id":"https:\/\/whatthefrance.org\/fr\/#\/schema\/logo\/image\/","url":"https:\/\/whatthefrance.org\/wp-content\/uploads\/2019\/12\/44688719_2251580388408837_694180218134331392_n-e1577679609190.png","contentUrl":"https:\/\/whatthefrance.org\/wp-content\/uploads\/2019\/12\/44688719_2251580388408837_694180218134331392_n-e1577679609190.png","width":200,"height":200,"caption":"What The France"},"image":{"@id":"https:\/\/whatthefrance.org\/fr\/#\/schema\/logo\/image\/"}},{"@type":"Person","@id":"https:\/\/whatthefrance.org\/fr\/#\/schema\/person\/3b7ea6fb70b536503b3e8c909c564a81","name":"Marie-Sophie Administrateur","image":{"@type":"ImageObject","inLanguage":"fr-FR","@id":"https:\/\/secure.gravatar.com\/avatar\/d57e4552c73c8713409cd3c2de53bdb5d220ebdd76dc7ba351b2dbae89f5afa9?s=96&d=mm&r=g","url":"https:\/\/secure.gravatar.com\/avatar\/d57e4552c73c8713409cd3c2de53bdb5d220ebdd76dc7ba351b2dbae89f5afa9?s=96&d=mm&r=g","contentUrl":"https:\/\/secure.gravatar.com\/avatar\/d57e4552c73c8713409cd3c2de53bdb5d220ebdd76dc7ba351b2dbae89f5afa9?s=96&d=mm&r=g","caption":"Marie-Sophie Administrateur"}}]}},"_links":{"self":[{"href":"https:\/\/whatthefrance.org\/fr\/wp-json\/wp\/v2\/posts\/17608","targetHints":{"allow":["GET"]}}],"collection":[{"href":"https:\/\/whatthefrance.org\/fr\/wp-json\/wp\/v2\/posts"}],"about":[{"href":"https:\/\/whatthefrance.org\/fr\/wp-json\/wp\/v2\/types\/post"}],"author":[{"embeddable":true,"href":"https:\/\/whatthefrance.org\/fr\/wp-json\/wp\/v2\/users\/6"}],"replies":[{"embeddable":true,"href":"https:\/\/whatthefrance.org\/fr\/wp-json\/wp\/v2\/comments?post=17608"}],"version-history":[{"count":19,"href":"https:\/\/whatthefrance.org\/fr\/wp-json\/wp\/v2\/posts\/17608\/revisions"}],"predecessor-version":[{"id":17696,"href":"https:\/\/whatthefrance.org\/fr\/wp-json\/wp\/v2\/posts\/17608\/revisions\/17696"}],"wp:attachment":[{"href":"https:\/\/whatthefrance.org\/fr\/wp-json\/wp\/v2\/media?parent=17608"}],"wp:term":[{"taxonomy":"category","embeddable":true,"href":"https:\/\/whatthefrance.org\/fr\/wp-json\/wp\/v2\/categories?post=17608"},{"taxonomy":"post_tag","embeddable":true,"href":"https:\/\/whatthefrance.org\/fr\/wp-json\/wp\/v2\/tags?post=17608"}],"curies":[{"name":"wp","href":"https:\/\/api.w.org\/{rel}","templated":true}]}}