{"id":21869,"date":"2020-09-25T16:04:54","date_gmt":"2020-09-25T14:04:54","guid":{"rendered":"https:\/\/whatthefrance.org\/?p=21869"},"modified":"2020-09-25T16:04:54","modified_gmt":"2020-09-25T14:04:54","slug":"25-9-2020-les-sorties-du-vendredi","status":"publish","type":"post","link":"https:\/\/whatthefrance.org\/fr\/25-9-2020-les-sorties-du-vendredi\/","title":{"rendered":"25.9. 2020 \u2013 Les sorties du vendredi !"},"content":{"rendered":"<p>Faites le plein de nouveaut\u00e9s avec notre playlist \u00ab Latest releases \u00bb ! Chaque vendredi, What The France vous propose ici sa s\u00e9lection des sorties de la semaine : des titres qui ne se ressemblent pas, \u00e9voluant dans tous les styles musicaux, mais qui ont tous en commun d&rsquo;\u00eatre tir\u00e9s de de la production musicale fran\u00e7aise et d&rsquo;avoir un potentiel \u00e9vident pour s&rsquo;exporter hors des fronti\u00e8res hexagonales.<\/p>\n<p>La sortie du nouvel album de Carla Bruni approche \u00e0 grands pas, elle en d\u00e9voile ce vendredi un troisi\u00e8me extrait intitul\u00e9 \u00ab\u00a0Le petit gu\u00e9pard\u00a0\u00bb. C\u00f4t\u00e9 chanson fran\u00e7aise, on retiendra aussi la collaboration entre les ic\u00f4nes Jane Birkin et\u00a0\u00c9tienne\u00a0Daho sur le single \u00ab\u00a0Oh\u00a0! Pardon tu dormais\u00a0\u00bb, qui sera aussi le titre du prochain album de la muse de Serge Gainsbourg, annonc\u00e9 pour le 20 novembre prochain. La voix soul envo\u00fbtante de Kimberose se fait \u00e0 nouveau entendre sur le single \u00ab\u00a0Back on my feet \u00bb. Du c\u00f4t\u00e9 des musiques urbaines, on vous recommande le nouvel album du groupe ASM &#8211; A State Of Mind, baptis\u00e9 \u00ab\u00a0Blue Cocoon\u00a0\u00bb, ainsi que le duo \u00ab\u00a0Pour nous \u00bb qui r\u00e9unit Vegedream et Tayc. Pour votre dose de pop-rock, laissez-vous emporter par les derniers singles d\u2019Isaac Delusion (\u00ab\u00a0Friends\u00a0\u00bb), Jos\u00e9 (Dada), Blowsom (\u00ab\u00a0Belle \u00bb)\u00a0et Marina Kaye (\u00ab\u00a07 billion\u00a0\u00bb), ainsi que les albums de T\u00e9l\u00e9popmusik (\u00ab\u00a0Everybody breaks the line\u00a0\u00bb) et Tom Leeb (\u00ab\u00a0Silver lining\u00a0\u00bb). Une bouff\u00e9e d\u2019\u00e9lectro psych\u00e9d\u00e9lique vous attend avec le dernier single de Fhin \u00ab\u00a0Love attack \u00bb, on se d\u00e9hanchera ensuite sur \u00ab\u00a0Fire \u00bb de Lemarquis, \u00a0avant de prendre un virage world en compagnie du titre\u00a0 \u00ab\u00a0Many\u00e9\u00a0\u00bb de David Walters, habilement remix\u00e9 par Voilaa, Simbad, Chien M\u00e9chant ou Synapson. Pour conclure, les amateurs de classique sont g\u00e2t\u00e9s, car cette semaine marque le double retour de Christophe Rousset et Les Talens Lyriques avec la sortie simultan\u00e9e de deux disques\u00a0: \u00ab\u00a0Mozart\u00a0: Betulia\u00a0Liberata \u00bb et \u00ab\u00a0Armand-Louis Couperin\u00a0: pi\u00e8ces de clavecin\u00a0\u00bb<\/p>\n<div class=\"playListBloc singleBloc\"><div class=\"playListBloc-wrap\">    <div class=\"thumbnail\"><img data-src=\"https:\/\/whatthefrance.org\/wp-content\/uploads\/2018\/11\/WTF-Pochettes_latest_releases_2-254x254.jpg\" class=\"lazyload\" alt=\"WTF&#8212;Pochettes_latest_releases_2\" \/>    <\/div>    <div class=\"infos\">        <span class=\"tag\">Charts &amp; News<\/span>        <h2>Latest Releases<\/h2>        <span class=\"separator\"><\/span>       <span class=\"desc\">Here you can find all the latest music releases made in France. <\/span><div class=\"share flex flexAlignCenter \">\t<span class=\"label\">Partager<\/span>\t<a href=\"https:\/\/www.facebook.com\/sharer\/sharer.php?u=https:\/\/whatthefrance.org\/fr\/playlists\/latest-releases\/\" class=\"facebook\" target=\"_blank\" rel=\"noreferrer\">Facebook<\/a>\t<a href=\"https:\/\/twitter.com\/intent\/tweet?url=https:\/\/whatthefrance.org\/fr\/playlists\/latest-releases\/&text=Latest+Releases&hashtags=WTF\" class=\"twitter\" target=\"_blank\" rel=\"noreferrer\">Twitter<\/a>\t<a href=\"mailto:?subject=What%20the%20France%20%3A%20Latest%20Releases&body=https:\/\/whatthefrance.org\/fr\/playlists\/latest-releases\/\" class=\"mail\" target=\"_blank\" rel=\"noreferrer\">Email<\/a><\/div>        <a href=\"#\" class=\"btn btnPlaylist orange playlist-click\" data-id=\"845\">            <svg version=\"1.1\" x=\"0px\" y=\"0px\" width=\"40px\" height=\"40px\" viewBox=\"0 0 213.7 213.7\" enable-background=\"new 0 0 213.7 213.7\" xml:space=\"preserve\">                <polygon class=\"triangle\" fill=\"none\" stroke-width=\"10\" stroke-linecap=\"round\" stroke-linejoin=\"round\" stroke-miterlimit=\"10\" points=\"\n            73.5,62.5 148.5,105.8 73.5,149.1 \"\/>                <circle class=\"circle\" fill=\"none\"  stroke-width=\"8\" stroke-linecap=\"round\" stroke-linejoin=\"round\" stroke-miterlimit=\"10\" cx=\"106.8\" cy=\"106.8\" r=\"103.3\"\/>                <circle class=\"circle-white\" fill=\"none\"  stroke-width=\"8\" stroke-linecap=\"round\" stroke-linejoin=\"round\" stroke-miterlimit=\"10\" cx=\"106.8\" cy=\"106.8\" r=\"103.3\"\/>            <\/svg>Ecouter        <\/a>    <\/div>  <\/div><\/div>\n","protected":false},"excerpt":{"rendered":"<p>Faites le plein de nouveaut\u00e9s avec notre playlist \u00ab Latest releases \u00bb ! Chaque vendredi, What The France vous propose ici sa s\u00e9lection des sorties de la semaine : des titres qui ne se ressemblent pas, \u00e9voluant dans tous les styles musicaux, mais qui ont tous en commun d&rsquo;\u00eatre tir\u00e9s de de la production musicale [&hellip;]<\/p>\n","protected":false},"author":6,"featured_media":0,"comment_status":"closed","ping_status":"closed","sticky":false,"template":"","format":"standard","meta":{"_acf_changed":false,"footnotes":""},"categories":[215],"tags":[307,309,323,334,340,348,351,361],"class_list":["post-21869","post","type-post","status-publish","format-standard","hentry","category-release-fr","tag-chanson-fr","tag-classical-fr","tag-electronic-fr","tag-jazz-fr","tag-pop-fr","tag-reggae-fr","tag-rock-fr","tag-world-fr"],"acf":[],"yoast_head":"<!-- This site is optimized with the Yoast SEO plugin v27.3 - https:\/\/yoast.com\/product\/yoast-seo-wordpress\/ -->\n<title>25.9. 2020 \u2013 Les sorties du vendredi ! - What the France<\/title>\n<meta name=\"robots\" content=\"index, follow, max-snippet:-1, max-image-preview:large, max-video-preview:-1\" \/>\n<link rel=\"canonical\" href=\"https:\/\/whatthefrance.org\/fr\/25-9-2020-les-sorties-du-vendredi\/\" \/>\n<meta property=\"og:locale\" content=\"fr_FR\" \/>\n<meta property=\"og:type\" content=\"article\" \/>\n<meta property=\"og:title\" content=\"25.9. 2020 \u2013 Les sorties du vendredi ! - What the France\" \/>\n<meta property=\"og:description\" content=\"Faites le plein de nouveaut\u00e9s avec notre playlist \u00ab Latest releases \u00bb ! Chaque vendredi, What The France vous propose ici sa s\u00e9lection des sorties de la semaine : des titres qui ne se ressemblent pas, \u00e9voluant dans tous les styles musicaux, mais qui ont tous en commun d&rsquo;\u00eatre tir\u00e9s de de la production musicale [&hellip;]\" \/>\n<meta property=\"og:url\" content=\"https:\/\/whatthefrance.org\/fr\/25-9-2020-les-sorties-du-vendredi\/\" \/>\n<meta property=\"og:site_name\" content=\"What the France\" \/>\n<meta property=\"article:published_time\" content=\"2020-09-25T14:04:54+00:00\" \/>\n<meta property=\"og:image\" content=\"https:\/\/whatthefrance.org\/wp-content\/uploads\/2020\/09\/carla_bruni_what_the_france.jpg\" \/>\n\t<meta property=\"og:image:width\" content=\"1084\" \/>\n\t<meta property=\"og:image:height\" content=\"452\" \/>\n<meta name=\"author\" content=\"Marie-Sophie Administrateur\" \/>\n<meta name=\"twitter:card\" content=\"summary_large_image\" \/>\n<meta name=\"twitter:label1\" content=\"\u00c9crit par\" \/>\n\t<meta name=\"twitter:data1\" content=\"Marie-Sophie Administrateur\" \/>\n\t<meta name=\"twitter:label2\" content=\"Dur\u00e9e de lecture estim\u00e9e\" \/>\n\t<meta name=\"twitter:data2\" content=\"2 minutes\" \/>\n<script type=\"application\/ld+json\" class=\"yoast-schema-graph\">{\"@context\":\"https:\\\/\\\/schema.org\",\"@graph\":[{\"@type\":\"Article\",\"@id\":\"https:\\\/\\\/whatthefrance.org\\\/fr\\\/25-9-2020-les-sorties-du-vendredi\\\/#article\",\"isPartOf\":{\"@id\":\"https:\\\/\\\/whatthefrance.org\\\/fr\\\/25-9-2020-les-sorties-du-vendredi\\\/\"},\"author\":{\"name\":\"Marie-Sophie Administrateur\",\"@id\":\"https:\\\/\\\/whatthefrance.org\\\/fr\\\/#\\\/schema\\\/person\\\/3b7ea6fb70b536503b3e8c909c564a81\"},\"headline\":\"25.9. 2020 \u2013 Les sorties du vendredi !\",\"datePublished\":\"2020-09-25T14:04:54+00:00\",\"mainEntityOfPage\":{\"@id\":\"https:\\\/\\\/whatthefrance.org\\\/fr\\\/25-9-2020-les-sorties-du-vendredi\\\/\"},\"wordCount\":334,\"publisher\":{\"@id\":\"https:\\\/\\\/whatthefrance.org\\\/fr\\\/#organization\"},\"keywords\":[\"Chanson\",\"Classical\",\"Electronic\",\"Jazz\",\"Pop\",\"Reggae\",\"Rock\",\"World\"],\"articleSection\":[\"Release\"],\"inLanguage\":\"fr-FR\"},{\"@type\":\"WebPage\",\"@id\":\"https:\\\/\\\/whatthefrance.org\\\/fr\\\/25-9-2020-les-sorties-du-vendredi\\\/\",\"url\":\"https:\\\/\\\/whatthefrance.org\\\/fr\\\/25-9-2020-les-sorties-du-vendredi\\\/\",\"name\":\"25.9. 2020 \u2013 Les sorties du vendredi ! - What the France\",\"isPartOf\":{\"@id\":\"https:\\\/\\\/whatthefrance.org\\\/fr\\\/#website\"},\"datePublished\":\"2020-09-25T14:04:54+00:00\",\"breadcrumb\":{\"@id\":\"https:\\\/\\\/whatthefrance.org\\\/fr\\\/25-9-2020-les-sorties-du-vendredi\\\/#breadcrumb\"},\"inLanguage\":\"fr-FR\",\"potentialAction\":[{\"@type\":\"ReadAction\",\"target\":[\"https:\\\/\\\/whatthefrance.org\\\/fr\\\/25-9-2020-les-sorties-du-vendredi\\\/\"]}]},{\"@type\":\"BreadcrumbList\",\"@id\":\"https:\\\/\\\/whatthefrance.org\\\/fr\\\/25-9-2020-les-sorties-du-vendredi\\\/#breadcrumb\",\"itemListElement\":[{\"@type\":\"ListItem\",\"position\":1,\"name\":\"Home\",\"item\":\"https:\\\/\\\/whatthefrance.org\\\/fr\\\/\"},{\"@type\":\"ListItem\",\"position\":2,\"name\":\"25.9. 2020 \u2013 Les sorties du vendredi !\"}]},{\"@type\":\"WebSite\",\"@id\":\"https:\\\/\\\/whatthefrance.org\\\/fr\\\/#website\",\"url\":\"https:\\\/\\\/whatthefrance.org\\\/fr\\\/\",\"name\":\"What the France\",\"description\":\"The finest music made in France !\",\"publisher\":{\"@id\":\"https:\\\/\\\/whatthefrance.org\\\/fr\\\/#organization\"},\"potentialAction\":[{\"@type\":\"SearchAction\",\"target\":{\"@type\":\"EntryPoint\",\"urlTemplate\":\"https:\\\/\\\/whatthefrance.org\\\/fr\\\/?s={search_term_string}\"},\"query-input\":{\"@type\":\"PropertyValueSpecification\",\"valueRequired\":true,\"valueName\":\"search_term_string\"}}],\"inLanguage\":\"fr-FR\"},{\"@type\":\"Organization\",\"@id\":\"https:\\\/\\\/whatthefrance.org\\\/fr\\\/#organization\",\"name\":\"What The France\",\"url\":\"https:\\\/\\\/whatthefrance.org\\\/fr\\\/\",\"logo\":{\"@type\":\"ImageObject\",\"inLanguage\":\"fr-FR\",\"@id\":\"https:\\\/\\\/whatthefrance.org\\\/fr\\\/#\\\/schema\\\/logo\\\/image\\\/\",\"url\":\"https:\\\/\\\/whatthefrance.org\\\/wp-content\\\/uploads\\\/2019\\\/12\\\/44688719_2251580388408837_694180218134331392_n-e1577679609190.png\",\"contentUrl\":\"https:\\\/\\\/whatthefrance.org\\\/wp-content\\\/uploads\\\/2019\\\/12\\\/44688719_2251580388408837_694180218134331392_n-e1577679609190.png\",\"width\":200,\"height\":200,\"caption\":\"What The France\"},\"image\":{\"@id\":\"https:\\\/\\\/whatthefrance.org\\\/fr\\\/#\\\/schema\\\/logo\\\/image\\\/\"}},{\"@type\":\"Person\",\"@id\":\"https:\\\/\\\/whatthefrance.org\\\/fr\\\/#\\\/schema\\\/person\\\/3b7ea6fb70b536503b3e8c909c564a81\",\"name\":\"Marie-Sophie Administrateur\",\"image\":{\"@type\":\"ImageObject\",\"inLanguage\":\"fr-FR\",\"@id\":\"https:\\\/\\\/secure.gravatar.com\\\/avatar\\\/d57e4552c73c8713409cd3c2de53bdb5d220ebdd76dc7ba351b2dbae89f5afa9?s=96&d=mm&r=g\",\"url\":\"https:\\\/\\\/secure.gravatar.com\\\/avatar\\\/d57e4552c73c8713409cd3c2de53bdb5d220ebdd76dc7ba351b2dbae89f5afa9?s=96&d=mm&r=g\",\"contentUrl\":\"https:\\\/\\\/secure.gravatar.com\\\/avatar\\\/d57e4552c73c8713409cd3c2de53bdb5d220ebdd76dc7ba351b2dbae89f5afa9?s=96&d=mm&r=g\",\"caption\":\"Marie-Sophie Administrateur\"}}]}<\/script>\n<!-- \/ Yoast SEO plugin. -->","yoast_head_json":{"title":"25.9. 2020 \u2013 Les sorties du vendredi ! - What the France","robots":{"index":"index","follow":"follow","max-snippet":"max-snippet:-1","max-image-preview":"max-image-preview:large","max-video-preview":"max-video-preview:-1"},"canonical":"https:\/\/whatthefrance.org\/fr\/25-9-2020-les-sorties-du-vendredi\/","og_locale":"fr_FR","og_type":"article","og_title":"25.9. 2020 \u2013 Les sorties du vendredi ! - What the France","og_description":"Faites le plein de nouveaut\u00e9s avec notre playlist \u00ab Latest releases \u00bb ! Chaque vendredi, What The France vous propose ici sa s\u00e9lection des sorties de la semaine : des titres qui ne se ressemblent pas, \u00e9voluant dans tous les styles musicaux, mais qui ont tous en commun d&rsquo;\u00eatre tir\u00e9s de de la production musicale [&hellip;]","og_url":"https:\/\/whatthefrance.org\/fr\/25-9-2020-les-sorties-du-vendredi\/","og_site_name":"What the France","article_published_time":"2020-09-25T14:04:54+00:00","og_image":[{"url":"https:\/\/whatthefrance.org\/wp-content\/uploads\/2020\/09\/carla_bruni_what_the_france.jpg","height":452,"width":1084,"type":""}],"author":"Marie-Sophie Administrateur","twitter_card":"summary_large_image","twitter_misc":{"\u00c9crit par":"Marie-Sophie Administrateur","Dur\u00e9e de lecture estim\u00e9e":"2 minutes"},"schema":{"@context":"https:\/\/schema.org","@graph":[{"@type":"Article","@id":"https:\/\/whatthefrance.org\/fr\/25-9-2020-les-sorties-du-vendredi\/#article","isPartOf":{"@id":"https:\/\/whatthefrance.org\/fr\/25-9-2020-les-sorties-du-vendredi\/"},"author":{"name":"Marie-Sophie Administrateur","@id":"https:\/\/whatthefrance.org\/fr\/#\/schema\/person\/3b7ea6fb70b536503b3e8c909c564a81"},"headline":"25.9. 2020 \u2013 Les sorties du vendredi !","datePublished":"2020-09-25T14:04:54+00:00","mainEntityOfPage":{"@id":"https:\/\/whatthefrance.org\/fr\/25-9-2020-les-sorties-du-vendredi\/"},"wordCount":334,"publisher":{"@id":"https:\/\/whatthefrance.org\/fr\/#organization"},"keywords":["Chanson","Classical","Electronic","Jazz","Pop","Reggae","Rock","World"],"articleSection":["Release"],"inLanguage":"fr-FR"},{"@type":"WebPage","@id":"https:\/\/whatthefrance.org\/fr\/25-9-2020-les-sorties-du-vendredi\/","url":"https:\/\/whatthefrance.org\/fr\/25-9-2020-les-sorties-du-vendredi\/","name":"25.9. 2020 \u2013 Les sorties du vendredi ! - What the France","isPartOf":{"@id":"https:\/\/whatthefrance.org\/fr\/#website"},"datePublished":"2020-09-25T14:04:54+00:00","breadcrumb":{"@id":"https:\/\/whatthefrance.org\/fr\/25-9-2020-les-sorties-du-vendredi\/#breadcrumb"},"inLanguage":"fr-FR","potentialAction":[{"@type":"ReadAction","target":["https:\/\/whatthefrance.org\/fr\/25-9-2020-les-sorties-du-vendredi\/"]}]},{"@type":"BreadcrumbList","@id":"https:\/\/whatthefrance.org\/fr\/25-9-2020-les-sorties-du-vendredi\/#breadcrumb","itemListElement":[{"@type":"ListItem","position":1,"name":"Home","item":"https:\/\/whatthefrance.org\/fr\/"},{"@type":"ListItem","position":2,"name":"25.9. 2020 \u2013 Les sorties du vendredi !"}]},{"@type":"WebSite","@id":"https:\/\/whatthefrance.org\/fr\/#website","url":"https:\/\/whatthefrance.org\/fr\/","name":"What the France","description":"The finest music made in France !","publisher":{"@id":"https:\/\/whatthefrance.org\/fr\/#organization"},"potentialAction":[{"@type":"SearchAction","target":{"@type":"EntryPoint","urlTemplate":"https:\/\/whatthefrance.org\/fr\/?s={search_term_string}"},"query-input":{"@type":"PropertyValueSpecification","valueRequired":true,"valueName":"search_term_string"}}],"inLanguage":"fr-FR"},{"@type":"Organization","@id":"https:\/\/whatthefrance.org\/fr\/#organization","name":"What The France","url":"https:\/\/whatthefrance.org\/fr\/","logo":{"@type":"ImageObject","inLanguage":"fr-FR","@id":"https:\/\/whatthefrance.org\/fr\/#\/schema\/logo\/image\/","url":"https:\/\/whatthefrance.org\/wp-content\/uploads\/2019\/12\/44688719_2251580388408837_694180218134331392_n-e1577679609190.png","contentUrl":"https:\/\/whatthefrance.org\/wp-content\/uploads\/2019\/12\/44688719_2251580388408837_694180218134331392_n-e1577679609190.png","width":200,"height":200,"caption":"What The France"},"image":{"@id":"https:\/\/whatthefrance.org\/fr\/#\/schema\/logo\/image\/"}},{"@type":"Person","@id":"https:\/\/whatthefrance.org\/fr\/#\/schema\/person\/3b7ea6fb70b536503b3e8c909c564a81","name":"Marie-Sophie Administrateur","image":{"@type":"ImageObject","inLanguage":"fr-FR","@id":"https:\/\/secure.gravatar.com\/avatar\/d57e4552c73c8713409cd3c2de53bdb5d220ebdd76dc7ba351b2dbae89f5afa9?s=96&d=mm&r=g","url":"https:\/\/secure.gravatar.com\/avatar\/d57e4552c73c8713409cd3c2de53bdb5d220ebdd76dc7ba351b2dbae89f5afa9?s=96&d=mm&r=g","contentUrl":"https:\/\/secure.gravatar.com\/avatar\/d57e4552c73c8713409cd3c2de53bdb5d220ebdd76dc7ba351b2dbae89f5afa9?s=96&d=mm&r=g","caption":"Marie-Sophie Administrateur"}}]}},"_links":{"self":[{"href":"https:\/\/whatthefrance.org\/fr\/wp-json\/wp\/v2\/posts\/21869","targetHints":{"allow":["GET"]}}],"collection":[{"href":"https:\/\/whatthefrance.org\/fr\/wp-json\/wp\/v2\/posts"}],"about":[{"href":"https:\/\/whatthefrance.org\/fr\/wp-json\/wp\/v2\/types\/post"}],"author":[{"embeddable":true,"href":"https:\/\/whatthefrance.org\/fr\/wp-json\/wp\/v2\/users\/6"}],"replies":[{"embeddable":true,"href":"https:\/\/whatthefrance.org\/fr\/wp-json\/wp\/v2\/comments?post=21869"}],"version-history":[{"count":1,"href":"https:\/\/whatthefrance.org\/fr\/wp-json\/wp\/v2\/posts\/21869\/revisions"}],"predecessor-version":[{"id":21870,"href":"https:\/\/whatthefrance.org\/fr\/wp-json\/wp\/v2\/posts\/21869\/revisions\/21870"}],"wp:attachment":[{"href":"https:\/\/whatthefrance.org\/fr\/wp-json\/wp\/v2\/media?parent=21869"}],"wp:term":[{"taxonomy":"category","embeddable":true,"href":"https:\/\/whatthefrance.org\/fr\/wp-json\/wp\/v2\/categories?post=21869"},{"taxonomy":"post_tag","embeddable":true,"href":"https:\/\/whatthefrance.org\/fr\/wp-json\/wp\/v2\/tags?post=21869"}],"curies":[{"name":"wp","href":"https:\/\/api.w.org\/{rel}","templated":true}]}}