{"id":23518,"date":"2020-11-09T11:57:18","date_gmt":"2020-11-09T10:57:18","guid":{"rendered":"https:\/\/whatthefrance.org\/?p=23518"},"modified":"2020-11-11T12:32:35","modified_gmt":"2020-11-11T11:32:35","slug":"ibrahim-maalouf-nouvel-album-40-melodies","status":"publish","type":"post","link":"https:\/\/whatthefrance.org\/fr\/ibrahim-maalouf-nouvel-album-40-melodies\/","title":{"rendered":"Ibrahim Maalouf | Nouvel album \u00ab\u00a040 M\u00e9lodies\u00a0\u00bb !"},"content":{"rendered":"<p>\u00c0 l&rsquo;occasion de son quaranti\u00e8me anniversaire, le musicien et compositeur <a href=\"https:\/\/www.facebook.com\/ibrahim.maalouf\"><strong>Ibrahim Maalouf<\/strong><\/a>\u00a0sort son douzi\u00e8me album studio intitul\u00e9 <strong><em>40 M\u00e9lodies<\/em><\/strong>, d&rsquo;apr\u00e8s ses 40 bougies&#8230;<\/p>\n<p><iframe loading=\"lazy\" title=\"Ibrahim Maalouf - Beirut (Duo Version) - 40 Melodies (Official Music Video)\" width=\"500\" height=\"281\" src=\"https:\/\/www.youtube.com\/embed\/X0UOHmjiNLQ?feature=oembed\" frameborder=\"0\" allow=\"accelerometer; autoplay; clipboard-write; encrypted-media; gyroscope; picture-in-picture; web-share\" referrerpolicy=\"strict-origin-when-cross-origin\" allowfullscreen><\/iframe><\/p>\n<h3>La voie du succ\u00e8s international<\/h3>\n<p>Ibrahim Maalouf, n\u00e9 en 1980 \u00e0 Beyrouth, est aujourd&rsquo;hui l&rsquo;un des instrumentistes les plus populaires de la sc\u00e8ne musicale fran\u00e7aise. Il a atteint une renomm\u00e9e mondiale gr\u00e2ce \u00e0 son approche crois\u00e9e. Il a notamment rempli la Volkswagen Arena \u00e0 Istanbul, donn\u00e9 des concerts \u00e0 guichets ferm\u00e9s au Lincoln Jazz Center de New York et a voyag\u00e9 dans plus de 40 pays du monde entier au cours des dix derni\u00e8res ann\u00e9es.<\/p>\n<h3>Le nouvel album<\/h3>\n<p>Son nouvel album se distingue de ses pr\u00e9c\u00e9dents : pour la premi\u00e8re fois, Ibrahim r\u00e9alise un duo intime avec son ami et collaborateur de longue date, le guitariste belge <strong>Fran\u00e7ois Delporte<\/strong>.<\/p>\n<p>Le duo revient sur certaines des m\u00e9lodies les plus c\u00e9l\u00e8bres d&rsquo;Ibrahim, des anciens albums aux bandes originales, mais il y a aussi quelques nouveaux morceaux exclusifs.\u00a0Ibrahim revient \u00e0 ses racines et aux bases : une trompette, une guitare et 40 m\u00e9lodies.<\/p>\n<div class=\"playListBloc singleBloc\"><div class=\"playListBloc-wrap\">    <div class=\"thumbnail\"><img data-src=\"https:\/\/whatthefrance.org\/wp-content\/uploads\/2018\/11\/Design-sans-titre-254x254.jpg\" class=\"lazyload\" alt=\"Design sans titre\" \/>    <\/div>    <div class=\"infos\">        <span class=\"tag\">Genres<\/span>        <h2>Kiss my Jazz<\/h2>        <span class=\"separator\"><\/span>       <span class=\"desc\">Jam to the latest jazz hits made in France.<\/span><div class=\"share flex flexAlignCenter \">\t<span class=\"label\">Partager<\/span>\t<a href=\"https:\/\/www.facebook.com\/sharer\/sharer.php?u=https:\/\/whatthefrance.org\/fr\/playlists\/kiss-my-jazz\/\" class=\"facebook\" target=\"_blank\" rel=\"noreferrer\">Facebook<\/a>\t<a href=\"https:\/\/twitter.com\/intent\/tweet?url=https:\/\/whatthefrance.org\/fr\/playlists\/kiss-my-jazz\/&text=Kiss+my+Jazz&hashtags=WTF\" class=\"twitter\" target=\"_blank\" rel=\"noreferrer\">Twitter<\/a>\t<a href=\"mailto:?subject=What%20the%20France%20%3A%20Kiss%20my%20Jazz&body=https:\/\/whatthefrance.org\/fr\/playlists\/kiss-my-jazz\/\" class=\"mail\" target=\"_blank\" rel=\"noreferrer\">Email<\/a><\/div>        <a href=\"#\" class=\"btn btnPlaylist orange playlist-click\" data-id=\"897\">            <svg version=\"1.1\" x=\"0px\" y=\"0px\" width=\"40px\" height=\"40px\" viewBox=\"0 0 213.7 213.7\" enable-background=\"new 0 0 213.7 213.7\" xml:space=\"preserve\">                <polygon class=\"triangle\" fill=\"none\" stroke-width=\"10\" stroke-linecap=\"round\" stroke-linejoin=\"round\" stroke-miterlimit=\"10\" points=\"\n            73.5,62.5 148.5,105.8 73.5,149.1 \"\/>                <circle class=\"circle\" fill=\"none\"  stroke-width=\"8\" stroke-linecap=\"round\" stroke-linejoin=\"round\" stroke-miterlimit=\"10\" cx=\"106.8\" cy=\"106.8\" r=\"103.3\"\/>                <circle class=\"circle-white\" fill=\"none\"  stroke-width=\"8\" stroke-linecap=\"round\" stroke-linejoin=\"round\" stroke-miterlimit=\"10\" cx=\"106.8\" cy=\"106.8\" r=\"103.3\"\/>            <\/svg>Ecouter        <\/a>    <\/div>  <\/div><\/div>\n","protected":false},"excerpt":{"rendered":"<p>\u00c0 l&rsquo;occasion de son quaranti\u00e8me anniversaire, le musicien et compositeur Ibrahim Maalouf\u00a0sort son douzi\u00e8me album studio intitul\u00e9 40 M\u00e9lodies, d&rsquo;apr\u00e8s ses 40 bougies&#8230; La voie du succ\u00e8s international Ibrahim Maalouf, n\u00e9 en 1980 \u00e0 Beyrouth, est aujourd&rsquo;hui l&rsquo;un des instrumentistes les plus populaires de la sc\u00e8ne musicale fran\u00e7aise. Il a atteint une renomm\u00e9e mondiale gr\u00e2ce [&hellip;]<\/p>\n","protected":false},"author":6,"featured_media":0,"comment_status":"closed","ping_status":"closed","sticky":false,"template":"","format":"standard","meta":{"_acf_changed":false,"footnotes":""},"categories":[215],"tags":[334],"class_list":["post-23518","post","type-post","status-publish","format-standard","hentry","category-release-fr","tag-jazz-fr"],"acf":[],"yoast_head":"<!-- This site is optimized with the Yoast SEO plugin v27.3 - https:\/\/yoast.com\/product\/yoast-seo-wordpress\/ -->\n<title>Ibrahim Maalouf | Nouvel album &quot;40 M\u00e9lodies&quot; ! - What the France<\/title>\n<meta name=\"robots\" content=\"index, follow, max-snippet:-1, max-image-preview:large, max-video-preview:-1\" \/>\n<link rel=\"canonical\" href=\"https:\/\/whatthefrance.org\/fr\/ibrahim-maalouf-nouvel-album-40-melodies\/\" \/>\n<meta property=\"og:locale\" content=\"fr_FR\" \/>\n<meta property=\"og:type\" content=\"article\" \/>\n<meta property=\"og:title\" content=\"Ibrahim Maalouf | Nouvel album &quot;40 M\u00e9lodies&quot; ! - What the France\" \/>\n<meta property=\"og:description\" content=\"\u00c0 l&rsquo;occasion de son quaranti\u00e8me anniversaire, le musicien et compositeur Ibrahim Maalouf\u00a0sort son douzi\u00e8me album studio intitul\u00e9 40 M\u00e9lodies, d&rsquo;apr\u00e8s ses 40 bougies&#8230; La voie du succ\u00e8s international Ibrahim Maalouf, n\u00e9 en 1980 \u00e0 Beyrouth, est aujourd&rsquo;hui l&rsquo;un des instrumentistes les plus populaires de la sc\u00e8ne musicale fran\u00e7aise. Il a atteint une renomm\u00e9e mondiale gr\u00e2ce [&hellip;]\" \/>\n<meta property=\"og:url\" content=\"https:\/\/whatthefrance.org\/fr\/ibrahim-maalouf-nouvel-album-40-melodies\/\" \/>\n<meta property=\"og:site_name\" content=\"What the France\" \/>\n<meta property=\"article:published_time\" content=\"2020-11-09T10:57:18+00:00\" \/>\n<meta property=\"article:modified_time\" content=\"2020-11-11T11:32:35+00:00\" \/>\n<meta property=\"og:image\" content=\"https:\/\/whatthefrance.org\/wp-content\/uploads\/2020\/11\/maalouf_what_the_france.png\" \/>\n\t<meta property=\"og:image:width\" content=\"1084\" \/>\n\t<meta property=\"og:image:height\" content=\"452\" \/>\n<meta name=\"author\" content=\"Marie-Sophie Administrateur\" \/>\n<meta name=\"twitter:card\" content=\"summary_large_image\" \/>\n<meta name=\"twitter:label1\" content=\"\u00c9crit par\" \/>\n\t<meta name=\"twitter:data1\" content=\"Marie-Sophie Administrateur\" \/>\n\t<meta name=\"twitter:label2\" content=\"Dur\u00e9e de lecture estim\u00e9e\" \/>\n\t<meta name=\"twitter:data2\" content=\"1 minute\" \/>\n<script type=\"application\/ld+json\" class=\"yoast-schema-graph\">{\"@context\":\"https:\\\/\\\/schema.org\",\"@graph\":[{\"@type\":\"Article\",\"@id\":\"https:\\\/\\\/whatthefrance.org\\\/fr\\\/ibrahim-maalouf-nouvel-album-40-melodies\\\/#article\",\"isPartOf\":{\"@id\":\"https:\\\/\\\/whatthefrance.org\\\/fr\\\/ibrahim-maalouf-nouvel-album-40-melodies\\\/\"},\"author\":{\"name\":\"Marie-Sophie Administrateur\",\"@id\":\"https:\\\/\\\/whatthefrance.org\\\/fr\\\/#\\\/schema\\\/person\\\/3b7ea6fb70b536503b3e8c909c564a81\"},\"headline\":\"Ibrahim Maalouf | Nouvel album \u00ab\u00a040 M\u00e9lodies\u00a0\u00bb !\",\"datePublished\":\"2020-11-09T10:57:18+00:00\",\"dateModified\":\"2020-11-11T11:32:35+00:00\",\"mainEntityOfPage\":{\"@id\":\"https:\\\/\\\/whatthefrance.org\\\/fr\\\/ibrahim-maalouf-nouvel-album-40-melodies\\\/\"},\"wordCount\":209,\"publisher\":{\"@id\":\"https:\\\/\\\/whatthefrance.org\\\/fr\\\/#organization\"},\"keywords\":[\"Jazz\"],\"articleSection\":[\"Release\"],\"inLanguage\":\"fr-FR\"},{\"@type\":\"WebPage\",\"@id\":\"https:\\\/\\\/whatthefrance.org\\\/fr\\\/ibrahim-maalouf-nouvel-album-40-melodies\\\/\",\"url\":\"https:\\\/\\\/whatthefrance.org\\\/fr\\\/ibrahim-maalouf-nouvel-album-40-melodies\\\/\",\"name\":\"Ibrahim Maalouf | Nouvel album \\\"40 M\u00e9lodies\\\" ! - What the France\",\"isPartOf\":{\"@id\":\"https:\\\/\\\/whatthefrance.org\\\/fr\\\/#website\"},\"datePublished\":\"2020-11-09T10:57:18+00:00\",\"dateModified\":\"2020-11-11T11:32:35+00:00\",\"breadcrumb\":{\"@id\":\"https:\\\/\\\/whatthefrance.org\\\/fr\\\/ibrahim-maalouf-nouvel-album-40-melodies\\\/#breadcrumb\"},\"inLanguage\":\"fr-FR\",\"potentialAction\":[{\"@type\":\"ReadAction\",\"target\":[\"https:\\\/\\\/whatthefrance.org\\\/fr\\\/ibrahim-maalouf-nouvel-album-40-melodies\\\/\"]}]},{\"@type\":\"BreadcrumbList\",\"@id\":\"https:\\\/\\\/whatthefrance.org\\\/fr\\\/ibrahim-maalouf-nouvel-album-40-melodies\\\/#breadcrumb\",\"itemListElement\":[{\"@type\":\"ListItem\",\"position\":1,\"name\":\"Home\",\"item\":\"https:\\\/\\\/whatthefrance.org\\\/fr\\\/\"},{\"@type\":\"ListItem\",\"position\":2,\"name\":\"Ibrahim Maalouf | Nouvel album &#8220;40 M\u00e9lodies&#8221; !\"}]},{\"@type\":\"WebSite\",\"@id\":\"https:\\\/\\\/whatthefrance.org\\\/fr\\\/#website\",\"url\":\"https:\\\/\\\/whatthefrance.org\\\/fr\\\/\",\"name\":\"What the France\",\"description\":\"The finest music made in France !\",\"publisher\":{\"@id\":\"https:\\\/\\\/whatthefrance.org\\\/fr\\\/#organization\"},\"potentialAction\":[{\"@type\":\"SearchAction\",\"target\":{\"@type\":\"EntryPoint\",\"urlTemplate\":\"https:\\\/\\\/whatthefrance.org\\\/fr\\\/?s={search_term_string}\"},\"query-input\":{\"@type\":\"PropertyValueSpecification\",\"valueRequired\":true,\"valueName\":\"search_term_string\"}}],\"inLanguage\":\"fr-FR\"},{\"@type\":\"Organization\",\"@id\":\"https:\\\/\\\/whatthefrance.org\\\/fr\\\/#organization\",\"name\":\"What The France\",\"url\":\"https:\\\/\\\/whatthefrance.org\\\/fr\\\/\",\"logo\":{\"@type\":\"ImageObject\",\"inLanguage\":\"fr-FR\",\"@id\":\"https:\\\/\\\/whatthefrance.org\\\/fr\\\/#\\\/schema\\\/logo\\\/image\\\/\",\"url\":\"https:\\\/\\\/whatthefrance.org\\\/wp-content\\\/uploads\\\/2019\\\/12\\\/44688719_2251580388408837_694180218134331392_n-e1577679609190.png\",\"contentUrl\":\"https:\\\/\\\/whatthefrance.org\\\/wp-content\\\/uploads\\\/2019\\\/12\\\/44688719_2251580388408837_694180218134331392_n-e1577679609190.png\",\"width\":200,\"height\":200,\"caption\":\"What The France\"},\"image\":{\"@id\":\"https:\\\/\\\/whatthefrance.org\\\/fr\\\/#\\\/schema\\\/logo\\\/image\\\/\"}},{\"@type\":\"Person\",\"@id\":\"https:\\\/\\\/whatthefrance.org\\\/fr\\\/#\\\/schema\\\/person\\\/3b7ea6fb70b536503b3e8c909c564a81\",\"name\":\"Marie-Sophie Administrateur\",\"image\":{\"@type\":\"ImageObject\",\"inLanguage\":\"fr-FR\",\"@id\":\"https:\\\/\\\/secure.gravatar.com\\\/avatar\\\/d57e4552c73c8713409cd3c2de53bdb5d220ebdd76dc7ba351b2dbae89f5afa9?s=96&d=mm&r=g\",\"url\":\"https:\\\/\\\/secure.gravatar.com\\\/avatar\\\/d57e4552c73c8713409cd3c2de53bdb5d220ebdd76dc7ba351b2dbae89f5afa9?s=96&d=mm&r=g\",\"contentUrl\":\"https:\\\/\\\/secure.gravatar.com\\\/avatar\\\/d57e4552c73c8713409cd3c2de53bdb5d220ebdd76dc7ba351b2dbae89f5afa9?s=96&d=mm&r=g\",\"caption\":\"Marie-Sophie Administrateur\"}}]}<\/script>\n<!-- \/ Yoast SEO plugin. -->","yoast_head_json":{"title":"Ibrahim Maalouf | Nouvel album \"40 M\u00e9lodies\" ! - What the France","robots":{"index":"index","follow":"follow","max-snippet":"max-snippet:-1","max-image-preview":"max-image-preview:large","max-video-preview":"max-video-preview:-1"},"canonical":"https:\/\/whatthefrance.org\/fr\/ibrahim-maalouf-nouvel-album-40-melodies\/","og_locale":"fr_FR","og_type":"article","og_title":"Ibrahim Maalouf | Nouvel album \"40 M\u00e9lodies\" ! - What the France","og_description":"\u00c0 l&rsquo;occasion de son quaranti\u00e8me anniversaire, le musicien et compositeur Ibrahim Maalouf\u00a0sort son douzi\u00e8me album studio intitul\u00e9 40 M\u00e9lodies, d&rsquo;apr\u00e8s ses 40 bougies&#8230; La voie du succ\u00e8s international Ibrahim Maalouf, n\u00e9 en 1980 \u00e0 Beyrouth, est aujourd&rsquo;hui l&rsquo;un des instrumentistes les plus populaires de la sc\u00e8ne musicale fran\u00e7aise. Il a atteint une renomm\u00e9e mondiale gr\u00e2ce [&hellip;]","og_url":"https:\/\/whatthefrance.org\/fr\/ibrahim-maalouf-nouvel-album-40-melodies\/","og_site_name":"What the France","article_published_time":"2020-11-09T10:57:18+00:00","article_modified_time":"2020-11-11T11:32:35+00:00","og_image":[{"url":"https:\/\/whatthefrance.org\/wp-content\/uploads\/2020\/11\/maalouf_what_the_france.png","height":452,"width":1084,"type":""}],"author":"Marie-Sophie Administrateur","twitter_card":"summary_large_image","twitter_misc":{"\u00c9crit par":"Marie-Sophie Administrateur","Dur\u00e9e de lecture estim\u00e9e":"1 minute"},"schema":{"@context":"https:\/\/schema.org","@graph":[{"@type":"Article","@id":"https:\/\/whatthefrance.org\/fr\/ibrahim-maalouf-nouvel-album-40-melodies\/#article","isPartOf":{"@id":"https:\/\/whatthefrance.org\/fr\/ibrahim-maalouf-nouvel-album-40-melodies\/"},"author":{"name":"Marie-Sophie Administrateur","@id":"https:\/\/whatthefrance.org\/fr\/#\/schema\/person\/3b7ea6fb70b536503b3e8c909c564a81"},"headline":"Ibrahim Maalouf | Nouvel album \u00ab\u00a040 M\u00e9lodies\u00a0\u00bb !","datePublished":"2020-11-09T10:57:18+00:00","dateModified":"2020-11-11T11:32:35+00:00","mainEntityOfPage":{"@id":"https:\/\/whatthefrance.org\/fr\/ibrahim-maalouf-nouvel-album-40-melodies\/"},"wordCount":209,"publisher":{"@id":"https:\/\/whatthefrance.org\/fr\/#organization"},"keywords":["Jazz"],"articleSection":["Release"],"inLanguage":"fr-FR"},{"@type":"WebPage","@id":"https:\/\/whatthefrance.org\/fr\/ibrahim-maalouf-nouvel-album-40-melodies\/","url":"https:\/\/whatthefrance.org\/fr\/ibrahim-maalouf-nouvel-album-40-melodies\/","name":"Ibrahim Maalouf | Nouvel album \"40 M\u00e9lodies\" ! - What the France","isPartOf":{"@id":"https:\/\/whatthefrance.org\/fr\/#website"},"datePublished":"2020-11-09T10:57:18+00:00","dateModified":"2020-11-11T11:32:35+00:00","breadcrumb":{"@id":"https:\/\/whatthefrance.org\/fr\/ibrahim-maalouf-nouvel-album-40-melodies\/#breadcrumb"},"inLanguage":"fr-FR","potentialAction":[{"@type":"ReadAction","target":["https:\/\/whatthefrance.org\/fr\/ibrahim-maalouf-nouvel-album-40-melodies\/"]}]},{"@type":"BreadcrumbList","@id":"https:\/\/whatthefrance.org\/fr\/ibrahim-maalouf-nouvel-album-40-melodies\/#breadcrumb","itemListElement":[{"@type":"ListItem","position":1,"name":"Home","item":"https:\/\/whatthefrance.org\/fr\/"},{"@type":"ListItem","position":2,"name":"Ibrahim Maalouf | Nouvel album &#8220;40 M\u00e9lodies&#8221; !"}]},{"@type":"WebSite","@id":"https:\/\/whatthefrance.org\/fr\/#website","url":"https:\/\/whatthefrance.org\/fr\/","name":"What the France","description":"The finest music made in France !","publisher":{"@id":"https:\/\/whatthefrance.org\/fr\/#organization"},"potentialAction":[{"@type":"SearchAction","target":{"@type":"EntryPoint","urlTemplate":"https:\/\/whatthefrance.org\/fr\/?s={search_term_string}"},"query-input":{"@type":"PropertyValueSpecification","valueRequired":true,"valueName":"search_term_string"}}],"inLanguage":"fr-FR"},{"@type":"Organization","@id":"https:\/\/whatthefrance.org\/fr\/#organization","name":"What The France","url":"https:\/\/whatthefrance.org\/fr\/","logo":{"@type":"ImageObject","inLanguage":"fr-FR","@id":"https:\/\/whatthefrance.org\/fr\/#\/schema\/logo\/image\/","url":"https:\/\/whatthefrance.org\/wp-content\/uploads\/2019\/12\/44688719_2251580388408837_694180218134331392_n-e1577679609190.png","contentUrl":"https:\/\/whatthefrance.org\/wp-content\/uploads\/2019\/12\/44688719_2251580388408837_694180218134331392_n-e1577679609190.png","width":200,"height":200,"caption":"What The France"},"image":{"@id":"https:\/\/whatthefrance.org\/fr\/#\/schema\/logo\/image\/"}},{"@type":"Person","@id":"https:\/\/whatthefrance.org\/fr\/#\/schema\/person\/3b7ea6fb70b536503b3e8c909c564a81","name":"Marie-Sophie Administrateur","image":{"@type":"ImageObject","inLanguage":"fr-FR","@id":"https:\/\/secure.gravatar.com\/avatar\/d57e4552c73c8713409cd3c2de53bdb5d220ebdd76dc7ba351b2dbae89f5afa9?s=96&d=mm&r=g","url":"https:\/\/secure.gravatar.com\/avatar\/d57e4552c73c8713409cd3c2de53bdb5d220ebdd76dc7ba351b2dbae89f5afa9?s=96&d=mm&r=g","contentUrl":"https:\/\/secure.gravatar.com\/avatar\/d57e4552c73c8713409cd3c2de53bdb5d220ebdd76dc7ba351b2dbae89f5afa9?s=96&d=mm&r=g","caption":"Marie-Sophie Administrateur"}}]}},"_links":{"self":[{"href":"https:\/\/whatthefrance.org\/fr\/wp-json\/wp\/v2\/posts\/23518","targetHints":{"allow":["GET"]}}],"collection":[{"href":"https:\/\/whatthefrance.org\/fr\/wp-json\/wp\/v2\/posts"}],"about":[{"href":"https:\/\/whatthefrance.org\/fr\/wp-json\/wp\/v2\/types\/post"}],"author":[{"embeddable":true,"href":"https:\/\/whatthefrance.org\/fr\/wp-json\/wp\/v2\/users\/6"}],"replies":[{"embeddable":true,"href":"https:\/\/whatthefrance.org\/fr\/wp-json\/wp\/v2\/comments?post=23518"}],"version-history":[{"count":5,"href":"https:\/\/whatthefrance.org\/fr\/wp-json\/wp\/v2\/posts\/23518\/revisions"}],"predecessor-version":[{"id":23635,"href":"https:\/\/whatthefrance.org\/fr\/wp-json\/wp\/v2\/posts\/23518\/revisions\/23635"}],"wp:attachment":[{"href":"https:\/\/whatthefrance.org\/fr\/wp-json\/wp\/v2\/media?parent=23518"}],"wp:term":[{"taxonomy":"category","embeddable":true,"href":"https:\/\/whatthefrance.org\/fr\/wp-json\/wp\/v2\/categories?post=23518"},{"taxonomy":"post_tag","embeddable":true,"href":"https:\/\/whatthefrance.org\/fr\/wp-json\/wp\/v2\/tags?post=23518"}],"curies":[{"name":"wp","href":"https:\/\/api.w.org\/{rel}","templated":true}]}}