{"id":23939,"date":"2020-11-23T10:28:30","date_gmt":"2020-11-23T09:28:30","guid":{"rendered":"https:\/\/whatthefrance.org\/?p=23939"},"modified":"2020-11-23T13:26:03","modified_gmt":"2020-11-23T12:26:03","slug":"bafang-un-premier-album-et-une-playlist-pour-what-the-france","status":"publish","type":"post","link":"https:\/\/whatthefrance.org\/fr\/bafang-un-premier-album-et-une-playlist-pour-what-the-france\/","title":{"rendered":"Bafang  | Un premier album et une playlist pour What The France !"},"content":{"rendered":"<div>\n<p>Une batterie, une guitare, quelques effets, deux voix, nul besoin pour <strong><a href=\"https:\/\/www.facebook.com\/BAFANGOFFICIEL\" target=\"_blank\" rel=\"noopener noreferrer\">Bafang<\/a><\/strong> d\u2019autre chose pour embarquer le public dans un voyage empli de fort agr\u00e9ables turbulences sonores.<\/p>\n<p>Sur sc\u00e8ne (Trans Musicales, Papillons de Nuit, Beauregard, Reggae Sun Ska, Afrika Tage\u2026) ou sur disque, comme sur leur explosif premier album <em><strong>Elektrik Makossa<\/strong><\/em>\u00a0(disponible le 27 novembre 2020), les deux fr\u00e8res Enguerran et Lancelot, furieux pilotes de leur pirogue afro rock, nous entra\u00eenent sur les flots tumultueux d\u2019un fleuve exub\u00e9rant faisant de nous les t\u00e9moins d\u2019un spectacle unique qui r\u00e9veille les esprits tout en faisant osciller les t\u00eates et les corps.<\/p>\n<p>L\u00e0, lorsque la puissance grasse du stoner vient se lover dans la douceur d\u00e9chirante d\u2019un blues du d\u00e9sert, quand les pulsations hard-rock viennent saturer l\u2019air d\u2019un groove aux contours de musiques du monde, l\u2019\u00e9tincelle peut alors se produire et transformer le c\u0153ur de ceux qui la contemplent en un magique brasier \u00e9motionnel.<\/p>\n<p>L\u2019univers de Bafang est semblable \u00e0 un big bang vertigineux o\u00f9 l\u2019\u00e9nergie sc\u00e9nique et l\u2019urgence rock de Royal Blood viendrait fusionner avec la flamboyante guitare de Jimi Hendrix, et o\u00f9 la chaleur du d\u00e9sert magnifi\u00e9e par le blues de Tinariwen prendrait les festives couleurs du makossa de Manu Dibango ou du groove imparable d\u2019Earth, Wind and Fire.<\/p>\n<\/div>\n<div>A l&rsquo;occasion de la sortie de son premier opus, le duo normand nous offre une s\u00e9lection\u00a0versatile de ses titres pr\u00e9f\u00e9r\u00e9s de la production musicale fran\u00e7aise, sous la forme d&rsquo;une playlist exclusive pour What The France !<\/div>\n<div><\/div>\n<div><div class=\"playListBloc singleBloc\"><div class=\"playListBloc-wrap\">    <div class=\"thumbnail\"><img data-src=\"https:\/\/whatthefrance.org\/wp-content\/uploads\/2020\/11\/WTF-Cover-Collab_Bafang-254x254.jpg\" class=\"lazyload\" alt=\"WTF&#8212;Cover-Collab_Bafang\" \/>    <\/div>    <div class=\"infos\">        <span class=\"tag\">Curators<\/span>        <h2>A Made in France Selection By Bafang<\/h2>        <span class=\"separator\"><\/span>       <span class=\"desc\">Discover a made in France selection handpicked by Bafang! Photo @ Bafang<\/span><div class=\"share flex flexAlignCenter \">\t<span class=\"label\">Partager<\/span>\t<a href=\"https:\/\/www.facebook.com\/sharer\/sharer.php?u=https:\/\/whatthefrance.org\/fr\/playlists\/a-made-in-france-selection-by-bafang\/\" class=\"facebook\" target=\"_blank\" rel=\"noreferrer\">Facebook<\/a>\t<a href=\"https:\/\/twitter.com\/intent\/tweet?url=https:\/\/whatthefrance.org\/fr\/playlists\/a-made-in-france-selection-by-bafang\/&text=A+Made+in+France+Selection+By+Bafang&hashtags=WTF\" class=\"twitter\" target=\"_blank\" rel=\"noreferrer\">Twitter<\/a>\t<a href=\"mailto:?subject=What%20the%20France%20%3A%20A%20Made%20in%20France%20Selection%20By%20Bafang&body=https:\/\/whatthefrance.org\/fr\/playlists\/a-made-in-france-selection-by-bafang\/\" class=\"mail\" target=\"_blank\" rel=\"noreferrer\">Email<\/a><\/div>        <a href=\"#\" class=\"btn btnPlaylist orange playlist-click\" data-id=\"23949\">            <svg version=\"1.1\" x=\"0px\" y=\"0px\" width=\"40px\" height=\"40px\" viewBox=\"0 0 213.7 213.7\" enable-background=\"new 0 0 213.7 213.7\" xml:space=\"preserve\">                <polygon class=\"triangle\" fill=\"none\" stroke-width=\"10\" stroke-linecap=\"round\" stroke-linejoin=\"round\" stroke-miterlimit=\"10\" points=\"\n            73.5,62.5 148.5,105.8 73.5,149.1 \"\/>                <circle class=\"circle\" fill=\"none\"  stroke-width=\"8\" stroke-linecap=\"round\" stroke-linejoin=\"round\" stroke-miterlimit=\"10\" cx=\"106.8\" cy=\"106.8\" r=\"103.3\"\/>                <circle class=\"circle-white\" fill=\"none\"  stroke-width=\"8\" stroke-linecap=\"round\" stroke-linejoin=\"round\" stroke-miterlimit=\"10\" cx=\"106.8\" cy=\"106.8\" r=\"103.3\"\/>            <\/svg>Ecouter        <\/a>    <\/div>  <\/div><\/div><\/div>\n","protected":false},"excerpt":{"rendered":"<p>Une batterie, une guitare, quelques effets, deux voix, nul besoin pour Bafang d\u2019autre chose pour embarquer le public dans un voyage empli de fort agr\u00e9ables turbulences sonores. Sur sc\u00e8ne (Trans Musicales, Papillons de Nuit, Beauregard, Reggae Sun Ska, Afrika Tage\u2026) ou sur disque, comme sur leur explosif premier album Elektrik Makossa\u00a0(disponible le 27 novembre 2020), [&hellip;]<\/p>\n","protected":false},"author":6,"featured_media":0,"comment_status":"closed","ping_status":"closed","sticky":false,"template":"","format":"standard","meta":{"_acf_changed":false,"footnotes":""},"categories":[206],"tags":[351],"class_list":["post-23939","post","type-post","status-publish","format-standard","hentry","category-playlist-fr","tag-rock-fr"],"acf":[],"yoast_head":"<!-- This site is optimized with the Yoast SEO plugin v27.3 - https:\/\/yoast.com\/product\/yoast-seo-wordpress\/ -->\n<title>Bafang | Un premier album et une playlist pour What The France ! - What the France<\/title>\n<meta name=\"robots\" content=\"index, follow, max-snippet:-1, max-image-preview:large, max-video-preview:-1\" \/>\n<link rel=\"canonical\" href=\"https:\/\/whatthefrance.org\/fr\/bafang-un-premier-album-et-une-playlist-pour-what-the-france\/\" \/>\n<meta property=\"og:locale\" content=\"fr_FR\" \/>\n<meta property=\"og:type\" content=\"article\" \/>\n<meta property=\"og:title\" content=\"Bafang | Un premier album et une playlist pour What The France ! - What the France\" \/>\n<meta property=\"og:description\" content=\"Une batterie, une guitare, quelques effets, deux voix, nul besoin pour Bafang d\u2019autre chose pour embarquer le public dans un voyage empli de fort agr\u00e9ables turbulences sonores. Sur sc\u00e8ne (Trans Musicales, Papillons de Nuit, Beauregard, Reggae Sun Ska, Afrika Tage\u2026) ou sur disque, comme sur leur explosif premier album Elektrik Makossa\u00a0(disponible le 27 novembre 2020), [&hellip;]\" \/>\n<meta property=\"og:url\" content=\"https:\/\/whatthefrance.org\/fr\/bafang-un-premier-album-et-une-playlist-pour-what-the-france\/\" \/>\n<meta property=\"og:site_name\" content=\"What the France\" \/>\n<meta property=\"article:published_time\" content=\"2020-11-23T09:28:30+00:00\" \/>\n<meta property=\"article:modified_time\" content=\"2020-11-23T12:26:03+00:00\" \/>\n<meta property=\"og:image\" content=\"https:\/\/whatthefrance.org\/wp-content\/uploads\/2020\/11\/Bafang_what_the_france.png\" \/>\n\t<meta property=\"og:image:width\" content=\"1084\" \/>\n\t<meta property=\"og:image:height\" content=\"452\" \/>\n<meta name=\"author\" content=\"Marie-Sophie Administrateur\" \/>\n<meta name=\"twitter:card\" content=\"summary_large_image\" \/>\n<meta name=\"twitter:label1\" content=\"\u00c9crit par\" \/>\n\t<meta name=\"twitter:data1\" content=\"Marie-Sophie Administrateur\" \/>\n\t<meta name=\"twitter:label2\" content=\"Dur\u00e9e de lecture estim\u00e9e\" \/>\n\t<meta name=\"twitter:data2\" content=\"1 minute\" \/>\n<script type=\"application\/ld+json\" class=\"yoast-schema-graph\">{\"@context\":\"https:\\\/\\\/schema.org\",\"@graph\":[{\"@type\":\"Article\",\"@id\":\"https:\\\/\\\/whatthefrance.org\\\/fr\\\/bafang-un-premier-album-et-une-playlist-pour-what-the-france\\\/#article\",\"isPartOf\":{\"@id\":\"https:\\\/\\\/whatthefrance.org\\\/fr\\\/bafang-un-premier-album-et-une-playlist-pour-what-the-france\\\/\"},\"author\":{\"name\":\"Marie-Sophie Administrateur\",\"@id\":\"https:\\\/\\\/whatthefrance.org\\\/fr\\\/#\\\/schema\\\/person\\\/3b7ea6fb70b536503b3e8c909c564a81\"},\"headline\":\"Bafang | Un premier album et une playlist pour What The France !\",\"datePublished\":\"2020-11-23T09:28:30+00:00\",\"dateModified\":\"2020-11-23T12:26:03+00:00\",\"mainEntityOfPage\":{\"@id\":\"https:\\\/\\\/whatthefrance.org\\\/fr\\\/bafang-un-premier-album-et-une-playlist-pour-what-the-france\\\/\"},\"wordCount\":286,\"publisher\":{\"@id\":\"https:\\\/\\\/whatthefrance.org\\\/fr\\\/#organization\"},\"keywords\":[\"Rock\"],\"articleSection\":[\"Playlist\"],\"inLanguage\":\"fr-FR\"},{\"@type\":\"WebPage\",\"@id\":\"https:\\\/\\\/whatthefrance.org\\\/fr\\\/bafang-un-premier-album-et-une-playlist-pour-what-the-france\\\/\",\"url\":\"https:\\\/\\\/whatthefrance.org\\\/fr\\\/bafang-un-premier-album-et-une-playlist-pour-what-the-france\\\/\",\"name\":\"Bafang | Un premier album et une playlist pour What The France ! - What the France\",\"isPartOf\":{\"@id\":\"https:\\\/\\\/whatthefrance.org\\\/fr\\\/#website\"},\"datePublished\":\"2020-11-23T09:28:30+00:00\",\"dateModified\":\"2020-11-23T12:26:03+00:00\",\"breadcrumb\":{\"@id\":\"https:\\\/\\\/whatthefrance.org\\\/fr\\\/bafang-un-premier-album-et-une-playlist-pour-what-the-france\\\/#breadcrumb\"},\"inLanguage\":\"fr-FR\",\"potentialAction\":[{\"@type\":\"ReadAction\",\"target\":[\"https:\\\/\\\/whatthefrance.org\\\/fr\\\/bafang-un-premier-album-et-une-playlist-pour-what-the-france\\\/\"]}]},{\"@type\":\"BreadcrumbList\",\"@id\":\"https:\\\/\\\/whatthefrance.org\\\/fr\\\/bafang-un-premier-album-et-une-playlist-pour-what-the-france\\\/#breadcrumb\",\"itemListElement\":[{\"@type\":\"ListItem\",\"position\":1,\"name\":\"Home\",\"item\":\"https:\\\/\\\/whatthefrance.org\\\/fr\\\/\"},{\"@type\":\"ListItem\",\"position\":2,\"name\":\"Bafang | Un premier album et une playlist pour What The France !\"}]},{\"@type\":\"WebSite\",\"@id\":\"https:\\\/\\\/whatthefrance.org\\\/fr\\\/#website\",\"url\":\"https:\\\/\\\/whatthefrance.org\\\/fr\\\/\",\"name\":\"What the France\",\"description\":\"The finest music made in France !\",\"publisher\":{\"@id\":\"https:\\\/\\\/whatthefrance.org\\\/fr\\\/#organization\"},\"potentialAction\":[{\"@type\":\"SearchAction\",\"target\":{\"@type\":\"EntryPoint\",\"urlTemplate\":\"https:\\\/\\\/whatthefrance.org\\\/fr\\\/?s={search_term_string}\"},\"query-input\":{\"@type\":\"PropertyValueSpecification\",\"valueRequired\":true,\"valueName\":\"search_term_string\"}}],\"inLanguage\":\"fr-FR\"},{\"@type\":\"Organization\",\"@id\":\"https:\\\/\\\/whatthefrance.org\\\/fr\\\/#organization\",\"name\":\"What The France\",\"url\":\"https:\\\/\\\/whatthefrance.org\\\/fr\\\/\",\"logo\":{\"@type\":\"ImageObject\",\"inLanguage\":\"fr-FR\",\"@id\":\"https:\\\/\\\/whatthefrance.org\\\/fr\\\/#\\\/schema\\\/logo\\\/image\\\/\",\"url\":\"https:\\\/\\\/whatthefrance.org\\\/wp-content\\\/uploads\\\/2019\\\/12\\\/44688719_2251580388408837_694180218134331392_n-e1577679609190.png\",\"contentUrl\":\"https:\\\/\\\/whatthefrance.org\\\/wp-content\\\/uploads\\\/2019\\\/12\\\/44688719_2251580388408837_694180218134331392_n-e1577679609190.png\",\"width\":200,\"height\":200,\"caption\":\"What The France\"},\"image\":{\"@id\":\"https:\\\/\\\/whatthefrance.org\\\/fr\\\/#\\\/schema\\\/logo\\\/image\\\/\"}},{\"@type\":\"Person\",\"@id\":\"https:\\\/\\\/whatthefrance.org\\\/fr\\\/#\\\/schema\\\/person\\\/3b7ea6fb70b536503b3e8c909c564a81\",\"name\":\"Marie-Sophie Administrateur\",\"image\":{\"@type\":\"ImageObject\",\"inLanguage\":\"fr-FR\",\"@id\":\"https:\\\/\\\/secure.gravatar.com\\\/avatar\\\/d57e4552c73c8713409cd3c2de53bdb5d220ebdd76dc7ba351b2dbae89f5afa9?s=96&d=mm&r=g\",\"url\":\"https:\\\/\\\/secure.gravatar.com\\\/avatar\\\/d57e4552c73c8713409cd3c2de53bdb5d220ebdd76dc7ba351b2dbae89f5afa9?s=96&d=mm&r=g\",\"contentUrl\":\"https:\\\/\\\/secure.gravatar.com\\\/avatar\\\/d57e4552c73c8713409cd3c2de53bdb5d220ebdd76dc7ba351b2dbae89f5afa9?s=96&d=mm&r=g\",\"caption\":\"Marie-Sophie Administrateur\"}}]}<\/script>\n<!-- \/ Yoast SEO plugin. -->","yoast_head_json":{"title":"Bafang | Un premier album et une playlist pour What The France ! - What the France","robots":{"index":"index","follow":"follow","max-snippet":"max-snippet:-1","max-image-preview":"max-image-preview:large","max-video-preview":"max-video-preview:-1"},"canonical":"https:\/\/whatthefrance.org\/fr\/bafang-un-premier-album-et-une-playlist-pour-what-the-france\/","og_locale":"fr_FR","og_type":"article","og_title":"Bafang | Un premier album et une playlist pour What The France ! - What the France","og_description":"Une batterie, une guitare, quelques effets, deux voix, nul besoin pour Bafang d\u2019autre chose pour embarquer le public dans un voyage empli de fort agr\u00e9ables turbulences sonores. Sur sc\u00e8ne (Trans Musicales, Papillons de Nuit, Beauregard, Reggae Sun Ska, Afrika Tage\u2026) ou sur disque, comme sur leur explosif premier album Elektrik Makossa\u00a0(disponible le 27 novembre 2020), [&hellip;]","og_url":"https:\/\/whatthefrance.org\/fr\/bafang-un-premier-album-et-une-playlist-pour-what-the-france\/","og_site_name":"What the France","article_published_time":"2020-11-23T09:28:30+00:00","article_modified_time":"2020-11-23T12:26:03+00:00","og_image":[{"url":"https:\/\/whatthefrance.org\/wp-content\/uploads\/2020\/11\/Bafang_what_the_france.png","height":452,"width":1084,"type":""}],"author":"Marie-Sophie Administrateur","twitter_card":"summary_large_image","twitter_misc":{"\u00c9crit par":"Marie-Sophie Administrateur","Dur\u00e9e de lecture estim\u00e9e":"1 minute"},"schema":{"@context":"https:\/\/schema.org","@graph":[{"@type":"Article","@id":"https:\/\/whatthefrance.org\/fr\/bafang-un-premier-album-et-une-playlist-pour-what-the-france\/#article","isPartOf":{"@id":"https:\/\/whatthefrance.org\/fr\/bafang-un-premier-album-et-une-playlist-pour-what-the-france\/"},"author":{"name":"Marie-Sophie Administrateur","@id":"https:\/\/whatthefrance.org\/fr\/#\/schema\/person\/3b7ea6fb70b536503b3e8c909c564a81"},"headline":"Bafang | Un premier album et une playlist pour What The France !","datePublished":"2020-11-23T09:28:30+00:00","dateModified":"2020-11-23T12:26:03+00:00","mainEntityOfPage":{"@id":"https:\/\/whatthefrance.org\/fr\/bafang-un-premier-album-et-une-playlist-pour-what-the-france\/"},"wordCount":286,"publisher":{"@id":"https:\/\/whatthefrance.org\/fr\/#organization"},"keywords":["Rock"],"articleSection":["Playlist"],"inLanguage":"fr-FR"},{"@type":"WebPage","@id":"https:\/\/whatthefrance.org\/fr\/bafang-un-premier-album-et-une-playlist-pour-what-the-france\/","url":"https:\/\/whatthefrance.org\/fr\/bafang-un-premier-album-et-une-playlist-pour-what-the-france\/","name":"Bafang | Un premier album et une playlist pour What The France ! - What the France","isPartOf":{"@id":"https:\/\/whatthefrance.org\/fr\/#website"},"datePublished":"2020-11-23T09:28:30+00:00","dateModified":"2020-11-23T12:26:03+00:00","breadcrumb":{"@id":"https:\/\/whatthefrance.org\/fr\/bafang-un-premier-album-et-une-playlist-pour-what-the-france\/#breadcrumb"},"inLanguage":"fr-FR","potentialAction":[{"@type":"ReadAction","target":["https:\/\/whatthefrance.org\/fr\/bafang-un-premier-album-et-une-playlist-pour-what-the-france\/"]}]},{"@type":"BreadcrumbList","@id":"https:\/\/whatthefrance.org\/fr\/bafang-un-premier-album-et-une-playlist-pour-what-the-france\/#breadcrumb","itemListElement":[{"@type":"ListItem","position":1,"name":"Home","item":"https:\/\/whatthefrance.org\/fr\/"},{"@type":"ListItem","position":2,"name":"Bafang | Un premier album et une playlist pour What The France !"}]},{"@type":"WebSite","@id":"https:\/\/whatthefrance.org\/fr\/#website","url":"https:\/\/whatthefrance.org\/fr\/","name":"What the France","description":"The finest music made in France !","publisher":{"@id":"https:\/\/whatthefrance.org\/fr\/#organization"},"potentialAction":[{"@type":"SearchAction","target":{"@type":"EntryPoint","urlTemplate":"https:\/\/whatthefrance.org\/fr\/?s={search_term_string}"},"query-input":{"@type":"PropertyValueSpecification","valueRequired":true,"valueName":"search_term_string"}}],"inLanguage":"fr-FR"},{"@type":"Organization","@id":"https:\/\/whatthefrance.org\/fr\/#organization","name":"What The France","url":"https:\/\/whatthefrance.org\/fr\/","logo":{"@type":"ImageObject","inLanguage":"fr-FR","@id":"https:\/\/whatthefrance.org\/fr\/#\/schema\/logo\/image\/","url":"https:\/\/whatthefrance.org\/wp-content\/uploads\/2019\/12\/44688719_2251580388408837_694180218134331392_n-e1577679609190.png","contentUrl":"https:\/\/whatthefrance.org\/wp-content\/uploads\/2019\/12\/44688719_2251580388408837_694180218134331392_n-e1577679609190.png","width":200,"height":200,"caption":"What The France"},"image":{"@id":"https:\/\/whatthefrance.org\/fr\/#\/schema\/logo\/image\/"}},{"@type":"Person","@id":"https:\/\/whatthefrance.org\/fr\/#\/schema\/person\/3b7ea6fb70b536503b3e8c909c564a81","name":"Marie-Sophie Administrateur","image":{"@type":"ImageObject","inLanguage":"fr-FR","@id":"https:\/\/secure.gravatar.com\/avatar\/d57e4552c73c8713409cd3c2de53bdb5d220ebdd76dc7ba351b2dbae89f5afa9?s=96&d=mm&r=g","url":"https:\/\/secure.gravatar.com\/avatar\/d57e4552c73c8713409cd3c2de53bdb5d220ebdd76dc7ba351b2dbae89f5afa9?s=96&d=mm&r=g","contentUrl":"https:\/\/secure.gravatar.com\/avatar\/d57e4552c73c8713409cd3c2de53bdb5d220ebdd76dc7ba351b2dbae89f5afa9?s=96&d=mm&r=g","caption":"Marie-Sophie Administrateur"}}]}},"_links":{"self":[{"href":"https:\/\/whatthefrance.org\/fr\/wp-json\/wp\/v2\/posts\/23939","targetHints":{"allow":["GET"]}}],"collection":[{"href":"https:\/\/whatthefrance.org\/fr\/wp-json\/wp\/v2\/posts"}],"about":[{"href":"https:\/\/whatthefrance.org\/fr\/wp-json\/wp\/v2\/types\/post"}],"author":[{"embeddable":true,"href":"https:\/\/whatthefrance.org\/fr\/wp-json\/wp\/v2\/users\/6"}],"replies":[{"embeddable":true,"href":"https:\/\/whatthefrance.org\/fr\/wp-json\/wp\/v2\/comments?post=23939"}],"version-history":[{"count":4,"href":"https:\/\/whatthefrance.org\/fr\/wp-json\/wp\/v2\/posts\/23939\/revisions"}],"predecessor-version":[{"id":23987,"href":"https:\/\/whatthefrance.org\/fr\/wp-json\/wp\/v2\/posts\/23939\/revisions\/23987"}],"wp:attachment":[{"href":"https:\/\/whatthefrance.org\/fr\/wp-json\/wp\/v2\/media?parent=23939"}],"wp:term":[{"taxonomy":"category","embeddable":true,"href":"https:\/\/whatthefrance.org\/fr\/wp-json\/wp\/v2\/categories?post=23939"},{"taxonomy":"post_tag","embeddable":true,"href":"https:\/\/whatthefrance.org\/fr\/wp-json\/wp\/v2\/tags?post=23939"}],"curies":[{"name":"wp","href":"https:\/\/api.w.org\/{rel}","templated":true}]}}