{"id":24776,"date":"2020-12-21T10:01:26","date_gmt":"2020-12-21T09:01:26","guid":{"rendered":"https:\/\/whatthefrance.org\/?p=24776"},"modified":"2020-12-21T10:06:06","modified_gmt":"2020-12-21T09:06:06","slug":"jane-birkin-nouvel-album-oh-pardon-tu-dormais","status":"publish","type":"post","link":"https:\/\/whatthefrance.org\/fr\/jane-birkin-nouvel-album-oh-pardon-tu-dormais\/","title":{"rendered":"Jane Birkin | nouvel album \u00ab\u00a0Oh ! Pardon tu dormais\u2026\u201d"},"content":{"rendered":"<p>L&rsquo;ic\u00f4ne franco-anglaise <strong><a href=\"https:\/\/www.facebook.com\/JaneBirkinOff\">Jane Birkin<\/a><\/strong> est de retour avec son nouvel album <em>Oh ! Pardon tu dormais&#8230;<\/em>. L&rsquo;album comprend 13 titres \u00e9crits par Jane et compos\u00e9s et produits par l&rsquo;auteur-compositeur-interpr\u00e8te fran\u00e7ais <a href=\"https:\/\/www.facebook.com\/EtienneDaho\" target=\"_blank\" rel=\"noopener noreferrer\">Etienne Daho<\/a> et le producteur \u00e0 succ\u00e8s Jean-Louis Pi\u00e9rot, qui a travaill\u00e9 avec des artistes tels qu&rsquo;Alain Bashung.<\/p>\n<p><iframe loading=\"lazy\" title=\"Jane Birkin - Les Jeux Interdits (Clip Officiel)\" width=\"500\" height=\"281\" src=\"https:\/\/www.youtube.com\/embed\/yRIvExTlvqk?feature=oembed\" frameborder=\"0\" allow=\"accelerometer; autoplay; clipboard-write; encrypted-media; gyroscope; picture-in-picture; web-share\" referrerpolicy=\"strict-origin-when-cross-origin\" allowfullscreen><\/iframe><\/p>\n<p>&nbsp;<\/p>\n<p>Cet album intime de Jane Birkin est rempli de th\u00e8mes qui lui tiennent \u00e0 c\u0153ur. Le point de d\u00e9part a \u00e9t\u00e9 la pi\u00e8ce de th\u00e9\u00e2tre qu&rsquo;elle a \u00e9crite dans les ann\u00e9es 1990 et qui fut adapt\u00e9e en livre puis en film. \u00ab\u00a0\u00c9tienne m&rsquo;a aid\u00e9 \u00e0 me lib\u00e9rer d&rsquo;une douleur pass\u00e9e, de la m\u00e9lancolie et de l&rsquo;inertie. Nous nous sommes donn\u00e9s compl\u00e8tement, nous nous sommes tout pris l&rsquo;un de l&rsquo;autre, et je suis toujours \u00e9tonn\u00e9 de la fa\u00e7on dont nous avons pu travailler tous les trois ensembles. Nous sommes les parents de cet album&#8230; et cela m&rsquo;\u00e9meut\u00a0\u00bb, d\u00e9clare Jane Birkin, parlant pour la premi\u00e8re fois de la mort de sa fille Kate, de l&rsquo;absence, de la peur de l&rsquo;amour, des fant\u00f4mes du pass\u00e9&#8230;<\/p>\n<p>Le premier single \u00ab\u00a0Jeux interdits\u00a0\u00bb est la parfaite illustration de l&rsquo;intimit\u00e9 que Jane d\u00e9peint dans cet album. La chanson rappelle l&rsquo;\u00e9poque o\u00f9 ses deux filles, Kate Barry et Charlotte Gainsbourg, \u00e9taient obs\u00e9d\u00e9es par le film classique \u00ab\u00a0Jeux interdits\u00a0\u00bb (1952) lorsqu&rsquo;elles \u00e9taient enfants.<\/p>\n<div class=\"playListBloc singleBloc\"><div class=\"playListBloc-wrap\">    <div class=\"thumbnail\"><img data-src=\"https:\/\/whatthefrance.org\/wp-content\/uploads\/2018\/11\/WTF-Cover-The\u011ames_birkin_classique-254x254.jpg\" class=\"lazyload\" alt=\"WTF&#8212;Cover-The\u011ames_birkin_classique\" \/>    <\/div>    <div class=\"infos\">        <span class=\"tag\">Themes<\/span>        <h2>Jane Birkin&rsquo;s Got Class(ique)<\/h2>        <span class=\"separator\"><\/span>       <span class=\"desc\">Classical tracks that were adapted by Serge Gainsbourg to create Jane Birkin's hit songs.<\/span><div class=\"share flex flexAlignCenter \">\t<span class=\"label\">Partager<\/span>\t<a href=\"https:\/\/www.facebook.com\/sharer\/sharer.php?u=https:\/\/whatthefrance.org\/fr\/playlists\/jane-birkins-got-classique\/\" class=\"facebook\" target=\"_blank\" rel=\"noreferrer\">Facebook<\/a>\t<a href=\"https:\/\/twitter.com\/intent\/tweet?url=https:\/\/whatthefrance.org\/fr\/playlists\/jane-birkins-got-classique\/&text=Jane+Birkin%27s+Got+Class%28ique%29&hashtags=WTF\" class=\"twitter\" target=\"_blank\" rel=\"noreferrer\">Twitter<\/a>\t<a href=\"mailto:?subject=What%20the%20France%20%3A%20Jane%20Birkin%27s%20Got%20Class%28ique%29&body=https:\/\/whatthefrance.org\/fr\/playlists\/jane-birkins-got-classique\/\" class=\"mail\" target=\"_blank\" rel=\"noreferrer\">Email<\/a><\/div>        <a href=\"#\" class=\"btn btnPlaylist orange playlist-click\" data-id=\"1040\">            <svg version=\"1.1\" x=\"0px\" y=\"0px\" width=\"40px\" height=\"40px\" viewBox=\"0 0 213.7 213.7\" enable-background=\"new 0 0 213.7 213.7\" xml:space=\"preserve\">                <polygon class=\"triangle\" fill=\"none\" stroke-width=\"10\" stroke-linecap=\"round\" stroke-linejoin=\"round\" stroke-miterlimit=\"10\" points=\"\n            73.5,62.5 148.5,105.8 73.5,149.1 \"\/>                <circle class=\"circle\" fill=\"none\"  stroke-width=\"8\" stroke-linecap=\"round\" stroke-linejoin=\"round\" stroke-miterlimit=\"10\" cx=\"106.8\" cy=\"106.8\" r=\"103.3\"\/>                <circle class=\"circle-white\" fill=\"none\"  stroke-width=\"8\" stroke-linecap=\"round\" stroke-linejoin=\"round\" stroke-miterlimit=\"10\" cx=\"106.8\" cy=\"106.8\" r=\"103.3\"\/>            <\/svg>Ecouter        <\/a>    <\/div>  <\/div><\/div>\n","protected":false},"excerpt":{"rendered":"<p>L&rsquo;ic\u00f4ne franco-anglaise Jane Birkin est de retour avec son nouvel album Oh ! Pardon tu dormais&#8230;. L&rsquo;album comprend 13 titres \u00e9crits par Jane et compos\u00e9s et produits par l&rsquo;auteur-compositeur-interpr\u00e8te fran\u00e7ais Etienne Daho et le producteur \u00e0 succ\u00e8s Jean-Louis Pi\u00e9rot, qui a travaill\u00e9 avec des artistes tels qu&rsquo;Alain Bashung. &nbsp; Cet album intime de Jane Birkin [&hellip;]<\/p>\n","protected":false},"author":26,"featured_media":0,"comment_status":"closed","ping_status":"closed","sticky":false,"template":"","format":"standard","meta":{"_acf_changed":false,"footnotes":""},"categories":[215],"tags":[307],"class_list":["post-24776","post","type-post","status-publish","format-standard","hentry","category-release-fr","tag-chanson-fr"],"acf":[],"yoast_head":"<!-- This site is optimized with the Yoast SEO plugin v27.3 - https:\/\/yoast.com\/product\/yoast-seo-wordpress\/ -->\n<title>Jane Birkin | nouvel album &quot;Oh ! Pardon tu dormais\u2026\u201d - What the France<\/title>\n<meta name=\"robots\" content=\"index, follow, max-snippet:-1, max-image-preview:large, max-video-preview:-1\" \/>\n<link rel=\"canonical\" href=\"https:\/\/whatthefrance.org\/fr\/jane-birkin-nouvel-album-oh-pardon-tu-dormais\/\" \/>\n<meta property=\"og:locale\" content=\"fr_FR\" \/>\n<meta property=\"og:type\" content=\"article\" \/>\n<meta property=\"og:title\" content=\"Jane Birkin | nouvel album &quot;Oh ! Pardon tu dormais\u2026\u201d - What the France\" \/>\n<meta property=\"og:description\" content=\"L&rsquo;ic\u00f4ne franco-anglaise Jane Birkin est de retour avec son nouvel album Oh ! Pardon tu dormais&#8230;. L&rsquo;album comprend 13 titres \u00e9crits par Jane et compos\u00e9s et produits par l&rsquo;auteur-compositeur-interpr\u00e8te fran\u00e7ais Etienne Daho et le producteur \u00e0 succ\u00e8s Jean-Louis Pi\u00e9rot, qui a travaill\u00e9 avec des artistes tels qu&rsquo;Alain Bashung. &nbsp; Cet album intime de Jane Birkin [&hellip;]\" \/>\n<meta property=\"og:url\" content=\"https:\/\/whatthefrance.org\/fr\/jane-birkin-nouvel-album-oh-pardon-tu-dormais\/\" \/>\n<meta property=\"og:site_name\" content=\"What the France\" \/>\n<meta property=\"article:published_time\" content=\"2020-12-21T09:01:26+00:00\" \/>\n<meta property=\"article:modified_time\" content=\"2020-12-21T09:06:06+00:00\" \/>\n<meta property=\"og:image\" content=\"https:\/\/whatthefrance.org\/wp-content\/uploads\/2020\/12\/janebirkin_what_the_france.png\" \/>\n\t<meta property=\"og:image:width\" content=\"1084\" \/>\n\t<meta property=\"og:image:height\" content=\"452\" \/>\n<meta name=\"author\" content=\"Stagiaire 1 Berlin\" \/>\n<meta name=\"twitter:card\" content=\"summary_large_image\" \/>\n<meta name=\"twitter:label1\" content=\"\u00c9crit par\" \/>\n\t<meta name=\"twitter:data1\" content=\"Stagiaire 1 Berlin\" \/>\n\t<meta name=\"twitter:label2\" content=\"Dur\u00e9e de lecture estim\u00e9e\" \/>\n\t<meta name=\"twitter:data2\" content=\"1 minute\" \/>\n<script type=\"application\/ld+json\" class=\"yoast-schema-graph\">{\"@context\":\"https:\\\/\\\/schema.org\",\"@graph\":[{\"@type\":\"Article\",\"@id\":\"https:\\\/\\\/whatthefrance.org\\\/fr\\\/jane-birkin-nouvel-album-oh-pardon-tu-dormais\\\/#article\",\"isPartOf\":{\"@id\":\"https:\\\/\\\/whatthefrance.org\\\/fr\\\/jane-birkin-nouvel-album-oh-pardon-tu-dormais\\\/\"},\"author\":{\"name\":\"Stagiaire 1 Berlin\",\"@id\":\"https:\\\/\\\/whatthefrance.org\\\/fr\\\/#\\\/schema\\\/person\\\/a72915ae82250c292822ed109081970a\"},\"headline\":\"Jane Birkin | nouvel album \u00ab\u00a0Oh ! Pardon tu dormais\u2026\u201d\",\"datePublished\":\"2020-12-21T09:01:26+00:00\",\"dateModified\":\"2020-12-21T09:06:06+00:00\",\"mainEntityOfPage\":{\"@id\":\"https:\\\/\\\/whatthefrance.org\\\/fr\\\/jane-birkin-nouvel-album-oh-pardon-tu-dormais\\\/\"},\"wordCount\":268,\"publisher\":{\"@id\":\"https:\\\/\\\/whatthefrance.org\\\/fr\\\/#organization\"},\"keywords\":[\"Chanson\"],\"articleSection\":[\"Release\"],\"inLanguage\":\"fr-FR\"},{\"@type\":\"WebPage\",\"@id\":\"https:\\\/\\\/whatthefrance.org\\\/fr\\\/jane-birkin-nouvel-album-oh-pardon-tu-dormais\\\/\",\"url\":\"https:\\\/\\\/whatthefrance.org\\\/fr\\\/jane-birkin-nouvel-album-oh-pardon-tu-dormais\\\/\",\"name\":\"Jane Birkin | nouvel album \\\"Oh ! Pardon tu dormais\u2026\u201d - What the France\",\"isPartOf\":{\"@id\":\"https:\\\/\\\/whatthefrance.org\\\/fr\\\/#website\"},\"datePublished\":\"2020-12-21T09:01:26+00:00\",\"dateModified\":\"2020-12-21T09:06:06+00:00\",\"breadcrumb\":{\"@id\":\"https:\\\/\\\/whatthefrance.org\\\/fr\\\/jane-birkin-nouvel-album-oh-pardon-tu-dormais\\\/#breadcrumb\"},\"inLanguage\":\"fr-FR\",\"potentialAction\":[{\"@type\":\"ReadAction\",\"target\":[\"https:\\\/\\\/whatthefrance.org\\\/fr\\\/jane-birkin-nouvel-album-oh-pardon-tu-dormais\\\/\"]}]},{\"@type\":\"BreadcrumbList\",\"@id\":\"https:\\\/\\\/whatthefrance.org\\\/fr\\\/jane-birkin-nouvel-album-oh-pardon-tu-dormais\\\/#breadcrumb\",\"itemListElement\":[{\"@type\":\"ListItem\",\"position\":1,\"name\":\"Home\",\"item\":\"https:\\\/\\\/whatthefrance.org\\\/fr\\\/\"},{\"@type\":\"ListItem\",\"position\":2,\"name\":\"Jane Birkin | nouvel album \u00ab\u00a0Oh ! Pardon tu dormais\u2026\u201d\"}]},{\"@type\":\"WebSite\",\"@id\":\"https:\\\/\\\/whatthefrance.org\\\/fr\\\/#website\",\"url\":\"https:\\\/\\\/whatthefrance.org\\\/fr\\\/\",\"name\":\"What the France\",\"description\":\"The finest music made in France !\",\"publisher\":{\"@id\":\"https:\\\/\\\/whatthefrance.org\\\/fr\\\/#organization\"},\"potentialAction\":[{\"@type\":\"SearchAction\",\"target\":{\"@type\":\"EntryPoint\",\"urlTemplate\":\"https:\\\/\\\/whatthefrance.org\\\/fr\\\/?s={search_term_string}\"},\"query-input\":{\"@type\":\"PropertyValueSpecification\",\"valueRequired\":true,\"valueName\":\"search_term_string\"}}],\"inLanguage\":\"fr-FR\"},{\"@type\":\"Organization\",\"@id\":\"https:\\\/\\\/whatthefrance.org\\\/fr\\\/#organization\",\"name\":\"What The France\",\"url\":\"https:\\\/\\\/whatthefrance.org\\\/fr\\\/\",\"logo\":{\"@type\":\"ImageObject\",\"inLanguage\":\"fr-FR\",\"@id\":\"https:\\\/\\\/whatthefrance.org\\\/fr\\\/#\\\/schema\\\/logo\\\/image\\\/\",\"url\":\"https:\\\/\\\/whatthefrance.org\\\/wp-content\\\/uploads\\\/2019\\\/12\\\/44688719_2251580388408837_694180218134331392_n-e1577679609190.png\",\"contentUrl\":\"https:\\\/\\\/whatthefrance.org\\\/wp-content\\\/uploads\\\/2019\\\/12\\\/44688719_2251580388408837_694180218134331392_n-e1577679609190.png\",\"width\":200,\"height\":200,\"caption\":\"What The France\"},\"image\":{\"@id\":\"https:\\\/\\\/whatthefrance.org\\\/fr\\\/#\\\/schema\\\/logo\\\/image\\\/\"}},{\"@type\":\"Person\",\"@id\":\"https:\\\/\\\/whatthefrance.org\\\/fr\\\/#\\\/schema\\\/person\\\/a72915ae82250c292822ed109081970a\",\"name\":\"Stagiaire 1 Berlin\",\"image\":{\"@type\":\"ImageObject\",\"inLanguage\":\"fr-FR\",\"@id\":\"https:\\\/\\\/secure.gravatar.com\\\/avatar\\\/dfeb8d88ae59b52c2ef8ba0be98ebede06bf72bd97d535142490a9391ffa2c33?s=96&d=mm&r=g\",\"url\":\"https:\\\/\\\/secure.gravatar.com\\\/avatar\\\/dfeb8d88ae59b52c2ef8ba0be98ebede06bf72bd97d535142490a9391ffa2c33?s=96&d=mm&r=g\",\"contentUrl\":\"https:\\\/\\\/secure.gravatar.com\\\/avatar\\\/dfeb8d88ae59b52c2ef8ba0be98ebede06bf72bd97d535142490a9391ffa2c33?s=96&d=mm&r=g\",\"caption\":\"Stagiaire 1 Berlin\"}}]}<\/script>\n<!-- \/ Yoast SEO plugin. -->","yoast_head_json":{"title":"Jane Birkin | nouvel album \"Oh ! Pardon tu dormais\u2026\u201d - What the France","robots":{"index":"index","follow":"follow","max-snippet":"max-snippet:-1","max-image-preview":"max-image-preview:large","max-video-preview":"max-video-preview:-1"},"canonical":"https:\/\/whatthefrance.org\/fr\/jane-birkin-nouvel-album-oh-pardon-tu-dormais\/","og_locale":"fr_FR","og_type":"article","og_title":"Jane Birkin | nouvel album \"Oh ! Pardon tu dormais\u2026\u201d - What the France","og_description":"L&rsquo;ic\u00f4ne franco-anglaise Jane Birkin est de retour avec son nouvel album Oh ! Pardon tu dormais&#8230;. L&rsquo;album comprend 13 titres \u00e9crits par Jane et compos\u00e9s et produits par l&rsquo;auteur-compositeur-interpr\u00e8te fran\u00e7ais Etienne Daho et le producteur \u00e0 succ\u00e8s Jean-Louis Pi\u00e9rot, qui a travaill\u00e9 avec des artistes tels qu&rsquo;Alain Bashung. &nbsp; Cet album intime de Jane Birkin [&hellip;]","og_url":"https:\/\/whatthefrance.org\/fr\/jane-birkin-nouvel-album-oh-pardon-tu-dormais\/","og_site_name":"What the France","article_published_time":"2020-12-21T09:01:26+00:00","article_modified_time":"2020-12-21T09:06:06+00:00","og_image":[{"url":"https:\/\/whatthefrance.org\/wp-content\/uploads\/2020\/12\/janebirkin_what_the_france.png","height":452,"width":1084,"type":""}],"author":"Stagiaire 1 Berlin","twitter_card":"summary_large_image","twitter_misc":{"\u00c9crit par":"Stagiaire 1 Berlin","Dur\u00e9e de lecture estim\u00e9e":"1 minute"},"schema":{"@context":"https:\/\/schema.org","@graph":[{"@type":"Article","@id":"https:\/\/whatthefrance.org\/fr\/jane-birkin-nouvel-album-oh-pardon-tu-dormais\/#article","isPartOf":{"@id":"https:\/\/whatthefrance.org\/fr\/jane-birkin-nouvel-album-oh-pardon-tu-dormais\/"},"author":{"name":"Stagiaire 1 Berlin","@id":"https:\/\/whatthefrance.org\/fr\/#\/schema\/person\/a72915ae82250c292822ed109081970a"},"headline":"Jane Birkin | nouvel album \u00ab\u00a0Oh ! Pardon tu dormais\u2026\u201d","datePublished":"2020-12-21T09:01:26+00:00","dateModified":"2020-12-21T09:06:06+00:00","mainEntityOfPage":{"@id":"https:\/\/whatthefrance.org\/fr\/jane-birkin-nouvel-album-oh-pardon-tu-dormais\/"},"wordCount":268,"publisher":{"@id":"https:\/\/whatthefrance.org\/fr\/#organization"},"keywords":["Chanson"],"articleSection":["Release"],"inLanguage":"fr-FR"},{"@type":"WebPage","@id":"https:\/\/whatthefrance.org\/fr\/jane-birkin-nouvel-album-oh-pardon-tu-dormais\/","url":"https:\/\/whatthefrance.org\/fr\/jane-birkin-nouvel-album-oh-pardon-tu-dormais\/","name":"Jane Birkin | nouvel album \"Oh ! Pardon tu dormais\u2026\u201d - What the France","isPartOf":{"@id":"https:\/\/whatthefrance.org\/fr\/#website"},"datePublished":"2020-12-21T09:01:26+00:00","dateModified":"2020-12-21T09:06:06+00:00","breadcrumb":{"@id":"https:\/\/whatthefrance.org\/fr\/jane-birkin-nouvel-album-oh-pardon-tu-dormais\/#breadcrumb"},"inLanguage":"fr-FR","potentialAction":[{"@type":"ReadAction","target":["https:\/\/whatthefrance.org\/fr\/jane-birkin-nouvel-album-oh-pardon-tu-dormais\/"]}]},{"@type":"BreadcrumbList","@id":"https:\/\/whatthefrance.org\/fr\/jane-birkin-nouvel-album-oh-pardon-tu-dormais\/#breadcrumb","itemListElement":[{"@type":"ListItem","position":1,"name":"Home","item":"https:\/\/whatthefrance.org\/fr\/"},{"@type":"ListItem","position":2,"name":"Jane Birkin | nouvel album \u00ab\u00a0Oh ! Pardon tu dormais\u2026\u201d"}]},{"@type":"WebSite","@id":"https:\/\/whatthefrance.org\/fr\/#website","url":"https:\/\/whatthefrance.org\/fr\/","name":"What the France","description":"The finest music made in France !","publisher":{"@id":"https:\/\/whatthefrance.org\/fr\/#organization"},"potentialAction":[{"@type":"SearchAction","target":{"@type":"EntryPoint","urlTemplate":"https:\/\/whatthefrance.org\/fr\/?s={search_term_string}"},"query-input":{"@type":"PropertyValueSpecification","valueRequired":true,"valueName":"search_term_string"}}],"inLanguage":"fr-FR"},{"@type":"Organization","@id":"https:\/\/whatthefrance.org\/fr\/#organization","name":"What The France","url":"https:\/\/whatthefrance.org\/fr\/","logo":{"@type":"ImageObject","inLanguage":"fr-FR","@id":"https:\/\/whatthefrance.org\/fr\/#\/schema\/logo\/image\/","url":"https:\/\/whatthefrance.org\/wp-content\/uploads\/2019\/12\/44688719_2251580388408837_694180218134331392_n-e1577679609190.png","contentUrl":"https:\/\/whatthefrance.org\/wp-content\/uploads\/2019\/12\/44688719_2251580388408837_694180218134331392_n-e1577679609190.png","width":200,"height":200,"caption":"What The France"},"image":{"@id":"https:\/\/whatthefrance.org\/fr\/#\/schema\/logo\/image\/"}},{"@type":"Person","@id":"https:\/\/whatthefrance.org\/fr\/#\/schema\/person\/a72915ae82250c292822ed109081970a","name":"Stagiaire 1 Berlin","image":{"@type":"ImageObject","inLanguage":"fr-FR","@id":"https:\/\/secure.gravatar.com\/avatar\/dfeb8d88ae59b52c2ef8ba0be98ebede06bf72bd97d535142490a9391ffa2c33?s=96&d=mm&r=g","url":"https:\/\/secure.gravatar.com\/avatar\/dfeb8d88ae59b52c2ef8ba0be98ebede06bf72bd97d535142490a9391ffa2c33?s=96&d=mm&r=g","contentUrl":"https:\/\/secure.gravatar.com\/avatar\/dfeb8d88ae59b52c2ef8ba0be98ebede06bf72bd97d535142490a9391ffa2c33?s=96&d=mm&r=g","caption":"Stagiaire 1 Berlin"}}]}},"_links":{"self":[{"href":"https:\/\/whatthefrance.org\/fr\/wp-json\/wp\/v2\/posts\/24776","targetHints":{"allow":["GET"]}}],"collection":[{"href":"https:\/\/whatthefrance.org\/fr\/wp-json\/wp\/v2\/posts"}],"about":[{"href":"https:\/\/whatthefrance.org\/fr\/wp-json\/wp\/v2\/types\/post"}],"author":[{"embeddable":true,"href":"https:\/\/whatthefrance.org\/fr\/wp-json\/wp\/v2\/users\/26"}],"replies":[{"embeddable":true,"href":"https:\/\/whatthefrance.org\/fr\/wp-json\/wp\/v2\/comments?post=24776"}],"version-history":[{"count":6,"href":"https:\/\/whatthefrance.org\/fr\/wp-json\/wp\/v2\/posts\/24776\/revisions"}],"predecessor-version":[{"id":24789,"href":"https:\/\/whatthefrance.org\/fr\/wp-json\/wp\/v2\/posts\/24776\/revisions\/24789"}],"wp:attachment":[{"href":"https:\/\/whatthefrance.org\/fr\/wp-json\/wp\/v2\/media?parent=24776"}],"wp:term":[{"taxonomy":"category","embeddable":true,"href":"https:\/\/whatthefrance.org\/fr\/wp-json\/wp\/v2\/categories?post=24776"},{"taxonomy":"post_tag","embeddable":true,"href":"https:\/\/whatthefrance.org\/fr\/wp-json\/wp\/v2\/tags?post=24776"}],"curies":[{"name":"wp","href":"https:\/\/api.w.org\/{rel}","templated":true}]}}