{"id":24904,"date":"2021-01-06T11:47:54","date_gmt":"2021-01-06T10:47:54","guid":{"rendered":"https:\/\/whatthefrance.org\/?p=24904"},"modified":"2021-01-06T11:49:08","modified_gmt":"2021-01-06T10:49:08","slug":"myfrenchfilmfestival-edition-2021","status":"publish","type":"post","link":"https:\/\/whatthefrance.org\/fr\/myfrenchfilmfestival-edition-2021\/","title":{"rendered":"MyFrenchFilmFestival | \u00c9dition 2021"},"content":{"rendered":"<div class=\"page\" title=\"Page 2\">\n<div class=\"section\">\n<div class=\"layoutArea\">\n<div class=\"column\">\n<p><span class=\"em-orange\">Vous aimez le cin\u00e9ma ? Nous aussi ! Nous nous sommes alli\u00e9s \u00e0 <a href=\"https:\/\/en.unifrance.org\/\" target=\"_blank\" rel=\"noopener noreferrer\"><strong>UniFrance<\/strong><\/a> pour vous proposer la bande-son de circonstance qui accompagnera vos soir\u00e9es durant MyFrenchFilmFestival.<br \/>\nComme chaque ann\u00e9e,\u00a0<\/span><span class=\"em-orange\"><strong><a href=\"http:\/\/www.myfrenchfilmfestival.com\/fr\/\">MyFrenchFilmFestival<\/a>\u00a0<\/strong>met en lumi\u00e8re la jeune g\u00e9n\u00e9ration de cin\u00e9astes fran\u00e7ais et permet aux internautes du monde entier de partager leur amour du cin\u00e9ma fran\u00e7ais. Pour cette nouvelle \u00e9dition, 20 courts et long-m\u00e9trages sont propos\u00e9s.\u00a0<\/span><\/p>\n<p><iframe loading=\"lazy\" title=\"Juniore - Ah bah d&#039;accord\" width=\"500\" height=\"281\" src=\"https:\/\/www.youtube.com\/embed\/rO49Thcq2jY?list=PLP2oIPiF_OIDY2s3NjoZaeOfzKc3FRPUK\" frameborder=\"0\" allow=\"accelerometer; autoplay; clipboard-write; encrypted-media; gyroscope; picture-in-picture; web-share\" referrerpolicy=\"strict-origin-when-cross-origin\" allowfullscreen><\/iframe><\/p>\n<h3>LE FESTIVAL<\/h3>\n<p>Avec plus de <strong>12 millions de visionnages<\/strong> enregistr\u00e9s l\u2019ann\u00e9e derni\u00e8re \u00e0 travers <strong>200 territoires<\/strong>, et une \u00e9dition sp\u00e9ciale\u00a0\u00ab Stay Home \u00bb pendant le confinement, MyFrenchFilmFestival est le premier festival de cin\u00e9ma francophone enti\u00e8rement en ligne.<\/p>\n<p>Sa 11e \u00e9dition, qui se d\u00e9roulera du <strong>15 janvier au 15 f\u00e9vrier 2021.<\/strong>\u00a0Com\u00e9dies, romances, drames, documentaires, films d\u2019animations, classiques, VR, courts-m\u00e9trages jeune public&#8230; tous les genres repr\u00e9sentatifs de la diversit\u00e9 du cin\u00e9ma francophone seront \u00e0 l\u2019honneur.<\/p>\n<p>Plusieurs r\u00e9compenses seront d\u00e9cern\u00e9es \u00e0 l\u2019issue du festival : le Grand Prix du Jury,\u00a0les Prix du Public et les Prix de la Presse Internationale. Parmi les pr\u00e9c\u00e9dents Pr\u00e9sidents du Jury figurent Ira Sachs, Nicolas Winding Refn, Paolo Sorrentino, Michel Gondry, Pablo Trapero&#8230;<\/p>\n<\/div>\n<div class=\"playListBloc singleBloc\"><div class=\"playListBloc-wrap\">    <div class=\"thumbnail\"><img data-src=\"https:\/\/whatthefrance.org\/wp-content\/uploads\/2021\/01\/WTF-My-French-Film-Festival-2021-254x254.jpg\" class=\"lazyload\" alt=\"WTF&#8212;My French Film Festival 2021\" \/>    <\/div>    <div class=\"infos\">        <span class=\"tag\">Partners<\/span>        <h2>MyFrenchFilmFestival 2021 | Official Playlist<\/h2>        <span class=\"separator\"><\/span>       <span class=\"desc\">A selection of made in France soundtracks presented at MyFrenchFilmFestival in 2021.<\/span><div class=\"share flex flexAlignCenter \">\t<span class=\"label\">Partager<\/span>\t<a href=\"https:\/\/www.facebook.com\/sharer\/sharer.php?u=https:\/\/whatthefrance.org\/fr\/playlists\/myfrenchfilmfestival-2021-official-playlist\/\" class=\"facebook\" target=\"_blank\" rel=\"noreferrer\">Facebook<\/a>\t<a href=\"https:\/\/twitter.com\/intent\/tweet?url=https:\/\/whatthefrance.org\/fr\/playlists\/myfrenchfilmfestival-2021-official-playlist\/&text=MyFrenchFilmFestival+2021+%7C+Official+Playlist&hashtags=WTF\" class=\"twitter\" target=\"_blank\" rel=\"noreferrer\">Twitter<\/a>\t<a href=\"mailto:?subject=What%20the%20France%20%3A%20MyFrenchFilmFestival%202021%20%7C%20Official%20Playlist&body=https:\/\/whatthefrance.org\/fr\/playlists\/myfrenchfilmfestival-2021-official-playlist\/\" class=\"mail\" target=\"_blank\" rel=\"noreferrer\">Email<\/a><\/div>        <a href=\"#\" class=\"btn btnPlaylist orange playlist-click\" data-id=\"24891\">            <svg version=\"1.1\" x=\"0px\" y=\"0px\" width=\"40px\" height=\"40px\" viewBox=\"0 0 213.7 213.7\" enable-background=\"new 0 0 213.7 213.7\" xml:space=\"preserve\">                <polygon class=\"triangle\" fill=\"none\" stroke-width=\"10\" stroke-linecap=\"round\" stroke-linejoin=\"round\" stroke-miterlimit=\"10\" points=\"\n            73.5,62.5 148.5,105.8 73.5,149.1 \"\/>                <circle class=\"circle\" fill=\"none\"  stroke-width=\"8\" stroke-linecap=\"round\" stroke-linejoin=\"round\" stroke-miterlimit=\"10\" cx=\"106.8\" cy=\"106.8\" r=\"103.3\"\/>                <circle class=\"circle-white\" fill=\"none\"  stroke-width=\"8\" stroke-linecap=\"round\" stroke-linejoin=\"round\" stroke-miterlimit=\"10\" cx=\"106.8\" cy=\"106.8\" r=\"103.3\"\/>            <\/svg>Ecouter        <\/a>    <\/div>  <\/div><\/div>\n<\/div>\n<\/div>\n<\/div>\n","protected":false},"excerpt":{"rendered":"<p>Vous aimez le cin\u00e9ma ? Nous aussi ! Nous nous sommes alli\u00e9s \u00e0 UniFrance pour vous proposer la bande-son de circonstance qui accompagnera vos soir\u00e9es durant MyFrenchFilmFestival. Comme chaque ann\u00e9e,\u00a0MyFrenchFilmFestival\u00a0met en lumi\u00e8re la jeune g\u00e9n\u00e9ration de cin\u00e9astes fran\u00e7ais et permet aux internautes du monde entier de partager leur amour du cin\u00e9ma fran\u00e7ais. Pour cette nouvelle [&hellip;]<\/p>\n","protected":false},"author":6,"featured_media":0,"comment_status":"closed","ping_status":"closed","sticky":false,"template":"","format":"standard","meta":{"_acf_changed":false,"footnotes":""},"categories":[213],"tags":[340,351,357,361],"class_list":["post-24904","post","type-post","status-publish","format-standard","hentry","category-event-fr","tag-pop-fr","tag-rock-fr","tag-urban-fr","tag-world-fr"],"acf":[],"yoast_head":"<!-- This site is optimized with the Yoast SEO plugin v27.3 - https:\/\/yoast.com\/product\/yoast-seo-wordpress\/ -->\n<title>MyFrenchFilmFestival | \u00c9dition 2021 - What the France<\/title>\n<meta name=\"robots\" content=\"index, follow, max-snippet:-1, max-image-preview:large, max-video-preview:-1\" \/>\n<link rel=\"canonical\" href=\"https:\/\/whatthefrance.org\/fr\/myfrenchfilmfestival-edition-2021\/\" \/>\n<meta property=\"og:locale\" content=\"fr_FR\" \/>\n<meta property=\"og:type\" content=\"article\" \/>\n<meta property=\"og:title\" content=\"MyFrenchFilmFestival | \u00c9dition 2021 - What the France\" \/>\n<meta property=\"og:description\" content=\"Vous aimez le cin\u00e9ma ? Nous aussi ! Nous nous sommes alli\u00e9s \u00e0 UniFrance pour vous proposer la bande-son de circonstance qui accompagnera vos soir\u00e9es durant MyFrenchFilmFestival. Comme chaque ann\u00e9e,\u00a0MyFrenchFilmFestival\u00a0met en lumi\u00e8re la jeune g\u00e9n\u00e9ration de cin\u00e9astes fran\u00e7ais et permet aux internautes du monde entier de partager leur amour du cin\u00e9ma fran\u00e7ais. Pour cette nouvelle [&hellip;]\" \/>\n<meta property=\"og:url\" content=\"https:\/\/whatthefrance.org\/fr\/myfrenchfilmfestival-edition-2021\/\" \/>\n<meta property=\"og:site_name\" content=\"What the France\" \/>\n<meta property=\"article:published_time\" content=\"2021-01-06T10:47:54+00:00\" \/>\n<meta property=\"article:modified_time\" content=\"2021-01-06T10:49:08+00:00\" \/>\n<meta property=\"og:image\" content=\"https:\/\/whatthefrance.org\/wp-content\/uploads\/2021\/01\/my_french_film_what_the_france.png\" \/>\n\t<meta property=\"og:image:width\" content=\"1084\" \/>\n\t<meta property=\"og:image:height\" content=\"452\" \/>\n<meta name=\"author\" content=\"Marie-Sophie Administrateur\" \/>\n<meta name=\"twitter:card\" content=\"summary_large_image\" \/>\n<meta name=\"twitter:label1\" content=\"\u00c9crit par\" \/>\n\t<meta name=\"twitter:data1\" content=\"Marie-Sophie Administrateur\" \/>\n\t<meta name=\"twitter:label2\" content=\"Dur\u00e9e de lecture estim\u00e9e\" \/>\n\t<meta name=\"twitter:data2\" content=\"1 minute\" \/>\n<script type=\"application\/ld+json\" class=\"yoast-schema-graph\">{\"@context\":\"https:\\\/\\\/schema.org\",\"@graph\":[{\"@type\":\"Article\",\"@id\":\"https:\\\/\\\/whatthefrance.org\\\/fr\\\/myfrenchfilmfestival-edition-2021\\\/#article\",\"isPartOf\":{\"@id\":\"https:\\\/\\\/whatthefrance.org\\\/fr\\\/myfrenchfilmfestival-edition-2021\\\/\"},\"author\":{\"name\":\"Marie-Sophie Administrateur\",\"@id\":\"https:\\\/\\\/whatthefrance.org\\\/fr\\\/#\\\/schema\\\/person\\\/3b7ea6fb70b536503b3e8c909c564a81\"},\"headline\":\"MyFrenchFilmFestival | \u00c9dition 2021\",\"datePublished\":\"2021-01-06T10:47:54+00:00\",\"dateModified\":\"2021-01-06T10:49:08+00:00\",\"mainEntityOfPage\":{\"@id\":\"https:\\\/\\\/whatthefrance.org\\\/fr\\\/myfrenchfilmfestival-edition-2021\\\/\"},\"wordCount\":223,\"publisher\":{\"@id\":\"https:\\\/\\\/whatthefrance.org\\\/fr\\\/#organization\"},\"keywords\":[\"Pop\",\"Rock\",\"Urban\",\"World\"],\"articleSection\":[\"Event\"],\"inLanguage\":\"fr-FR\"},{\"@type\":\"WebPage\",\"@id\":\"https:\\\/\\\/whatthefrance.org\\\/fr\\\/myfrenchfilmfestival-edition-2021\\\/\",\"url\":\"https:\\\/\\\/whatthefrance.org\\\/fr\\\/myfrenchfilmfestival-edition-2021\\\/\",\"name\":\"MyFrenchFilmFestival | \u00c9dition 2021 - What the France\",\"isPartOf\":{\"@id\":\"https:\\\/\\\/whatthefrance.org\\\/fr\\\/#website\"},\"datePublished\":\"2021-01-06T10:47:54+00:00\",\"dateModified\":\"2021-01-06T10:49:08+00:00\",\"breadcrumb\":{\"@id\":\"https:\\\/\\\/whatthefrance.org\\\/fr\\\/myfrenchfilmfestival-edition-2021\\\/#breadcrumb\"},\"inLanguage\":\"fr-FR\",\"potentialAction\":[{\"@type\":\"ReadAction\",\"target\":[\"https:\\\/\\\/whatthefrance.org\\\/fr\\\/myfrenchfilmfestival-edition-2021\\\/\"]}]},{\"@type\":\"BreadcrumbList\",\"@id\":\"https:\\\/\\\/whatthefrance.org\\\/fr\\\/myfrenchfilmfestival-edition-2021\\\/#breadcrumb\",\"itemListElement\":[{\"@type\":\"ListItem\",\"position\":1,\"name\":\"Home\",\"item\":\"https:\\\/\\\/whatthefrance.org\\\/fr\\\/\"},{\"@type\":\"ListItem\",\"position\":2,\"name\":\"MyFrenchFilmFestival | \u00c9dition 2021\"}]},{\"@type\":\"WebSite\",\"@id\":\"https:\\\/\\\/whatthefrance.org\\\/fr\\\/#website\",\"url\":\"https:\\\/\\\/whatthefrance.org\\\/fr\\\/\",\"name\":\"What the France\",\"description\":\"The finest music made in France !\",\"publisher\":{\"@id\":\"https:\\\/\\\/whatthefrance.org\\\/fr\\\/#organization\"},\"potentialAction\":[{\"@type\":\"SearchAction\",\"target\":{\"@type\":\"EntryPoint\",\"urlTemplate\":\"https:\\\/\\\/whatthefrance.org\\\/fr\\\/?s={search_term_string}\"},\"query-input\":{\"@type\":\"PropertyValueSpecification\",\"valueRequired\":true,\"valueName\":\"search_term_string\"}}],\"inLanguage\":\"fr-FR\"},{\"@type\":\"Organization\",\"@id\":\"https:\\\/\\\/whatthefrance.org\\\/fr\\\/#organization\",\"name\":\"What The France\",\"url\":\"https:\\\/\\\/whatthefrance.org\\\/fr\\\/\",\"logo\":{\"@type\":\"ImageObject\",\"inLanguage\":\"fr-FR\",\"@id\":\"https:\\\/\\\/whatthefrance.org\\\/fr\\\/#\\\/schema\\\/logo\\\/image\\\/\",\"url\":\"https:\\\/\\\/whatthefrance.org\\\/wp-content\\\/uploads\\\/2019\\\/12\\\/44688719_2251580388408837_694180218134331392_n-e1577679609190.png\",\"contentUrl\":\"https:\\\/\\\/whatthefrance.org\\\/wp-content\\\/uploads\\\/2019\\\/12\\\/44688719_2251580388408837_694180218134331392_n-e1577679609190.png\",\"width\":200,\"height\":200,\"caption\":\"What The France\"},\"image\":{\"@id\":\"https:\\\/\\\/whatthefrance.org\\\/fr\\\/#\\\/schema\\\/logo\\\/image\\\/\"}},{\"@type\":\"Person\",\"@id\":\"https:\\\/\\\/whatthefrance.org\\\/fr\\\/#\\\/schema\\\/person\\\/3b7ea6fb70b536503b3e8c909c564a81\",\"name\":\"Marie-Sophie Administrateur\",\"image\":{\"@type\":\"ImageObject\",\"inLanguage\":\"fr-FR\",\"@id\":\"https:\\\/\\\/secure.gravatar.com\\\/avatar\\\/d57e4552c73c8713409cd3c2de53bdb5d220ebdd76dc7ba351b2dbae89f5afa9?s=96&d=mm&r=g\",\"url\":\"https:\\\/\\\/secure.gravatar.com\\\/avatar\\\/d57e4552c73c8713409cd3c2de53bdb5d220ebdd76dc7ba351b2dbae89f5afa9?s=96&d=mm&r=g\",\"contentUrl\":\"https:\\\/\\\/secure.gravatar.com\\\/avatar\\\/d57e4552c73c8713409cd3c2de53bdb5d220ebdd76dc7ba351b2dbae89f5afa9?s=96&d=mm&r=g\",\"caption\":\"Marie-Sophie Administrateur\"}}]}<\/script>\n<!-- \/ Yoast SEO plugin. -->","yoast_head_json":{"title":"MyFrenchFilmFestival | \u00c9dition 2021 - What the France","robots":{"index":"index","follow":"follow","max-snippet":"max-snippet:-1","max-image-preview":"max-image-preview:large","max-video-preview":"max-video-preview:-1"},"canonical":"https:\/\/whatthefrance.org\/fr\/myfrenchfilmfestival-edition-2021\/","og_locale":"fr_FR","og_type":"article","og_title":"MyFrenchFilmFestival | \u00c9dition 2021 - What the France","og_description":"Vous aimez le cin\u00e9ma ? Nous aussi ! Nous nous sommes alli\u00e9s \u00e0 UniFrance pour vous proposer la bande-son de circonstance qui accompagnera vos soir\u00e9es durant MyFrenchFilmFestival. Comme chaque ann\u00e9e,\u00a0MyFrenchFilmFestival\u00a0met en lumi\u00e8re la jeune g\u00e9n\u00e9ration de cin\u00e9astes fran\u00e7ais et permet aux internautes du monde entier de partager leur amour du cin\u00e9ma fran\u00e7ais. Pour cette nouvelle [&hellip;]","og_url":"https:\/\/whatthefrance.org\/fr\/myfrenchfilmfestival-edition-2021\/","og_site_name":"What the France","article_published_time":"2021-01-06T10:47:54+00:00","article_modified_time":"2021-01-06T10:49:08+00:00","og_image":[{"url":"https:\/\/whatthefrance.org\/wp-content\/uploads\/2021\/01\/my_french_film_what_the_france.png","height":452,"width":1084,"type":""}],"author":"Marie-Sophie Administrateur","twitter_card":"summary_large_image","twitter_misc":{"\u00c9crit par":"Marie-Sophie Administrateur","Dur\u00e9e de lecture estim\u00e9e":"1 minute"},"schema":{"@context":"https:\/\/schema.org","@graph":[{"@type":"Article","@id":"https:\/\/whatthefrance.org\/fr\/myfrenchfilmfestival-edition-2021\/#article","isPartOf":{"@id":"https:\/\/whatthefrance.org\/fr\/myfrenchfilmfestival-edition-2021\/"},"author":{"name":"Marie-Sophie Administrateur","@id":"https:\/\/whatthefrance.org\/fr\/#\/schema\/person\/3b7ea6fb70b536503b3e8c909c564a81"},"headline":"MyFrenchFilmFestival | \u00c9dition 2021","datePublished":"2021-01-06T10:47:54+00:00","dateModified":"2021-01-06T10:49:08+00:00","mainEntityOfPage":{"@id":"https:\/\/whatthefrance.org\/fr\/myfrenchfilmfestival-edition-2021\/"},"wordCount":223,"publisher":{"@id":"https:\/\/whatthefrance.org\/fr\/#organization"},"keywords":["Pop","Rock","Urban","World"],"articleSection":["Event"],"inLanguage":"fr-FR"},{"@type":"WebPage","@id":"https:\/\/whatthefrance.org\/fr\/myfrenchfilmfestival-edition-2021\/","url":"https:\/\/whatthefrance.org\/fr\/myfrenchfilmfestival-edition-2021\/","name":"MyFrenchFilmFestival | \u00c9dition 2021 - What the France","isPartOf":{"@id":"https:\/\/whatthefrance.org\/fr\/#website"},"datePublished":"2021-01-06T10:47:54+00:00","dateModified":"2021-01-06T10:49:08+00:00","breadcrumb":{"@id":"https:\/\/whatthefrance.org\/fr\/myfrenchfilmfestival-edition-2021\/#breadcrumb"},"inLanguage":"fr-FR","potentialAction":[{"@type":"ReadAction","target":["https:\/\/whatthefrance.org\/fr\/myfrenchfilmfestival-edition-2021\/"]}]},{"@type":"BreadcrumbList","@id":"https:\/\/whatthefrance.org\/fr\/myfrenchfilmfestival-edition-2021\/#breadcrumb","itemListElement":[{"@type":"ListItem","position":1,"name":"Home","item":"https:\/\/whatthefrance.org\/fr\/"},{"@type":"ListItem","position":2,"name":"MyFrenchFilmFestival | \u00c9dition 2021"}]},{"@type":"WebSite","@id":"https:\/\/whatthefrance.org\/fr\/#website","url":"https:\/\/whatthefrance.org\/fr\/","name":"What the France","description":"The finest music made in France !","publisher":{"@id":"https:\/\/whatthefrance.org\/fr\/#organization"},"potentialAction":[{"@type":"SearchAction","target":{"@type":"EntryPoint","urlTemplate":"https:\/\/whatthefrance.org\/fr\/?s={search_term_string}"},"query-input":{"@type":"PropertyValueSpecification","valueRequired":true,"valueName":"search_term_string"}}],"inLanguage":"fr-FR"},{"@type":"Organization","@id":"https:\/\/whatthefrance.org\/fr\/#organization","name":"What The France","url":"https:\/\/whatthefrance.org\/fr\/","logo":{"@type":"ImageObject","inLanguage":"fr-FR","@id":"https:\/\/whatthefrance.org\/fr\/#\/schema\/logo\/image\/","url":"https:\/\/whatthefrance.org\/wp-content\/uploads\/2019\/12\/44688719_2251580388408837_694180218134331392_n-e1577679609190.png","contentUrl":"https:\/\/whatthefrance.org\/wp-content\/uploads\/2019\/12\/44688719_2251580388408837_694180218134331392_n-e1577679609190.png","width":200,"height":200,"caption":"What The France"},"image":{"@id":"https:\/\/whatthefrance.org\/fr\/#\/schema\/logo\/image\/"}},{"@type":"Person","@id":"https:\/\/whatthefrance.org\/fr\/#\/schema\/person\/3b7ea6fb70b536503b3e8c909c564a81","name":"Marie-Sophie Administrateur","image":{"@type":"ImageObject","inLanguage":"fr-FR","@id":"https:\/\/secure.gravatar.com\/avatar\/d57e4552c73c8713409cd3c2de53bdb5d220ebdd76dc7ba351b2dbae89f5afa9?s=96&d=mm&r=g","url":"https:\/\/secure.gravatar.com\/avatar\/d57e4552c73c8713409cd3c2de53bdb5d220ebdd76dc7ba351b2dbae89f5afa9?s=96&d=mm&r=g","contentUrl":"https:\/\/secure.gravatar.com\/avatar\/d57e4552c73c8713409cd3c2de53bdb5d220ebdd76dc7ba351b2dbae89f5afa9?s=96&d=mm&r=g","caption":"Marie-Sophie Administrateur"}}]}},"_links":{"self":[{"href":"https:\/\/whatthefrance.org\/fr\/wp-json\/wp\/v2\/posts\/24904","targetHints":{"allow":["GET"]}}],"collection":[{"href":"https:\/\/whatthefrance.org\/fr\/wp-json\/wp\/v2\/posts"}],"about":[{"href":"https:\/\/whatthefrance.org\/fr\/wp-json\/wp\/v2\/types\/post"}],"author":[{"embeddable":true,"href":"https:\/\/whatthefrance.org\/fr\/wp-json\/wp\/v2\/users\/6"}],"replies":[{"embeddable":true,"href":"https:\/\/whatthefrance.org\/fr\/wp-json\/wp\/v2\/comments?post=24904"}],"version-history":[{"count":8,"href":"https:\/\/whatthefrance.org\/fr\/wp-json\/wp\/v2\/posts\/24904\/revisions"}],"predecessor-version":[{"id":24927,"href":"https:\/\/whatthefrance.org\/fr\/wp-json\/wp\/v2\/posts\/24904\/revisions\/24927"}],"wp:attachment":[{"href":"https:\/\/whatthefrance.org\/fr\/wp-json\/wp\/v2\/media?parent=24904"}],"wp:term":[{"taxonomy":"category","embeddable":true,"href":"https:\/\/whatthefrance.org\/fr\/wp-json\/wp\/v2\/categories?post=24904"},{"taxonomy":"post_tag","embeddable":true,"href":"https:\/\/whatthefrance.org\/fr\/wp-json\/wp\/v2\/tags?post=24904"}],"curies":[{"name":"wp","href":"https:\/\/api.w.org\/{rel}","templated":true}]}}