{"id":26477,"date":"2021-03-03T17:22:47","date_gmt":"2021-03-03T16:22:47","guid":{"rendered":"https:\/\/whatthefrance.org\/?p=26477"},"modified":"2021-03-03T17:22:52","modified_gmt":"2021-03-03T16:22:52","slug":"alliance-francaise-french-film-festival-2021-australia","status":"publish","type":"post","link":"https:\/\/whatthefrance.org\/fr\/alliance-francaise-french-film-festival-2021-australia\/","title":{"rendered":"Alliance Fran\u00e7aise French Film Festival 2021 | Australia"},"content":{"rendered":"<p>L&rsquo;<span class=\"em-orange\"><a href=\"https:\/\/www.affrenchfilmfestival.org\" target=\"_blank\" rel=\"noopener\">Alliance Francaise French Film Festival<\/a> <\/span> est de retour pour sa 32\u00e8me \u00e9dition. D\u00e9couvrez notre playlist !<\/p>\n<p><img decoding=\"async\" class=\"wp-image-26162 aligncenter\" src=\"https:\/\/whatthefrance.org\/wp-content\/uploads\/2021\/02\/AFFFF2021-Dates-300x168.jpg\" alt=\"\" width=\"486\" height=\"272\" srcset=\"https:\/\/whatthefrance.org\/wp-content\/uploads\/2021\/02\/AFFFF2021-Dates-300x168.jpg 300w, https:\/\/whatthefrance.org\/wp-content\/uploads\/2021\/02\/AFFFF2021-Dates.jpg 700w\" sizes=\"(max-width: 486px) 100vw, 486px\" \/><\/p>\n<p>Du 2 mars au 20 avril, profitez d&rsquo;une s\u00e9lection de 37 films dont Eiffel, Aline, De Gaulle et The Rose Maker&#8230; D\u00e9couvrez le programme complet <a href=\"https:\/\/www.affrenchfilmfestival.org\" target=\"_blank\" rel=\"noopener\">ici<\/a>.<\/p>\n<div class=\"lmt__inner_textarea_container\" title=\"Cliquez sur un mot pour voir les autres traductions possibles\">\n<div class=\"lmt__textarea_base_style\">\n<h2>LA PLAYLIST<\/h2>\n<\/div>\n<\/div>\n<div>\n<p>Pour f\u00eater cela, nous avons cr\u00e9\u00e9 une playlist de titres made in France qui figurent sur les bandes originales des films pr\u00e9sent\u00e9s cette ann\u00e9e.<\/p>\n<p>D\u00e9couvrez les compositions de Juniore, Romain Trouillet, Olivier Davaud, Eric Neveux, Fred Avril et bien d&rsquo;autres.<\/p>\n<\/div>\n<div class=\"playListBloc singleBloc\"><div class=\"playListBloc-wrap\">    <div class=\"thumbnail\"><img data-src=\"https:\/\/whatthefrance.org\/wp-content\/uploads\/2021\/02\/Unknown-254x254.jpeg\" class=\"lazyload\" alt=\"Unknown\" \/>    <\/div>    <div class=\"infos\">        <span class=\"tag\">Partners<\/span>        <h2>Alliance Fran\u00e7aise French Film Festival 2021<\/h2>        <span class=\"separator\"><\/span>       <span class=\"desc\">Listen to a selection of made in France tracks featured on the soundtracks of the movies..<\/span><div class=\"share flex flexAlignCenter \">\t<span class=\"label\">Partager<\/span>\t<a href=\"https:\/\/www.facebook.com\/sharer\/sharer.php?u=https:\/\/whatthefrance.org\/fr\/playlists\/alliance-francaise-french-film-festival-2021\/\" class=\"facebook\" target=\"_blank\" rel=\"noreferrer\">Facebook<\/a>\t<a href=\"https:\/\/twitter.com\/intent\/tweet?url=https:\/\/whatthefrance.org\/fr\/playlists\/alliance-francaise-french-film-festival-2021\/&text=Alliance+Fran%C3%A7aise+French+Film+Festival+2021&hashtags=WTF\" class=\"twitter\" target=\"_blank\" rel=\"noreferrer\">Twitter<\/a>\t<a href=\"mailto:?subject=What%20the%20France%20%3A%20Alliance%20Fran%C3%A7aise%20French%20Film%20Festival%202021&body=https:\/\/whatthefrance.org\/fr\/playlists\/alliance-francaise-french-film-festival-2021\/\" class=\"mail\" target=\"_blank\" rel=\"noreferrer\">Email<\/a><\/div>        <a href=\"#\" class=\"btn btnPlaylist orange playlist-click\" data-id=\"25828\">            <svg version=\"1.1\" x=\"0px\" y=\"0px\" width=\"40px\" height=\"40px\" viewBox=\"0 0 213.7 213.7\" enable-background=\"new 0 0 213.7 213.7\" xml:space=\"preserve\">                <polygon class=\"triangle\" fill=\"none\" stroke-width=\"10\" stroke-linecap=\"round\" stroke-linejoin=\"round\" stroke-miterlimit=\"10\" points=\"\n            73.5,62.5 148.5,105.8 73.5,149.1 \"\/>                <circle class=\"circle\" fill=\"none\"  stroke-width=\"8\" stroke-linecap=\"round\" stroke-linejoin=\"round\" stroke-miterlimit=\"10\" cx=\"106.8\" cy=\"106.8\" r=\"103.3\"\/>                <circle class=\"circle-white\" fill=\"none\"  stroke-width=\"8\" stroke-linecap=\"round\" stroke-linejoin=\"round\" stroke-miterlimit=\"10\" cx=\"106.8\" cy=\"106.8\" r=\"103.3\"\/>            <\/svg>Ecouter        <\/a>    <\/div>  <\/div><\/div>\n","protected":false},"excerpt":{"rendered":"<p>L&rsquo;Alliance Francaise French Film Festival est de retour pour sa 32\u00e8me \u00e9dition. D\u00e9couvrez notre playlist ! Du 2 mars au 20 avril, profitez d&rsquo;une s\u00e9lection de 37 films dont Eiffel, Aline, De Gaulle et The Rose Maker&#8230; D\u00e9couvrez le programme complet ici. LA PLAYLIST Pour f\u00eater cela, nous avons cr\u00e9\u00e9 une playlist de titres made [&hellip;]<\/p>\n","protected":false},"author":6,"featured_media":0,"comment_status":"closed","ping_status":"closed","sticky":false,"template":"","format":"standard","meta":{"_acf_changed":false,"footnotes":""},"categories":[206],"tags":[307,327,340,351],"class_list":["post-26477","post","type-post","status-publish","format-standard","hentry","category-playlist-fr","tag-chanson-fr","tag-folk-fr","tag-pop-fr","tag-rock-fr"],"acf":[],"yoast_head":"<!-- This site is optimized with the Yoast SEO plugin v27.3 - https:\/\/yoast.com\/product\/yoast-seo-wordpress\/ -->\n<title>Alliance Fran\u00e7aise French Film Festival 2021 | Australia - What the France<\/title>\n<meta name=\"robots\" content=\"index, follow, max-snippet:-1, max-image-preview:large, max-video-preview:-1\" \/>\n<link rel=\"canonical\" href=\"https:\/\/whatthefrance.org\/fr\/alliance-francaise-french-film-festival-2021-australia\/\" \/>\n<meta property=\"og:locale\" content=\"fr_FR\" \/>\n<meta property=\"og:type\" content=\"article\" \/>\n<meta property=\"og:title\" content=\"Alliance Fran\u00e7aise French Film Festival 2021 | Australia - What the France\" \/>\n<meta property=\"og:description\" content=\"L&rsquo;Alliance Francaise French Film Festival est de retour pour sa 32\u00e8me \u00e9dition. D\u00e9couvrez notre playlist ! Du 2 mars au 20 avril, profitez d&rsquo;une s\u00e9lection de 37 films dont Eiffel, Aline, De Gaulle et The Rose Maker&#8230; D\u00e9couvrez le programme complet ici. LA PLAYLIST Pour f\u00eater cela, nous avons cr\u00e9\u00e9 une playlist de titres made [&hellip;]\" \/>\n<meta property=\"og:url\" content=\"https:\/\/whatthefrance.org\/fr\/alliance-francaise-french-film-festival-2021-australia\/\" \/>\n<meta property=\"og:site_name\" content=\"What the France\" \/>\n<meta property=\"article:published_time\" content=\"2021-03-03T16:22:47+00:00\" \/>\n<meta property=\"article:modified_time\" content=\"2021-03-03T16:22:52+00:00\" \/>\n<meta property=\"og:image\" content=\"https:\/\/whatthefrance.org\/wp-content\/uploads\/2021\/02\/Untitled-design.png\" \/>\n\t<meta property=\"og:image:width\" content=\"1084\" \/>\n\t<meta property=\"og:image:height\" content=\"452\" \/><meta property=\"og:image\" content=\"https:\/\/whatthefrance.org\/wp-content\/uploads\/2021\/02\/AFFFF2021-Dates-300x168.jpg\" \/>\n<meta name=\"author\" content=\"Marie-Sophie Administrateur\" \/>\n<meta name=\"twitter:card\" content=\"summary_large_image\" \/>\n<meta name=\"twitter:label1\" content=\"\u00c9crit par\" \/>\n\t<meta name=\"twitter:data1\" content=\"Marie-Sophie Administrateur\" \/>\n\t<meta name=\"twitter:label2\" content=\"Dur\u00e9e de lecture estim\u00e9e\" \/>\n\t<meta name=\"twitter:data2\" content=\"1 minute\" \/>\n<script type=\"application\/ld+json\" class=\"yoast-schema-graph\">{\"@context\":\"https:\\\/\\\/schema.org\",\"@graph\":[{\"@type\":\"Article\",\"@id\":\"https:\\\/\\\/whatthefrance.org\\\/fr\\\/alliance-francaise-french-film-festival-2021-australia\\\/#article\",\"isPartOf\":{\"@id\":\"https:\\\/\\\/whatthefrance.org\\\/fr\\\/alliance-francaise-french-film-festival-2021-australia\\\/\"},\"author\":{\"name\":\"Marie-Sophie Administrateur\",\"@id\":\"https:\\\/\\\/whatthefrance.org\\\/fr\\\/#\\\/schema\\\/person\\\/3b7ea6fb70b536503b3e8c909c564a81\"},\"headline\":\"Alliance Fran\u00e7aise French Film Festival 2021 | Australia\",\"datePublished\":\"2021-03-03T16:22:47+00:00\",\"dateModified\":\"2021-03-03T16:22:52+00:00\",\"mainEntityOfPage\":{\"@id\":\"https:\\\/\\\/whatthefrance.org\\\/fr\\\/alliance-francaise-french-film-festival-2021-australia\\\/\"},\"wordCount\":100,\"publisher\":{\"@id\":\"https:\\\/\\\/whatthefrance.org\\\/fr\\\/#organization\"},\"image\":{\"@id\":\"https:\\\/\\\/whatthefrance.org\\\/fr\\\/alliance-francaise-french-film-festival-2021-australia\\\/#primaryimage\"},\"thumbnailUrl\":\"https:\\\/\\\/whatthefrance.org\\\/wp-content\\\/uploads\\\/2021\\\/02\\\/AFFFF2021-Dates-300x168.jpg\",\"keywords\":[\"Chanson\",\"Folk\",\"Pop\",\"Rock\"],\"articleSection\":[\"Playlist\"],\"inLanguage\":\"fr-FR\"},{\"@type\":\"WebPage\",\"@id\":\"https:\\\/\\\/whatthefrance.org\\\/fr\\\/alliance-francaise-french-film-festival-2021-australia\\\/\",\"url\":\"https:\\\/\\\/whatthefrance.org\\\/fr\\\/alliance-francaise-french-film-festival-2021-australia\\\/\",\"name\":\"Alliance Fran\u00e7aise French Film Festival 2021 | Australia - What the France\",\"isPartOf\":{\"@id\":\"https:\\\/\\\/whatthefrance.org\\\/fr\\\/#website\"},\"primaryImageOfPage\":{\"@id\":\"https:\\\/\\\/whatthefrance.org\\\/fr\\\/alliance-francaise-french-film-festival-2021-australia\\\/#primaryimage\"},\"image\":{\"@id\":\"https:\\\/\\\/whatthefrance.org\\\/fr\\\/alliance-francaise-french-film-festival-2021-australia\\\/#primaryimage\"},\"thumbnailUrl\":\"https:\\\/\\\/whatthefrance.org\\\/wp-content\\\/uploads\\\/2021\\\/02\\\/AFFFF2021-Dates-300x168.jpg\",\"datePublished\":\"2021-03-03T16:22:47+00:00\",\"dateModified\":\"2021-03-03T16:22:52+00:00\",\"breadcrumb\":{\"@id\":\"https:\\\/\\\/whatthefrance.org\\\/fr\\\/alliance-francaise-french-film-festival-2021-australia\\\/#breadcrumb\"},\"inLanguage\":\"fr-FR\",\"potentialAction\":[{\"@type\":\"ReadAction\",\"target\":[\"https:\\\/\\\/whatthefrance.org\\\/fr\\\/alliance-francaise-french-film-festival-2021-australia\\\/\"]}]},{\"@type\":\"ImageObject\",\"inLanguage\":\"fr-FR\",\"@id\":\"https:\\\/\\\/whatthefrance.org\\\/fr\\\/alliance-francaise-french-film-festival-2021-australia\\\/#primaryimage\",\"url\":\"https:\\\/\\\/whatthefrance.org\\\/wp-content\\\/uploads\\\/2021\\\/02\\\/AFFFF2021-Dates-300x168.jpg\",\"contentUrl\":\"https:\\\/\\\/whatthefrance.org\\\/wp-content\\\/uploads\\\/2021\\\/02\\\/AFFFF2021-Dates-300x168.jpg\"},{\"@type\":\"BreadcrumbList\",\"@id\":\"https:\\\/\\\/whatthefrance.org\\\/fr\\\/alliance-francaise-french-film-festival-2021-australia\\\/#breadcrumb\",\"itemListElement\":[{\"@type\":\"ListItem\",\"position\":1,\"name\":\"Home\",\"item\":\"https:\\\/\\\/whatthefrance.org\\\/fr\\\/\"},{\"@type\":\"ListItem\",\"position\":2,\"name\":\"Alliance Fran\u00e7aise French Film Festival 2021 | Australia\"}]},{\"@type\":\"WebSite\",\"@id\":\"https:\\\/\\\/whatthefrance.org\\\/fr\\\/#website\",\"url\":\"https:\\\/\\\/whatthefrance.org\\\/fr\\\/\",\"name\":\"What the France\",\"description\":\"The finest music made in France !\",\"publisher\":{\"@id\":\"https:\\\/\\\/whatthefrance.org\\\/fr\\\/#organization\"},\"potentialAction\":[{\"@type\":\"SearchAction\",\"target\":{\"@type\":\"EntryPoint\",\"urlTemplate\":\"https:\\\/\\\/whatthefrance.org\\\/fr\\\/?s={search_term_string}\"},\"query-input\":{\"@type\":\"PropertyValueSpecification\",\"valueRequired\":true,\"valueName\":\"search_term_string\"}}],\"inLanguage\":\"fr-FR\"},{\"@type\":\"Organization\",\"@id\":\"https:\\\/\\\/whatthefrance.org\\\/fr\\\/#organization\",\"name\":\"What The France\",\"url\":\"https:\\\/\\\/whatthefrance.org\\\/fr\\\/\",\"logo\":{\"@type\":\"ImageObject\",\"inLanguage\":\"fr-FR\",\"@id\":\"https:\\\/\\\/whatthefrance.org\\\/fr\\\/#\\\/schema\\\/logo\\\/image\\\/\",\"url\":\"https:\\\/\\\/whatthefrance.org\\\/wp-content\\\/uploads\\\/2019\\\/12\\\/44688719_2251580388408837_694180218134331392_n-e1577679609190.png\",\"contentUrl\":\"https:\\\/\\\/whatthefrance.org\\\/wp-content\\\/uploads\\\/2019\\\/12\\\/44688719_2251580388408837_694180218134331392_n-e1577679609190.png\",\"width\":200,\"height\":200,\"caption\":\"What The France\"},\"image\":{\"@id\":\"https:\\\/\\\/whatthefrance.org\\\/fr\\\/#\\\/schema\\\/logo\\\/image\\\/\"}},{\"@type\":\"Person\",\"@id\":\"https:\\\/\\\/whatthefrance.org\\\/fr\\\/#\\\/schema\\\/person\\\/3b7ea6fb70b536503b3e8c909c564a81\",\"name\":\"Marie-Sophie Administrateur\",\"image\":{\"@type\":\"ImageObject\",\"inLanguage\":\"fr-FR\",\"@id\":\"https:\\\/\\\/secure.gravatar.com\\\/avatar\\\/d57e4552c73c8713409cd3c2de53bdb5d220ebdd76dc7ba351b2dbae89f5afa9?s=96&d=mm&r=g\",\"url\":\"https:\\\/\\\/secure.gravatar.com\\\/avatar\\\/d57e4552c73c8713409cd3c2de53bdb5d220ebdd76dc7ba351b2dbae89f5afa9?s=96&d=mm&r=g\",\"contentUrl\":\"https:\\\/\\\/secure.gravatar.com\\\/avatar\\\/d57e4552c73c8713409cd3c2de53bdb5d220ebdd76dc7ba351b2dbae89f5afa9?s=96&d=mm&r=g\",\"caption\":\"Marie-Sophie Administrateur\"}}]}<\/script>\n<!-- \/ Yoast SEO plugin. -->","yoast_head_json":{"title":"Alliance Fran\u00e7aise French Film Festival 2021 | Australia - What the France","robots":{"index":"index","follow":"follow","max-snippet":"max-snippet:-1","max-image-preview":"max-image-preview:large","max-video-preview":"max-video-preview:-1"},"canonical":"https:\/\/whatthefrance.org\/fr\/alliance-francaise-french-film-festival-2021-australia\/","og_locale":"fr_FR","og_type":"article","og_title":"Alliance Fran\u00e7aise French Film Festival 2021 | Australia - What the France","og_description":"L&rsquo;Alliance Francaise French Film Festival est de retour pour sa 32\u00e8me \u00e9dition. D\u00e9couvrez notre playlist ! Du 2 mars au 20 avril, profitez d&rsquo;une s\u00e9lection de 37 films dont Eiffel, Aline, De Gaulle et The Rose Maker&#8230; D\u00e9couvrez le programme complet ici. LA PLAYLIST Pour f\u00eater cela, nous avons cr\u00e9\u00e9 une playlist de titres made [&hellip;]","og_url":"https:\/\/whatthefrance.org\/fr\/alliance-francaise-french-film-festival-2021-australia\/","og_site_name":"What the France","article_published_time":"2021-03-03T16:22:47+00:00","article_modified_time":"2021-03-03T16:22:52+00:00","og_image":[{"url":"https:\/\/whatthefrance.org\/wp-content\/uploads\/2021\/02\/Untitled-design.png","height":452,"width":1084,"type":""},{"url":"https:\/\/whatthefrance.org\/wp-content\/uploads\/2021\/02\/AFFFF2021-Dates-300x168.jpg","type":"","width":"","height":""}],"author":"Marie-Sophie Administrateur","twitter_card":"summary_large_image","twitter_misc":{"\u00c9crit par":"Marie-Sophie Administrateur","Dur\u00e9e de lecture estim\u00e9e":"1 minute"},"schema":{"@context":"https:\/\/schema.org","@graph":[{"@type":"Article","@id":"https:\/\/whatthefrance.org\/fr\/alliance-francaise-french-film-festival-2021-australia\/#article","isPartOf":{"@id":"https:\/\/whatthefrance.org\/fr\/alliance-francaise-french-film-festival-2021-australia\/"},"author":{"name":"Marie-Sophie Administrateur","@id":"https:\/\/whatthefrance.org\/fr\/#\/schema\/person\/3b7ea6fb70b536503b3e8c909c564a81"},"headline":"Alliance Fran\u00e7aise French Film Festival 2021 | Australia","datePublished":"2021-03-03T16:22:47+00:00","dateModified":"2021-03-03T16:22:52+00:00","mainEntityOfPage":{"@id":"https:\/\/whatthefrance.org\/fr\/alliance-francaise-french-film-festival-2021-australia\/"},"wordCount":100,"publisher":{"@id":"https:\/\/whatthefrance.org\/fr\/#organization"},"image":{"@id":"https:\/\/whatthefrance.org\/fr\/alliance-francaise-french-film-festival-2021-australia\/#primaryimage"},"thumbnailUrl":"https:\/\/whatthefrance.org\/wp-content\/uploads\/2021\/02\/AFFFF2021-Dates-300x168.jpg","keywords":["Chanson","Folk","Pop","Rock"],"articleSection":["Playlist"],"inLanguage":"fr-FR"},{"@type":"WebPage","@id":"https:\/\/whatthefrance.org\/fr\/alliance-francaise-french-film-festival-2021-australia\/","url":"https:\/\/whatthefrance.org\/fr\/alliance-francaise-french-film-festival-2021-australia\/","name":"Alliance Fran\u00e7aise French Film Festival 2021 | Australia - What the France","isPartOf":{"@id":"https:\/\/whatthefrance.org\/fr\/#website"},"primaryImageOfPage":{"@id":"https:\/\/whatthefrance.org\/fr\/alliance-francaise-french-film-festival-2021-australia\/#primaryimage"},"image":{"@id":"https:\/\/whatthefrance.org\/fr\/alliance-francaise-french-film-festival-2021-australia\/#primaryimage"},"thumbnailUrl":"https:\/\/whatthefrance.org\/wp-content\/uploads\/2021\/02\/AFFFF2021-Dates-300x168.jpg","datePublished":"2021-03-03T16:22:47+00:00","dateModified":"2021-03-03T16:22:52+00:00","breadcrumb":{"@id":"https:\/\/whatthefrance.org\/fr\/alliance-francaise-french-film-festival-2021-australia\/#breadcrumb"},"inLanguage":"fr-FR","potentialAction":[{"@type":"ReadAction","target":["https:\/\/whatthefrance.org\/fr\/alliance-francaise-french-film-festival-2021-australia\/"]}]},{"@type":"ImageObject","inLanguage":"fr-FR","@id":"https:\/\/whatthefrance.org\/fr\/alliance-francaise-french-film-festival-2021-australia\/#primaryimage","url":"https:\/\/whatthefrance.org\/wp-content\/uploads\/2021\/02\/AFFFF2021-Dates-300x168.jpg","contentUrl":"https:\/\/whatthefrance.org\/wp-content\/uploads\/2021\/02\/AFFFF2021-Dates-300x168.jpg"},{"@type":"BreadcrumbList","@id":"https:\/\/whatthefrance.org\/fr\/alliance-francaise-french-film-festival-2021-australia\/#breadcrumb","itemListElement":[{"@type":"ListItem","position":1,"name":"Home","item":"https:\/\/whatthefrance.org\/fr\/"},{"@type":"ListItem","position":2,"name":"Alliance Fran\u00e7aise French Film Festival 2021 | Australia"}]},{"@type":"WebSite","@id":"https:\/\/whatthefrance.org\/fr\/#website","url":"https:\/\/whatthefrance.org\/fr\/","name":"What the France","description":"The finest music made in France !","publisher":{"@id":"https:\/\/whatthefrance.org\/fr\/#organization"},"potentialAction":[{"@type":"SearchAction","target":{"@type":"EntryPoint","urlTemplate":"https:\/\/whatthefrance.org\/fr\/?s={search_term_string}"},"query-input":{"@type":"PropertyValueSpecification","valueRequired":true,"valueName":"search_term_string"}}],"inLanguage":"fr-FR"},{"@type":"Organization","@id":"https:\/\/whatthefrance.org\/fr\/#organization","name":"What The France","url":"https:\/\/whatthefrance.org\/fr\/","logo":{"@type":"ImageObject","inLanguage":"fr-FR","@id":"https:\/\/whatthefrance.org\/fr\/#\/schema\/logo\/image\/","url":"https:\/\/whatthefrance.org\/wp-content\/uploads\/2019\/12\/44688719_2251580388408837_694180218134331392_n-e1577679609190.png","contentUrl":"https:\/\/whatthefrance.org\/wp-content\/uploads\/2019\/12\/44688719_2251580388408837_694180218134331392_n-e1577679609190.png","width":200,"height":200,"caption":"What The France"},"image":{"@id":"https:\/\/whatthefrance.org\/fr\/#\/schema\/logo\/image\/"}},{"@type":"Person","@id":"https:\/\/whatthefrance.org\/fr\/#\/schema\/person\/3b7ea6fb70b536503b3e8c909c564a81","name":"Marie-Sophie Administrateur","image":{"@type":"ImageObject","inLanguage":"fr-FR","@id":"https:\/\/secure.gravatar.com\/avatar\/d57e4552c73c8713409cd3c2de53bdb5d220ebdd76dc7ba351b2dbae89f5afa9?s=96&d=mm&r=g","url":"https:\/\/secure.gravatar.com\/avatar\/d57e4552c73c8713409cd3c2de53bdb5d220ebdd76dc7ba351b2dbae89f5afa9?s=96&d=mm&r=g","contentUrl":"https:\/\/secure.gravatar.com\/avatar\/d57e4552c73c8713409cd3c2de53bdb5d220ebdd76dc7ba351b2dbae89f5afa9?s=96&d=mm&r=g","caption":"Marie-Sophie Administrateur"}}]}},"_links":{"self":[{"href":"https:\/\/whatthefrance.org\/fr\/wp-json\/wp\/v2\/posts\/26477","targetHints":{"allow":["GET"]}}],"collection":[{"href":"https:\/\/whatthefrance.org\/fr\/wp-json\/wp\/v2\/posts"}],"about":[{"href":"https:\/\/whatthefrance.org\/fr\/wp-json\/wp\/v2\/types\/post"}],"author":[{"embeddable":true,"href":"https:\/\/whatthefrance.org\/fr\/wp-json\/wp\/v2\/users\/6"}],"replies":[{"embeddable":true,"href":"https:\/\/whatthefrance.org\/fr\/wp-json\/wp\/v2\/comments?post=26477"}],"version-history":[{"count":2,"href":"https:\/\/whatthefrance.org\/fr\/wp-json\/wp\/v2\/posts\/26477\/revisions"}],"predecessor-version":[{"id":26580,"href":"https:\/\/whatthefrance.org\/fr\/wp-json\/wp\/v2\/posts\/26477\/revisions\/26580"}],"wp:attachment":[{"href":"https:\/\/whatthefrance.org\/fr\/wp-json\/wp\/v2\/media?parent=26477"}],"wp:term":[{"taxonomy":"category","embeddable":true,"href":"https:\/\/whatthefrance.org\/fr\/wp-json\/wp\/v2\/categories?post=26477"},{"taxonomy":"post_tag","embeddable":true,"href":"https:\/\/whatthefrance.org\/fr\/wp-json\/wp\/v2\/tags?post=26477"}],"curies":[{"name":"wp","href":"https:\/\/api.w.org\/{rel}","templated":true}]}}