{"id":26809,"date":"2021-03-17T11:41:15","date_gmt":"2021-03-17T10:41:15","guid":{"rendered":"https:\/\/whatthefrance.org\/?p=26809"},"modified":"2021-03-17T16:51:44","modified_gmt":"2021-03-17T15:51:44","slug":"naissam-jalal-nouvel-album-et-interview","status":"publish","type":"post","link":"https:\/\/whatthefrance.org\/fr\/naissam-jalal-nouvel-album-et-interview\/","title":{"rendered":"Na\u00efssam Jalal | Nouvel album et interview!"},"content":{"rendered":"<p><strong><a href=\"https:\/\/www.facebook.com\/naissamjalalpro\">Na\u00efssam Jalal<\/a> <\/strong>sort son double album tant attendu, <em>Un Autre Monde<\/em>. Un univers musical personnel et vivant qui remplit le mot libert\u00e9 de vie, tant sur le fond que sur la forme.<\/p>\n<p><iframe loading=\"lazy\" title=\"Na\u00efssam Jalal &amp; Rhythms of Resistance - &quot;Buleria Sarkhat Al Ard&quot;\" width=\"500\" height=\"281\" src=\"https:\/\/www.youtube.com\/embed\/lq31u9NjhqI?feature=oembed\" frameborder=\"0\" allow=\"accelerometer; autoplay; clipboard-write; encrypted-media; gyroscope; picture-in-picture; web-share\" referrerpolicy=\"strict-origin-when-cross-origin\" allowfullscreen><\/iframe><\/p>\n<p>Na\u00efssam Jalal, fl\u00fbtiste et compositrice hors pair d&rsquo;origine syrienne, n\u00e9e et \u00e9lev\u00e9e en banlieue parisienne, est issued&rsquo;une famille marqu\u00e9e par la passion et la curiosit\u00e9 musicale. Tr\u00e8s t\u00f4t, elle a transcend\u00e9 l&rsquo;essence de la musique classique europ\u00e9enne et arabe, l&rsquo;art de l&rsquo;improvisation jazz, l&rsquo;acuit\u00e9 du hip-hop, l&rsquo;euphorie du funk et la vitalit\u00e9 des traditions africaines, avec un fin esprit de synth\u00e8se et un toucher hyper sensible. La carri\u00e8re musicale de Jalal est remplie de nombreuses sorties de disques exceptionnels et de r\u00e9compenses prestigieuses comme le Coup de C\u0153ur de l&rsquo;Acad\u00e9mie Charles Cros\u00a0 (2017) et les Victoires du Jazz (2019). En ce qui concerne l&rsquo;avenir, l&rsquo;ann\u00e9e 2021 sera marqu\u00e9e par le dixi\u00e8me anniversaire de son ensemble\u00a0<strong>Rhythms of Resistance<\/strong>\u00a0et la sortie du tr\u00e8s attendu double album\u00a0<strong><em>Un Autre Monde<\/em><\/strong>, dont une partie a \u00e9t\u00e9 enregistr\u00e9e en direct avec l&rsquo;<strong>Orchestre National de Bretagne<\/strong>, et qui comprend\u00a0<em>Rituels de Gu\u00e9risons<\/em>, un projet enregistr\u00e9 avec son nouvel ensemble en quartet.<\/p>\n<p>Na\u00efssam Jalal nous a accord\u00e9 une interview \u00e0 cette occasion.<\/p>\n<p><strong>Interview<\/strong><\/p>\n<ul>\n<li><em>Votre nouvel album \u201cUn autre monde\u201d <\/em><em>est sorti le 5 f\u00e9vrier dernier<\/em><em>. Ce titre d\u2019album semble \u00e9voquer l\u2019envie d\u2019un changement, d\u2019\u00e9vasion, la critique du monde pr\u00e9sent. Pourriez-vous nous expliquer ce choix ? Que voulez-vous transmettre \u00e0 travers cet album? Est-ce un appel \u00e0 l\u2019aide, \u00e0 l\u2019action?\u00a0<\/em><\/li>\n<\/ul>\n<p>Aujourd\u2019hui nous avons tous le sentiment d\u2019arriver \u00e0 la fin d\u2019un cycle, au bout d\u2019une \u00e9poque. Le capitalisme qui depuis deux si\u00e8cles, tend \u00e0 g\u00e9n\u00e9rer toujours plus de profits, \u00e0 l\u2019infini, aux d\u00e9pends de nos vies, met maintenant en p\u00e9ril la survie de notre esp\u00e8ce. L\u2019\u00e9cart de plus en plus ind\u00e9cent qui nous s\u00e9pare des d\u00e9tenteurs du pouvoir politique et financier, nous \u00e9puise en m\u00eame temps qu\u2019il nous d\u00e9sesp\u00e8re. Nos libert\u00e9s individuelles et nos droits sociaux disparaissent, et partout, des r\u00e9voltes \u00e9clatent, opposant les peuples \u00e0 une r\u00e9pression violente. Trop souvent, nos difficult\u00e9s \u00e0 vivre dignement engendrent une peur dans laquelle s\u2019enracinent des id\u00e9ologies fascistes et x\u00e9nophobes. Nous avons tous le sentiment qu\u2019il nous faut imaginer un autre monde. Dans ma musique je parle de moi-m\u00eame. Le choix d\u2019appeler cet album \u00ab Un Autre Monde \u00bb c\u2019est tout simplement le choix d\u2019\u00eatre la plus sinc\u00e8re possible dans l\u2019expression de ce qui m\u2019habite et du monde en ce qu\u2019il me touche, me bouleverse, me blesse ou m\u2019enivre. C\u2019est \u00e0 la fois l\u2019histoire de mes sentiments, \u00e9motions, angoisses et r\u00eaves et un appel \u00e0 l\u2019action collective. Parce que nous sommes nombreux \u00e0 ressentir ce que je ressens.<\/p>\n<ul>\n<li><em>Ce double-album a d\u2019une part \u00e9t\u00e9 enregistr\u00e9 avec votre quartet, Rhythm of Resistance, et d\u2019autre part avec l\u2019Orchestre national de Bretagne. Cela doit \u00eatre assez diff\u00e9rent que de jouer d\u2019une part avec votre groupe depuis 10 ans et d\u2019autre part accompagn\u00e9e d\u2019un orchestre symphonique. Quelles sont vos m\u00e9thodes de travail avec les deux groupes? Et avez-vous peut-\u00eatre une pr\u00e9f\u00e9rence ?\u00a0<\/em><\/li>\n<\/ul>\n<p>C\u2019est ma premi\u00e8re exp\u00e9rience d\u2019\u00e9criture pour un orchestre symphonique. J\u2019avais d\u00e9j\u00e0 eu la chance d\u2019\u00e9crire des arrangements de mes compositions pour un quatuor \u00e0 cordes. J\u2019ai \u00e9galement fait l\u2019exp\u00e9rience de la pratique de l\u2019orchestre symphonique pendant mes nombreuses ann\u00e9es de conservatoire. Mais \u00e9crire pour autant de pupitres \u00e9tait un vrai d\u00e9fi ! Dans mon travail avec l\u2019orchestre symphonique, j\u2019ai fait le choix de garder le quintet pr\u00e9sent. Mon quintet me tiens \u00e0 c\u0153ur. Nous jouons ensemble depuis de nombreuses ann\u00e9es et la confiance et le respect qui nous unit est extr\u00eamement pr\u00e9cieux pour prendre des risques dans la musique, pour se d\u00e9passer et aller au del\u00e0 de nos limites. Ma musique est tr\u00e8s complexe rythmiquement et les musiciens classiques n\u2019ont pas l\u2019habitude de jouer et de penser des superpositions rythmiques compliqu\u00e9es. Pour faciliter les choses, j\u2019ai divis\u00e9 l\u2019orchestre par quatre c\u2019est-\u00e0-dire qu\u2019il y a le m\u00eame nombre de pupitres mais seulement le quart de musiciens de fa\u00e7on \u00e0 gagner en mobilit\u00e9. J\u2019ai discut\u00e9 avec un musicologue de cette d\u00e9cision et il m\u2019a dit que Bela Bartok, pour des raisons rythmiques, avait \u00e9galement pris la m\u00eame d\u00e9cision \u00e0 plusieurs reprises. Cela m\u2019a confort\u00e9 dans ma d\u00e9cision. Le choix de Zahia Ziouani comme cheffe pour diriger la symphonie a \u00e9t\u00e9 tr\u00e8s important. Son implication et son engagement ont permis au projet d\u2019aboutir et aux musiciens d\u2019orchestre d\u2019interpr\u00e9ter la musique correctement.<\/p>\n<ul>\n<li><em>Vous n\u2019\u00eates pas seulement fl\u00fbtiste, mais aussi compositrice. Vous avez d\u00e9j\u00e0 touch\u00e9 \u00e0 plusieurs genres musicaux, du jazz au hip hop en passant par le funk&#8230; Quelles sont vos inspirations artistiques, vos influences musicales, pour composer vos \u0153uvres ?\u00a0<\/em><\/li>\n<\/ul>\n<p>Je suis influenc\u00e9e par de nombreux langages musicaux. La musique classique constitue le premier socle de ma formation, mais en d\u00e9couvrant l\u2019improvisation, dans un premier temps, j\u2019ai \u00e9cout\u00e9 et jou\u00e9 beaucoup de funk et de hip hop. Puis j\u2019ai \u00e9t\u00e9 \u00e9tudier \u00e0 Damas et au Caire o\u00f9 j\u2019ai v\u00e9cu pendant trois ans. La musique arabe classique et certaines musiques arabes traditionnelles influencent tr\u00e8s fortement mon vocabulaire. Je suis aussi tr\u00e8s inspir\u00e9e par la musique mandingue et plus g\u00e9n\u00e9ralement par les musiques du Sahara ainsi que d\u2019Afrique de l\u2019Ouest. La musique hindoustani occupe \u00e9galement une place importante dans mon imaginaire musical.<\/p>\n<ul>\n<li><em>Est-ce que la sc\u00e8ne vous manque en ces temps de pand\u00e9mie? Comment vivez vous votre art actuellement? Comment appr\u00e9hendez-vous la reprise apr\u00e8s cette p\u00e9riode trouble?\u00a0<\/em><\/li>\n<\/ul>\n<p>La sc\u00e8ne me manque \u00e9norm\u00e9ment, c\u2019est peu de le dire. Je n\u2019appr\u00e9hende pas la reprise, j\u2019ai h\u00e2te.<\/p>\n<p><strong><em>Un grand merci \u00e0 Na\u00efssam Jalal d&rsquo;avoir r\u00e9pondu \u00e0 nos questions!\u00a0<\/em><\/strong><\/p>\n<div class=\"playListBloc singleBloc\"><div class=\"playListBloc-wrap\">    <div class=\"thumbnail\"><img data-src=\"https:\/\/whatthefrance.org\/wp-content\/uploads\/2018\/11\/WTF-Pochettes_world_4-254x254.jpg\" class=\"lazyload\" alt=\"WTF&#8212;Pochettes_world_4\" \/>    <\/div>    <div class=\"infos\">        <span class=\"tag\">Genres<\/span>        <h2>Around The World<\/h2>        <span class=\"separator\"><\/span>       <span class=\"desc\">Explore the latest world music hits made in France. Follow us for weekly updates !<\/span><div class=\"share flex flexAlignCenter \">\t<span class=\"label\">Partager<\/span>\t<a href=\"https:\/\/www.facebook.com\/sharer\/sharer.php?u=https:\/\/whatthefrance.org\/fr\/playlists\/around-the-world\/\" class=\"facebook\" target=\"_blank\" rel=\"noreferrer\">Facebook<\/a>\t<a href=\"https:\/\/twitter.com\/intent\/tweet?url=https:\/\/whatthefrance.org\/fr\/playlists\/around-the-world\/&text=Around+The+World&hashtags=WTF\" class=\"twitter\" target=\"_blank\" rel=\"noreferrer\">Twitter<\/a>\t<a href=\"mailto:?subject=What%20the%20France%20%3A%20Around%20The%20World&body=https:\/\/whatthefrance.org\/fr\/playlists\/around-the-world\/\" class=\"mail\" target=\"_blank\" rel=\"noreferrer\">Email<\/a><\/div>        <a href=\"#\" class=\"btn btnPlaylist orange playlist-click\" data-id=\"841\">            <svg version=\"1.1\" x=\"0px\" y=\"0px\" width=\"40px\" height=\"40px\" viewBox=\"0 0 213.7 213.7\" enable-background=\"new 0 0 213.7 213.7\" xml:space=\"preserve\">                <polygon class=\"triangle\" fill=\"none\" stroke-width=\"10\" stroke-linecap=\"round\" stroke-linejoin=\"round\" stroke-miterlimit=\"10\" points=\"\n            73.5,62.5 148.5,105.8 73.5,149.1 \"\/>                <circle class=\"circle\" fill=\"none\"  stroke-width=\"8\" stroke-linecap=\"round\" stroke-linejoin=\"round\" stroke-miterlimit=\"10\" cx=\"106.8\" cy=\"106.8\" r=\"103.3\"\/>                <circle class=\"circle-white\" fill=\"none\"  stroke-width=\"8\" stroke-linecap=\"round\" stroke-linejoin=\"round\" stroke-miterlimit=\"10\" cx=\"106.8\" cy=\"106.8\" r=\"103.3\"\/>            <\/svg>Ecouter        <\/a>    <\/div>  <\/div><\/div>\n","protected":false},"excerpt":{"rendered":"<p>Na\u00efssam Jalal sort son double album tant attendu, Un Autre Monde. Un univers musical personnel et vivant qui remplit le mot libert\u00e9 de vie, tant sur le fond que sur la forme. Na\u00efssam Jalal, fl\u00fbtiste et compositrice hors pair d&rsquo;origine syrienne, n\u00e9e et \u00e9lev\u00e9e en banlieue parisienne, est issued&rsquo;une famille marqu\u00e9e par la passion et [&hellip;]<\/p>\n","protected":false},"author":26,"featured_media":0,"comment_status":"closed","ping_status":"closed","sticky":false,"template":"","format":"standard","meta":{"_acf_changed":false,"footnotes":""},"categories":[215],"tags":[361],"class_list":["post-26809","post","type-post","status-publish","format-standard","hentry","category-release-fr","tag-world-fr"],"acf":[],"yoast_head":"<!-- This site is optimized with the Yoast SEO plugin v27.3 - https:\/\/yoast.com\/product\/yoast-seo-wordpress\/ -->\n<title>Na\u00efssam Jalal | Nouvel album et interview! - What the France<\/title>\n<meta name=\"robots\" content=\"index, follow, max-snippet:-1, max-image-preview:large, max-video-preview:-1\" \/>\n<link rel=\"canonical\" href=\"https:\/\/whatthefrance.org\/fr\/naissam-jalal-nouvel-album-et-interview\/\" \/>\n<meta property=\"og:locale\" content=\"fr_FR\" \/>\n<meta property=\"og:type\" content=\"article\" \/>\n<meta property=\"og:title\" content=\"Na\u00efssam Jalal | Nouvel album et interview! - What the France\" \/>\n<meta property=\"og:description\" content=\"Na\u00efssam Jalal sort son double album tant attendu, Un Autre Monde. Un univers musical personnel et vivant qui remplit le mot libert\u00e9 de vie, tant sur le fond que sur la forme. Na\u00efssam Jalal, fl\u00fbtiste et compositrice hors pair d&rsquo;origine syrienne, n\u00e9e et \u00e9lev\u00e9e en banlieue parisienne, est issued&rsquo;une famille marqu\u00e9e par la passion et [&hellip;]\" \/>\n<meta property=\"og:url\" content=\"https:\/\/whatthefrance.org\/fr\/naissam-jalal-nouvel-album-et-interview\/\" \/>\n<meta property=\"og:site_name\" content=\"What the France\" \/>\n<meta property=\"article:published_time\" content=\"2021-03-17T10:41:15+00:00\" \/>\n<meta property=\"article:modified_time\" content=\"2021-03-17T15:51:44+00:00\" \/>\n<meta property=\"og:image\" content=\"https:\/\/whatthefrance.org\/wp-content\/uploads\/2021\/03\/naissamjalal_what_the_france.png\" \/>\n\t<meta property=\"og:image:width\" content=\"1084\" \/>\n\t<meta property=\"og:image:height\" content=\"452\" \/>\n<meta name=\"author\" content=\"Stagiaire 1 Berlin\" \/>\n<meta name=\"twitter:card\" content=\"summary_large_image\" \/>\n<meta name=\"twitter:label1\" content=\"\u00c9crit par\" \/>\n\t<meta name=\"twitter:data1\" content=\"Stagiaire 1 Berlin\" \/>\n\t<meta name=\"twitter:label2\" content=\"Dur\u00e9e de lecture estim\u00e9e\" \/>\n\t<meta name=\"twitter:data2\" content=\"5 minutes\" \/>\n<script type=\"application\/ld+json\" class=\"yoast-schema-graph\">{\"@context\":\"https:\\\/\\\/schema.org\",\"@graph\":[{\"@type\":\"Article\",\"@id\":\"https:\\\/\\\/whatthefrance.org\\\/fr\\\/naissam-jalal-nouvel-album-et-interview\\\/#article\",\"isPartOf\":{\"@id\":\"https:\\\/\\\/whatthefrance.org\\\/fr\\\/naissam-jalal-nouvel-album-et-interview\\\/\"},\"author\":{\"name\":\"Stagiaire 1 Berlin\",\"@id\":\"https:\\\/\\\/whatthefrance.org\\\/fr\\\/#\\\/schema\\\/person\\\/a72915ae82250c292822ed109081970a\"},\"headline\":\"Na\u00efssam Jalal | Nouvel album et interview!\",\"datePublished\":\"2021-03-17T10:41:15+00:00\",\"dateModified\":\"2021-03-17T15:51:44+00:00\",\"mainEntityOfPage\":{\"@id\":\"https:\\\/\\\/whatthefrance.org\\\/fr\\\/naissam-jalal-nouvel-album-et-interview\\\/\"},\"wordCount\":1080,\"publisher\":{\"@id\":\"https:\\\/\\\/whatthefrance.org\\\/fr\\\/#organization\"},\"keywords\":[\"World\"],\"articleSection\":[\"Release\"],\"inLanguage\":\"fr-FR\"},{\"@type\":\"WebPage\",\"@id\":\"https:\\\/\\\/whatthefrance.org\\\/fr\\\/naissam-jalal-nouvel-album-et-interview\\\/\",\"url\":\"https:\\\/\\\/whatthefrance.org\\\/fr\\\/naissam-jalal-nouvel-album-et-interview\\\/\",\"name\":\"Na\u00efssam Jalal | Nouvel album et interview! - What the France\",\"isPartOf\":{\"@id\":\"https:\\\/\\\/whatthefrance.org\\\/fr\\\/#website\"},\"datePublished\":\"2021-03-17T10:41:15+00:00\",\"dateModified\":\"2021-03-17T15:51:44+00:00\",\"breadcrumb\":{\"@id\":\"https:\\\/\\\/whatthefrance.org\\\/fr\\\/naissam-jalal-nouvel-album-et-interview\\\/#breadcrumb\"},\"inLanguage\":\"fr-FR\",\"potentialAction\":[{\"@type\":\"ReadAction\",\"target\":[\"https:\\\/\\\/whatthefrance.org\\\/fr\\\/naissam-jalal-nouvel-album-et-interview\\\/\"]}]},{\"@type\":\"BreadcrumbList\",\"@id\":\"https:\\\/\\\/whatthefrance.org\\\/fr\\\/naissam-jalal-nouvel-album-et-interview\\\/#breadcrumb\",\"itemListElement\":[{\"@type\":\"ListItem\",\"position\":1,\"name\":\"Home\",\"item\":\"https:\\\/\\\/whatthefrance.org\\\/fr\\\/\"},{\"@type\":\"ListItem\",\"position\":2,\"name\":\"Na\u00efssam Jalal | Nouvel album et interview!\"}]},{\"@type\":\"WebSite\",\"@id\":\"https:\\\/\\\/whatthefrance.org\\\/fr\\\/#website\",\"url\":\"https:\\\/\\\/whatthefrance.org\\\/fr\\\/\",\"name\":\"What the France\",\"description\":\"The finest music made in France !\",\"publisher\":{\"@id\":\"https:\\\/\\\/whatthefrance.org\\\/fr\\\/#organization\"},\"potentialAction\":[{\"@type\":\"SearchAction\",\"target\":{\"@type\":\"EntryPoint\",\"urlTemplate\":\"https:\\\/\\\/whatthefrance.org\\\/fr\\\/?s={search_term_string}\"},\"query-input\":{\"@type\":\"PropertyValueSpecification\",\"valueRequired\":true,\"valueName\":\"search_term_string\"}}],\"inLanguage\":\"fr-FR\"},{\"@type\":\"Organization\",\"@id\":\"https:\\\/\\\/whatthefrance.org\\\/fr\\\/#organization\",\"name\":\"What The France\",\"url\":\"https:\\\/\\\/whatthefrance.org\\\/fr\\\/\",\"logo\":{\"@type\":\"ImageObject\",\"inLanguage\":\"fr-FR\",\"@id\":\"https:\\\/\\\/whatthefrance.org\\\/fr\\\/#\\\/schema\\\/logo\\\/image\\\/\",\"url\":\"https:\\\/\\\/whatthefrance.org\\\/wp-content\\\/uploads\\\/2019\\\/12\\\/44688719_2251580388408837_694180218134331392_n-e1577679609190.png\",\"contentUrl\":\"https:\\\/\\\/whatthefrance.org\\\/wp-content\\\/uploads\\\/2019\\\/12\\\/44688719_2251580388408837_694180218134331392_n-e1577679609190.png\",\"width\":200,\"height\":200,\"caption\":\"What The France\"},\"image\":{\"@id\":\"https:\\\/\\\/whatthefrance.org\\\/fr\\\/#\\\/schema\\\/logo\\\/image\\\/\"}},{\"@type\":\"Person\",\"@id\":\"https:\\\/\\\/whatthefrance.org\\\/fr\\\/#\\\/schema\\\/person\\\/a72915ae82250c292822ed109081970a\",\"name\":\"Stagiaire 1 Berlin\",\"image\":{\"@type\":\"ImageObject\",\"inLanguage\":\"fr-FR\",\"@id\":\"https:\\\/\\\/secure.gravatar.com\\\/avatar\\\/dfeb8d88ae59b52c2ef8ba0be98ebede06bf72bd97d535142490a9391ffa2c33?s=96&d=mm&r=g\",\"url\":\"https:\\\/\\\/secure.gravatar.com\\\/avatar\\\/dfeb8d88ae59b52c2ef8ba0be98ebede06bf72bd97d535142490a9391ffa2c33?s=96&d=mm&r=g\",\"contentUrl\":\"https:\\\/\\\/secure.gravatar.com\\\/avatar\\\/dfeb8d88ae59b52c2ef8ba0be98ebede06bf72bd97d535142490a9391ffa2c33?s=96&d=mm&r=g\",\"caption\":\"Stagiaire 1 Berlin\"}}]}<\/script>\n<!-- \/ Yoast SEO plugin. -->","yoast_head_json":{"title":"Na\u00efssam Jalal | Nouvel album et interview! - What the France","robots":{"index":"index","follow":"follow","max-snippet":"max-snippet:-1","max-image-preview":"max-image-preview:large","max-video-preview":"max-video-preview:-1"},"canonical":"https:\/\/whatthefrance.org\/fr\/naissam-jalal-nouvel-album-et-interview\/","og_locale":"fr_FR","og_type":"article","og_title":"Na\u00efssam Jalal | Nouvel album et interview! - What the France","og_description":"Na\u00efssam Jalal sort son double album tant attendu, Un Autre Monde. Un univers musical personnel et vivant qui remplit le mot libert\u00e9 de vie, tant sur le fond que sur la forme. Na\u00efssam Jalal, fl\u00fbtiste et compositrice hors pair d&rsquo;origine syrienne, n\u00e9e et \u00e9lev\u00e9e en banlieue parisienne, est issued&rsquo;une famille marqu\u00e9e par la passion et [&hellip;]","og_url":"https:\/\/whatthefrance.org\/fr\/naissam-jalal-nouvel-album-et-interview\/","og_site_name":"What the France","article_published_time":"2021-03-17T10:41:15+00:00","article_modified_time":"2021-03-17T15:51:44+00:00","og_image":[{"url":"https:\/\/whatthefrance.org\/wp-content\/uploads\/2021\/03\/naissamjalal_what_the_france.png","height":452,"width":1084,"type":""}],"author":"Stagiaire 1 Berlin","twitter_card":"summary_large_image","twitter_misc":{"\u00c9crit par":"Stagiaire 1 Berlin","Dur\u00e9e de lecture estim\u00e9e":"5 minutes"},"schema":{"@context":"https:\/\/schema.org","@graph":[{"@type":"Article","@id":"https:\/\/whatthefrance.org\/fr\/naissam-jalal-nouvel-album-et-interview\/#article","isPartOf":{"@id":"https:\/\/whatthefrance.org\/fr\/naissam-jalal-nouvel-album-et-interview\/"},"author":{"name":"Stagiaire 1 Berlin","@id":"https:\/\/whatthefrance.org\/fr\/#\/schema\/person\/a72915ae82250c292822ed109081970a"},"headline":"Na\u00efssam Jalal | Nouvel album et interview!","datePublished":"2021-03-17T10:41:15+00:00","dateModified":"2021-03-17T15:51:44+00:00","mainEntityOfPage":{"@id":"https:\/\/whatthefrance.org\/fr\/naissam-jalal-nouvel-album-et-interview\/"},"wordCount":1080,"publisher":{"@id":"https:\/\/whatthefrance.org\/fr\/#organization"},"keywords":["World"],"articleSection":["Release"],"inLanguage":"fr-FR"},{"@type":"WebPage","@id":"https:\/\/whatthefrance.org\/fr\/naissam-jalal-nouvel-album-et-interview\/","url":"https:\/\/whatthefrance.org\/fr\/naissam-jalal-nouvel-album-et-interview\/","name":"Na\u00efssam Jalal | Nouvel album et interview! - What the France","isPartOf":{"@id":"https:\/\/whatthefrance.org\/fr\/#website"},"datePublished":"2021-03-17T10:41:15+00:00","dateModified":"2021-03-17T15:51:44+00:00","breadcrumb":{"@id":"https:\/\/whatthefrance.org\/fr\/naissam-jalal-nouvel-album-et-interview\/#breadcrumb"},"inLanguage":"fr-FR","potentialAction":[{"@type":"ReadAction","target":["https:\/\/whatthefrance.org\/fr\/naissam-jalal-nouvel-album-et-interview\/"]}]},{"@type":"BreadcrumbList","@id":"https:\/\/whatthefrance.org\/fr\/naissam-jalal-nouvel-album-et-interview\/#breadcrumb","itemListElement":[{"@type":"ListItem","position":1,"name":"Home","item":"https:\/\/whatthefrance.org\/fr\/"},{"@type":"ListItem","position":2,"name":"Na\u00efssam Jalal | Nouvel album et interview!"}]},{"@type":"WebSite","@id":"https:\/\/whatthefrance.org\/fr\/#website","url":"https:\/\/whatthefrance.org\/fr\/","name":"What the France","description":"The finest music made in France !","publisher":{"@id":"https:\/\/whatthefrance.org\/fr\/#organization"},"potentialAction":[{"@type":"SearchAction","target":{"@type":"EntryPoint","urlTemplate":"https:\/\/whatthefrance.org\/fr\/?s={search_term_string}"},"query-input":{"@type":"PropertyValueSpecification","valueRequired":true,"valueName":"search_term_string"}}],"inLanguage":"fr-FR"},{"@type":"Organization","@id":"https:\/\/whatthefrance.org\/fr\/#organization","name":"What The France","url":"https:\/\/whatthefrance.org\/fr\/","logo":{"@type":"ImageObject","inLanguage":"fr-FR","@id":"https:\/\/whatthefrance.org\/fr\/#\/schema\/logo\/image\/","url":"https:\/\/whatthefrance.org\/wp-content\/uploads\/2019\/12\/44688719_2251580388408837_694180218134331392_n-e1577679609190.png","contentUrl":"https:\/\/whatthefrance.org\/wp-content\/uploads\/2019\/12\/44688719_2251580388408837_694180218134331392_n-e1577679609190.png","width":200,"height":200,"caption":"What The France"},"image":{"@id":"https:\/\/whatthefrance.org\/fr\/#\/schema\/logo\/image\/"}},{"@type":"Person","@id":"https:\/\/whatthefrance.org\/fr\/#\/schema\/person\/a72915ae82250c292822ed109081970a","name":"Stagiaire 1 Berlin","image":{"@type":"ImageObject","inLanguage":"fr-FR","@id":"https:\/\/secure.gravatar.com\/avatar\/dfeb8d88ae59b52c2ef8ba0be98ebede06bf72bd97d535142490a9391ffa2c33?s=96&d=mm&r=g","url":"https:\/\/secure.gravatar.com\/avatar\/dfeb8d88ae59b52c2ef8ba0be98ebede06bf72bd97d535142490a9391ffa2c33?s=96&d=mm&r=g","contentUrl":"https:\/\/secure.gravatar.com\/avatar\/dfeb8d88ae59b52c2ef8ba0be98ebede06bf72bd97d535142490a9391ffa2c33?s=96&d=mm&r=g","caption":"Stagiaire 1 Berlin"}}]}},"_links":{"self":[{"href":"https:\/\/whatthefrance.org\/fr\/wp-json\/wp\/v2\/posts\/26809","targetHints":{"allow":["GET"]}}],"collection":[{"href":"https:\/\/whatthefrance.org\/fr\/wp-json\/wp\/v2\/posts"}],"about":[{"href":"https:\/\/whatthefrance.org\/fr\/wp-json\/wp\/v2\/types\/post"}],"author":[{"embeddable":true,"href":"https:\/\/whatthefrance.org\/fr\/wp-json\/wp\/v2\/users\/26"}],"replies":[{"embeddable":true,"href":"https:\/\/whatthefrance.org\/fr\/wp-json\/wp\/v2\/comments?post=26809"}],"version-history":[{"count":3,"href":"https:\/\/whatthefrance.org\/fr\/wp-json\/wp\/v2\/posts\/26809\/revisions"}],"predecessor-version":[{"id":26862,"href":"https:\/\/whatthefrance.org\/fr\/wp-json\/wp\/v2\/posts\/26809\/revisions\/26862"}],"wp:attachment":[{"href":"https:\/\/whatthefrance.org\/fr\/wp-json\/wp\/v2\/media?parent=26809"}],"wp:term":[{"taxonomy":"category","embeddable":true,"href":"https:\/\/whatthefrance.org\/fr\/wp-json\/wp\/v2\/categories?post=26809"},{"taxonomy":"post_tag","embeddable":true,"href":"https:\/\/whatthefrance.org\/fr\/wp-json\/wp\/v2\/tags?post=26809"}],"curies":[{"name":"wp","href":"https:\/\/api.w.org\/{rel}","templated":true}]}}