{"id":27366,"date":"2021-04-08T10:00:10","date_gmt":"2021-04-08T08:00:10","guid":{"rendered":"https:\/\/whatthefrance.org\/?p=27366"},"modified":"2021-04-09T12:20:04","modified_gmt":"2021-04-09T10:20:04","slug":"ben-howard-nouvel-album-collections-from-the-whiteout","status":"publish","type":"post","link":"https:\/\/whatthefrance.org\/fr\/ben-howard-nouvel-album-collections-from-the-whiteout\/","title":{"rendered":"Ben Howard | Nouvel album \u00ab\u00a0Collections from the Whiteout\u00a0\u00bb"},"content":{"rendered":"<p><a href=\"https:\/\/fra01.safelinks.protection.outlook.com\/?url=https%3A%2F%2Fwww.facebook.com%2Fbenhowardmusic%2F&amp;data=04%7C01%7Cmarie-sophie.cazin%40cnm.fr%7C4654131a9dd14076cac708d8f8e0781d%7Cba774e6290394882a8cac4a49ebaf0d1%7C1%7C0%7C637532990255211188%7CUnknown%7CTWFpbGZsb3d8eyJWIjoiMC4wLjAwMDAiLCJQIjoiV2luMzIiLCJBTiI6Ik1haWwiLCJXVCI6Mn0%3D%7C1000&amp;sdata=G5lo7TAgY%2B2T59jvqfAfubutuGCL6b4oYT2iWpDXjQI%3D&amp;reserved=0\"><b>Ben Howard<\/b><\/a>\u00a0a sorti son quatri\u00e8me album\u00a0<b><i>Collections From The Whiteout<\/i><\/b>\u00a0le 26 mars dernier sur le label fran\u00e7ais t\u00f4t Ou tard. Ce disque a \u00e9t\u00e9 produit par Aaron Dessner \/ The National, qui a r\u00e9cemment remport\u00e9 un\u00a0<b>Grammy<\/b>\u00a0pour son travail avec Taylor Swift.<\/p>\n<p><iframe loading=\"lazy\" title=\"Ben Howard - Sorry Kid\" width=\"500\" height=\"375\" src=\"https:\/\/www.youtube.com\/embed\/qsycB4z3Rn8?feature=oembed\" frameborder=\"0\" allow=\"accelerometer; autoplay; clipboard-write; encrypted-media; gyroscope; picture-in-picture; web-share\" referrerpolicy=\"strict-origin-when-cross-origin\" allowfullscreen><\/iframe><\/p>\n<p>&nbsp;<\/p>\n<div class=\"lmt__inner_textarea_container\" title=\"Cliquez sur un mot pour voir les autres traductions possibles\">\n<div class=\"lmt__textarea_base_style\"><\/div>\n<\/div>\n<p><img decoding=\"async\" class=\"wp-image-27084 alignright\" src=\"https:\/\/whatthefrance.org\/wp-content\/uploads\/2021\/03\/BenHoward_Album_Cover-300x300.jpg\" alt=\"\" width=\"247\" height=\"247\" srcset=\"https:\/\/whatthefrance.org\/wp-content\/uploads\/2021\/03\/BenHoward_Album_Cover-300x300.jpg 300w, https:\/\/whatthefrance.org\/wp-content\/uploads\/2021\/03\/BenHoward_Album_Cover-1024x1024.jpg 1024w, https:\/\/whatthefrance.org\/wp-content\/uploads\/2021\/03\/BenHoward_Album_Cover-150x150.jpg 150w, https:\/\/whatthefrance.org\/wp-content\/uploads\/2021\/03\/BenHoward_Album_Cover-768x768.jpg 768w, https:\/\/whatthefrance.org\/wp-content\/uploads\/2021\/03\/BenHoward_Album_Cover-1536x1536.jpg 1536w, https:\/\/whatthefrance.org\/wp-content\/uploads\/2021\/03\/BenHoward_Album_Cover-2048x2048.jpg 2048w, https:\/\/whatthefrance.org\/wp-content\/uploads\/2021\/03\/BenHoward_Album_Cover-452x452.jpg 452w, https:\/\/whatthefrance.org\/wp-content\/uploads\/2021\/03\/BenHoward_Album_Cover-348x348.jpg 348w, https:\/\/whatthefrance.org\/wp-content\/uploads\/2021\/03\/BenHoward_Album_Cover-254x254.jpg 254w, https:\/\/whatthefrance.org\/wp-content\/uploads\/2021\/03\/BenHoward_Album_Cover-170x170.jpg 170w\" sizes=\"(max-width: 247px) 100vw, 247px\" \/><\/p>\n<p><strong><em>Collections From The Whiteout<\/em><\/strong><strong>\u00a0<\/strong>est une \u0153uvre pleine de r\u00e9f\u00e9rences curieuses, humoristiques et po\u00e9tiques. Inspir\u00e9es en partie par des faits divers, port\u00e9es par l&rsquo;imagination de Ben et entrem\u00eal\u00e9es d&rsquo;exp\u00e9riences personnelles, ces histoires dans les histoires cr\u00e9ent un ensemble fascinant.<\/p>\n<p>Elles racontent la mort du marin amateur Donald Crowhurst, de l&rsquo;escroc germano-russe Anna Sorokin, de Richard Russell, l&rsquo;homme qui a vol\u00e9 un avion et l&rsquo;a fait s&rsquo;\u00e9craser, et du corps d\u00e9membr\u00e9 trouv\u00e9 par un ami de son p\u00e8re dans une valise flottant dans la Tamise. Une Angleterre gonfl\u00e9e jusqu&rsquo;\u00e0 l&rsquo;absurde par l&rsquo;outrage politique et les luttes intestines, ainsi que des anecdotes personnelles de Ben se d\u00e9roulant entre Paris, Devon et Ibiza.<\/p>\n<p>La sortie de\u00a0<b><i>Collections From The Whiteout<\/i><\/b>\u00a0sera c\u00e9l\u00e9br\u00e9e par un \u00e9v\u00e9nement exclusif et mondial, film\u00e9 \u00e0 la station terrestre satellite de Goonhilly sur la p\u00e9ninsule de Lizard en Cornouailles, au Royaume-Uni, qui aura lieu en direct le 8 avril. Ben Howard et son groupe y interpr\u00e9teront pour la premi\u00e8re fois les titres de ce nouvel album.<\/p>\n<div class=\"playListBloc singleBloc\"><div class=\"playListBloc-wrap\">    <div class=\"thumbnail\"><img data-src=\"https:\/\/whatthefrance.org\/wp-content\/uploads\/2018\/11\/TEMPLATE-POCHETTE-GENRE-pop-Louane-254x254.jpg\" class=\"lazyload\" alt=\"TEMPLATE POCHETTE GENRE &#8211; pop &#8211; Louane\" \/>    <\/div>    <div class=\"infos\">        <span class=\"tag\">Genres<\/span>        <h2>Pop The Champagne<\/h2>        <span class=\"separator\"><\/span>       <span class=\"desc\">Listen to the latest pop music hits made in France.<\/span><div class=\"share flex flexAlignCenter \">\t<span class=\"label\">Partager<\/span>\t<a href=\"https:\/\/www.facebook.com\/sharer\/sharer.php?u=https:\/\/whatthefrance.org\/fr\/playlists\/pop-the-champagne\/\" class=\"facebook\" target=\"_blank\" rel=\"noreferrer\">Facebook<\/a>\t<a href=\"https:\/\/twitter.com\/intent\/tweet?url=https:\/\/whatthefrance.org\/fr\/playlists\/pop-the-champagne\/&text=Pop+The+Champagne&hashtags=WTF\" class=\"twitter\" target=\"_blank\" rel=\"noreferrer\">Twitter<\/a>\t<a href=\"mailto:?subject=What%20the%20France%20%3A%20Pop%20The%20Champagne&body=https:\/\/whatthefrance.org\/fr\/playlists\/pop-the-champagne\/\" class=\"mail\" target=\"_blank\" rel=\"noreferrer\">Email<\/a><\/div>        <a href=\"#\" class=\"btn btnPlaylist orange playlist-click\" data-id=\"910\">            <svg version=\"1.1\" x=\"0px\" y=\"0px\" width=\"40px\" height=\"40px\" viewBox=\"0 0 213.7 213.7\" enable-background=\"new 0 0 213.7 213.7\" xml:space=\"preserve\">                <polygon class=\"triangle\" fill=\"none\" stroke-width=\"10\" stroke-linecap=\"round\" stroke-linejoin=\"round\" stroke-miterlimit=\"10\" points=\"\n            73.5,62.5 148.5,105.8 73.5,149.1 \"\/>                <circle class=\"circle\" fill=\"none\"  stroke-width=\"8\" stroke-linecap=\"round\" stroke-linejoin=\"round\" stroke-miterlimit=\"10\" cx=\"106.8\" cy=\"106.8\" r=\"103.3\"\/>                <circle class=\"circle-white\" fill=\"none\"  stroke-width=\"8\" stroke-linecap=\"round\" stroke-linejoin=\"round\" stroke-miterlimit=\"10\" cx=\"106.8\" cy=\"106.8\" r=\"103.3\"\/>            <\/svg>Ecouter        <\/a>    <\/div>  <\/div><\/div>\n<p>&nbsp;<\/p>\n","protected":false},"excerpt":{"rendered":"<p>Ben Howard\u00a0a sorti son quatri\u00e8me album\u00a0Collections From The Whiteout\u00a0le 26 mars dernier sur le label fran\u00e7ais t\u00f4t Ou tard. Ce disque a \u00e9t\u00e9 produit par Aaron Dessner \/ The National, qui a r\u00e9cemment remport\u00e9 un\u00a0Grammy\u00a0pour son travail avec Taylor Swift. &nbsp; Collections From The Whiteout\u00a0est une \u0153uvre pleine de r\u00e9f\u00e9rences curieuses, humoristiques et po\u00e9tiques. Inspir\u00e9es [&hellip;]<\/p>\n","protected":false},"author":6,"featured_media":0,"comment_status":"closed","ping_status":"closed","sticky":false,"template":"","format":"standard","meta":{"_acf_changed":false,"footnotes":""},"categories":[215],"tags":[311,323],"class_list":["post-27366","post","type-post","status-publish","format-standard","hentry","category-release-fr","tag-contemporary-fr","tag-electronic-fr"],"acf":[],"yoast_head":"<!-- This site is optimized with the Yoast SEO plugin v27.3 - https:\/\/yoast.com\/product\/yoast-seo-wordpress\/ -->\n<title>Ben Howard | Nouvel album &quot;Collections from the Whiteout&quot; - What the France<\/title>\n<meta name=\"robots\" content=\"index, follow, max-snippet:-1, max-image-preview:large, max-video-preview:-1\" \/>\n<link rel=\"canonical\" href=\"https:\/\/whatthefrance.org\/fr\/ben-howard-nouvel-album-collections-from-the-whiteout\/\" \/>\n<meta property=\"og:locale\" content=\"fr_FR\" \/>\n<meta property=\"og:type\" content=\"article\" \/>\n<meta property=\"og:title\" content=\"Ben Howard | Nouvel album &quot;Collections from the Whiteout&quot; - What the France\" \/>\n<meta property=\"og:description\" content=\"Ben Howard\u00a0a sorti son quatri\u00e8me album\u00a0Collections From The Whiteout\u00a0le 26 mars dernier sur le label fran\u00e7ais t\u00f4t Ou tard. Ce disque a \u00e9t\u00e9 produit par Aaron Dessner \/ The National, qui a r\u00e9cemment remport\u00e9 un\u00a0Grammy\u00a0pour son travail avec Taylor Swift. &nbsp; Collections From The Whiteout\u00a0est une \u0153uvre pleine de r\u00e9f\u00e9rences curieuses, humoristiques et po\u00e9tiques. Inspir\u00e9es [&hellip;]\" \/>\n<meta property=\"og:url\" content=\"https:\/\/whatthefrance.org\/fr\/ben-howard-nouvel-album-collections-from-the-whiteout\/\" \/>\n<meta property=\"og:site_name\" content=\"What the France\" \/>\n<meta property=\"article:published_time\" content=\"2021-04-08T08:00:10+00:00\" \/>\n<meta property=\"article:modified_time\" content=\"2021-04-09T10:20:04+00:00\" \/>\n<meta property=\"og:image\" content=\"https:\/\/whatthefrance.org\/wp-content\/uploads\/2021\/03\/BenHoward_what_the_france.png\" \/>\n\t<meta property=\"og:image:width\" content=\"1084\" \/>\n\t<meta property=\"og:image:height\" content=\"452\" \/><meta property=\"og:image\" content=\"https:\/\/whatthefrance.org\/wp-content\/uploads\/2021\/03\/BenHoward_Album_Cover-300x300.jpg\" \/>\n<meta name=\"author\" content=\"Marie-Sophie Administrateur\" \/>\n<meta name=\"twitter:card\" content=\"summary_large_image\" \/>\n<meta name=\"twitter:label1\" content=\"\u00c9crit par\" \/>\n\t<meta name=\"twitter:data1\" content=\"Marie-Sophie Administrateur\" \/>\n\t<meta name=\"twitter:label2\" content=\"Dur\u00e9e de lecture estim\u00e9e\" \/>\n\t<meta name=\"twitter:data2\" content=\"2 minutes\" \/>\n<script type=\"application\/ld+json\" class=\"yoast-schema-graph\">{\"@context\":\"https:\\\/\\\/schema.org\",\"@graph\":[{\"@type\":\"Article\",\"@id\":\"https:\\\/\\\/whatthefrance.org\\\/fr\\\/ben-howard-nouvel-album-collections-from-the-whiteout\\\/#article\",\"isPartOf\":{\"@id\":\"https:\\\/\\\/whatthefrance.org\\\/fr\\\/ben-howard-nouvel-album-collections-from-the-whiteout\\\/\"},\"author\":{\"name\":\"Marie-Sophie Administrateur\",\"@id\":\"https:\\\/\\\/whatthefrance.org\\\/fr\\\/#\\\/schema\\\/person\\\/3b7ea6fb70b536503b3e8c909c564a81\"},\"headline\":\"Ben Howard | Nouvel album \u00ab\u00a0Collections from the Whiteout\u00a0\u00bb\",\"datePublished\":\"2021-04-08T08:00:10+00:00\",\"dateModified\":\"2021-04-09T10:20:04+00:00\",\"mainEntityOfPage\":{\"@id\":\"https:\\\/\\\/whatthefrance.org\\\/fr\\\/ben-howard-nouvel-album-collections-from-the-whiteout\\\/\"},\"wordCount\":261,\"publisher\":{\"@id\":\"https:\\\/\\\/whatthefrance.org\\\/fr\\\/#organization\"},\"image\":{\"@id\":\"https:\\\/\\\/whatthefrance.org\\\/fr\\\/ben-howard-nouvel-album-collections-from-the-whiteout\\\/#primaryimage\"},\"thumbnailUrl\":\"https:\\\/\\\/whatthefrance.org\\\/wp-content\\\/uploads\\\/2021\\\/03\\\/BenHoward_Album_Cover-300x300.jpg\",\"keywords\":[\"Contemporary\",\"Electronic\"],\"articleSection\":[\"Release\"],\"inLanguage\":\"fr-FR\"},{\"@type\":\"WebPage\",\"@id\":\"https:\\\/\\\/whatthefrance.org\\\/fr\\\/ben-howard-nouvel-album-collections-from-the-whiteout\\\/\",\"url\":\"https:\\\/\\\/whatthefrance.org\\\/fr\\\/ben-howard-nouvel-album-collections-from-the-whiteout\\\/\",\"name\":\"Ben Howard | Nouvel album \\\"Collections from the Whiteout\\\" - What the France\",\"isPartOf\":{\"@id\":\"https:\\\/\\\/whatthefrance.org\\\/fr\\\/#website\"},\"primaryImageOfPage\":{\"@id\":\"https:\\\/\\\/whatthefrance.org\\\/fr\\\/ben-howard-nouvel-album-collections-from-the-whiteout\\\/#primaryimage\"},\"image\":{\"@id\":\"https:\\\/\\\/whatthefrance.org\\\/fr\\\/ben-howard-nouvel-album-collections-from-the-whiteout\\\/#primaryimage\"},\"thumbnailUrl\":\"https:\\\/\\\/whatthefrance.org\\\/wp-content\\\/uploads\\\/2021\\\/03\\\/BenHoward_Album_Cover-300x300.jpg\",\"datePublished\":\"2021-04-08T08:00:10+00:00\",\"dateModified\":\"2021-04-09T10:20:04+00:00\",\"breadcrumb\":{\"@id\":\"https:\\\/\\\/whatthefrance.org\\\/fr\\\/ben-howard-nouvel-album-collections-from-the-whiteout\\\/#breadcrumb\"},\"inLanguage\":\"fr-FR\",\"potentialAction\":[{\"@type\":\"ReadAction\",\"target\":[\"https:\\\/\\\/whatthefrance.org\\\/fr\\\/ben-howard-nouvel-album-collections-from-the-whiteout\\\/\"]}]},{\"@type\":\"ImageObject\",\"inLanguage\":\"fr-FR\",\"@id\":\"https:\\\/\\\/whatthefrance.org\\\/fr\\\/ben-howard-nouvel-album-collections-from-the-whiteout\\\/#primaryimage\",\"url\":\"https:\\\/\\\/whatthefrance.org\\\/wp-content\\\/uploads\\\/2021\\\/03\\\/BenHoward_Album_Cover-300x300.jpg\",\"contentUrl\":\"https:\\\/\\\/whatthefrance.org\\\/wp-content\\\/uploads\\\/2021\\\/03\\\/BenHoward_Album_Cover-300x300.jpg\"},{\"@type\":\"BreadcrumbList\",\"@id\":\"https:\\\/\\\/whatthefrance.org\\\/fr\\\/ben-howard-nouvel-album-collections-from-the-whiteout\\\/#breadcrumb\",\"itemListElement\":[{\"@type\":\"ListItem\",\"position\":1,\"name\":\"Home\",\"item\":\"https:\\\/\\\/whatthefrance.org\\\/fr\\\/\"},{\"@type\":\"ListItem\",\"position\":2,\"name\":\"Ben Howard | Nouvel album \u00ab\u00a0Collections from the Whiteout\u00a0\u00bb\"}]},{\"@type\":\"WebSite\",\"@id\":\"https:\\\/\\\/whatthefrance.org\\\/fr\\\/#website\",\"url\":\"https:\\\/\\\/whatthefrance.org\\\/fr\\\/\",\"name\":\"What the France\",\"description\":\"The finest music made in France !\",\"publisher\":{\"@id\":\"https:\\\/\\\/whatthefrance.org\\\/fr\\\/#organization\"},\"potentialAction\":[{\"@type\":\"SearchAction\",\"target\":{\"@type\":\"EntryPoint\",\"urlTemplate\":\"https:\\\/\\\/whatthefrance.org\\\/fr\\\/?s={search_term_string}\"},\"query-input\":{\"@type\":\"PropertyValueSpecification\",\"valueRequired\":true,\"valueName\":\"search_term_string\"}}],\"inLanguage\":\"fr-FR\"},{\"@type\":\"Organization\",\"@id\":\"https:\\\/\\\/whatthefrance.org\\\/fr\\\/#organization\",\"name\":\"What The France\",\"url\":\"https:\\\/\\\/whatthefrance.org\\\/fr\\\/\",\"logo\":{\"@type\":\"ImageObject\",\"inLanguage\":\"fr-FR\",\"@id\":\"https:\\\/\\\/whatthefrance.org\\\/fr\\\/#\\\/schema\\\/logo\\\/image\\\/\",\"url\":\"https:\\\/\\\/whatthefrance.org\\\/wp-content\\\/uploads\\\/2019\\\/12\\\/44688719_2251580388408837_694180218134331392_n-e1577679609190.png\",\"contentUrl\":\"https:\\\/\\\/whatthefrance.org\\\/wp-content\\\/uploads\\\/2019\\\/12\\\/44688719_2251580388408837_694180218134331392_n-e1577679609190.png\",\"width\":200,\"height\":200,\"caption\":\"What The France\"},\"image\":{\"@id\":\"https:\\\/\\\/whatthefrance.org\\\/fr\\\/#\\\/schema\\\/logo\\\/image\\\/\"}},{\"@type\":\"Person\",\"@id\":\"https:\\\/\\\/whatthefrance.org\\\/fr\\\/#\\\/schema\\\/person\\\/3b7ea6fb70b536503b3e8c909c564a81\",\"name\":\"Marie-Sophie Administrateur\",\"image\":{\"@type\":\"ImageObject\",\"inLanguage\":\"fr-FR\",\"@id\":\"https:\\\/\\\/secure.gravatar.com\\\/avatar\\\/d57e4552c73c8713409cd3c2de53bdb5d220ebdd76dc7ba351b2dbae89f5afa9?s=96&d=mm&r=g\",\"url\":\"https:\\\/\\\/secure.gravatar.com\\\/avatar\\\/d57e4552c73c8713409cd3c2de53bdb5d220ebdd76dc7ba351b2dbae89f5afa9?s=96&d=mm&r=g\",\"contentUrl\":\"https:\\\/\\\/secure.gravatar.com\\\/avatar\\\/d57e4552c73c8713409cd3c2de53bdb5d220ebdd76dc7ba351b2dbae89f5afa9?s=96&d=mm&r=g\",\"caption\":\"Marie-Sophie Administrateur\"}}]}<\/script>\n<!-- \/ Yoast SEO plugin. -->","yoast_head_json":{"title":"Ben Howard | Nouvel album \"Collections from the Whiteout\" - What the France","robots":{"index":"index","follow":"follow","max-snippet":"max-snippet:-1","max-image-preview":"max-image-preview:large","max-video-preview":"max-video-preview:-1"},"canonical":"https:\/\/whatthefrance.org\/fr\/ben-howard-nouvel-album-collections-from-the-whiteout\/","og_locale":"fr_FR","og_type":"article","og_title":"Ben Howard | Nouvel album \"Collections from the Whiteout\" - What the France","og_description":"Ben Howard\u00a0a sorti son quatri\u00e8me album\u00a0Collections From The Whiteout\u00a0le 26 mars dernier sur le label fran\u00e7ais t\u00f4t Ou tard. Ce disque a \u00e9t\u00e9 produit par Aaron Dessner \/ The National, qui a r\u00e9cemment remport\u00e9 un\u00a0Grammy\u00a0pour son travail avec Taylor Swift. &nbsp; Collections From The Whiteout\u00a0est une \u0153uvre pleine de r\u00e9f\u00e9rences curieuses, humoristiques et po\u00e9tiques. Inspir\u00e9es [&hellip;]","og_url":"https:\/\/whatthefrance.org\/fr\/ben-howard-nouvel-album-collections-from-the-whiteout\/","og_site_name":"What the France","article_published_time":"2021-04-08T08:00:10+00:00","article_modified_time":"2021-04-09T10:20:04+00:00","og_image":[{"url":"https:\/\/whatthefrance.org\/wp-content\/uploads\/2021\/03\/BenHoward_what_the_france.png","height":452,"width":1084,"type":""},{"url":"https:\/\/whatthefrance.org\/wp-content\/uploads\/2021\/03\/BenHoward_Album_Cover-300x300.jpg","type":"","width":"","height":""}],"author":"Marie-Sophie Administrateur","twitter_card":"summary_large_image","twitter_misc":{"\u00c9crit par":"Marie-Sophie Administrateur","Dur\u00e9e de lecture estim\u00e9e":"2 minutes"},"schema":{"@context":"https:\/\/schema.org","@graph":[{"@type":"Article","@id":"https:\/\/whatthefrance.org\/fr\/ben-howard-nouvel-album-collections-from-the-whiteout\/#article","isPartOf":{"@id":"https:\/\/whatthefrance.org\/fr\/ben-howard-nouvel-album-collections-from-the-whiteout\/"},"author":{"name":"Marie-Sophie Administrateur","@id":"https:\/\/whatthefrance.org\/fr\/#\/schema\/person\/3b7ea6fb70b536503b3e8c909c564a81"},"headline":"Ben Howard | Nouvel album \u00ab\u00a0Collections from the Whiteout\u00a0\u00bb","datePublished":"2021-04-08T08:00:10+00:00","dateModified":"2021-04-09T10:20:04+00:00","mainEntityOfPage":{"@id":"https:\/\/whatthefrance.org\/fr\/ben-howard-nouvel-album-collections-from-the-whiteout\/"},"wordCount":261,"publisher":{"@id":"https:\/\/whatthefrance.org\/fr\/#organization"},"image":{"@id":"https:\/\/whatthefrance.org\/fr\/ben-howard-nouvel-album-collections-from-the-whiteout\/#primaryimage"},"thumbnailUrl":"https:\/\/whatthefrance.org\/wp-content\/uploads\/2021\/03\/BenHoward_Album_Cover-300x300.jpg","keywords":["Contemporary","Electronic"],"articleSection":["Release"],"inLanguage":"fr-FR"},{"@type":"WebPage","@id":"https:\/\/whatthefrance.org\/fr\/ben-howard-nouvel-album-collections-from-the-whiteout\/","url":"https:\/\/whatthefrance.org\/fr\/ben-howard-nouvel-album-collections-from-the-whiteout\/","name":"Ben Howard | Nouvel album \"Collections from the Whiteout\" - What the France","isPartOf":{"@id":"https:\/\/whatthefrance.org\/fr\/#website"},"primaryImageOfPage":{"@id":"https:\/\/whatthefrance.org\/fr\/ben-howard-nouvel-album-collections-from-the-whiteout\/#primaryimage"},"image":{"@id":"https:\/\/whatthefrance.org\/fr\/ben-howard-nouvel-album-collections-from-the-whiteout\/#primaryimage"},"thumbnailUrl":"https:\/\/whatthefrance.org\/wp-content\/uploads\/2021\/03\/BenHoward_Album_Cover-300x300.jpg","datePublished":"2021-04-08T08:00:10+00:00","dateModified":"2021-04-09T10:20:04+00:00","breadcrumb":{"@id":"https:\/\/whatthefrance.org\/fr\/ben-howard-nouvel-album-collections-from-the-whiteout\/#breadcrumb"},"inLanguage":"fr-FR","potentialAction":[{"@type":"ReadAction","target":["https:\/\/whatthefrance.org\/fr\/ben-howard-nouvel-album-collections-from-the-whiteout\/"]}]},{"@type":"ImageObject","inLanguage":"fr-FR","@id":"https:\/\/whatthefrance.org\/fr\/ben-howard-nouvel-album-collections-from-the-whiteout\/#primaryimage","url":"https:\/\/whatthefrance.org\/wp-content\/uploads\/2021\/03\/BenHoward_Album_Cover-300x300.jpg","contentUrl":"https:\/\/whatthefrance.org\/wp-content\/uploads\/2021\/03\/BenHoward_Album_Cover-300x300.jpg"},{"@type":"BreadcrumbList","@id":"https:\/\/whatthefrance.org\/fr\/ben-howard-nouvel-album-collections-from-the-whiteout\/#breadcrumb","itemListElement":[{"@type":"ListItem","position":1,"name":"Home","item":"https:\/\/whatthefrance.org\/fr\/"},{"@type":"ListItem","position":2,"name":"Ben Howard | Nouvel album \u00ab\u00a0Collections from the Whiteout\u00a0\u00bb"}]},{"@type":"WebSite","@id":"https:\/\/whatthefrance.org\/fr\/#website","url":"https:\/\/whatthefrance.org\/fr\/","name":"What the France","description":"The finest music made in France !","publisher":{"@id":"https:\/\/whatthefrance.org\/fr\/#organization"},"potentialAction":[{"@type":"SearchAction","target":{"@type":"EntryPoint","urlTemplate":"https:\/\/whatthefrance.org\/fr\/?s={search_term_string}"},"query-input":{"@type":"PropertyValueSpecification","valueRequired":true,"valueName":"search_term_string"}}],"inLanguage":"fr-FR"},{"@type":"Organization","@id":"https:\/\/whatthefrance.org\/fr\/#organization","name":"What The France","url":"https:\/\/whatthefrance.org\/fr\/","logo":{"@type":"ImageObject","inLanguage":"fr-FR","@id":"https:\/\/whatthefrance.org\/fr\/#\/schema\/logo\/image\/","url":"https:\/\/whatthefrance.org\/wp-content\/uploads\/2019\/12\/44688719_2251580388408837_694180218134331392_n-e1577679609190.png","contentUrl":"https:\/\/whatthefrance.org\/wp-content\/uploads\/2019\/12\/44688719_2251580388408837_694180218134331392_n-e1577679609190.png","width":200,"height":200,"caption":"What The France"},"image":{"@id":"https:\/\/whatthefrance.org\/fr\/#\/schema\/logo\/image\/"}},{"@type":"Person","@id":"https:\/\/whatthefrance.org\/fr\/#\/schema\/person\/3b7ea6fb70b536503b3e8c909c564a81","name":"Marie-Sophie Administrateur","image":{"@type":"ImageObject","inLanguage":"fr-FR","@id":"https:\/\/secure.gravatar.com\/avatar\/d57e4552c73c8713409cd3c2de53bdb5d220ebdd76dc7ba351b2dbae89f5afa9?s=96&d=mm&r=g","url":"https:\/\/secure.gravatar.com\/avatar\/d57e4552c73c8713409cd3c2de53bdb5d220ebdd76dc7ba351b2dbae89f5afa9?s=96&d=mm&r=g","contentUrl":"https:\/\/secure.gravatar.com\/avatar\/d57e4552c73c8713409cd3c2de53bdb5d220ebdd76dc7ba351b2dbae89f5afa9?s=96&d=mm&r=g","caption":"Marie-Sophie Administrateur"}}]}},"_links":{"self":[{"href":"https:\/\/whatthefrance.org\/fr\/wp-json\/wp\/v2\/posts\/27366","targetHints":{"allow":["GET"]}}],"collection":[{"href":"https:\/\/whatthefrance.org\/fr\/wp-json\/wp\/v2\/posts"}],"about":[{"href":"https:\/\/whatthefrance.org\/fr\/wp-json\/wp\/v2\/types\/post"}],"author":[{"embeddable":true,"href":"https:\/\/whatthefrance.org\/fr\/wp-json\/wp\/v2\/users\/6"}],"replies":[{"embeddable":true,"href":"https:\/\/whatthefrance.org\/fr\/wp-json\/wp\/v2\/comments?post=27366"}],"version-history":[{"count":3,"href":"https:\/\/whatthefrance.org\/fr\/wp-json\/wp\/v2\/posts\/27366\/revisions"}],"predecessor-version":[{"id":27480,"href":"https:\/\/whatthefrance.org\/fr\/wp-json\/wp\/v2\/posts\/27366\/revisions\/27480"}],"wp:attachment":[{"href":"https:\/\/whatthefrance.org\/fr\/wp-json\/wp\/v2\/media?parent=27366"}],"wp:term":[{"taxonomy":"category","embeddable":true,"href":"https:\/\/whatthefrance.org\/fr\/wp-json\/wp\/v2\/categories?post=27366"},{"taxonomy":"post_tag","embeddable":true,"href":"https:\/\/whatthefrance.org\/fr\/wp-json\/wp\/v2\/tags?post=27366"}],"curies":[{"name":"wp","href":"https:\/\/api.w.org\/{rel}","templated":true}]}}