{"id":30142,"date":"2021-07-20T10:00:14","date_gmt":"2021-07-20T08:00:14","guid":{"rendered":"https:\/\/whatthefrance.org\/?p=30142"},"modified":"2021-07-20T12:20:03","modified_gmt":"2021-07-20T10:20:03","slug":"bertrand-burgalat-nouvel-album-et-playlist-exclusive-pour-what-the-france","status":"publish","type":"post","link":"https:\/\/whatthefrance.org\/fr\/bertrand-burgalat-nouvel-album-et-playlist-exclusive-pour-what-the-france\/","title":{"rendered":"Bertrand Burgalat | Nouvel album et playlist exclusive pour What The France !"},"content":{"rendered":"<p>R\u00e9cemment compar\u00e9 par le Times \u00e0 \u00ab\u00a0un Phil Spector fran\u00e7ais, les tendances meurtri\u00e8res en moins\u00a0\u00bb,\u00a0<a href=\"https:\/\/www.facebook.com\/BertrandBurgalat\" target=\"_blank\" rel=\"noopener\">Bertrand Burgalat<\/a> est un musicien, compositeur et producteur fran\u00e7ais, actif depuis 1987. Huit ans plus tard, il fonde son propre label, baptis\u00e9 Tricatel, enti\u00e8rement consacr\u00e9e aux artistes inclassables, aux projets hors-normes et \u00e0 des compositeurs comme Andr\u00e9 Popp et David Whitaker.<\/p>\n<p>Au cours de sa carri\u00e8re, il a travaill\u00e9 sur plus de 200 disques, compos\u00e9 et arrang\u00e9 pour Supergrass, Pizzicato Five, Marc Lavoine, P.J Proby, Jad Wio, Christophe Willem, Laibach, Neubauten, Alain Chamfort, Adamo, Mick Harvey, et m\u00eame remix\u00e9 Depeche Mode. En tant qu\u2019interpr\u00e8te, il a publi\u00e9 six albums studio sous son nom. Au cin\u00e9ma, il a sign\u00e9 les musiques de films de Pascal Bonitzer, Eva Ionesco, Benoit Forgeard, Cyril Collard, Bertrand Tavernier ou Marc Fitoussi. En 2012, il a re\u00e7u le Prix de la meilleure musique de film au Festival de La Ciotat pour \u00ab\u00a0My Little Princess\u00a0\u00bb. L\u2019ann\u00e9e suivante, il est \u00e9lu compositeur de l&rsquo;ann\u00e9e, Prix de la cr\u00e9ation musicale de la Chambre syndicale des \u00e9diteurs de musique. Pour la t\u00e9l\u00e9vision, il a produit \u00ab\u00a0Le Ben &amp; Bertie Show\u00a0\u00bb, fiction musicale diffus\u00e9e sur Paris Premi\u00e8re et \u00e0 la radio, l\u2019\u00e9mission \u00ab\u00a0Face B\u00a0\u00bb, sur France Inter. Vice-pr\u00e9sident du conseil d\u2019administration du Syndicat National de l\u2019Edition Phonographique (SNEP) depuis 2014, il en est \u00e0 pr\u00e9sent le Pr\u00e9sident depuis 2020. Son nouvel album, baptis\u00e9 \u00ab\u00a0R\u00eave Capital\u00a0\u00bb, est sorti le 11 juin dernier, vous pouvez \u00e9couter le single \u00e9ponyme sur notre playlist \u00ab\u00a0Pardon my chanson\u00a0\u00bb, ainsi que le remix r\u00e9alis\u00e9 par Yuksek du titre \u00ab\u00a0L\u2019homme id\u00e9al\u00a0\u00bb sur notre playlist \u00ab\u00a0Oui Love &#8211; Music made in France\u00a0\u00bb.<\/p>\n<p>Malgr\u00e9 un agenda bien rempli, Bertrand Burgalat a trouv\u00e9 le temps de concocter une playlist exclusive pour What The France, o\u00f9 vous pourrez (re)d\u00e9couvrir quelques-unes de ses nombreuses productions pour son label Tricatel avec au programme des titres de Chassol, Catastrophe, Philippe Katerine, Moderato, Herv\u00e9 Bouetard, April March, Louis Philippe, Michel Houellebecq, Allegra, Ladytron, Les \u00a0Shades, Val\u00e9rie Lemercier,\u00a0Count Indigo, Etienne Charry, A.S Dragon, Comateens, Showgirls, La Classe, Joel Dayd\u00e9, Ingrid Caven, Symphony ou Jef Barbara.<\/p>\n<div class=\"playListBloc singleBloc\"><div class=\"playListBloc-wrap\">    <div class=\"thumbnail\"><img data-src=\"https:\/\/whatthefrance.org\/wp-content\/uploads\/2021\/07\/WTF-Cover-Collab_Bertrand_Burgalart-254x254.jpg\" class=\"lazyload\" alt=\"WTF&#8212;Cover-Collab_Bertrand_Burgalart\" \/>    <\/div>    <div class=\"infos\">        <span class=\"tag\">Curators<\/span>        <h2>A Made In France Selection By Bertrand Burgalat<\/h2>        <span class=\"separator\"><\/span>       <span class=\"desc\">Discover a made in France selection handpicked by Bertrand Burgalat @ Bertrand Burgalat<\/span><div class=\"share flex flexAlignCenter \">\t<span class=\"label\">Partager<\/span>\t<a href=\"https:\/\/www.facebook.com\/sharer\/sharer.php?u=https:\/\/whatthefrance.org\/fr\/playlists\/a-made-in-france-selection-by-bertrand-burgalat\/\" class=\"facebook\" target=\"_blank\" rel=\"noreferrer\">Facebook<\/a>\t<a href=\"https:\/\/twitter.com\/intent\/tweet?url=https:\/\/whatthefrance.org\/fr\/playlists\/a-made-in-france-selection-by-bertrand-burgalat\/&text=A+Made+In+France+Selection+By+Bertrand+Burgalat&hashtags=WTF\" class=\"twitter\" target=\"_blank\" rel=\"noreferrer\">Twitter<\/a>\t<a href=\"mailto:?subject=What%20the%20France%20%3A%20A%20Made%20In%20France%20Selection%20By%20Bertrand%20Burgalat&body=https:\/\/whatthefrance.org\/fr\/playlists\/a-made-in-france-selection-by-bertrand-burgalat\/\" class=\"mail\" target=\"_blank\" rel=\"noreferrer\">Email<\/a><\/div>        <a href=\"#\" class=\"btn btnPlaylist orange playlist-click\" data-id=\"30145\">            <svg version=\"1.1\" x=\"0px\" y=\"0px\" width=\"40px\" height=\"40px\" viewBox=\"0 0 213.7 213.7\" enable-background=\"new 0 0 213.7 213.7\" xml:space=\"preserve\">                <polygon class=\"triangle\" fill=\"none\" stroke-width=\"10\" stroke-linecap=\"round\" stroke-linejoin=\"round\" stroke-miterlimit=\"10\" points=\"\n            73.5,62.5 148.5,105.8 73.5,149.1 \"\/>                <circle class=\"circle\" fill=\"none\"  stroke-width=\"8\" stroke-linecap=\"round\" stroke-linejoin=\"round\" stroke-miterlimit=\"10\" cx=\"106.8\" cy=\"106.8\" r=\"103.3\"\/>                <circle class=\"circle-white\" fill=\"none\"  stroke-width=\"8\" stroke-linecap=\"round\" stroke-linejoin=\"round\" stroke-miterlimit=\"10\" cx=\"106.8\" cy=\"106.8\" r=\"103.3\"\/>            <\/svg>Ecouter        <\/a>    <\/div>  <\/div><\/div>\n","protected":false},"excerpt":{"rendered":"<p>R\u00e9cemment compar\u00e9 par le Times \u00e0 \u00ab\u00a0un Phil Spector fran\u00e7ais, les tendances meurtri\u00e8res en moins\u00a0\u00bb,\u00a0Bertrand Burgalat est un musicien, compositeur et producteur fran\u00e7ais, actif depuis 1987. Huit ans plus tard, il fonde son propre label, baptis\u00e9 Tricatel, enti\u00e8rement consacr\u00e9e aux artistes inclassables, aux projets hors-normes et \u00e0 des compositeurs comme Andr\u00e9 Popp et David Whitaker. [&hellip;]<\/p>\n","protected":false},"author":6,"featured_media":0,"comment_status":"closed","ping_status":"closed","sticky":false,"template":"","format":"standard","meta":{"_acf_changed":false,"footnotes":""},"categories":[206],"tags":[307,340,351],"class_list":["post-30142","post","type-post","status-publish","format-standard","hentry","category-playlist-fr","tag-chanson-fr","tag-pop-fr","tag-rock-fr"],"acf":[],"yoast_head":"<!-- This site is optimized with the Yoast SEO plugin v27.3 - https:\/\/yoast.com\/product\/yoast-seo-wordpress\/ -->\n<title>Bertrand Burgalat | Nouvel album et playlist exclusive pour What The France ! - What the France<\/title>\n<meta name=\"robots\" content=\"index, follow, max-snippet:-1, max-image-preview:large, max-video-preview:-1\" \/>\n<link rel=\"canonical\" href=\"https:\/\/whatthefrance.org\/fr\/bertrand-burgalat-nouvel-album-et-playlist-exclusive-pour-what-the-france\/\" \/>\n<meta property=\"og:locale\" content=\"fr_FR\" \/>\n<meta property=\"og:type\" content=\"article\" \/>\n<meta property=\"og:title\" content=\"Bertrand Burgalat | Nouvel album et playlist exclusive pour What The France ! - What the France\" \/>\n<meta property=\"og:description\" content=\"R\u00e9cemment compar\u00e9 par le Times \u00e0 \u00ab\u00a0un Phil Spector fran\u00e7ais, les tendances meurtri\u00e8res en moins\u00a0\u00bb,\u00a0Bertrand Burgalat est un musicien, compositeur et producteur fran\u00e7ais, actif depuis 1987. Huit ans plus tard, il fonde son propre label, baptis\u00e9 Tricatel, enti\u00e8rement consacr\u00e9e aux artistes inclassables, aux projets hors-normes et \u00e0 des compositeurs comme Andr\u00e9 Popp et David Whitaker. [&hellip;]\" \/>\n<meta property=\"og:url\" content=\"https:\/\/whatthefrance.org\/fr\/bertrand-burgalat-nouvel-album-et-playlist-exclusive-pour-what-the-france\/\" \/>\n<meta property=\"og:site_name\" content=\"What the France\" \/>\n<meta property=\"article:published_time\" content=\"2021-07-20T08:00:14+00:00\" \/>\n<meta property=\"article:modified_time\" content=\"2021-07-20T10:20:03+00:00\" \/>\n<meta property=\"og:image\" content=\"https:\/\/whatthefrance.org\/wp-content\/uploads\/2021\/07\/bertrand_burgalat-_what_the_france.png\" \/>\n\t<meta property=\"og:image:width\" content=\"1084\" \/>\n\t<meta property=\"og:image:height\" content=\"452\" \/>\n<meta name=\"author\" content=\"Marie-Sophie Administrateur\" \/>\n<meta name=\"twitter:card\" content=\"summary_large_image\" \/>\n<meta name=\"twitter:label1\" content=\"\u00c9crit par\" \/>\n\t<meta name=\"twitter:data1\" content=\"Marie-Sophie Administrateur\" \/>\n\t<meta name=\"twitter:label2\" content=\"Dur\u00e9e de lecture estim\u00e9e\" \/>\n\t<meta name=\"twitter:data2\" content=\"2 minutes\" \/>\n<script type=\"application\/ld+json\" class=\"yoast-schema-graph\">{\"@context\":\"https:\\\/\\\/schema.org\",\"@graph\":[{\"@type\":\"Article\",\"@id\":\"https:\\\/\\\/whatthefrance.org\\\/fr\\\/bertrand-burgalat-nouvel-album-et-playlist-exclusive-pour-what-the-france\\\/#article\",\"isPartOf\":{\"@id\":\"https:\\\/\\\/whatthefrance.org\\\/fr\\\/bertrand-burgalat-nouvel-album-et-playlist-exclusive-pour-what-the-france\\\/\"},\"author\":{\"name\":\"Marie-Sophie Administrateur\",\"@id\":\"https:\\\/\\\/whatthefrance.org\\\/fr\\\/#\\\/schema\\\/person\\\/3b7ea6fb70b536503b3e8c909c564a81\"},\"headline\":\"Bertrand Burgalat | Nouvel album et playlist exclusive pour What The France !\",\"datePublished\":\"2021-07-20T08:00:14+00:00\",\"dateModified\":\"2021-07-20T10:20:03+00:00\",\"mainEntityOfPage\":{\"@id\":\"https:\\\/\\\/whatthefrance.org\\\/fr\\\/bertrand-burgalat-nouvel-album-et-playlist-exclusive-pour-what-the-france\\\/\"},\"wordCount\":383,\"publisher\":{\"@id\":\"https:\\\/\\\/whatthefrance.org\\\/fr\\\/#organization\"},\"keywords\":[\"Chanson\",\"Pop\",\"Rock\"],\"articleSection\":[\"Playlist\"],\"inLanguage\":\"fr-FR\"},{\"@type\":\"WebPage\",\"@id\":\"https:\\\/\\\/whatthefrance.org\\\/fr\\\/bertrand-burgalat-nouvel-album-et-playlist-exclusive-pour-what-the-france\\\/\",\"url\":\"https:\\\/\\\/whatthefrance.org\\\/fr\\\/bertrand-burgalat-nouvel-album-et-playlist-exclusive-pour-what-the-france\\\/\",\"name\":\"Bertrand Burgalat | Nouvel album et playlist exclusive pour What The France ! - What the France\",\"isPartOf\":{\"@id\":\"https:\\\/\\\/whatthefrance.org\\\/fr\\\/#website\"},\"datePublished\":\"2021-07-20T08:00:14+00:00\",\"dateModified\":\"2021-07-20T10:20:03+00:00\",\"breadcrumb\":{\"@id\":\"https:\\\/\\\/whatthefrance.org\\\/fr\\\/bertrand-burgalat-nouvel-album-et-playlist-exclusive-pour-what-the-france\\\/#breadcrumb\"},\"inLanguage\":\"fr-FR\",\"potentialAction\":[{\"@type\":\"ReadAction\",\"target\":[\"https:\\\/\\\/whatthefrance.org\\\/fr\\\/bertrand-burgalat-nouvel-album-et-playlist-exclusive-pour-what-the-france\\\/\"]}]},{\"@type\":\"BreadcrumbList\",\"@id\":\"https:\\\/\\\/whatthefrance.org\\\/fr\\\/bertrand-burgalat-nouvel-album-et-playlist-exclusive-pour-what-the-france\\\/#breadcrumb\",\"itemListElement\":[{\"@type\":\"ListItem\",\"position\":1,\"name\":\"Home\",\"item\":\"https:\\\/\\\/whatthefrance.org\\\/fr\\\/\"},{\"@type\":\"ListItem\",\"position\":2,\"name\":\"Bertrand Burgalat | Nouvel album et playlist exclusive pour What The France !\"}]},{\"@type\":\"WebSite\",\"@id\":\"https:\\\/\\\/whatthefrance.org\\\/fr\\\/#website\",\"url\":\"https:\\\/\\\/whatthefrance.org\\\/fr\\\/\",\"name\":\"What the France\",\"description\":\"The finest music made in France !\",\"publisher\":{\"@id\":\"https:\\\/\\\/whatthefrance.org\\\/fr\\\/#organization\"},\"potentialAction\":[{\"@type\":\"SearchAction\",\"target\":{\"@type\":\"EntryPoint\",\"urlTemplate\":\"https:\\\/\\\/whatthefrance.org\\\/fr\\\/?s={search_term_string}\"},\"query-input\":{\"@type\":\"PropertyValueSpecification\",\"valueRequired\":true,\"valueName\":\"search_term_string\"}}],\"inLanguage\":\"fr-FR\"},{\"@type\":\"Organization\",\"@id\":\"https:\\\/\\\/whatthefrance.org\\\/fr\\\/#organization\",\"name\":\"What The France\",\"url\":\"https:\\\/\\\/whatthefrance.org\\\/fr\\\/\",\"logo\":{\"@type\":\"ImageObject\",\"inLanguage\":\"fr-FR\",\"@id\":\"https:\\\/\\\/whatthefrance.org\\\/fr\\\/#\\\/schema\\\/logo\\\/image\\\/\",\"url\":\"https:\\\/\\\/whatthefrance.org\\\/wp-content\\\/uploads\\\/2019\\\/12\\\/44688719_2251580388408837_694180218134331392_n-e1577679609190.png\",\"contentUrl\":\"https:\\\/\\\/whatthefrance.org\\\/wp-content\\\/uploads\\\/2019\\\/12\\\/44688719_2251580388408837_694180218134331392_n-e1577679609190.png\",\"width\":200,\"height\":200,\"caption\":\"What The France\"},\"image\":{\"@id\":\"https:\\\/\\\/whatthefrance.org\\\/fr\\\/#\\\/schema\\\/logo\\\/image\\\/\"}},{\"@type\":\"Person\",\"@id\":\"https:\\\/\\\/whatthefrance.org\\\/fr\\\/#\\\/schema\\\/person\\\/3b7ea6fb70b536503b3e8c909c564a81\",\"name\":\"Marie-Sophie Administrateur\",\"image\":{\"@type\":\"ImageObject\",\"inLanguage\":\"fr-FR\",\"@id\":\"https:\\\/\\\/secure.gravatar.com\\\/avatar\\\/d57e4552c73c8713409cd3c2de53bdb5d220ebdd76dc7ba351b2dbae89f5afa9?s=96&d=mm&r=g\",\"url\":\"https:\\\/\\\/secure.gravatar.com\\\/avatar\\\/d57e4552c73c8713409cd3c2de53bdb5d220ebdd76dc7ba351b2dbae89f5afa9?s=96&d=mm&r=g\",\"contentUrl\":\"https:\\\/\\\/secure.gravatar.com\\\/avatar\\\/d57e4552c73c8713409cd3c2de53bdb5d220ebdd76dc7ba351b2dbae89f5afa9?s=96&d=mm&r=g\",\"caption\":\"Marie-Sophie Administrateur\"}}]}<\/script>\n<!-- \/ Yoast SEO plugin. -->","yoast_head_json":{"title":"Bertrand Burgalat | Nouvel album et playlist exclusive pour What The France ! - What the France","robots":{"index":"index","follow":"follow","max-snippet":"max-snippet:-1","max-image-preview":"max-image-preview:large","max-video-preview":"max-video-preview:-1"},"canonical":"https:\/\/whatthefrance.org\/fr\/bertrand-burgalat-nouvel-album-et-playlist-exclusive-pour-what-the-france\/","og_locale":"fr_FR","og_type":"article","og_title":"Bertrand Burgalat | Nouvel album et playlist exclusive pour What The France ! - What the France","og_description":"R\u00e9cemment compar\u00e9 par le Times \u00e0 \u00ab\u00a0un Phil Spector fran\u00e7ais, les tendances meurtri\u00e8res en moins\u00a0\u00bb,\u00a0Bertrand Burgalat est un musicien, compositeur et producteur fran\u00e7ais, actif depuis 1987. Huit ans plus tard, il fonde son propre label, baptis\u00e9 Tricatel, enti\u00e8rement consacr\u00e9e aux artistes inclassables, aux projets hors-normes et \u00e0 des compositeurs comme Andr\u00e9 Popp et David Whitaker. [&hellip;]","og_url":"https:\/\/whatthefrance.org\/fr\/bertrand-burgalat-nouvel-album-et-playlist-exclusive-pour-what-the-france\/","og_site_name":"What the France","article_published_time":"2021-07-20T08:00:14+00:00","article_modified_time":"2021-07-20T10:20:03+00:00","og_image":[{"url":"https:\/\/whatthefrance.org\/wp-content\/uploads\/2021\/07\/bertrand_burgalat-_what_the_france.png","height":452,"width":1084,"type":""}],"author":"Marie-Sophie Administrateur","twitter_card":"summary_large_image","twitter_misc":{"\u00c9crit par":"Marie-Sophie Administrateur","Dur\u00e9e de lecture estim\u00e9e":"2 minutes"},"schema":{"@context":"https:\/\/schema.org","@graph":[{"@type":"Article","@id":"https:\/\/whatthefrance.org\/fr\/bertrand-burgalat-nouvel-album-et-playlist-exclusive-pour-what-the-france\/#article","isPartOf":{"@id":"https:\/\/whatthefrance.org\/fr\/bertrand-burgalat-nouvel-album-et-playlist-exclusive-pour-what-the-france\/"},"author":{"name":"Marie-Sophie Administrateur","@id":"https:\/\/whatthefrance.org\/fr\/#\/schema\/person\/3b7ea6fb70b536503b3e8c909c564a81"},"headline":"Bertrand Burgalat | Nouvel album et playlist exclusive pour What The France !","datePublished":"2021-07-20T08:00:14+00:00","dateModified":"2021-07-20T10:20:03+00:00","mainEntityOfPage":{"@id":"https:\/\/whatthefrance.org\/fr\/bertrand-burgalat-nouvel-album-et-playlist-exclusive-pour-what-the-france\/"},"wordCount":383,"publisher":{"@id":"https:\/\/whatthefrance.org\/fr\/#organization"},"keywords":["Chanson","Pop","Rock"],"articleSection":["Playlist"],"inLanguage":"fr-FR"},{"@type":"WebPage","@id":"https:\/\/whatthefrance.org\/fr\/bertrand-burgalat-nouvel-album-et-playlist-exclusive-pour-what-the-france\/","url":"https:\/\/whatthefrance.org\/fr\/bertrand-burgalat-nouvel-album-et-playlist-exclusive-pour-what-the-france\/","name":"Bertrand Burgalat | Nouvel album et playlist exclusive pour What The France ! - What the France","isPartOf":{"@id":"https:\/\/whatthefrance.org\/fr\/#website"},"datePublished":"2021-07-20T08:00:14+00:00","dateModified":"2021-07-20T10:20:03+00:00","breadcrumb":{"@id":"https:\/\/whatthefrance.org\/fr\/bertrand-burgalat-nouvel-album-et-playlist-exclusive-pour-what-the-france\/#breadcrumb"},"inLanguage":"fr-FR","potentialAction":[{"@type":"ReadAction","target":["https:\/\/whatthefrance.org\/fr\/bertrand-burgalat-nouvel-album-et-playlist-exclusive-pour-what-the-france\/"]}]},{"@type":"BreadcrumbList","@id":"https:\/\/whatthefrance.org\/fr\/bertrand-burgalat-nouvel-album-et-playlist-exclusive-pour-what-the-france\/#breadcrumb","itemListElement":[{"@type":"ListItem","position":1,"name":"Home","item":"https:\/\/whatthefrance.org\/fr\/"},{"@type":"ListItem","position":2,"name":"Bertrand Burgalat | Nouvel album et playlist exclusive pour What The France !"}]},{"@type":"WebSite","@id":"https:\/\/whatthefrance.org\/fr\/#website","url":"https:\/\/whatthefrance.org\/fr\/","name":"What the France","description":"The finest music made in France !","publisher":{"@id":"https:\/\/whatthefrance.org\/fr\/#organization"},"potentialAction":[{"@type":"SearchAction","target":{"@type":"EntryPoint","urlTemplate":"https:\/\/whatthefrance.org\/fr\/?s={search_term_string}"},"query-input":{"@type":"PropertyValueSpecification","valueRequired":true,"valueName":"search_term_string"}}],"inLanguage":"fr-FR"},{"@type":"Organization","@id":"https:\/\/whatthefrance.org\/fr\/#organization","name":"What The France","url":"https:\/\/whatthefrance.org\/fr\/","logo":{"@type":"ImageObject","inLanguage":"fr-FR","@id":"https:\/\/whatthefrance.org\/fr\/#\/schema\/logo\/image\/","url":"https:\/\/whatthefrance.org\/wp-content\/uploads\/2019\/12\/44688719_2251580388408837_694180218134331392_n-e1577679609190.png","contentUrl":"https:\/\/whatthefrance.org\/wp-content\/uploads\/2019\/12\/44688719_2251580388408837_694180218134331392_n-e1577679609190.png","width":200,"height":200,"caption":"What The France"},"image":{"@id":"https:\/\/whatthefrance.org\/fr\/#\/schema\/logo\/image\/"}},{"@type":"Person","@id":"https:\/\/whatthefrance.org\/fr\/#\/schema\/person\/3b7ea6fb70b536503b3e8c909c564a81","name":"Marie-Sophie Administrateur","image":{"@type":"ImageObject","inLanguage":"fr-FR","@id":"https:\/\/secure.gravatar.com\/avatar\/d57e4552c73c8713409cd3c2de53bdb5d220ebdd76dc7ba351b2dbae89f5afa9?s=96&d=mm&r=g","url":"https:\/\/secure.gravatar.com\/avatar\/d57e4552c73c8713409cd3c2de53bdb5d220ebdd76dc7ba351b2dbae89f5afa9?s=96&d=mm&r=g","contentUrl":"https:\/\/secure.gravatar.com\/avatar\/d57e4552c73c8713409cd3c2de53bdb5d220ebdd76dc7ba351b2dbae89f5afa9?s=96&d=mm&r=g","caption":"Marie-Sophie Administrateur"}}]}},"_links":{"self":[{"href":"https:\/\/whatthefrance.org\/fr\/wp-json\/wp\/v2\/posts\/30142","targetHints":{"allow":["GET"]}}],"collection":[{"href":"https:\/\/whatthefrance.org\/fr\/wp-json\/wp\/v2\/posts"}],"about":[{"href":"https:\/\/whatthefrance.org\/fr\/wp-json\/wp\/v2\/types\/post"}],"author":[{"embeddable":true,"href":"https:\/\/whatthefrance.org\/fr\/wp-json\/wp\/v2\/users\/6"}],"replies":[{"embeddable":true,"href":"https:\/\/whatthefrance.org\/fr\/wp-json\/wp\/v2\/comments?post=30142"}],"version-history":[{"count":6,"href":"https:\/\/whatthefrance.org\/fr\/wp-json\/wp\/v2\/posts\/30142\/revisions"}],"predecessor-version":[{"id":30443,"href":"https:\/\/whatthefrance.org\/fr\/wp-json\/wp\/v2\/posts\/30142\/revisions\/30443"}],"wp:attachment":[{"href":"https:\/\/whatthefrance.org\/fr\/wp-json\/wp\/v2\/media?parent=30142"}],"wp:term":[{"taxonomy":"category","embeddable":true,"href":"https:\/\/whatthefrance.org\/fr\/wp-json\/wp\/v2\/categories?post=30142"},{"taxonomy":"post_tag","embeddable":true,"href":"https:\/\/whatthefrance.org\/fr\/wp-json\/wp\/v2\/tags?post=30142"}],"curies":[{"name":"wp","href":"https:\/\/api.w.org\/{rel}","templated":true}]}}