{"id":31555,"date":"2021-09-01T17:16:21","date_gmt":"2021-09-01T15:16:21","guid":{"rendered":"https:\/\/whatthefrance.org\/?p=31555"},"modified":"2021-09-01T17:17:49","modified_gmt":"2021-09-01T15:17:49","slug":"festival-mil-2021-l-a-lisbonne-du-15-au-17-septembre-2021","status":"publish","type":"post","link":"https:\/\/whatthefrance.org\/fr\/festival-mil-2021-l-a-lisbonne-du-15-au-17-septembre-2021\/","title":{"rendered":"Festival MIL 2021 l  Artistes \u00ab\u00a0made in France\u00a0\u00bb, Lisbonne du 15 au 17 septembre 2021"},"content":{"rendered":"<p><span class=\"em-orange\">Organis\u00e9 \u00e0 Lisbonne dans la zone du Hub Criativo do Beato, le<strong><a href=\"https:\/\/millisboa.com\/mil\/\" target=\"_blank\" rel=\"noopener\"> MIL \u2013 Lisbon International Music Network \u2013\u00a0 2021<\/a> <\/strong>est un festival d\u00e9di\u00e9 \u00e0 la d\u00e9couverte et \u00e0 la promotion \u00e0 l\u2019international des artistes \u00e9mergents. L\u2019\u00e9v\u00e9nement propose pendant 3 jours des concerts, conf\u00e9rences, d\u00e9bats, speed-meetings, et masterclasses.<\/span><\/p>\n<p>Cette ann\u00e9e l\u2019\u00e9v\u00e9nement aura lieu dans le Hub Criativo do Beato, un centre d\u2019innovation ouvert \u00e0 la cr\u00e9ativit\u00e9 r\u00e9cemment cr\u00e9e dans un ancien complexe industriel, pr\u00e8s de l\u2019estuaire du Tage. Aujourd&rsquo;hui, ce lieu fait l&rsquo;objet de profonds travaux de r\u00e9habilitation pour accueillir plus de 3 000 personnes du monde entier qui veulent produire de l&rsquo;innovation (individus, entreprises, start-ups, \u2026)<\/p>\n<p>Longtemps mal connue, la sc\u00e8ne musicale portugaise semble se professionnaliser et se r\u00e9g\u00e9n\u00e9rer, d\u2019autant qu\u2019elle est irrigu\u00e9e par quantit\u00e9 d\u2019artistes lusophones venus du Br\u00e9sil ou d\u2019anciennes colonies africaines (Mozambique, Angola, Cap-Vert, Guin\u00e9e-Bissau) pour qui le Portugal demeure la porte d\u2019acc\u00e8s naturelle \u00e0 l\u2019Europe.<\/p>\n<p>\u00c0 la fois festival et plateforme de rencontres professionnelles internationales, le MIL anticipe les tendances futures, investit dans des artistes qui \u00e9chappent aux formules commerciales pr\u00e9\u00e9tablies, et provoque le d\u00e9bat sur toutes les questions qui d\u00e9terminent l&rsquo;avenir de la musique et de la culture. Pendant 3 jours, Lisbonne devient le point de rencontre de centaines d&rsquo;artistes et de professionnels de la musique et de la culture du monde entier pour un programme de concerts, de formations, de d\u00e9bats et de diverses opportunit\u00e9s d&rsquo;affaires et d&rsquo;\u00e9changes.<\/p>\n<p><iframe loading=\"lazy\" title=\"MIL Lisboa - promo 2021\" width=\"500\" height=\"281\" src=\"https:\/\/www.youtube.com\/embed\/nmuCJRNwYIY?start=79&#038;feature=oembed\" frameborder=\"0\" allow=\"accelerometer; autoplay; clipboard-write; encrypted-media; gyroscope; picture-in-picture; web-share\" referrerpolicy=\"strict-origin-when-cross-origin\" allowfullscreen><\/iframe><\/p>\n<p>&nbsp;<\/p>\n<p>Le festival, ouvert au grand public, accueille de nouveau cette ann\u00e9e de nombreux artistes fran\u00e7ais. L\u2019occasion de d\u00e9couvrir une nouvelle sc\u00e8ne fran\u00e7aise, cr\u00e9ative et en constante \u00e9volution.<\/p>\n<p>Lors de cette \u00e9dition, se produiront :<\/p>\n<p><a href=\"https:\/\/m.facebook.com\/BabySolo33\/?ref=page_internal&amp;mt_nav=0\">BabySolo33<\/a><\/p>\n<p><a href=\"https:\/\/www.facebook.com\/hadizeidanFB\">Hadi Zeidan <\/a><\/p>\n<p><a href=\"https:\/\/www.facebook.com\/orangedream.band\/\">Orange Dream <\/a><\/p>\n<p><a href=\"https:\/\/www.facebook.com\/YottaNewtonRap\">YN (YOTTA NEWTON)<\/a><\/p>\n<p><a href=\"https:\/\/www.facebook.com\/iamyndi\">YNDI<\/a><\/p>\n<p>D\u00e9couvrez le programme du Festival ici\u00a0: <a href=\"https:\/\/millisboa.com\/mil\/programme\/\">https:\/\/millisboa.com\/mil\/programme\/<\/a><\/p>\n<p>line-up: <a href=\"https:\/\/millisboa.com\/mil\/full-artistic-line-up-revealed\/\">https:\/\/millisboa.com\/mil\/full-artistic-line-up-revealed\/<\/a><\/p>\n<p>Le d\u00e9tail des dates de la programmation des concerts sera bient\u00f4t disponible ici : <a href=\"https:\/\/millisboa.com\/mil\/lineup\/\">https:\/\/millisboa.com\/mil\/lineup\/<\/a><\/p>\n<div class=\"playListBloc singleBloc\"><div class=\"playListBloc-wrap\">    <div class=\"thumbnail\"><img data-src=\"https:\/\/whatthefrance.org\/wp-content\/uploads\/2018\/11\/TEMPLATE-POCHETTE-GENRE-pop-Louane-254x254.jpg\" class=\"lazyload\" alt=\"TEMPLATE POCHETTE GENRE &#8211; pop &#8211; Louane\" \/>    <\/div>    <div class=\"infos\">        <span class=\"tag\">Genres<\/span>        <h2>Pop The Champagne<\/h2>        <span class=\"separator\"><\/span>       <span class=\"desc\">Listen to the latest pop music hits made in France.<\/span><div class=\"share flex flexAlignCenter \">\t<span class=\"label\">Partager<\/span>\t<a href=\"https:\/\/www.facebook.com\/sharer\/sharer.php?u=https:\/\/whatthefrance.org\/fr\/playlists\/pop-the-champagne\/\" class=\"facebook\" target=\"_blank\" rel=\"noreferrer\">Facebook<\/a>\t<a href=\"https:\/\/twitter.com\/intent\/tweet?url=https:\/\/whatthefrance.org\/fr\/playlists\/pop-the-champagne\/&text=Pop+The+Champagne&hashtags=WTF\" class=\"twitter\" target=\"_blank\" rel=\"noreferrer\">Twitter<\/a>\t<a href=\"mailto:?subject=What%20the%20France%20%3A%20Pop%20The%20Champagne&body=https:\/\/whatthefrance.org\/fr\/playlists\/pop-the-champagne\/\" class=\"mail\" target=\"_blank\" rel=\"noreferrer\">Email<\/a><\/div>        <a href=\"#\" class=\"btn btnPlaylist orange playlist-click\" data-id=\"910\">            <svg version=\"1.1\" x=\"0px\" y=\"0px\" width=\"40px\" height=\"40px\" viewBox=\"0 0 213.7 213.7\" enable-background=\"new 0 0 213.7 213.7\" xml:space=\"preserve\">                <polygon class=\"triangle\" fill=\"none\" stroke-width=\"10\" stroke-linecap=\"round\" stroke-linejoin=\"round\" stroke-miterlimit=\"10\" points=\"\n            73.5,62.5 148.5,105.8 73.5,149.1 \"\/>                <circle class=\"circle\" fill=\"none\"  stroke-width=\"8\" stroke-linecap=\"round\" stroke-linejoin=\"round\" stroke-miterlimit=\"10\" cx=\"106.8\" cy=\"106.8\" r=\"103.3\"\/>                <circle class=\"circle-white\" fill=\"none\"  stroke-width=\"8\" stroke-linecap=\"round\" stroke-linejoin=\"round\" stroke-miterlimit=\"10\" cx=\"106.8\" cy=\"106.8\" r=\"103.3\"\/>            <\/svg>Ecouter        <\/a>    <\/div>  <\/div><\/div>\n","protected":false},"excerpt":{"rendered":"<p>Organis\u00e9 \u00e0 Lisbonne dans la zone du Hub Criativo do Beato, le MIL \u2013 Lisbon International Music Network \u2013\u00a0 2021 est un festival d\u00e9di\u00e9 \u00e0 la d\u00e9couverte et \u00e0 la promotion \u00e0 l\u2019international des artistes \u00e9mergents. L\u2019\u00e9v\u00e9nement propose pendant 3 jours des concerts, conf\u00e9rences, d\u00e9bats, speed-meetings, et masterclasses. Cette ann\u00e9e l\u2019\u00e9v\u00e9nement aura lieu dans le [&hellip;]<\/p>\n","protected":false},"author":42,"featured_media":0,"comment_status":"closed","ping_status":"closed","sticky":false,"template":"","format":"standard","meta":{"_acf_changed":false,"footnotes":""},"categories":[213],"tags":[303,302],"class_list":["post-31555","post","type-post","status-publish","format-standard","hentry","category-event-fr","tag-alternative-fr","tag-hip-hop-fr"],"acf":[],"yoast_head":"<!-- This site is optimized with the Yoast SEO plugin v27.3 - https:\/\/yoast.com\/product\/yoast-seo-wordpress\/ -->\n<title>Festival MIL 2021 l Artistes &quot;made in France&quot;, Lisbonne du 15 au 17 septembre 2021 - What the France<\/title>\n<meta name=\"robots\" content=\"index, follow, max-snippet:-1, max-image-preview:large, max-video-preview:-1\" \/>\n<link rel=\"canonical\" href=\"https:\/\/whatthefrance.org\/fr\/festival-mil-2021-l-a-lisbonne-du-15-au-17-septembre-2021\/\" \/>\n<meta property=\"og:locale\" content=\"fr_FR\" \/>\n<meta property=\"og:type\" content=\"article\" \/>\n<meta property=\"og:title\" content=\"Festival MIL 2021 l Artistes &quot;made in France&quot;, Lisbonne du 15 au 17 septembre 2021 - What the France\" \/>\n<meta property=\"og:description\" content=\"Organis\u00e9 \u00e0 Lisbonne dans la zone du Hub Criativo do Beato, le MIL \u2013 Lisbon International Music Network \u2013\u00a0 2021 est un festival d\u00e9di\u00e9 \u00e0 la d\u00e9couverte et \u00e0 la promotion \u00e0 l\u2019international des artistes \u00e9mergents. L\u2019\u00e9v\u00e9nement propose pendant 3 jours des concerts, conf\u00e9rences, d\u00e9bats, speed-meetings, et masterclasses. Cette ann\u00e9e l\u2019\u00e9v\u00e9nement aura lieu dans le [&hellip;]\" \/>\n<meta property=\"og:url\" content=\"https:\/\/whatthefrance.org\/fr\/festival-mil-2021-l-a-lisbonne-du-15-au-17-septembre-2021\/\" \/>\n<meta property=\"og:site_name\" content=\"What the France\" \/>\n<meta property=\"article:published_time\" content=\"2021-09-01T15:16:21+00:00\" \/>\n<meta property=\"article:modified_time\" content=\"2021-09-01T15:17:49+00:00\" \/>\n<meta property=\"og:image\" content=\"https:\/\/whatthefrance.org\/wp-content\/uploads\/2021\/09\/MIL-Lisboa2021.png\" \/>\n\t<meta property=\"og:image:width\" content=\"1084\" \/>\n\t<meta property=\"og:image:height\" content=\"452\" \/>\n<meta name=\"author\" content=\"Brieuc Tanguy-Guermeur\" \/>\n<meta name=\"twitter:card\" content=\"summary_large_image\" \/>\n<meta name=\"twitter:label1\" content=\"\u00c9crit par\" \/>\n\t<meta name=\"twitter:data1\" content=\"Brieuc Tanguy-Guermeur\" \/>\n\t<meta name=\"twitter:label2\" content=\"Dur\u00e9e de lecture estim\u00e9e\" \/>\n\t<meta name=\"twitter:data2\" content=\"2 minutes\" \/>\n<script type=\"application\/ld+json\" class=\"yoast-schema-graph\">{\"@context\":\"https:\\\/\\\/schema.org\",\"@graph\":[{\"@type\":\"Article\",\"@id\":\"https:\\\/\\\/whatthefrance.org\\\/fr\\\/festival-mil-2021-l-a-lisbonne-du-15-au-17-septembre-2021\\\/#article\",\"isPartOf\":{\"@id\":\"https:\\\/\\\/whatthefrance.org\\\/fr\\\/festival-mil-2021-l-a-lisbonne-du-15-au-17-septembre-2021\\\/\"},\"author\":{\"name\":\"Brieuc Tanguy-Guermeur\",\"@id\":\"https:\\\/\\\/whatthefrance.org\\\/fr\\\/#\\\/schema\\\/person\\\/62a7f2b662f166b3d48da99e68eb052f\"},\"headline\":\"Festival MIL 2021 l Artistes \u00ab\u00a0made in France\u00a0\u00bb, Lisbonne du 15 au 17 septembre 2021\",\"datePublished\":\"2021-09-01T15:16:21+00:00\",\"dateModified\":\"2021-09-01T15:17:49+00:00\",\"mainEntityOfPage\":{\"@id\":\"https:\\\/\\\/whatthefrance.org\\\/fr\\\/festival-mil-2021-l-a-lisbonne-du-15-au-17-septembre-2021\\\/\"},\"wordCount\":374,\"publisher\":{\"@id\":\"https:\\\/\\\/whatthefrance.org\\\/fr\\\/#organization\"},\"keywords\":[\"Alternative\",\"Hip-Hop\"],\"articleSection\":[\"Event\"],\"inLanguage\":\"fr-FR\"},{\"@type\":\"WebPage\",\"@id\":\"https:\\\/\\\/whatthefrance.org\\\/fr\\\/festival-mil-2021-l-a-lisbonne-du-15-au-17-septembre-2021\\\/\",\"url\":\"https:\\\/\\\/whatthefrance.org\\\/fr\\\/festival-mil-2021-l-a-lisbonne-du-15-au-17-septembre-2021\\\/\",\"name\":\"Festival MIL 2021 l Artistes \\\"made in France\\\", Lisbonne du 15 au 17 septembre 2021 - What the France\",\"isPartOf\":{\"@id\":\"https:\\\/\\\/whatthefrance.org\\\/fr\\\/#website\"},\"datePublished\":\"2021-09-01T15:16:21+00:00\",\"dateModified\":\"2021-09-01T15:17:49+00:00\",\"breadcrumb\":{\"@id\":\"https:\\\/\\\/whatthefrance.org\\\/fr\\\/festival-mil-2021-l-a-lisbonne-du-15-au-17-septembre-2021\\\/#breadcrumb\"},\"inLanguage\":\"fr-FR\",\"potentialAction\":[{\"@type\":\"ReadAction\",\"target\":[\"https:\\\/\\\/whatthefrance.org\\\/fr\\\/festival-mil-2021-l-a-lisbonne-du-15-au-17-septembre-2021\\\/\"]}]},{\"@type\":\"BreadcrumbList\",\"@id\":\"https:\\\/\\\/whatthefrance.org\\\/fr\\\/festival-mil-2021-l-a-lisbonne-du-15-au-17-septembre-2021\\\/#breadcrumb\",\"itemListElement\":[{\"@type\":\"ListItem\",\"position\":1,\"name\":\"Home\",\"item\":\"https:\\\/\\\/whatthefrance.org\\\/fr\\\/\"},{\"@type\":\"ListItem\",\"position\":2,\"name\":\"Festival MIL 2021 l Artistes \u00ab\u00a0made in France\u00a0\u00bb, Lisbonne du 15 au 17 septembre 2021\"}]},{\"@type\":\"WebSite\",\"@id\":\"https:\\\/\\\/whatthefrance.org\\\/fr\\\/#website\",\"url\":\"https:\\\/\\\/whatthefrance.org\\\/fr\\\/\",\"name\":\"What the France\",\"description\":\"The finest music made in France !\",\"publisher\":{\"@id\":\"https:\\\/\\\/whatthefrance.org\\\/fr\\\/#organization\"},\"potentialAction\":[{\"@type\":\"SearchAction\",\"target\":{\"@type\":\"EntryPoint\",\"urlTemplate\":\"https:\\\/\\\/whatthefrance.org\\\/fr\\\/?s={search_term_string}\"},\"query-input\":{\"@type\":\"PropertyValueSpecification\",\"valueRequired\":true,\"valueName\":\"search_term_string\"}}],\"inLanguage\":\"fr-FR\"},{\"@type\":\"Organization\",\"@id\":\"https:\\\/\\\/whatthefrance.org\\\/fr\\\/#organization\",\"name\":\"What The France\",\"url\":\"https:\\\/\\\/whatthefrance.org\\\/fr\\\/\",\"logo\":{\"@type\":\"ImageObject\",\"inLanguage\":\"fr-FR\",\"@id\":\"https:\\\/\\\/whatthefrance.org\\\/fr\\\/#\\\/schema\\\/logo\\\/image\\\/\",\"url\":\"https:\\\/\\\/whatthefrance.org\\\/wp-content\\\/uploads\\\/2019\\\/12\\\/44688719_2251580388408837_694180218134331392_n-e1577679609190.png\",\"contentUrl\":\"https:\\\/\\\/whatthefrance.org\\\/wp-content\\\/uploads\\\/2019\\\/12\\\/44688719_2251580388408837_694180218134331392_n-e1577679609190.png\",\"width\":200,\"height\":200,\"caption\":\"What The France\"},\"image\":{\"@id\":\"https:\\\/\\\/whatthefrance.org\\\/fr\\\/#\\\/schema\\\/logo\\\/image\\\/\"}},{\"@type\":\"Person\",\"@id\":\"https:\\\/\\\/whatthefrance.org\\\/fr\\\/#\\\/schema\\\/person\\\/62a7f2b662f166b3d48da99e68eb052f\",\"name\":\"Brieuc Tanguy-Guermeur\",\"image\":{\"@type\":\"ImageObject\",\"inLanguage\":\"fr-FR\",\"@id\":\"https:\\\/\\\/secure.gravatar.com\\\/avatar\\\/2a271e67f4a813c7f7aaadb85bef87c75ccd8403e6318b1540df795601a6a225?s=96&d=mm&r=g\",\"url\":\"https:\\\/\\\/secure.gravatar.com\\\/avatar\\\/2a271e67f4a813c7f7aaadb85bef87c75ccd8403e6318b1540df795601a6a225?s=96&d=mm&r=g\",\"contentUrl\":\"https:\\\/\\\/secure.gravatar.com\\\/avatar\\\/2a271e67f4a813c7f7aaadb85bef87c75ccd8403e6318b1540df795601a6a225?s=96&d=mm&r=g\",\"caption\":\"Brieuc Tanguy-Guermeur\"}}]}<\/script>\n<!-- \/ Yoast SEO plugin. -->","yoast_head_json":{"title":"Festival MIL 2021 l Artistes \"made in France\", Lisbonne du 15 au 17 septembre 2021 - What the France","robots":{"index":"index","follow":"follow","max-snippet":"max-snippet:-1","max-image-preview":"max-image-preview:large","max-video-preview":"max-video-preview:-1"},"canonical":"https:\/\/whatthefrance.org\/fr\/festival-mil-2021-l-a-lisbonne-du-15-au-17-septembre-2021\/","og_locale":"fr_FR","og_type":"article","og_title":"Festival MIL 2021 l Artistes \"made in France\", Lisbonne du 15 au 17 septembre 2021 - What the France","og_description":"Organis\u00e9 \u00e0 Lisbonne dans la zone du Hub Criativo do Beato, le MIL \u2013 Lisbon International Music Network \u2013\u00a0 2021 est un festival d\u00e9di\u00e9 \u00e0 la d\u00e9couverte et \u00e0 la promotion \u00e0 l\u2019international des artistes \u00e9mergents. L\u2019\u00e9v\u00e9nement propose pendant 3 jours des concerts, conf\u00e9rences, d\u00e9bats, speed-meetings, et masterclasses. Cette ann\u00e9e l\u2019\u00e9v\u00e9nement aura lieu dans le [&hellip;]","og_url":"https:\/\/whatthefrance.org\/fr\/festival-mil-2021-l-a-lisbonne-du-15-au-17-septembre-2021\/","og_site_name":"What the France","article_published_time":"2021-09-01T15:16:21+00:00","article_modified_time":"2021-09-01T15:17:49+00:00","og_image":[{"url":"https:\/\/whatthefrance.org\/wp-content\/uploads\/2021\/09\/MIL-Lisboa2021.png","height":452,"width":1084,"type":""}],"author":"Brieuc Tanguy-Guermeur","twitter_card":"summary_large_image","twitter_misc":{"\u00c9crit par":"Brieuc Tanguy-Guermeur","Dur\u00e9e de lecture estim\u00e9e":"2 minutes"},"schema":{"@context":"https:\/\/schema.org","@graph":[{"@type":"Article","@id":"https:\/\/whatthefrance.org\/fr\/festival-mil-2021-l-a-lisbonne-du-15-au-17-septembre-2021\/#article","isPartOf":{"@id":"https:\/\/whatthefrance.org\/fr\/festival-mil-2021-l-a-lisbonne-du-15-au-17-septembre-2021\/"},"author":{"name":"Brieuc Tanguy-Guermeur","@id":"https:\/\/whatthefrance.org\/fr\/#\/schema\/person\/62a7f2b662f166b3d48da99e68eb052f"},"headline":"Festival MIL 2021 l Artistes \u00ab\u00a0made in France\u00a0\u00bb, Lisbonne du 15 au 17 septembre 2021","datePublished":"2021-09-01T15:16:21+00:00","dateModified":"2021-09-01T15:17:49+00:00","mainEntityOfPage":{"@id":"https:\/\/whatthefrance.org\/fr\/festival-mil-2021-l-a-lisbonne-du-15-au-17-septembre-2021\/"},"wordCount":374,"publisher":{"@id":"https:\/\/whatthefrance.org\/fr\/#organization"},"keywords":["Alternative","Hip-Hop"],"articleSection":["Event"],"inLanguage":"fr-FR"},{"@type":"WebPage","@id":"https:\/\/whatthefrance.org\/fr\/festival-mil-2021-l-a-lisbonne-du-15-au-17-septembre-2021\/","url":"https:\/\/whatthefrance.org\/fr\/festival-mil-2021-l-a-lisbonne-du-15-au-17-septembre-2021\/","name":"Festival MIL 2021 l Artistes \"made in France\", Lisbonne du 15 au 17 septembre 2021 - What the France","isPartOf":{"@id":"https:\/\/whatthefrance.org\/fr\/#website"},"datePublished":"2021-09-01T15:16:21+00:00","dateModified":"2021-09-01T15:17:49+00:00","breadcrumb":{"@id":"https:\/\/whatthefrance.org\/fr\/festival-mil-2021-l-a-lisbonne-du-15-au-17-septembre-2021\/#breadcrumb"},"inLanguage":"fr-FR","potentialAction":[{"@type":"ReadAction","target":["https:\/\/whatthefrance.org\/fr\/festival-mil-2021-l-a-lisbonne-du-15-au-17-septembre-2021\/"]}]},{"@type":"BreadcrumbList","@id":"https:\/\/whatthefrance.org\/fr\/festival-mil-2021-l-a-lisbonne-du-15-au-17-septembre-2021\/#breadcrumb","itemListElement":[{"@type":"ListItem","position":1,"name":"Home","item":"https:\/\/whatthefrance.org\/fr\/"},{"@type":"ListItem","position":2,"name":"Festival MIL 2021 l Artistes \u00ab\u00a0made in France\u00a0\u00bb, Lisbonne du 15 au 17 septembre 2021"}]},{"@type":"WebSite","@id":"https:\/\/whatthefrance.org\/fr\/#website","url":"https:\/\/whatthefrance.org\/fr\/","name":"What the France","description":"The finest music made in France !","publisher":{"@id":"https:\/\/whatthefrance.org\/fr\/#organization"},"potentialAction":[{"@type":"SearchAction","target":{"@type":"EntryPoint","urlTemplate":"https:\/\/whatthefrance.org\/fr\/?s={search_term_string}"},"query-input":{"@type":"PropertyValueSpecification","valueRequired":true,"valueName":"search_term_string"}}],"inLanguage":"fr-FR"},{"@type":"Organization","@id":"https:\/\/whatthefrance.org\/fr\/#organization","name":"What The France","url":"https:\/\/whatthefrance.org\/fr\/","logo":{"@type":"ImageObject","inLanguage":"fr-FR","@id":"https:\/\/whatthefrance.org\/fr\/#\/schema\/logo\/image\/","url":"https:\/\/whatthefrance.org\/wp-content\/uploads\/2019\/12\/44688719_2251580388408837_694180218134331392_n-e1577679609190.png","contentUrl":"https:\/\/whatthefrance.org\/wp-content\/uploads\/2019\/12\/44688719_2251580388408837_694180218134331392_n-e1577679609190.png","width":200,"height":200,"caption":"What The France"},"image":{"@id":"https:\/\/whatthefrance.org\/fr\/#\/schema\/logo\/image\/"}},{"@type":"Person","@id":"https:\/\/whatthefrance.org\/fr\/#\/schema\/person\/62a7f2b662f166b3d48da99e68eb052f","name":"Brieuc Tanguy-Guermeur","image":{"@type":"ImageObject","inLanguage":"fr-FR","@id":"https:\/\/secure.gravatar.com\/avatar\/2a271e67f4a813c7f7aaadb85bef87c75ccd8403e6318b1540df795601a6a225?s=96&d=mm&r=g","url":"https:\/\/secure.gravatar.com\/avatar\/2a271e67f4a813c7f7aaadb85bef87c75ccd8403e6318b1540df795601a6a225?s=96&d=mm&r=g","contentUrl":"https:\/\/secure.gravatar.com\/avatar\/2a271e67f4a813c7f7aaadb85bef87c75ccd8403e6318b1540df795601a6a225?s=96&d=mm&r=g","caption":"Brieuc Tanguy-Guermeur"}}]}},"_links":{"self":[{"href":"https:\/\/whatthefrance.org\/fr\/wp-json\/wp\/v2\/posts\/31555","targetHints":{"allow":["GET"]}}],"collection":[{"href":"https:\/\/whatthefrance.org\/fr\/wp-json\/wp\/v2\/posts"}],"about":[{"href":"https:\/\/whatthefrance.org\/fr\/wp-json\/wp\/v2\/types\/post"}],"author":[{"embeddable":true,"href":"https:\/\/whatthefrance.org\/fr\/wp-json\/wp\/v2\/users\/42"}],"replies":[{"embeddable":true,"href":"https:\/\/whatthefrance.org\/fr\/wp-json\/wp\/v2\/comments?post=31555"}],"version-history":[{"count":2,"href":"https:\/\/whatthefrance.org\/fr\/wp-json\/wp\/v2\/posts\/31555\/revisions"}],"predecessor-version":[{"id":31557,"href":"https:\/\/whatthefrance.org\/fr\/wp-json\/wp\/v2\/posts\/31555\/revisions\/31557"}],"wp:attachment":[{"href":"https:\/\/whatthefrance.org\/fr\/wp-json\/wp\/v2\/media?parent=31555"}],"wp:term":[{"taxonomy":"category","embeddable":true,"href":"https:\/\/whatthefrance.org\/fr\/wp-json\/wp\/v2\/categories?post=31555"},{"taxonomy":"post_tag","embeddable":true,"href":"https:\/\/whatthefrance.org\/fr\/wp-json\/wp\/v2\/tags?post=31555"}],"curies":[{"name":"wp","href":"https:\/\/api.w.org\/{rel}","templated":true}]}}