{"id":34050,"date":"2021-10-28T10:00:35","date_gmt":"2021-10-28T08:00:35","guid":{"rendered":"https:\/\/whatthefrance.org\/?p=34050"},"modified":"2021-10-22T10:10:56","modified_gmt":"2021-10-22T08:10:56","slug":"yara-lapidus-un-single-au-profit-de-la-croix-rouge-libanaise","status":"publish","type":"post","link":"https:\/\/whatthefrance.org\/fr\/yara-lapidus-un-single-au-profit-de-la-croix-rouge-libanaise\/","title":{"rendered":"Yara Lapidus | Un single au profit de la Croix Rouge libanaise"},"content":{"rendered":"<p>L\u2019artiste franco-libanaise <strong><a href=\"https:\/\/www.instagram.com\/yara_lapidus\/?hl=fr\" target=\"_blank\" rel=\"noopener\">Yara Lapidus<\/a><\/strong> a d\u00e9voil\u00e9 le 24 septembre dernier son nouveau single, intitul\u00e9 \u00ab <strong>Oumi Ya Beyrouth<\/strong> \u00bb (traduction fran\u00e7aise\u00a0: \u00ab Rel\u00e8ve-toi Beyrouth \u00bb), dont le clip est r\u00e9alis\u00e9 par Nadim Tabet. Il s\u2019agit d\u2019un hommage, enregistr\u00e9 suite au drame de l&rsquo;explosion survenue le 4 ao\u00fbt 2020 dans la capitale libanaise. Ce morceau est le premier extrait de son troisi\u00e8me album, <em><strong>Back to colors<\/strong><\/em>, annonc\u00e9 pour le 21 janvier 2022 et r\u00e9alis\u00e9 par Jean-Louis Pi\u00e9rot, ancien membre du groupe les Valentins, qui a notamment collabor\u00e9 par le pass\u00e9 avec Jane Birkin, Etienne Daho ou Alain Bashung. L\u2019ensemble des b\u00e9n\u00e9fices g\u00e9n\u00e9r\u00e9s par \u00ab Oumi Ya Beyrouth \u00bb sera revers\u00e9 \u00e0 la Croix Rouge libanaise.<\/p>\n<p><iframe loading=\"lazy\" title=\"Yara Lapidus - OUMI YA BEYROUTH\" width=\"500\" height=\"281\" src=\"https:\/\/www.youtube.com\/embed\/89dGUWQ0Haw?feature=oembed\" frameborder=\"0\" allow=\"accelerometer; autoplay; clipboard-write; encrypted-media; gyroscope; picture-in-picture; web-share\" referrerpolicy=\"strict-origin-when-cross-origin\" allowfullscreen><\/iframe><\/p>\n<p>Auparavant, Yara Lapidus avait fait paraitre un premier album \u00e9ponyme en 2009, suivi de l\u2019opus <em><strong>Ind\u00e9finiment<\/strong><\/em>\u00a0en 2018, sur lequel figurait notamment des duos avec Iggy Pop, Chicho C\u00e9sar ou Adnan Joubran (du Trio Joubran). Ce deuxi\u00e8me disque a \u00e9t\u00e9 r\u00e9\u00e9dit\u00e9 l\u2019ann\u00e9e suivante en anglais aux Etats-Unis sous le titre \u00ab Just a dream away\u00bb et s\u2019est class\u00e9 N\u00b03 au Bilboard dans la cat\u00e9gorie \u00ab New Age \u00bb. Son pr\u00e9c\u00e9dent single, \u00ab How &#8211; Kif \u00bb (une adaptation en arabe du titre \u00ab How\u00a0?\u00bb de John Lennon, qui a \u00e9t\u00e9 la premi\u00e8re officiellement autoris\u00e9e para le Lennon Estate), dont la vid\u00e9o avait \u00e9t\u00e9 r\u00e9alis\u00e9e par Yann-Arthus Bertrand, avait cumul\u00e9 plus d\u2019un million de vues sur YouTube.<\/p>\n<p><iframe loading=\"lazy\" title=\"Yara Lapidus HOW KIF Arabic version of John Lennon song Humanity Our Planet  \u06a9\u06cc\u0641 \u06cc\u0627\u0631\u0627 \u0644\u067e\u06cc\u062f\u0648\u0633\" width=\"500\" height=\"281\" src=\"https:\/\/www.youtube.com\/embed\/N39m7GftYTg?feature=oembed\" frameborder=\"0\" allow=\"accelerometer; autoplay; clipboard-write; encrypted-media; gyroscope; picture-in-picture; web-share\" referrerpolicy=\"strict-origin-when-cross-origin\" allowfullscreen><\/iframe><\/p>\n<div class=\"playListBloc singleBloc\"><div class=\"playListBloc-wrap\">    <div class=\"thumbnail\"><img data-src=\"https:\/\/whatthefrance.org\/wp-content\/uploads\/2018\/11\/WTF-Pochettes_world_4-254x254.jpg\" class=\"lazyload\" alt=\"WTF&#8212;Pochettes_world_4\" \/>    <\/div>    <div class=\"infos\">        <span class=\"tag\">Genres<\/span>        <h2>Around The World<\/h2>        <span class=\"separator\"><\/span>       <span class=\"desc\">Explore the latest world music hits made in France. Follow us for weekly updates !<\/span><div class=\"share flex flexAlignCenter \">\t<span class=\"label\">Partager<\/span>\t<a href=\"https:\/\/www.facebook.com\/sharer\/sharer.php?u=https:\/\/whatthefrance.org\/fr\/playlists\/around-the-world\/\" class=\"facebook\" target=\"_blank\" rel=\"noreferrer\">Facebook<\/a>\t<a href=\"https:\/\/twitter.com\/intent\/tweet?url=https:\/\/whatthefrance.org\/fr\/playlists\/around-the-world\/&text=Around+The+World&hashtags=WTF\" class=\"twitter\" target=\"_blank\" rel=\"noreferrer\">Twitter<\/a>\t<a href=\"mailto:?subject=What%20the%20France%20%3A%20Around%20The%20World&body=https:\/\/whatthefrance.org\/fr\/playlists\/around-the-world\/\" class=\"mail\" target=\"_blank\" rel=\"noreferrer\">Email<\/a><\/div>        <a href=\"#\" class=\"btn btnPlaylist orange playlist-click\" data-id=\"841\">            <svg version=\"1.1\" x=\"0px\" y=\"0px\" width=\"40px\" height=\"40px\" viewBox=\"0 0 213.7 213.7\" enable-background=\"new 0 0 213.7 213.7\" xml:space=\"preserve\">                <polygon class=\"triangle\" fill=\"none\" stroke-width=\"10\" stroke-linecap=\"round\" stroke-linejoin=\"round\" stroke-miterlimit=\"10\" points=\"\n            73.5,62.5 148.5,105.8 73.5,149.1 \"\/>                <circle class=\"circle\" fill=\"none\"  stroke-width=\"8\" stroke-linecap=\"round\" stroke-linejoin=\"round\" stroke-miterlimit=\"10\" cx=\"106.8\" cy=\"106.8\" r=\"103.3\"\/>                <circle class=\"circle-white\" fill=\"none\"  stroke-width=\"8\" stroke-linecap=\"round\" stroke-linejoin=\"round\" stroke-miterlimit=\"10\" cx=\"106.8\" cy=\"106.8\" r=\"103.3\"\/>            <\/svg>Ecouter        <\/a>    <\/div>  <\/div><\/div>\n","protected":false},"excerpt":{"rendered":"<p>L\u2019artiste franco-libanaise Yara Lapidus a d\u00e9voil\u00e9 le 24 septembre dernier son nouveau single, intitul\u00e9 \u00ab Oumi Ya Beyrouth \u00bb (traduction fran\u00e7aise\u00a0: \u00ab Rel\u00e8ve-toi Beyrouth \u00bb), dont le clip est r\u00e9alis\u00e9 par Nadim Tabet. Il s\u2019agit d\u2019un hommage, enregistr\u00e9 suite au drame de l&rsquo;explosion survenue le 4 ao\u00fbt 2020 dans la capitale libanaise. Ce morceau est [&hellip;]<\/p>\n","protected":false},"author":6,"featured_media":0,"comment_status":"closed","ping_status":"closed","sticky":false,"template":"","format":"standard","meta":{"_acf_changed":false,"footnotes":""},"categories":[215],"tags":[361],"class_list":["post-34050","post","type-post","status-publish","format-standard","hentry","category-release-fr","tag-world-fr"],"acf":[],"yoast_head":"<!-- This site is optimized with the Yoast SEO plugin v27.3 - https:\/\/yoast.com\/product\/yoast-seo-wordpress\/ -->\n<title>Yara Lapidus | Un single au profit de la Croix Rouge libanaise - What the France<\/title>\n<meta name=\"robots\" content=\"index, follow, max-snippet:-1, max-image-preview:large, max-video-preview:-1\" \/>\n<link rel=\"canonical\" href=\"https:\/\/whatthefrance.org\/fr\/yara-lapidus-un-single-au-profit-de-la-croix-rouge-libanaise\/\" \/>\n<meta property=\"og:locale\" content=\"fr_FR\" \/>\n<meta property=\"og:type\" content=\"article\" \/>\n<meta property=\"og:title\" content=\"Yara Lapidus | Un single au profit de la Croix Rouge libanaise - What the France\" \/>\n<meta property=\"og:description\" content=\"L\u2019artiste franco-libanaise Yara Lapidus a d\u00e9voil\u00e9 le 24 septembre dernier son nouveau single, intitul\u00e9 \u00ab Oumi Ya Beyrouth \u00bb (traduction fran\u00e7aise\u00a0: \u00ab Rel\u00e8ve-toi Beyrouth \u00bb), dont le clip est r\u00e9alis\u00e9 par Nadim Tabet. Il s\u2019agit d\u2019un hommage, enregistr\u00e9 suite au drame de l&rsquo;explosion survenue le 4 ao\u00fbt 2020 dans la capitale libanaise. Ce morceau est [&hellip;]\" \/>\n<meta property=\"og:url\" content=\"https:\/\/whatthefrance.org\/fr\/yara-lapidus-un-single-au-profit-de-la-croix-rouge-libanaise\/\" \/>\n<meta property=\"og:site_name\" content=\"What the France\" \/>\n<meta property=\"article:published_time\" content=\"2021-10-28T08:00:35+00:00\" \/>\n<meta property=\"og:image\" content=\"https:\/\/whatthefrance.org\/wp-content\/uploads\/2021\/10\/Yara-Lapidus-_what_the_france.png\" \/>\n\t<meta property=\"og:image:width\" content=\"1084\" \/>\n\t<meta property=\"og:image:height\" content=\"452\" \/>\n<meta name=\"author\" content=\"Marie-Sophie Administrateur\" \/>\n<meta name=\"twitter:card\" content=\"summary_large_image\" \/>\n<meta name=\"twitter:label1\" content=\"\u00c9crit par\" \/>\n\t<meta name=\"twitter:data1\" content=\"Marie-Sophie Administrateur\" \/>\n\t<meta name=\"twitter:label2\" content=\"Dur\u00e9e de lecture estim\u00e9e\" \/>\n\t<meta name=\"twitter:data2\" content=\"1 minute\" \/>\n<script type=\"application\/ld+json\" class=\"yoast-schema-graph\">{\"@context\":\"https:\\\/\\\/schema.org\",\"@graph\":[{\"@type\":\"Article\",\"@id\":\"https:\\\/\\\/whatthefrance.org\\\/fr\\\/yara-lapidus-un-single-au-profit-de-la-croix-rouge-libanaise\\\/#article\",\"isPartOf\":{\"@id\":\"https:\\\/\\\/whatthefrance.org\\\/fr\\\/yara-lapidus-un-single-au-profit-de-la-croix-rouge-libanaise\\\/\"},\"author\":{\"name\":\"Marie-Sophie Administrateur\",\"@id\":\"https:\\\/\\\/whatthefrance.org\\\/fr\\\/#\\\/schema\\\/person\\\/3b7ea6fb70b536503b3e8c909c564a81\"},\"headline\":\"Yara Lapidus | Un single au profit de la Croix Rouge libanaise\",\"datePublished\":\"2021-10-28T08:00:35+00:00\",\"mainEntityOfPage\":{\"@id\":\"https:\\\/\\\/whatthefrance.org\\\/fr\\\/yara-lapidus-un-single-au-profit-de-la-croix-rouge-libanaise\\\/\"},\"wordCount\":275,\"publisher\":{\"@id\":\"https:\\\/\\\/whatthefrance.org\\\/fr\\\/#organization\"},\"keywords\":[\"World\"],\"articleSection\":[\"Release\"],\"inLanguage\":\"fr-FR\"},{\"@type\":\"WebPage\",\"@id\":\"https:\\\/\\\/whatthefrance.org\\\/fr\\\/yara-lapidus-un-single-au-profit-de-la-croix-rouge-libanaise\\\/\",\"url\":\"https:\\\/\\\/whatthefrance.org\\\/fr\\\/yara-lapidus-un-single-au-profit-de-la-croix-rouge-libanaise\\\/\",\"name\":\"Yara Lapidus | Un single au profit de la Croix Rouge libanaise - What the France\",\"isPartOf\":{\"@id\":\"https:\\\/\\\/whatthefrance.org\\\/fr\\\/#website\"},\"datePublished\":\"2021-10-28T08:00:35+00:00\",\"breadcrumb\":{\"@id\":\"https:\\\/\\\/whatthefrance.org\\\/fr\\\/yara-lapidus-un-single-au-profit-de-la-croix-rouge-libanaise\\\/#breadcrumb\"},\"inLanguage\":\"fr-FR\",\"potentialAction\":[{\"@type\":\"ReadAction\",\"target\":[\"https:\\\/\\\/whatthefrance.org\\\/fr\\\/yara-lapidus-un-single-au-profit-de-la-croix-rouge-libanaise\\\/\"]}]},{\"@type\":\"BreadcrumbList\",\"@id\":\"https:\\\/\\\/whatthefrance.org\\\/fr\\\/yara-lapidus-un-single-au-profit-de-la-croix-rouge-libanaise\\\/#breadcrumb\",\"itemListElement\":[{\"@type\":\"ListItem\",\"position\":1,\"name\":\"Home\",\"item\":\"https:\\\/\\\/whatthefrance.org\\\/fr\\\/\"},{\"@type\":\"ListItem\",\"position\":2,\"name\":\"Yara Lapidus | Un single au profit de la Croix Rouge libanaise\"}]},{\"@type\":\"WebSite\",\"@id\":\"https:\\\/\\\/whatthefrance.org\\\/fr\\\/#website\",\"url\":\"https:\\\/\\\/whatthefrance.org\\\/fr\\\/\",\"name\":\"What the France\",\"description\":\"The finest music made in France !\",\"publisher\":{\"@id\":\"https:\\\/\\\/whatthefrance.org\\\/fr\\\/#organization\"},\"potentialAction\":[{\"@type\":\"SearchAction\",\"target\":{\"@type\":\"EntryPoint\",\"urlTemplate\":\"https:\\\/\\\/whatthefrance.org\\\/fr\\\/?s={search_term_string}\"},\"query-input\":{\"@type\":\"PropertyValueSpecification\",\"valueRequired\":true,\"valueName\":\"search_term_string\"}}],\"inLanguage\":\"fr-FR\"},{\"@type\":\"Organization\",\"@id\":\"https:\\\/\\\/whatthefrance.org\\\/fr\\\/#organization\",\"name\":\"What The France\",\"url\":\"https:\\\/\\\/whatthefrance.org\\\/fr\\\/\",\"logo\":{\"@type\":\"ImageObject\",\"inLanguage\":\"fr-FR\",\"@id\":\"https:\\\/\\\/whatthefrance.org\\\/fr\\\/#\\\/schema\\\/logo\\\/image\\\/\",\"url\":\"https:\\\/\\\/whatthefrance.org\\\/wp-content\\\/uploads\\\/2019\\\/12\\\/44688719_2251580388408837_694180218134331392_n-e1577679609190.png\",\"contentUrl\":\"https:\\\/\\\/whatthefrance.org\\\/wp-content\\\/uploads\\\/2019\\\/12\\\/44688719_2251580388408837_694180218134331392_n-e1577679609190.png\",\"width\":200,\"height\":200,\"caption\":\"What The France\"},\"image\":{\"@id\":\"https:\\\/\\\/whatthefrance.org\\\/fr\\\/#\\\/schema\\\/logo\\\/image\\\/\"}},{\"@type\":\"Person\",\"@id\":\"https:\\\/\\\/whatthefrance.org\\\/fr\\\/#\\\/schema\\\/person\\\/3b7ea6fb70b536503b3e8c909c564a81\",\"name\":\"Marie-Sophie Administrateur\",\"image\":{\"@type\":\"ImageObject\",\"inLanguage\":\"fr-FR\",\"@id\":\"https:\\\/\\\/secure.gravatar.com\\\/avatar\\\/d57e4552c73c8713409cd3c2de53bdb5d220ebdd76dc7ba351b2dbae89f5afa9?s=96&d=mm&r=g\",\"url\":\"https:\\\/\\\/secure.gravatar.com\\\/avatar\\\/d57e4552c73c8713409cd3c2de53bdb5d220ebdd76dc7ba351b2dbae89f5afa9?s=96&d=mm&r=g\",\"contentUrl\":\"https:\\\/\\\/secure.gravatar.com\\\/avatar\\\/d57e4552c73c8713409cd3c2de53bdb5d220ebdd76dc7ba351b2dbae89f5afa9?s=96&d=mm&r=g\",\"caption\":\"Marie-Sophie Administrateur\"}}]}<\/script>\n<!-- \/ Yoast SEO plugin. -->","yoast_head_json":{"title":"Yara Lapidus | Un single au profit de la Croix Rouge libanaise - What the France","robots":{"index":"index","follow":"follow","max-snippet":"max-snippet:-1","max-image-preview":"max-image-preview:large","max-video-preview":"max-video-preview:-1"},"canonical":"https:\/\/whatthefrance.org\/fr\/yara-lapidus-un-single-au-profit-de-la-croix-rouge-libanaise\/","og_locale":"fr_FR","og_type":"article","og_title":"Yara Lapidus | Un single au profit de la Croix Rouge libanaise - What the France","og_description":"L\u2019artiste franco-libanaise Yara Lapidus a d\u00e9voil\u00e9 le 24 septembre dernier son nouveau single, intitul\u00e9 \u00ab Oumi Ya Beyrouth \u00bb (traduction fran\u00e7aise\u00a0: \u00ab Rel\u00e8ve-toi Beyrouth \u00bb), dont le clip est r\u00e9alis\u00e9 par Nadim Tabet. Il s\u2019agit d\u2019un hommage, enregistr\u00e9 suite au drame de l&rsquo;explosion survenue le 4 ao\u00fbt 2020 dans la capitale libanaise. Ce morceau est [&hellip;]","og_url":"https:\/\/whatthefrance.org\/fr\/yara-lapidus-un-single-au-profit-de-la-croix-rouge-libanaise\/","og_site_name":"What the France","article_published_time":"2021-10-28T08:00:35+00:00","og_image":[{"url":"https:\/\/whatthefrance.org\/wp-content\/uploads\/2021\/10\/Yara-Lapidus-_what_the_france.png","height":452,"width":1084,"type":""}],"author":"Marie-Sophie Administrateur","twitter_card":"summary_large_image","twitter_misc":{"\u00c9crit par":"Marie-Sophie Administrateur","Dur\u00e9e de lecture estim\u00e9e":"1 minute"},"schema":{"@context":"https:\/\/schema.org","@graph":[{"@type":"Article","@id":"https:\/\/whatthefrance.org\/fr\/yara-lapidus-un-single-au-profit-de-la-croix-rouge-libanaise\/#article","isPartOf":{"@id":"https:\/\/whatthefrance.org\/fr\/yara-lapidus-un-single-au-profit-de-la-croix-rouge-libanaise\/"},"author":{"name":"Marie-Sophie Administrateur","@id":"https:\/\/whatthefrance.org\/fr\/#\/schema\/person\/3b7ea6fb70b536503b3e8c909c564a81"},"headline":"Yara Lapidus | Un single au profit de la Croix Rouge libanaise","datePublished":"2021-10-28T08:00:35+00:00","mainEntityOfPage":{"@id":"https:\/\/whatthefrance.org\/fr\/yara-lapidus-un-single-au-profit-de-la-croix-rouge-libanaise\/"},"wordCount":275,"publisher":{"@id":"https:\/\/whatthefrance.org\/fr\/#organization"},"keywords":["World"],"articleSection":["Release"],"inLanguage":"fr-FR"},{"@type":"WebPage","@id":"https:\/\/whatthefrance.org\/fr\/yara-lapidus-un-single-au-profit-de-la-croix-rouge-libanaise\/","url":"https:\/\/whatthefrance.org\/fr\/yara-lapidus-un-single-au-profit-de-la-croix-rouge-libanaise\/","name":"Yara Lapidus | Un single au profit de la Croix Rouge libanaise - What the France","isPartOf":{"@id":"https:\/\/whatthefrance.org\/fr\/#website"},"datePublished":"2021-10-28T08:00:35+00:00","breadcrumb":{"@id":"https:\/\/whatthefrance.org\/fr\/yara-lapidus-un-single-au-profit-de-la-croix-rouge-libanaise\/#breadcrumb"},"inLanguage":"fr-FR","potentialAction":[{"@type":"ReadAction","target":["https:\/\/whatthefrance.org\/fr\/yara-lapidus-un-single-au-profit-de-la-croix-rouge-libanaise\/"]}]},{"@type":"BreadcrumbList","@id":"https:\/\/whatthefrance.org\/fr\/yara-lapidus-un-single-au-profit-de-la-croix-rouge-libanaise\/#breadcrumb","itemListElement":[{"@type":"ListItem","position":1,"name":"Home","item":"https:\/\/whatthefrance.org\/fr\/"},{"@type":"ListItem","position":2,"name":"Yara Lapidus | Un single au profit de la Croix Rouge libanaise"}]},{"@type":"WebSite","@id":"https:\/\/whatthefrance.org\/fr\/#website","url":"https:\/\/whatthefrance.org\/fr\/","name":"What the France","description":"The finest music made in France !","publisher":{"@id":"https:\/\/whatthefrance.org\/fr\/#organization"},"potentialAction":[{"@type":"SearchAction","target":{"@type":"EntryPoint","urlTemplate":"https:\/\/whatthefrance.org\/fr\/?s={search_term_string}"},"query-input":{"@type":"PropertyValueSpecification","valueRequired":true,"valueName":"search_term_string"}}],"inLanguage":"fr-FR"},{"@type":"Organization","@id":"https:\/\/whatthefrance.org\/fr\/#organization","name":"What The France","url":"https:\/\/whatthefrance.org\/fr\/","logo":{"@type":"ImageObject","inLanguage":"fr-FR","@id":"https:\/\/whatthefrance.org\/fr\/#\/schema\/logo\/image\/","url":"https:\/\/whatthefrance.org\/wp-content\/uploads\/2019\/12\/44688719_2251580388408837_694180218134331392_n-e1577679609190.png","contentUrl":"https:\/\/whatthefrance.org\/wp-content\/uploads\/2019\/12\/44688719_2251580388408837_694180218134331392_n-e1577679609190.png","width":200,"height":200,"caption":"What The France"},"image":{"@id":"https:\/\/whatthefrance.org\/fr\/#\/schema\/logo\/image\/"}},{"@type":"Person","@id":"https:\/\/whatthefrance.org\/fr\/#\/schema\/person\/3b7ea6fb70b536503b3e8c909c564a81","name":"Marie-Sophie Administrateur","image":{"@type":"ImageObject","inLanguage":"fr-FR","@id":"https:\/\/secure.gravatar.com\/avatar\/d57e4552c73c8713409cd3c2de53bdb5d220ebdd76dc7ba351b2dbae89f5afa9?s=96&d=mm&r=g","url":"https:\/\/secure.gravatar.com\/avatar\/d57e4552c73c8713409cd3c2de53bdb5d220ebdd76dc7ba351b2dbae89f5afa9?s=96&d=mm&r=g","contentUrl":"https:\/\/secure.gravatar.com\/avatar\/d57e4552c73c8713409cd3c2de53bdb5d220ebdd76dc7ba351b2dbae89f5afa9?s=96&d=mm&r=g","caption":"Marie-Sophie Administrateur"}}]}},"_links":{"self":[{"href":"https:\/\/whatthefrance.org\/fr\/wp-json\/wp\/v2\/posts\/34050","targetHints":{"allow":["GET"]}}],"collection":[{"href":"https:\/\/whatthefrance.org\/fr\/wp-json\/wp\/v2\/posts"}],"about":[{"href":"https:\/\/whatthefrance.org\/fr\/wp-json\/wp\/v2\/types\/post"}],"author":[{"embeddable":true,"href":"https:\/\/whatthefrance.org\/fr\/wp-json\/wp\/v2\/users\/6"}],"replies":[{"embeddable":true,"href":"https:\/\/whatthefrance.org\/fr\/wp-json\/wp\/v2\/comments?post=34050"}],"version-history":[{"count":2,"href":"https:\/\/whatthefrance.org\/fr\/wp-json\/wp\/v2\/posts\/34050\/revisions"}],"predecessor-version":[{"id":34064,"href":"https:\/\/whatthefrance.org\/fr\/wp-json\/wp\/v2\/posts\/34050\/revisions\/34064"}],"wp:attachment":[{"href":"https:\/\/whatthefrance.org\/fr\/wp-json\/wp\/v2\/media?parent=34050"}],"wp:term":[{"taxonomy":"category","embeddable":true,"href":"https:\/\/whatthefrance.org\/fr\/wp-json\/wp\/v2\/categories?post=34050"},{"taxonomy":"post_tag","embeddable":true,"href":"https:\/\/whatthefrance.org\/fr\/wp-json\/wp\/v2\/tags?post=34050"}],"curies":[{"name":"wp","href":"https:\/\/api.w.org\/{rel}","templated":true}]}}