{"id":35179,"date":"2021-11-17T16:35:39","date_gmt":"2021-11-17T15:35:39","guid":{"rendered":"https:\/\/whatthefrance.org\/?p=35179"},"modified":"2023-01-30T11:36:22","modified_gmt":"2023-01-30T10:36:22","slug":"oscar-anton-first-tour-ever-mini-tournee-en-europe","status":"publish","type":"post","link":"https:\/\/whatthefrance.org\/fr\/oscar-anton-first-tour-ever-mini-tournee-en-europe\/","title":{"rendered":"Oscar Anton | \u00ab\u00a0First Tour Ever\u00a0\u00bb, mini tourn\u00e9e en Europe"},"content":{"rendered":"<p><span class=\"em-orange\">Parti de rien au d\u00e9but de l&rsquo;ann\u00e9e 2020, <strong><a href=\"https:\/\/www.instagram.com\/oscarantonmusic\/?hl=fr\" target=\"_blank\" rel=\"noopener\">Oscar Anton<\/a><\/strong> est directement pass\u00e9 \u00e0 la vitesse sup\u00e9rieure en l&rsquo;espace d&rsquo;un an. Tout au long de l&rsquo;ann\u00e9e, il a publi\u00e9 chaque mois de trois chansons, qu&rsquo;il a enti\u00e8rement \u00e9crites, enregistr\u00e9es et produites lui-m\u00eame dans sa chambre \u00e0 coucher parisienne, transform\u00e9e en studio.<\/span><\/p>\n<p><iframe loading=\"lazy\" title=\"Oscar Anton - bye bye\" width=\"500\" height=\"281\" src=\"https:\/\/www.youtube.com\/embed\/xILHlYadgoY?feature=oembed\" frameborder=\"0\" allow=\"accelerometer; autoplay; clipboard-write; encrypted-media; gyroscope; picture-in-picture; web-share\" referrerpolicy=\"strict-origin-when-cross-origin\" allowfullscreen><\/iframe><\/p>\n<p>&nbsp;<\/p>\n<p>\u00c0 20 ans, il signe chez Polydor. Aujourd&rsquo;hui, \u00e0 23 ans, il a d\u00e9cid\u00e9 de quitter le label pour fonder le sien et ce avec un succ\u00e8s consid\u00e9rable : depuis, il a pu accumuler 45 millions de streams, 15 millions de clics sur YouTube, 840.000 followers sur Spotify. Les singles \u00ab\u00a0Nuits d&rsquo;\u00e9t\u00e9\u00a0\u00bb et \u00ab\u00a0Bye bye\u00a0\u00bb sont devenus des hits viraux. Il a r\u00e9cemment suscit\u00e9 l&rsquo;enthousiasme avec son nouveau titre \u00ab\u00a0Ophelie\u00a0\u00bb (Top #50 en Italie).<\/p>\n<p><iframe loading=\"lazy\" title=\"Oscar Anton - ophelie\" width=\"500\" height=\"281\" src=\"https:\/\/www.youtube.com\/embed\/A7gJiNFfdn4?feature=oembed\" frameborder=\"0\" allow=\"accelerometer; autoplay; clipboard-write; encrypted-media; gyroscope; picture-in-picture; web-share\" referrerpolicy=\"strict-origin-when-cross-origin\" allowfullscreen><\/iframe><\/p>\n<p>&nbsp;<\/p>\n<p>En janvier, il partira en \u00ab\u00a0First Tour Ever\u00a0\u00bb, o\u00f9 il pr\u00e9sentera pour la premi\u00e8re fois sur sc\u00e8ne sa musique, n\u00e9e pendant la pand\u00e9mie.<\/p>\n<p>&nbsp;<\/p>\n","protected":false},"excerpt":{"rendered":"<p>Parti de rien au d\u00e9but de l&rsquo;ann\u00e9e 2020, Oscar Anton est directement pass\u00e9 \u00e0 la vitesse sup\u00e9rieure en l&rsquo;espace d&rsquo;un an. Tout au long de l&rsquo;ann\u00e9e, il a publi\u00e9 chaque mois de trois chansons, qu&rsquo;il a enti\u00e8rement \u00e9crites, enregistr\u00e9es et produites lui-m\u00eame dans sa chambre \u00e0 coucher parisienne, transform\u00e9e en studio. &nbsp; \u00c0 20 ans, [&hellip;]<\/p>\n","protected":false},"author":6,"featured_media":0,"comment_status":"closed","ping_status":"closed","sticky":false,"template":"","format":"standard","meta":{"_acf_changed":false,"footnotes":""},"categories":[213],"tags":[340],"class_list":["post-35179","post","type-post","status-publish","format-standard","hentry","category-event-fr","tag-pop-fr"],"acf":[],"yoast_head":"<!-- This site is optimized with the Yoast SEO plugin v27.3 - https:\/\/yoast.com\/product\/yoast-seo-wordpress\/ -->\n<title>Oscar Anton | &quot;First Tour Ever&quot;, mini tourn\u00e9e en Europe - What the France<\/title>\n<meta name=\"robots\" content=\"index, follow, max-snippet:-1, max-image-preview:large, max-video-preview:-1\" \/>\n<link rel=\"canonical\" href=\"https:\/\/whatthefrance.org\/fr\/oscar-anton-first-tour-ever-mini-tournee-en-europe\/\" \/>\n<meta property=\"og:locale\" content=\"fr_FR\" \/>\n<meta property=\"og:type\" content=\"article\" \/>\n<meta property=\"og:title\" content=\"Oscar Anton | &quot;First Tour Ever&quot;, mini tourn\u00e9e en Europe - What the France\" \/>\n<meta property=\"og:description\" content=\"Parti de rien au d\u00e9but de l&rsquo;ann\u00e9e 2020, Oscar Anton est directement pass\u00e9 \u00e0 la vitesse sup\u00e9rieure en l&rsquo;espace d&rsquo;un an. Tout au long de l&rsquo;ann\u00e9e, il a publi\u00e9 chaque mois de trois chansons, qu&rsquo;il a enti\u00e8rement \u00e9crites, enregistr\u00e9es et produites lui-m\u00eame dans sa chambre \u00e0 coucher parisienne, transform\u00e9e en studio. &nbsp; \u00c0 20 ans, [&hellip;]\" \/>\n<meta property=\"og:url\" content=\"https:\/\/whatthefrance.org\/fr\/oscar-anton-first-tour-ever-mini-tournee-en-europe\/\" \/>\n<meta property=\"og:site_name\" content=\"What the France\" \/>\n<meta property=\"article:published_time\" content=\"2021-11-17T15:35:39+00:00\" \/>\n<meta property=\"article:modified_time\" content=\"2023-01-30T10:36:22+00:00\" \/>\n<meta property=\"og:image\" content=\"https:\/\/whatthefrance.org\/wp-content\/uploads\/2021\/11\/oscar-anton_what_the_france-1.png\" \/>\n\t<meta property=\"og:image:width\" content=\"1084\" \/>\n\t<meta property=\"og:image:height\" content=\"452\" \/>\n<meta name=\"author\" content=\"Marie-Sophie Administrateur\" \/>\n<meta name=\"twitter:card\" content=\"summary_large_image\" \/>\n<meta name=\"twitter:label1\" content=\"\u00c9crit par\" \/>\n\t<meta name=\"twitter:data1\" content=\"Marie-Sophie Administrateur\" \/>\n\t<meta name=\"twitter:label2\" content=\"Dur\u00e9e de lecture estim\u00e9e\" \/>\n\t<meta name=\"twitter:data2\" content=\"1 minute\" \/>\n<script type=\"application\/ld+json\" class=\"yoast-schema-graph\">{\"@context\":\"https:\\\/\\\/schema.org\",\"@graph\":[{\"@type\":\"Article\",\"@id\":\"https:\\\/\\\/whatthefrance.org\\\/fr\\\/oscar-anton-first-tour-ever-mini-tournee-en-europe\\\/#article\",\"isPartOf\":{\"@id\":\"https:\\\/\\\/whatthefrance.org\\\/fr\\\/oscar-anton-first-tour-ever-mini-tournee-en-europe\\\/\"},\"author\":{\"name\":\"Marie-Sophie Administrateur\",\"@id\":\"https:\\\/\\\/whatthefrance.org\\\/fr\\\/#\\\/schema\\\/person\\\/3b7ea6fb70b536503b3e8c909c564a81\"},\"headline\":\"Oscar Anton | \u00ab\u00a0First Tour Ever\u00a0\u00bb, mini tourn\u00e9e en Europe\",\"datePublished\":\"2021-11-17T15:35:39+00:00\",\"dateModified\":\"2023-01-30T10:36:22+00:00\",\"mainEntityOfPage\":{\"@id\":\"https:\\\/\\\/whatthefrance.org\\\/fr\\\/oscar-anton-first-tour-ever-mini-tournee-en-europe\\\/\"},\"wordCount\":183,\"publisher\":{\"@id\":\"https:\\\/\\\/whatthefrance.org\\\/fr\\\/#organization\"},\"keywords\":[\"Pop\"],\"articleSection\":[\"Event\"],\"inLanguage\":\"fr-FR\"},{\"@type\":\"WebPage\",\"@id\":\"https:\\\/\\\/whatthefrance.org\\\/fr\\\/oscar-anton-first-tour-ever-mini-tournee-en-europe\\\/\",\"url\":\"https:\\\/\\\/whatthefrance.org\\\/fr\\\/oscar-anton-first-tour-ever-mini-tournee-en-europe\\\/\",\"name\":\"Oscar Anton | \\\"First Tour Ever\\\", mini tourn\u00e9e en Europe - What the France\",\"isPartOf\":{\"@id\":\"https:\\\/\\\/whatthefrance.org\\\/fr\\\/#website\"},\"datePublished\":\"2021-11-17T15:35:39+00:00\",\"dateModified\":\"2023-01-30T10:36:22+00:00\",\"breadcrumb\":{\"@id\":\"https:\\\/\\\/whatthefrance.org\\\/fr\\\/oscar-anton-first-tour-ever-mini-tournee-en-europe\\\/#breadcrumb\"},\"inLanguage\":\"fr-FR\",\"potentialAction\":[{\"@type\":\"ReadAction\",\"target\":[\"https:\\\/\\\/whatthefrance.org\\\/fr\\\/oscar-anton-first-tour-ever-mini-tournee-en-europe\\\/\"]}]},{\"@type\":\"BreadcrumbList\",\"@id\":\"https:\\\/\\\/whatthefrance.org\\\/fr\\\/oscar-anton-first-tour-ever-mini-tournee-en-europe\\\/#breadcrumb\",\"itemListElement\":[{\"@type\":\"ListItem\",\"position\":1,\"name\":\"Home\",\"item\":\"https:\\\/\\\/whatthefrance.org\\\/fr\\\/\"},{\"@type\":\"ListItem\",\"position\":2,\"name\":\"Oscar Anton | &#8220;First Tour Ever&#8221;, mini tourn\u00e9e en Europe\"}]},{\"@type\":\"WebSite\",\"@id\":\"https:\\\/\\\/whatthefrance.org\\\/fr\\\/#website\",\"url\":\"https:\\\/\\\/whatthefrance.org\\\/fr\\\/\",\"name\":\"What the France\",\"description\":\"The finest music made in France !\",\"publisher\":{\"@id\":\"https:\\\/\\\/whatthefrance.org\\\/fr\\\/#organization\"},\"potentialAction\":[{\"@type\":\"SearchAction\",\"target\":{\"@type\":\"EntryPoint\",\"urlTemplate\":\"https:\\\/\\\/whatthefrance.org\\\/fr\\\/?s={search_term_string}\"},\"query-input\":{\"@type\":\"PropertyValueSpecification\",\"valueRequired\":true,\"valueName\":\"search_term_string\"}}],\"inLanguage\":\"fr-FR\"},{\"@type\":\"Organization\",\"@id\":\"https:\\\/\\\/whatthefrance.org\\\/fr\\\/#organization\",\"name\":\"What The France\",\"url\":\"https:\\\/\\\/whatthefrance.org\\\/fr\\\/\",\"logo\":{\"@type\":\"ImageObject\",\"inLanguage\":\"fr-FR\",\"@id\":\"https:\\\/\\\/whatthefrance.org\\\/fr\\\/#\\\/schema\\\/logo\\\/image\\\/\",\"url\":\"https:\\\/\\\/whatthefrance.org\\\/wp-content\\\/uploads\\\/2019\\\/12\\\/44688719_2251580388408837_694180218134331392_n-e1577679609190.png\",\"contentUrl\":\"https:\\\/\\\/whatthefrance.org\\\/wp-content\\\/uploads\\\/2019\\\/12\\\/44688719_2251580388408837_694180218134331392_n-e1577679609190.png\",\"width\":200,\"height\":200,\"caption\":\"What The France\"},\"image\":{\"@id\":\"https:\\\/\\\/whatthefrance.org\\\/fr\\\/#\\\/schema\\\/logo\\\/image\\\/\"}},{\"@type\":\"Person\",\"@id\":\"https:\\\/\\\/whatthefrance.org\\\/fr\\\/#\\\/schema\\\/person\\\/3b7ea6fb70b536503b3e8c909c564a81\",\"name\":\"Marie-Sophie Administrateur\",\"image\":{\"@type\":\"ImageObject\",\"inLanguage\":\"fr-FR\",\"@id\":\"https:\\\/\\\/secure.gravatar.com\\\/avatar\\\/d57e4552c73c8713409cd3c2de53bdb5d220ebdd76dc7ba351b2dbae89f5afa9?s=96&d=mm&r=g\",\"url\":\"https:\\\/\\\/secure.gravatar.com\\\/avatar\\\/d57e4552c73c8713409cd3c2de53bdb5d220ebdd76dc7ba351b2dbae89f5afa9?s=96&d=mm&r=g\",\"contentUrl\":\"https:\\\/\\\/secure.gravatar.com\\\/avatar\\\/d57e4552c73c8713409cd3c2de53bdb5d220ebdd76dc7ba351b2dbae89f5afa9?s=96&d=mm&r=g\",\"caption\":\"Marie-Sophie Administrateur\"}}]}<\/script>\n<!-- \/ Yoast SEO plugin. -->","yoast_head_json":{"title":"Oscar Anton | \"First Tour Ever\", mini tourn\u00e9e en Europe - What the France","robots":{"index":"index","follow":"follow","max-snippet":"max-snippet:-1","max-image-preview":"max-image-preview:large","max-video-preview":"max-video-preview:-1"},"canonical":"https:\/\/whatthefrance.org\/fr\/oscar-anton-first-tour-ever-mini-tournee-en-europe\/","og_locale":"fr_FR","og_type":"article","og_title":"Oscar Anton | \"First Tour Ever\", mini tourn\u00e9e en Europe - What the France","og_description":"Parti de rien au d\u00e9but de l&rsquo;ann\u00e9e 2020, Oscar Anton est directement pass\u00e9 \u00e0 la vitesse sup\u00e9rieure en l&rsquo;espace d&rsquo;un an. Tout au long de l&rsquo;ann\u00e9e, il a publi\u00e9 chaque mois de trois chansons, qu&rsquo;il a enti\u00e8rement \u00e9crites, enregistr\u00e9es et produites lui-m\u00eame dans sa chambre \u00e0 coucher parisienne, transform\u00e9e en studio. &nbsp; \u00c0 20 ans, [&hellip;]","og_url":"https:\/\/whatthefrance.org\/fr\/oscar-anton-first-tour-ever-mini-tournee-en-europe\/","og_site_name":"What the France","article_published_time":"2021-11-17T15:35:39+00:00","article_modified_time":"2023-01-30T10:36:22+00:00","og_image":[{"url":"https:\/\/whatthefrance.org\/wp-content\/uploads\/2021\/11\/oscar-anton_what_the_france-1.png","height":452,"width":1084,"type":""}],"author":"Marie-Sophie Administrateur","twitter_card":"summary_large_image","twitter_misc":{"\u00c9crit par":"Marie-Sophie Administrateur","Dur\u00e9e de lecture estim\u00e9e":"1 minute"},"schema":{"@context":"https:\/\/schema.org","@graph":[{"@type":"Article","@id":"https:\/\/whatthefrance.org\/fr\/oscar-anton-first-tour-ever-mini-tournee-en-europe\/#article","isPartOf":{"@id":"https:\/\/whatthefrance.org\/fr\/oscar-anton-first-tour-ever-mini-tournee-en-europe\/"},"author":{"name":"Marie-Sophie Administrateur","@id":"https:\/\/whatthefrance.org\/fr\/#\/schema\/person\/3b7ea6fb70b536503b3e8c909c564a81"},"headline":"Oscar Anton | \u00ab\u00a0First Tour Ever\u00a0\u00bb, mini tourn\u00e9e en Europe","datePublished":"2021-11-17T15:35:39+00:00","dateModified":"2023-01-30T10:36:22+00:00","mainEntityOfPage":{"@id":"https:\/\/whatthefrance.org\/fr\/oscar-anton-first-tour-ever-mini-tournee-en-europe\/"},"wordCount":183,"publisher":{"@id":"https:\/\/whatthefrance.org\/fr\/#organization"},"keywords":["Pop"],"articleSection":["Event"],"inLanguage":"fr-FR"},{"@type":"WebPage","@id":"https:\/\/whatthefrance.org\/fr\/oscar-anton-first-tour-ever-mini-tournee-en-europe\/","url":"https:\/\/whatthefrance.org\/fr\/oscar-anton-first-tour-ever-mini-tournee-en-europe\/","name":"Oscar Anton | \"First Tour Ever\", mini tourn\u00e9e en Europe - What the France","isPartOf":{"@id":"https:\/\/whatthefrance.org\/fr\/#website"},"datePublished":"2021-11-17T15:35:39+00:00","dateModified":"2023-01-30T10:36:22+00:00","breadcrumb":{"@id":"https:\/\/whatthefrance.org\/fr\/oscar-anton-first-tour-ever-mini-tournee-en-europe\/#breadcrumb"},"inLanguage":"fr-FR","potentialAction":[{"@type":"ReadAction","target":["https:\/\/whatthefrance.org\/fr\/oscar-anton-first-tour-ever-mini-tournee-en-europe\/"]}]},{"@type":"BreadcrumbList","@id":"https:\/\/whatthefrance.org\/fr\/oscar-anton-first-tour-ever-mini-tournee-en-europe\/#breadcrumb","itemListElement":[{"@type":"ListItem","position":1,"name":"Home","item":"https:\/\/whatthefrance.org\/fr\/"},{"@type":"ListItem","position":2,"name":"Oscar Anton | &#8220;First Tour Ever&#8221;, mini tourn\u00e9e en Europe"}]},{"@type":"WebSite","@id":"https:\/\/whatthefrance.org\/fr\/#website","url":"https:\/\/whatthefrance.org\/fr\/","name":"What the France","description":"The finest music made in France !","publisher":{"@id":"https:\/\/whatthefrance.org\/fr\/#organization"},"potentialAction":[{"@type":"SearchAction","target":{"@type":"EntryPoint","urlTemplate":"https:\/\/whatthefrance.org\/fr\/?s={search_term_string}"},"query-input":{"@type":"PropertyValueSpecification","valueRequired":true,"valueName":"search_term_string"}}],"inLanguage":"fr-FR"},{"@type":"Organization","@id":"https:\/\/whatthefrance.org\/fr\/#organization","name":"What The France","url":"https:\/\/whatthefrance.org\/fr\/","logo":{"@type":"ImageObject","inLanguage":"fr-FR","@id":"https:\/\/whatthefrance.org\/fr\/#\/schema\/logo\/image\/","url":"https:\/\/whatthefrance.org\/wp-content\/uploads\/2019\/12\/44688719_2251580388408837_694180218134331392_n-e1577679609190.png","contentUrl":"https:\/\/whatthefrance.org\/wp-content\/uploads\/2019\/12\/44688719_2251580388408837_694180218134331392_n-e1577679609190.png","width":200,"height":200,"caption":"What The France"},"image":{"@id":"https:\/\/whatthefrance.org\/fr\/#\/schema\/logo\/image\/"}},{"@type":"Person","@id":"https:\/\/whatthefrance.org\/fr\/#\/schema\/person\/3b7ea6fb70b536503b3e8c909c564a81","name":"Marie-Sophie Administrateur","image":{"@type":"ImageObject","inLanguage":"fr-FR","@id":"https:\/\/secure.gravatar.com\/avatar\/d57e4552c73c8713409cd3c2de53bdb5d220ebdd76dc7ba351b2dbae89f5afa9?s=96&d=mm&r=g","url":"https:\/\/secure.gravatar.com\/avatar\/d57e4552c73c8713409cd3c2de53bdb5d220ebdd76dc7ba351b2dbae89f5afa9?s=96&d=mm&r=g","contentUrl":"https:\/\/secure.gravatar.com\/avatar\/d57e4552c73c8713409cd3c2de53bdb5d220ebdd76dc7ba351b2dbae89f5afa9?s=96&d=mm&r=g","caption":"Marie-Sophie Administrateur"}}]}},"_links":{"self":[{"href":"https:\/\/whatthefrance.org\/fr\/wp-json\/wp\/v2\/posts\/35179","targetHints":{"allow":["GET"]}}],"collection":[{"href":"https:\/\/whatthefrance.org\/fr\/wp-json\/wp\/v2\/posts"}],"about":[{"href":"https:\/\/whatthefrance.org\/fr\/wp-json\/wp\/v2\/types\/post"}],"author":[{"embeddable":true,"href":"https:\/\/whatthefrance.org\/fr\/wp-json\/wp\/v2\/users\/6"}],"replies":[{"embeddable":true,"href":"https:\/\/whatthefrance.org\/fr\/wp-json\/wp\/v2\/comments?post=35179"}],"version-history":[{"count":2,"href":"https:\/\/whatthefrance.org\/fr\/wp-json\/wp\/v2\/posts\/35179\/revisions"}],"predecessor-version":[{"id":35183,"href":"https:\/\/whatthefrance.org\/fr\/wp-json\/wp\/v2\/posts\/35179\/revisions\/35183"}],"wp:attachment":[{"href":"https:\/\/whatthefrance.org\/fr\/wp-json\/wp\/v2\/media?parent=35179"}],"wp:term":[{"taxonomy":"category","embeddable":true,"href":"https:\/\/whatthefrance.org\/fr\/wp-json\/wp\/v2\/categories?post=35179"},{"taxonomy":"post_tag","embeddable":true,"href":"https:\/\/whatthefrance.org\/fr\/wp-json\/wp\/v2\/tags?post=35179"}],"curies":[{"name":"wp","href":"https:\/\/api.w.org\/{rel}","templated":true}]}}