{"id":35427,"date":"2021-12-17T10:00:54","date_gmt":"2021-12-17T09:00:54","guid":{"rendered":"https:\/\/whatthefrance.org\/?p=35427"},"modified":"2021-12-16T10:56:44","modified_gmt":"2021-12-16T09:56:44","slug":"bise-festival-decouvrez-la-programmation-dans-notre-playlist","status":"publish","type":"post","link":"https:\/\/whatthefrance.org\/fr\/bise-festival-decouvrez-la-programmation-dans-notre-playlist\/","title":{"rendered":"BISE Festival | D\u00e9couvrez la programmation dans notre playlist !"},"content":{"rendered":"<p>Le<span class=\"apple-converted-space\">\u00a0<\/span><strong><a href=\"https:\/\/fra01.safelinks.protection.outlook.com\/?url=https%3A%2F%2Fbisefestival.com%2F&amp;data=04%7C01%7Cmarie-sophie.cazin%40cnm.fr%7Cb197dc07caaf45b182d208d9bfefdf58%7Cba774e6290394882a8cac4a49ebaf0d1%7C1%7C0%7C637751859223828957%7CUnknown%7CTWFpbGZsb3d8eyJWIjoiMC4wLjAwMDAiLCJQIjoiV2luMzIiLCJBTiI6Ik1haWwiLCJXVCI6Mn0%3D%7C3000&amp;sdata=p6%2FhedR92wEyYQpTaEis0bBgm0hTNyI%2FCdejiT03GlE%3D&amp;reserved=0\" target=\"_blank\" rel=\"noopener\">BISE<\/a><\/strong><span class=\"apple-converted-space\">\u00a0<\/span>festival revient pour sa deuxi\u00e8me \u00e9dition avec<span class=\"apple-converted-space\">\u00a0<\/span><strong>26 artistes<\/strong><span class=\"apple-converted-space\"><b>\u00a0<\/b><\/span>les\u00a018 et 19 janvier 2022\u00a0! Le festival de showcases\u00a0nantais pr\u00e9sentera des artistes \u00e9mergents de tous les horizons\u00a0: pop, hip-hop, \u00e9lectro, rock&#8230; sur 4 sc\u00e8nes.<\/p>\n<p>Ouvert aux professionnels de la musique et au public, le BISE est organis\u00e9 par l\u2019<strong>association\u00a0VADYM<\/strong>, compos\u00e9e des structures VIA, \u00c0 Gauche de la Lune, Daydream Music, Yotanka et M\u00e9lodyn. R\u00e9alis\u00e9 en coproduction avec\u00a0Stereolux et\u00a0Trempo, il s\u2019inscrit dans le\u00a0programme officiel des Biennales internationales du spectacle 2022.<\/p>\n<h3>D\u00e9couvrez tous les artistes dans notre playlist What The France<\/h3>\n<div class=\"playListBloc singleBloc\"><div class=\"playListBloc-wrap\">    <div class=\"thumbnail\"><img data-src=\"https:\/\/whatthefrance.org\/wp-content\/uploads\/2021\/11\/WTF-Cover-Events_bise_fest_2022-254x254.jpg\" class=\"lazyload\" alt=\"WTF&#8212;Cover-Events_bise_fest_2022\" \/>    <\/div>    <div class=\"infos\">        <span class=\"tag\">Events<\/span>        <h2>BISE Festival 2022<\/h2>        <span class=\"separator\"><\/span>       <span class=\"desc\">A selection of songs from the artists that will be performing at the BISE FESTIVAL.<\/span><div class=\"share flex flexAlignCenter \">\t<span class=\"label\">Partager<\/span>\t<a href=\"https:\/\/www.facebook.com\/sharer\/sharer.php?u=https:\/\/whatthefrance.org\/fr\/playlists\/bise-festival-2022\/\" class=\"facebook\" target=\"_blank\" rel=\"noreferrer\">Facebook<\/a>\t<a href=\"https:\/\/twitter.com\/intent\/tweet?url=https:\/\/whatthefrance.org\/fr\/playlists\/bise-festival-2022\/&text=BISE+Festival+2022&hashtags=WTF\" class=\"twitter\" target=\"_blank\" rel=\"noreferrer\">Twitter<\/a>\t<a href=\"mailto:?subject=What%20the%20France%20%3A%20BISE%20Festival%202022&body=https:\/\/whatthefrance.org\/fr\/playlists\/bise-festival-2022\/\" class=\"mail\" target=\"_blank\" rel=\"noreferrer\">Email<\/a><\/div>        <a href=\"#\" class=\"btn btnPlaylist orange playlist-click\" data-id=\"35356\">            <svg version=\"1.1\" x=\"0px\" y=\"0px\" width=\"40px\" height=\"40px\" viewBox=\"0 0 213.7 213.7\" enable-background=\"new 0 0 213.7 213.7\" xml:space=\"preserve\">                <polygon class=\"triangle\" fill=\"none\" stroke-width=\"10\" stroke-linecap=\"round\" stroke-linejoin=\"round\" stroke-miterlimit=\"10\" points=\"\n            73.5,62.5 148.5,105.8 73.5,149.1 \"\/>                <circle class=\"circle\" fill=\"none\"  stroke-width=\"8\" stroke-linecap=\"round\" stroke-linejoin=\"round\" stroke-miterlimit=\"10\" cx=\"106.8\" cy=\"106.8\" r=\"103.3\"\/>                <circle class=\"circle-white\" fill=\"none\"  stroke-width=\"8\" stroke-linecap=\"round\" stroke-linejoin=\"round\" stroke-miterlimit=\"10\" cx=\"106.8\" cy=\"106.8\" r=\"103.3\"\/>            <\/svg>Ecouter        <\/a>    <\/div>  <\/div><\/div>\n<p>&nbsp;<\/p>\n<p><a title=\"URL d\u2019origine\u00a0: https:\/\/ymlps9.com\/15484ubjwbadaewmjjacawesapamejuq\/click.php Cliquez pour suivre le lien.\" href=\"https:\/\/fra01.safelinks.protection.outlook.com\/?url=https%3A%2F%2Fymlps9.com%2F15484ubjwbadaewmjjacawesapamejuq%2Fclick.php&amp;data=04%7C01%7Cmarie-sophie.cazin%40cnm.fr%7Ca41e6a10a8b74a38454c08d9b3ebb4b1%7Cba774e6290394882a8cac4a49ebaf0d1%7C1%7C1%7C637738647194548660%7CUnknown%7CTWFpbGZsb3d8eyJWIjoiMC4wLjAwMDAiLCJQIjoiV2luMzIiLCJBTiI6Ik1haWwiLCJXVCI6Mn0%3D%7C3000&amp;sdata=az1Sx%2BVmRr1Jqo1RTqbQi7rNMfSQZTNIaXxZDsZL%2FG4%3D&amp;reserved=0\" target=\"_blank\" rel=\"noopener\"><img decoding=\"async\" class=\"aligncenter\" src=\"https:\/\/img.mailinblue.com\/1580741\/images\/rnb\/original\/61a524e3b8551971e83705f7.jpg\" width=\"743\" height=\"159\" border=\"0\" \/><\/a><\/p>\n<p>&nbsp;<\/p>\n<p><img decoding=\"async\" class=\"wp-image-35428 aligncenter\" src=\"https:\/\/whatthefrance.org\/wp-content\/uploads\/2021\/11\/61a523d25812031ddd5938ab-119x300.png\" alt=\"\" width=\"691\" height=\"1742\" srcset=\"https:\/\/whatthefrance.org\/wp-content\/uploads\/2021\/11\/61a523d25812031ddd5938ab-119x300.png 119w, https:\/\/whatthefrance.org\/wp-content\/uploads\/2021\/11\/61a523d25812031ddd5938ab-406x1024.png 406w\" sizes=\"(max-width: 691px) 100vw, 691px\" \/><\/p>\n<p>&nbsp;<\/p>\n","protected":false},"excerpt":{"rendered":"<p>Le\u00a0BISE\u00a0festival revient pour sa deuxi\u00e8me \u00e9dition avec\u00a026 artistes\u00a0les\u00a018 et 19 janvier 2022\u00a0! Le festival de showcases\u00a0nantais pr\u00e9sentera des artistes \u00e9mergents de tous les horizons\u00a0: pop, hip-hop, \u00e9lectro, rock&#8230; sur 4 sc\u00e8nes. Ouvert aux professionnels de la musique et au public, le BISE est organis\u00e9 par l\u2019association\u00a0VADYM, compos\u00e9e des structures VIA, \u00c0 Gauche de la Lune, [&hellip;]<\/p>\n","protected":false},"author":6,"featured_media":0,"comment_status":"closed","ping_status":"closed","sticky":false,"template":"","format":"standard","meta":{"_acf_changed":false,"footnotes":""},"categories":[213],"tags":[323,302,340,351],"class_list":["post-35427","post","type-post","status-publish","format-standard","hentry","category-event-fr","tag-electronic-fr","tag-hip-hop-fr","tag-pop-fr","tag-rock-fr"],"acf":[],"yoast_head":"<!-- This site is optimized with the Yoast SEO plugin v27.3 - https:\/\/yoast.com\/product\/yoast-seo-wordpress\/ -->\n<title>BISE Festival | D\u00e9couvrez la programmation dans notre playlist ! - What the France<\/title>\n<meta name=\"robots\" content=\"index, follow, max-snippet:-1, max-image-preview:large, max-video-preview:-1\" \/>\n<link rel=\"canonical\" href=\"https:\/\/whatthefrance.org\/fr\/bise-festival-decouvrez-la-programmation-dans-notre-playlist\/\" \/>\n<meta property=\"og:locale\" content=\"fr_FR\" \/>\n<meta property=\"og:type\" content=\"article\" \/>\n<meta property=\"og:title\" content=\"BISE Festival | D\u00e9couvrez la programmation dans notre playlist ! - What the France\" \/>\n<meta property=\"og:description\" content=\"Le\u00a0BISE\u00a0festival revient pour sa deuxi\u00e8me \u00e9dition avec\u00a026 artistes\u00a0les\u00a018 et 19 janvier 2022\u00a0! Le festival de showcases\u00a0nantais pr\u00e9sentera des artistes \u00e9mergents de tous les horizons\u00a0: pop, hip-hop, \u00e9lectro, rock&#8230; sur 4 sc\u00e8nes. Ouvert aux professionnels de la musique et au public, le BISE est organis\u00e9 par l\u2019association\u00a0VADYM, compos\u00e9e des structures VIA, \u00c0 Gauche de la Lune, [&hellip;]\" \/>\n<meta property=\"og:url\" content=\"https:\/\/whatthefrance.org\/fr\/bise-festival-decouvrez-la-programmation-dans-notre-playlist\/\" \/>\n<meta property=\"og:site_name\" content=\"What the France\" \/>\n<meta property=\"article:published_time\" content=\"2021-12-17T09:00:54+00:00\" \/>\n<meta property=\"og:image\" content=\"https:\/\/whatthefrance.org\/wp-content\/uploads\/2021\/12\/bise_2022_what_the_france.png\" \/>\n\t<meta property=\"og:image:width\" content=\"1084\" \/>\n\t<meta property=\"og:image:height\" content=\"452\" \/><meta property=\"og:image\" content=\"https:\/\/img.mailinblue.com\/1580741\/images\/rnb\/original\/61a524e3b8551971e83705f7.jpg\" \/>\n<meta name=\"author\" content=\"Marie-Sophie Administrateur\" \/>\n<meta name=\"twitter:card\" content=\"summary_large_image\" \/>\n<meta name=\"twitter:label1\" content=\"\u00c9crit par\" \/>\n\t<meta name=\"twitter:data1\" content=\"Marie-Sophie Administrateur\" \/>\n\t<meta name=\"twitter:label2\" content=\"Dur\u00e9e de lecture estim\u00e9e\" \/>\n\t<meta name=\"twitter:data2\" content=\"1 minute\" \/>\n<script type=\"application\/ld+json\" class=\"yoast-schema-graph\">{\"@context\":\"https:\\\/\\\/schema.org\",\"@graph\":[{\"@type\":\"Article\",\"@id\":\"https:\\\/\\\/whatthefrance.org\\\/fr\\\/bise-festival-decouvrez-la-programmation-dans-notre-playlist\\\/#article\",\"isPartOf\":{\"@id\":\"https:\\\/\\\/whatthefrance.org\\\/fr\\\/bise-festival-decouvrez-la-programmation-dans-notre-playlist\\\/\"},\"author\":{\"name\":\"Marie-Sophie Administrateur\",\"@id\":\"https:\\\/\\\/whatthefrance.org\\\/fr\\\/#\\\/schema\\\/person\\\/3b7ea6fb70b536503b3e8c909c564a81\"},\"headline\":\"BISE Festival | D\u00e9couvrez la programmation dans notre playlist !\",\"datePublished\":\"2021-12-17T09:00:54+00:00\",\"mainEntityOfPage\":{\"@id\":\"https:\\\/\\\/whatthefrance.org\\\/fr\\\/bise-festival-decouvrez-la-programmation-dans-notre-playlist\\\/\"},\"wordCount\":112,\"publisher\":{\"@id\":\"https:\\\/\\\/whatthefrance.org\\\/fr\\\/#organization\"},\"image\":{\"@id\":\"https:\\\/\\\/whatthefrance.org\\\/fr\\\/bise-festival-decouvrez-la-programmation-dans-notre-playlist\\\/#primaryimage\"},\"thumbnailUrl\":\"https:\\\/\\\/img.mailinblue.com\\\/1580741\\\/images\\\/rnb\\\/original\\\/61a524e3b8551971e83705f7.jpg\",\"keywords\":[\"Electronic\",\"Hip-Hop\",\"Pop\",\"Rock\"],\"articleSection\":[\"Event\"],\"inLanguage\":\"fr-FR\"},{\"@type\":\"WebPage\",\"@id\":\"https:\\\/\\\/whatthefrance.org\\\/fr\\\/bise-festival-decouvrez-la-programmation-dans-notre-playlist\\\/\",\"url\":\"https:\\\/\\\/whatthefrance.org\\\/fr\\\/bise-festival-decouvrez-la-programmation-dans-notre-playlist\\\/\",\"name\":\"BISE Festival | D\u00e9couvrez la programmation dans notre playlist ! - What the France\",\"isPartOf\":{\"@id\":\"https:\\\/\\\/whatthefrance.org\\\/fr\\\/#website\"},\"primaryImageOfPage\":{\"@id\":\"https:\\\/\\\/whatthefrance.org\\\/fr\\\/bise-festival-decouvrez-la-programmation-dans-notre-playlist\\\/#primaryimage\"},\"image\":{\"@id\":\"https:\\\/\\\/whatthefrance.org\\\/fr\\\/bise-festival-decouvrez-la-programmation-dans-notre-playlist\\\/#primaryimage\"},\"thumbnailUrl\":\"https:\\\/\\\/img.mailinblue.com\\\/1580741\\\/images\\\/rnb\\\/original\\\/61a524e3b8551971e83705f7.jpg\",\"datePublished\":\"2021-12-17T09:00:54+00:00\",\"breadcrumb\":{\"@id\":\"https:\\\/\\\/whatthefrance.org\\\/fr\\\/bise-festival-decouvrez-la-programmation-dans-notre-playlist\\\/#breadcrumb\"},\"inLanguage\":\"fr-FR\",\"potentialAction\":[{\"@type\":\"ReadAction\",\"target\":[\"https:\\\/\\\/whatthefrance.org\\\/fr\\\/bise-festival-decouvrez-la-programmation-dans-notre-playlist\\\/\"]}]},{\"@type\":\"ImageObject\",\"inLanguage\":\"fr-FR\",\"@id\":\"https:\\\/\\\/whatthefrance.org\\\/fr\\\/bise-festival-decouvrez-la-programmation-dans-notre-playlist\\\/#primaryimage\",\"url\":\"https:\\\/\\\/img.mailinblue.com\\\/1580741\\\/images\\\/rnb\\\/original\\\/61a524e3b8551971e83705f7.jpg\",\"contentUrl\":\"https:\\\/\\\/img.mailinblue.com\\\/1580741\\\/images\\\/rnb\\\/original\\\/61a524e3b8551971e83705f7.jpg\"},{\"@type\":\"BreadcrumbList\",\"@id\":\"https:\\\/\\\/whatthefrance.org\\\/fr\\\/bise-festival-decouvrez-la-programmation-dans-notre-playlist\\\/#breadcrumb\",\"itemListElement\":[{\"@type\":\"ListItem\",\"position\":1,\"name\":\"Home\",\"item\":\"https:\\\/\\\/whatthefrance.org\\\/fr\\\/\"},{\"@type\":\"ListItem\",\"position\":2,\"name\":\"BISE Festival | D\u00e9couvrez la programmation dans notre playlist !\"}]},{\"@type\":\"WebSite\",\"@id\":\"https:\\\/\\\/whatthefrance.org\\\/fr\\\/#website\",\"url\":\"https:\\\/\\\/whatthefrance.org\\\/fr\\\/\",\"name\":\"What the France\",\"description\":\"The finest music made in France !\",\"publisher\":{\"@id\":\"https:\\\/\\\/whatthefrance.org\\\/fr\\\/#organization\"},\"potentialAction\":[{\"@type\":\"SearchAction\",\"target\":{\"@type\":\"EntryPoint\",\"urlTemplate\":\"https:\\\/\\\/whatthefrance.org\\\/fr\\\/?s={search_term_string}\"},\"query-input\":{\"@type\":\"PropertyValueSpecification\",\"valueRequired\":true,\"valueName\":\"search_term_string\"}}],\"inLanguage\":\"fr-FR\"},{\"@type\":\"Organization\",\"@id\":\"https:\\\/\\\/whatthefrance.org\\\/fr\\\/#organization\",\"name\":\"What The France\",\"url\":\"https:\\\/\\\/whatthefrance.org\\\/fr\\\/\",\"logo\":{\"@type\":\"ImageObject\",\"inLanguage\":\"fr-FR\",\"@id\":\"https:\\\/\\\/whatthefrance.org\\\/fr\\\/#\\\/schema\\\/logo\\\/image\\\/\",\"url\":\"https:\\\/\\\/whatthefrance.org\\\/wp-content\\\/uploads\\\/2019\\\/12\\\/44688719_2251580388408837_694180218134331392_n-e1577679609190.png\",\"contentUrl\":\"https:\\\/\\\/whatthefrance.org\\\/wp-content\\\/uploads\\\/2019\\\/12\\\/44688719_2251580388408837_694180218134331392_n-e1577679609190.png\",\"width\":200,\"height\":200,\"caption\":\"What The France\"},\"image\":{\"@id\":\"https:\\\/\\\/whatthefrance.org\\\/fr\\\/#\\\/schema\\\/logo\\\/image\\\/\"}},{\"@type\":\"Person\",\"@id\":\"https:\\\/\\\/whatthefrance.org\\\/fr\\\/#\\\/schema\\\/person\\\/3b7ea6fb70b536503b3e8c909c564a81\",\"name\":\"Marie-Sophie Administrateur\",\"image\":{\"@type\":\"ImageObject\",\"inLanguage\":\"fr-FR\",\"@id\":\"https:\\\/\\\/secure.gravatar.com\\\/avatar\\\/d57e4552c73c8713409cd3c2de53bdb5d220ebdd76dc7ba351b2dbae89f5afa9?s=96&d=mm&r=g\",\"url\":\"https:\\\/\\\/secure.gravatar.com\\\/avatar\\\/d57e4552c73c8713409cd3c2de53bdb5d220ebdd76dc7ba351b2dbae89f5afa9?s=96&d=mm&r=g\",\"contentUrl\":\"https:\\\/\\\/secure.gravatar.com\\\/avatar\\\/d57e4552c73c8713409cd3c2de53bdb5d220ebdd76dc7ba351b2dbae89f5afa9?s=96&d=mm&r=g\",\"caption\":\"Marie-Sophie Administrateur\"}}]}<\/script>\n<!-- \/ Yoast SEO plugin. -->","yoast_head_json":{"title":"BISE Festival | D\u00e9couvrez la programmation dans notre playlist ! - What the France","robots":{"index":"index","follow":"follow","max-snippet":"max-snippet:-1","max-image-preview":"max-image-preview:large","max-video-preview":"max-video-preview:-1"},"canonical":"https:\/\/whatthefrance.org\/fr\/bise-festival-decouvrez-la-programmation-dans-notre-playlist\/","og_locale":"fr_FR","og_type":"article","og_title":"BISE Festival | D\u00e9couvrez la programmation dans notre playlist ! - What the France","og_description":"Le\u00a0BISE\u00a0festival revient pour sa deuxi\u00e8me \u00e9dition avec\u00a026 artistes\u00a0les\u00a018 et 19 janvier 2022\u00a0! Le festival de showcases\u00a0nantais pr\u00e9sentera des artistes \u00e9mergents de tous les horizons\u00a0: pop, hip-hop, \u00e9lectro, rock&#8230; sur 4 sc\u00e8nes. Ouvert aux professionnels de la musique et au public, le BISE est organis\u00e9 par l\u2019association\u00a0VADYM, compos\u00e9e des structures VIA, \u00c0 Gauche de la Lune, [&hellip;]","og_url":"https:\/\/whatthefrance.org\/fr\/bise-festival-decouvrez-la-programmation-dans-notre-playlist\/","og_site_name":"What the France","article_published_time":"2021-12-17T09:00:54+00:00","og_image":[{"url":"https:\/\/whatthefrance.org\/wp-content\/uploads\/2021\/12\/bise_2022_what_the_france.png","height":452,"width":1084,"type":""},{"url":"https:\/\/img.mailinblue.com\/1580741\/images\/rnb\/original\/61a524e3b8551971e83705f7.jpg","type":"","width":"","height":""}],"author":"Marie-Sophie Administrateur","twitter_card":"summary_large_image","twitter_misc":{"\u00c9crit par":"Marie-Sophie Administrateur","Dur\u00e9e de lecture estim\u00e9e":"1 minute"},"schema":{"@context":"https:\/\/schema.org","@graph":[{"@type":"Article","@id":"https:\/\/whatthefrance.org\/fr\/bise-festival-decouvrez-la-programmation-dans-notre-playlist\/#article","isPartOf":{"@id":"https:\/\/whatthefrance.org\/fr\/bise-festival-decouvrez-la-programmation-dans-notre-playlist\/"},"author":{"name":"Marie-Sophie Administrateur","@id":"https:\/\/whatthefrance.org\/fr\/#\/schema\/person\/3b7ea6fb70b536503b3e8c909c564a81"},"headline":"BISE Festival | D\u00e9couvrez la programmation dans notre playlist !","datePublished":"2021-12-17T09:00:54+00:00","mainEntityOfPage":{"@id":"https:\/\/whatthefrance.org\/fr\/bise-festival-decouvrez-la-programmation-dans-notre-playlist\/"},"wordCount":112,"publisher":{"@id":"https:\/\/whatthefrance.org\/fr\/#organization"},"image":{"@id":"https:\/\/whatthefrance.org\/fr\/bise-festival-decouvrez-la-programmation-dans-notre-playlist\/#primaryimage"},"thumbnailUrl":"https:\/\/img.mailinblue.com\/1580741\/images\/rnb\/original\/61a524e3b8551971e83705f7.jpg","keywords":["Electronic","Hip-Hop","Pop","Rock"],"articleSection":["Event"],"inLanguage":"fr-FR"},{"@type":"WebPage","@id":"https:\/\/whatthefrance.org\/fr\/bise-festival-decouvrez-la-programmation-dans-notre-playlist\/","url":"https:\/\/whatthefrance.org\/fr\/bise-festival-decouvrez-la-programmation-dans-notre-playlist\/","name":"BISE Festival | D\u00e9couvrez la programmation dans notre playlist ! - What the France","isPartOf":{"@id":"https:\/\/whatthefrance.org\/fr\/#website"},"primaryImageOfPage":{"@id":"https:\/\/whatthefrance.org\/fr\/bise-festival-decouvrez-la-programmation-dans-notre-playlist\/#primaryimage"},"image":{"@id":"https:\/\/whatthefrance.org\/fr\/bise-festival-decouvrez-la-programmation-dans-notre-playlist\/#primaryimage"},"thumbnailUrl":"https:\/\/img.mailinblue.com\/1580741\/images\/rnb\/original\/61a524e3b8551971e83705f7.jpg","datePublished":"2021-12-17T09:00:54+00:00","breadcrumb":{"@id":"https:\/\/whatthefrance.org\/fr\/bise-festival-decouvrez-la-programmation-dans-notre-playlist\/#breadcrumb"},"inLanguage":"fr-FR","potentialAction":[{"@type":"ReadAction","target":["https:\/\/whatthefrance.org\/fr\/bise-festival-decouvrez-la-programmation-dans-notre-playlist\/"]}]},{"@type":"ImageObject","inLanguage":"fr-FR","@id":"https:\/\/whatthefrance.org\/fr\/bise-festival-decouvrez-la-programmation-dans-notre-playlist\/#primaryimage","url":"https:\/\/img.mailinblue.com\/1580741\/images\/rnb\/original\/61a524e3b8551971e83705f7.jpg","contentUrl":"https:\/\/img.mailinblue.com\/1580741\/images\/rnb\/original\/61a524e3b8551971e83705f7.jpg"},{"@type":"BreadcrumbList","@id":"https:\/\/whatthefrance.org\/fr\/bise-festival-decouvrez-la-programmation-dans-notre-playlist\/#breadcrumb","itemListElement":[{"@type":"ListItem","position":1,"name":"Home","item":"https:\/\/whatthefrance.org\/fr\/"},{"@type":"ListItem","position":2,"name":"BISE Festival | D\u00e9couvrez la programmation dans notre playlist !"}]},{"@type":"WebSite","@id":"https:\/\/whatthefrance.org\/fr\/#website","url":"https:\/\/whatthefrance.org\/fr\/","name":"What the France","description":"The finest music made in France !","publisher":{"@id":"https:\/\/whatthefrance.org\/fr\/#organization"},"potentialAction":[{"@type":"SearchAction","target":{"@type":"EntryPoint","urlTemplate":"https:\/\/whatthefrance.org\/fr\/?s={search_term_string}"},"query-input":{"@type":"PropertyValueSpecification","valueRequired":true,"valueName":"search_term_string"}}],"inLanguage":"fr-FR"},{"@type":"Organization","@id":"https:\/\/whatthefrance.org\/fr\/#organization","name":"What The France","url":"https:\/\/whatthefrance.org\/fr\/","logo":{"@type":"ImageObject","inLanguage":"fr-FR","@id":"https:\/\/whatthefrance.org\/fr\/#\/schema\/logo\/image\/","url":"https:\/\/whatthefrance.org\/wp-content\/uploads\/2019\/12\/44688719_2251580388408837_694180218134331392_n-e1577679609190.png","contentUrl":"https:\/\/whatthefrance.org\/wp-content\/uploads\/2019\/12\/44688719_2251580388408837_694180218134331392_n-e1577679609190.png","width":200,"height":200,"caption":"What The France"},"image":{"@id":"https:\/\/whatthefrance.org\/fr\/#\/schema\/logo\/image\/"}},{"@type":"Person","@id":"https:\/\/whatthefrance.org\/fr\/#\/schema\/person\/3b7ea6fb70b536503b3e8c909c564a81","name":"Marie-Sophie Administrateur","image":{"@type":"ImageObject","inLanguage":"fr-FR","@id":"https:\/\/secure.gravatar.com\/avatar\/d57e4552c73c8713409cd3c2de53bdb5d220ebdd76dc7ba351b2dbae89f5afa9?s=96&d=mm&r=g","url":"https:\/\/secure.gravatar.com\/avatar\/d57e4552c73c8713409cd3c2de53bdb5d220ebdd76dc7ba351b2dbae89f5afa9?s=96&d=mm&r=g","contentUrl":"https:\/\/secure.gravatar.com\/avatar\/d57e4552c73c8713409cd3c2de53bdb5d220ebdd76dc7ba351b2dbae89f5afa9?s=96&d=mm&r=g","caption":"Marie-Sophie Administrateur"}}]}},"_links":{"self":[{"href":"https:\/\/whatthefrance.org\/fr\/wp-json\/wp\/v2\/posts\/35427","targetHints":{"allow":["GET"]}}],"collection":[{"href":"https:\/\/whatthefrance.org\/fr\/wp-json\/wp\/v2\/posts"}],"about":[{"href":"https:\/\/whatthefrance.org\/fr\/wp-json\/wp\/v2\/types\/post"}],"author":[{"embeddable":true,"href":"https:\/\/whatthefrance.org\/fr\/wp-json\/wp\/v2\/users\/6"}],"replies":[{"embeddable":true,"href":"https:\/\/whatthefrance.org\/fr\/wp-json\/wp\/v2\/comments?post=35427"}],"version-history":[{"count":10,"href":"https:\/\/whatthefrance.org\/fr\/wp-json\/wp\/v2\/posts\/35427\/revisions"}],"predecessor-version":[{"id":36270,"href":"https:\/\/whatthefrance.org\/fr\/wp-json\/wp\/v2\/posts\/35427\/revisions\/36270"}],"wp:attachment":[{"href":"https:\/\/whatthefrance.org\/fr\/wp-json\/wp\/v2\/media?parent=35427"}],"wp:term":[{"taxonomy":"category","embeddable":true,"href":"https:\/\/whatthefrance.org\/fr\/wp-json\/wp\/v2\/categories?post=35427"},{"taxonomy":"post_tag","embeddable":true,"href":"https:\/\/whatthefrance.org\/fr\/wp-json\/wp\/v2\/tags?post=35427"}],"curies":[{"name":"wp","href":"https:\/\/api.w.org\/{rel}","templated":true}]}}