{"id":36580,"date":"2022-01-12T10:00:44","date_gmt":"2022-01-12T09:00:44","guid":{"rendered":"https:\/\/whatthefrance.org\/?p=36580"},"modified":"2022-01-19T17:12:36","modified_gmt":"2022-01-19T16:12:36","slug":"le-sunset-le-club-de-jazz-fete-ses-40-ans","status":"publish","type":"post","link":"https:\/\/whatthefrance.org\/fr\/le-sunset-le-club-de-jazz-fete-ses-40-ans\/","title":{"rendered":"Le Sunset | Le club de Jazz f\u00eate ses 40 ans"},"content":{"rendered":"<p>Un des hauts lieux de la musique jazz \u00e0 Paris,<span class=\"apple-converted-space\">\u00a0<\/span><strong><a href=\"https:\/\/fra01.safelinks.protection.outlook.com\/?url=https%3A%2F%2Fwww.sunset-sunside.com%2F&amp;data=04%7C01%7Cmarie-sophie.cazin%40cnm.fr%7Cb887f40728d64cf2667408d9d4e8d2e4%7Cba774e6290394882a8cac4a49ebaf0d1%7C1%7C0%7C637774918701857446%7CUnknown%7CTWFpbGZsb3d8eyJWIjoiMC4wLjAwMDAiLCJQIjoiV2luMzIiLCJBTiI6Ik1haWwiLCJXVCI6Mn0%3D%7C3000&amp;sdata=Wk91MQWlGfOs0k82O65yH%2BCsNhJCWxONAWp5sf8XgWA%3D&amp;reserved=0\" target=\"_blank\" rel=\"noopener\">le Sunset<\/a><\/strong>, f\u00eate ses 40 ans !<\/p>\n<p>Cet \u00e9tablissement embl\u00e9matique a vu na\u00eetre des artistes \u00e0 la renomm\u00e9e aujourd\u2019hui mondiale tels que<span class=\"apple-converted-space\">\u00a0<\/span><strong>Brad Mehldau, Avisha\u00ef Cohen<\/strong>\u2026, sans oublier son r\u00f4le dans la d\u00e9couverte de l\u2019\u00e9mergence fran\u00e7aise et europ\u00e9enne.<span class=\"apple-converted-space\">\u00a0<\/span><\/p>\n<p><span class=\"apple-converted-space\"><b>Pour c\u00e9l\u00e9brer ces 40 ann\u00e9es ensemble, le club de jazz nous offre une programmation haute en couleur avec une soir\u00e9e exceptionnelle le 28 janvier 2022 au\u00a0<\/b><\/span><strong><a title=\"URL d\u2019origine\u00a0: https:\/\/www.chatelet.com\/programmation\/saison-2021-2022\/40-ans-du-sunset-sunside\/ Cliquez pour suivre le lien.\" href=\"https:\/\/fra01.safelinks.protection.outlook.com\/?url=https%3A%2F%2Fwww.chatelet.com%2Fprogrammation%2Fsaison-2021-2022%2F40-ans-du-sunset-sunside%2F&amp;data=04%7C01%7Cmarie-sophie.cazin%40cnm.fr%7Cb887f40728d64cf2667408d9d4e8d2e4%7Cba774e6290394882a8cac4a49ebaf0d1%7C1%7C0%7C637774918701857446%7CUnknown%7CTWFpbGZsb3d8eyJWIjoiMC4wLjAwMDAiLCJQIjoiV2luMzIiLCJBTiI6Ik1haWwiLCJXVCI6Mn0%3D%7C3000&amp;sdata=JpX%2F3gBj%2BZONmUfme%2FxyqRjbQ8JAy2lhwzTVg9IqqP0%3D&amp;reserved=0\" target=\"_blank\" rel=\"noopener\">th\u00e9\u00e2tre du Ch\u00e2telet.<\/a><\/strong><span class=\"apple-converted-space\"><b>\u00a0<\/b><\/span><\/p>\n<p><img decoding=\"async\" class=\" wp-image-36591 aligncenter\" src=\"https:\/\/whatthefrance.org\/wp-content\/uploads\/2022\/01\/40_sunset_what_the_france-212x300.png\" alt=\"\" width=\"354\" height=\"501\" srcset=\"https:\/\/whatthefrance.org\/wp-content\/uploads\/2022\/01\/40_sunset_what_the_france-212x300.png 212w, https:\/\/whatthefrance.org\/wp-content\/uploads\/2022\/01\/40_sunset_what_the_france.png 542w\" sizes=\"(max-width: 354px) 100vw, 354px\" \/><\/p>\n<h3>Programme<\/h3>\n<p><strong>1\u00e8re partie<\/strong><br \/>\nJean-Jacques Milteau<br \/>\nSylvain Luc et St\u00e9phane Belmondo<br \/>\nJacky Terrasson Trio<\/p>\n<p><strong>2\u00e8me partie<\/strong><br \/>\nYaron Herman<br \/>\nDavid El Malek<br \/>\nEtienne Mbapp\u00e9 \u2013 Nec+<br \/>\nRhoda Scott \u2013 Lady All Stars<\/p>\n<h3>D\u00e9couvrez la playlist du festival<\/h3>\n<div class=\"playListBloc singleBloc\"><div class=\"playListBloc-wrap\">    <div class=\"thumbnail\"><img data-src=\"https:\/\/whatthefrance.org\/wp-content\/uploads\/2022\/01\/WTF-Cover-Partners_40_ans_sunset-254x254.jpg\" class=\"lazyload\" alt=\"WTF&#8212;Cover-Partners_40_ans_sunset\" \/>    <\/div>    <div class=\"infos\">        <span class=\"tag\">Events<\/span>        <h2>40 ans du Sunset by What the France<\/h2>        <span class=\"separator\"><\/span>       <span class=\"desc\">Discover a selection of songs from the artists that will be performing at the 40th Sunset.<\/span><div class=\"share flex flexAlignCenter \">\t<span class=\"label\">Partager<\/span>\t<a href=\"https:\/\/www.facebook.com\/sharer\/sharer.php?u=https:\/\/whatthefrance.org\/fr\/playlists\/40-ans-du-sunset-by-what-the-france\/\" class=\"facebook\" target=\"_blank\" rel=\"noreferrer\">Facebook<\/a>\t<a href=\"https:\/\/twitter.com\/intent\/tweet?url=https:\/\/whatthefrance.org\/fr\/playlists\/40-ans-du-sunset-by-what-the-france\/&text=40+ans+du+Sunset+by+What+the+France&hashtags=WTF\" class=\"twitter\" target=\"_blank\" rel=\"noreferrer\">Twitter<\/a>\t<a href=\"mailto:?subject=What%20the%20France%20%3A%2040%20ans%20du%20Sunset%20by%20What%20the%20France&body=https:\/\/whatthefrance.org\/fr\/playlists\/40-ans-du-sunset-by-what-the-france\/\" class=\"mail\" target=\"_blank\" rel=\"noreferrer\">Email<\/a><\/div>        <a href=\"#\" class=\"btn btnPlaylist orange playlist-click\" data-id=\"36601\">            <svg version=\"1.1\" x=\"0px\" y=\"0px\" width=\"40px\" height=\"40px\" viewBox=\"0 0 213.7 213.7\" enable-background=\"new 0 0 213.7 213.7\" xml:space=\"preserve\">                <polygon class=\"triangle\" fill=\"none\" stroke-width=\"10\" stroke-linecap=\"round\" stroke-linejoin=\"round\" stroke-miterlimit=\"10\" points=\"\n            73.5,62.5 148.5,105.8 73.5,149.1 \"\/>                <circle class=\"circle\" fill=\"none\"  stroke-width=\"8\" stroke-linecap=\"round\" stroke-linejoin=\"round\" stroke-miterlimit=\"10\" cx=\"106.8\" cy=\"106.8\" r=\"103.3\"\/>                <circle class=\"circle-white\" fill=\"none\"  stroke-width=\"8\" stroke-linecap=\"round\" stroke-linejoin=\"round\" stroke-miterlimit=\"10\" cx=\"106.8\" cy=\"106.8\" r=\"103.3\"\/>            <\/svg>Ecouter        <\/a>    <\/div>  <\/div><\/div>\n<p><iframe loading=\"lazy\" title=\"Eric Serra : l&#039;interview des #40ANSDUSUNSET\" width=\"500\" height=\"281\" src=\"https:\/\/www.youtube.com\/embed\/4UJtWGQQmyo?feature=oembed\" frameborder=\"0\" allow=\"accelerometer; autoplay; clipboard-write; encrypted-media; gyroscope; picture-in-picture; web-share\" referrerpolicy=\"strict-origin-when-cross-origin\" allowfullscreen><\/iframe><\/p>\n","protected":false},"excerpt":{"rendered":"<p>Un des hauts lieux de la musique jazz \u00e0 Paris,\u00a0le Sunset, f\u00eate ses 40 ans ! Cet \u00e9tablissement embl\u00e9matique a vu na\u00eetre des artistes \u00e0 la renomm\u00e9e aujourd\u2019hui mondiale tels que\u00a0Brad Mehldau, Avisha\u00ef Cohen\u2026, sans oublier son r\u00f4le dans la d\u00e9couverte de l\u2019\u00e9mergence fran\u00e7aise et europ\u00e9enne.\u00a0 Pour c\u00e9l\u00e9brer ces 40 ann\u00e9es ensemble, le club de [&hellip;]<\/p>\n","protected":false},"author":6,"featured_media":0,"comment_status":"closed","ping_status":"closed","sticky":false,"template":"","format":"standard","meta":{"_acf_changed":false,"footnotes":""},"categories":[213],"tags":[334],"class_list":["post-36580","post","type-post","status-publish","format-standard","hentry","category-event-fr","tag-jazz-fr"],"acf":[],"yoast_head":"<!-- This site is optimized with the Yoast SEO plugin v27.3 - https:\/\/yoast.com\/product\/yoast-seo-wordpress\/ -->\n<title>Le Sunset | Le club de Jazz f\u00eate ses 40 ans - What the France<\/title>\n<meta name=\"robots\" content=\"index, follow, max-snippet:-1, max-image-preview:large, max-video-preview:-1\" \/>\n<link rel=\"canonical\" href=\"https:\/\/whatthefrance.org\/fr\/le-sunset-le-club-de-jazz-fete-ses-40-ans\/\" \/>\n<meta property=\"og:locale\" content=\"fr_FR\" \/>\n<meta property=\"og:type\" content=\"article\" \/>\n<meta property=\"og:title\" content=\"Le Sunset | Le club de Jazz f\u00eate ses 40 ans - What the France\" \/>\n<meta property=\"og:description\" content=\"Un des hauts lieux de la musique jazz \u00e0 Paris,\u00a0le Sunset, f\u00eate ses 40 ans ! Cet \u00e9tablissement embl\u00e9matique a vu na\u00eetre des artistes \u00e0 la renomm\u00e9e aujourd\u2019hui mondiale tels que\u00a0Brad Mehldau, Avisha\u00ef Cohen\u2026, sans oublier son r\u00f4le dans la d\u00e9couverte de l\u2019\u00e9mergence fran\u00e7aise et europ\u00e9enne.\u00a0 Pour c\u00e9l\u00e9brer ces 40 ann\u00e9es ensemble, le club de [&hellip;]\" \/>\n<meta property=\"og:url\" content=\"https:\/\/whatthefrance.org\/fr\/le-sunset-le-club-de-jazz-fete-ses-40-ans\/\" \/>\n<meta property=\"og:site_name\" content=\"What the France\" \/>\n<meta property=\"article:published_time\" content=\"2022-01-12T09:00:44+00:00\" \/>\n<meta property=\"article:modified_time\" content=\"2022-01-19T16:12:36+00:00\" \/>\n<meta property=\"og:image\" content=\"https:\/\/whatthefrance.org\/wp-content\/uploads\/2022\/01\/sunset_what_the_france.png\" \/>\n\t<meta property=\"og:image:width\" content=\"1084\" \/>\n\t<meta property=\"og:image:height\" content=\"452\" \/><meta property=\"og:image\" content=\"https:\/\/whatthefrance.org\/wp-content\/uploads\/2022\/01\/40_sunset_what_the_france-212x300.png\" \/>\n<meta name=\"author\" content=\"Marie-Sophie Administrateur\" \/>\n<meta name=\"twitter:card\" content=\"summary_large_image\" \/>\n<meta name=\"twitter:label1\" content=\"\u00c9crit par\" \/>\n\t<meta name=\"twitter:data1\" content=\"Marie-Sophie Administrateur\" \/>\n\t<meta name=\"twitter:label2\" content=\"Dur\u00e9e de lecture estim\u00e9e\" \/>\n\t<meta name=\"twitter:data2\" content=\"1 minute\" \/>\n<script type=\"application\/ld+json\" class=\"yoast-schema-graph\">{\"@context\":\"https:\\\/\\\/schema.org\",\"@graph\":[{\"@type\":\"Article\",\"@id\":\"https:\\\/\\\/whatthefrance.org\\\/fr\\\/le-sunset-le-club-de-jazz-fete-ses-40-ans\\\/#article\",\"isPartOf\":{\"@id\":\"https:\\\/\\\/whatthefrance.org\\\/fr\\\/le-sunset-le-club-de-jazz-fete-ses-40-ans\\\/\"},\"author\":{\"name\":\"Marie-Sophie Administrateur\",\"@id\":\"https:\\\/\\\/whatthefrance.org\\\/fr\\\/#\\\/schema\\\/person\\\/3b7ea6fb70b536503b3e8c909c564a81\"},\"headline\":\"Le Sunset | Le club de Jazz f\u00eate ses 40 ans\",\"datePublished\":\"2022-01-12T09:00:44+00:00\",\"dateModified\":\"2022-01-19T16:12:36+00:00\",\"mainEntityOfPage\":{\"@id\":\"https:\\\/\\\/whatthefrance.org\\\/fr\\\/le-sunset-le-club-de-jazz-fete-ses-40-ans\\\/\"},\"wordCount\":140,\"publisher\":{\"@id\":\"https:\\\/\\\/whatthefrance.org\\\/fr\\\/#organization\"},\"image\":{\"@id\":\"https:\\\/\\\/whatthefrance.org\\\/fr\\\/le-sunset-le-club-de-jazz-fete-ses-40-ans\\\/#primaryimage\"},\"thumbnailUrl\":\"https:\\\/\\\/whatthefrance.org\\\/wp-content\\\/uploads\\\/2022\\\/01\\\/40_sunset_what_the_france-212x300.png\",\"keywords\":[\"Jazz\"],\"articleSection\":[\"Event\"],\"inLanguage\":\"fr-FR\"},{\"@type\":\"WebPage\",\"@id\":\"https:\\\/\\\/whatthefrance.org\\\/fr\\\/le-sunset-le-club-de-jazz-fete-ses-40-ans\\\/\",\"url\":\"https:\\\/\\\/whatthefrance.org\\\/fr\\\/le-sunset-le-club-de-jazz-fete-ses-40-ans\\\/\",\"name\":\"Le Sunset | Le club de Jazz f\u00eate ses 40 ans - What the France\",\"isPartOf\":{\"@id\":\"https:\\\/\\\/whatthefrance.org\\\/fr\\\/#website\"},\"primaryImageOfPage\":{\"@id\":\"https:\\\/\\\/whatthefrance.org\\\/fr\\\/le-sunset-le-club-de-jazz-fete-ses-40-ans\\\/#primaryimage\"},\"image\":{\"@id\":\"https:\\\/\\\/whatthefrance.org\\\/fr\\\/le-sunset-le-club-de-jazz-fete-ses-40-ans\\\/#primaryimage\"},\"thumbnailUrl\":\"https:\\\/\\\/whatthefrance.org\\\/wp-content\\\/uploads\\\/2022\\\/01\\\/40_sunset_what_the_france-212x300.png\",\"datePublished\":\"2022-01-12T09:00:44+00:00\",\"dateModified\":\"2022-01-19T16:12:36+00:00\",\"breadcrumb\":{\"@id\":\"https:\\\/\\\/whatthefrance.org\\\/fr\\\/le-sunset-le-club-de-jazz-fete-ses-40-ans\\\/#breadcrumb\"},\"inLanguage\":\"fr-FR\",\"potentialAction\":[{\"@type\":\"ReadAction\",\"target\":[\"https:\\\/\\\/whatthefrance.org\\\/fr\\\/le-sunset-le-club-de-jazz-fete-ses-40-ans\\\/\"]}]},{\"@type\":\"ImageObject\",\"inLanguage\":\"fr-FR\",\"@id\":\"https:\\\/\\\/whatthefrance.org\\\/fr\\\/le-sunset-le-club-de-jazz-fete-ses-40-ans\\\/#primaryimage\",\"url\":\"https:\\\/\\\/whatthefrance.org\\\/wp-content\\\/uploads\\\/2022\\\/01\\\/40_sunset_what_the_france-212x300.png\",\"contentUrl\":\"https:\\\/\\\/whatthefrance.org\\\/wp-content\\\/uploads\\\/2022\\\/01\\\/40_sunset_what_the_france-212x300.png\"},{\"@type\":\"BreadcrumbList\",\"@id\":\"https:\\\/\\\/whatthefrance.org\\\/fr\\\/le-sunset-le-club-de-jazz-fete-ses-40-ans\\\/#breadcrumb\",\"itemListElement\":[{\"@type\":\"ListItem\",\"position\":1,\"name\":\"Home\",\"item\":\"https:\\\/\\\/whatthefrance.org\\\/fr\\\/\"},{\"@type\":\"ListItem\",\"position\":2,\"name\":\"Le Sunset | Le club de Jazz f\u00eate ses 40 ans\"}]},{\"@type\":\"WebSite\",\"@id\":\"https:\\\/\\\/whatthefrance.org\\\/fr\\\/#website\",\"url\":\"https:\\\/\\\/whatthefrance.org\\\/fr\\\/\",\"name\":\"What the France\",\"description\":\"The finest music made in France !\",\"publisher\":{\"@id\":\"https:\\\/\\\/whatthefrance.org\\\/fr\\\/#organization\"},\"potentialAction\":[{\"@type\":\"SearchAction\",\"target\":{\"@type\":\"EntryPoint\",\"urlTemplate\":\"https:\\\/\\\/whatthefrance.org\\\/fr\\\/?s={search_term_string}\"},\"query-input\":{\"@type\":\"PropertyValueSpecification\",\"valueRequired\":true,\"valueName\":\"search_term_string\"}}],\"inLanguage\":\"fr-FR\"},{\"@type\":\"Organization\",\"@id\":\"https:\\\/\\\/whatthefrance.org\\\/fr\\\/#organization\",\"name\":\"What The France\",\"url\":\"https:\\\/\\\/whatthefrance.org\\\/fr\\\/\",\"logo\":{\"@type\":\"ImageObject\",\"inLanguage\":\"fr-FR\",\"@id\":\"https:\\\/\\\/whatthefrance.org\\\/fr\\\/#\\\/schema\\\/logo\\\/image\\\/\",\"url\":\"https:\\\/\\\/whatthefrance.org\\\/wp-content\\\/uploads\\\/2019\\\/12\\\/44688719_2251580388408837_694180218134331392_n-e1577679609190.png\",\"contentUrl\":\"https:\\\/\\\/whatthefrance.org\\\/wp-content\\\/uploads\\\/2019\\\/12\\\/44688719_2251580388408837_694180218134331392_n-e1577679609190.png\",\"width\":200,\"height\":200,\"caption\":\"What The France\"},\"image\":{\"@id\":\"https:\\\/\\\/whatthefrance.org\\\/fr\\\/#\\\/schema\\\/logo\\\/image\\\/\"}},{\"@type\":\"Person\",\"@id\":\"https:\\\/\\\/whatthefrance.org\\\/fr\\\/#\\\/schema\\\/person\\\/3b7ea6fb70b536503b3e8c909c564a81\",\"name\":\"Marie-Sophie Administrateur\",\"image\":{\"@type\":\"ImageObject\",\"inLanguage\":\"fr-FR\",\"@id\":\"https:\\\/\\\/secure.gravatar.com\\\/avatar\\\/d57e4552c73c8713409cd3c2de53bdb5d220ebdd76dc7ba351b2dbae89f5afa9?s=96&d=mm&r=g\",\"url\":\"https:\\\/\\\/secure.gravatar.com\\\/avatar\\\/d57e4552c73c8713409cd3c2de53bdb5d220ebdd76dc7ba351b2dbae89f5afa9?s=96&d=mm&r=g\",\"contentUrl\":\"https:\\\/\\\/secure.gravatar.com\\\/avatar\\\/d57e4552c73c8713409cd3c2de53bdb5d220ebdd76dc7ba351b2dbae89f5afa9?s=96&d=mm&r=g\",\"caption\":\"Marie-Sophie Administrateur\"}}]}<\/script>\n<!-- \/ Yoast SEO plugin. -->","yoast_head_json":{"title":"Le Sunset | Le club de Jazz f\u00eate ses 40 ans - What the France","robots":{"index":"index","follow":"follow","max-snippet":"max-snippet:-1","max-image-preview":"max-image-preview:large","max-video-preview":"max-video-preview:-1"},"canonical":"https:\/\/whatthefrance.org\/fr\/le-sunset-le-club-de-jazz-fete-ses-40-ans\/","og_locale":"fr_FR","og_type":"article","og_title":"Le Sunset | Le club de Jazz f\u00eate ses 40 ans - What the France","og_description":"Un des hauts lieux de la musique jazz \u00e0 Paris,\u00a0le Sunset, f\u00eate ses 40 ans ! Cet \u00e9tablissement embl\u00e9matique a vu na\u00eetre des artistes \u00e0 la renomm\u00e9e aujourd\u2019hui mondiale tels que\u00a0Brad Mehldau, Avisha\u00ef Cohen\u2026, sans oublier son r\u00f4le dans la d\u00e9couverte de l\u2019\u00e9mergence fran\u00e7aise et europ\u00e9enne.\u00a0 Pour c\u00e9l\u00e9brer ces 40 ann\u00e9es ensemble, le club de [&hellip;]","og_url":"https:\/\/whatthefrance.org\/fr\/le-sunset-le-club-de-jazz-fete-ses-40-ans\/","og_site_name":"What the France","article_published_time":"2022-01-12T09:00:44+00:00","article_modified_time":"2022-01-19T16:12:36+00:00","og_image":[{"url":"https:\/\/whatthefrance.org\/wp-content\/uploads\/2022\/01\/sunset_what_the_france.png","height":452,"width":1084,"type":""},{"url":"https:\/\/whatthefrance.org\/wp-content\/uploads\/2022\/01\/40_sunset_what_the_france-212x300.png","type":"","width":"","height":""}],"author":"Marie-Sophie Administrateur","twitter_card":"summary_large_image","twitter_misc":{"\u00c9crit par":"Marie-Sophie Administrateur","Dur\u00e9e de lecture estim\u00e9e":"1 minute"},"schema":{"@context":"https:\/\/schema.org","@graph":[{"@type":"Article","@id":"https:\/\/whatthefrance.org\/fr\/le-sunset-le-club-de-jazz-fete-ses-40-ans\/#article","isPartOf":{"@id":"https:\/\/whatthefrance.org\/fr\/le-sunset-le-club-de-jazz-fete-ses-40-ans\/"},"author":{"name":"Marie-Sophie Administrateur","@id":"https:\/\/whatthefrance.org\/fr\/#\/schema\/person\/3b7ea6fb70b536503b3e8c909c564a81"},"headline":"Le Sunset | Le club de Jazz f\u00eate ses 40 ans","datePublished":"2022-01-12T09:00:44+00:00","dateModified":"2022-01-19T16:12:36+00:00","mainEntityOfPage":{"@id":"https:\/\/whatthefrance.org\/fr\/le-sunset-le-club-de-jazz-fete-ses-40-ans\/"},"wordCount":140,"publisher":{"@id":"https:\/\/whatthefrance.org\/fr\/#organization"},"image":{"@id":"https:\/\/whatthefrance.org\/fr\/le-sunset-le-club-de-jazz-fete-ses-40-ans\/#primaryimage"},"thumbnailUrl":"https:\/\/whatthefrance.org\/wp-content\/uploads\/2022\/01\/40_sunset_what_the_france-212x300.png","keywords":["Jazz"],"articleSection":["Event"],"inLanguage":"fr-FR"},{"@type":"WebPage","@id":"https:\/\/whatthefrance.org\/fr\/le-sunset-le-club-de-jazz-fete-ses-40-ans\/","url":"https:\/\/whatthefrance.org\/fr\/le-sunset-le-club-de-jazz-fete-ses-40-ans\/","name":"Le Sunset | Le club de Jazz f\u00eate ses 40 ans - What the France","isPartOf":{"@id":"https:\/\/whatthefrance.org\/fr\/#website"},"primaryImageOfPage":{"@id":"https:\/\/whatthefrance.org\/fr\/le-sunset-le-club-de-jazz-fete-ses-40-ans\/#primaryimage"},"image":{"@id":"https:\/\/whatthefrance.org\/fr\/le-sunset-le-club-de-jazz-fete-ses-40-ans\/#primaryimage"},"thumbnailUrl":"https:\/\/whatthefrance.org\/wp-content\/uploads\/2022\/01\/40_sunset_what_the_france-212x300.png","datePublished":"2022-01-12T09:00:44+00:00","dateModified":"2022-01-19T16:12:36+00:00","breadcrumb":{"@id":"https:\/\/whatthefrance.org\/fr\/le-sunset-le-club-de-jazz-fete-ses-40-ans\/#breadcrumb"},"inLanguage":"fr-FR","potentialAction":[{"@type":"ReadAction","target":["https:\/\/whatthefrance.org\/fr\/le-sunset-le-club-de-jazz-fete-ses-40-ans\/"]}]},{"@type":"ImageObject","inLanguage":"fr-FR","@id":"https:\/\/whatthefrance.org\/fr\/le-sunset-le-club-de-jazz-fete-ses-40-ans\/#primaryimage","url":"https:\/\/whatthefrance.org\/wp-content\/uploads\/2022\/01\/40_sunset_what_the_france-212x300.png","contentUrl":"https:\/\/whatthefrance.org\/wp-content\/uploads\/2022\/01\/40_sunset_what_the_france-212x300.png"},{"@type":"BreadcrumbList","@id":"https:\/\/whatthefrance.org\/fr\/le-sunset-le-club-de-jazz-fete-ses-40-ans\/#breadcrumb","itemListElement":[{"@type":"ListItem","position":1,"name":"Home","item":"https:\/\/whatthefrance.org\/fr\/"},{"@type":"ListItem","position":2,"name":"Le Sunset | Le club de Jazz f\u00eate ses 40 ans"}]},{"@type":"WebSite","@id":"https:\/\/whatthefrance.org\/fr\/#website","url":"https:\/\/whatthefrance.org\/fr\/","name":"What the France","description":"The finest music made in France !","publisher":{"@id":"https:\/\/whatthefrance.org\/fr\/#organization"},"potentialAction":[{"@type":"SearchAction","target":{"@type":"EntryPoint","urlTemplate":"https:\/\/whatthefrance.org\/fr\/?s={search_term_string}"},"query-input":{"@type":"PropertyValueSpecification","valueRequired":true,"valueName":"search_term_string"}}],"inLanguage":"fr-FR"},{"@type":"Organization","@id":"https:\/\/whatthefrance.org\/fr\/#organization","name":"What The France","url":"https:\/\/whatthefrance.org\/fr\/","logo":{"@type":"ImageObject","inLanguage":"fr-FR","@id":"https:\/\/whatthefrance.org\/fr\/#\/schema\/logo\/image\/","url":"https:\/\/whatthefrance.org\/wp-content\/uploads\/2019\/12\/44688719_2251580388408837_694180218134331392_n-e1577679609190.png","contentUrl":"https:\/\/whatthefrance.org\/wp-content\/uploads\/2019\/12\/44688719_2251580388408837_694180218134331392_n-e1577679609190.png","width":200,"height":200,"caption":"What The France"},"image":{"@id":"https:\/\/whatthefrance.org\/fr\/#\/schema\/logo\/image\/"}},{"@type":"Person","@id":"https:\/\/whatthefrance.org\/fr\/#\/schema\/person\/3b7ea6fb70b536503b3e8c909c564a81","name":"Marie-Sophie Administrateur","image":{"@type":"ImageObject","inLanguage":"fr-FR","@id":"https:\/\/secure.gravatar.com\/avatar\/d57e4552c73c8713409cd3c2de53bdb5d220ebdd76dc7ba351b2dbae89f5afa9?s=96&d=mm&r=g","url":"https:\/\/secure.gravatar.com\/avatar\/d57e4552c73c8713409cd3c2de53bdb5d220ebdd76dc7ba351b2dbae89f5afa9?s=96&d=mm&r=g","contentUrl":"https:\/\/secure.gravatar.com\/avatar\/d57e4552c73c8713409cd3c2de53bdb5d220ebdd76dc7ba351b2dbae89f5afa9?s=96&d=mm&r=g","caption":"Marie-Sophie Administrateur"}}]}},"_links":{"self":[{"href":"https:\/\/whatthefrance.org\/fr\/wp-json\/wp\/v2\/posts\/36580","targetHints":{"allow":["GET"]}}],"collection":[{"href":"https:\/\/whatthefrance.org\/fr\/wp-json\/wp\/v2\/posts"}],"about":[{"href":"https:\/\/whatthefrance.org\/fr\/wp-json\/wp\/v2\/types\/post"}],"author":[{"embeddable":true,"href":"https:\/\/whatthefrance.org\/fr\/wp-json\/wp\/v2\/users\/6"}],"replies":[{"embeddable":true,"href":"https:\/\/whatthefrance.org\/fr\/wp-json\/wp\/v2\/comments?post=36580"}],"version-history":[{"count":8,"href":"https:\/\/whatthefrance.org\/fr\/wp-json\/wp\/v2\/posts\/36580\/revisions"}],"predecessor-version":[{"id":36985,"href":"https:\/\/whatthefrance.org\/fr\/wp-json\/wp\/v2\/posts\/36580\/revisions\/36985"}],"wp:attachment":[{"href":"https:\/\/whatthefrance.org\/fr\/wp-json\/wp\/v2\/media?parent=36580"}],"wp:term":[{"taxonomy":"category","embeddable":true,"href":"https:\/\/whatthefrance.org\/fr\/wp-json\/wp\/v2\/categories?post=36580"},{"taxonomy":"post_tag","embeddable":true,"href":"https:\/\/whatthefrance.org\/fr\/wp-json\/wp\/v2\/tags?post=36580"}],"curies":[{"name":"wp","href":"https:\/\/api.w.org\/{rel}","templated":true}]}}