{"id":36931,"date":"2022-01-20T10:00:40","date_gmt":"2022-01-20T09:00:40","guid":{"rendered":"https:\/\/whatthefrance.org\/?p=36931"},"modified":"2022-01-20T12:02:20","modified_gmt":"2022-01-20T11:02:20","slug":"international-classical-music-awards-2022-la-france-a-lhonneur","status":"publish","type":"post","link":"https:\/\/whatthefrance.org\/fr\/international-classical-music-awards-2022-la-france-a-lhonneur\/","title":{"rendered":"International Classical Music Awards 2022 | La France \u00e0 l\u2019honneur !"},"content":{"rendered":"<p>Le jury des <strong><a href=\"https:\/\/www.icma-info.com\" target=\"_blank\" rel=\"noopener\">International Classical Music Awards<\/a><\/strong> (ICMA)\u00a0a d\u00e9voil\u00e9 son palmar\u00e8s ce 18 janvier 2022, parmi les laur\u00e9ats plusieurs artistes et structures fran\u00e7aises sont \u00e0 l\u2019honneur. Ch\u00e2teau de Versailles Spectacles s\u2019est vu d\u00e9cern\u00e9 le prix du \u00ab\u00a0Label de l\u2019ann\u00e9e\u00a0\u00bb\u00a0: \u00a0\u00ab avec la parution de pr\u00e8s de cinquante CDs et une douzaine de DVDs, Ch\u00e2teau de Versailles Spectacles n\u2019a mis que quatre ans \u00e0 s\u2019imposer comme l\u2019un des labels les plus pertinents sur le march\u00e9 international, notamment dans le domaine de la musique baroque et ancienne \u00bb. La soprano Sandine Piau a \u00e9t\u00e9 distingu\u00e9e dans la cat\u00e9gorie \u00ab\u00a0Enregistrement de musique de chorale de l\u2019ann\u00e9e\u00a0\u00bb pour sa prestation sur \u00ab\u00a0Gioachino Rossini: Petite Messe Solennelle\u00bb (Arcana), le violoniste Th\u00e9otime Langlois de Swarte a \u00e9t\u00e9 r\u00e9compens\u00e9 dans la cat\u00e9gorie \u00ab\u00a0Enregistrement baroque instrumental de l\u2019ann\u00e9e\u00bb pour \u00ab\u00a0The Mad Lover Eccles \u2013 Purcell \u2013 Dunford \u2013 Matteis \u00bb (Harmonia Mundi), l\u2019ensemble Les Talens Lyriques de Christophe Rousset apparait dans la cat\u00e9gorie \u00ab\u00a0Premier enregistrement\u00a0d\u2019une \u0153uvre \u00bb pour son interpr\u00e9tation d\u2019 \u00ab\u00a0Antonio Salieri: Armida \u00bb (Apart\u00e9)\u00a0et enfin, la carri\u00e8re du musicien, chef d\u2019orchestre et compositeur Pierre Cao, fondateur du ch\u0153ur Arsys Bourgogne et directeur artistique des Rencontres Musicale de V\u00e9zelay a \u00e9t\u00e9 salu\u00e9e par \u00ab\u00a0Prix hommage\u00a0\u00bb.<\/p>\n<p>La c\u00e9r\u00e9monie de remise des prix ICMA 2022 se tiendra \u00e0 la Philharmonie Luxembourg le 21 avril prochain. La soir\u00e9e comprendra \u00e9galement un concert de gala avec la participation d\u2019une partie des laur\u00e9ats et de l\u2019Orchestre philharmonique du Luxembourg, qui sera retransmis en direct sur la radio publique 100.7 FM, ainsi que sur diverses radios europ\u00e9ennes ult\u00e9rieurement.<\/p>\n<p>Les International Classical Music Awards sont les r\u00e9compenses les plus importantes pour la musique classique au niveau international. Le jury de cette \u00e9dition est compos\u00e9 de critiques musicaux professionnels \u00e9manant des plus grands magazines, services en ligne et stations de radio : Andante (Turquie), Crescendo Magazine (Belgique), Das Orchester (Allemagne), Deutsche Welle (Allemagne), IMZ (Autriche), MDR-Klassik (Allemagne), Musical Life (Russie), Musica (Italie), Musik &amp; Theater (Suisse), Opera (Royaume-Uni), Orpheus Radio (Russie), Papageno (Hongrie), Pizzicato (Luxembourg), Polskie Radio Chopin (Pologne), Radio 100.7 (Luxembourg), Radio Romania Muzical (Roumanie),\u00a0<a href=\"https:\/\/fra01.safelinks.protection.outlook.com\/?url=http%3A%2F%2Fresmusica.com%2F&amp;data=04%7C01%7Cmarie-sophie.cazin%40cnm.fr%7C359f97e6f013401ed99e08d9dbf82e64%7Cba774e6290394882a8cac4a49ebaf0d1%7C1%7C0%7C637782681237786903%7CUnknown%7CTWFpbGZsb3d8eyJWIjoiMC4wLjAwMDAiLCJQIjoiV2luMzIiLCJBTiI6Ik1haWwiLCJXVCI6Mn0%3D%7C3000&amp;sdata=Hs4BLFOTpWoUPz1kxvl%2FHxaBAkgQIB4kGcbcS69v6Cs%3D&amp;reserved=0\">Resmusica.com<\/a>\u00a0(France), Scherzo (Espagne),\u00a0 Rondo Classic (Finlande), Unison (Croatia).<\/p>\n<p>Retrouvez le Palmar\u00e8s complet des ICMA 2022 ici\u00a0:\u00a0<a href=\"https:\/\/fra01.safelinks.protection.outlook.com\/?url=https%3A%2F%2Fwww.icma-info.com%2Fwinners-2022%2F&amp;data=04%7C01%7Cmarie-sophie.cazin%40cnm.fr%7C359f97e6f013401ed99e08d9dbf82e64%7Cba774e6290394882a8cac4a49ebaf0d1%7C1%7C0%7C637782681237786903%7CUnknown%7CTWFpbGZsb3d8eyJWIjoiMC4wLjAwMDAiLCJQIjoiV2luMzIiLCJBTiI6Ik1haWwiLCJXVCI6Mn0%3D%7C3000&amp;sdata=Ro1zkBp1b5q3HYCMAk7dkuiAs8j09bsfucjqR%2Fb7qII%3D&amp;reserved=0\">https:\/\/www.icma-info.com\/winners-2022\/<\/a><\/p>\n<div class=\"playListBloc singleBloc\"><div class=\"playListBloc-wrap\">    <div class=\"thumbnail\"><img data-src=\"https:\/\/whatthefrance.org\/wp-content\/uploads\/2018\/11\/WTF-Pochettes_classique_4-254x254.jpg\" class=\"lazyload\" alt=\"WTF&#8212;Pochettes_classique_4\" \/>    <\/div>    <div class=\"infos\">        <span class=\"tag\">Genres<\/span>        <h2>Keep it Classique<\/h2>        <span class=\"separator\"><\/span>       <span class=\"desc\">Check out the latest classical music hits made in France.<\/span><div class=\"share flex flexAlignCenter \">\t<span class=\"label\">Partager<\/span>\t<a href=\"https:\/\/www.facebook.com\/sharer\/sharer.php?u=https:\/\/whatthefrance.org\/fr\/playlists\/keep-it-classique\/\" class=\"facebook\" target=\"_blank\" rel=\"noreferrer\">Facebook<\/a>\t<a href=\"https:\/\/twitter.com\/intent\/tweet?url=https:\/\/whatthefrance.org\/fr\/playlists\/keep-it-classique\/&text=Keep+it+Classique&hashtags=WTF\" class=\"twitter\" target=\"_blank\" rel=\"noreferrer\">Twitter<\/a>\t<a href=\"mailto:?subject=What%20the%20France%20%3A%20Keep%20it%20Classique&body=https:\/\/whatthefrance.org\/fr\/playlists\/keep-it-classique\/\" class=\"mail\" target=\"_blank\" rel=\"noreferrer\">Email<\/a><\/div>        <a href=\"#\" class=\"btn btnPlaylist orange playlist-click\" data-id=\"894\">            <svg version=\"1.1\" x=\"0px\" y=\"0px\" width=\"40px\" height=\"40px\" viewBox=\"0 0 213.7 213.7\" enable-background=\"new 0 0 213.7 213.7\" xml:space=\"preserve\">                <polygon class=\"triangle\" fill=\"none\" stroke-width=\"10\" stroke-linecap=\"round\" stroke-linejoin=\"round\" stroke-miterlimit=\"10\" points=\"\n            73.5,62.5 148.5,105.8 73.5,149.1 \"\/>                <circle class=\"circle\" fill=\"none\"  stroke-width=\"8\" stroke-linecap=\"round\" stroke-linejoin=\"round\" stroke-miterlimit=\"10\" cx=\"106.8\" cy=\"106.8\" r=\"103.3\"\/>                <circle class=\"circle-white\" fill=\"none\"  stroke-width=\"8\" stroke-linecap=\"round\" stroke-linejoin=\"round\" stroke-miterlimit=\"10\" cx=\"106.8\" cy=\"106.8\" r=\"103.3\"\/>            <\/svg>Ecouter        <\/a>    <\/div>  <\/div><\/div>\n","protected":false},"excerpt":{"rendered":"<p>Le jury des International Classical Music Awards (ICMA)\u00a0a d\u00e9voil\u00e9 son palmar\u00e8s ce 18 janvier 2022, parmi les laur\u00e9ats plusieurs artistes et structures fran\u00e7aises sont \u00e0 l\u2019honneur. Ch\u00e2teau de Versailles Spectacles s\u2019est vu d\u00e9cern\u00e9 le prix du \u00ab\u00a0Label de l\u2019ann\u00e9e\u00a0\u00bb\u00a0: \u00a0\u00ab avec la parution de pr\u00e8s de cinquante CDs et une douzaine de DVDs, Ch\u00e2teau de [&hellip;]<\/p>\n","protected":false},"author":6,"featured_media":0,"comment_status":"closed","ping_status":"closed","sticky":false,"template":"","format":"standard","meta":{"_acf_changed":false,"footnotes":""},"categories":[203],"tags":[309],"class_list":["post-36931","post","type-post","status-publish","format-standard","hentry","category-award-fr","tag-classical-fr"],"acf":[],"yoast_head":"<!-- This site is optimized with the Yoast SEO plugin v27.3 - https:\/\/yoast.com\/product\/yoast-seo-wordpress\/ -->\n<title>International Classical Music Awards 2022 | La France \u00e0 l\u2019honneur ! - What the France<\/title>\n<meta name=\"robots\" content=\"index, follow, max-snippet:-1, max-image-preview:large, max-video-preview:-1\" \/>\n<link rel=\"canonical\" href=\"https:\/\/whatthefrance.org\/fr\/international-classical-music-awards-2022-la-france-a-lhonneur\/\" \/>\n<meta property=\"og:locale\" content=\"fr_FR\" \/>\n<meta property=\"og:type\" content=\"article\" \/>\n<meta property=\"og:title\" content=\"International Classical Music Awards 2022 | La France \u00e0 l\u2019honneur ! - What the France\" \/>\n<meta property=\"og:description\" content=\"Le jury des International Classical Music Awards (ICMA)\u00a0a d\u00e9voil\u00e9 son palmar\u00e8s ce 18 janvier 2022, parmi les laur\u00e9ats plusieurs artistes et structures fran\u00e7aises sont \u00e0 l\u2019honneur. Ch\u00e2teau de Versailles Spectacles s\u2019est vu d\u00e9cern\u00e9 le prix du \u00ab\u00a0Label de l\u2019ann\u00e9e\u00a0\u00bb\u00a0: \u00a0\u00ab avec la parution de pr\u00e8s de cinquante CDs et une douzaine de DVDs, Ch\u00e2teau de [&hellip;]\" \/>\n<meta property=\"og:url\" content=\"https:\/\/whatthefrance.org\/fr\/international-classical-music-awards-2022-la-france-a-lhonneur\/\" \/>\n<meta property=\"og:site_name\" content=\"What the France\" \/>\n<meta property=\"article:published_time\" content=\"2022-01-20T09:00:40+00:00\" \/>\n<meta property=\"article:modified_time\" content=\"2022-01-20T11:02:20+00:00\" \/>\n<meta property=\"og:image\" content=\"https:\/\/whatthefrance.org\/wp-content\/uploads\/2022\/01\/inter_classic_what_the_france.png\" \/>\n\t<meta property=\"og:image:width\" content=\"1084\" \/>\n\t<meta property=\"og:image:height\" content=\"452\" \/>\n<meta name=\"author\" content=\"Marie-Sophie Administrateur\" \/>\n<meta name=\"twitter:card\" content=\"summary_large_image\" \/>\n<meta name=\"twitter:label1\" content=\"\u00c9crit par\" \/>\n\t<meta name=\"twitter:data1\" content=\"Marie-Sophie Administrateur\" \/>\n\t<meta name=\"twitter:label2\" content=\"Dur\u00e9e de lecture estim\u00e9e\" \/>\n\t<meta name=\"twitter:data2\" content=\"2 minutes\" \/>\n<script type=\"application\/ld+json\" class=\"yoast-schema-graph\">{\"@context\":\"https:\\\/\\\/schema.org\",\"@graph\":[{\"@type\":\"Article\",\"@id\":\"https:\\\/\\\/whatthefrance.org\\\/fr\\\/international-classical-music-awards-2022-la-france-a-lhonneur\\\/#article\",\"isPartOf\":{\"@id\":\"https:\\\/\\\/whatthefrance.org\\\/fr\\\/international-classical-music-awards-2022-la-france-a-lhonneur\\\/\"},\"author\":{\"name\":\"Marie-Sophie Administrateur\",\"@id\":\"https:\\\/\\\/whatthefrance.org\\\/fr\\\/#\\\/schema\\\/person\\\/3b7ea6fb70b536503b3e8c909c564a81\"},\"headline\":\"International Classical Music Awards 2022 | La France \u00e0 l\u2019honneur !\",\"datePublished\":\"2022-01-20T09:00:40+00:00\",\"dateModified\":\"2022-01-20T11:02:20+00:00\",\"mainEntityOfPage\":{\"@id\":\"https:\\\/\\\/whatthefrance.org\\\/fr\\\/international-classical-music-awards-2022-la-france-a-lhonneur\\\/\"},\"wordCount\":401,\"publisher\":{\"@id\":\"https:\\\/\\\/whatthefrance.org\\\/fr\\\/#organization\"},\"keywords\":[\"Classical\"],\"articleSection\":[\"Award\"],\"inLanguage\":\"fr-FR\"},{\"@type\":\"WebPage\",\"@id\":\"https:\\\/\\\/whatthefrance.org\\\/fr\\\/international-classical-music-awards-2022-la-france-a-lhonneur\\\/\",\"url\":\"https:\\\/\\\/whatthefrance.org\\\/fr\\\/international-classical-music-awards-2022-la-france-a-lhonneur\\\/\",\"name\":\"International Classical Music Awards 2022 | La France \u00e0 l\u2019honneur ! - What the France\",\"isPartOf\":{\"@id\":\"https:\\\/\\\/whatthefrance.org\\\/fr\\\/#website\"},\"datePublished\":\"2022-01-20T09:00:40+00:00\",\"dateModified\":\"2022-01-20T11:02:20+00:00\",\"breadcrumb\":{\"@id\":\"https:\\\/\\\/whatthefrance.org\\\/fr\\\/international-classical-music-awards-2022-la-france-a-lhonneur\\\/#breadcrumb\"},\"inLanguage\":\"fr-FR\",\"potentialAction\":[{\"@type\":\"ReadAction\",\"target\":[\"https:\\\/\\\/whatthefrance.org\\\/fr\\\/international-classical-music-awards-2022-la-france-a-lhonneur\\\/\"]}]},{\"@type\":\"BreadcrumbList\",\"@id\":\"https:\\\/\\\/whatthefrance.org\\\/fr\\\/international-classical-music-awards-2022-la-france-a-lhonneur\\\/#breadcrumb\",\"itemListElement\":[{\"@type\":\"ListItem\",\"position\":1,\"name\":\"Home\",\"item\":\"https:\\\/\\\/whatthefrance.org\\\/fr\\\/\"},{\"@type\":\"ListItem\",\"position\":2,\"name\":\"International Classical Music Awards 2022 | La France \u00e0 l\u2019honneur !\"}]},{\"@type\":\"WebSite\",\"@id\":\"https:\\\/\\\/whatthefrance.org\\\/fr\\\/#website\",\"url\":\"https:\\\/\\\/whatthefrance.org\\\/fr\\\/\",\"name\":\"What the France\",\"description\":\"The finest music made in France !\",\"publisher\":{\"@id\":\"https:\\\/\\\/whatthefrance.org\\\/fr\\\/#organization\"},\"potentialAction\":[{\"@type\":\"SearchAction\",\"target\":{\"@type\":\"EntryPoint\",\"urlTemplate\":\"https:\\\/\\\/whatthefrance.org\\\/fr\\\/?s={search_term_string}\"},\"query-input\":{\"@type\":\"PropertyValueSpecification\",\"valueRequired\":true,\"valueName\":\"search_term_string\"}}],\"inLanguage\":\"fr-FR\"},{\"@type\":\"Organization\",\"@id\":\"https:\\\/\\\/whatthefrance.org\\\/fr\\\/#organization\",\"name\":\"What The France\",\"url\":\"https:\\\/\\\/whatthefrance.org\\\/fr\\\/\",\"logo\":{\"@type\":\"ImageObject\",\"inLanguage\":\"fr-FR\",\"@id\":\"https:\\\/\\\/whatthefrance.org\\\/fr\\\/#\\\/schema\\\/logo\\\/image\\\/\",\"url\":\"https:\\\/\\\/whatthefrance.org\\\/wp-content\\\/uploads\\\/2019\\\/12\\\/44688719_2251580388408837_694180218134331392_n-e1577679609190.png\",\"contentUrl\":\"https:\\\/\\\/whatthefrance.org\\\/wp-content\\\/uploads\\\/2019\\\/12\\\/44688719_2251580388408837_694180218134331392_n-e1577679609190.png\",\"width\":200,\"height\":200,\"caption\":\"What The France\"},\"image\":{\"@id\":\"https:\\\/\\\/whatthefrance.org\\\/fr\\\/#\\\/schema\\\/logo\\\/image\\\/\"}},{\"@type\":\"Person\",\"@id\":\"https:\\\/\\\/whatthefrance.org\\\/fr\\\/#\\\/schema\\\/person\\\/3b7ea6fb70b536503b3e8c909c564a81\",\"name\":\"Marie-Sophie Administrateur\",\"image\":{\"@type\":\"ImageObject\",\"inLanguage\":\"fr-FR\",\"@id\":\"https:\\\/\\\/secure.gravatar.com\\\/avatar\\\/d57e4552c73c8713409cd3c2de53bdb5d220ebdd76dc7ba351b2dbae89f5afa9?s=96&d=mm&r=g\",\"url\":\"https:\\\/\\\/secure.gravatar.com\\\/avatar\\\/d57e4552c73c8713409cd3c2de53bdb5d220ebdd76dc7ba351b2dbae89f5afa9?s=96&d=mm&r=g\",\"contentUrl\":\"https:\\\/\\\/secure.gravatar.com\\\/avatar\\\/d57e4552c73c8713409cd3c2de53bdb5d220ebdd76dc7ba351b2dbae89f5afa9?s=96&d=mm&r=g\",\"caption\":\"Marie-Sophie Administrateur\"}}]}<\/script>\n<!-- \/ Yoast SEO plugin. -->","yoast_head_json":{"title":"International Classical Music Awards 2022 | La France \u00e0 l\u2019honneur ! - What the France","robots":{"index":"index","follow":"follow","max-snippet":"max-snippet:-1","max-image-preview":"max-image-preview:large","max-video-preview":"max-video-preview:-1"},"canonical":"https:\/\/whatthefrance.org\/fr\/international-classical-music-awards-2022-la-france-a-lhonneur\/","og_locale":"fr_FR","og_type":"article","og_title":"International Classical Music Awards 2022 | La France \u00e0 l\u2019honneur ! - What the France","og_description":"Le jury des International Classical Music Awards (ICMA)\u00a0a d\u00e9voil\u00e9 son palmar\u00e8s ce 18 janvier 2022, parmi les laur\u00e9ats plusieurs artistes et structures fran\u00e7aises sont \u00e0 l\u2019honneur. Ch\u00e2teau de Versailles Spectacles s\u2019est vu d\u00e9cern\u00e9 le prix du \u00ab\u00a0Label de l\u2019ann\u00e9e\u00a0\u00bb\u00a0: \u00a0\u00ab avec la parution de pr\u00e8s de cinquante CDs et une douzaine de DVDs, Ch\u00e2teau de [&hellip;]","og_url":"https:\/\/whatthefrance.org\/fr\/international-classical-music-awards-2022-la-france-a-lhonneur\/","og_site_name":"What the France","article_published_time":"2022-01-20T09:00:40+00:00","article_modified_time":"2022-01-20T11:02:20+00:00","og_image":[{"url":"https:\/\/whatthefrance.org\/wp-content\/uploads\/2022\/01\/inter_classic_what_the_france.png","height":452,"width":1084,"type":""}],"author":"Marie-Sophie Administrateur","twitter_card":"summary_large_image","twitter_misc":{"\u00c9crit par":"Marie-Sophie Administrateur","Dur\u00e9e de lecture estim\u00e9e":"2 minutes"},"schema":{"@context":"https:\/\/schema.org","@graph":[{"@type":"Article","@id":"https:\/\/whatthefrance.org\/fr\/international-classical-music-awards-2022-la-france-a-lhonneur\/#article","isPartOf":{"@id":"https:\/\/whatthefrance.org\/fr\/international-classical-music-awards-2022-la-france-a-lhonneur\/"},"author":{"name":"Marie-Sophie Administrateur","@id":"https:\/\/whatthefrance.org\/fr\/#\/schema\/person\/3b7ea6fb70b536503b3e8c909c564a81"},"headline":"International Classical Music Awards 2022 | La France \u00e0 l\u2019honneur !","datePublished":"2022-01-20T09:00:40+00:00","dateModified":"2022-01-20T11:02:20+00:00","mainEntityOfPage":{"@id":"https:\/\/whatthefrance.org\/fr\/international-classical-music-awards-2022-la-france-a-lhonneur\/"},"wordCount":401,"publisher":{"@id":"https:\/\/whatthefrance.org\/fr\/#organization"},"keywords":["Classical"],"articleSection":["Award"],"inLanguage":"fr-FR"},{"@type":"WebPage","@id":"https:\/\/whatthefrance.org\/fr\/international-classical-music-awards-2022-la-france-a-lhonneur\/","url":"https:\/\/whatthefrance.org\/fr\/international-classical-music-awards-2022-la-france-a-lhonneur\/","name":"International Classical Music Awards 2022 | La France \u00e0 l\u2019honneur ! - What the France","isPartOf":{"@id":"https:\/\/whatthefrance.org\/fr\/#website"},"datePublished":"2022-01-20T09:00:40+00:00","dateModified":"2022-01-20T11:02:20+00:00","breadcrumb":{"@id":"https:\/\/whatthefrance.org\/fr\/international-classical-music-awards-2022-la-france-a-lhonneur\/#breadcrumb"},"inLanguage":"fr-FR","potentialAction":[{"@type":"ReadAction","target":["https:\/\/whatthefrance.org\/fr\/international-classical-music-awards-2022-la-france-a-lhonneur\/"]}]},{"@type":"BreadcrumbList","@id":"https:\/\/whatthefrance.org\/fr\/international-classical-music-awards-2022-la-france-a-lhonneur\/#breadcrumb","itemListElement":[{"@type":"ListItem","position":1,"name":"Home","item":"https:\/\/whatthefrance.org\/fr\/"},{"@type":"ListItem","position":2,"name":"International Classical Music Awards 2022 | La France \u00e0 l\u2019honneur !"}]},{"@type":"WebSite","@id":"https:\/\/whatthefrance.org\/fr\/#website","url":"https:\/\/whatthefrance.org\/fr\/","name":"What the France","description":"The finest music made in France !","publisher":{"@id":"https:\/\/whatthefrance.org\/fr\/#organization"},"potentialAction":[{"@type":"SearchAction","target":{"@type":"EntryPoint","urlTemplate":"https:\/\/whatthefrance.org\/fr\/?s={search_term_string}"},"query-input":{"@type":"PropertyValueSpecification","valueRequired":true,"valueName":"search_term_string"}}],"inLanguage":"fr-FR"},{"@type":"Organization","@id":"https:\/\/whatthefrance.org\/fr\/#organization","name":"What The France","url":"https:\/\/whatthefrance.org\/fr\/","logo":{"@type":"ImageObject","inLanguage":"fr-FR","@id":"https:\/\/whatthefrance.org\/fr\/#\/schema\/logo\/image\/","url":"https:\/\/whatthefrance.org\/wp-content\/uploads\/2019\/12\/44688719_2251580388408837_694180218134331392_n-e1577679609190.png","contentUrl":"https:\/\/whatthefrance.org\/wp-content\/uploads\/2019\/12\/44688719_2251580388408837_694180218134331392_n-e1577679609190.png","width":200,"height":200,"caption":"What The France"},"image":{"@id":"https:\/\/whatthefrance.org\/fr\/#\/schema\/logo\/image\/"}},{"@type":"Person","@id":"https:\/\/whatthefrance.org\/fr\/#\/schema\/person\/3b7ea6fb70b536503b3e8c909c564a81","name":"Marie-Sophie Administrateur","image":{"@type":"ImageObject","inLanguage":"fr-FR","@id":"https:\/\/secure.gravatar.com\/avatar\/d57e4552c73c8713409cd3c2de53bdb5d220ebdd76dc7ba351b2dbae89f5afa9?s=96&d=mm&r=g","url":"https:\/\/secure.gravatar.com\/avatar\/d57e4552c73c8713409cd3c2de53bdb5d220ebdd76dc7ba351b2dbae89f5afa9?s=96&d=mm&r=g","contentUrl":"https:\/\/secure.gravatar.com\/avatar\/d57e4552c73c8713409cd3c2de53bdb5d220ebdd76dc7ba351b2dbae89f5afa9?s=96&d=mm&r=g","caption":"Marie-Sophie Administrateur"}}]}},"_links":{"self":[{"href":"https:\/\/whatthefrance.org\/fr\/wp-json\/wp\/v2\/posts\/36931","targetHints":{"allow":["GET"]}}],"collection":[{"href":"https:\/\/whatthefrance.org\/fr\/wp-json\/wp\/v2\/posts"}],"about":[{"href":"https:\/\/whatthefrance.org\/fr\/wp-json\/wp\/v2\/types\/post"}],"author":[{"embeddable":true,"href":"https:\/\/whatthefrance.org\/fr\/wp-json\/wp\/v2\/users\/6"}],"replies":[{"embeddable":true,"href":"https:\/\/whatthefrance.org\/fr\/wp-json\/wp\/v2\/comments?post=36931"}],"version-history":[{"count":2,"href":"https:\/\/whatthefrance.org\/fr\/wp-json\/wp\/v2\/posts\/36931\/revisions"}],"predecessor-version":[{"id":36990,"href":"https:\/\/whatthefrance.org\/fr\/wp-json\/wp\/v2\/posts\/36931\/revisions\/36990"}],"wp:attachment":[{"href":"https:\/\/whatthefrance.org\/fr\/wp-json\/wp\/v2\/media?parent=36931"}],"wp:term":[{"taxonomy":"category","embeddable":true,"href":"https:\/\/whatthefrance.org\/fr\/wp-json\/wp\/v2\/categories?post=36931"},{"taxonomy":"post_tag","embeddable":true,"href":"https:\/\/whatthefrance.org\/fr\/wp-json\/wp\/v2\/tags?post=36931"}],"curies":[{"name":"wp","href":"https:\/\/api.w.org\/{rel}","templated":true}]}}