{"id":3696,"date":"2019-02-01T16:45:23","date_gmt":"2019-02-01T15:45:23","guid":{"rendered":"https:\/\/whatthefrance.org\/?p=3696"},"modified":"2019-02-18T13:51:46","modified_gmt":"2019-02-18T12:51:46","slug":"blick-bassy-son-nouveau-clip","status":"publish","type":"post","link":"https:\/\/whatthefrance.org\/fr\/blick-bassy-son-nouveau-clip\/","title":{"rendered":"Blick Bassy | Son nouveau clip !"},"content":{"rendered":"<p><a href=\"https:\/\/www.facebook.com\/blickbassy\/\" target=\"_blank\" rel=\"noopener\">Blick Bassy,\u00a0<\/a>qui sortira son nouvel album\u00a0<strong><em>1958<\/em><\/strong> le 8 mars prochain, nous d\u00e9voile aujourd&rsquo;hui son nouveau clip :\u00a0\u00ab\u00a0Ngwa\u00a0\u00bb !<\/p>\n<p>Le clip de \u00ab\u00a0Ngwa\u00a0\u00bb a \u00e9t\u00e9 tourn\u00e9 dans les paysages \u00e0 couper le souffle du Lesotho, en Afrique du Sud, sous la direction du talentueux sud-africain r\u00e9cipiendaire du prix du Lion d&rsquo;or \u00e0 Cannes, <strong>Tebogo Malope<\/strong>.<\/p>\n<p>Il nous emm\u00e8ne sur la relation entre le Cameroun actuel et ses anciens colonisateurs fran\u00e7ais.\u00a0Blick y incarne non seulement l\u2019esprit de l\u2019homme Um Nyob\u00e9, mais aussi la nation camerounaise et leur identit\u00e9 culturelle intrins\u00e8que.<\/p>\n<p>\u00c0 propos du clip &#8211; \u00e0 travers lequel le personnage de Bassy est pourchass\u00e9 par des soldats fran\u00e7ais &#8211; Malope nous dit : \u00ab\u00a0Le r\u00e9cit de Ruben Um Nyob\u00e9 r\u00e9sonne sur tout le continent, il est toujours confront\u00e9 \u00e0 l&rsquo;h\u00e9ritage du colonialisme et tente de r\u00e9parer les cons\u00e9quences celui-ci \u201c.<\/p>\n<p><iframe loading=\"lazy\" title=\"Blick Bassy - Ngwa (Official)\" width=\"500\" height=\"281\" src=\"https:\/\/www.youtube.com\/embed\/DJHXlc7Afzk?start=7&#038;feature=oembed\" frameborder=\"0\" allow=\"accelerometer; autoplay; clipboard-write; encrypted-media; gyroscope; picture-in-picture; web-share\" referrerpolicy=\"strict-origin-when-cross-origin\" allowfullscreen><\/iframe><\/p>\n\n","protected":false},"excerpt":{"rendered":"<p>Blick Bassy,\u00a0qui sortira son nouvel album\u00a01958 le 8 mars prochain, nous d\u00e9voile aujourd&rsquo;hui son nouveau clip :\u00a0\u00ab\u00a0Ngwa\u00a0\u00bb ! Le clip de \u00ab\u00a0Ngwa\u00a0\u00bb a \u00e9t\u00e9 tourn\u00e9 dans les paysages \u00e0 couper le souffle du Lesotho, en Afrique du Sud, sous la direction du talentueux sud-africain r\u00e9cipiendaire du prix du Lion d&rsquo;or \u00e0 Cannes, Tebogo Malope. Il [&hellip;]<\/p>\n","protected":false},"author":6,"featured_media":0,"comment_status":"closed","ping_status":"closed","sticky":false,"template":"","format":"standard","meta":{"_acf_changed":false,"footnotes":""},"categories":[217],"tags":[327,361],"class_list":["post-3696","post","type-post","status-publish","format-standard","hentry","category-video-fr","tag-folk-fr","tag-world-fr"],"acf":[],"yoast_head":"<!-- This site is optimized with the Yoast SEO plugin v27.3 - https:\/\/yoast.com\/product\/yoast-seo-wordpress\/ -->\n<title>Blick Bassy | Son nouveau clip ! - What the France<\/title>\n<meta name=\"robots\" content=\"index, follow, max-snippet:-1, max-image-preview:large, max-video-preview:-1\" \/>\n<link rel=\"canonical\" href=\"https:\/\/whatthefrance.org\/fr\/blick-bassy-son-nouveau-clip\/\" \/>\n<meta property=\"og:locale\" content=\"fr_FR\" \/>\n<meta property=\"og:type\" content=\"article\" \/>\n<meta property=\"og:title\" content=\"Blick Bassy | Son nouveau clip ! - What the France\" \/>\n<meta property=\"og:description\" content=\"Blick Bassy,\u00a0qui sortira son nouvel album\u00a01958 le 8 mars prochain, nous d\u00e9voile aujourd&rsquo;hui son nouveau clip :\u00a0\u00ab\u00a0Ngwa\u00a0\u00bb ! Le clip de \u00ab\u00a0Ngwa\u00a0\u00bb a \u00e9t\u00e9 tourn\u00e9 dans les paysages \u00e0 couper le souffle du Lesotho, en Afrique du Sud, sous la direction du talentueux sud-africain r\u00e9cipiendaire du prix du Lion d&rsquo;or \u00e0 Cannes, Tebogo Malope. Il [&hellip;]\" \/>\n<meta property=\"og:url\" content=\"https:\/\/whatthefrance.org\/fr\/blick-bassy-son-nouveau-clip\/\" \/>\n<meta property=\"og:site_name\" content=\"What the France\" \/>\n<meta property=\"article:published_time\" content=\"2019-02-01T15:45:23+00:00\" \/>\n<meta property=\"article:modified_time\" content=\"2019-02-18T12:51:46+00:00\" \/>\n<meta property=\"og:image\" content=\"https:\/\/whatthefrance.org\/wp-content\/uploads\/2019\/02\/\u00ab-Ngwa-\u00bb-le-chant-r\u00e9volutionnaire-de-Blick-Bassy.png\" \/>\n\t<meta property=\"og:image:width\" content=\"2000\" \/>\n\t<meta property=\"og:image:height\" content=\"792\" \/>\n<meta name=\"author\" content=\"Marie-Sophie Administrateur\" \/>\n<meta name=\"twitter:card\" content=\"summary_large_image\" \/>\n<meta name=\"twitter:label1\" content=\"\u00c9crit par\" \/>\n\t<meta name=\"twitter:data1\" content=\"Marie-Sophie Administrateur\" \/>\n\t<meta name=\"twitter:label2\" content=\"Dur\u00e9e de lecture estim\u00e9e\" \/>\n\t<meta name=\"twitter:data2\" content=\"1 minute\" \/>\n<script type=\"application\/ld+json\" class=\"yoast-schema-graph\">{\"@context\":\"https:\\\/\\\/schema.org\",\"@graph\":[{\"@type\":\"Article\",\"@id\":\"https:\\\/\\\/whatthefrance.org\\\/fr\\\/blick-bassy-son-nouveau-clip\\\/#article\",\"isPartOf\":{\"@id\":\"https:\\\/\\\/whatthefrance.org\\\/fr\\\/blick-bassy-son-nouveau-clip\\\/\"},\"author\":{\"name\":\"Marie-Sophie Administrateur\",\"@id\":\"https:\\\/\\\/whatthefrance.org\\\/fr\\\/#\\\/schema\\\/person\\\/3b7ea6fb70b536503b3e8c909c564a81\"},\"headline\":\"Blick Bassy | Son nouveau clip !\",\"datePublished\":\"2019-02-01T15:45:23+00:00\",\"dateModified\":\"2019-02-18T12:51:46+00:00\",\"mainEntityOfPage\":{\"@id\":\"https:\\\/\\\/whatthefrance.org\\\/fr\\\/blick-bassy-son-nouveau-clip\\\/\"},\"wordCount\":165,\"publisher\":{\"@id\":\"https:\\\/\\\/whatthefrance.org\\\/fr\\\/#organization\"},\"keywords\":[\"Folk\",\"World\"],\"articleSection\":[\"Video\"],\"inLanguage\":\"fr-FR\"},{\"@type\":\"WebPage\",\"@id\":\"https:\\\/\\\/whatthefrance.org\\\/fr\\\/blick-bassy-son-nouveau-clip\\\/\",\"url\":\"https:\\\/\\\/whatthefrance.org\\\/fr\\\/blick-bassy-son-nouveau-clip\\\/\",\"name\":\"Blick Bassy | Son nouveau clip ! - What the France\",\"isPartOf\":{\"@id\":\"https:\\\/\\\/whatthefrance.org\\\/fr\\\/#website\"},\"datePublished\":\"2019-02-01T15:45:23+00:00\",\"dateModified\":\"2019-02-18T12:51:46+00:00\",\"breadcrumb\":{\"@id\":\"https:\\\/\\\/whatthefrance.org\\\/fr\\\/blick-bassy-son-nouveau-clip\\\/#breadcrumb\"},\"inLanguage\":\"fr-FR\",\"potentialAction\":[{\"@type\":\"ReadAction\",\"target\":[\"https:\\\/\\\/whatthefrance.org\\\/fr\\\/blick-bassy-son-nouveau-clip\\\/\"]}]},{\"@type\":\"BreadcrumbList\",\"@id\":\"https:\\\/\\\/whatthefrance.org\\\/fr\\\/blick-bassy-son-nouveau-clip\\\/#breadcrumb\",\"itemListElement\":[{\"@type\":\"ListItem\",\"position\":1,\"name\":\"Home\",\"item\":\"https:\\\/\\\/whatthefrance.org\\\/fr\\\/\"},{\"@type\":\"ListItem\",\"position\":2,\"name\":\"Blick Bassy | Son nouveau clip !\"}]},{\"@type\":\"WebSite\",\"@id\":\"https:\\\/\\\/whatthefrance.org\\\/fr\\\/#website\",\"url\":\"https:\\\/\\\/whatthefrance.org\\\/fr\\\/\",\"name\":\"What the France\",\"description\":\"The finest music made in France !\",\"publisher\":{\"@id\":\"https:\\\/\\\/whatthefrance.org\\\/fr\\\/#organization\"},\"potentialAction\":[{\"@type\":\"SearchAction\",\"target\":{\"@type\":\"EntryPoint\",\"urlTemplate\":\"https:\\\/\\\/whatthefrance.org\\\/fr\\\/?s={search_term_string}\"},\"query-input\":{\"@type\":\"PropertyValueSpecification\",\"valueRequired\":true,\"valueName\":\"search_term_string\"}}],\"inLanguage\":\"fr-FR\"},{\"@type\":\"Organization\",\"@id\":\"https:\\\/\\\/whatthefrance.org\\\/fr\\\/#organization\",\"name\":\"What The France\",\"url\":\"https:\\\/\\\/whatthefrance.org\\\/fr\\\/\",\"logo\":{\"@type\":\"ImageObject\",\"inLanguage\":\"fr-FR\",\"@id\":\"https:\\\/\\\/whatthefrance.org\\\/fr\\\/#\\\/schema\\\/logo\\\/image\\\/\",\"url\":\"https:\\\/\\\/whatthefrance.org\\\/wp-content\\\/uploads\\\/2019\\\/12\\\/44688719_2251580388408837_694180218134331392_n-e1577679609190.png\",\"contentUrl\":\"https:\\\/\\\/whatthefrance.org\\\/wp-content\\\/uploads\\\/2019\\\/12\\\/44688719_2251580388408837_694180218134331392_n-e1577679609190.png\",\"width\":200,\"height\":200,\"caption\":\"What The France\"},\"image\":{\"@id\":\"https:\\\/\\\/whatthefrance.org\\\/fr\\\/#\\\/schema\\\/logo\\\/image\\\/\"}},{\"@type\":\"Person\",\"@id\":\"https:\\\/\\\/whatthefrance.org\\\/fr\\\/#\\\/schema\\\/person\\\/3b7ea6fb70b536503b3e8c909c564a81\",\"name\":\"Marie-Sophie Administrateur\",\"image\":{\"@type\":\"ImageObject\",\"inLanguage\":\"fr-FR\",\"@id\":\"https:\\\/\\\/secure.gravatar.com\\\/avatar\\\/d57e4552c73c8713409cd3c2de53bdb5d220ebdd76dc7ba351b2dbae89f5afa9?s=96&d=mm&r=g\",\"url\":\"https:\\\/\\\/secure.gravatar.com\\\/avatar\\\/d57e4552c73c8713409cd3c2de53bdb5d220ebdd76dc7ba351b2dbae89f5afa9?s=96&d=mm&r=g\",\"contentUrl\":\"https:\\\/\\\/secure.gravatar.com\\\/avatar\\\/d57e4552c73c8713409cd3c2de53bdb5d220ebdd76dc7ba351b2dbae89f5afa9?s=96&d=mm&r=g\",\"caption\":\"Marie-Sophie Administrateur\"}}]}<\/script>\n<!-- \/ Yoast SEO plugin. -->","yoast_head_json":{"title":"Blick Bassy | Son nouveau clip ! - What the France","robots":{"index":"index","follow":"follow","max-snippet":"max-snippet:-1","max-image-preview":"max-image-preview:large","max-video-preview":"max-video-preview:-1"},"canonical":"https:\/\/whatthefrance.org\/fr\/blick-bassy-son-nouveau-clip\/","og_locale":"fr_FR","og_type":"article","og_title":"Blick Bassy | Son nouveau clip ! - What the France","og_description":"Blick Bassy,\u00a0qui sortira son nouvel album\u00a01958 le 8 mars prochain, nous d\u00e9voile aujourd&rsquo;hui son nouveau clip :\u00a0\u00ab\u00a0Ngwa\u00a0\u00bb ! Le clip de \u00ab\u00a0Ngwa\u00a0\u00bb a \u00e9t\u00e9 tourn\u00e9 dans les paysages \u00e0 couper le souffle du Lesotho, en Afrique du Sud, sous la direction du talentueux sud-africain r\u00e9cipiendaire du prix du Lion d&rsquo;or \u00e0 Cannes, Tebogo Malope. Il [&hellip;]","og_url":"https:\/\/whatthefrance.org\/fr\/blick-bassy-son-nouveau-clip\/","og_site_name":"What the France","article_published_time":"2019-02-01T15:45:23+00:00","article_modified_time":"2019-02-18T12:51:46+00:00","og_image":[{"url":"https:\/\/whatthefrance.org\/wp-content\/uploads\/2019\/02\/\u00ab-Ngwa-\u00bb-le-chant-r\u00e9volutionnaire-de-Blick-Bassy.png","height":792,"width":2000,"type":""}],"author":"Marie-Sophie Administrateur","twitter_card":"summary_large_image","twitter_misc":{"\u00c9crit par":"Marie-Sophie Administrateur","Dur\u00e9e de lecture estim\u00e9e":"1 minute"},"schema":{"@context":"https:\/\/schema.org","@graph":[{"@type":"Article","@id":"https:\/\/whatthefrance.org\/fr\/blick-bassy-son-nouveau-clip\/#article","isPartOf":{"@id":"https:\/\/whatthefrance.org\/fr\/blick-bassy-son-nouveau-clip\/"},"author":{"name":"Marie-Sophie Administrateur","@id":"https:\/\/whatthefrance.org\/fr\/#\/schema\/person\/3b7ea6fb70b536503b3e8c909c564a81"},"headline":"Blick Bassy | Son nouveau clip !","datePublished":"2019-02-01T15:45:23+00:00","dateModified":"2019-02-18T12:51:46+00:00","mainEntityOfPage":{"@id":"https:\/\/whatthefrance.org\/fr\/blick-bassy-son-nouveau-clip\/"},"wordCount":165,"publisher":{"@id":"https:\/\/whatthefrance.org\/fr\/#organization"},"keywords":["Folk","World"],"articleSection":["Video"],"inLanguage":"fr-FR"},{"@type":"WebPage","@id":"https:\/\/whatthefrance.org\/fr\/blick-bassy-son-nouveau-clip\/","url":"https:\/\/whatthefrance.org\/fr\/blick-bassy-son-nouveau-clip\/","name":"Blick Bassy | Son nouveau clip ! - What the France","isPartOf":{"@id":"https:\/\/whatthefrance.org\/fr\/#website"},"datePublished":"2019-02-01T15:45:23+00:00","dateModified":"2019-02-18T12:51:46+00:00","breadcrumb":{"@id":"https:\/\/whatthefrance.org\/fr\/blick-bassy-son-nouveau-clip\/#breadcrumb"},"inLanguage":"fr-FR","potentialAction":[{"@type":"ReadAction","target":["https:\/\/whatthefrance.org\/fr\/blick-bassy-son-nouveau-clip\/"]}]},{"@type":"BreadcrumbList","@id":"https:\/\/whatthefrance.org\/fr\/blick-bassy-son-nouveau-clip\/#breadcrumb","itemListElement":[{"@type":"ListItem","position":1,"name":"Home","item":"https:\/\/whatthefrance.org\/fr\/"},{"@type":"ListItem","position":2,"name":"Blick Bassy | Son nouveau clip !"}]},{"@type":"WebSite","@id":"https:\/\/whatthefrance.org\/fr\/#website","url":"https:\/\/whatthefrance.org\/fr\/","name":"What the France","description":"The finest music made in France !","publisher":{"@id":"https:\/\/whatthefrance.org\/fr\/#organization"},"potentialAction":[{"@type":"SearchAction","target":{"@type":"EntryPoint","urlTemplate":"https:\/\/whatthefrance.org\/fr\/?s={search_term_string}"},"query-input":{"@type":"PropertyValueSpecification","valueRequired":true,"valueName":"search_term_string"}}],"inLanguage":"fr-FR"},{"@type":"Organization","@id":"https:\/\/whatthefrance.org\/fr\/#organization","name":"What The France","url":"https:\/\/whatthefrance.org\/fr\/","logo":{"@type":"ImageObject","inLanguage":"fr-FR","@id":"https:\/\/whatthefrance.org\/fr\/#\/schema\/logo\/image\/","url":"https:\/\/whatthefrance.org\/wp-content\/uploads\/2019\/12\/44688719_2251580388408837_694180218134331392_n-e1577679609190.png","contentUrl":"https:\/\/whatthefrance.org\/wp-content\/uploads\/2019\/12\/44688719_2251580388408837_694180218134331392_n-e1577679609190.png","width":200,"height":200,"caption":"What The France"},"image":{"@id":"https:\/\/whatthefrance.org\/fr\/#\/schema\/logo\/image\/"}},{"@type":"Person","@id":"https:\/\/whatthefrance.org\/fr\/#\/schema\/person\/3b7ea6fb70b536503b3e8c909c564a81","name":"Marie-Sophie Administrateur","image":{"@type":"ImageObject","inLanguage":"fr-FR","@id":"https:\/\/secure.gravatar.com\/avatar\/d57e4552c73c8713409cd3c2de53bdb5d220ebdd76dc7ba351b2dbae89f5afa9?s=96&d=mm&r=g","url":"https:\/\/secure.gravatar.com\/avatar\/d57e4552c73c8713409cd3c2de53bdb5d220ebdd76dc7ba351b2dbae89f5afa9?s=96&d=mm&r=g","contentUrl":"https:\/\/secure.gravatar.com\/avatar\/d57e4552c73c8713409cd3c2de53bdb5d220ebdd76dc7ba351b2dbae89f5afa9?s=96&d=mm&r=g","caption":"Marie-Sophie Administrateur"}}]}},"_links":{"self":[{"href":"https:\/\/whatthefrance.org\/fr\/wp-json\/wp\/v2\/posts\/3696","targetHints":{"allow":["GET"]}}],"collection":[{"href":"https:\/\/whatthefrance.org\/fr\/wp-json\/wp\/v2\/posts"}],"about":[{"href":"https:\/\/whatthefrance.org\/fr\/wp-json\/wp\/v2\/types\/post"}],"author":[{"embeddable":true,"href":"https:\/\/whatthefrance.org\/fr\/wp-json\/wp\/v2\/users\/6"}],"replies":[{"embeddable":true,"href":"https:\/\/whatthefrance.org\/fr\/wp-json\/wp\/v2\/comments?post=3696"}],"version-history":[{"count":7,"href":"https:\/\/whatthefrance.org\/fr\/wp-json\/wp\/v2\/posts\/3696\/revisions"}],"predecessor-version":[{"id":4490,"href":"https:\/\/whatthefrance.org\/fr\/wp-json\/wp\/v2\/posts\/3696\/revisions\/4490"}],"wp:attachment":[{"href":"https:\/\/whatthefrance.org\/fr\/wp-json\/wp\/v2\/media?parent=3696"}],"wp:term":[{"taxonomy":"category","embeddable":true,"href":"https:\/\/whatthefrance.org\/fr\/wp-json\/wp\/v2\/categories?post=3696"},{"taxonomy":"post_tag","embeddable":true,"href":"https:\/\/whatthefrance.org\/fr\/wp-json\/wp\/v2\/tags?post=3696"}],"curies":[{"name":"wp","href":"https:\/\/api.w.org\/{rel}","templated":true}]}}