{"id":37193,"date":"2022-01-26T15:09:10","date_gmt":"2022-01-26T14:09:10","guid":{"rendered":"https:\/\/whatthefrance.org\/?p=37193"},"modified":"2022-01-26T15:09:40","modified_gmt":"2022-01-26T14:09:40","slug":"faul-wad-disturbia-de-rihanna-remixe-par-le-duo","status":"publish","type":"post","link":"https:\/\/whatthefrance.org\/fr\/faul-wad-disturbia-de-rihanna-remixe-par-le-duo\/","title":{"rendered":"Faul &#038; Wad | \u00ab\u00a0Disturbia\u00a0\u00bb de Rihanna remix\u00e9 par le duo !"},"content":{"rendered":"<p><span class=\"em-orange\">Le duo \u00e9lectronique fran\u00e7ais<\/span><span class=\"apple-converted-space\">\u00a0<\/span><strong><a href=\"https:\/\/fra01.safelinks.protection.outlook.com\/?url=https%3A%2F%2Fwww.instagram.com%2Ffaulandwad%2F%3Fhl%3Dfr&amp;data=04%7C01%7Cmarie-sophie.cazin%40cnm.fr%7C0287872a3a5045a55ed308d9e0d5445e%7Cba774e6290394882a8cac4a49ebaf0d1%7C1%7C0%7C637788028843072753%7CUnknown%7CTWFpbGZsb3d8eyJWIjoiMC4wLjAwMDAiLCJQIjoiV2luMzIiLCJBTiI6Ik1haWwiLCJXVCI6Mn0%3D%7C3000&amp;sdata=6R1y%2B%2FP5U6b8nr%2BwZYuYxqKgX%2FZKzAuJkjqFM84BLLA%3D&amp;reserved=0\" target=\"_blank\" rel=\"noopener\">Faul &amp; Wad<\/a><\/strong><span class=\"apple-converted-space\">\u00a0<\/span><span class=\"em-orange\">s&rsquo;est associ\u00e9 au producteur allemand Marcus Layton et \u00e0 la chanteuse lituanienne Emie pour sortir une adaptation du tube culte de Rihanna \u00ab\u00a0Disturbia\u00a0\u00bb. Avec un arrangement plus sombre, soutenu par le chant d&rsquo;Emie, le trio combine de mani\u00e8re ludique des basses groovy avec les paroles classiques du titre d\u2019origine.<\/span><\/p>\n<p><iframe loading=\"lazy\" title=\"Faul &amp; Wad, Marcus Layton, Emie - Disturbia (Audio)\" width=\"500\" height=\"281\" src=\"https:\/\/www.youtube.com\/embed\/eDkBaZMoiHk?feature=oembed\" frameborder=\"0\" allow=\"accelerometer; autoplay; clipboard-write; encrypted-media; gyroscope; picture-in-picture; web-share\" referrerpolicy=\"strict-origin-when-cross-origin\" allowfullscreen><\/iframe><\/p>\n<h2><b>Un premier Disque d\u2019Or avec \u00ab\u00a0Changes\u00a0\u00bb<\/b><\/h2>\n<p>Les deux DJs parisiens se sont rencontr\u00e9s \u00e0 l&rsquo;\u00e9cole, o\u00f9 ils commencent \u00e0 produire de la musique ensemble. En 2013, ils reprennent un \u00e9chantillon du ch\u0153ur d&rsquo;enfants de la chanson \u00ab\u00a0Baby\u00a0\u00bb du duo australien Pnau pour composer leur premier morceau, intitul\u00e9\u00a0<b>\u00ab\u00a0Changes\u00a0\u00bb<\/b>. Le titre a imm\u00e9diatement fait son entr\u00e9e dans les charts allemands et s&rsquo;est hiss\u00e9 \u00e0 la premi\u00e8re place en l&rsquo;espace de quatre semaines, avant d\u2019\u00eatre certifi\u00e9 Disque d\u2019Or deux mois plus tard avec 150\u00a0000 exemplaires vendus.<\/p>\n<p><iframe loading=\"lazy\" title=\"Faul, Wad Ad, Pnau - Changes (Videoclip)\" width=\"500\" height=\"281\" src=\"https:\/\/www.youtube.com\/embed\/Cj25UpcBDt0?feature=oembed\" frameborder=\"0\" allow=\"accelerometer; autoplay; clipboard-write; encrypted-media; gyroscope; picture-in-picture; web-share\" referrerpolicy=\"strict-origin-when-cross-origin\" allowfullscreen><\/iframe><\/p>\n<div class=\"playListBloc singleBloc\"><div class=\"playListBloc-wrap\">    <div class=\"thumbnail\"><img data-src=\"https:\/\/whatthefrance.org\/wp-content\/uploads\/2018\/11\/WTF-Pochettes_french_touch_5-254x254.jpg\" class=\"lazyload\" alt=\"WTF&#8212;Pochettes_french_touch_5\" \/>    <\/div>    <div class=\"infos\">        <span class=\"tag\">Genres<\/span>        <h2>French Touch 2.0<\/h2>        <span class=\"separator\"><\/span>       <span class=\"desc\">Get your hands on the latest electronic music hits made in France.<\/span><div class=\"share flex flexAlignCenter \">\t<span class=\"label\">Partager<\/span>\t<a href=\"https:\/\/www.facebook.com\/sharer\/sharer.php?u=https:\/\/whatthefrance.org\/fr\/playlists\/french-touch-2-0\/\" class=\"facebook\" target=\"_blank\" rel=\"noreferrer\">Facebook<\/a>\t<a href=\"https:\/\/twitter.com\/intent\/tweet?url=https:\/\/whatthefrance.org\/fr\/playlists\/french-touch-2-0\/&text=French+Touch+2.0&hashtags=WTF\" class=\"twitter\" target=\"_blank\" rel=\"noreferrer\">Twitter<\/a>\t<a href=\"mailto:?subject=What%20the%20France%20%3A%20French%20Touch%202.0&body=https:\/\/whatthefrance.org\/fr\/playlists\/french-touch-2-0\/\" class=\"mail\" target=\"_blank\" rel=\"noreferrer\">Email<\/a><\/div>        <a href=\"#\" class=\"btn btnPlaylist orange playlist-click\" data-id=\"913\">            <svg version=\"1.1\" x=\"0px\" y=\"0px\" width=\"40px\" height=\"40px\" viewBox=\"0 0 213.7 213.7\" enable-background=\"new 0 0 213.7 213.7\" xml:space=\"preserve\">                <polygon class=\"triangle\" fill=\"none\" stroke-width=\"10\" stroke-linecap=\"round\" stroke-linejoin=\"round\" stroke-miterlimit=\"10\" points=\"\n            73.5,62.5 148.5,105.8 73.5,149.1 \"\/>                <circle class=\"circle\" fill=\"none\"  stroke-width=\"8\" stroke-linecap=\"round\" stroke-linejoin=\"round\" stroke-miterlimit=\"10\" cx=\"106.8\" cy=\"106.8\" r=\"103.3\"\/>                <circle class=\"circle-white\" fill=\"none\"  stroke-width=\"8\" stroke-linecap=\"round\" stroke-linejoin=\"round\" stroke-miterlimit=\"10\" cx=\"106.8\" cy=\"106.8\" r=\"103.3\"\/>            <\/svg>Ecouter        <\/a>    <\/div>  <\/div><\/div>\n","protected":false},"excerpt":{"rendered":"<p>Le duo \u00e9lectronique fran\u00e7ais\u00a0Faul &amp; Wad\u00a0s&rsquo;est associ\u00e9 au producteur allemand Marcus Layton et \u00e0 la chanteuse lituanienne Emie pour sortir une adaptation du tube culte de Rihanna \u00ab\u00a0Disturbia\u00a0\u00bb. Avec un arrangement plus sombre, soutenu par le chant d&rsquo;Emie, le trio combine de mani\u00e8re ludique des basses groovy avec les paroles classiques du titre d\u2019origine. Un [&hellip;]<\/p>\n","protected":false},"author":6,"featured_media":0,"comment_status":"closed","ping_status":"closed","sticky":false,"template":"","format":"standard","meta":{"_acf_changed":false,"footnotes":""},"categories":[215],"tags":[323,340],"class_list":["post-37193","post","type-post","status-publish","format-standard","hentry","category-release-fr","tag-electronic-fr","tag-pop-fr"],"acf":[],"yoast_head":"<!-- This site is optimized with the Yoast SEO plugin v27.3 - https:\/\/yoast.com\/product\/yoast-seo-wordpress\/ -->\n<title>Faul &amp; Wad | &quot;Disturbia&quot; de Rihanna remix\u00e9 par le duo ! - What the France<\/title>\n<meta name=\"robots\" content=\"index, follow, max-snippet:-1, max-image-preview:large, max-video-preview:-1\" \/>\n<link rel=\"canonical\" href=\"https:\/\/whatthefrance.org\/fr\/faul-wad-disturbia-de-rihanna-remixe-par-le-duo\/\" \/>\n<meta property=\"og:locale\" content=\"fr_FR\" \/>\n<meta property=\"og:type\" content=\"article\" \/>\n<meta property=\"og:title\" content=\"Faul &amp; Wad | &quot;Disturbia&quot; de Rihanna remix\u00e9 par le duo ! - What the France\" \/>\n<meta property=\"og:description\" content=\"Le duo \u00e9lectronique fran\u00e7ais\u00a0Faul &amp; Wad\u00a0s&rsquo;est associ\u00e9 au producteur allemand Marcus Layton et \u00e0 la chanteuse lituanienne Emie pour sortir une adaptation du tube culte de Rihanna \u00ab\u00a0Disturbia\u00a0\u00bb. Avec un arrangement plus sombre, soutenu par le chant d&rsquo;Emie, le trio combine de mani\u00e8re ludique des basses groovy avec les paroles classiques du titre d\u2019origine. Un [&hellip;]\" \/>\n<meta property=\"og:url\" content=\"https:\/\/whatthefrance.org\/fr\/faul-wad-disturbia-de-rihanna-remixe-par-le-duo\/\" \/>\n<meta property=\"og:site_name\" content=\"What the France\" \/>\n<meta property=\"article:published_time\" content=\"2022-01-26T14:09:10+00:00\" \/>\n<meta property=\"article:modified_time\" content=\"2022-01-26T14:09:40+00:00\" \/>\n<meta property=\"og:image\" content=\"https:\/\/whatthefrance.org\/wp-content\/uploads\/2022\/01\/faul-wad_what_the_france.png\" \/>\n\t<meta property=\"og:image:width\" content=\"1084\" \/>\n\t<meta property=\"og:image:height\" content=\"452\" \/>\n<meta name=\"author\" content=\"Marie-Sophie Administrateur\" \/>\n<meta name=\"twitter:card\" content=\"summary_large_image\" \/>\n<meta name=\"twitter:label1\" content=\"\u00c9crit par\" \/>\n\t<meta name=\"twitter:data1\" content=\"Marie-Sophie Administrateur\" \/>\n\t<meta name=\"twitter:label2\" content=\"Dur\u00e9e de lecture estim\u00e9e\" \/>\n\t<meta name=\"twitter:data2\" content=\"1 minute\" \/>\n<script type=\"application\/ld+json\" class=\"yoast-schema-graph\">{\"@context\":\"https:\\\/\\\/schema.org\",\"@graph\":[{\"@type\":\"Article\",\"@id\":\"https:\\\/\\\/whatthefrance.org\\\/fr\\\/faul-wad-disturbia-de-rihanna-remixe-par-le-duo\\\/#article\",\"isPartOf\":{\"@id\":\"https:\\\/\\\/whatthefrance.org\\\/fr\\\/faul-wad-disturbia-de-rihanna-remixe-par-le-duo\\\/\"},\"author\":{\"name\":\"Marie-Sophie Administrateur\",\"@id\":\"https:\\\/\\\/whatthefrance.org\\\/fr\\\/#\\\/schema\\\/person\\\/3b7ea6fb70b536503b3e8c909c564a81\"},\"headline\":\"Faul &#038; Wad | \u00ab\u00a0Disturbia\u00a0\u00bb de Rihanna remix\u00e9 par le duo !\",\"datePublished\":\"2022-01-26T14:09:10+00:00\",\"dateModified\":\"2022-01-26T14:09:40+00:00\",\"mainEntityOfPage\":{\"@id\":\"https:\\\/\\\/whatthefrance.org\\\/fr\\\/faul-wad-disturbia-de-rihanna-remixe-par-le-duo\\\/\"},\"wordCount\":173,\"publisher\":{\"@id\":\"https:\\\/\\\/whatthefrance.org\\\/fr\\\/#organization\"},\"keywords\":[\"Electronic\",\"Pop\"],\"articleSection\":[\"Release\"],\"inLanguage\":\"fr-FR\"},{\"@type\":\"WebPage\",\"@id\":\"https:\\\/\\\/whatthefrance.org\\\/fr\\\/faul-wad-disturbia-de-rihanna-remixe-par-le-duo\\\/\",\"url\":\"https:\\\/\\\/whatthefrance.org\\\/fr\\\/faul-wad-disturbia-de-rihanna-remixe-par-le-duo\\\/\",\"name\":\"Faul & Wad | \\\"Disturbia\\\" de Rihanna remix\u00e9 par le duo ! - What the France\",\"isPartOf\":{\"@id\":\"https:\\\/\\\/whatthefrance.org\\\/fr\\\/#website\"},\"datePublished\":\"2022-01-26T14:09:10+00:00\",\"dateModified\":\"2022-01-26T14:09:40+00:00\",\"breadcrumb\":{\"@id\":\"https:\\\/\\\/whatthefrance.org\\\/fr\\\/faul-wad-disturbia-de-rihanna-remixe-par-le-duo\\\/#breadcrumb\"},\"inLanguage\":\"fr-FR\",\"potentialAction\":[{\"@type\":\"ReadAction\",\"target\":[\"https:\\\/\\\/whatthefrance.org\\\/fr\\\/faul-wad-disturbia-de-rihanna-remixe-par-le-duo\\\/\"]}]},{\"@type\":\"BreadcrumbList\",\"@id\":\"https:\\\/\\\/whatthefrance.org\\\/fr\\\/faul-wad-disturbia-de-rihanna-remixe-par-le-duo\\\/#breadcrumb\",\"itemListElement\":[{\"@type\":\"ListItem\",\"position\":1,\"name\":\"Home\",\"item\":\"https:\\\/\\\/whatthefrance.org\\\/fr\\\/\"},{\"@type\":\"ListItem\",\"position\":2,\"name\":\"Faul &#038; Wad | &#8220;Disturbia&#8221; de Rihanna remix\u00e9 par le duo !\"}]},{\"@type\":\"WebSite\",\"@id\":\"https:\\\/\\\/whatthefrance.org\\\/fr\\\/#website\",\"url\":\"https:\\\/\\\/whatthefrance.org\\\/fr\\\/\",\"name\":\"What the France\",\"description\":\"The finest music made in France !\",\"publisher\":{\"@id\":\"https:\\\/\\\/whatthefrance.org\\\/fr\\\/#organization\"},\"potentialAction\":[{\"@type\":\"SearchAction\",\"target\":{\"@type\":\"EntryPoint\",\"urlTemplate\":\"https:\\\/\\\/whatthefrance.org\\\/fr\\\/?s={search_term_string}\"},\"query-input\":{\"@type\":\"PropertyValueSpecification\",\"valueRequired\":true,\"valueName\":\"search_term_string\"}}],\"inLanguage\":\"fr-FR\"},{\"@type\":\"Organization\",\"@id\":\"https:\\\/\\\/whatthefrance.org\\\/fr\\\/#organization\",\"name\":\"What The France\",\"url\":\"https:\\\/\\\/whatthefrance.org\\\/fr\\\/\",\"logo\":{\"@type\":\"ImageObject\",\"inLanguage\":\"fr-FR\",\"@id\":\"https:\\\/\\\/whatthefrance.org\\\/fr\\\/#\\\/schema\\\/logo\\\/image\\\/\",\"url\":\"https:\\\/\\\/whatthefrance.org\\\/wp-content\\\/uploads\\\/2019\\\/12\\\/44688719_2251580388408837_694180218134331392_n-e1577679609190.png\",\"contentUrl\":\"https:\\\/\\\/whatthefrance.org\\\/wp-content\\\/uploads\\\/2019\\\/12\\\/44688719_2251580388408837_694180218134331392_n-e1577679609190.png\",\"width\":200,\"height\":200,\"caption\":\"What The France\"},\"image\":{\"@id\":\"https:\\\/\\\/whatthefrance.org\\\/fr\\\/#\\\/schema\\\/logo\\\/image\\\/\"}},{\"@type\":\"Person\",\"@id\":\"https:\\\/\\\/whatthefrance.org\\\/fr\\\/#\\\/schema\\\/person\\\/3b7ea6fb70b536503b3e8c909c564a81\",\"name\":\"Marie-Sophie Administrateur\",\"image\":{\"@type\":\"ImageObject\",\"inLanguage\":\"fr-FR\",\"@id\":\"https:\\\/\\\/secure.gravatar.com\\\/avatar\\\/d57e4552c73c8713409cd3c2de53bdb5d220ebdd76dc7ba351b2dbae89f5afa9?s=96&d=mm&r=g\",\"url\":\"https:\\\/\\\/secure.gravatar.com\\\/avatar\\\/d57e4552c73c8713409cd3c2de53bdb5d220ebdd76dc7ba351b2dbae89f5afa9?s=96&d=mm&r=g\",\"contentUrl\":\"https:\\\/\\\/secure.gravatar.com\\\/avatar\\\/d57e4552c73c8713409cd3c2de53bdb5d220ebdd76dc7ba351b2dbae89f5afa9?s=96&d=mm&r=g\",\"caption\":\"Marie-Sophie Administrateur\"}}]}<\/script>\n<!-- \/ Yoast SEO plugin. -->","yoast_head_json":{"title":"Faul & Wad | \"Disturbia\" de Rihanna remix\u00e9 par le duo ! - What the France","robots":{"index":"index","follow":"follow","max-snippet":"max-snippet:-1","max-image-preview":"max-image-preview:large","max-video-preview":"max-video-preview:-1"},"canonical":"https:\/\/whatthefrance.org\/fr\/faul-wad-disturbia-de-rihanna-remixe-par-le-duo\/","og_locale":"fr_FR","og_type":"article","og_title":"Faul & Wad | \"Disturbia\" de Rihanna remix\u00e9 par le duo ! - What the France","og_description":"Le duo \u00e9lectronique fran\u00e7ais\u00a0Faul &amp; Wad\u00a0s&rsquo;est associ\u00e9 au producteur allemand Marcus Layton et \u00e0 la chanteuse lituanienne Emie pour sortir une adaptation du tube culte de Rihanna \u00ab\u00a0Disturbia\u00a0\u00bb. Avec un arrangement plus sombre, soutenu par le chant d&rsquo;Emie, le trio combine de mani\u00e8re ludique des basses groovy avec les paroles classiques du titre d\u2019origine. Un [&hellip;]","og_url":"https:\/\/whatthefrance.org\/fr\/faul-wad-disturbia-de-rihanna-remixe-par-le-duo\/","og_site_name":"What the France","article_published_time":"2022-01-26T14:09:10+00:00","article_modified_time":"2022-01-26T14:09:40+00:00","og_image":[{"url":"https:\/\/whatthefrance.org\/wp-content\/uploads\/2022\/01\/faul-wad_what_the_france.png","height":452,"width":1084,"type":""}],"author":"Marie-Sophie Administrateur","twitter_card":"summary_large_image","twitter_misc":{"\u00c9crit par":"Marie-Sophie Administrateur","Dur\u00e9e de lecture estim\u00e9e":"1 minute"},"schema":{"@context":"https:\/\/schema.org","@graph":[{"@type":"Article","@id":"https:\/\/whatthefrance.org\/fr\/faul-wad-disturbia-de-rihanna-remixe-par-le-duo\/#article","isPartOf":{"@id":"https:\/\/whatthefrance.org\/fr\/faul-wad-disturbia-de-rihanna-remixe-par-le-duo\/"},"author":{"name":"Marie-Sophie Administrateur","@id":"https:\/\/whatthefrance.org\/fr\/#\/schema\/person\/3b7ea6fb70b536503b3e8c909c564a81"},"headline":"Faul &#038; Wad | \u00ab\u00a0Disturbia\u00a0\u00bb de Rihanna remix\u00e9 par le duo !","datePublished":"2022-01-26T14:09:10+00:00","dateModified":"2022-01-26T14:09:40+00:00","mainEntityOfPage":{"@id":"https:\/\/whatthefrance.org\/fr\/faul-wad-disturbia-de-rihanna-remixe-par-le-duo\/"},"wordCount":173,"publisher":{"@id":"https:\/\/whatthefrance.org\/fr\/#organization"},"keywords":["Electronic","Pop"],"articleSection":["Release"],"inLanguage":"fr-FR"},{"@type":"WebPage","@id":"https:\/\/whatthefrance.org\/fr\/faul-wad-disturbia-de-rihanna-remixe-par-le-duo\/","url":"https:\/\/whatthefrance.org\/fr\/faul-wad-disturbia-de-rihanna-remixe-par-le-duo\/","name":"Faul & Wad | \"Disturbia\" de Rihanna remix\u00e9 par le duo ! - What the France","isPartOf":{"@id":"https:\/\/whatthefrance.org\/fr\/#website"},"datePublished":"2022-01-26T14:09:10+00:00","dateModified":"2022-01-26T14:09:40+00:00","breadcrumb":{"@id":"https:\/\/whatthefrance.org\/fr\/faul-wad-disturbia-de-rihanna-remixe-par-le-duo\/#breadcrumb"},"inLanguage":"fr-FR","potentialAction":[{"@type":"ReadAction","target":["https:\/\/whatthefrance.org\/fr\/faul-wad-disturbia-de-rihanna-remixe-par-le-duo\/"]}]},{"@type":"BreadcrumbList","@id":"https:\/\/whatthefrance.org\/fr\/faul-wad-disturbia-de-rihanna-remixe-par-le-duo\/#breadcrumb","itemListElement":[{"@type":"ListItem","position":1,"name":"Home","item":"https:\/\/whatthefrance.org\/fr\/"},{"@type":"ListItem","position":2,"name":"Faul &#038; Wad | &#8220;Disturbia&#8221; de Rihanna remix\u00e9 par le duo !"}]},{"@type":"WebSite","@id":"https:\/\/whatthefrance.org\/fr\/#website","url":"https:\/\/whatthefrance.org\/fr\/","name":"What the France","description":"The finest music made in France !","publisher":{"@id":"https:\/\/whatthefrance.org\/fr\/#organization"},"potentialAction":[{"@type":"SearchAction","target":{"@type":"EntryPoint","urlTemplate":"https:\/\/whatthefrance.org\/fr\/?s={search_term_string}"},"query-input":{"@type":"PropertyValueSpecification","valueRequired":true,"valueName":"search_term_string"}}],"inLanguage":"fr-FR"},{"@type":"Organization","@id":"https:\/\/whatthefrance.org\/fr\/#organization","name":"What The France","url":"https:\/\/whatthefrance.org\/fr\/","logo":{"@type":"ImageObject","inLanguage":"fr-FR","@id":"https:\/\/whatthefrance.org\/fr\/#\/schema\/logo\/image\/","url":"https:\/\/whatthefrance.org\/wp-content\/uploads\/2019\/12\/44688719_2251580388408837_694180218134331392_n-e1577679609190.png","contentUrl":"https:\/\/whatthefrance.org\/wp-content\/uploads\/2019\/12\/44688719_2251580388408837_694180218134331392_n-e1577679609190.png","width":200,"height":200,"caption":"What The France"},"image":{"@id":"https:\/\/whatthefrance.org\/fr\/#\/schema\/logo\/image\/"}},{"@type":"Person","@id":"https:\/\/whatthefrance.org\/fr\/#\/schema\/person\/3b7ea6fb70b536503b3e8c909c564a81","name":"Marie-Sophie Administrateur","image":{"@type":"ImageObject","inLanguage":"fr-FR","@id":"https:\/\/secure.gravatar.com\/avatar\/d57e4552c73c8713409cd3c2de53bdb5d220ebdd76dc7ba351b2dbae89f5afa9?s=96&d=mm&r=g","url":"https:\/\/secure.gravatar.com\/avatar\/d57e4552c73c8713409cd3c2de53bdb5d220ebdd76dc7ba351b2dbae89f5afa9?s=96&d=mm&r=g","contentUrl":"https:\/\/secure.gravatar.com\/avatar\/d57e4552c73c8713409cd3c2de53bdb5d220ebdd76dc7ba351b2dbae89f5afa9?s=96&d=mm&r=g","caption":"Marie-Sophie Administrateur"}}]}},"_links":{"self":[{"href":"https:\/\/whatthefrance.org\/fr\/wp-json\/wp\/v2\/posts\/37193","targetHints":{"allow":["GET"]}}],"collection":[{"href":"https:\/\/whatthefrance.org\/fr\/wp-json\/wp\/v2\/posts"}],"about":[{"href":"https:\/\/whatthefrance.org\/fr\/wp-json\/wp\/v2\/types\/post"}],"author":[{"embeddable":true,"href":"https:\/\/whatthefrance.org\/fr\/wp-json\/wp\/v2\/users\/6"}],"replies":[{"embeddable":true,"href":"https:\/\/whatthefrance.org\/fr\/wp-json\/wp\/v2\/comments?post=37193"}],"version-history":[{"count":4,"href":"https:\/\/whatthefrance.org\/fr\/wp-json\/wp\/v2\/posts\/37193\/revisions"}],"predecessor-version":[{"id":37199,"href":"https:\/\/whatthefrance.org\/fr\/wp-json\/wp\/v2\/posts\/37193\/revisions\/37199"}],"wp:attachment":[{"href":"https:\/\/whatthefrance.org\/fr\/wp-json\/wp\/v2\/media?parent=37193"}],"wp:term":[{"taxonomy":"category","embeddable":true,"href":"https:\/\/whatthefrance.org\/fr\/wp-json\/wp\/v2\/categories?post=37193"},{"taxonomy":"post_tag","embeddable":true,"href":"https:\/\/whatthefrance.org\/fr\/wp-json\/wp\/v2\/tags?post=37193"}],"curies":[{"name":"wp","href":"https:\/\/api.w.org\/{rel}","templated":true}]}}