{"id":37241,"date":"2022-02-02T10:00:37","date_gmt":"2022-02-02T09:00:37","guid":{"rendered":"https:\/\/whatthefrance.org\/?p=37241"},"modified":"2022-01-26T18:23:50","modified_gmt":"2022-01-26T17:23:50","slug":"future-echoes-17-au-19-fevrier-2022-a-norrkoping-en-suede","status":"publish","type":"post","link":"https:\/\/whatthefrance.org\/fr\/future-echoes-17-au-19-fevrier-2022-a-norrkoping-en-suede\/","title":{"rendered":"Future Echoes | 17 au 19 f\u00e9vrier 2022 \u00e0 Norrk\u00f6ping, en Su\u00e8de"},"content":{"rendered":"<p>La prochaine \u00e9dition du <a title=\"URL d\u2019origine\u00a0: https:\/\/futureechoes.se\/artists-2022\/ Cliquez pour suivre le lien.\" href=\"https:\/\/fra01.safelinks.protection.outlook.com\/?url=https%3A%2F%2Ffutureechoes.se%2Fartists-2022%2F&amp;data=04%7C01%7Cmarie-sophie.cazin%40cnm.fr%7C7fc7261b11764541474808d9e0ee3ee1%7Cba774e6290394882a8cac4a49ebaf0d1%7C1%7C0%7C637788136127005086%7CUnknown%7CTWFpbGZsb3d8eyJWIjoiMC4wLjAwMDAiLCJQIjoiV2luMzIiLCJBTiI6Ik1haWwiLCJXVCI6Mn0%3D%7C3000&amp;sdata=wViLYUEoiuMTRHqFnuuq7NZk1BuMS21wIUoHpl5PMM4%3D&amp;reserved=0\" target=\"_blank\" rel=\"noopener\"><b>Future Echoes<\/b><\/a>, le premier festival international en Su\u00e8de, se tiendra du 17 au 19 f\u00e9vrier 2022 \u00e0 Norrk\u00f6ping. On pourra y \u00e9couter deux artistes \u00ab\u00a0Made in France\u00a0\u00bb.<\/p>\n<h3 style=\"text-align: center;\">SUN<\/h3>\n<p><img decoding=\"async\" class=\"size-medium wp-image-37243 aligncenter\" src=\"https:\/\/whatthefrance.org\/wp-content\/uploads\/2022\/01\/Tile-Artists-Sun-300x300.jpg\" alt=\"\" width=\"300\" height=\"300\" srcset=\"https:\/\/whatthefrance.org\/wp-content\/uploads\/2022\/01\/Tile-Artists-Sun-300x300.jpg 300w, https:\/\/whatthefrance.org\/wp-content\/uploads\/2022\/01\/Tile-Artists-Sun-1024x1024.jpg 1024w, https:\/\/whatthefrance.org\/wp-content\/uploads\/2022\/01\/Tile-Artists-Sun-150x150.jpg 150w, https:\/\/whatthefrance.org\/wp-content\/uploads\/2022\/01\/Tile-Artists-Sun-768x768.jpg 768w, https:\/\/whatthefrance.org\/wp-content\/uploads\/2022\/01\/Tile-Artists-Sun-1536x1536.jpg 1536w, https:\/\/whatthefrance.org\/wp-content\/uploads\/2022\/01\/Tile-Artists-Sun-2048x2048.jpg 2048w, https:\/\/whatthefrance.org\/wp-content\/uploads\/2022\/01\/Tile-Artists-Sun-452x452.jpg 452w, https:\/\/whatthefrance.org\/wp-content\/uploads\/2022\/01\/Tile-Artists-Sun-348x348.jpg 348w, https:\/\/whatthefrance.org\/wp-content\/uploads\/2022\/01\/Tile-Artists-Sun-254x254.jpg 254w, https:\/\/whatthefrance.org\/wp-content\/uploads\/2022\/01\/Tile-Artists-Sun-170x170.jpg 170w\" sizes=\"(max-width: 300px) 100vw, 300px\" \/><\/p>\n<p><strong><a href=\"https:\/\/www.instagram.com\/sun_brutal_pop\/\" target=\"_blank\" rel=\"noopener\">SUN<\/a><\/strong> est une chanteuse, auteure-compositrice, guitariste et actrice franco-allemande.\u00a0Son premier EP<span class=\"apple-converted-space\"><b><i>\u00a0<\/i><\/b><\/span><strong><i>Brutal Pop<\/i><\/strong><span class=\"apple-converted-space\">\u00a0<\/span>a stup\u00e9fi\u00e9 la presse et le public gr\u00e2ce au nouveau type de son qu&rsquo;elle a cr\u00e9\u00e9 : Une \u00e9criture pop avec des \u00e9l\u00e9ments de rock et de m\u00e9tal, appel\u00e9e \u00ab\u00a0Brutal Pop\u00a0\u00bb.\u00a0SUN a commenc\u00e9 sa carri\u00e8re dans des groupes de Death Metal d&rsquo;une part, et dans des com\u00e9dies musicales d&rsquo;autre part : elle a jou\u00e9 \u00c9dith Piaf en France, en Cor\u00e9e du Sud et au Japon, elle a aussi \u00e9t\u00e9 remarqu\u00e9e dans l\u2019\u00e9mission The Voice France.\u00a0En tant qu&rsquo;actrice, sa premi\u00e8re apparition \u00e0 l\u2019\u00e9cran est un r\u00f4le principal dans \u00ab\u00a0Tom Medina\u00a0\u00bb, un long m\u00e9trage s\u00e9lectionn\u00e9 au Festival de Cannes 2021, r\u00e9alis\u00e9 par Tony Gatlif, un r\u00e9alisateur de renomm\u00e9e internationale. Son personnage est inspir\u00e9 d&rsquo;elle-m\u00eame : elle joue la com\u00e9die, chante ses propres chansons et joue de sa Telecaster \u00e9tincelante.\u00a0R\u00e9cemment, sa chanson \u00ab\u00a0I Killed My Man\u00a0\u00bb a \u00e9t\u00e9 finaliste du concours International Songwriting Competition en 2020, parmi 26 000 propositions dans le monde.<\/p>\n<p>&nbsp;<\/p>\n<h3 style=\"text-align: center;\">SKYGGE<\/h3>\n<p><img decoding=\"async\" class=\"size-medium wp-image-37248 aligncenter\" src=\"https:\/\/whatthefrance.org\/wp-content\/uploads\/2022\/01\/Tile-Artists-Skygge-scaled-1-300x300.jpg\" alt=\"\" width=\"300\" height=\"300\" srcset=\"https:\/\/whatthefrance.org\/wp-content\/uploads\/2022\/01\/Tile-Artists-Skygge-scaled-1-300x300.jpg 300w, https:\/\/whatthefrance.org\/wp-content\/uploads\/2022\/01\/Tile-Artists-Skygge-scaled-1-1024x1024.jpg 1024w, https:\/\/whatthefrance.org\/wp-content\/uploads\/2022\/01\/Tile-Artists-Skygge-scaled-1-150x150.jpg 150w, https:\/\/whatthefrance.org\/wp-content\/uploads\/2022\/01\/Tile-Artists-Skygge-scaled-1-768x768.jpg 768w, https:\/\/whatthefrance.org\/wp-content\/uploads\/2022\/01\/Tile-Artists-Skygge-scaled-1-1536x1536.jpg 1536w, https:\/\/whatthefrance.org\/wp-content\/uploads\/2022\/01\/Tile-Artists-Skygge-scaled-1-2048x2048.jpg 2048w, https:\/\/whatthefrance.org\/wp-content\/uploads\/2022\/01\/Tile-Artists-Skygge-scaled-1-452x452.jpg 452w, https:\/\/whatthefrance.org\/wp-content\/uploads\/2022\/01\/Tile-Artists-Skygge-scaled-1-348x348.jpg 348w, https:\/\/whatthefrance.org\/wp-content\/uploads\/2022\/01\/Tile-Artists-Skygge-scaled-1-254x254.jpg 254w, https:\/\/whatthefrance.org\/wp-content\/uploads\/2022\/01\/Tile-Artists-Skygge-scaled-1-170x170.jpg 170w\" sizes=\"(max-width: 300px) 100vw, 300px\" \/><\/p>\n<p><strong><a href=\"https:\/\/www.instagram.com\/flowskygge\/\" target=\"_blank\" rel=\"noopener\">SKYGGE<\/a><\/strong> alias Benoit Carr\u00e9, est \u00e0 l&rsquo;avant-garde des musiciens qui tentent de lib\u00e9rer le potentiel cr\u00e9atif de l&rsquo;intelligence artificielle (I.A.).\u00a0 Avec son premier album <em><strong>Hello World<\/strong><\/em>, sorti en 2018, il est devenu l&rsquo;un des premiers artistes \u00e0 produire de la musique pop en utilisant cette technologie de mani\u00e8re globale.\u00a0Inspir\u00e9 par le conte \u00ab\u00a0L&rsquo;Ombre\u00a0\u00bb de Hans Christian Andersen, Benoit Carr\u00e9 a invent\u00e9 cet avatar SKYGGE (ombre en danois) comme sa propre ombre r\u00e9v\u00e9l\u00e9e par son travail musical avec les outils d&rsquo;I.A. qu&rsquo;il a contribu\u00e9 \u00e0 cr\u00e9er aux c\u00f4t\u00e9s d&rsquo;\u00e9quipes de chercheurs depuis 2015. Dans son nouveau projet, <em><strong>Interface Poetry<\/strong><\/em>, (sortie d\u00e9but 2022), SKYGGE interagit avec une A.I. Shadow \u00e0 la recherche d&rsquo;une identit\u00e9 qui prend la forme de tons vocaux changeants, ainsi que de nombreux autres personnages autour de la voix de SKYGGE.<\/p>\n<div class=\"playListBloc singleBloc\"><div class=\"playListBloc-wrap\">    <div class=\"thumbnail\"><img data-src=\"https:\/\/whatthefrance.org\/wp-content\/uploads\/2018\/11\/WTF-Pochettes_hits_monde_2-254x254.jpg\" class=\"lazyload\" alt=\"WTF&#8212;Pochettes_hits_monde_2\" \/>    <\/div>    <div class=\"infos\">        <span class=\"tag\">Charts &amp; News<\/span>        <h2>French Hits Worldwide<\/h2>        <span class=\"separator\"><\/span>       <span class=\"desc\">The biggest made in France hits topping the charts around the world. <\/span><div class=\"share flex flexAlignCenter \">\t<span class=\"label\">Partager<\/span>\t<a href=\"https:\/\/www.facebook.com\/sharer\/sharer.php?u=https:\/\/whatthefrance.org\/fr\/playlists\/french-hits-worldwide\/\" class=\"facebook\" target=\"_blank\" rel=\"noreferrer\">Facebook<\/a>\t<a href=\"https:\/\/twitter.com\/intent\/tweet?url=https:\/\/whatthefrance.org\/fr\/playlists\/french-hits-worldwide\/&text=French+Hits+Worldwide&hashtags=WTF\" class=\"twitter\" target=\"_blank\" rel=\"noreferrer\">Twitter<\/a>\t<a href=\"mailto:?subject=What%20the%20France%20%3A%20French%20Hits%20Worldwide&body=https:\/\/whatthefrance.org\/fr\/playlists\/french-hits-worldwide\/\" class=\"mail\" target=\"_blank\" rel=\"noreferrer\">Email<\/a><\/div>        <a href=\"#\" class=\"btn btnPlaylist orange playlist-click\" data-id=\"867\">            <svg version=\"1.1\" x=\"0px\" y=\"0px\" width=\"40px\" height=\"40px\" viewBox=\"0 0 213.7 213.7\" enable-background=\"new 0 0 213.7 213.7\" xml:space=\"preserve\">                <polygon class=\"triangle\" fill=\"none\" stroke-width=\"10\" stroke-linecap=\"round\" stroke-linejoin=\"round\" stroke-miterlimit=\"10\" points=\"\n            73.5,62.5 148.5,105.8 73.5,149.1 \"\/>                <circle class=\"circle\" fill=\"none\"  stroke-width=\"8\" stroke-linecap=\"round\" stroke-linejoin=\"round\" stroke-miterlimit=\"10\" cx=\"106.8\" cy=\"106.8\" r=\"103.3\"\/>                <circle class=\"circle-white\" fill=\"none\"  stroke-width=\"8\" stroke-linecap=\"round\" stroke-linejoin=\"round\" stroke-miterlimit=\"10\" cx=\"106.8\" cy=\"106.8\" r=\"103.3\"\/>            <\/svg>Ecouter        <\/a>    <\/div>  <\/div><\/div>\n","protected":false},"excerpt":{"rendered":"<p>La prochaine \u00e9dition du Future Echoes, le premier festival international en Su\u00e8de, se tiendra du 17 au 19 f\u00e9vrier 2022 \u00e0 Norrk\u00f6ping. On pourra y \u00e9couter deux artistes \u00ab\u00a0Made in France\u00a0\u00bb. SUN SUN est une chanteuse, auteure-compositrice, guitariste et actrice franco-allemande.\u00a0Son premier EP\u00a0Brutal Pop\u00a0a stup\u00e9fi\u00e9 la presse et le public gr\u00e2ce au nouveau type de [&hellip;]<\/p>\n","protected":false},"author":6,"featured_media":0,"comment_status":"closed","ping_status":"closed","sticky":false,"template":"","format":"standard","meta":{"_acf_changed":false,"footnotes":""},"categories":[213],"tags":[323,351],"class_list":["post-37241","post","type-post","status-publish","format-standard","hentry","category-event-fr","tag-electronic-fr","tag-rock-fr"],"acf":[],"yoast_head":"<!-- This site is optimized with the Yoast SEO plugin v27.3 - https:\/\/yoast.com\/product\/yoast-seo-wordpress\/ -->\n<title>Future Echoes | 17 au 19 f\u00e9vrier 2022 \u00e0 Norrk\u00f6ping, en Su\u00e8de - What the France<\/title>\n<meta name=\"robots\" content=\"index, follow, max-snippet:-1, max-image-preview:large, max-video-preview:-1\" \/>\n<link rel=\"canonical\" href=\"https:\/\/whatthefrance.org\/fr\/future-echoes-17-au-19-fevrier-2022-a-norrkoping-en-suede\/\" \/>\n<meta property=\"og:locale\" content=\"fr_FR\" \/>\n<meta property=\"og:type\" content=\"article\" \/>\n<meta property=\"og:title\" content=\"Future Echoes | 17 au 19 f\u00e9vrier 2022 \u00e0 Norrk\u00f6ping, en Su\u00e8de - What the France\" \/>\n<meta property=\"og:description\" content=\"La prochaine \u00e9dition du Future Echoes, le premier festival international en Su\u00e8de, se tiendra du 17 au 19 f\u00e9vrier 2022 \u00e0 Norrk\u00f6ping. On pourra y \u00e9couter deux artistes \u00ab\u00a0Made in France\u00a0\u00bb. SUN SUN est une chanteuse, auteure-compositrice, guitariste et actrice franco-allemande.\u00a0Son premier EP\u00a0Brutal Pop\u00a0a stup\u00e9fi\u00e9 la presse et le public gr\u00e2ce au nouveau type de [&hellip;]\" \/>\n<meta property=\"og:url\" content=\"https:\/\/whatthefrance.org\/fr\/future-echoes-17-au-19-fevrier-2022-a-norrkoping-en-suede\/\" \/>\n<meta property=\"og:site_name\" content=\"What the France\" \/>\n<meta property=\"article:published_time\" content=\"2022-02-02T09:00:37+00:00\" \/>\n<meta property=\"og:image\" content=\"https:\/\/whatthefrance.org\/wp-content\/uploads\/2022\/01\/Future_Echoes_what_the_france.png\" \/>\n\t<meta property=\"og:image:width\" content=\"1084\" \/>\n\t<meta property=\"og:image:height\" content=\"452\" \/><meta property=\"og:image\" content=\"https:\/\/whatthefrance.org\/wp-content\/uploads\/2022\/01\/Tile-Artists-Sun-300x300.jpg\" \/>\n<meta name=\"author\" content=\"Marie-Sophie Administrateur\" \/>\n<meta name=\"twitter:card\" content=\"summary_large_image\" \/>\n<meta name=\"twitter:label1\" content=\"\u00c9crit par\" \/>\n\t<meta name=\"twitter:data1\" content=\"Marie-Sophie Administrateur\" \/>\n\t<meta name=\"twitter:label2\" content=\"Dur\u00e9e de lecture estim\u00e9e\" \/>\n\t<meta name=\"twitter:data2\" content=\"2 minutes\" \/>\n<script type=\"application\/ld+json\" class=\"yoast-schema-graph\">{\"@context\":\"https:\\\/\\\/schema.org\",\"@graph\":[{\"@type\":\"Article\",\"@id\":\"https:\\\/\\\/whatthefrance.org\\\/fr\\\/future-echoes-17-au-19-fevrier-2022-a-norrkoping-en-suede\\\/#article\",\"isPartOf\":{\"@id\":\"https:\\\/\\\/whatthefrance.org\\\/fr\\\/future-echoes-17-au-19-fevrier-2022-a-norrkoping-en-suede\\\/\"},\"author\":{\"name\":\"Marie-Sophie Administrateur\",\"@id\":\"https:\\\/\\\/whatthefrance.org\\\/fr\\\/#\\\/schema\\\/person\\\/3b7ea6fb70b536503b3e8c909c564a81\"},\"headline\":\"Future Echoes | 17 au 19 f\u00e9vrier 2022 \u00e0 Norrk\u00f6ping, en Su\u00e8de\",\"datePublished\":\"2022-02-02T09:00:37+00:00\",\"mainEntityOfPage\":{\"@id\":\"https:\\\/\\\/whatthefrance.org\\\/fr\\\/future-echoes-17-au-19-fevrier-2022-a-norrkoping-en-suede\\\/\"},\"wordCount\":377,\"publisher\":{\"@id\":\"https:\\\/\\\/whatthefrance.org\\\/fr\\\/#organization\"},\"image\":{\"@id\":\"https:\\\/\\\/whatthefrance.org\\\/fr\\\/future-echoes-17-au-19-fevrier-2022-a-norrkoping-en-suede\\\/#primaryimage\"},\"thumbnailUrl\":\"https:\\\/\\\/whatthefrance.org\\\/wp-content\\\/uploads\\\/2022\\\/01\\\/Tile-Artists-Sun-300x300.jpg\",\"keywords\":[\"Electronic\",\"Rock\"],\"articleSection\":[\"Event\"],\"inLanguage\":\"fr-FR\"},{\"@type\":\"WebPage\",\"@id\":\"https:\\\/\\\/whatthefrance.org\\\/fr\\\/future-echoes-17-au-19-fevrier-2022-a-norrkoping-en-suede\\\/\",\"url\":\"https:\\\/\\\/whatthefrance.org\\\/fr\\\/future-echoes-17-au-19-fevrier-2022-a-norrkoping-en-suede\\\/\",\"name\":\"Future Echoes | 17 au 19 f\u00e9vrier 2022 \u00e0 Norrk\u00f6ping, en Su\u00e8de - What the France\",\"isPartOf\":{\"@id\":\"https:\\\/\\\/whatthefrance.org\\\/fr\\\/#website\"},\"primaryImageOfPage\":{\"@id\":\"https:\\\/\\\/whatthefrance.org\\\/fr\\\/future-echoes-17-au-19-fevrier-2022-a-norrkoping-en-suede\\\/#primaryimage\"},\"image\":{\"@id\":\"https:\\\/\\\/whatthefrance.org\\\/fr\\\/future-echoes-17-au-19-fevrier-2022-a-norrkoping-en-suede\\\/#primaryimage\"},\"thumbnailUrl\":\"https:\\\/\\\/whatthefrance.org\\\/wp-content\\\/uploads\\\/2022\\\/01\\\/Tile-Artists-Sun-300x300.jpg\",\"datePublished\":\"2022-02-02T09:00:37+00:00\",\"breadcrumb\":{\"@id\":\"https:\\\/\\\/whatthefrance.org\\\/fr\\\/future-echoes-17-au-19-fevrier-2022-a-norrkoping-en-suede\\\/#breadcrumb\"},\"inLanguage\":\"fr-FR\",\"potentialAction\":[{\"@type\":\"ReadAction\",\"target\":[\"https:\\\/\\\/whatthefrance.org\\\/fr\\\/future-echoes-17-au-19-fevrier-2022-a-norrkoping-en-suede\\\/\"]}]},{\"@type\":\"ImageObject\",\"inLanguage\":\"fr-FR\",\"@id\":\"https:\\\/\\\/whatthefrance.org\\\/fr\\\/future-echoes-17-au-19-fevrier-2022-a-norrkoping-en-suede\\\/#primaryimage\",\"url\":\"https:\\\/\\\/whatthefrance.org\\\/wp-content\\\/uploads\\\/2022\\\/01\\\/Tile-Artists-Sun-300x300.jpg\",\"contentUrl\":\"https:\\\/\\\/whatthefrance.org\\\/wp-content\\\/uploads\\\/2022\\\/01\\\/Tile-Artists-Sun-300x300.jpg\"},{\"@type\":\"BreadcrumbList\",\"@id\":\"https:\\\/\\\/whatthefrance.org\\\/fr\\\/future-echoes-17-au-19-fevrier-2022-a-norrkoping-en-suede\\\/#breadcrumb\",\"itemListElement\":[{\"@type\":\"ListItem\",\"position\":1,\"name\":\"Home\",\"item\":\"https:\\\/\\\/whatthefrance.org\\\/fr\\\/\"},{\"@type\":\"ListItem\",\"position\":2,\"name\":\"Future Echoes | 17 au 19 f\u00e9vrier 2022 \u00e0 Norrk\u00f6ping, en Su\u00e8de\"}]},{\"@type\":\"WebSite\",\"@id\":\"https:\\\/\\\/whatthefrance.org\\\/fr\\\/#website\",\"url\":\"https:\\\/\\\/whatthefrance.org\\\/fr\\\/\",\"name\":\"What the France\",\"description\":\"The finest music made in France !\",\"publisher\":{\"@id\":\"https:\\\/\\\/whatthefrance.org\\\/fr\\\/#organization\"},\"potentialAction\":[{\"@type\":\"SearchAction\",\"target\":{\"@type\":\"EntryPoint\",\"urlTemplate\":\"https:\\\/\\\/whatthefrance.org\\\/fr\\\/?s={search_term_string}\"},\"query-input\":{\"@type\":\"PropertyValueSpecification\",\"valueRequired\":true,\"valueName\":\"search_term_string\"}}],\"inLanguage\":\"fr-FR\"},{\"@type\":\"Organization\",\"@id\":\"https:\\\/\\\/whatthefrance.org\\\/fr\\\/#organization\",\"name\":\"What The France\",\"url\":\"https:\\\/\\\/whatthefrance.org\\\/fr\\\/\",\"logo\":{\"@type\":\"ImageObject\",\"inLanguage\":\"fr-FR\",\"@id\":\"https:\\\/\\\/whatthefrance.org\\\/fr\\\/#\\\/schema\\\/logo\\\/image\\\/\",\"url\":\"https:\\\/\\\/whatthefrance.org\\\/wp-content\\\/uploads\\\/2019\\\/12\\\/44688719_2251580388408837_694180218134331392_n-e1577679609190.png\",\"contentUrl\":\"https:\\\/\\\/whatthefrance.org\\\/wp-content\\\/uploads\\\/2019\\\/12\\\/44688719_2251580388408837_694180218134331392_n-e1577679609190.png\",\"width\":200,\"height\":200,\"caption\":\"What The France\"},\"image\":{\"@id\":\"https:\\\/\\\/whatthefrance.org\\\/fr\\\/#\\\/schema\\\/logo\\\/image\\\/\"}},{\"@type\":\"Person\",\"@id\":\"https:\\\/\\\/whatthefrance.org\\\/fr\\\/#\\\/schema\\\/person\\\/3b7ea6fb70b536503b3e8c909c564a81\",\"name\":\"Marie-Sophie Administrateur\",\"image\":{\"@type\":\"ImageObject\",\"inLanguage\":\"fr-FR\",\"@id\":\"https:\\\/\\\/secure.gravatar.com\\\/avatar\\\/d57e4552c73c8713409cd3c2de53bdb5d220ebdd76dc7ba351b2dbae89f5afa9?s=96&d=mm&r=g\",\"url\":\"https:\\\/\\\/secure.gravatar.com\\\/avatar\\\/d57e4552c73c8713409cd3c2de53bdb5d220ebdd76dc7ba351b2dbae89f5afa9?s=96&d=mm&r=g\",\"contentUrl\":\"https:\\\/\\\/secure.gravatar.com\\\/avatar\\\/d57e4552c73c8713409cd3c2de53bdb5d220ebdd76dc7ba351b2dbae89f5afa9?s=96&d=mm&r=g\",\"caption\":\"Marie-Sophie Administrateur\"}}]}<\/script>\n<!-- \/ Yoast SEO plugin. -->","yoast_head_json":{"title":"Future Echoes | 17 au 19 f\u00e9vrier 2022 \u00e0 Norrk\u00f6ping, en Su\u00e8de - What the France","robots":{"index":"index","follow":"follow","max-snippet":"max-snippet:-1","max-image-preview":"max-image-preview:large","max-video-preview":"max-video-preview:-1"},"canonical":"https:\/\/whatthefrance.org\/fr\/future-echoes-17-au-19-fevrier-2022-a-norrkoping-en-suede\/","og_locale":"fr_FR","og_type":"article","og_title":"Future Echoes | 17 au 19 f\u00e9vrier 2022 \u00e0 Norrk\u00f6ping, en Su\u00e8de - What the France","og_description":"La prochaine \u00e9dition du Future Echoes, le premier festival international en Su\u00e8de, se tiendra du 17 au 19 f\u00e9vrier 2022 \u00e0 Norrk\u00f6ping. On pourra y \u00e9couter deux artistes \u00ab\u00a0Made in France\u00a0\u00bb. SUN SUN est une chanteuse, auteure-compositrice, guitariste et actrice franco-allemande.\u00a0Son premier EP\u00a0Brutal Pop\u00a0a stup\u00e9fi\u00e9 la presse et le public gr\u00e2ce au nouveau type de [&hellip;]","og_url":"https:\/\/whatthefrance.org\/fr\/future-echoes-17-au-19-fevrier-2022-a-norrkoping-en-suede\/","og_site_name":"What the France","article_published_time":"2022-02-02T09:00:37+00:00","og_image":[{"url":"https:\/\/whatthefrance.org\/wp-content\/uploads\/2022\/01\/Future_Echoes_what_the_france.png","height":452,"width":1084,"type":""},{"url":"https:\/\/whatthefrance.org\/wp-content\/uploads\/2022\/01\/Tile-Artists-Sun-300x300.jpg","type":"","width":"","height":""}],"author":"Marie-Sophie Administrateur","twitter_card":"summary_large_image","twitter_misc":{"\u00c9crit par":"Marie-Sophie Administrateur","Dur\u00e9e de lecture estim\u00e9e":"2 minutes"},"schema":{"@context":"https:\/\/schema.org","@graph":[{"@type":"Article","@id":"https:\/\/whatthefrance.org\/fr\/future-echoes-17-au-19-fevrier-2022-a-norrkoping-en-suede\/#article","isPartOf":{"@id":"https:\/\/whatthefrance.org\/fr\/future-echoes-17-au-19-fevrier-2022-a-norrkoping-en-suede\/"},"author":{"name":"Marie-Sophie Administrateur","@id":"https:\/\/whatthefrance.org\/fr\/#\/schema\/person\/3b7ea6fb70b536503b3e8c909c564a81"},"headline":"Future Echoes | 17 au 19 f\u00e9vrier 2022 \u00e0 Norrk\u00f6ping, en Su\u00e8de","datePublished":"2022-02-02T09:00:37+00:00","mainEntityOfPage":{"@id":"https:\/\/whatthefrance.org\/fr\/future-echoes-17-au-19-fevrier-2022-a-norrkoping-en-suede\/"},"wordCount":377,"publisher":{"@id":"https:\/\/whatthefrance.org\/fr\/#organization"},"image":{"@id":"https:\/\/whatthefrance.org\/fr\/future-echoes-17-au-19-fevrier-2022-a-norrkoping-en-suede\/#primaryimage"},"thumbnailUrl":"https:\/\/whatthefrance.org\/wp-content\/uploads\/2022\/01\/Tile-Artists-Sun-300x300.jpg","keywords":["Electronic","Rock"],"articleSection":["Event"],"inLanguage":"fr-FR"},{"@type":"WebPage","@id":"https:\/\/whatthefrance.org\/fr\/future-echoes-17-au-19-fevrier-2022-a-norrkoping-en-suede\/","url":"https:\/\/whatthefrance.org\/fr\/future-echoes-17-au-19-fevrier-2022-a-norrkoping-en-suede\/","name":"Future Echoes | 17 au 19 f\u00e9vrier 2022 \u00e0 Norrk\u00f6ping, en Su\u00e8de - What the France","isPartOf":{"@id":"https:\/\/whatthefrance.org\/fr\/#website"},"primaryImageOfPage":{"@id":"https:\/\/whatthefrance.org\/fr\/future-echoes-17-au-19-fevrier-2022-a-norrkoping-en-suede\/#primaryimage"},"image":{"@id":"https:\/\/whatthefrance.org\/fr\/future-echoes-17-au-19-fevrier-2022-a-norrkoping-en-suede\/#primaryimage"},"thumbnailUrl":"https:\/\/whatthefrance.org\/wp-content\/uploads\/2022\/01\/Tile-Artists-Sun-300x300.jpg","datePublished":"2022-02-02T09:00:37+00:00","breadcrumb":{"@id":"https:\/\/whatthefrance.org\/fr\/future-echoes-17-au-19-fevrier-2022-a-norrkoping-en-suede\/#breadcrumb"},"inLanguage":"fr-FR","potentialAction":[{"@type":"ReadAction","target":["https:\/\/whatthefrance.org\/fr\/future-echoes-17-au-19-fevrier-2022-a-norrkoping-en-suede\/"]}]},{"@type":"ImageObject","inLanguage":"fr-FR","@id":"https:\/\/whatthefrance.org\/fr\/future-echoes-17-au-19-fevrier-2022-a-norrkoping-en-suede\/#primaryimage","url":"https:\/\/whatthefrance.org\/wp-content\/uploads\/2022\/01\/Tile-Artists-Sun-300x300.jpg","contentUrl":"https:\/\/whatthefrance.org\/wp-content\/uploads\/2022\/01\/Tile-Artists-Sun-300x300.jpg"},{"@type":"BreadcrumbList","@id":"https:\/\/whatthefrance.org\/fr\/future-echoes-17-au-19-fevrier-2022-a-norrkoping-en-suede\/#breadcrumb","itemListElement":[{"@type":"ListItem","position":1,"name":"Home","item":"https:\/\/whatthefrance.org\/fr\/"},{"@type":"ListItem","position":2,"name":"Future Echoes | 17 au 19 f\u00e9vrier 2022 \u00e0 Norrk\u00f6ping, en Su\u00e8de"}]},{"@type":"WebSite","@id":"https:\/\/whatthefrance.org\/fr\/#website","url":"https:\/\/whatthefrance.org\/fr\/","name":"What the France","description":"The finest music made in France !","publisher":{"@id":"https:\/\/whatthefrance.org\/fr\/#organization"},"potentialAction":[{"@type":"SearchAction","target":{"@type":"EntryPoint","urlTemplate":"https:\/\/whatthefrance.org\/fr\/?s={search_term_string}"},"query-input":{"@type":"PropertyValueSpecification","valueRequired":true,"valueName":"search_term_string"}}],"inLanguage":"fr-FR"},{"@type":"Organization","@id":"https:\/\/whatthefrance.org\/fr\/#organization","name":"What The France","url":"https:\/\/whatthefrance.org\/fr\/","logo":{"@type":"ImageObject","inLanguage":"fr-FR","@id":"https:\/\/whatthefrance.org\/fr\/#\/schema\/logo\/image\/","url":"https:\/\/whatthefrance.org\/wp-content\/uploads\/2019\/12\/44688719_2251580388408837_694180218134331392_n-e1577679609190.png","contentUrl":"https:\/\/whatthefrance.org\/wp-content\/uploads\/2019\/12\/44688719_2251580388408837_694180218134331392_n-e1577679609190.png","width":200,"height":200,"caption":"What The France"},"image":{"@id":"https:\/\/whatthefrance.org\/fr\/#\/schema\/logo\/image\/"}},{"@type":"Person","@id":"https:\/\/whatthefrance.org\/fr\/#\/schema\/person\/3b7ea6fb70b536503b3e8c909c564a81","name":"Marie-Sophie Administrateur","image":{"@type":"ImageObject","inLanguage":"fr-FR","@id":"https:\/\/secure.gravatar.com\/avatar\/d57e4552c73c8713409cd3c2de53bdb5d220ebdd76dc7ba351b2dbae89f5afa9?s=96&d=mm&r=g","url":"https:\/\/secure.gravatar.com\/avatar\/d57e4552c73c8713409cd3c2de53bdb5d220ebdd76dc7ba351b2dbae89f5afa9?s=96&d=mm&r=g","contentUrl":"https:\/\/secure.gravatar.com\/avatar\/d57e4552c73c8713409cd3c2de53bdb5d220ebdd76dc7ba351b2dbae89f5afa9?s=96&d=mm&r=g","caption":"Marie-Sophie Administrateur"}}]}},"_links":{"self":[{"href":"https:\/\/whatthefrance.org\/fr\/wp-json\/wp\/v2\/posts\/37241","targetHints":{"allow":["GET"]}}],"collection":[{"href":"https:\/\/whatthefrance.org\/fr\/wp-json\/wp\/v2\/posts"}],"about":[{"href":"https:\/\/whatthefrance.org\/fr\/wp-json\/wp\/v2\/types\/post"}],"author":[{"embeddable":true,"href":"https:\/\/whatthefrance.org\/fr\/wp-json\/wp\/v2\/users\/6"}],"replies":[{"embeddable":true,"href":"https:\/\/whatthefrance.org\/fr\/wp-json\/wp\/v2\/comments?post=37241"}],"version-history":[{"count":5,"href":"https:\/\/whatthefrance.org\/fr\/wp-json\/wp\/v2\/posts\/37241\/revisions"}],"predecessor-version":[{"id":37266,"href":"https:\/\/whatthefrance.org\/fr\/wp-json\/wp\/v2\/posts\/37241\/revisions\/37266"}],"wp:attachment":[{"href":"https:\/\/whatthefrance.org\/fr\/wp-json\/wp\/v2\/media?parent=37241"}],"wp:term":[{"taxonomy":"category","embeddable":true,"href":"https:\/\/whatthefrance.org\/fr\/wp-json\/wp\/v2\/categories?post=37241"},{"taxonomy":"post_tag","embeddable":true,"href":"https:\/\/whatthefrance.org\/fr\/wp-json\/wp\/v2\/tags?post=37241"}],"curies":[{"name":"wp","href":"https:\/\/api.w.org\/{rel}","templated":true}]}}