{"id":37540,"date":"2022-02-09T10:00:30","date_gmt":"2022-02-09T09:00:30","guid":{"rendered":"https:\/\/whatthefrance.org\/?p=37540"},"modified":"2022-02-08T15:59:14","modified_gmt":"2022-02-08T14:59:14","slug":"soolking-tournee-en-amerique-du-nord","status":"publish","type":"post","link":"https:\/\/whatthefrance.org\/fr\/soolking-tournee-en-amerique-du-nord\/","title":{"rendered":"Soolking | Tourn\u00e9e en Am\u00e9rique du Nord !\u00a0"},"content":{"rendered":"<p>Apr\u00e8s deux albums en Alg\u00e9rie dans le groupe Africa Jungle, Abderraouf Derradji lance sa carri\u00e8re solo en France sous le pseudonyme\u00a0<a href=\"https:\/\/fra01.safelinks.protection.outlook.com\/?url=https%3A%2F%2Fwww.instagram.com%2Fsoolkingofficiel%2F%3Fhl%3Dfr&amp;data=04%7C01%7Cmarie-sophie.cazin%40cnm.fr%7C7a2ed15605d34c5d2ddf08d9eb134ca7%7Cba774e6290394882a8cac4a49ebaf0d1%7C1%7C0%7C637799290384277750%7CUnknown%7CTWFpbGZsb3d8eyJWIjoiMC4wLjAwMDAiLCJQIjoiV2luMzIiLCJBTiI6Ik1haWwiLCJXVCI6Mn0%3D%7C3000&amp;sdata=R6mBxXNfKNUODOWj%2F01DpjCRwnGp%2FlTD5xtmx0g6SLk%3D&amp;reserved=0\" target=\"_BLANK\u00ab\" rel=\"noopener\"><b>Soolking<\/b><\/a><span class=\"apple-converted-space\"><b>\u00a0<\/b><\/span>en 2016. Il collabore avec les pointures locales Alonzo ou Soprano, avant de prendre son envol en 2018 avec les titres \u00ab\u00a0Milano\u00a0\u00bb et \u00ab\u00a0Gu\u00e9rilla\u00a0\u00bb, m\u00e9langeant rap,\u00a0saveurs orientales et ra\u00ef.<\/p>\n<p>Son premier album<span class=\"apple-converted-space\">\u00a0<\/span><em><b>Fruit du D\u00e9mon<\/b><\/em>\u00a0sort en novembre 2018 et entre dans les classements fran\u00e7ais. En 2019, parait<span class=\"apple-converted-space\">\u00a0<\/span><em>\u00ab<\/em><span class=\"apple-converted-space\"><i>\u00a0<\/i><\/span>\u00ab\u00a0Libert\u00e9\u00a0\u00bb,\u00a0un titre en soutien aux manifestations qui conduisent \u00e0 la d\u00e9mission du Pr\u00e9sident Bouteflika en Alg\u00e9rie.\u00a0L&rsquo;ann\u00e9e 2020 voit son retour en force avec la parution de l&rsquo;album<span class=\"apple-converted-space\">\u00a0<\/span><strong><i>Vintage<\/i><\/strong>, qui contient\u00a0des duos avec Cheb Mami, SCH, Heuss l&rsquo;Enfoir\u00e9, Jul, 13 Block, Gambi, Dadju, ainsi qu&rsquo;avec le rappeur allemand Mero.<\/p>\n<p><iframe loading=\"lazy\" title=\"Soolking feat. Ouled El Bahdja - Libert\u00e9 [Clip Officiel] Prod by Katakuree\" width=\"500\" height=\"281\" src=\"https:\/\/www.youtube.com\/embed\/CTAH-AqYm48?feature=oembed\" frameborder=\"0\" allow=\"accelerometer; autoplay; clipboard-write; encrypted-media; gyroscope; picture-in-picture; web-share\" referrerpolicy=\"strict-origin-when-cross-origin\" allowfullscreen><\/iframe><\/p>\n<p>Du c\u00f4t\u00e9 de l\u2019international, on l&rsquo;\u00e9coute en Albanie et au Kosovo, gr\u00e2ce son duo avec la chanteuse albanaise <span class=\"spelle\">Dhurata<\/span> Dora,mais aussi en Alg\u00e9rie ou encore au Liban, o\u00f9 il a \u00e9t\u00e9 \u00e9lu en 2019 \u00ab\u00a0Artiste international de l\u2019ann\u00e9e\u00a0\u00bb lors du BIAF (Beirut International Awards Festival).<\/p>\n<p>Il part maintenant \u00e0 la conqu\u00eate de l&rsquo;Am\u00e9rique du Nord avec une tourn\u00e9e, retrouvez toutes ses dates sur What The France !<\/p>\n<div class=\"playListBloc singleBloc\"><div class=\"playListBloc-wrap\">    <div class=\"thumbnail\"><img data-src=\"https:\/\/whatthefrance.org\/wp-content\/uploads\/2018\/11\/WTF-Pochettes_urban_7-254x254.jpg\" class=\"lazyload\" alt=\"WTF&#8212;Pochettes_urban_7\" \/>    <\/div>    <div class=\"infos\">        <span class=\"tag\">Genres<\/span>        <h2>Urban A Go-Go<\/h2>        <span class=\"separator\"><\/span>       <span class=\"desc\">Unleash the latest urban music hits made in France.<\/span><div class=\"share flex flexAlignCenter \">\t<span class=\"label\">Partager<\/span>\t<a href=\"https:\/\/www.facebook.com\/sharer\/sharer.php?u=https:\/\/whatthefrance.org\/fr\/playlists\/urban-a-go-go\/\" class=\"facebook\" target=\"_blank\" rel=\"noreferrer\">Facebook<\/a>\t<a href=\"https:\/\/twitter.com\/intent\/tweet?url=https:\/\/whatthefrance.org\/fr\/playlists\/urban-a-go-go\/&text=Urban+A+Go-Go&hashtags=WTF\" class=\"twitter\" target=\"_blank\" rel=\"noreferrer\">Twitter<\/a>\t<a href=\"mailto:?subject=What%20the%20France%20%3A%20Urban%20A%20Go-Go&body=https:\/\/whatthefrance.org\/fr\/playlists\/urban-a-go-go\/\" class=\"mail\" target=\"_blank\" rel=\"noreferrer\">Email<\/a><\/div>        <a href=\"#\" class=\"btn btnPlaylist orange playlist-click\" data-id=\"917\">            <svg version=\"1.1\" x=\"0px\" y=\"0px\" width=\"40px\" height=\"40px\" viewBox=\"0 0 213.7 213.7\" enable-background=\"new 0 0 213.7 213.7\" xml:space=\"preserve\">                <polygon class=\"triangle\" fill=\"none\" stroke-width=\"10\" stroke-linecap=\"round\" stroke-linejoin=\"round\" stroke-miterlimit=\"10\" points=\"\n            73.5,62.5 148.5,105.8 73.5,149.1 \"\/>                <circle class=\"circle\" fill=\"none\"  stroke-width=\"8\" stroke-linecap=\"round\" stroke-linejoin=\"round\" stroke-miterlimit=\"10\" cx=\"106.8\" cy=\"106.8\" r=\"103.3\"\/>                <circle class=\"circle-white\" fill=\"none\"  stroke-width=\"8\" stroke-linecap=\"round\" stroke-linejoin=\"round\" stroke-miterlimit=\"10\" cx=\"106.8\" cy=\"106.8\" r=\"103.3\"\/>            <\/svg>Ecouter        <\/a>    <\/div>  <\/div><\/div>\n","protected":false},"excerpt":{"rendered":"<p>Apr\u00e8s deux albums en Alg\u00e9rie dans le groupe Africa Jungle, Abderraouf Derradji lance sa carri\u00e8re solo en France sous le pseudonyme\u00a0Soolking\u00a0en 2016. Il collabore avec les pointures locales Alonzo ou Soprano, avant de prendre son envol en 2018 avec les titres \u00ab\u00a0Milano\u00a0\u00bb et \u00ab\u00a0Gu\u00e9rilla\u00a0\u00bb, m\u00e9langeant rap,\u00a0saveurs orientales et ra\u00ef. Son premier album\u00a0Fruit du D\u00e9mon\u00a0sort en [&hellip;]<\/p>\n","protected":false},"author":6,"featured_media":0,"comment_status":"closed","ping_status":"closed","sticky":false,"template":"","format":"standard","meta":{"_acf_changed":false,"footnotes":""},"categories":[213],"tags":[357],"class_list":["post-37540","post","type-post","status-publish","format-standard","hentry","category-event-fr","tag-urban-fr"],"acf":[],"yoast_head":"<!-- This site is optimized with the Yoast SEO plugin v27.3 - https:\/\/yoast.com\/product\/yoast-seo-wordpress\/ -->\n<title>Soolking | Tourn\u00e9e en Am\u00e9rique du Nord !\u00a0 - What the France<\/title>\n<meta name=\"robots\" content=\"index, follow, max-snippet:-1, max-image-preview:large, max-video-preview:-1\" \/>\n<link rel=\"canonical\" href=\"https:\/\/whatthefrance.org\/fr\/soolking-tournee-en-amerique-du-nord\/\" \/>\n<meta property=\"og:locale\" content=\"fr_FR\" \/>\n<meta property=\"og:type\" content=\"article\" \/>\n<meta property=\"og:title\" content=\"Soolking | Tourn\u00e9e en Am\u00e9rique du Nord !\u00a0 - What the France\" \/>\n<meta property=\"og:description\" content=\"Apr\u00e8s deux albums en Alg\u00e9rie dans le groupe Africa Jungle, Abderraouf Derradji lance sa carri\u00e8re solo en France sous le pseudonyme\u00a0Soolking\u00a0en 2016. Il collabore avec les pointures locales Alonzo ou Soprano, avant de prendre son envol en 2018 avec les titres \u00ab\u00a0Milano\u00a0\u00bb et \u00ab\u00a0Gu\u00e9rilla\u00a0\u00bb, m\u00e9langeant rap,\u00a0saveurs orientales et ra\u00ef. Son premier album\u00a0Fruit du D\u00e9mon\u00a0sort en [&hellip;]\" \/>\n<meta property=\"og:url\" content=\"https:\/\/whatthefrance.org\/fr\/soolking-tournee-en-amerique-du-nord\/\" \/>\n<meta property=\"og:site_name\" content=\"What the France\" \/>\n<meta property=\"article:published_time\" content=\"2022-02-09T09:00:30+00:00\" \/>\n<meta property=\"og:image\" content=\"https:\/\/whatthefrance.org\/wp-content\/uploads\/2022\/02\/soolking_what_the_france.png\" \/>\n\t<meta property=\"og:image:width\" content=\"1084\" \/>\n\t<meta property=\"og:image:height\" content=\"452\" \/>\n<meta name=\"author\" content=\"Marie-Sophie Administrateur\" \/>\n<meta name=\"twitter:card\" content=\"summary_large_image\" \/>\n<meta name=\"twitter:label1\" content=\"\u00c9crit par\" \/>\n\t<meta name=\"twitter:data1\" content=\"Marie-Sophie Administrateur\" \/>\n\t<meta name=\"twitter:label2\" content=\"Dur\u00e9e de lecture estim\u00e9e\" \/>\n\t<meta name=\"twitter:data2\" content=\"1 minute\" \/>\n<script type=\"application\/ld+json\" class=\"yoast-schema-graph\">{\"@context\":\"https:\\\/\\\/schema.org\",\"@graph\":[{\"@type\":\"Article\",\"@id\":\"https:\\\/\\\/whatthefrance.org\\\/fr\\\/soolking-tournee-en-amerique-du-nord\\\/#article\",\"isPartOf\":{\"@id\":\"https:\\\/\\\/whatthefrance.org\\\/fr\\\/soolking-tournee-en-amerique-du-nord\\\/\"},\"author\":{\"name\":\"Marie-Sophie Administrateur\",\"@id\":\"https:\\\/\\\/whatthefrance.org\\\/fr\\\/#\\\/schema\\\/person\\\/3b7ea6fb70b536503b3e8c909c564a81\"},\"headline\":\"Soolking | Tourn\u00e9e en Am\u00e9rique du Nord !\u00a0\",\"datePublished\":\"2022-02-09T09:00:30+00:00\",\"mainEntityOfPage\":{\"@id\":\"https:\\\/\\\/whatthefrance.org\\\/fr\\\/soolking-tournee-en-amerique-du-nord\\\/\"},\"wordCount\":223,\"publisher\":{\"@id\":\"https:\\\/\\\/whatthefrance.org\\\/fr\\\/#organization\"},\"keywords\":[\"Urban\"],\"articleSection\":[\"Event\"],\"inLanguage\":\"fr-FR\"},{\"@type\":\"WebPage\",\"@id\":\"https:\\\/\\\/whatthefrance.org\\\/fr\\\/soolking-tournee-en-amerique-du-nord\\\/\",\"url\":\"https:\\\/\\\/whatthefrance.org\\\/fr\\\/soolking-tournee-en-amerique-du-nord\\\/\",\"name\":\"Soolking | Tourn\u00e9e en Am\u00e9rique du Nord !\u00a0 - What the France\",\"isPartOf\":{\"@id\":\"https:\\\/\\\/whatthefrance.org\\\/fr\\\/#website\"},\"datePublished\":\"2022-02-09T09:00:30+00:00\",\"breadcrumb\":{\"@id\":\"https:\\\/\\\/whatthefrance.org\\\/fr\\\/soolking-tournee-en-amerique-du-nord\\\/#breadcrumb\"},\"inLanguage\":\"fr-FR\",\"potentialAction\":[{\"@type\":\"ReadAction\",\"target\":[\"https:\\\/\\\/whatthefrance.org\\\/fr\\\/soolking-tournee-en-amerique-du-nord\\\/\"]}]},{\"@type\":\"BreadcrumbList\",\"@id\":\"https:\\\/\\\/whatthefrance.org\\\/fr\\\/soolking-tournee-en-amerique-du-nord\\\/#breadcrumb\",\"itemListElement\":[{\"@type\":\"ListItem\",\"position\":1,\"name\":\"Home\",\"item\":\"https:\\\/\\\/whatthefrance.org\\\/fr\\\/\"},{\"@type\":\"ListItem\",\"position\":2,\"name\":\"Soolking | Tourn\u00e9e en Am\u00e9rique du Nord !\u00a0\"}]},{\"@type\":\"WebSite\",\"@id\":\"https:\\\/\\\/whatthefrance.org\\\/fr\\\/#website\",\"url\":\"https:\\\/\\\/whatthefrance.org\\\/fr\\\/\",\"name\":\"What the France\",\"description\":\"The finest music made in France !\",\"publisher\":{\"@id\":\"https:\\\/\\\/whatthefrance.org\\\/fr\\\/#organization\"},\"potentialAction\":[{\"@type\":\"SearchAction\",\"target\":{\"@type\":\"EntryPoint\",\"urlTemplate\":\"https:\\\/\\\/whatthefrance.org\\\/fr\\\/?s={search_term_string}\"},\"query-input\":{\"@type\":\"PropertyValueSpecification\",\"valueRequired\":true,\"valueName\":\"search_term_string\"}}],\"inLanguage\":\"fr-FR\"},{\"@type\":\"Organization\",\"@id\":\"https:\\\/\\\/whatthefrance.org\\\/fr\\\/#organization\",\"name\":\"What The France\",\"url\":\"https:\\\/\\\/whatthefrance.org\\\/fr\\\/\",\"logo\":{\"@type\":\"ImageObject\",\"inLanguage\":\"fr-FR\",\"@id\":\"https:\\\/\\\/whatthefrance.org\\\/fr\\\/#\\\/schema\\\/logo\\\/image\\\/\",\"url\":\"https:\\\/\\\/whatthefrance.org\\\/wp-content\\\/uploads\\\/2019\\\/12\\\/44688719_2251580388408837_694180218134331392_n-e1577679609190.png\",\"contentUrl\":\"https:\\\/\\\/whatthefrance.org\\\/wp-content\\\/uploads\\\/2019\\\/12\\\/44688719_2251580388408837_694180218134331392_n-e1577679609190.png\",\"width\":200,\"height\":200,\"caption\":\"What The France\"},\"image\":{\"@id\":\"https:\\\/\\\/whatthefrance.org\\\/fr\\\/#\\\/schema\\\/logo\\\/image\\\/\"}},{\"@type\":\"Person\",\"@id\":\"https:\\\/\\\/whatthefrance.org\\\/fr\\\/#\\\/schema\\\/person\\\/3b7ea6fb70b536503b3e8c909c564a81\",\"name\":\"Marie-Sophie Administrateur\",\"image\":{\"@type\":\"ImageObject\",\"inLanguage\":\"fr-FR\",\"@id\":\"https:\\\/\\\/secure.gravatar.com\\\/avatar\\\/d57e4552c73c8713409cd3c2de53bdb5d220ebdd76dc7ba351b2dbae89f5afa9?s=96&d=mm&r=g\",\"url\":\"https:\\\/\\\/secure.gravatar.com\\\/avatar\\\/d57e4552c73c8713409cd3c2de53bdb5d220ebdd76dc7ba351b2dbae89f5afa9?s=96&d=mm&r=g\",\"contentUrl\":\"https:\\\/\\\/secure.gravatar.com\\\/avatar\\\/d57e4552c73c8713409cd3c2de53bdb5d220ebdd76dc7ba351b2dbae89f5afa9?s=96&d=mm&r=g\",\"caption\":\"Marie-Sophie Administrateur\"}}]}<\/script>\n<!-- \/ Yoast SEO plugin. -->","yoast_head_json":{"title":"Soolking | Tourn\u00e9e en Am\u00e9rique du Nord !\u00a0 - What the France","robots":{"index":"index","follow":"follow","max-snippet":"max-snippet:-1","max-image-preview":"max-image-preview:large","max-video-preview":"max-video-preview:-1"},"canonical":"https:\/\/whatthefrance.org\/fr\/soolking-tournee-en-amerique-du-nord\/","og_locale":"fr_FR","og_type":"article","og_title":"Soolking | Tourn\u00e9e en Am\u00e9rique du Nord !\u00a0 - What the France","og_description":"Apr\u00e8s deux albums en Alg\u00e9rie dans le groupe Africa Jungle, Abderraouf Derradji lance sa carri\u00e8re solo en France sous le pseudonyme\u00a0Soolking\u00a0en 2016. Il collabore avec les pointures locales Alonzo ou Soprano, avant de prendre son envol en 2018 avec les titres \u00ab\u00a0Milano\u00a0\u00bb et \u00ab\u00a0Gu\u00e9rilla\u00a0\u00bb, m\u00e9langeant rap,\u00a0saveurs orientales et ra\u00ef. Son premier album\u00a0Fruit du D\u00e9mon\u00a0sort en [&hellip;]","og_url":"https:\/\/whatthefrance.org\/fr\/soolking-tournee-en-amerique-du-nord\/","og_site_name":"What the France","article_published_time":"2022-02-09T09:00:30+00:00","og_image":[{"url":"https:\/\/whatthefrance.org\/wp-content\/uploads\/2022\/02\/soolking_what_the_france.png","height":452,"width":1084,"type":""}],"author":"Marie-Sophie Administrateur","twitter_card":"summary_large_image","twitter_misc":{"\u00c9crit par":"Marie-Sophie Administrateur","Dur\u00e9e de lecture estim\u00e9e":"1 minute"},"schema":{"@context":"https:\/\/schema.org","@graph":[{"@type":"Article","@id":"https:\/\/whatthefrance.org\/fr\/soolking-tournee-en-amerique-du-nord\/#article","isPartOf":{"@id":"https:\/\/whatthefrance.org\/fr\/soolking-tournee-en-amerique-du-nord\/"},"author":{"name":"Marie-Sophie Administrateur","@id":"https:\/\/whatthefrance.org\/fr\/#\/schema\/person\/3b7ea6fb70b536503b3e8c909c564a81"},"headline":"Soolking | Tourn\u00e9e en Am\u00e9rique du Nord !\u00a0","datePublished":"2022-02-09T09:00:30+00:00","mainEntityOfPage":{"@id":"https:\/\/whatthefrance.org\/fr\/soolking-tournee-en-amerique-du-nord\/"},"wordCount":223,"publisher":{"@id":"https:\/\/whatthefrance.org\/fr\/#organization"},"keywords":["Urban"],"articleSection":["Event"],"inLanguage":"fr-FR"},{"@type":"WebPage","@id":"https:\/\/whatthefrance.org\/fr\/soolking-tournee-en-amerique-du-nord\/","url":"https:\/\/whatthefrance.org\/fr\/soolking-tournee-en-amerique-du-nord\/","name":"Soolking | Tourn\u00e9e en Am\u00e9rique du Nord !\u00a0 - What the France","isPartOf":{"@id":"https:\/\/whatthefrance.org\/fr\/#website"},"datePublished":"2022-02-09T09:00:30+00:00","breadcrumb":{"@id":"https:\/\/whatthefrance.org\/fr\/soolking-tournee-en-amerique-du-nord\/#breadcrumb"},"inLanguage":"fr-FR","potentialAction":[{"@type":"ReadAction","target":["https:\/\/whatthefrance.org\/fr\/soolking-tournee-en-amerique-du-nord\/"]}]},{"@type":"BreadcrumbList","@id":"https:\/\/whatthefrance.org\/fr\/soolking-tournee-en-amerique-du-nord\/#breadcrumb","itemListElement":[{"@type":"ListItem","position":1,"name":"Home","item":"https:\/\/whatthefrance.org\/fr\/"},{"@type":"ListItem","position":2,"name":"Soolking | Tourn\u00e9e en Am\u00e9rique du Nord !\u00a0"}]},{"@type":"WebSite","@id":"https:\/\/whatthefrance.org\/fr\/#website","url":"https:\/\/whatthefrance.org\/fr\/","name":"What the France","description":"The finest music made in France !","publisher":{"@id":"https:\/\/whatthefrance.org\/fr\/#organization"},"potentialAction":[{"@type":"SearchAction","target":{"@type":"EntryPoint","urlTemplate":"https:\/\/whatthefrance.org\/fr\/?s={search_term_string}"},"query-input":{"@type":"PropertyValueSpecification","valueRequired":true,"valueName":"search_term_string"}}],"inLanguage":"fr-FR"},{"@type":"Organization","@id":"https:\/\/whatthefrance.org\/fr\/#organization","name":"What The France","url":"https:\/\/whatthefrance.org\/fr\/","logo":{"@type":"ImageObject","inLanguage":"fr-FR","@id":"https:\/\/whatthefrance.org\/fr\/#\/schema\/logo\/image\/","url":"https:\/\/whatthefrance.org\/wp-content\/uploads\/2019\/12\/44688719_2251580388408837_694180218134331392_n-e1577679609190.png","contentUrl":"https:\/\/whatthefrance.org\/wp-content\/uploads\/2019\/12\/44688719_2251580388408837_694180218134331392_n-e1577679609190.png","width":200,"height":200,"caption":"What The France"},"image":{"@id":"https:\/\/whatthefrance.org\/fr\/#\/schema\/logo\/image\/"}},{"@type":"Person","@id":"https:\/\/whatthefrance.org\/fr\/#\/schema\/person\/3b7ea6fb70b536503b3e8c909c564a81","name":"Marie-Sophie Administrateur","image":{"@type":"ImageObject","inLanguage":"fr-FR","@id":"https:\/\/secure.gravatar.com\/avatar\/d57e4552c73c8713409cd3c2de53bdb5d220ebdd76dc7ba351b2dbae89f5afa9?s=96&d=mm&r=g","url":"https:\/\/secure.gravatar.com\/avatar\/d57e4552c73c8713409cd3c2de53bdb5d220ebdd76dc7ba351b2dbae89f5afa9?s=96&d=mm&r=g","contentUrl":"https:\/\/secure.gravatar.com\/avatar\/d57e4552c73c8713409cd3c2de53bdb5d220ebdd76dc7ba351b2dbae89f5afa9?s=96&d=mm&r=g","caption":"Marie-Sophie Administrateur"}}]}},"_links":{"self":[{"href":"https:\/\/whatthefrance.org\/fr\/wp-json\/wp\/v2\/posts\/37540","targetHints":{"allow":["GET"]}}],"collection":[{"href":"https:\/\/whatthefrance.org\/fr\/wp-json\/wp\/v2\/posts"}],"about":[{"href":"https:\/\/whatthefrance.org\/fr\/wp-json\/wp\/v2\/types\/post"}],"author":[{"embeddable":true,"href":"https:\/\/whatthefrance.org\/fr\/wp-json\/wp\/v2\/users\/6"}],"replies":[{"embeddable":true,"href":"https:\/\/whatthefrance.org\/fr\/wp-json\/wp\/v2\/comments?post=37540"}],"version-history":[{"count":8,"href":"https:\/\/whatthefrance.org\/fr\/wp-json\/wp\/v2\/posts\/37540\/revisions"}],"predecessor-version":[{"id":37574,"href":"https:\/\/whatthefrance.org\/fr\/wp-json\/wp\/v2\/posts\/37540\/revisions\/37574"}],"wp:attachment":[{"href":"https:\/\/whatthefrance.org\/fr\/wp-json\/wp\/v2\/media?parent=37540"}],"wp:term":[{"taxonomy":"category","embeddable":true,"href":"https:\/\/whatthefrance.org\/fr\/wp-json\/wp\/v2\/categories?post=37540"},{"taxonomy":"post_tag","embeddable":true,"href":"https:\/\/whatthefrance.org\/fr\/wp-json\/wp\/v2\/tags?post=37540"}],"curies":[{"name":"wp","href":"https:\/\/api.w.org\/{rel}","templated":true}]}}