{"id":40175,"date":"2022-03-31T15:39:06","date_gmt":"2022-03-31T13:39:06","guid":{"rendered":"https:\/\/whatthefrance.org\/?p=40175"},"modified":"2022-03-31T17:16:41","modified_gmt":"2022-03-31T15:16:41","slug":"superpoze-nouvel-album","status":"publish","type":"post","link":"https:\/\/whatthefrance.org\/fr\/superpoze-nouvel-album\/","title":{"rendered":"Superpoze | Nouvel album"},"content":{"rendered":"<p>Apr\u00e8s avoir compos\u00e9 pour le cin\u00e9ma et le th\u00e9\u00e2tre, mais aussi compos\u00e9 des albums de rap fran\u00e7ais et de chanson, Gabriel Legeleux, alias<span class=\"apple-converted-space\">\u00a0<\/span><a title=\"URL d\u2019origine\u00a0:\nhttp:\/\/www.superpoze-music.com\/\n\nCliquez pour suivre le lien.\" href=\"https:\/\/fra01.safelinks.protection.outlook.com\/?url=http%3A%2F%2Fwww.superpoze-music.com%2F&amp;data=04%7C01%7Cmarie-sophie.cazin%40cnm.fr%7C85b8d83a72d5451abb0008da13295531%7Cba774e6290394882a8cac4a49ebaf0d1%7C1%7C0%7C637843365483646345%7CUnknown%7CTWFpbGZsb3d8eyJWIjoiMC4wLjAwMDAiLCJQIjoiV2luMzIiLCJBTiI6Ik1haWwiLCJXVCI6Mn0%3D%7C3000&amp;sdata=u9GEIuJrx2Q5Pr6sSp7TLS1hSaxXyXzjyYwjm22bnVg%3D&amp;reserved=0\"><strong>Superpoze<\/strong><\/a>, poursuit son voyage dans la musique \u00e9lectronique et instrumentale. Son nouvel album studio<span class=\"apple-converted-space\">\u00a0<\/span><em><b>Nova Cardinale<\/b><\/em><b> <\/b>vient de sortir le 25 mars dernier, apr\u00e8s avoir \u00e9t\u00e9 annonc\u00e9 par deux singles publi\u00e9s auparavant. Avec son instrumental \u00ab\u00a0Parabel\u00a0\u00bb, l&rsquo;artiste allie le romantisme du piano aux \u00e9motions d&rsquo;une bande originale de film et \u00e0 la musique \u00e9lectronique.<\/p>\n<p><iframe loading=\"lazy\" title=\"Superpoze - Parabel (Official Video)\" width=\"500\" height=\"281\" src=\"https:\/\/www.youtube.com\/embed\/eFpYLB6mou8?feature=oembed\" frameborder=\"0\" allow=\"accelerometer; autoplay; clipboard-write; encrypted-media; gyroscope; picture-in-picture; web-share\" referrerpolicy=\"strict-origin-when-cross-origin\" allowfullscreen><\/iframe><\/p>\n<p>Apr\u00e8s deux albums solo &#8211;<span class=\"apple-converted-space\"><b><i>\u00a0<\/i><\/b><\/span><em><b>Opening<\/b><\/em><span class=\"apple-converted-space\">\u00a0<\/span>en 2015 et<span class=\"apple-converted-space\">\u00a0<\/span><em><b>For the Living<\/b><\/em><span class=\"apple-converted-space\">\u00a0<\/span>deux ans plus tard, ainsi qu&rsquo;une longue tourn\u00e9e en 2018, le compositeur s&rsquo;est surtout consacr\u00e9 au soutien d&rsquo;autres artistes. L&rsquo;envie de composer un nouvel album sous le nom de Superpoze &#8211; en solo et instrumental &#8211; s&rsquo;est confront\u00e9e aux courants contradictoires qui l&rsquo;animaient \u00e0 l&rsquo;\u00e9poque : l&rsquo;exp\u00e9rience collective et la musique au service des textes. Tout au long de l&rsquo;ann\u00e9e 2019, l\u2019artiste a \u00e9crit des bribes de chansons, enregistr\u00e9 des id\u00e9es, cherch\u00e9 des textures et des couleurs. Rien n&rsquo;y faisait : les m\u00e9lodies qu&rsquo;il \u00e9crivait sur son piano ou ses synth\u00e9tiseurs semblaient incompl\u00e8tes. Il ne pouvait se d\u00e9faire de l&rsquo;impression qu'\u00a0\u00bbil leur manquait des mots !\u00a0\u00bb<\/p>\n<p>Malgr\u00e9 tout, l&rsquo;id\u00e9e d&rsquo;une musique sans chant ne le quittait pas. \u00ab\u00a0La musique instrumentale pure, qui n&rsquo;accompagne rien, qui est \u00e9mancip\u00e9e de toute fonction, qui ne sert qu&rsquo;elle-m\u00eame, est rare, pr\u00e9cieuse et doit \u00eatre cultiv\u00e9e comme telle\u00a0\u00bb, dit Legeleux. \u00ab\u00a0L&rsquo;\u00e9criture \u00e9tait un travail solitaire. L&rsquo;enregistrement et la production \u00e9taient un travail de groupe\u00a0\u00bb. Il a donc continu\u00e9 \u00e0 se situer \u00e0 la crois\u00e9e de la cr\u00e9ation solitaire et de la cr\u00e9ation collective et a trouv\u00e9 pour lui-m\u00eame une nouvelle forme de travail, que l&rsquo;on peut entendre pour la premi\u00e8re fois sur l&rsquo;album<span class=\"apple-converted-space\">\u00a0<\/span><em>Nova Cardinale<\/em>.<\/p>\n<div class=\"playListBloc singleBloc\"><div class=\"playListBloc-wrap\">    <div class=\"thumbnail\"><img data-src=\"https:\/\/whatthefrance.org\/wp-content\/uploads\/2018\/11\/WTF-Pochettes_latest_releases_2-254x254.jpg\" class=\"lazyload\" alt=\"WTF&#8212;Pochettes_latest_releases_2\" \/>    <\/div>    <div class=\"infos\">        <span class=\"tag\">Charts &amp; News<\/span>        <h2>Latest Releases<\/h2>        <span class=\"separator\"><\/span>       <span class=\"desc\">Here you can find all the latest music releases made in France. <\/span><div class=\"share flex flexAlignCenter \">\t<span class=\"label\">Partager<\/span>\t<a href=\"https:\/\/www.facebook.com\/sharer\/sharer.php?u=https:\/\/whatthefrance.org\/fr\/playlists\/latest-releases\/\" class=\"facebook\" target=\"_blank\" rel=\"noreferrer\">Facebook<\/a>\t<a href=\"https:\/\/twitter.com\/intent\/tweet?url=https:\/\/whatthefrance.org\/fr\/playlists\/latest-releases\/&text=Latest+Releases&hashtags=WTF\" class=\"twitter\" target=\"_blank\" rel=\"noreferrer\">Twitter<\/a>\t<a href=\"mailto:?subject=What%20the%20France%20%3A%20Latest%20Releases&body=https:\/\/whatthefrance.org\/fr\/playlists\/latest-releases\/\" class=\"mail\" target=\"_blank\" rel=\"noreferrer\">Email<\/a><\/div>        <a href=\"#\" class=\"btn btnPlaylist orange playlist-click\" data-id=\"845\">            <svg version=\"1.1\" x=\"0px\" y=\"0px\" width=\"40px\" height=\"40px\" viewBox=\"0 0 213.7 213.7\" enable-background=\"new 0 0 213.7 213.7\" xml:space=\"preserve\">                <polygon class=\"triangle\" fill=\"none\" stroke-width=\"10\" stroke-linecap=\"round\" stroke-linejoin=\"round\" stroke-miterlimit=\"10\" points=\"\n            73.5,62.5 148.5,105.8 73.5,149.1 \"\/>                <circle class=\"circle\" fill=\"none\"  stroke-width=\"8\" stroke-linecap=\"round\" stroke-linejoin=\"round\" stroke-miterlimit=\"10\" cx=\"106.8\" cy=\"106.8\" r=\"103.3\"\/>                <circle class=\"circle-white\" fill=\"none\"  stroke-width=\"8\" stroke-linecap=\"round\" stroke-linejoin=\"round\" stroke-miterlimit=\"10\" cx=\"106.8\" cy=\"106.8\" r=\"103.3\"\/>            <\/svg>Ecouter        <\/a>    <\/div>  <\/div><\/div>\n","protected":false},"excerpt":{"rendered":"<p>Apr\u00e8s avoir compos\u00e9 pour le cin\u00e9ma et le th\u00e9\u00e2tre, mais aussi compos\u00e9 des albums de rap fran\u00e7ais et de chanson, Gabriel Legeleux, alias\u00a0Superpoze, poursuit son voyage dans la musique \u00e9lectronique et instrumentale. Son nouvel album studio\u00a0Nova Cardinale vient de sortir le 25 mars dernier, apr\u00e8s avoir \u00e9t\u00e9 annonc\u00e9 par deux singles publi\u00e9s auparavant. Avec son [&hellip;]<\/p>\n","protected":false},"author":6,"featured_media":0,"comment_status":"closed","ping_status":"closed","sticky":false,"template":"","format":"standard","meta":{"_acf_changed":false,"footnotes":""},"categories":[215],"tags":[340],"class_list":["post-40175","post","type-post","status-publish","format-standard","hentry","category-release-fr","tag-pop-fr"],"acf":[],"yoast_head":"<!-- This site is optimized with the Yoast SEO plugin v27.3 - https:\/\/yoast.com\/product\/yoast-seo-wordpress\/ -->\n<title>Superpoze | Nouvel album - What the France<\/title>\n<meta name=\"robots\" content=\"index, follow, max-snippet:-1, max-image-preview:large, max-video-preview:-1\" \/>\n<link rel=\"canonical\" href=\"https:\/\/whatthefrance.org\/fr\/superpoze-nouvel-album\/\" \/>\n<meta property=\"og:locale\" content=\"fr_FR\" \/>\n<meta property=\"og:type\" content=\"article\" \/>\n<meta property=\"og:title\" content=\"Superpoze | Nouvel album - What the France\" \/>\n<meta property=\"og:description\" content=\"Apr\u00e8s avoir compos\u00e9 pour le cin\u00e9ma et le th\u00e9\u00e2tre, mais aussi compos\u00e9 des albums de rap fran\u00e7ais et de chanson, Gabriel Legeleux, alias\u00a0Superpoze, poursuit son voyage dans la musique \u00e9lectronique et instrumentale. Son nouvel album studio\u00a0Nova Cardinale vient de sortir le 25 mars dernier, apr\u00e8s avoir \u00e9t\u00e9 annonc\u00e9 par deux singles publi\u00e9s auparavant. Avec son [&hellip;]\" \/>\n<meta property=\"og:url\" content=\"https:\/\/whatthefrance.org\/fr\/superpoze-nouvel-album\/\" \/>\n<meta property=\"og:site_name\" content=\"What the France\" \/>\n<meta property=\"article:published_time\" content=\"2022-03-31T13:39:06+00:00\" \/>\n<meta property=\"article:modified_time\" content=\"2022-03-31T15:16:41+00:00\" \/>\n<meta property=\"og:image\" content=\"https:\/\/whatthefrance.org\/wp-content\/uploads\/2022\/01\/Superpoze_what_the_france_cover.png\" \/>\n\t<meta property=\"og:image:width\" content=\"1084\" \/>\n\t<meta property=\"og:image:height\" content=\"452\" \/>\n<meta name=\"author\" content=\"Marie-Sophie Administrateur\" \/>\n<meta name=\"twitter:card\" content=\"summary_large_image\" \/>\n<meta name=\"twitter:label1\" content=\"\u00c9crit par\" \/>\n\t<meta name=\"twitter:data1\" content=\"Marie-Sophie Administrateur\" \/>\n\t<meta name=\"twitter:label2\" content=\"Dur\u00e9e de lecture estim\u00e9e\" \/>\n\t<meta name=\"twitter:data2\" content=\"2 minutes\" \/>\n<script type=\"application\/ld+json\" class=\"yoast-schema-graph\">{\"@context\":\"https:\\\/\\\/schema.org\",\"@graph\":[{\"@type\":\"Article\",\"@id\":\"https:\\\/\\\/whatthefrance.org\\\/fr\\\/superpoze-nouvel-album\\\/#article\",\"isPartOf\":{\"@id\":\"https:\\\/\\\/whatthefrance.org\\\/fr\\\/superpoze-nouvel-album\\\/\"},\"author\":{\"name\":\"Marie-Sophie Administrateur\",\"@id\":\"https:\\\/\\\/whatthefrance.org\\\/fr\\\/#\\\/schema\\\/person\\\/3b7ea6fb70b536503b3e8c909c564a81\"},\"headline\":\"Superpoze | Nouvel album\",\"datePublished\":\"2022-03-31T13:39:06+00:00\",\"dateModified\":\"2022-03-31T15:16:41+00:00\",\"mainEntityOfPage\":{\"@id\":\"https:\\\/\\\/whatthefrance.org\\\/fr\\\/superpoze-nouvel-album\\\/\"},\"wordCount\":341,\"publisher\":{\"@id\":\"https:\\\/\\\/whatthefrance.org\\\/fr\\\/#organization\"},\"keywords\":[\"Pop\"],\"articleSection\":[\"Release\"],\"inLanguage\":\"fr-FR\"},{\"@type\":\"WebPage\",\"@id\":\"https:\\\/\\\/whatthefrance.org\\\/fr\\\/superpoze-nouvel-album\\\/\",\"url\":\"https:\\\/\\\/whatthefrance.org\\\/fr\\\/superpoze-nouvel-album\\\/\",\"name\":\"Superpoze | Nouvel album - What the France\",\"isPartOf\":{\"@id\":\"https:\\\/\\\/whatthefrance.org\\\/fr\\\/#website\"},\"datePublished\":\"2022-03-31T13:39:06+00:00\",\"dateModified\":\"2022-03-31T15:16:41+00:00\",\"breadcrumb\":{\"@id\":\"https:\\\/\\\/whatthefrance.org\\\/fr\\\/superpoze-nouvel-album\\\/#breadcrumb\"},\"inLanguage\":\"fr-FR\",\"potentialAction\":[{\"@type\":\"ReadAction\",\"target\":[\"https:\\\/\\\/whatthefrance.org\\\/fr\\\/superpoze-nouvel-album\\\/\"]}]},{\"@type\":\"BreadcrumbList\",\"@id\":\"https:\\\/\\\/whatthefrance.org\\\/fr\\\/superpoze-nouvel-album\\\/#breadcrumb\",\"itemListElement\":[{\"@type\":\"ListItem\",\"position\":1,\"name\":\"Home\",\"item\":\"https:\\\/\\\/whatthefrance.org\\\/fr\\\/\"},{\"@type\":\"ListItem\",\"position\":2,\"name\":\"Superpoze | Nouvel album\"}]},{\"@type\":\"WebSite\",\"@id\":\"https:\\\/\\\/whatthefrance.org\\\/fr\\\/#website\",\"url\":\"https:\\\/\\\/whatthefrance.org\\\/fr\\\/\",\"name\":\"What the France\",\"description\":\"The finest music made in France !\",\"publisher\":{\"@id\":\"https:\\\/\\\/whatthefrance.org\\\/fr\\\/#organization\"},\"potentialAction\":[{\"@type\":\"SearchAction\",\"target\":{\"@type\":\"EntryPoint\",\"urlTemplate\":\"https:\\\/\\\/whatthefrance.org\\\/fr\\\/?s={search_term_string}\"},\"query-input\":{\"@type\":\"PropertyValueSpecification\",\"valueRequired\":true,\"valueName\":\"search_term_string\"}}],\"inLanguage\":\"fr-FR\"},{\"@type\":\"Organization\",\"@id\":\"https:\\\/\\\/whatthefrance.org\\\/fr\\\/#organization\",\"name\":\"What The France\",\"url\":\"https:\\\/\\\/whatthefrance.org\\\/fr\\\/\",\"logo\":{\"@type\":\"ImageObject\",\"inLanguage\":\"fr-FR\",\"@id\":\"https:\\\/\\\/whatthefrance.org\\\/fr\\\/#\\\/schema\\\/logo\\\/image\\\/\",\"url\":\"https:\\\/\\\/whatthefrance.org\\\/wp-content\\\/uploads\\\/2019\\\/12\\\/44688719_2251580388408837_694180218134331392_n-e1577679609190.png\",\"contentUrl\":\"https:\\\/\\\/whatthefrance.org\\\/wp-content\\\/uploads\\\/2019\\\/12\\\/44688719_2251580388408837_694180218134331392_n-e1577679609190.png\",\"width\":200,\"height\":200,\"caption\":\"What The France\"},\"image\":{\"@id\":\"https:\\\/\\\/whatthefrance.org\\\/fr\\\/#\\\/schema\\\/logo\\\/image\\\/\"}},{\"@type\":\"Person\",\"@id\":\"https:\\\/\\\/whatthefrance.org\\\/fr\\\/#\\\/schema\\\/person\\\/3b7ea6fb70b536503b3e8c909c564a81\",\"name\":\"Marie-Sophie Administrateur\",\"image\":{\"@type\":\"ImageObject\",\"inLanguage\":\"fr-FR\",\"@id\":\"https:\\\/\\\/secure.gravatar.com\\\/avatar\\\/d57e4552c73c8713409cd3c2de53bdb5d220ebdd76dc7ba351b2dbae89f5afa9?s=96&d=mm&r=g\",\"url\":\"https:\\\/\\\/secure.gravatar.com\\\/avatar\\\/d57e4552c73c8713409cd3c2de53bdb5d220ebdd76dc7ba351b2dbae89f5afa9?s=96&d=mm&r=g\",\"contentUrl\":\"https:\\\/\\\/secure.gravatar.com\\\/avatar\\\/d57e4552c73c8713409cd3c2de53bdb5d220ebdd76dc7ba351b2dbae89f5afa9?s=96&d=mm&r=g\",\"caption\":\"Marie-Sophie Administrateur\"}}]}<\/script>\n<!-- \/ Yoast SEO plugin. -->","yoast_head_json":{"title":"Superpoze | Nouvel album - What the France","robots":{"index":"index","follow":"follow","max-snippet":"max-snippet:-1","max-image-preview":"max-image-preview:large","max-video-preview":"max-video-preview:-1"},"canonical":"https:\/\/whatthefrance.org\/fr\/superpoze-nouvel-album\/","og_locale":"fr_FR","og_type":"article","og_title":"Superpoze | Nouvel album - What the France","og_description":"Apr\u00e8s avoir compos\u00e9 pour le cin\u00e9ma et le th\u00e9\u00e2tre, mais aussi compos\u00e9 des albums de rap fran\u00e7ais et de chanson, Gabriel Legeleux, alias\u00a0Superpoze, poursuit son voyage dans la musique \u00e9lectronique et instrumentale. Son nouvel album studio\u00a0Nova Cardinale vient de sortir le 25 mars dernier, apr\u00e8s avoir \u00e9t\u00e9 annonc\u00e9 par deux singles publi\u00e9s auparavant. Avec son [&hellip;]","og_url":"https:\/\/whatthefrance.org\/fr\/superpoze-nouvel-album\/","og_site_name":"What the France","article_published_time":"2022-03-31T13:39:06+00:00","article_modified_time":"2022-03-31T15:16:41+00:00","og_image":[{"url":"https:\/\/whatthefrance.org\/wp-content\/uploads\/2022\/01\/Superpoze_what_the_france_cover.png","height":452,"width":1084,"type":""}],"author":"Marie-Sophie Administrateur","twitter_card":"summary_large_image","twitter_misc":{"\u00c9crit par":"Marie-Sophie Administrateur","Dur\u00e9e de lecture estim\u00e9e":"2 minutes"},"schema":{"@context":"https:\/\/schema.org","@graph":[{"@type":"Article","@id":"https:\/\/whatthefrance.org\/fr\/superpoze-nouvel-album\/#article","isPartOf":{"@id":"https:\/\/whatthefrance.org\/fr\/superpoze-nouvel-album\/"},"author":{"name":"Marie-Sophie Administrateur","@id":"https:\/\/whatthefrance.org\/fr\/#\/schema\/person\/3b7ea6fb70b536503b3e8c909c564a81"},"headline":"Superpoze | Nouvel album","datePublished":"2022-03-31T13:39:06+00:00","dateModified":"2022-03-31T15:16:41+00:00","mainEntityOfPage":{"@id":"https:\/\/whatthefrance.org\/fr\/superpoze-nouvel-album\/"},"wordCount":341,"publisher":{"@id":"https:\/\/whatthefrance.org\/fr\/#organization"},"keywords":["Pop"],"articleSection":["Release"],"inLanguage":"fr-FR"},{"@type":"WebPage","@id":"https:\/\/whatthefrance.org\/fr\/superpoze-nouvel-album\/","url":"https:\/\/whatthefrance.org\/fr\/superpoze-nouvel-album\/","name":"Superpoze | Nouvel album - What the France","isPartOf":{"@id":"https:\/\/whatthefrance.org\/fr\/#website"},"datePublished":"2022-03-31T13:39:06+00:00","dateModified":"2022-03-31T15:16:41+00:00","breadcrumb":{"@id":"https:\/\/whatthefrance.org\/fr\/superpoze-nouvel-album\/#breadcrumb"},"inLanguage":"fr-FR","potentialAction":[{"@type":"ReadAction","target":["https:\/\/whatthefrance.org\/fr\/superpoze-nouvel-album\/"]}]},{"@type":"BreadcrumbList","@id":"https:\/\/whatthefrance.org\/fr\/superpoze-nouvel-album\/#breadcrumb","itemListElement":[{"@type":"ListItem","position":1,"name":"Home","item":"https:\/\/whatthefrance.org\/fr\/"},{"@type":"ListItem","position":2,"name":"Superpoze | Nouvel album"}]},{"@type":"WebSite","@id":"https:\/\/whatthefrance.org\/fr\/#website","url":"https:\/\/whatthefrance.org\/fr\/","name":"What the France","description":"The finest music made in France !","publisher":{"@id":"https:\/\/whatthefrance.org\/fr\/#organization"},"potentialAction":[{"@type":"SearchAction","target":{"@type":"EntryPoint","urlTemplate":"https:\/\/whatthefrance.org\/fr\/?s={search_term_string}"},"query-input":{"@type":"PropertyValueSpecification","valueRequired":true,"valueName":"search_term_string"}}],"inLanguage":"fr-FR"},{"@type":"Organization","@id":"https:\/\/whatthefrance.org\/fr\/#organization","name":"What The France","url":"https:\/\/whatthefrance.org\/fr\/","logo":{"@type":"ImageObject","inLanguage":"fr-FR","@id":"https:\/\/whatthefrance.org\/fr\/#\/schema\/logo\/image\/","url":"https:\/\/whatthefrance.org\/wp-content\/uploads\/2019\/12\/44688719_2251580388408837_694180218134331392_n-e1577679609190.png","contentUrl":"https:\/\/whatthefrance.org\/wp-content\/uploads\/2019\/12\/44688719_2251580388408837_694180218134331392_n-e1577679609190.png","width":200,"height":200,"caption":"What The France"},"image":{"@id":"https:\/\/whatthefrance.org\/fr\/#\/schema\/logo\/image\/"}},{"@type":"Person","@id":"https:\/\/whatthefrance.org\/fr\/#\/schema\/person\/3b7ea6fb70b536503b3e8c909c564a81","name":"Marie-Sophie Administrateur","image":{"@type":"ImageObject","inLanguage":"fr-FR","@id":"https:\/\/secure.gravatar.com\/avatar\/d57e4552c73c8713409cd3c2de53bdb5d220ebdd76dc7ba351b2dbae89f5afa9?s=96&d=mm&r=g","url":"https:\/\/secure.gravatar.com\/avatar\/d57e4552c73c8713409cd3c2de53bdb5d220ebdd76dc7ba351b2dbae89f5afa9?s=96&d=mm&r=g","contentUrl":"https:\/\/secure.gravatar.com\/avatar\/d57e4552c73c8713409cd3c2de53bdb5d220ebdd76dc7ba351b2dbae89f5afa9?s=96&d=mm&r=g","caption":"Marie-Sophie Administrateur"}}]}},"_links":{"self":[{"href":"https:\/\/whatthefrance.org\/fr\/wp-json\/wp\/v2\/posts\/40175","targetHints":{"allow":["GET"]}}],"collection":[{"href":"https:\/\/whatthefrance.org\/fr\/wp-json\/wp\/v2\/posts"}],"about":[{"href":"https:\/\/whatthefrance.org\/fr\/wp-json\/wp\/v2\/types\/post"}],"author":[{"embeddable":true,"href":"https:\/\/whatthefrance.org\/fr\/wp-json\/wp\/v2\/users\/6"}],"replies":[{"embeddable":true,"href":"https:\/\/whatthefrance.org\/fr\/wp-json\/wp\/v2\/comments?post=40175"}],"version-history":[{"count":4,"href":"https:\/\/whatthefrance.org\/fr\/wp-json\/wp\/v2\/posts\/40175\/revisions"}],"predecessor-version":[{"id":40191,"href":"https:\/\/whatthefrance.org\/fr\/wp-json\/wp\/v2\/posts\/40175\/revisions\/40191"}],"wp:attachment":[{"href":"https:\/\/whatthefrance.org\/fr\/wp-json\/wp\/v2\/media?parent=40175"}],"wp:term":[{"taxonomy":"category","embeddable":true,"href":"https:\/\/whatthefrance.org\/fr\/wp-json\/wp\/v2\/categories?post=40175"},{"taxonomy":"post_tag","embeddable":true,"href":"https:\/\/whatthefrance.org\/fr\/wp-json\/wp\/v2\/tags?post=40175"}],"curies":[{"name":"wp","href":"https:\/\/api.w.org\/{rel}","templated":true}]}}