{"id":42407,"date":"2022-06-06T10:00:37","date_gmt":"2022-06-06T08:00:37","guid":{"rendered":"https:\/\/whatthefrance.org\/?p=42407"},"modified":"2022-05-31T11:31:54","modified_gmt":"2022-05-31T09:31:54","slug":"anais-nouveau-single-psychopath-en-duo-avec-oscar-anton","status":"publish","type":"post","link":"https:\/\/whatthefrance.org\/fr\/anais-nouveau-single-psychopath-en-duo-avec-oscar-anton\/","title":{"rendered":"ana\u00efs | Nouveau single \u00ab\u00a0Psychopath\u00a0\u00bb en duo avec Oscar Anton"},"content":{"rendered":"<p><strong>\u00ab\u00a0Psychopath\u00a0\u00bb<\/strong><span class=\"apple-converted-space\">\u00a0<\/span>est la nouvelle chanson ludique d&rsquo;<a title=\"URL d\u2019origine\u00a0:\nhttps:\/\/www.instagram.com\/anaisvibin\/?hl=de\n\nCliquez pour suivre le lien.\" contenteditable=\"false\" href=\"https:\/\/fra01.safelinks.protection.outlook.com\/?url=https%3A%2F%2Fwww.instagram.com%2Fanaisvibin%2F%3Fhl%3Dde&amp;data=05%7C01%7Cmarie-sophie.cazin%40cnm.fr%7C8b8fd5bdd5c341bb999908da42e6e44b%7Cba774e6290394882a8cac4a49ebaf0d1%7C1%7C0%7C637895856685088033%7CUnknown%7CTWFpbGZsb3d8eyJWIjoiMC4wLjAwMDAiLCJQIjoiV2luMzIiLCJBTiI6Ik1haWwiLCJXVCI6Mn0%3D%7C3000%7C%7C%7C&amp;sdata=mc5IGbEnQHXaeLQnhWekYmQs%2FOTHS5iLer8GFT0CNeQ%3D&amp;reserved=0\"><strong>a<\/strong><strong>na\u00efs<\/strong><\/a><span class=\"apple-converted-space\">\u00a0<\/span>pour tous ceux qui ont tendance \u00e0 aimer un peu trop fort. Sur une rythmique rebondissante, elle chante la dangereuse voix int\u00e9rieure qui t&rsquo;entra\u00eene dans des relations malsaines et l\u00e9g\u00e8rement obsessionnelles. Oscar Anton rejoint le morceau en tant qu&rsquo;invit\u00e9 et raconte sa propre version de l&rsquo;histoire. Ce single figurerasur le premier E.P d\u2019ana\u00efs<span class=\"apple-converted-space\">, baptis\u00e9<\/span><span class=\"apple-converted-space\">\u00a0<\/span><strong><i>44<\/i><\/strong><strong><i>,<\/i><\/strong> dont la sortie est annonc\u00e9e pour le 22 juillet 2022.<\/p>\n<p><iframe loading=\"lazy\" title=\"ana\u00efs X Oscar Anton - Psychopath (Official Music Video)\" width=\"500\" height=\"281\" src=\"https:\/\/www.youtube.com\/embed\/CAIggw5TE44?feature=oembed\" frameborder=\"0\" allow=\"accelerometer; autoplay; clipboard-write; encrypted-media; gyroscope; picture-in-picture; web-share\" referrerpolicy=\"strict-origin-when-cross-origin\" allowfullscreen><\/iframe><\/p>\n<p>De par ses origines belges, ana\u00efs a grandi dans un environnement multilingue et ma\u00eetrise couramment l&rsquo;allemand, l&rsquo;anglais et le fran\u00e7ais. N\u00e9anmoins, ces trois langues ne suffisaient parfois pas pour exprimer ses sentiments et ses pens\u00e9es, et elle a donc trouv\u00e9 un moyen de s&rsquo;exprimer \u00e0 travers la musique.<\/p>\n<p>Durant le confinement 2020, ana\u00efs a commenc\u00e9 \u00e0 \u00e9crire ses premi\u00e8res chansons et, avec un seul single publi\u00e9, elle a \u00e9t\u00e9 pr\u00e9sent\u00e9e par le magazine allemand DIFFUS comme l&rsquo;un des trois nouveaux artistes prometteurs \u00e0 suivre dans le cadre du festival allemand c\/o-pop. Afin de prendre son envol musical, la native de Hanovre a d\u00e9m\u00e9nag\u00e9 la m\u00eame ann\u00e9e dans la capitale pour travailler sur ses prochaines sorties. Derni\u00e8rement, elle a livr\u00e9 le single<span class=\"apple-converted-space\">\u00a0<\/span><strong>\u00ab\u00a0<\/strong><strong>S<\/strong><strong>mall catastrophe\u00a0\u00bb.<\/strong><\/p>\n<p><iframe loading=\"lazy\" title=\"ana\u00efs - Small Catastrophe (Official Music Video)\" width=\"500\" height=\"281\" src=\"https:\/\/www.youtube.com\/embed\/n4_QNswrFgo?feature=oembed\" frameborder=\"0\" allow=\"accelerometer; autoplay; clipboard-write; encrypted-media; gyroscope; picture-in-picture; web-share\" referrerpolicy=\"strict-origin-when-cross-origin\" allowfullscreen><\/iframe><\/p>\n<p>La voix chaude d&rsquo;ana\u00efs allie une vibration ludique et sans effort \u00e0 une profonde nostalgie de la vie qui donne envie de rouler dans les rues la nuit, de mettre la musique \u00e0 fond et de s&rsquo;abandonner \u00e0 la m\u00e9lancolie. Dans ses textes, la jeune femme de 21 ans aborde des th\u00e8mes qui pr\u00e9occupent \u00e9galement de nombreux autres jeunes : l&rsquo;acceptation de soi, la sant\u00e9 mentale et les relations sociales.<\/p>\n<div class=\"playListBloc singleBloc\"><div class=\"playListBloc-wrap\">    <div class=\"thumbnail\"><img data-src=\"https:\/\/whatthefrance.org\/wp-content\/uploads\/2018\/11\/TEMPLATE-POCHETTE-GENRE-pop-Louane-254x254.jpg\" class=\"lazyload\" alt=\"TEMPLATE POCHETTE GENRE &#8211; pop &#8211; Louane\" \/>    <\/div>    <div class=\"infos\">        <span class=\"tag\">Genres<\/span>        <h2>Pop The Champagne<\/h2>        <span class=\"separator\"><\/span>       <span class=\"desc\">Listen to the latest pop music hits made in France.<\/span><div class=\"share flex flexAlignCenter \">\t<span class=\"label\">Partager<\/span>\t<a href=\"https:\/\/www.facebook.com\/sharer\/sharer.php?u=https:\/\/whatthefrance.org\/fr\/playlists\/pop-the-champagne\/\" class=\"facebook\" target=\"_blank\" rel=\"noreferrer\">Facebook<\/a>\t<a href=\"https:\/\/twitter.com\/intent\/tweet?url=https:\/\/whatthefrance.org\/fr\/playlists\/pop-the-champagne\/&text=Pop+The+Champagne&hashtags=WTF\" class=\"twitter\" target=\"_blank\" rel=\"noreferrer\">Twitter<\/a>\t<a href=\"mailto:?subject=What%20the%20France%20%3A%20Pop%20The%20Champagne&body=https:\/\/whatthefrance.org\/fr\/playlists\/pop-the-champagne\/\" class=\"mail\" target=\"_blank\" rel=\"noreferrer\">Email<\/a><\/div>        <a href=\"#\" class=\"btn btnPlaylist orange playlist-click\" data-id=\"910\">            <svg version=\"1.1\" x=\"0px\" y=\"0px\" width=\"40px\" height=\"40px\" viewBox=\"0 0 213.7 213.7\" enable-background=\"new 0 0 213.7 213.7\" xml:space=\"preserve\">                <polygon class=\"triangle\" fill=\"none\" stroke-width=\"10\" stroke-linecap=\"round\" stroke-linejoin=\"round\" stroke-miterlimit=\"10\" points=\"\n            73.5,62.5 148.5,105.8 73.5,149.1 \"\/>                <circle class=\"circle\" fill=\"none\"  stroke-width=\"8\" stroke-linecap=\"round\" stroke-linejoin=\"round\" stroke-miterlimit=\"10\" cx=\"106.8\" cy=\"106.8\" r=\"103.3\"\/>                <circle class=\"circle-white\" fill=\"none\"  stroke-width=\"8\" stroke-linecap=\"round\" stroke-linejoin=\"round\" stroke-miterlimit=\"10\" cx=\"106.8\" cy=\"106.8\" r=\"103.3\"\/>            <\/svg>Ecouter        <\/a>    <\/div>  <\/div><\/div>\n<p>Malgr\u00e9 la pand\u00e9mie, ana\u00efs a pu faire ses premi\u00e8res armes sur sc\u00e8ne en 2021, notamment en assurant la premi\u00e8re partie de Giant Rooks, Province, Nina Chuba, Oscar Anton et Benjamin Amaru, mais aussi en se produisant dans des festivals tels que le c\/o pop Festival, Watt en Schlick et le Derby de Maifeld.<\/p>\n","protected":false},"excerpt":{"rendered":"<p>\u00ab\u00a0Psychopath\u00a0\u00bb\u00a0est la nouvelle chanson ludique d&rsquo;ana\u00efs\u00a0pour tous ceux qui ont tendance \u00e0 aimer un peu trop fort. Sur une rythmique rebondissante, elle chante la dangereuse voix int\u00e9rieure qui t&rsquo;entra\u00eene dans des relations malsaines et l\u00e9g\u00e8rement obsessionnelles. Oscar Anton rejoint le morceau en tant qu&rsquo;invit\u00e9 et raconte sa propre version de l&rsquo;histoire. Ce single figurerasur le [&hellip;]<\/p>\n","protected":false},"author":6,"featured_media":0,"comment_status":"closed","ping_status":"closed","sticky":false,"template":"","format":"standard","meta":{"_acf_changed":false,"footnotes":""},"categories":[215],"tags":[323,327,340],"class_list":["post-42407","post","type-post","status-publish","format-standard","hentry","category-release-fr","tag-electronic-fr","tag-folk-fr","tag-pop-fr"],"acf":[],"yoast_head":"<!-- This site is optimized with the Yoast SEO plugin v27.3 - https:\/\/yoast.com\/product\/yoast-seo-wordpress\/ -->\n<title>ana\u00efs | Nouveau single &quot;Psychopath&quot; en duo avec Oscar Anton - What the France<\/title>\n<meta name=\"robots\" content=\"index, follow, max-snippet:-1, max-image-preview:large, max-video-preview:-1\" \/>\n<link rel=\"canonical\" href=\"https:\/\/whatthefrance.org\/fr\/anais-nouveau-single-psychopath-en-duo-avec-oscar-anton\/\" \/>\n<meta property=\"og:locale\" content=\"fr_FR\" \/>\n<meta property=\"og:type\" content=\"article\" \/>\n<meta property=\"og:title\" content=\"ana\u00efs | Nouveau single &quot;Psychopath&quot; en duo avec Oscar Anton - What the France\" \/>\n<meta property=\"og:description\" content=\"\u00ab\u00a0Psychopath\u00a0\u00bb\u00a0est la nouvelle chanson ludique d&rsquo;ana\u00efs\u00a0pour tous ceux qui ont tendance \u00e0 aimer un peu trop fort. Sur une rythmique rebondissante, elle chante la dangereuse voix int\u00e9rieure qui t&rsquo;entra\u00eene dans des relations malsaines et l\u00e9g\u00e8rement obsessionnelles. Oscar Anton rejoint le morceau en tant qu&rsquo;invit\u00e9 et raconte sa propre version de l&rsquo;histoire. Ce single figurerasur le [&hellip;]\" \/>\n<meta property=\"og:url\" content=\"https:\/\/whatthefrance.org\/fr\/anais-nouveau-single-psychopath-en-duo-avec-oscar-anton\/\" \/>\n<meta property=\"og:site_name\" content=\"What the France\" \/>\n<meta property=\"article:published_time\" content=\"2022-06-06T08:00:37+00:00\" \/>\n<meta property=\"og:image\" content=\"https:\/\/whatthefrance.org\/wp-content\/uploads\/2022\/05\/anais_what_the_france_cover-1.png\" \/>\n\t<meta property=\"og:image:width\" content=\"1084\" \/>\n\t<meta property=\"og:image:height\" content=\"452\" \/>\n<meta name=\"author\" content=\"Marie-Sophie Administrateur\" \/>\n<meta name=\"twitter:card\" content=\"summary_large_image\" \/>\n<meta name=\"twitter:label1\" content=\"\u00c9crit par\" \/>\n\t<meta name=\"twitter:data1\" content=\"Marie-Sophie Administrateur\" \/>\n\t<meta name=\"twitter:label2\" content=\"Dur\u00e9e de lecture estim\u00e9e\" \/>\n\t<meta name=\"twitter:data2\" content=\"2 minutes\" \/>\n<script type=\"application\/ld+json\" class=\"yoast-schema-graph\">{\"@context\":\"https:\\\/\\\/schema.org\",\"@graph\":[{\"@type\":\"Article\",\"@id\":\"https:\\\/\\\/whatthefrance.org\\\/fr\\\/anais-nouveau-single-psychopath-en-duo-avec-oscar-anton\\\/#article\",\"isPartOf\":{\"@id\":\"https:\\\/\\\/whatthefrance.org\\\/fr\\\/anais-nouveau-single-psychopath-en-duo-avec-oscar-anton\\\/\"},\"author\":{\"name\":\"Marie-Sophie Administrateur\",\"@id\":\"https:\\\/\\\/whatthefrance.org\\\/fr\\\/#\\\/schema\\\/person\\\/3b7ea6fb70b536503b3e8c909c564a81\"},\"headline\":\"ana\u00efs | Nouveau single \u00ab\u00a0Psychopath\u00a0\u00bb en duo avec Oscar Anton\",\"datePublished\":\"2022-06-06T08:00:37+00:00\",\"mainEntityOfPage\":{\"@id\":\"https:\\\/\\\/whatthefrance.org\\\/fr\\\/anais-nouveau-single-psychopath-en-duo-avec-oscar-anton\\\/\"},\"wordCount\":379,\"publisher\":{\"@id\":\"https:\\\/\\\/whatthefrance.org\\\/fr\\\/#organization\"},\"keywords\":[\"Electronic\",\"Folk\",\"Pop\"],\"articleSection\":[\"Release\"],\"inLanguage\":\"fr-FR\"},{\"@type\":\"WebPage\",\"@id\":\"https:\\\/\\\/whatthefrance.org\\\/fr\\\/anais-nouveau-single-psychopath-en-duo-avec-oscar-anton\\\/\",\"url\":\"https:\\\/\\\/whatthefrance.org\\\/fr\\\/anais-nouveau-single-psychopath-en-duo-avec-oscar-anton\\\/\",\"name\":\"ana\u00efs | Nouveau single \\\"Psychopath\\\" en duo avec Oscar Anton - What the France\",\"isPartOf\":{\"@id\":\"https:\\\/\\\/whatthefrance.org\\\/fr\\\/#website\"},\"datePublished\":\"2022-06-06T08:00:37+00:00\",\"breadcrumb\":{\"@id\":\"https:\\\/\\\/whatthefrance.org\\\/fr\\\/anais-nouveau-single-psychopath-en-duo-avec-oscar-anton\\\/#breadcrumb\"},\"inLanguage\":\"fr-FR\",\"potentialAction\":[{\"@type\":\"ReadAction\",\"target\":[\"https:\\\/\\\/whatthefrance.org\\\/fr\\\/anais-nouveau-single-psychopath-en-duo-avec-oscar-anton\\\/\"]}]},{\"@type\":\"BreadcrumbList\",\"@id\":\"https:\\\/\\\/whatthefrance.org\\\/fr\\\/anais-nouveau-single-psychopath-en-duo-avec-oscar-anton\\\/#breadcrumb\",\"itemListElement\":[{\"@type\":\"ListItem\",\"position\":1,\"name\":\"Home\",\"item\":\"https:\\\/\\\/whatthefrance.org\\\/fr\\\/\"},{\"@type\":\"ListItem\",\"position\":2,\"name\":\"ana\u00efs | Nouveau single &#8220;Psychopath&#8221; en duo avec Oscar Anton\"}]},{\"@type\":\"WebSite\",\"@id\":\"https:\\\/\\\/whatthefrance.org\\\/fr\\\/#website\",\"url\":\"https:\\\/\\\/whatthefrance.org\\\/fr\\\/\",\"name\":\"What the France\",\"description\":\"The finest music made in France !\",\"publisher\":{\"@id\":\"https:\\\/\\\/whatthefrance.org\\\/fr\\\/#organization\"},\"potentialAction\":[{\"@type\":\"SearchAction\",\"target\":{\"@type\":\"EntryPoint\",\"urlTemplate\":\"https:\\\/\\\/whatthefrance.org\\\/fr\\\/?s={search_term_string}\"},\"query-input\":{\"@type\":\"PropertyValueSpecification\",\"valueRequired\":true,\"valueName\":\"search_term_string\"}}],\"inLanguage\":\"fr-FR\"},{\"@type\":\"Organization\",\"@id\":\"https:\\\/\\\/whatthefrance.org\\\/fr\\\/#organization\",\"name\":\"What The France\",\"url\":\"https:\\\/\\\/whatthefrance.org\\\/fr\\\/\",\"logo\":{\"@type\":\"ImageObject\",\"inLanguage\":\"fr-FR\",\"@id\":\"https:\\\/\\\/whatthefrance.org\\\/fr\\\/#\\\/schema\\\/logo\\\/image\\\/\",\"url\":\"https:\\\/\\\/whatthefrance.org\\\/wp-content\\\/uploads\\\/2019\\\/12\\\/44688719_2251580388408837_694180218134331392_n-e1577679609190.png\",\"contentUrl\":\"https:\\\/\\\/whatthefrance.org\\\/wp-content\\\/uploads\\\/2019\\\/12\\\/44688719_2251580388408837_694180218134331392_n-e1577679609190.png\",\"width\":200,\"height\":200,\"caption\":\"What The France\"},\"image\":{\"@id\":\"https:\\\/\\\/whatthefrance.org\\\/fr\\\/#\\\/schema\\\/logo\\\/image\\\/\"}},{\"@type\":\"Person\",\"@id\":\"https:\\\/\\\/whatthefrance.org\\\/fr\\\/#\\\/schema\\\/person\\\/3b7ea6fb70b536503b3e8c909c564a81\",\"name\":\"Marie-Sophie Administrateur\",\"image\":{\"@type\":\"ImageObject\",\"inLanguage\":\"fr-FR\",\"@id\":\"https:\\\/\\\/secure.gravatar.com\\\/avatar\\\/d57e4552c73c8713409cd3c2de53bdb5d220ebdd76dc7ba351b2dbae89f5afa9?s=96&d=mm&r=g\",\"url\":\"https:\\\/\\\/secure.gravatar.com\\\/avatar\\\/d57e4552c73c8713409cd3c2de53bdb5d220ebdd76dc7ba351b2dbae89f5afa9?s=96&d=mm&r=g\",\"contentUrl\":\"https:\\\/\\\/secure.gravatar.com\\\/avatar\\\/d57e4552c73c8713409cd3c2de53bdb5d220ebdd76dc7ba351b2dbae89f5afa9?s=96&d=mm&r=g\",\"caption\":\"Marie-Sophie Administrateur\"}}]}<\/script>\n<!-- \/ Yoast SEO plugin. -->","yoast_head_json":{"title":"ana\u00efs | Nouveau single \"Psychopath\" en duo avec Oscar Anton - What the France","robots":{"index":"index","follow":"follow","max-snippet":"max-snippet:-1","max-image-preview":"max-image-preview:large","max-video-preview":"max-video-preview:-1"},"canonical":"https:\/\/whatthefrance.org\/fr\/anais-nouveau-single-psychopath-en-duo-avec-oscar-anton\/","og_locale":"fr_FR","og_type":"article","og_title":"ana\u00efs | Nouveau single \"Psychopath\" en duo avec Oscar Anton - What the France","og_description":"\u00ab\u00a0Psychopath\u00a0\u00bb\u00a0est la nouvelle chanson ludique d&rsquo;ana\u00efs\u00a0pour tous ceux qui ont tendance \u00e0 aimer un peu trop fort. Sur une rythmique rebondissante, elle chante la dangereuse voix int\u00e9rieure qui t&rsquo;entra\u00eene dans des relations malsaines et l\u00e9g\u00e8rement obsessionnelles. Oscar Anton rejoint le morceau en tant qu&rsquo;invit\u00e9 et raconte sa propre version de l&rsquo;histoire. Ce single figurerasur le [&hellip;]","og_url":"https:\/\/whatthefrance.org\/fr\/anais-nouveau-single-psychopath-en-duo-avec-oscar-anton\/","og_site_name":"What the France","article_published_time":"2022-06-06T08:00:37+00:00","og_image":[{"url":"https:\/\/whatthefrance.org\/wp-content\/uploads\/2022\/05\/anais_what_the_france_cover-1.png","height":452,"width":1084,"type":""}],"author":"Marie-Sophie Administrateur","twitter_card":"summary_large_image","twitter_misc":{"\u00c9crit par":"Marie-Sophie Administrateur","Dur\u00e9e de lecture estim\u00e9e":"2 minutes"},"schema":{"@context":"https:\/\/schema.org","@graph":[{"@type":"Article","@id":"https:\/\/whatthefrance.org\/fr\/anais-nouveau-single-psychopath-en-duo-avec-oscar-anton\/#article","isPartOf":{"@id":"https:\/\/whatthefrance.org\/fr\/anais-nouveau-single-psychopath-en-duo-avec-oscar-anton\/"},"author":{"name":"Marie-Sophie Administrateur","@id":"https:\/\/whatthefrance.org\/fr\/#\/schema\/person\/3b7ea6fb70b536503b3e8c909c564a81"},"headline":"ana\u00efs | Nouveau single \u00ab\u00a0Psychopath\u00a0\u00bb en duo avec Oscar Anton","datePublished":"2022-06-06T08:00:37+00:00","mainEntityOfPage":{"@id":"https:\/\/whatthefrance.org\/fr\/anais-nouveau-single-psychopath-en-duo-avec-oscar-anton\/"},"wordCount":379,"publisher":{"@id":"https:\/\/whatthefrance.org\/fr\/#organization"},"keywords":["Electronic","Folk","Pop"],"articleSection":["Release"],"inLanguage":"fr-FR"},{"@type":"WebPage","@id":"https:\/\/whatthefrance.org\/fr\/anais-nouveau-single-psychopath-en-duo-avec-oscar-anton\/","url":"https:\/\/whatthefrance.org\/fr\/anais-nouveau-single-psychopath-en-duo-avec-oscar-anton\/","name":"ana\u00efs | Nouveau single \"Psychopath\" en duo avec Oscar Anton - What the France","isPartOf":{"@id":"https:\/\/whatthefrance.org\/fr\/#website"},"datePublished":"2022-06-06T08:00:37+00:00","breadcrumb":{"@id":"https:\/\/whatthefrance.org\/fr\/anais-nouveau-single-psychopath-en-duo-avec-oscar-anton\/#breadcrumb"},"inLanguage":"fr-FR","potentialAction":[{"@type":"ReadAction","target":["https:\/\/whatthefrance.org\/fr\/anais-nouveau-single-psychopath-en-duo-avec-oscar-anton\/"]}]},{"@type":"BreadcrumbList","@id":"https:\/\/whatthefrance.org\/fr\/anais-nouveau-single-psychopath-en-duo-avec-oscar-anton\/#breadcrumb","itemListElement":[{"@type":"ListItem","position":1,"name":"Home","item":"https:\/\/whatthefrance.org\/fr\/"},{"@type":"ListItem","position":2,"name":"ana\u00efs | Nouveau single &#8220;Psychopath&#8221; en duo avec Oscar Anton"}]},{"@type":"WebSite","@id":"https:\/\/whatthefrance.org\/fr\/#website","url":"https:\/\/whatthefrance.org\/fr\/","name":"What the France","description":"The finest music made in France !","publisher":{"@id":"https:\/\/whatthefrance.org\/fr\/#organization"},"potentialAction":[{"@type":"SearchAction","target":{"@type":"EntryPoint","urlTemplate":"https:\/\/whatthefrance.org\/fr\/?s={search_term_string}"},"query-input":{"@type":"PropertyValueSpecification","valueRequired":true,"valueName":"search_term_string"}}],"inLanguage":"fr-FR"},{"@type":"Organization","@id":"https:\/\/whatthefrance.org\/fr\/#organization","name":"What The France","url":"https:\/\/whatthefrance.org\/fr\/","logo":{"@type":"ImageObject","inLanguage":"fr-FR","@id":"https:\/\/whatthefrance.org\/fr\/#\/schema\/logo\/image\/","url":"https:\/\/whatthefrance.org\/wp-content\/uploads\/2019\/12\/44688719_2251580388408837_694180218134331392_n-e1577679609190.png","contentUrl":"https:\/\/whatthefrance.org\/wp-content\/uploads\/2019\/12\/44688719_2251580388408837_694180218134331392_n-e1577679609190.png","width":200,"height":200,"caption":"What The France"},"image":{"@id":"https:\/\/whatthefrance.org\/fr\/#\/schema\/logo\/image\/"}},{"@type":"Person","@id":"https:\/\/whatthefrance.org\/fr\/#\/schema\/person\/3b7ea6fb70b536503b3e8c909c564a81","name":"Marie-Sophie Administrateur","image":{"@type":"ImageObject","inLanguage":"fr-FR","@id":"https:\/\/secure.gravatar.com\/avatar\/d57e4552c73c8713409cd3c2de53bdb5d220ebdd76dc7ba351b2dbae89f5afa9?s=96&d=mm&r=g","url":"https:\/\/secure.gravatar.com\/avatar\/d57e4552c73c8713409cd3c2de53bdb5d220ebdd76dc7ba351b2dbae89f5afa9?s=96&d=mm&r=g","contentUrl":"https:\/\/secure.gravatar.com\/avatar\/d57e4552c73c8713409cd3c2de53bdb5d220ebdd76dc7ba351b2dbae89f5afa9?s=96&d=mm&r=g","caption":"Marie-Sophie Administrateur"}}]}},"_links":{"self":[{"href":"https:\/\/whatthefrance.org\/fr\/wp-json\/wp\/v2\/posts\/42407","targetHints":{"allow":["GET"]}}],"collection":[{"href":"https:\/\/whatthefrance.org\/fr\/wp-json\/wp\/v2\/posts"}],"about":[{"href":"https:\/\/whatthefrance.org\/fr\/wp-json\/wp\/v2\/types\/post"}],"author":[{"embeddable":true,"href":"https:\/\/whatthefrance.org\/fr\/wp-json\/wp\/v2\/users\/6"}],"replies":[{"embeddable":true,"href":"https:\/\/whatthefrance.org\/fr\/wp-json\/wp\/v2\/comments?post=42407"}],"version-history":[{"count":4,"href":"https:\/\/whatthefrance.org\/fr\/wp-json\/wp\/v2\/posts\/42407\/revisions"}],"predecessor-version":[{"id":43301,"href":"https:\/\/whatthefrance.org\/fr\/wp-json\/wp\/v2\/posts\/42407\/revisions\/43301"}],"wp:attachment":[{"href":"https:\/\/whatthefrance.org\/fr\/wp-json\/wp\/v2\/media?parent=42407"}],"wp:term":[{"taxonomy":"category","embeddable":true,"href":"https:\/\/whatthefrance.org\/fr\/wp-json\/wp\/v2\/categories?post=42407"},{"taxonomy":"post_tag","embeddable":true,"href":"https:\/\/whatthefrance.org\/fr\/wp-json\/wp\/v2\/tags?post=42407"}],"curies":[{"name":"wp","href":"https:\/\/api.w.org\/{rel}","templated":true}]}}