{"id":43194,"date":"2022-06-09T16:54:12","date_gmt":"2022-06-09T14:54:12","guid":{"rendered":"https:\/\/whatthefrance.org\/?p=43194"},"modified":"2022-06-09T16:54:12","modified_gmt":"2022-06-09T14:54:12","slug":"colours-in-the-street-tournee-europeenne-avec-le-groupe-the-faim","status":"publish","type":"post","link":"https:\/\/whatthefrance.org\/fr\/colours-in-the-street-tournee-europeenne-avec-le-groupe-the-faim\/","title":{"rendered":"Colours in the Street | Tourn\u00e9e europ\u00e9enne avec le groupe The Faim"},"content":{"rendered":"<p><span class=\"em-orange\"><a href=\"https:\/\/www.facebook.com\/coloursinthestreet\"><strong>Colours in the Street<\/strong><\/a> s\u2019inscrit dans le mouvement d\u2019une pop massive, puissante, taill\u00e9e pour les grandes sc\u00e8nes. Le groupe compos\u00e9 de Alex Colours, Lucien Saurin et No\u00e9 Russeil ne cesse de se d\u00e9velopper en France et \u00e0 l&rsquo;international. Les tourn\u00e9es s&rsquo;encha\u00eenent avec des passages remarqu\u00e9s partout en France et sur de nombreux grands festivals (Francofolies, Printemps de Bourges, Fnac Live, Festival de Poupet, La Nuit de l&rsquo;Erdre, Free Music Festival&#8230;). Ils vont jouer la premi\u00e8re partie de The Faim cet \u00e9t\u00e9.<\/span><\/p>\n<p>Avec plus de 200 concerts au compteur, ils s\u2019installent durablement dans le paysage musical fran\u00e7ais et se produisent sur de nombreuses sc\u00e8nes prestigieuses telles que l&rsquo;Olympia \u00e0 Paris mais \u00e9galement \u00e0 l&rsquo;autre bout du monde avec trois tourn\u00e9es en Asie (Chine, Cor\u00e9e du Sud&#8230;). <span style=\"font-size: 1.6rem;\">Multi-instrumentistes, auteurs, compositeurs et producers, les \u00ab Colours \u00bb se distinguent par le timbre unique de leur chanteur et un songwriting hors du commun.<\/span><\/p>\n<p><iframe loading=\"lazy\" title=\"Colours in the Street - Aux \u00c9toiles (Official Video)\" width=\"500\" height=\"281\" src=\"https:\/\/www.youtube.com\/embed\/fUePZ2V91Cw?feature=oembed\" frameborder=\"0\" allow=\"accelerometer; autoplay; clipboard-write; encrypted-media; gyroscope; picture-in-picture; web-share\" referrerpolicy=\"strict-origin-when-cross-origin\" allowfullscreen><\/iframe><\/p>\n<p><span style=\"font-size: 1.6rem;\">Une r\u00e9pertoire riche et complet marqu\u00e9 par des textes f\u00e9d\u00e9rateurs \u00e9crits en anglais ou en fran\u00e7ais, des m\u00e9lodies imparables et des productions soign\u00e9es aux sonorit\u00e9s pop, rock et \u00e9lectro. Leur dernier album <em><strong>All the Colours<\/strong><\/em> sorti en 2020, emmen\u00e9 par les singles \u00ab <strong>Aux Etoiles<\/strong> \u00bb et \u00ab <strong>Somebody<\/strong> \u00bb, re\u00e7oit un bel accueil du public et des m\u00e9dias et cumule aujourd\u2019hui plusieurs millions d\u2019\u00e9coutes sur les plateformes. En juin 2021, les Colours d\u00e9voilent, en collaboration avec le producer <strong>Lonely In The Rain<\/strong>, \u00ab <strong>Wasted<\/strong> \u00bb un tube electro pop qui cumule lui aussi d\u00e9j\u00e0 plus de 2 millions d\u2019\u00e9coutes.<\/span><\/p>\n<p>Dans cette continuit\u00e9, le groupe s\u2019appr\u00eate \u00e0 faire son retour sur sc\u00e8ne avec une nouvelle tourn\u00e9e des salles et festivals en France et en Europe sur 2022 et 2023. Un nouveau d\u00e9part, marqu\u00e9 par la sortie le 09 mars prochain de leur nouveau titre \u00ab<strong> A Way To Restart<\/strong> \u00bb. Une chanson intense et \u00e9motionnellement captivante, qui \u00e9voque avec nostalgie et espoir, les souvenirs, et surtout le d\u00e9sir de regarder vers l\u2019avenir. Le groupe s\u2019est enferm\u00e9 des semaines au bord de la mer dans une petite maison pour y composer des titres intimistes et spontan\u00e9s, \u00ab A Way to Restart \u00bb est le premier extrait de cette profonde introspection ; la premi\u00e8re pi\u00e8ce ma\u00eetresse d\u2019un nouvel album attendu fin 2022.<\/p>\n<div class=\"playListBloc singleBloc\"><div class=\"playListBloc-wrap\">    <div class=\"thumbnail\"><img data-src=\"https:\/\/whatthefrance.org\/wp-content\/uploads\/2018\/11\/TEMPLATE-POCHETTE-GENRE-pop-Louane-254x254.jpg\" class=\"lazyload\" alt=\"TEMPLATE POCHETTE GENRE &#8211; pop &#8211; Louane\" \/>    <\/div>    <div class=\"infos\">        <span class=\"tag\">Genres<\/span>        <h2>Pop The Champagne<\/h2>        <span class=\"separator\"><\/span>       <span class=\"desc\">Listen to the latest pop music hits made in France.<\/span><div class=\"share flex flexAlignCenter \">\t<span class=\"label\">Partager<\/span>\t<a href=\"https:\/\/www.facebook.com\/sharer\/sharer.php?u=https:\/\/whatthefrance.org\/fr\/playlists\/pop-the-champagne\/\" class=\"facebook\" target=\"_blank\" rel=\"noreferrer\">Facebook<\/a>\t<a href=\"https:\/\/twitter.com\/intent\/tweet?url=https:\/\/whatthefrance.org\/fr\/playlists\/pop-the-champagne\/&text=Pop+The+Champagne&hashtags=WTF\" class=\"twitter\" target=\"_blank\" rel=\"noreferrer\">Twitter<\/a>\t<a href=\"mailto:?subject=What%20the%20France%20%3A%20Pop%20The%20Champagne&body=https:\/\/whatthefrance.org\/fr\/playlists\/pop-the-champagne\/\" class=\"mail\" target=\"_blank\" rel=\"noreferrer\">Email<\/a><\/div>        <a href=\"#\" class=\"btn btnPlaylist orange playlist-click\" data-id=\"910\">            <svg version=\"1.1\" x=\"0px\" y=\"0px\" width=\"40px\" height=\"40px\" viewBox=\"0 0 213.7 213.7\" enable-background=\"new 0 0 213.7 213.7\" xml:space=\"preserve\">                <polygon class=\"triangle\" fill=\"none\" stroke-width=\"10\" stroke-linecap=\"round\" stroke-linejoin=\"round\" stroke-miterlimit=\"10\" points=\"\n            73.5,62.5 148.5,105.8 73.5,149.1 \"\/>                <circle class=\"circle\" fill=\"none\"  stroke-width=\"8\" stroke-linecap=\"round\" stroke-linejoin=\"round\" stroke-miterlimit=\"10\" cx=\"106.8\" cy=\"106.8\" r=\"103.3\"\/>                <circle class=\"circle-white\" fill=\"none\"  stroke-width=\"8\" stroke-linecap=\"round\" stroke-linejoin=\"round\" stroke-miterlimit=\"10\" cx=\"106.8\" cy=\"106.8\" r=\"103.3\"\/>            <\/svg>Ecouter        <\/a>    <\/div>  <\/div><\/div>\n<h2>Consultez leurs dates de concert en Europe<\/h2>\n","protected":false},"excerpt":{"rendered":"<p>Colours in the Street s\u2019inscrit dans le mouvement d\u2019une pop massive, puissante, taill\u00e9e pour les grandes sc\u00e8nes. Le groupe compos\u00e9 de Alex Colours, Lucien Saurin et No\u00e9 Russeil ne cesse de se d\u00e9velopper en France et \u00e0 l&rsquo;international. Les tourn\u00e9es s&rsquo;encha\u00eenent avec des passages remarqu\u00e9s partout en France et sur de nombreux grands festivals (Francofolies, [&hellip;]<\/p>\n","protected":false},"author":26,"featured_media":0,"comment_status":"closed","ping_status":"closed","sticky":false,"template":"","format":"standard","meta":{"_acf_changed":false,"footnotes":""},"categories":[213],"tags":[340,351],"class_list":["post-43194","post","type-post","status-publish","format-standard","hentry","category-event-fr","tag-pop-fr","tag-rock-fr"],"acf":[],"yoast_head":"<!-- This site is optimized with the Yoast SEO plugin v27.3 - https:\/\/yoast.com\/product\/yoast-seo-wordpress\/ -->\n<title>Colours in the Street | Tourn\u00e9e europ\u00e9enne avec le groupe The Faim - What the France<\/title>\n<meta name=\"description\" content=\"Colours in the Street s\u2019inscrit dans le mouvement d\u2019une pop massive, puissante, taill\u00e9e pour les grandes sc\u00e8nes.\" \/>\n<meta name=\"robots\" content=\"index, follow, max-snippet:-1, max-image-preview:large, max-video-preview:-1\" \/>\n<link rel=\"canonical\" href=\"https:\/\/whatthefrance.org\/fr\/colours-in-the-street-tournee-europeenne-avec-le-groupe-the-faim\/\" \/>\n<meta property=\"og:locale\" content=\"fr_FR\" \/>\n<meta property=\"og:type\" content=\"article\" \/>\n<meta property=\"og:title\" content=\"Colours in the Street | Tourn\u00e9e europ\u00e9enne avec le groupe The Faim - What the France\" \/>\n<meta property=\"og:description\" content=\"Colours in the Street s\u2019inscrit dans le mouvement d\u2019une pop massive, puissante, taill\u00e9e pour les grandes sc\u00e8nes.\" \/>\n<meta property=\"og:url\" content=\"https:\/\/whatthefrance.org\/fr\/colours-in-the-street-tournee-europeenne-avec-le-groupe-the-faim\/\" \/>\n<meta property=\"og:site_name\" content=\"What the France\" \/>\n<meta property=\"article:published_time\" content=\"2022-06-09T14:54:12+00:00\" \/>\n<meta property=\"og:image\" content=\"https:\/\/whatthefrance.org\/wp-content\/uploads\/2022\/05\/coloursinthestreet_what_the_france_cover.png\" \/>\n\t<meta property=\"og:image:width\" content=\"1084\" \/>\n\t<meta property=\"og:image:height\" content=\"452\" \/>\n<meta name=\"author\" content=\"Stagiaire 1 Berlin\" \/>\n<meta name=\"twitter:card\" content=\"summary_large_image\" \/>\n<meta name=\"twitter:label1\" content=\"\u00c9crit par\" \/>\n\t<meta name=\"twitter:data1\" content=\"Stagiaire 1 Berlin\" \/>\n\t<meta name=\"twitter:label2\" content=\"Dur\u00e9e de lecture estim\u00e9e\" \/>\n\t<meta name=\"twitter:data2\" content=\"2 minutes\" \/>\n<script type=\"application\/ld+json\" class=\"yoast-schema-graph\">{\"@context\":\"https:\\\/\\\/schema.org\",\"@graph\":[{\"@type\":\"Article\",\"@id\":\"https:\\\/\\\/whatthefrance.org\\\/fr\\\/colours-in-the-street-tournee-europeenne-avec-le-groupe-the-faim\\\/#article\",\"isPartOf\":{\"@id\":\"https:\\\/\\\/whatthefrance.org\\\/fr\\\/colours-in-the-street-tournee-europeenne-avec-le-groupe-the-faim\\\/\"},\"author\":{\"name\":\"Stagiaire 1 Berlin\",\"@id\":\"https:\\\/\\\/whatthefrance.org\\\/fr\\\/#\\\/schema\\\/person\\\/a72915ae82250c292822ed109081970a\"},\"headline\":\"Colours in the Street | Tourn\u00e9e europ\u00e9enne avec le groupe The Faim\",\"datePublished\":\"2022-06-09T14:54:12+00:00\",\"mainEntityOfPage\":{\"@id\":\"https:\\\/\\\/whatthefrance.org\\\/fr\\\/colours-in-the-street-tournee-europeenne-avec-le-groupe-the-faim\\\/\"},\"wordCount\":426,\"publisher\":{\"@id\":\"https:\\\/\\\/whatthefrance.org\\\/fr\\\/#organization\"},\"keywords\":[\"Pop\",\"Rock\"],\"articleSection\":[\"Event\"],\"inLanguage\":\"fr-FR\"},{\"@type\":\"WebPage\",\"@id\":\"https:\\\/\\\/whatthefrance.org\\\/fr\\\/colours-in-the-street-tournee-europeenne-avec-le-groupe-the-faim\\\/\",\"url\":\"https:\\\/\\\/whatthefrance.org\\\/fr\\\/colours-in-the-street-tournee-europeenne-avec-le-groupe-the-faim\\\/\",\"name\":\"Colours in the Street | Tourn\u00e9e europ\u00e9enne avec le groupe The Faim - What the France\",\"isPartOf\":{\"@id\":\"https:\\\/\\\/whatthefrance.org\\\/fr\\\/#website\"},\"datePublished\":\"2022-06-09T14:54:12+00:00\",\"description\":\"Colours in the Street s\u2019inscrit dans le mouvement d\u2019une pop massive, puissante, taill\u00e9e pour les grandes sc\u00e8nes.\",\"breadcrumb\":{\"@id\":\"https:\\\/\\\/whatthefrance.org\\\/fr\\\/colours-in-the-street-tournee-europeenne-avec-le-groupe-the-faim\\\/#breadcrumb\"},\"inLanguage\":\"fr-FR\",\"potentialAction\":[{\"@type\":\"ReadAction\",\"target\":[\"https:\\\/\\\/whatthefrance.org\\\/fr\\\/colours-in-the-street-tournee-europeenne-avec-le-groupe-the-faim\\\/\"]}]},{\"@type\":\"BreadcrumbList\",\"@id\":\"https:\\\/\\\/whatthefrance.org\\\/fr\\\/colours-in-the-street-tournee-europeenne-avec-le-groupe-the-faim\\\/#breadcrumb\",\"itemListElement\":[{\"@type\":\"ListItem\",\"position\":1,\"name\":\"Home\",\"item\":\"https:\\\/\\\/whatthefrance.org\\\/fr\\\/\"},{\"@type\":\"ListItem\",\"position\":2,\"name\":\"Colours in the Street | Tourn\u00e9e europ\u00e9enne avec le groupe The Faim\"}]},{\"@type\":\"WebSite\",\"@id\":\"https:\\\/\\\/whatthefrance.org\\\/fr\\\/#website\",\"url\":\"https:\\\/\\\/whatthefrance.org\\\/fr\\\/\",\"name\":\"What the France\",\"description\":\"The finest music made in France !\",\"publisher\":{\"@id\":\"https:\\\/\\\/whatthefrance.org\\\/fr\\\/#organization\"},\"potentialAction\":[{\"@type\":\"SearchAction\",\"target\":{\"@type\":\"EntryPoint\",\"urlTemplate\":\"https:\\\/\\\/whatthefrance.org\\\/fr\\\/?s={search_term_string}\"},\"query-input\":{\"@type\":\"PropertyValueSpecification\",\"valueRequired\":true,\"valueName\":\"search_term_string\"}}],\"inLanguage\":\"fr-FR\"},{\"@type\":\"Organization\",\"@id\":\"https:\\\/\\\/whatthefrance.org\\\/fr\\\/#organization\",\"name\":\"What The France\",\"url\":\"https:\\\/\\\/whatthefrance.org\\\/fr\\\/\",\"logo\":{\"@type\":\"ImageObject\",\"inLanguage\":\"fr-FR\",\"@id\":\"https:\\\/\\\/whatthefrance.org\\\/fr\\\/#\\\/schema\\\/logo\\\/image\\\/\",\"url\":\"https:\\\/\\\/whatthefrance.org\\\/wp-content\\\/uploads\\\/2019\\\/12\\\/44688719_2251580388408837_694180218134331392_n-e1577679609190.png\",\"contentUrl\":\"https:\\\/\\\/whatthefrance.org\\\/wp-content\\\/uploads\\\/2019\\\/12\\\/44688719_2251580388408837_694180218134331392_n-e1577679609190.png\",\"width\":200,\"height\":200,\"caption\":\"What The France\"},\"image\":{\"@id\":\"https:\\\/\\\/whatthefrance.org\\\/fr\\\/#\\\/schema\\\/logo\\\/image\\\/\"}},{\"@type\":\"Person\",\"@id\":\"https:\\\/\\\/whatthefrance.org\\\/fr\\\/#\\\/schema\\\/person\\\/a72915ae82250c292822ed109081970a\",\"name\":\"Stagiaire 1 Berlin\",\"image\":{\"@type\":\"ImageObject\",\"inLanguage\":\"fr-FR\",\"@id\":\"https:\\\/\\\/secure.gravatar.com\\\/avatar\\\/dfeb8d88ae59b52c2ef8ba0be98ebede06bf72bd97d535142490a9391ffa2c33?s=96&d=mm&r=g\",\"url\":\"https:\\\/\\\/secure.gravatar.com\\\/avatar\\\/dfeb8d88ae59b52c2ef8ba0be98ebede06bf72bd97d535142490a9391ffa2c33?s=96&d=mm&r=g\",\"contentUrl\":\"https:\\\/\\\/secure.gravatar.com\\\/avatar\\\/dfeb8d88ae59b52c2ef8ba0be98ebede06bf72bd97d535142490a9391ffa2c33?s=96&d=mm&r=g\",\"caption\":\"Stagiaire 1 Berlin\"}}]}<\/script>\n<!-- \/ Yoast SEO plugin. -->","yoast_head_json":{"title":"Colours in the Street | Tourn\u00e9e europ\u00e9enne avec le groupe The Faim - What the France","description":"Colours in the Street s\u2019inscrit dans le mouvement d\u2019une pop massive, puissante, taill\u00e9e pour les grandes sc\u00e8nes.","robots":{"index":"index","follow":"follow","max-snippet":"max-snippet:-1","max-image-preview":"max-image-preview:large","max-video-preview":"max-video-preview:-1"},"canonical":"https:\/\/whatthefrance.org\/fr\/colours-in-the-street-tournee-europeenne-avec-le-groupe-the-faim\/","og_locale":"fr_FR","og_type":"article","og_title":"Colours in the Street | Tourn\u00e9e europ\u00e9enne avec le groupe The Faim - What the France","og_description":"Colours in the Street s\u2019inscrit dans le mouvement d\u2019une pop massive, puissante, taill\u00e9e pour les grandes sc\u00e8nes.","og_url":"https:\/\/whatthefrance.org\/fr\/colours-in-the-street-tournee-europeenne-avec-le-groupe-the-faim\/","og_site_name":"What the France","article_published_time":"2022-06-09T14:54:12+00:00","og_image":[{"url":"https:\/\/whatthefrance.org\/wp-content\/uploads\/2022\/05\/coloursinthestreet_what_the_france_cover.png","height":452,"width":1084,"type":""}],"author":"Stagiaire 1 Berlin","twitter_card":"summary_large_image","twitter_misc":{"\u00c9crit par":"Stagiaire 1 Berlin","Dur\u00e9e de lecture estim\u00e9e":"2 minutes"},"schema":{"@context":"https:\/\/schema.org","@graph":[{"@type":"Article","@id":"https:\/\/whatthefrance.org\/fr\/colours-in-the-street-tournee-europeenne-avec-le-groupe-the-faim\/#article","isPartOf":{"@id":"https:\/\/whatthefrance.org\/fr\/colours-in-the-street-tournee-europeenne-avec-le-groupe-the-faim\/"},"author":{"name":"Stagiaire 1 Berlin","@id":"https:\/\/whatthefrance.org\/fr\/#\/schema\/person\/a72915ae82250c292822ed109081970a"},"headline":"Colours in the Street | Tourn\u00e9e europ\u00e9enne avec le groupe The Faim","datePublished":"2022-06-09T14:54:12+00:00","mainEntityOfPage":{"@id":"https:\/\/whatthefrance.org\/fr\/colours-in-the-street-tournee-europeenne-avec-le-groupe-the-faim\/"},"wordCount":426,"publisher":{"@id":"https:\/\/whatthefrance.org\/fr\/#organization"},"keywords":["Pop","Rock"],"articleSection":["Event"],"inLanguage":"fr-FR"},{"@type":"WebPage","@id":"https:\/\/whatthefrance.org\/fr\/colours-in-the-street-tournee-europeenne-avec-le-groupe-the-faim\/","url":"https:\/\/whatthefrance.org\/fr\/colours-in-the-street-tournee-europeenne-avec-le-groupe-the-faim\/","name":"Colours in the Street | Tourn\u00e9e europ\u00e9enne avec le groupe The Faim - What the France","isPartOf":{"@id":"https:\/\/whatthefrance.org\/fr\/#website"},"datePublished":"2022-06-09T14:54:12+00:00","description":"Colours in the Street s\u2019inscrit dans le mouvement d\u2019une pop massive, puissante, taill\u00e9e pour les grandes sc\u00e8nes.","breadcrumb":{"@id":"https:\/\/whatthefrance.org\/fr\/colours-in-the-street-tournee-europeenne-avec-le-groupe-the-faim\/#breadcrumb"},"inLanguage":"fr-FR","potentialAction":[{"@type":"ReadAction","target":["https:\/\/whatthefrance.org\/fr\/colours-in-the-street-tournee-europeenne-avec-le-groupe-the-faim\/"]}]},{"@type":"BreadcrumbList","@id":"https:\/\/whatthefrance.org\/fr\/colours-in-the-street-tournee-europeenne-avec-le-groupe-the-faim\/#breadcrumb","itemListElement":[{"@type":"ListItem","position":1,"name":"Home","item":"https:\/\/whatthefrance.org\/fr\/"},{"@type":"ListItem","position":2,"name":"Colours in the Street | Tourn\u00e9e europ\u00e9enne avec le groupe The Faim"}]},{"@type":"WebSite","@id":"https:\/\/whatthefrance.org\/fr\/#website","url":"https:\/\/whatthefrance.org\/fr\/","name":"What the France","description":"The finest music made in France !","publisher":{"@id":"https:\/\/whatthefrance.org\/fr\/#organization"},"potentialAction":[{"@type":"SearchAction","target":{"@type":"EntryPoint","urlTemplate":"https:\/\/whatthefrance.org\/fr\/?s={search_term_string}"},"query-input":{"@type":"PropertyValueSpecification","valueRequired":true,"valueName":"search_term_string"}}],"inLanguage":"fr-FR"},{"@type":"Organization","@id":"https:\/\/whatthefrance.org\/fr\/#organization","name":"What The France","url":"https:\/\/whatthefrance.org\/fr\/","logo":{"@type":"ImageObject","inLanguage":"fr-FR","@id":"https:\/\/whatthefrance.org\/fr\/#\/schema\/logo\/image\/","url":"https:\/\/whatthefrance.org\/wp-content\/uploads\/2019\/12\/44688719_2251580388408837_694180218134331392_n-e1577679609190.png","contentUrl":"https:\/\/whatthefrance.org\/wp-content\/uploads\/2019\/12\/44688719_2251580388408837_694180218134331392_n-e1577679609190.png","width":200,"height":200,"caption":"What The France"},"image":{"@id":"https:\/\/whatthefrance.org\/fr\/#\/schema\/logo\/image\/"}},{"@type":"Person","@id":"https:\/\/whatthefrance.org\/fr\/#\/schema\/person\/a72915ae82250c292822ed109081970a","name":"Stagiaire 1 Berlin","image":{"@type":"ImageObject","inLanguage":"fr-FR","@id":"https:\/\/secure.gravatar.com\/avatar\/dfeb8d88ae59b52c2ef8ba0be98ebede06bf72bd97d535142490a9391ffa2c33?s=96&d=mm&r=g","url":"https:\/\/secure.gravatar.com\/avatar\/dfeb8d88ae59b52c2ef8ba0be98ebede06bf72bd97d535142490a9391ffa2c33?s=96&d=mm&r=g","contentUrl":"https:\/\/secure.gravatar.com\/avatar\/dfeb8d88ae59b52c2ef8ba0be98ebede06bf72bd97d535142490a9391ffa2c33?s=96&d=mm&r=g","caption":"Stagiaire 1 Berlin"}}]}},"_links":{"self":[{"href":"https:\/\/whatthefrance.org\/fr\/wp-json\/wp\/v2\/posts\/43194","targetHints":{"allow":["GET"]}}],"collection":[{"href":"https:\/\/whatthefrance.org\/fr\/wp-json\/wp\/v2\/posts"}],"about":[{"href":"https:\/\/whatthefrance.org\/fr\/wp-json\/wp\/v2\/types\/post"}],"author":[{"embeddable":true,"href":"https:\/\/whatthefrance.org\/fr\/wp-json\/wp\/v2\/users\/26"}],"replies":[{"embeddable":true,"href":"https:\/\/whatthefrance.org\/fr\/wp-json\/wp\/v2\/comments?post=43194"}],"version-history":[{"count":2,"href":"https:\/\/whatthefrance.org\/fr\/wp-json\/wp\/v2\/posts\/43194\/revisions"}],"predecessor-version":[{"id":43196,"href":"https:\/\/whatthefrance.org\/fr\/wp-json\/wp\/v2\/posts\/43194\/revisions\/43196"}],"wp:attachment":[{"href":"https:\/\/whatthefrance.org\/fr\/wp-json\/wp\/v2\/media?parent=43194"}],"wp:term":[{"taxonomy":"category","embeddable":true,"href":"https:\/\/whatthefrance.org\/fr\/wp-json\/wp\/v2\/categories?post=43194"},{"taxonomy":"post_tag","embeddable":true,"href":"https:\/\/whatthefrance.org\/fr\/wp-json\/wp\/v2\/tags?post=43194"}],"curies":[{"name":"wp","href":"https:\/\/api.w.org\/{rel}","templated":true}]}}