{"id":44291,"date":"2022-07-11T10:00:01","date_gmt":"2022-07-11T08:00:01","guid":{"rendered":"https:\/\/whatthefrance.org\/?p=44291"},"modified":"2022-07-06T14:04:15","modified_gmt":"2022-07-06T12:04:15","slug":"the-celtic-social-club-dates-de-la-tournee","status":"publish","type":"post","link":"https:\/\/whatthefrance.org\/fr\/the-celtic-social-club-dates-de-la-tournee\/","title":{"rendered":"The Celtic Social Club | En route pour sa tourn\u00e9e europ\u00e9enne !"},"content":{"rendered":"<div>\n<p class=\"font8\">En sept ann\u00e9es d&rsquo;existence,<strong><a href=\"https:\/\/www.instagram.com\/the_celtic_social_club\/\"><span class=\"apple-converted-space\">\u00a0<\/span><span lang=\"EN-US\">The Celtic Social Club<\/span><\/a><\/strong><span class=\"apple-converted-space\"><b>\u00a0<\/b><\/span>a r\u00e9ussi \u00e0 imposer un son, un style et un nom. Avec aujourd\u2019hui quatre albums studio et deux disques \u00ab\u00a0live\u00a0\u00bb au compteur, sillonnant sc\u00e8nes, festivals et continents, les sept franco-irlandais continuent d&rsquo;affiner leur relecture \u00e9l\u00e9gante et audacieuse de la tradition des musiques celtes, secou\u00e9e \u00e0 grands coups d&rsquo;\u00e9nergie rock, d&rsquo;harmonies pop et de m\u00e9lodies folk.<\/p>\n<\/div>\n<div>\n<p><iframe loading=\"lazy\" title=\"The Celtic Social Club - A New Kind of Freedom (Clip officiel)\" width=\"500\" height=\"281\" src=\"https:\/\/www.youtube.com\/embed\/ibF7PcqTY08?feature=oembed\" frameborder=\"0\" allow=\"accelerometer; autoplay; clipboard-write; encrypted-media; gyroscope; picture-in-picture; web-share\" referrerpolicy=\"strict-origin-when-cross-origin\" allowfullscreen><\/iframe><\/p>\n<\/div>\n<div>\n<p class=\"font8\">Organis\u00e9 comme un v\u00e9ritable commando sc\u00e9nique, le collectif joue beaucoup en Europe, s&rsquo;envole pour l&rsquo;Asie, puis les \u00c9tats-Unis, avec notamment une date embl\u00e9matique dans Central Park \u00e0 New York . Puis, l\u2019\u00e9quipe se lance \u00e0 la conqu\u00eate du Royaume-Uni, pourtant peu enclin \u00e0 l&rsquo;indulgence envers des groupes fran\u00e7ais. Si les Pogues et les Clash ont souvent \u00e9t\u00e9 cit\u00e9s pour tenter de r\u00e9sumer le m\u00e9lange musical \u00e9nergique et ambitieux qui le caract\u00e9rise, le groupe a peu \u00e0 peu trouv\u00e9 ses marques et sa stabilit\u00e9, au point de rendre aujourd&rsquo;hui caduque r\u00e9f\u00e9rences et comparaisons.<\/p>\n<div class=\"playListBloc singleBloc\"><div class=\"playListBloc-wrap\">    <div class=\"thumbnail\"><img data-src=\"https:\/\/whatthefrance.org\/wp-content\/uploads\/2018\/11\/WTF-Pochettes_rock_8-1-254x254.jpg\" class=\"lazyload\" alt=\"WTF&#8212;Pochettes_rock_8\" \/>    <\/div>    <div class=\"infos\">        <span class=\"tag\">Genres<\/span>        <h2>Rock around the Eiffel<\/h2>        <span class=\"separator\"><\/span>       <span class=\"desc\">Discover the latest rock hits made in France.<\/span><div class=\"share flex flexAlignCenter \">\t<span class=\"label\">Partager<\/span>\t<a href=\"https:\/\/www.facebook.com\/sharer\/sharer.php?u=https:\/\/whatthefrance.org\/fr\/playlists\/rock-around-the-eiffel\/\" class=\"facebook\" target=\"_blank\" rel=\"noreferrer\">Facebook<\/a>\t<a href=\"https:\/\/twitter.com\/intent\/tweet?url=https:\/\/whatthefrance.org\/fr\/playlists\/rock-around-the-eiffel\/&text=Rock+around+the+Eiffel&hashtags=WTF\" class=\"twitter\" target=\"_blank\" rel=\"noreferrer\">Twitter<\/a>\t<a href=\"mailto:?subject=What%20the%20France%20%3A%20Rock%20around%20the%20Eiffel&body=https:\/\/whatthefrance.org\/fr\/playlists\/rock-around-the-eiffel\/\" class=\"mail\" target=\"_blank\" rel=\"noreferrer\">Email<\/a><\/div>        <a href=\"#\" class=\"btn btnPlaylist orange playlist-click\" data-id=\"900\">            <svg version=\"1.1\" x=\"0px\" y=\"0px\" width=\"40px\" height=\"40px\" viewBox=\"0 0 213.7 213.7\" enable-background=\"new 0 0 213.7 213.7\" xml:space=\"preserve\">                <polygon class=\"triangle\" fill=\"none\" stroke-width=\"10\" stroke-linecap=\"round\" stroke-linejoin=\"round\" stroke-miterlimit=\"10\" points=\"\n            73.5,62.5 148.5,105.8 73.5,149.1 \"\/>                <circle class=\"circle\" fill=\"none\"  stroke-width=\"8\" stroke-linecap=\"round\" stroke-linejoin=\"round\" stroke-miterlimit=\"10\" cx=\"106.8\" cy=\"106.8\" r=\"103.3\"\/>                <circle class=\"circle-white\" fill=\"none\"  stroke-width=\"8\" stroke-linecap=\"round\" stroke-linejoin=\"round\" stroke-miterlimit=\"10\" cx=\"106.8\" cy=\"106.8\" r=\"103.3\"\/>            <\/svg>Ecouter        <\/a>    <\/div>  <\/div><\/div>\n<p class=\"font8\">Avec leur quatri\u00e8me album,<span class=\"apple-converted-space\">\u00a0<\/span><strong><i>Dancing or dying ?,<\/i><\/strong><span class=\"apple-converted-space\">\u00a0<\/span>sorti le 8 octobre dernier, adoss\u00e9 \u00e0 la voix exceptionnelle de leur chanteur irlandais, le brillant Dan Donnelly, le reste de la formation compos\u00e9e de Manu Masko, Ronan Le Bars, Goulven Hamel, Pierre Stephan, Mathieu P\u00e9queriau et Richard Puaud ont de l&rsquo;ambition \u00e0 revendre. Mais il sont aussi un redoutable engagement sc\u00e9nique pour faire valoir leur position de \u00ab\u00a0challenger\u00a0\u00bb !<\/p>\n<\/div>\n<div>\n<p class=\"font8\"><span lang=\"EN-US\">The Celtic Social Club<\/span> a annonc\u00e9 sa nouvelle tourn\u00e9e en Europe !<\/p>\n<\/div>\n","protected":false},"excerpt":{"rendered":"<p>En sept ann\u00e9es d&rsquo;existence,\u00a0The Celtic Social Club\u00a0a r\u00e9ussi \u00e0 imposer un son, un style et un nom. Avec aujourd\u2019hui quatre albums studio et deux disques \u00ab\u00a0live\u00a0\u00bb au compteur, sillonnant sc\u00e8nes, festivals et continents, les sept franco-irlandais continuent d&rsquo;affiner leur relecture \u00e9l\u00e9gante et audacieuse de la tradition des musiques celtes, secou\u00e9e \u00e0 grands coups d&rsquo;\u00e9nergie rock, [&hellip;]<\/p>\n","protected":false},"author":6,"featured_media":0,"comment_status":"closed","ping_status":"closed","sticky":false,"template":"","format":"standard","meta":{"_acf_changed":false,"footnotes":""},"categories":[213],"tags":[351],"class_list":["post-44291","post","type-post","status-publish","format-standard","hentry","category-event-fr","tag-rock-fr"],"acf":[],"yoast_head":"<!-- This site is optimized with the Yoast SEO plugin v27.3 - https:\/\/yoast.com\/product\/yoast-seo-wordpress\/ -->\n<title>The Celtic Social Club | En route pour sa tourn\u00e9e europ\u00e9enne ! - What the France<\/title>\n<meta name=\"robots\" content=\"index, follow, max-snippet:-1, max-image-preview:large, max-video-preview:-1\" \/>\n<link rel=\"canonical\" href=\"https:\/\/whatthefrance.org\/fr\/the-celtic-social-club-dates-de-la-tournee\/\" \/>\n<meta property=\"og:locale\" content=\"fr_FR\" \/>\n<meta property=\"og:type\" content=\"article\" \/>\n<meta property=\"og:title\" content=\"The Celtic Social Club | En route pour sa tourn\u00e9e europ\u00e9enne ! - What the France\" \/>\n<meta property=\"og:description\" content=\"En sept ann\u00e9es d&rsquo;existence,\u00a0The Celtic Social Club\u00a0a r\u00e9ussi \u00e0 imposer un son, un style et un nom. Avec aujourd\u2019hui quatre albums studio et deux disques \u00ab\u00a0live\u00a0\u00bb au compteur, sillonnant sc\u00e8nes, festivals et continents, les sept franco-irlandais continuent d&rsquo;affiner leur relecture \u00e9l\u00e9gante et audacieuse de la tradition des musiques celtes, secou\u00e9e \u00e0 grands coups d&rsquo;\u00e9nergie rock, [&hellip;]\" \/>\n<meta property=\"og:url\" content=\"https:\/\/whatthefrance.org\/fr\/the-celtic-social-club-dates-de-la-tournee\/\" \/>\n<meta property=\"og:site_name\" content=\"What the France\" \/>\n<meta property=\"article:published_time\" content=\"2022-07-11T08:00:01+00:00\" \/>\n<meta property=\"og:image\" content=\"https:\/\/whatthefrance.org\/wp-content\/uploads\/2022\/07\/celtic_social_what_the_france_cover.png\" \/>\n\t<meta property=\"og:image:width\" content=\"1084\" \/>\n\t<meta property=\"og:image:height\" content=\"452\" \/>\n<meta name=\"author\" content=\"Marie-Sophie Administrateur\" \/>\n<meta name=\"twitter:card\" content=\"summary_large_image\" \/>\n<meta name=\"twitter:label1\" content=\"\u00c9crit par\" \/>\n\t<meta name=\"twitter:data1\" content=\"Marie-Sophie Administrateur\" \/>\n\t<meta name=\"twitter:label2\" content=\"Dur\u00e9e de lecture estim\u00e9e\" \/>\n\t<meta name=\"twitter:data2\" content=\"1 minute\" \/>\n<script type=\"application\/ld+json\" class=\"yoast-schema-graph\">{\"@context\":\"https:\\\/\\\/schema.org\",\"@graph\":[{\"@type\":\"Article\",\"@id\":\"https:\\\/\\\/whatthefrance.org\\\/fr\\\/the-celtic-social-club-dates-de-la-tournee\\\/#article\",\"isPartOf\":{\"@id\":\"https:\\\/\\\/whatthefrance.org\\\/fr\\\/the-celtic-social-club-dates-de-la-tournee\\\/\"},\"author\":{\"name\":\"Marie-Sophie Administrateur\",\"@id\":\"https:\\\/\\\/whatthefrance.org\\\/fr\\\/#\\\/schema\\\/person\\\/3b7ea6fb70b536503b3e8c909c564a81\"},\"headline\":\"The Celtic Social Club | En route pour sa tourn\u00e9e europ\u00e9enne !\",\"datePublished\":\"2022-07-11T08:00:01+00:00\",\"mainEntityOfPage\":{\"@id\":\"https:\\\/\\\/whatthefrance.org\\\/fr\\\/the-celtic-social-club-dates-de-la-tournee\\\/\"},\"wordCount\":277,\"publisher\":{\"@id\":\"https:\\\/\\\/whatthefrance.org\\\/fr\\\/#organization\"},\"keywords\":[\"Rock\"],\"articleSection\":[\"Event\"],\"inLanguage\":\"fr-FR\"},{\"@type\":\"WebPage\",\"@id\":\"https:\\\/\\\/whatthefrance.org\\\/fr\\\/the-celtic-social-club-dates-de-la-tournee\\\/\",\"url\":\"https:\\\/\\\/whatthefrance.org\\\/fr\\\/the-celtic-social-club-dates-de-la-tournee\\\/\",\"name\":\"The Celtic Social Club | En route pour sa tourn\u00e9e europ\u00e9enne ! - What the France\",\"isPartOf\":{\"@id\":\"https:\\\/\\\/whatthefrance.org\\\/fr\\\/#website\"},\"datePublished\":\"2022-07-11T08:00:01+00:00\",\"breadcrumb\":{\"@id\":\"https:\\\/\\\/whatthefrance.org\\\/fr\\\/the-celtic-social-club-dates-de-la-tournee\\\/#breadcrumb\"},\"inLanguage\":\"fr-FR\",\"potentialAction\":[{\"@type\":\"ReadAction\",\"target\":[\"https:\\\/\\\/whatthefrance.org\\\/fr\\\/the-celtic-social-club-dates-de-la-tournee\\\/\"]}]},{\"@type\":\"BreadcrumbList\",\"@id\":\"https:\\\/\\\/whatthefrance.org\\\/fr\\\/the-celtic-social-club-dates-de-la-tournee\\\/#breadcrumb\",\"itemListElement\":[{\"@type\":\"ListItem\",\"position\":1,\"name\":\"Home\",\"item\":\"https:\\\/\\\/whatthefrance.org\\\/fr\\\/\"},{\"@type\":\"ListItem\",\"position\":2,\"name\":\"The Celtic Social Club | En route pour sa tourn\u00e9e europ\u00e9enne !\"}]},{\"@type\":\"WebSite\",\"@id\":\"https:\\\/\\\/whatthefrance.org\\\/fr\\\/#website\",\"url\":\"https:\\\/\\\/whatthefrance.org\\\/fr\\\/\",\"name\":\"What the France\",\"description\":\"The finest music made in France !\",\"publisher\":{\"@id\":\"https:\\\/\\\/whatthefrance.org\\\/fr\\\/#organization\"},\"potentialAction\":[{\"@type\":\"SearchAction\",\"target\":{\"@type\":\"EntryPoint\",\"urlTemplate\":\"https:\\\/\\\/whatthefrance.org\\\/fr\\\/?s={search_term_string}\"},\"query-input\":{\"@type\":\"PropertyValueSpecification\",\"valueRequired\":true,\"valueName\":\"search_term_string\"}}],\"inLanguage\":\"fr-FR\"},{\"@type\":\"Organization\",\"@id\":\"https:\\\/\\\/whatthefrance.org\\\/fr\\\/#organization\",\"name\":\"What The France\",\"url\":\"https:\\\/\\\/whatthefrance.org\\\/fr\\\/\",\"logo\":{\"@type\":\"ImageObject\",\"inLanguage\":\"fr-FR\",\"@id\":\"https:\\\/\\\/whatthefrance.org\\\/fr\\\/#\\\/schema\\\/logo\\\/image\\\/\",\"url\":\"https:\\\/\\\/whatthefrance.org\\\/wp-content\\\/uploads\\\/2019\\\/12\\\/44688719_2251580388408837_694180218134331392_n-e1577679609190.png\",\"contentUrl\":\"https:\\\/\\\/whatthefrance.org\\\/wp-content\\\/uploads\\\/2019\\\/12\\\/44688719_2251580388408837_694180218134331392_n-e1577679609190.png\",\"width\":200,\"height\":200,\"caption\":\"What The France\"},\"image\":{\"@id\":\"https:\\\/\\\/whatthefrance.org\\\/fr\\\/#\\\/schema\\\/logo\\\/image\\\/\"}},{\"@type\":\"Person\",\"@id\":\"https:\\\/\\\/whatthefrance.org\\\/fr\\\/#\\\/schema\\\/person\\\/3b7ea6fb70b536503b3e8c909c564a81\",\"name\":\"Marie-Sophie Administrateur\",\"image\":{\"@type\":\"ImageObject\",\"inLanguage\":\"fr-FR\",\"@id\":\"https:\\\/\\\/secure.gravatar.com\\\/avatar\\\/d57e4552c73c8713409cd3c2de53bdb5d220ebdd76dc7ba351b2dbae89f5afa9?s=96&d=mm&r=g\",\"url\":\"https:\\\/\\\/secure.gravatar.com\\\/avatar\\\/d57e4552c73c8713409cd3c2de53bdb5d220ebdd76dc7ba351b2dbae89f5afa9?s=96&d=mm&r=g\",\"contentUrl\":\"https:\\\/\\\/secure.gravatar.com\\\/avatar\\\/d57e4552c73c8713409cd3c2de53bdb5d220ebdd76dc7ba351b2dbae89f5afa9?s=96&d=mm&r=g\",\"caption\":\"Marie-Sophie Administrateur\"}}]}<\/script>\n<!-- \/ Yoast SEO plugin. -->","yoast_head_json":{"title":"The Celtic Social Club | En route pour sa tourn\u00e9e europ\u00e9enne ! - What the France","robots":{"index":"index","follow":"follow","max-snippet":"max-snippet:-1","max-image-preview":"max-image-preview:large","max-video-preview":"max-video-preview:-1"},"canonical":"https:\/\/whatthefrance.org\/fr\/the-celtic-social-club-dates-de-la-tournee\/","og_locale":"fr_FR","og_type":"article","og_title":"The Celtic Social Club | En route pour sa tourn\u00e9e europ\u00e9enne ! - What the France","og_description":"En sept ann\u00e9es d&rsquo;existence,\u00a0The Celtic Social Club\u00a0a r\u00e9ussi \u00e0 imposer un son, un style et un nom. Avec aujourd\u2019hui quatre albums studio et deux disques \u00ab\u00a0live\u00a0\u00bb au compteur, sillonnant sc\u00e8nes, festivals et continents, les sept franco-irlandais continuent d&rsquo;affiner leur relecture \u00e9l\u00e9gante et audacieuse de la tradition des musiques celtes, secou\u00e9e \u00e0 grands coups d&rsquo;\u00e9nergie rock, [&hellip;]","og_url":"https:\/\/whatthefrance.org\/fr\/the-celtic-social-club-dates-de-la-tournee\/","og_site_name":"What the France","article_published_time":"2022-07-11T08:00:01+00:00","og_image":[{"url":"https:\/\/whatthefrance.org\/wp-content\/uploads\/2022\/07\/celtic_social_what_the_france_cover.png","height":452,"width":1084,"type":""}],"author":"Marie-Sophie Administrateur","twitter_card":"summary_large_image","twitter_misc":{"\u00c9crit par":"Marie-Sophie Administrateur","Dur\u00e9e de lecture estim\u00e9e":"1 minute"},"schema":{"@context":"https:\/\/schema.org","@graph":[{"@type":"Article","@id":"https:\/\/whatthefrance.org\/fr\/the-celtic-social-club-dates-de-la-tournee\/#article","isPartOf":{"@id":"https:\/\/whatthefrance.org\/fr\/the-celtic-social-club-dates-de-la-tournee\/"},"author":{"name":"Marie-Sophie Administrateur","@id":"https:\/\/whatthefrance.org\/fr\/#\/schema\/person\/3b7ea6fb70b536503b3e8c909c564a81"},"headline":"The Celtic Social Club | En route pour sa tourn\u00e9e europ\u00e9enne !","datePublished":"2022-07-11T08:00:01+00:00","mainEntityOfPage":{"@id":"https:\/\/whatthefrance.org\/fr\/the-celtic-social-club-dates-de-la-tournee\/"},"wordCount":277,"publisher":{"@id":"https:\/\/whatthefrance.org\/fr\/#organization"},"keywords":["Rock"],"articleSection":["Event"],"inLanguage":"fr-FR"},{"@type":"WebPage","@id":"https:\/\/whatthefrance.org\/fr\/the-celtic-social-club-dates-de-la-tournee\/","url":"https:\/\/whatthefrance.org\/fr\/the-celtic-social-club-dates-de-la-tournee\/","name":"The Celtic Social Club | En route pour sa tourn\u00e9e europ\u00e9enne ! - What the France","isPartOf":{"@id":"https:\/\/whatthefrance.org\/fr\/#website"},"datePublished":"2022-07-11T08:00:01+00:00","breadcrumb":{"@id":"https:\/\/whatthefrance.org\/fr\/the-celtic-social-club-dates-de-la-tournee\/#breadcrumb"},"inLanguage":"fr-FR","potentialAction":[{"@type":"ReadAction","target":["https:\/\/whatthefrance.org\/fr\/the-celtic-social-club-dates-de-la-tournee\/"]}]},{"@type":"BreadcrumbList","@id":"https:\/\/whatthefrance.org\/fr\/the-celtic-social-club-dates-de-la-tournee\/#breadcrumb","itemListElement":[{"@type":"ListItem","position":1,"name":"Home","item":"https:\/\/whatthefrance.org\/fr\/"},{"@type":"ListItem","position":2,"name":"The Celtic Social Club | En route pour sa tourn\u00e9e europ\u00e9enne !"}]},{"@type":"WebSite","@id":"https:\/\/whatthefrance.org\/fr\/#website","url":"https:\/\/whatthefrance.org\/fr\/","name":"What the France","description":"The finest music made in France !","publisher":{"@id":"https:\/\/whatthefrance.org\/fr\/#organization"},"potentialAction":[{"@type":"SearchAction","target":{"@type":"EntryPoint","urlTemplate":"https:\/\/whatthefrance.org\/fr\/?s={search_term_string}"},"query-input":{"@type":"PropertyValueSpecification","valueRequired":true,"valueName":"search_term_string"}}],"inLanguage":"fr-FR"},{"@type":"Organization","@id":"https:\/\/whatthefrance.org\/fr\/#organization","name":"What The France","url":"https:\/\/whatthefrance.org\/fr\/","logo":{"@type":"ImageObject","inLanguage":"fr-FR","@id":"https:\/\/whatthefrance.org\/fr\/#\/schema\/logo\/image\/","url":"https:\/\/whatthefrance.org\/wp-content\/uploads\/2019\/12\/44688719_2251580388408837_694180218134331392_n-e1577679609190.png","contentUrl":"https:\/\/whatthefrance.org\/wp-content\/uploads\/2019\/12\/44688719_2251580388408837_694180218134331392_n-e1577679609190.png","width":200,"height":200,"caption":"What The France"},"image":{"@id":"https:\/\/whatthefrance.org\/fr\/#\/schema\/logo\/image\/"}},{"@type":"Person","@id":"https:\/\/whatthefrance.org\/fr\/#\/schema\/person\/3b7ea6fb70b536503b3e8c909c564a81","name":"Marie-Sophie Administrateur","image":{"@type":"ImageObject","inLanguage":"fr-FR","@id":"https:\/\/secure.gravatar.com\/avatar\/d57e4552c73c8713409cd3c2de53bdb5d220ebdd76dc7ba351b2dbae89f5afa9?s=96&d=mm&r=g","url":"https:\/\/secure.gravatar.com\/avatar\/d57e4552c73c8713409cd3c2de53bdb5d220ebdd76dc7ba351b2dbae89f5afa9?s=96&d=mm&r=g","contentUrl":"https:\/\/secure.gravatar.com\/avatar\/d57e4552c73c8713409cd3c2de53bdb5d220ebdd76dc7ba351b2dbae89f5afa9?s=96&d=mm&r=g","caption":"Marie-Sophie Administrateur"}}]}},"_links":{"self":[{"href":"https:\/\/whatthefrance.org\/fr\/wp-json\/wp\/v2\/posts\/44291","targetHints":{"allow":["GET"]}}],"collection":[{"href":"https:\/\/whatthefrance.org\/fr\/wp-json\/wp\/v2\/posts"}],"about":[{"href":"https:\/\/whatthefrance.org\/fr\/wp-json\/wp\/v2\/types\/post"}],"author":[{"embeddable":true,"href":"https:\/\/whatthefrance.org\/fr\/wp-json\/wp\/v2\/users\/6"}],"replies":[{"embeddable":true,"href":"https:\/\/whatthefrance.org\/fr\/wp-json\/wp\/v2\/comments?post=44291"}],"version-history":[{"count":4,"href":"https:\/\/whatthefrance.org\/fr\/wp-json\/wp\/v2\/posts\/44291\/revisions"}],"predecessor-version":[{"id":44361,"href":"https:\/\/whatthefrance.org\/fr\/wp-json\/wp\/v2\/posts\/44291\/revisions\/44361"}],"wp:attachment":[{"href":"https:\/\/whatthefrance.org\/fr\/wp-json\/wp\/v2\/media?parent=44291"}],"wp:term":[{"taxonomy":"category","embeddable":true,"href":"https:\/\/whatthefrance.org\/fr\/wp-json\/wp\/v2\/categories?post=44291"},{"taxonomy":"post_tag","embeddable":true,"href":"https:\/\/whatthefrance.org\/fr\/wp-json\/wp\/v2\/tags?post=44291"}],"curies":[{"name":"wp","href":"https:\/\/api.w.org\/{rel}","templated":true}]}}