{"id":44928,"date":"2022-07-26T17:17:49","date_gmt":"2022-07-26T15:17:49","guid":{"rendered":"https:\/\/whatthefrance.org\/?p=44928"},"modified":"2022-07-28T11:02:00","modified_gmt":"2022-07-28T09:02:00","slug":"chance-festival-2022-un-festival-100-francophone-dallemagne","status":"publish","type":"post","link":"https:\/\/whatthefrance.org\/fr\/chance-festival-2022-un-festival-100-francophone-dallemagne\/","title":{"rendered":"Chance Festival 2022 | Un festival 100% francophone d&rsquo;Allemagne"},"content":{"rendered":"<p><span class=\"em-orange\">La deuxi\u00e8me \u00e9dition du <a href=\"http:\/\/chance-festival.com\/\"><strong>Chance Festival<\/strong><\/a> c\u00e9l\u00e9brera la culture franco-allemande et le d\u00e9veloppement durable au Weltkunstzimmer \u00e0 D\u00fcsseldorf les 2 et 3 septembre 2022.\u00a0<\/span><\/p>\n<p>Des concerts en fran\u00e7ais ainsi que des conf\u00e9rences et des ateliers sur les th\u00e8mes de la durabilit\u00e9, de la parit\u00e9 hommes-femmes et de la diversit\u00e9 permettront de se projeter dans l&rsquo;avenir pendant tout un week-end. Le \u00ab\u00a0savoir-vivre\u00a0\u00bb fran\u00e7ais sera \u00e9galement \u00e0 l&rsquo;honneur en 2022 avec des snacks et des boissons typiques du pays : de nombreux stands de nourriture et de boissons serviront des sp\u00e9cialit\u00e9s fran\u00e7aises.<\/p>\n<p>Par ailleurs, des associations et des ONG fran\u00e7aises et allemandes \u0153uvrant pour le d\u00e9veloppement durable et la diversit\u00e9 se pr\u00e9senteront au \u00ab\u00a0Village des Initiatives\u00a0\u00bb sur le site du festival. L&rsquo;\u00e9quipe de What The France sera \u00e9galement pr\u00e9sente.<\/p>\n<h2>Le line-up<\/h2>\n<p><a href=\"https:\/\/www.instagram.com\/general_elektriks\/\"><img decoding=\"async\" class=\"wp-image-44818 size-thumbnail alignleft\" src=\"https:\/\/whatthefrance.org\/wp-content\/uploads\/2022\/07\/cadre-filtre-bleu-4-150x150.png\" alt=\"\" width=\"150\" height=\"150\" srcset=\"https:\/\/whatthefrance.org\/wp-content\/uploads\/2022\/07\/cadre-filtre-bleu-4-150x150.png 150w, https:\/\/whatthefrance.org\/wp-content\/uploads\/2022\/07\/cadre-filtre-bleu-4-300x300.png 300w, https:\/\/whatthefrance.org\/wp-content\/uploads\/2022\/07\/cadre-filtre-bleu-4-1024x1024.png 1024w, https:\/\/whatthefrance.org\/wp-content\/uploads\/2022\/07\/cadre-filtre-bleu-4-768x768.png 768w, https:\/\/whatthefrance.org\/wp-content\/uploads\/2022\/07\/cadre-filtre-bleu-4-452x452.png 452w, https:\/\/whatthefrance.org\/wp-content\/uploads\/2022\/07\/cadre-filtre-bleu-4-348x348.png 348w, https:\/\/whatthefrance.org\/wp-content\/uploads\/2022\/07\/cadre-filtre-bleu-4-254x254.png 254w, https:\/\/whatthefrance.org\/wp-content\/uploads\/2022\/07\/cadre-filtre-bleu-4-170x170.png 170w, https:\/\/whatthefrance.org\/wp-content\/uploads\/2022\/07\/cadre-filtre-bleu-4.png 1080w\" sizes=\"(max-width: 150px) 100vw, 150px\" \/><\/a>Le vendredi soir, 2 septembre 2022, c&rsquo;est le groupe fran\u00e7ais <a href=\"https:\/\/www.instagram.com\/general_elektriks\/\"><strong style=\"font-size: 1.6rem;\">GENERAL ELEKTRIKS <\/strong><\/a>qui ouvrira le bal. L&rsquo;\u00e9lectro-pop funky ainsi que le show sc\u00e9nique entra\u00eenant transmettent une \u00e9nergie incroyable aux spectateurs. Du haut de ses claviers, il pratique un syncr\u00e9tisme de haut vol entre funk, pop et \u00e9lectro, avec en t\u00eate l&rsquo;id\u00e9e d&rsquo;un melting-pot musical alchimique et le d\u00e9sir de le partager avec les masses.<\/p>\n<p>&nbsp;<\/p>\n<p><a href=\"https:\/\/www.instagram.com\/olympe_et_cable\/\"><img decoding=\"async\" class=\"wp-image-44808 size-thumbnail alignright\" style=\"font-size: 1.6rem;\" src=\"https:\/\/whatthefrance.org\/wp-content\/uploads\/2022\/07\/cadre-filtre-bleu-2-150x150.png\" alt=\"\" width=\"150\" height=\"150\" srcset=\"https:\/\/whatthefrance.org\/wp-content\/uploads\/2022\/07\/cadre-filtre-bleu-2-150x150.png 150w, https:\/\/whatthefrance.org\/wp-content\/uploads\/2022\/07\/cadre-filtre-bleu-2-300x300.png 300w, https:\/\/whatthefrance.org\/wp-content\/uploads\/2022\/07\/cadre-filtre-bleu-2-1024x1024.png 1024w, https:\/\/whatthefrance.org\/wp-content\/uploads\/2022\/07\/cadre-filtre-bleu-2-768x768.png 768w, https:\/\/whatthefrance.org\/wp-content\/uploads\/2022\/07\/cadre-filtre-bleu-2-452x452.png 452w, https:\/\/whatthefrance.org\/wp-content\/uploads\/2022\/07\/cadre-filtre-bleu-2-348x348.png 348w, https:\/\/whatthefrance.org\/wp-content\/uploads\/2022\/07\/cadre-filtre-bleu-2-254x254.png 254w, https:\/\/whatthefrance.org\/wp-content\/uploads\/2022\/07\/cadre-filtre-bleu-2-170x170.png 170w, https:\/\/whatthefrance.org\/wp-content\/uploads\/2022\/07\/cadre-filtre-bleu-2.png 1080w\" sizes=\"(max-width: 150px) 100vw, 150px\" \/><\/a>La journ\u00e9e de samedi d\u00e9butera \u00e0 14h45 avec <a href=\"https:\/\/www.instagram.com\/olympe_et_cable\/\"><strong>Olympe Chabert<\/strong><\/a>, 23 ans, qui s&rsquo;est fait conna\u00eetre en 2018 gr\u00e2ce au collectif de rappeurs Columbine. Olympe Chabert est appr\u00e9ci\u00e9e pour ses reprises singuli\u00e8res de rap fran\u00e7ais. Aujourd&rsquo;hui, elle d\u00e9voile ses propres compositions et donne son premier concert en Allemagne.<\/p>\n<p>&nbsp;<\/p>\n<p><a href=\"https:\/\/www.instagram.com\/djeuhdjoah_et_lt_nicholson\/\"><img decoding=\"async\" class=\"wp-image-44798 size-thumbnail alignleft\" style=\"font-size: 1.6rem;\" src=\"https:\/\/whatthefrance.org\/wp-content\/uploads\/2022\/07\/cadre-filtre-bleu-5-150x150.png\" alt=\"\" width=\"150\" height=\"150\" srcset=\"https:\/\/whatthefrance.org\/wp-content\/uploads\/2022\/07\/cadre-filtre-bleu-5-150x150.png 150w, https:\/\/whatthefrance.org\/wp-content\/uploads\/2022\/07\/cadre-filtre-bleu-5-300x300.png 300w, https:\/\/whatthefrance.org\/wp-content\/uploads\/2022\/07\/cadre-filtre-bleu-5-1024x1024.png 1024w, https:\/\/whatthefrance.org\/wp-content\/uploads\/2022\/07\/cadre-filtre-bleu-5-768x768.png 768w, https:\/\/whatthefrance.org\/wp-content\/uploads\/2022\/07\/cadre-filtre-bleu-5-452x452.png 452w, https:\/\/whatthefrance.org\/wp-content\/uploads\/2022\/07\/cadre-filtre-bleu-5-348x348.png 348w, https:\/\/whatthefrance.org\/wp-content\/uploads\/2022\/07\/cadre-filtre-bleu-5-254x254.png 254w, https:\/\/whatthefrance.org\/wp-content\/uploads\/2022\/07\/cadre-filtre-bleu-5-170x170.png 170w, https:\/\/whatthefrance.org\/wp-content\/uploads\/2022\/07\/cadre-filtre-bleu-5.png 1080w\" sizes=\"(max-width: 150px) 100vw, 150px\" \/><\/a>Le deuxi\u00e8me acte \u00e0 16 heures est le duo franco-afro-europ\u00e9en <a href=\"https:\/\/www.instagram.com\/djeuhdjoah_et_lt_nicholson\/\"><strong>DJEUHDJOAH &amp; LIEUTENANT NICHOLSON<\/strong><\/a>. DJEUHDJOAH &amp; LIEUTENANT NICHOLSON cr\u00e9e une nouvelle vibe avec des sons fran\u00e7ais et les m\u00e9lange avec du jazz, de l&rsquo;afrobeat, de l&rsquo;\u00e9lectronique et de la soul.<\/p>\n<p>&nbsp;<\/p>\n<p><a href=\"https:\/\/www.instagram.com\/pierredemaere\/\"><img decoding=\"async\" class=\"wp-image-44803 size-thumbnail alignright\" style=\"font-size: 1.6rem;\" src=\"https:\/\/whatthefrance.org\/wp-content\/uploads\/2022\/07\/cadre-filtre-bleu-150x150.png\" alt=\"\" width=\"150\" height=\"150\" srcset=\"https:\/\/whatthefrance.org\/wp-content\/uploads\/2022\/07\/cadre-filtre-bleu-150x150.png 150w, https:\/\/whatthefrance.org\/wp-content\/uploads\/2022\/07\/cadre-filtre-bleu-300x300.png 300w, https:\/\/whatthefrance.org\/wp-content\/uploads\/2022\/07\/cadre-filtre-bleu-1024x1024.png 1024w, https:\/\/whatthefrance.org\/wp-content\/uploads\/2022\/07\/cadre-filtre-bleu-768x768.png 768w, https:\/\/whatthefrance.org\/wp-content\/uploads\/2022\/07\/cadre-filtre-bleu-452x452.png 452w, https:\/\/whatthefrance.org\/wp-content\/uploads\/2022\/07\/cadre-filtre-bleu-348x348.png 348w, https:\/\/whatthefrance.org\/wp-content\/uploads\/2022\/07\/cadre-filtre-bleu-254x254.png 254w, https:\/\/whatthefrance.org\/wp-content\/uploads\/2022\/07\/cadre-filtre-bleu-170x170.png 170w, https:\/\/whatthefrance.org\/wp-content\/uploads\/2022\/07\/cadre-filtre-bleu.png 1080w\" sizes=\"(max-width: 150px) 100vw, 150px\" \/><\/a><a href=\"https:\/\/www.instagram.com\/pierredemaere\/\"><strong>Pierre de Maere<\/strong><\/a> est la star montante en Belgique. Avec son look de dandy, Pierre de Maere r\u00e9ussit \u00e0 \u00eatre \u00e0 la fois tout \u00e0 fait contemporain et totalement unique. \u00c0 l&rsquo;instar de ses idoles &#8211; Stromae, David Bowie, Lady Gaga, entre autres &#8211; on reconna\u00eet d\u00e9j\u00e0 chez lui une personnalit\u00e9 unique, capable de se transformer et de se renouveler \u00e0 volont\u00e9.<\/p>\n<p>&nbsp;<\/p>\n<p><a href=\"https:\/\/www.instagram.com\/lucieelisajuliette\/\"><img decoding=\"async\" class=\"wp-image-44813 size-thumbnail alignleft\" style=\"font-size: 1.6rem;\" src=\"https:\/\/whatthefrance.org\/wp-content\/uploads\/2022\/07\/cadre-filtre-bleu-3-150x150.png\" alt=\"\" width=\"150\" height=\"150\" srcset=\"https:\/\/whatthefrance.org\/wp-content\/uploads\/2022\/07\/cadre-filtre-bleu-3-150x150.png 150w, https:\/\/whatthefrance.org\/wp-content\/uploads\/2022\/07\/cadre-filtre-bleu-3-300x300.png 300w, https:\/\/whatthefrance.org\/wp-content\/uploads\/2022\/07\/cadre-filtre-bleu-3-1024x1024.png 1024w, https:\/\/whatthefrance.org\/wp-content\/uploads\/2022\/07\/cadre-filtre-bleu-3-768x768.png 768w, https:\/\/whatthefrance.org\/wp-content\/uploads\/2022\/07\/cadre-filtre-bleu-3-452x452.png 452w, https:\/\/whatthefrance.org\/wp-content\/uploads\/2022\/07\/cadre-filtre-bleu-3-348x348.png 348w, https:\/\/whatthefrance.org\/wp-content\/uploads\/2022\/07\/cadre-filtre-bleu-3-254x254.png 254w, https:\/\/whatthefrance.org\/wp-content\/uploads\/2022\/07\/cadre-filtre-bleu-3-170x170.png 170w, https:\/\/whatthefrance.org\/wp-content\/uploads\/2022\/07\/cadre-filtre-bleu-3.png 1080w\" sizes=\"(max-width: 150px) 100vw, 150px\" \/><\/a><\/p>\n<p>Le trio f\u00e9minin <a href=\"https:\/\/www.instagram.com\/lucieelisajuliette\/\"><strong> L.E.J.<\/strong><\/a> sera sur sc\u00e8ne \u00e0 20h45. Oscille entre la pop et le reggaeton, la chanson fran\u00e7aise et l&rsquo;\u00e9lectro-pop festive. \u00a0L&rsquo;accomplissement de cinq ans dans le m\u00e9tier, deux d\u00e9cennies en tant que musiciens et un quart de si\u00e8cle en tant qu&rsquo;amis. Elles jouent aussi bien dans les salles les plus embl\u00e9matiques de Paris, de l&rsquo;Olympia \u00e0 la Cigale, que dans les plus grands festivals fran\u00e7ais.<\/p>\n<p>&nbsp;<\/p>\n<div class=\"playListBloc singleBloc\"><div class=\"playListBloc-wrap\">    <div class=\"thumbnail\"><img data-src=\"https:\/\/whatthefrance.org\/wp-content\/uploads\/2022\/07\/WTF-Cover-Events_chance_2022-254x254.jpg\" class=\"lazyload\" alt=\"WTF&#8212;Cover-Events_chance_2022\" \/>    <\/div>    <div class=\"infos\">        <span class=\"tag\">Events<\/span>        <h2>Chance Festival 2022 by What the France<\/h2>        <span class=\"separator\"><\/span>       <span class=\"desc\">A selection of made in France soundtracks presented at Chance Festival in 2022.<\/span><div class=\"share flex flexAlignCenter \">\t<span class=\"label\">Partager<\/span>\t<a href=\"https:\/\/www.facebook.com\/sharer\/sharer.php?u=https:\/\/whatthefrance.org\/fr\/playlists\/chance-festival-2022-by-what-the-france\/\" class=\"facebook\" target=\"_blank\" rel=\"noreferrer\">Facebook<\/a>\t<a href=\"https:\/\/twitter.com\/intent\/tweet?url=https:\/\/whatthefrance.org\/fr\/playlists\/chance-festival-2022-by-what-the-france\/&text=Chance+Festival+2022+by+What+the+France&hashtags=WTF\" class=\"twitter\" target=\"_blank\" rel=\"noreferrer\">Twitter<\/a>\t<a href=\"mailto:?subject=What%20the%20France%20%3A%20Chance%20Festival%202022%20by%20What%20the%20France&body=https:\/\/whatthefrance.org\/fr\/playlists\/chance-festival-2022-by-what-the-france\/\" class=\"mail\" target=\"_blank\" rel=\"noreferrer\">Email<\/a><\/div>        <a href=\"#\" class=\"btn btnPlaylist orange playlist-click\" data-id=\"44937\">            <svg version=\"1.1\" x=\"0px\" y=\"0px\" width=\"40px\" height=\"40px\" viewBox=\"0 0 213.7 213.7\" enable-background=\"new 0 0 213.7 213.7\" xml:space=\"preserve\">                <polygon class=\"triangle\" fill=\"none\" stroke-width=\"10\" stroke-linecap=\"round\" stroke-linejoin=\"round\" stroke-miterlimit=\"10\" points=\"\n            73.5,62.5 148.5,105.8 73.5,149.1 \"\/>                <circle class=\"circle\" fill=\"none\"  stroke-width=\"8\" stroke-linecap=\"round\" stroke-linejoin=\"round\" stroke-miterlimit=\"10\" cx=\"106.8\" cy=\"106.8\" r=\"103.3\"\/>                <circle class=\"circle-white\" fill=\"none\"  stroke-width=\"8\" stroke-linecap=\"round\" stroke-linejoin=\"round\" stroke-miterlimit=\"10\" cx=\"106.8\" cy=\"106.8\" r=\"103.3\"\/>            <\/svg>Ecouter        <\/a>    <\/div>  <\/div><\/div>\n<div class=\"gigs-item insered-gigs\">    <div class=\"artist\">        <span class=\"title\">General Elektriks - Electronic        <\/span>        <span class=\"date\">Sep 02, 2022        <\/span>    <\/div>    <div class=\"place\">        <a href=\"https:\/\/www.google.fr\/maps?q=Weltkunstzimmer+D\u00fcsseldorf+Germany\" class=\"title\" target=\"_blank\" rel=\"noreferrer\">Weltkunstzimmer<\/a>        <span class=\"city\">D\u00fcsseldorf, Germany<\/span>   <\/div>    <div class=\"links\"><a href=\"http:\/\/chance-festival.com\/\" class=\"website\" target=\"_blank\" rel=\"noreferrer\">Site du festival<\/a><a href=\"https:\/\/www.youtube.com\/watch?v=p5x7yBYDu5M\" class=\"video\" target=\"_blank\" rel=\"noreferrer\">Voir la vid\u00e9o<\/a>    <\/div>   <div class=\"button flex flexAlignCenter\"><a href=\"https:\/\/www.westticket.de\/chance+festival-tickets-3671\/?evlid=151487&referer_info=SERGE_NINA&tId=&pageId=3671\" class=\"btn flex flexAlignCenter\" target=\"_blank\" rel=\"noreferrer\">Acheter des billets<\/a>    <\/div><\/div>\n<div class=\"gigs-item insered-gigs\">    <div class=\"artist\">        <span class=\"title\">Olympe Chabert - Rap        <\/span>        <span class=\"date\">Sep 03, 2022        <\/span>    <\/div>    <div class=\"place\">        <a href=\"https:\/\/www.google.fr\/maps?q=Weltkunstzimmer+D\u00fcsseldorf+Germany\" class=\"title\" target=\"_blank\" rel=\"noreferrer\">Weltkunstzimmer<\/a>        <span class=\"city\">D\u00fcsseldorf, Germany<\/span>   <\/div>    <div class=\"links\"><a href=\"http:\/\/chance-festival.com\/\" class=\"website\" target=\"_blank\" rel=\"noreferrer\">Site du festival<\/a><a href=\"https:\/\/www.youtube.com\/watch?v=TETcuAF3U-g\" class=\"video\" target=\"_blank\" rel=\"noreferrer\">Voir la vid\u00e9o<\/a>    <\/div>   <div class=\"button flex flexAlignCenter\"><a href=\"https:\/\/www.westticket.de\/chance+festival-tickets-3671\/?evlid=151487&referer_info=SERGE_NINA&tId=&pageId=3671\" class=\"btn flex flexAlignCenter\" target=\"_blank\" rel=\"noreferrer\">Acheter des billets<\/a>    <\/div><\/div>\n<div class=\"gigs-item insered-gigs\">    <div class=\"artist\">        <span class=\"title\">Djeuhjoah &amp; Lieutenant Nicholson - Pop        <\/span>        <span class=\"date\">Sep 03, 2022        <\/span>    <\/div>    <div class=\"place\">        <a href=\"https:\/\/www.google.fr\/maps?q=Weltkunstzimmer+D\u00fcsseldorf+Germany\" class=\"title\" target=\"_blank\" rel=\"noreferrer\">Weltkunstzimmer<\/a>        <span class=\"city\">D\u00fcsseldorf, Germany<\/span>   <\/div>    <div class=\"links\"><a href=\"http:\/\/chance-festival.com\/\" class=\"website\" target=\"_blank\" rel=\"noreferrer\">Site du festival<\/a><a href=\"https:\/\/www.youtube.com\/watch?v=69ReI8vFHjM\" class=\"video\" target=\"_blank\" rel=\"noreferrer\">Voir la vid\u00e9o<\/a>    <\/div>   <div class=\"button flex flexAlignCenter\"><a href=\"https:\/\/www.westticket.de\/chance+festival-tickets-3671\/?evlid=151487&referer_info=SERGE_NINA&tId=&pageId=3671\" class=\"btn flex flexAlignCenter\" target=\"_blank\" rel=\"noreferrer\">Acheter des billets<\/a>    <\/div><\/div>\n<div class=\"gigs-item insered-gigs\">    <div class=\"artist\">        <span class=\"title\">Pierre de Maere - Pop        <\/span>        <span class=\"date\">Sep 03, 2022        <\/span>    <\/div>    <div class=\"place\">        <a href=\"https:\/\/www.google.fr\/maps?q=Weltkunstzimmer+D\u00fcsseldorf+Germany\" class=\"title\" target=\"_blank\" rel=\"noreferrer\">Weltkunstzimmer<\/a>        <span class=\"city\">D\u00fcsseldorf, Germany<\/span>   <\/div>    <div class=\"links\"><a href=\"http:\/\/chance-festival.com\/\" class=\"website\" target=\"_blank\" rel=\"noreferrer\">Site du festival<\/a><a href=\"https:\/\/www.youtube.com\/watch?v=6ZRlNI6B-f8\" class=\"video\" target=\"_blank\" rel=\"noreferrer\">Voir la vid\u00e9o<\/a>    <\/div>   <div class=\"button flex flexAlignCenter\"><a href=\"https:\/\/www.westticket.de\/chance+festival-tickets-3671\/?evlid=151487&referer_info=SERGE_NINA&tId=&pageId=3671\" class=\"btn flex flexAlignCenter\" target=\"_blank\" rel=\"noreferrer\">Acheter des billets<\/a>    <\/div><\/div>\n<div class=\"gigs-item insered-gigs\">    <div class=\"artist\">        <span class=\"title\">Pierre de Maere - Pop        <\/span>        <span class=\"date\">Sep 03, 2022        <\/span>    <\/div>    <div class=\"place\">        <a href=\"https:\/\/www.google.fr\/maps?q=Weltkunstzimmer+D\u00fcsseldorf+Germany\" class=\"title\" target=\"_blank\" rel=\"noreferrer\">Weltkunstzimmer<\/a>        <span class=\"city\">D\u00fcsseldorf, Germany<\/span>   <\/div>    <div class=\"links\"><a href=\"http:\/\/chance-festival.com\/\" class=\"website\" target=\"_blank\" rel=\"noreferrer\">Site du festival<\/a><a href=\"https:\/\/www.youtube.com\/watch?v=6ZRlNI6B-f8\" class=\"video\" target=\"_blank\" rel=\"noreferrer\">Voir la vid\u00e9o<\/a>    <\/div>   <div class=\"button flex flexAlignCenter\"><a href=\"https:\/\/www.westticket.de\/chance+festival-tickets-3671\/?evlid=151487&referer_info=SERGE_NINA&tId=&pageId=3671\" class=\"btn flex flexAlignCenter\" target=\"_blank\" rel=\"noreferrer\">Acheter des billets<\/a>    <\/div><\/div>\n","protected":false},"excerpt":{"rendered":"<p>La deuxi\u00e8me \u00e9dition du Chance Festival c\u00e9l\u00e9brera la culture franco-allemande et le d\u00e9veloppement durable au Weltkunstzimmer \u00e0 D\u00fcsseldorf les 2 et 3 septembre 2022.\u00a0 Des concerts en fran\u00e7ais ainsi que des conf\u00e9rences et des ateliers sur les th\u00e8mes de la durabilit\u00e9, de la parit\u00e9 hommes-femmes et de la diversit\u00e9 permettront de se projeter dans l&rsquo;avenir [&hellip;]<\/p>\n","protected":false},"author":6,"featured_media":0,"comment_status":"closed","ping_status":"closed","sticky":false,"template":"","format":"standard","meta":{"_acf_changed":false,"footnotes":""},"categories":[2768],"tags":[307,311,323,340,346,357],"class_list":["post-44928","post","type-post","status-publish","format-standard","hentry","category-concours-fr","tag-chanson-fr","tag-contemporary-fr","tag-electronic-fr","tag-pop-fr","tag-rap-fr","tag-urban-fr"],"acf":[],"yoast_head":"<!-- This site is optimized with the Yoast SEO plugin v27.3 - https:\/\/yoast.com\/product\/yoast-seo-wordpress\/ -->\n<title>Chance Festival 2022 | Un festival 100% francophone d&#039;Allemagne - What the France<\/title>\n<meta name=\"robots\" content=\"index, follow, max-snippet:-1, max-image-preview:large, max-video-preview:-1\" \/>\n<link rel=\"canonical\" href=\"https:\/\/whatthefrance.org\/fr\/chance-festival-2022-un-festival-100-francophone-dallemagne\/\" \/>\n<meta property=\"og:locale\" content=\"fr_FR\" \/>\n<meta property=\"og:type\" content=\"article\" \/>\n<meta property=\"og:title\" content=\"Chance Festival 2022 | Un festival 100% francophone d&#039;Allemagne - What the France\" \/>\n<meta property=\"og:description\" content=\"La deuxi\u00e8me \u00e9dition du Chance Festival c\u00e9l\u00e9brera la culture franco-allemande et le d\u00e9veloppement durable au Weltkunstzimmer \u00e0 D\u00fcsseldorf les 2 et 3 septembre 2022.\u00a0 Des concerts en fran\u00e7ais ainsi que des conf\u00e9rences et des ateliers sur les th\u00e8mes de la durabilit\u00e9, de la parit\u00e9 hommes-femmes et de la diversit\u00e9 permettront de se projeter dans l&rsquo;avenir [&hellip;]\" \/>\n<meta property=\"og:url\" content=\"https:\/\/whatthefrance.org\/fr\/chance-festival-2022-un-festival-100-francophone-dallemagne\/\" \/>\n<meta property=\"og:site_name\" content=\"What the France\" \/>\n<meta property=\"article:published_time\" content=\"2022-07-26T15:17:49+00:00\" \/>\n<meta property=\"article:modified_time\" content=\"2022-07-28T09:02:00+00:00\" \/>\n<meta property=\"og:image\" content=\"https:\/\/whatthefrance.org\/wp-content\/uploads\/2022\/07\/chance-festival_what_the_france_cover.png\" \/>\n\t<meta property=\"og:image:width\" content=\"1084\" \/>\n\t<meta property=\"og:image:height\" content=\"452\" \/><meta property=\"og:image\" content=\"https:\/\/whatthefrance.org\/wp-content\/uploads\/2022\/07\/cadre-filtre-bleu-4-150x150.png\" \/>\n<meta name=\"author\" content=\"Marie-Sophie Administrateur\" \/>\n<meta name=\"twitter:card\" content=\"summary_large_image\" \/>\n<meta name=\"twitter:label1\" content=\"\u00c9crit par\" \/>\n\t<meta name=\"twitter:data1\" content=\"Marie-Sophie Administrateur\" \/>\n\t<meta name=\"twitter:label2\" content=\"Dur\u00e9e de lecture estim\u00e9e\" \/>\n\t<meta name=\"twitter:data2\" content=\"3 minutes\" \/>\n<script type=\"application\/ld+json\" class=\"yoast-schema-graph\">{\"@context\":\"https:\\\/\\\/schema.org\",\"@graph\":[{\"@type\":\"Article\",\"@id\":\"https:\\\/\\\/whatthefrance.org\\\/fr\\\/chance-festival-2022-un-festival-100-francophone-dallemagne\\\/#article\",\"isPartOf\":{\"@id\":\"https:\\\/\\\/whatthefrance.org\\\/fr\\\/chance-festival-2022-un-festival-100-francophone-dallemagne\\\/\"},\"author\":{\"name\":\"Marie-Sophie Administrateur\",\"@id\":\"https:\\\/\\\/whatthefrance.org\\\/fr\\\/#\\\/schema\\\/person\\\/3b7ea6fb70b536503b3e8c909c564a81\"},\"headline\":\"Chance Festival 2022 | Un festival 100% francophone d&rsquo;Allemagne\",\"datePublished\":\"2022-07-26T15:17:49+00:00\",\"dateModified\":\"2022-07-28T09:02:00+00:00\",\"mainEntityOfPage\":{\"@id\":\"https:\\\/\\\/whatthefrance.org\\\/fr\\\/chance-festival-2022-un-festival-100-francophone-dallemagne\\\/\"},\"wordCount\":479,\"publisher\":{\"@id\":\"https:\\\/\\\/whatthefrance.org\\\/fr\\\/#organization\"},\"image\":{\"@id\":\"https:\\\/\\\/whatthefrance.org\\\/fr\\\/chance-festival-2022-un-festival-100-francophone-dallemagne\\\/#primaryimage\"},\"thumbnailUrl\":\"https:\\\/\\\/whatthefrance.org\\\/wp-content\\\/uploads\\\/2022\\\/07\\\/cadre-filtre-bleu-4-150x150.png\",\"keywords\":[\"Chanson\",\"Contemporary\",\"Electronic\",\"Pop\",\"Rap\",\"Urban\"],\"articleSection\":[\"Concours\"],\"inLanguage\":\"fr-FR\"},{\"@type\":\"WebPage\",\"@id\":\"https:\\\/\\\/whatthefrance.org\\\/fr\\\/chance-festival-2022-un-festival-100-francophone-dallemagne\\\/\",\"url\":\"https:\\\/\\\/whatthefrance.org\\\/fr\\\/chance-festival-2022-un-festival-100-francophone-dallemagne\\\/\",\"name\":\"Chance Festival 2022 | Un festival 100% francophone d'Allemagne - What the France\",\"isPartOf\":{\"@id\":\"https:\\\/\\\/whatthefrance.org\\\/fr\\\/#website\"},\"primaryImageOfPage\":{\"@id\":\"https:\\\/\\\/whatthefrance.org\\\/fr\\\/chance-festival-2022-un-festival-100-francophone-dallemagne\\\/#primaryimage\"},\"image\":{\"@id\":\"https:\\\/\\\/whatthefrance.org\\\/fr\\\/chance-festival-2022-un-festival-100-francophone-dallemagne\\\/#primaryimage\"},\"thumbnailUrl\":\"https:\\\/\\\/whatthefrance.org\\\/wp-content\\\/uploads\\\/2022\\\/07\\\/cadre-filtre-bleu-4-150x150.png\",\"datePublished\":\"2022-07-26T15:17:49+00:00\",\"dateModified\":\"2022-07-28T09:02:00+00:00\",\"breadcrumb\":{\"@id\":\"https:\\\/\\\/whatthefrance.org\\\/fr\\\/chance-festival-2022-un-festival-100-francophone-dallemagne\\\/#breadcrumb\"},\"inLanguage\":\"fr-FR\",\"potentialAction\":[{\"@type\":\"ReadAction\",\"target\":[\"https:\\\/\\\/whatthefrance.org\\\/fr\\\/chance-festival-2022-un-festival-100-francophone-dallemagne\\\/\"]}]},{\"@type\":\"ImageObject\",\"inLanguage\":\"fr-FR\",\"@id\":\"https:\\\/\\\/whatthefrance.org\\\/fr\\\/chance-festival-2022-un-festival-100-francophone-dallemagne\\\/#primaryimage\",\"url\":\"https:\\\/\\\/whatthefrance.org\\\/wp-content\\\/uploads\\\/2022\\\/07\\\/cadre-filtre-bleu-4-150x150.png\",\"contentUrl\":\"https:\\\/\\\/whatthefrance.org\\\/wp-content\\\/uploads\\\/2022\\\/07\\\/cadre-filtre-bleu-4-150x150.png\"},{\"@type\":\"BreadcrumbList\",\"@id\":\"https:\\\/\\\/whatthefrance.org\\\/fr\\\/chance-festival-2022-un-festival-100-francophone-dallemagne\\\/#breadcrumb\",\"itemListElement\":[{\"@type\":\"ListItem\",\"position\":1,\"name\":\"Home\",\"item\":\"https:\\\/\\\/whatthefrance.org\\\/fr\\\/\"},{\"@type\":\"ListItem\",\"position\":2,\"name\":\"Chance Festival 2022 | Un festival 100% francophone d&#8217;Allemagne\"}]},{\"@type\":\"WebSite\",\"@id\":\"https:\\\/\\\/whatthefrance.org\\\/fr\\\/#website\",\"url\":\"https:\\\/\\\/whatthefrance.org\\\/fr\\\/\",\"name\":\"What the France\",\"description\":\"The finest music made in France !\",\"publisher\":{\"@id\":\"https:\\\/\\\/whatthefrance.org\\\/fr\\\/#organization\"},\"potentialAction\":[{\"@type\":\"SearchAction\",\"target\":{\"@type\":\"EntryPoint\",\"urlTemplate\":\"https:\\\/\\\/whatthefrance.org\\\/fr\\\/?s={search_term_string}\"},\"query-input\":{\"@type\":\"PropertyValueSpecification\",\"valueRequired\":true,\"valueName\":\"search_term_string\"}}],\"inLanguage\":\"fr-FR\"},{\"@type\":\"Organization\",\"@id\":\"https:\\\/\\\/whatthefrance.org\\\/fr\\\/#organization\",\"name\":\"What The France\",\"url\":\"https:\\\/\\\/whatthefrance.org\\\/fr\\\/\",\"logo\":{\"@type\":\"ImageObject\",\"inLanguage\":\"fr-FR\",\"@id\":\"https:\\\/\\\/whatthefrance.org\\\/fr\\\/#\\\/schema\\\/logo\\\/image\\\/\",\"url\":\"https:\\\/\\\/whatthefrance.org\\\/wp-content\\\/uploads\\\/2019\\\/12\\\/44688719_2251580388408837_694180218134331392_n-e1577679609190.png\",\"contentUrl\":\"https:\\\/\\\/whatthefrance.org\\\/wp-content\\\/uploads\\\/2019\\\/12\\\/44688719_2251580388408837_694180218134331392_n-e1577679609190.png\",\"width\":200,\"height\":200,\"caption\":\"What The France\"},\"image\":{\"@id\":\"https:\\\/\\\/whatthefrance.org\\\/fr\\\/#\\\/schema\\\/logo\\\/image\\\/\"}},{\"@type\":\"Person\",\"@id\":\"https:\\\/\\\/whatthefrance.org\\\/fr\\\/#\\\/schema\\\/person\\\/3b7ea6fb70b536503b3e8c909c564a81\",\"name\":\"Marie-Sophie Administrateur\",\"image\":{\"@type\":\"ImageObject\",\"inLanguage\":\"fr-FR\",\"@id\":\"https:\\\/\\\/secure.gravatar.com\\\/avatar\\\/d57e4552c73c8713409cd3c2de53bdb5d220ebdd76dc7ba351b2dbae89f5afa9?s=96&d=mm&r=g\",\"url\":\"https:\\\/\\\/secure.gravatar.com\\\/avatar\\\/d57e4552c73c8713409cd3c2de53bdb5d220ebdd76dc7ba351b2dbae89f5afa9?s=96&d=mm&r=g\",\"contentUrl\":\"https:\\\/\\\/secure.gravatar.com\\\/avatar\\\/d57e4552c73c8713409cd3c2de53bdb5d220ebdd76dc7ba351b2dbae89f5afa9?s=96&d=mm&r=g\",\"caption\":\"Marie-Sophie Administrateur\"}}]}<\/script>\n<!-- \/ Yoast SEO plugin. -->","yoast_head_json":{"title":"Chance Festival 2022 | Un festival 100% francophone d'Allemagne - What the France","robots":{"index":"index","follow":"follow","max-snippet":"max-snippet:-1","max-image-preview":"max-image-preview:large","max-video-preview":"max-video-preview:-1"},"canonical":"https:\/\/whatthefrance.org\/fr\/chance-festival-2022-un-festival-100-francophone-dallemagne\/","og_locale":"fr_FR","og_type":"article","og_title":"Chance Festival 2022 | Un festival 100% francophone d'Allemagne - What the France","og_description":"La deuxi\u00e8me \u00e9dition du Chance Festival c\u00e9l\u00e9brera la culture franco-allemande et le d\u00e9veloppement durable au Weltkunstzimmer \u00e0 D\u00fcsseldorf les 2 et 3 septembre 2022.\u00a0 Des concerts en fran\u00e7ais ainsi que des conf\u00e9rences et des ateliers sur les th\u00e8mes de la durabilit\u00e9, de la parit\u00e9 hommes-femmes et de la diversit\u00e9 permettront de se projeter dans l&rsquo;avenir [&hellip;]","og_url":"https:\/\/whatthefrance.org\/fr\/chance-festival-2022-un-festival-100-francophone-dallemagne\/","og_site_name":"What the France","article_published_time":"2022-07-26T15:17:49+00:00","article_modified_time":"2022-07-28T09:02:00+00:00","og_image":[{"url":"https:\/\/whatthefrance.org\/wp-content\/uploads\/2022\/07\/chance-festival_what_the_france_cover.png","height":452,"width":1084,"type":""},{"url":"https:\/\/whatthefrance.org\/wp-content\/uploads\/2022\/07\/cadre-filtre-bleu-4-150x150.png","type":"","width":"","height":""}],"author":"Marie-Sophie Administrateur","twitter_card":"summary_large_image","twitter_misc":{"\u00c9crit par":"Marie-Sophie Administrateur","Dur\u00e9e de lecture estim\u00e9e":"3 minutes"},"schema":{"@context":"https:\/\/schema.org","@graph":[{"@type":"Article","@id":"https:\/\/whatthefrance.org\/fr\/chance-festival-2022-un-festival-100-francophone-dallemagne\/#article","isPartOf":{"@id":"https:\/\/whatthefrance.org\/fr\/chance-festival-2022-un-festival-100-francophone-dallemagne\/"},"author":{"name":"Marie-Sophie Administrateur","@id":"https:\/\/whatthefrance.org\/fr\/#\/schema\/person\/3b7ea6fb70b536503b3e8c909c564a81"},"headline":"Chance Festival 2022 | Un festival 100% francophone d&rsquo;Allemagne","datePublished":"2022-07-26T15:17:49+00:00","dateModified":"2022-07-28T09:02:00+00:00","mainEntityOfPage":{"@id":"https:\/\/whatthefrance.org\/fr\/chance-festival-2022-un-festival-100-francophone-dallemagne\/"},"wordCount":479,"publisher":{"@id":"https:\/\/whatthefrance.org\/fr\/#organization"},"image":{"@id":"https:\/\/whatthefrance.org\/fr\/chance-festival-2022-un-festival-100-francophone-dallemagne\/#primaryimage"},"thumbnailUrl":"https:\/\/whatthefrance.org\/wp-content\/uploads\/2022\/07\/cadre-filtre-bleu-4-150x150.png","keywords":["Chanson","Contemporary","Electronic","Pop","Rap","Urban"],"articleSection":["Concours"],"inLanguage":"fr-FR"},{"@type":"WebPage","@id":"https:\/\/whatthefrance.org\/fr\/chance-festival-2022-un-festival-100-francophone-dallemagne\/","url":"https:\/\/whatthefrance.org\/fr\/chance-festival-2022-un-festival-100-francophone-dallemagne\/","name":"Chance Festival 2022 | Un festival 100% francophone d'Allemagne - What the France","isPartOf":{"@id":"https:\/\/whatthefrance.org\/fr\/#website"},"primaryImageOfPage":{"@id":"https:\/\/whatthefrance.org\/fr\/chance-festival-2022-un-festival-100-francophone-dallemagne\/#primaryimage"},"image":{"@id":"https:\/\/whatthefrance.org\/fr\/chance-festival-2022-un-festival-100-francophone-dallemagne\/#primaryimage"},"thumbnailUrl":"https:\/\/whatthefrance.org\/wp-content\/uploads\/2022\/07\/cadre-filtre-bleu-4-150x150.png","datePublished":"2022-07-26T15:17:49+00:00","dateModified":"2022-07-28T09:02:00+00:00","breadcrumb":{"@id":"https:\/\/whatthefrance.org\/fr\/chance-festival-2022-un-festival-100-francophone-dallemagne\/#breadcrumb"},"inLanguage":"fr-FR","potentialAction":[{"@type":"ReadAction","target":["https:\/\/whatthefrance.org\/fr\/chance-festival-2022-un-festival-100-francophone-dallemagne\/"]}]},{"@type":"ImageObject","inLanguage":"fr-FR","@id":"https:\/\/whatthefrance.org\/fr\/chance-festival-2022-un-festival-100-francophone-dallemagne\/#primaryimage","url":"https:\/\/whatthefrance.org\/wp-content\/uploads\/2022\/07\/cadre-filtre-bleu-4-150x150.png","contentUrl":"https:\/\/whatthefrance.org\/wp-content\/uploads\/2022\/07\/cadre-filtre-bleu-4-150x150.png"},{"@type":"BreadcrumbList","@id":"https:\/\/whatthefrance.org\/fr\/chance-festival-2022-un-festival-100-francophone-dallemagne\/#breadcrumb","itemListElement":[{"@type":"ListItem","position":1,"name":"Home","item":"https:\/\/whatthefrance.org\/fr\/"},{"@type":"ListItem","position":2,"name":"Chance Festival 2022 | Un festival 100% francophone d&#8217;Allemagne"}]},{"@type":"WebSite","@id":"https:\/\/whatthefrance.org\/fr\/#website","url":"https:\/\/whatthefrance.org\/fr\/","name":"What the France","description":"The finest music made in France !","publisher":{"@id":"https:\/\/whatthefrance.org\/fr\/#organization"},"potentialAction":[{"@type":"SearchAction","target":{"@type":"EntryPoint","urlTemplate":"https:\/\/whatthefrance.org\/fr\/?s={search_term_string}"},"query-input":{"@type":"PropertyValueSpecification","valueRequired":true,"valueName":"search_term_string"}}],"inLanguage":"fr-FR"},{"@type":"Organization","@id":"https:\/\/whatthefrance.org\/fr\/#organization","name":"What The France","url":"https:\/\/whatthefrance.org\/fr\/","logo":{"@type":"ImageObject","inLanguage":"fr-FR","@id":"https:\/\/whatthefrance.org\/fr\/#\/schema\/logo\/image\/","url":"https:\/\/whatthefrance.org\/wp-content\/uploads\/2019\/12\/44688719_2251580388408837_694180218134331392_n-e1577679609190.png","contentUrl":"https:\/\/whatthefrance.org\/wp-content\/uploads\/2019\/12\/44688719_2251580388408837_694180218134331392_n-e1577679609190.png","width":200,"height":200,"caption":"What The France"},"image":{"@id":"https:\/\/whatthefrance.org\/fr\/#\/schema\/logo\/image\/"}},{"@type":"Person","@id":"https:\/\/whatthefrance.org\/fr\/#\/schema\/person\/3b7ea6fb70b536503b3e8c909c564a81","name":"Marie-Sophie Administrateur","image":{"@type":"ImageObject","inLanguage":"fr-FR","@id":"https:\/\/secure.gravatar.com\/avatar\/d57e4552c73c8713409cd3c2de53bdb5d220ebdd76dc7ba351b2dbae89f5afa9?s=96&d=mm&r=g","url":"https:\/\/secure.gravatar.com\/avatar\/d57e4552c73c8713409cd3c2de53bdb5d220ebdd76dc7ba351b2dbae89f5afa9?s=96&d=mm&r=g","contentUrl":"https:\/\/secure.gravatar.com\/avatar\/d57e4552c73c8713409cd3c2de53bdb5d220ebdd76dc7ba351b2dbae89f5afa9?s=96&d=mm&r=g","caption":"Marie-Sophie Administrateur"}}]}},"_links":{"self":[{"href":"https:\/\/whatthefrance.org\/fr\/wp-json\/wp\/v2\/posts\/44928","targetHints":{"allow":["GET"]}}],"collection":[{"href":"https:\/\/whatthefrance.org\/fr\/wp-json\/wp\/v2\/posts"}],"about":[{"href":"https:\/\/whatthefrance.org\/fr\/wp-json\/wp\/v2\/types\/post"}],"author":[{"embeddable":true,"href":"https:\/\/whatthefrance.org\/fr\/wp-json\/wp\/v2\/users\/6"}],"replies":[{"embeddable":true,"href":"https:\/\/whatthefrance.org\/fr\/wp-json\/wp\/v2\/comments?post=44928"}],"version-history":[{"count":5,"href":"https:\/\/whatthefrance.org\/fr\/wp-json\/wp\/v2\/posts\/44928\/revisions"}],"predecessor-version":[{"id":44978,"href":"https:\/\/whatthefrance.org\/fr\/wp-json\/wp\/v2\/posts\/44928\/revisions\/44978"}],"wp:attachment":[{"href":"https:\/\/whatthefrance.org\/fr\/wp-json\/wp\/v2\/media?parent=44928"}],"wp:term":[{"taxonomy":"category","embeddable":true,"href":"https:\/\/whatthefrance.org\/fr\/wp-json\/wp\/v2\/categories?post=44928"},{"taxonomy":"post_tag","embeddable":true,"href":"https:\/\/whatthefrance.org\/fr\/wp-json\/wp\/v2\/tags?post=44928"}],"curies":[{"name":"wp","href":"https:\/\/api.w.org\/{rel}","templated":true}]}}