{"id":4497,"date":"2019-02-18T14:44:44","date_gmt":"2019-02-18T13:44:44","guid":{"rendered":"https:\/\/whatthefrance.org\/?p=4497"},"modified":"2019-02-18T14:44:44","modified_gmt":"2019-02-18T13:44:44","slug":"aya-nakamura-une-des-30-personnalites-de-moins-de-30-ans-les-plus-prometteuses-deurope-selon-forbes","status":"publish","type":"post","link":"https:\/\/whatthefrance.org\/fr\/aya-nakamura-une-des-30-personnalites-de-moins-de-30-ans-les-plus-prometteuses-deurope-selon-forbes\/","title":{"rendered":"Aya Nakamura | Une des 30 personnalit\u00e9s de moins de 30 ans les plus prometteuses d\u2019Europe selon Forbes"},"content":{"rendered":"<p style=\"text-align: left;\" align=\"center\"><strong><a href=\"https:\/\/www.facebook.com\/Ayanakamuraa93\/\" target=\"_blank\" rel=\"noopener\">Aya Nakamura<\/a> <\/strong>a \u00e9t\u00e9 nomm\u00e9e sur la liste<strong><a href=\"https:\/\/www.forbes.com\/under30\/list\/2019\/europe\/entertainment\/#1d1fea901062\" target=\"_blank\" rel=\"noopener\"> Forbes des 30 personnalit\u00e9s de moins de 30 ans les plus prometteuses d\u2019Europe en 2019\u00a0<\/a><\/strong>\u00a0qui met en lumi\u00e8re la prochaine g\u00e9n\u00e9ration de talents &#8211; \u00ab\u00a0une collection de preneurs de risques audacieux qui apportent de nouvelles id\u00e9es en Europe\u00a0\u00bb.<\/p>\n<p style=\"text-align: left;\" align=\"center\"><img decoding=\"async\" class=\"size-medium wp-image-4362 aligncenter\" src=\"https:\/\/whatthefrance.org\/wp-content\/uploads\/2019\/02\/image003-3-280x300.jpg\" alt=\"\" width=\"280\" height=\"300\" srcset=\"https:\/\/whatthefrance.org\/wp-content\/uploads\/2019\/02\/image003-3-280x300.jpg 280w, https:\/\/whatthefrance.org\/wp-content\/uploads\/2019\/02\/image003-3-768x822.jpg 768w, https:\/\/whatthefrance.org\/wp-content\/uploads\/2019\/02\/image003-3.jpg 800w\" sizes=\"(max-width: 280px) 100vw, 280px\" \/><\/p>\n<p>Surtout connue pour sa chanson num\u00e9ro un <strong>\u00ab\u00a0Djadja\u00a0\u00bb<\/strong>, qui a plus de 300 millions de vues sur Youtube, la pop star franco-malienne Aya Nakamura s&rsquo;est hiss\u00e9e en t\u00eate des charts en m\u00e9langeant des sons urbains et afro-beats.<br \/>\nL&rsquo;ann\u00e9e derni\u00e8re, elle est devenue l&rsquo;artiste f\u00e9minine fran\u00e7aise la plus \u00e9cout\u00e9e en France &#8211; et dans le monde.<br \/>\nSon album \u00e9ponyme s&rsquo;est class\u00e9 parmi les dix meilleurs albums fran\u00e7ais, une premi\u00e8re pour une artiste f\u00e9minine.<\/p>\n<p>Retrouvez-la dans notre playlist \u00ab\u00a0Urbain A Go-Go\u00a0\u00bb :<\/p>\n<div class=\"playListBloc singleBloc\"><div class=\"playListBloc-wrap\">    <div class=\"thumbnail\"><img data-src=\"https:\/\/whatthefrance.org\/wp-content\/uploads\/2018\/11\/WTF-Pochettes_urban_7-254x254.jpg\" class=\"lazyload\" alt=\"WTF&#8212;Pochettes_urban_7\" \/>    <\/div>    <div class=\"infos\">        <span class=\"tag\">Genres<\/span>        <h2>Urban A Go-Go<\/h2>        <span class=\"separator\"><\/span>       <span class=\"desc\">Unleash the latest urban music hits made in France.<\/span><div class=\"share flex flexAlignCenter \">\t<span class=\"label\">Partager<\/span>\t<a href=\"https:\/\/www.facebook.com\/sharer\/sharer.php?u=https:\/\/whatthefrance.org\/fr\/playlists\/urban-a-go-go\/\" class=\"facebook\" target=\"_blank\" rel=\"noreferrer\">Facebook<\/a>\t<a href=\"https:\/\/twitter.com\/intent\/tweet?url=https:\/\/whatthefrance.org\/fr\/playlists\/urban-a-go-go\/&text=Urban+A+Go-Go&hashtags=WTF\" class=\"twitter\" target=\"_blank\" rel=\"noreferrer\">Twitter<\/a>\t<a href=\"mailto:?subject=What%20the%20France%20%3A%20Urban%20A%20Go-Go&body=https:\/\/whatthefrance.org\/fr\/playlists\/urban-a-go-go\/\" class=\"mail\" target=\"_blank\" rel=\"noreferrer\">Email<\/a><\/div>        <a href=\"#\" class=\"btn btnPlaylist orange playlist-click\" data-id=\"917\">            <svg version=\"1.1\" x=\"0px\" y=\"0px\" width=\"40px\" height=\"40px\" viewBox=\"0 0 213.7 213.7\" enable-background=\"new 0 0 213.7 213.7\" xml:space=\"preserve\">                <polygon class=\"triangle\" fill=\"none\" stroke-width=\"10\" stroke-linecap=\"round\" stroke-linejoin=\"round\" stroke-miterlimit=\"10\" points=\"\n            73.5,62.5 148.5,105.8 73.5,149.1 \"\/>                <circle class=\"circle\" fill=\"none\"  stroke-width=\"8\" stroke-linecap=\"round\" stroke-linejoin=\"round\" stroke-miterlimit=\"10\" cx=\"106.8\" cy=\"106.8\" r=\"103.3\"\/>                <circle class=\"circle-white\" fill=\"none\"  stroke-width=\"8\" stroke-linecap=\"round\" stroke-linejoin=\"round\" stroke-miterlimit=\"10\" cx=\"106.8\" cy=\"106.8\" r=\"103.3\"\/>            <\/svg>Ecouter        <\/a>    <\/div>  <\/div><\/div>\n<p>&nbsp;<\/p>\n","protected":false},"excerpt":{"rendered":"<p>Aya Nakamura a \u00e9t\u00e9 nomm\u00e9e sur la liste Forbes des 30 personnalit\u00e9s de moins de 30 ans les plus prometteuses d\u2019Europe en 2019\u00a0\u00a0qui met en lumi\u00e8re la prochaine g\u00e9n\u00e9ration de talents &#8211; \u00ab\u00a0une collection de preneurs de risques audacieux qui apportent de nouvelles id\u00e9es en Europe\u00a0\u00bb. Surtout connue pour sa chanson num\u00e9ro un \u00ab\u00a0Djadja\u00a0\u00bb, qui [&hellip;]<\/p>\n","protected":false},"author":6,"featured_media":0,"comment_status":"closed","ping_status":"closed","sticky":false,"template":"","format":"standard","meta":{"_acf_changed":false,"footnotes":""},"categories":[203],"tags":[340,357],"class_list":["post-4497","post","type-post","status-publish","format-standard","hentry","category-award-fr","tag-pop-fr","tag-urban-fr"],"acf":[],"yoast_head":"<!-- This site is optimized with the Yoast SEO plugin v27.3 - https:\/\/yoast.com\/product\/yoast-seo-wordpress\/ -->\n<title>Aya Nakamura | Une des 30 personnalit\u00e9s de moins de 30 ans les plus prometteuses d\u2019Europe selon Forbes - What the France<\/title>\n<meta name=\"robots\" content=\"index, follow, max-snippet:-1, max-image-preview:large, max-video-preview:-1\" \/>\n<link rel=\"canonical\" href=\"https:\/\/whatthefrance.org\/fr\/aya-nakamura-une-des-30-personnalites-de-moins-de-30-ans-les-plus-prometteuses-deurope-selon-forbes\/\" \/>\n<meta property=\"og:locale\" content=\"fr_FR\" \/>\n<meta property=\"og:type\" content=\"article\" \/>\n<meta property=\"og:title\" content=\"Aya Nakamura | Une des 30 personnalit\u00e9s de moins de 30 ans les plus prometteuses d\u2019Europe selon Forbes - What the France\" \/>\n<meta property=\"og:description\" content=\"Aya Nakamura a \u00e9t\u00e9 nomm\u00e9e sur la liste Forbes des 30 personnalit\u00e9s de moins de 30 ans les plus prometteuses d\u2019Europe en 2019\u00a0\u00a0qui met en lumi\u00e8re la prochaine g\u00e9n\u00e9ration de talents &#8211; \u00ab\u00a0une collection de preneurs de risques audacieux qui apportent de nouvelles id\u00e9es en Europe\u00a0\u00bb. Surtout connue pour sa chanson num\u00e9ro un \u00ab\u00a0Djadja\u00a0\u00bb, qui [&hellip;]\" \/>\n<meta property=\"og:url\" content=\"https:\/\/whatthefrance.org\/fr\/aya-nakamura-une-des-30-personnalites-de-moins-de-30-ans-les-plus-prometteuses-deurope-selon-forbes\/\" \/>\n<meta property=\"og:site_name\" content=\"What the France\" \/>\n<meta property=\"article:published_time\" content=\"2019-02-18T13:44:44+00:00\" \/>\n<meta property=\"og:image\" content=\"https:\/\/whatthefrance.org\/wp-content\/uploads\/2019\/02\/aya-nakamura-forbes-f86367-0@1x.jpeg\" \/>\n\t<meta property=\"og:image:width\" content=\"1280\" \/>\n\t<meta property=\"og:image:height\" content=\"720\" \/><meta property=\"og:image\" content=\"https:\/\/whatthefrance.org\/wp-content\/uploads\/2019\/02\/image003-3-280x300.jpg\" \/>\n<meta name=\"author\" content=\"Marie-Sophie Administrateur\" \/>\n<meta name=\"twitter:card\" content=\"summary_large_image\" \/>\n<meta name=\"twitter:label1\" content=\"\u00c9crit par\" \/>\n\t<meta name=\"twitter:data1\" content=\"Marie-Sophie Administrateur\" \/>\n\t<meta name=\"twitter:label2\" content=\"Dur\u00e9e de lecture estim\u00e9e\" \/>\n\t<meta name=\"twitter:data2\" content=\"1 minute\" \/>\n<script type=\"application\/ld+json\" class=\"yoast-schema-graph\">{\"@context\":\"https:\\\/\\\/schema.org\",\"@graph\":[{\"@type\":\"Article\",\"@id\":\"https:\\\/\\\/whatthefrance.org\\\/fr\\\/aya-nakamura-une-des-30-personnalites-de-moins-de-30-ans-les-plus-prometteuses-deurope-selon-forbes\\\/#article\",\"isPartOf\":{\"@id\":\"https:\\\/\\\/whatthefrance.org\\\/fr\\\/aya-nakamura-une-des-30-personnalites-de-moins-de-30-ans-les-plus-prometteuses-deurope-selon-forbes\\\/\"},\"author\":{\"name\":\"Marie-Sophie Administrateur\",\"@id\":\"https:\\\/\\\/whatthefrance.org\\\/fr\\\/#\\\/schema\\\/person\\\/3b7ea6fb70b536503b3e8c909c564a81\"},\"headline\":\"Aya Nakamura | Une des 30 personnalit\u00e9s de moins de 30 ans les plus prometteuses d\u2019Europe selon Forbes\",\"datePublished\":\"2019-02-18T13:44:44+00:00\",\"mainEntityOfPage\":{\"@id\":\"https:\\\/\\\/whatthefrance.org\\\/fr\\\/aya-nakamura-une-des-30-personnalites-de-moins-de-30-ans-les-plus-prometteuses-deurope-selon-forbes\\\/\"},\"wordCount\":165,\"publisher\":{\"@id\":\"https:\\\/\\\/whatthefrance.org\\\/fr\\\/#organization\"},\"image\":{\"@id\":\"https:\\\/\\\/whatthefrance.org\\\/fr\\\/aya-nakamura-une-des-30-personnalites-de-moins-de-30-ans-les-plus-prometteuses-deurope-selon-forbes\\\/#primaryimage\"},\"thumbnailUrl\":\"https:\\\/\\\/whatthefrance.org\\\/wp-content\\\/uploads\\\/2019\\\/02\\\/image003-3-280x300.jpg\",\"keywords\":[\"Pop\",\"Urban\"],\"articleSection\":[\"Award\"],\"inLanguage\":\"fr-FR\"},{\"@type\":\"WebPage\",\"@id\":\"https:\\\/\\\/whatthefrance.org\\\/fr\\\/aya-nakamura-une-des-30-personnalites-de-moins-de-30-ans-les-plus-prometteuses-deurope-selon-forbes\\\/\",\"url\":\"https:\\\/\\\/whatthefrance.org\\\/fr\\\/aya-nakamura-une-des-30-personnalites-de-moins-de-30-ans-les-plus-prometteuses-deurope-selon-forbes\\\/\",\"name\":\"Aya Nakamura | Une des 30 personnalit\u00e9s de moins de 30 ans les plus prometteuses d\u2019Europe selon Forbes - What the France\",\"isPartOf\":{\"@id\":\"https:\\\/\\\/whatthefrance.org\\\/fr\\\/#website\"},\"primaryImageOfPage\":{\"@id\":\"https:\\\/\\\/whatthefrance.org\\\/fr\\\/aya-nakamura-une-des-30-personnalites-de-moins-de-30-ans-les-plus-prometteuses-deurope-selon-forbes\\\/#primaryimage\"},\"image\":{\"@id\":\"https:\\\/\\\/whatthefrance.org\\\/fr\\\/aya-nakamura-une-des-30-personnalites-de-moins-de-30-ans-les-plus-prometteuses-deurope-selon-forbes\\\/#primaryimage\"},\"thumbnailUrl\":\"https:\\\/\\\/whatthefrance.org\\\/wp-content\\\/uploads\\\/2019\\\/02\\\/image003-3-280x300.jpg\",\"datePublished\":\"2019-02-18T13:44:44+00:00\",\"breadcrumb\":{\"@id\":\"https:\\\/\\\/whatthefrance.org\\\/fr\\\/aya-nakamura-une-des-30-personnalites-de-moins-de-30-ans-les-plus-prometteuses-deurope-selon-forbes\\\/#breadcrumb\"},\"inLanguage\":\"fr-FR\",\"potentialAction\":[{\"@type\":\"ReadAction\",\"target\":[\"https:\\\/\\\/whatthefrance.org\\\/fr\\\/aya-nakamura-une-des-30-personnalites-de-moins-de-30-ans-les-plus-prometteuses-deurope-selon-forbes\\\/\"]}]},{\"@type\":\"ImageObject\",\"inLanguage\":\"fr-FR\",\"@id\":\"https:\\\/\\\/whatthefrance.org\\\/fr\\\/aya-nakamura-une-des-30-personnalites-de-moins-de-30-ans-les-plus-prometteuses-deurope-selon-forbes\\\/#primaryimage\",\"url\":\"https:\\\/\\\/whatthefrance.org\\\/wp-content\\\/uploads\\\/2019\\\/02\\\/image003-3-280x300.jpg\",\"contentUrl\":\"https:\\\/\\\/whatthefrance.org\\\/wp-content\\\/uploads\\\/2019\\\/02\\\/image003-3-280x300.jpg\"},{\"@type\":\"BreadcrumbList\",\"@id\":\"https:\\\/\\\/whatthefrance.org\\\/fr\\\/aya-nakamura-une-des-30-personnalites-de-moins-de-30-ans-les-plus-prometteuses-deurope-selon-forbes\\\/#breadcrumb\",\"itemListElement\":[{\"@type\":\"ListItem\",\"position\":1,\"name\":\"Home\",\"item\":\"https:\\\/\\\/whatthefrance.org\\\/fr\\\/\"},{\"@type\":\"ListItem\",\"position\":2,\"name\":\"Aya Nakamura | Une des 30 personnalit\u00e9s de moins de 30 ans les plus prometteuses d\u2019Europe selon Forbes\"}]},{\"@type\":\"WebSite\",\"@id\":\"https:\\\/\\\/whatthefrance.org\\\/fr\\\/#website\",\"url\":\"https:\\\/\\\/whatthefrance.org\\\/fr\\\/\",\"name\":\"What the France\",\"description\":\"The finest music made in France !\",\"publisher\":{\"@id\":\"https:\\\/\\\/whatthefrance.org\\\/fr\\\/#organization\"},\"potentialAction\":[{\"@type\":\"SearchAction\",\"target\":{\"@type\":\"EntryPoint\",\"urlTemplate\":\"https:\\\/\\\/whatthefrance.org\\\/fr\\\/?s={search_term_string}\"},\"query-input\":{\"@type\":\"PropertyValueSpecification\",\"valueRequired\":true,\"valueName\":\"search_term_string\"}}],\"inLanguage\":\"fr-FR\"},{\"@type\":\"Organization\",\"@id\":\"https:\\\/\\\/whatthefrance.org\\\/fr\\\/#organization\",\"name\":\"What The France\",\"url\":\"https:\\\/\\\/whatthefrance.org\\\/fr\\\/\",\"logo\":{\"@type\":\"ImageObject\",\"inLanguage\":\"fr-FR\",\"@id\":\"https:\\\/\\\/whatthefrance.org\\\/fr\\\/#\\\/schema\\\/logo\\\/image\\\/\",\"url\":\"https:\\\/\\\/whatthefrance.org\\\/wp-content\\\/uploads\\\/2019\\\/12\\\/44688719_2251580388408837_694180218134331392_n-e1577679609190.png\",\"contentUrl\":\"https:\\\/\\\/whatthefrance.org\\\/wp-content\\\/uploads\\\/2019\\\/12\\\/44688719_2251580388408837_694180218134331392_n-e1577679609190.png\",\"width\":200,\"height\":200,\"caption\":\"What The France\"},\"image\":{\"@id\":\"https:\\\/\\\/whatthefrance.org\\\/fr\\\/#\\\/schema\\\/logo\\\/image\\\/\"}},{\"@type\":\"Person\",\"@id\":\"https:\\\/\\\/whatthefrance.org\\\/fr\\\/#\\\/schema\\\/person\\\/3b7ea6fb70b536503b3e8c909c564a81\",\"name\":\"Marie-Sophie Administrateur\",\"image\":{\"@type\":\"ImageObject\",\"inLanguage\":\"fr-FR\",\"@id\":\"https:\\\/\\\/secure.gravatar.com\\\/avatar\\\/d57e4552c73c8713409cd3c2de53bdb5d220ebdd76dc7ba351b2dbae89f5afa9?s=96&d=mm&r=g\",\"url\":\"https:\\\/\\\/secure.gravatar.com\\\/avatar\\\/d57e4552c73c8713409cd3c2de53bdb5d220ebdd76dc7ba351b2dbae89f5afa9?s=96&d=mm&r=g\",\"contentUrl\":\"https:\\\/\\\/secure.gravatar.com\\\/avatar\\\/d57e4552c73c8713409cd3c2de53bdb5d220ebdd76dc7ba351b2dbae89f5afa9?s=96&d=mm&r=g\",\"caption\":\"Marie-Sophie Administrateur\"}}]}<\/script>\n<!-- \/ Yoast SEO plugin. -->","yoast_head_json":{"title":"Aya Nakamura | Une des 30 personnalit\u00e9s de moins de 30 ans les plus prometteuses d\u2019Europe selon Forbes - What the France","robots":{"index":"index","follow":"follow","max-snippet":"max-snippet:-1","max-image-preview":"max-image-preview:large","max-video-preview":"max-video-preview:-1"},"canonical":"https:\/\/whatthefrance.org\/fr\/aya-nakamura-une-des-30-personnalites-de-moins-de-30-ans-les-plus-prometteuses-deurope-selon-forbes\/","og_locale":"fr_FR","og_type":"article","og_title":"Aya Nakamura | Une des 30 personnalit\u00e9s de moins de 30 ans les plus prometteuses d\u2019Europe selon Forbes - What the France","og_description":"Aya Nakamura a \u00e9t\u00e9 nomm\u00e9e sur la liste Forbes des 30 personnalit\u00e9s de moins de 30 ans les plus prometteuses d\u2019Europe en 2019\u00a0\u00a0qui met en lumi\u00e8re la prochaine g\u00e9n\u00e9ration de talents &#8211; \u00ab\u00a0une collection de preneurs de risques audacieux qui apportent de nouvelles id\u00e9es en Europe\u00a0\u00bb. Surtout connue pour sa chanson num\u00e9ro un \u00ab\u00a0Djadja\u00a0\u00bb, qui [&hellip;]","og_url":"https:\/\/whatthefrance.org\/fr\/aya-nakamura-une-des-30-personnalites-de-moins-de-30-ans-les-plus-prometteuses-deurope-selon-forbes\/","og_site_name":"What the France","article_published_time":"2019-02-18T13:44:44+00:00","og_image":[{"url":"https:\/\/whatthefrance.org\/wp-content\/uploads\/2019\/02\/aya-nakamura-forbes-f86367-0@1x.jpeg","height":720,"width":1280,"type":""},{"url":"https:\/\/whatthefrance.org\/wp-content\/uploads\/2019\/02\/image003-3-280x300.jpg","type":"","width":"","height":""}],"author":"Marie-Sophie Administrateur","twitter_card":"summary_large_image","twitter_misc":{"\u00c9crit par":"Marie-Sophie Administrateur","Dur\u00e9e de lecture estim\u00e9e":"1 minute"},"schema":{"@context":"https:\/\/schema.org","@graph":[{"@type":"Article","@id":"https:\/\/whatthefrance.org\/fr\/aya-nakamura-une-des-30-personnalites-de-moins-de-30-ans-les-plus-prometteuses-deurope-selon-forbes\/#article","isPartOf":{"@id":"https:\/\/whatthefrance.org\/fr\/aya-nakamura-une-des-30-personnalites-de-moins-de-30-ans-les-plus-prometteuses-deurope-selon-forbes\/"},"author":{"name":"Marie-Sophie Administrateur","@id":"https:\/\/whatthefrance.org\/fr\/#\/schema\/person\/3b7ea6fb70b536503b3e8c909c564a81"},"headline":"Aya Nakamura | Une des 30 personnalit\u00e9s de moins de 30 ans les plus prometteuses d\u2019Europe selon Forbes","datePublished":"2019-02-18T13:44:44+00:00","mainEntityOfPage":{"@id":"https:\/\/whatthefrance.org\/fr\/aya-nakamura-une-des-30-personnalites-de-moins-de-30-ans-les-plus-prometteuses-deurope-selon-forbes\/"},"wordCount":165,"publisher":{"@id":"https:\/\/whatthefrance.org\/fr\/#organization"},"image":{"@id":"https:\/\/whatthefrance.org\/fr\/aya-nakamura-une-des-30-personnalites-de-moins-de-30-ans-les-plus-prometteuses-deurope-selon-forbes\/#primaryimage"},"thumbnailUrl":"https:\/\/whatthefrance.org\/wp-content\/uploads\/2019\/02\/image003-3-280x300.jpg","keywords":["Pop","Urban"],"articleSection":["Award"],"inLanguage":"fr-FR"},{"@type":"WebPage","@id":"https:\/\/whatthefrance.org\/fr\/aya-nakamura-une-des-30-personnalites-de-moins-de-30-ans-les-plus-prometteuses-deurope-selon-forbes\/","url":"https:\/\/whatthefrance.org\/fr\/aya-nakamura-une-des-30-personnalites-de-moins-de-30-ans-les-plus-prometteuses-deurope-selon-forbes\/","name":"Aya Nakamura | Une des 30 personnalit\u00e9s de moins de 30 ans les plus prometteuses d\u2019Europe selon Forbes - What the France","isPartOf":{"@id":"https:\/\/whatthefrance.org\/fr\/#website"},"primaryImageOfPage":{"@id":"https:\/\/whatthefrance.org\/fr\/aya-nakamura-une-des-30-personnalites-de-moins-de-30-ans-les-plus-prometteuses-deurope-selon-forbes\/#primaryimage"},"image":{"@id":"https:\/\/whatthefrance.org\/fr\/aya-nakamura-une-des-30-personnalites-de-moins-de-30-ans-les-plus-prometteuses-deurope-selon-forbes\/#primaryimage"},"thumbnailUrl":"https:\/\/whatthefrance.org\/wp-content\/uploads\/2019\/02\/image003-3-280x300.jpg","datePublished":"2019-02-18T13:44:44+00:00","breadcrumb":{"@id":"https:\/\/whatthefrance.org\/fr\/aya-nakamura-une-des-30-personnalites-de-moins-de-30-ans-les-plus-prometteuses-deurope-selon-forbes\/#breadcrumb"},"inLanguage":"fr-FR","potentialAction":[{"@type":"ReadAction","target":["https:\/\/whatthefrance.org\/fr\/aya-nakamura-une-des-30-personnalites-de-moins-de-30-ans-les-plus-prometteuses-deurope-selon-forbes\/"]}]},{"@type":"ImageObject","inLanguage":"fr-FR","@id":"https:\/\/whatthefrance.org\/fr\/aya-nakamura-une-des-30-personnalites-de-moins-de-30-ans-les-plus-prometteuses-deurope-selon-forbes\/#primaryimage","url":"https:\/\/whatthefrance.org\/wp-content\/uploads\/2019\/02\/image003-3-280x300.jpg","contentUrl":"https:\/\/whatthefrance.org\/wp-content\/uploads\/2019\/02\/image003-3-280x300.jpg"},{"@type":"BreadcrumbList","@id":"https:\/\/whatthefrance.org\/fr\/aya-nakamura-une-des-30-personnalites-de-moins-de-30-ans-les-plus-prometteuses-deurope-selon-forbes\/#breadcrumb","itemListElement":[{"@type":"ListItem","position":1,"name":"Home","item":"https:\/\/whatthefrance.org\/fr\/"},{"@type":"ListItem","position":2,"name":"Aya Nakamura | Une des 30 personnalit\u00e9s de moins de 30 ans les plus prometteuses d\u2019Europe selon Forbes"}]},{"@type":"WebSite","@id":"https:\/\/whatthefrance.org\/fr\/#website","url":"https:\/\/whatthefrance.org\/fr\/","name":"What the France","description":"The finest music made in France !","publisher":{"@id":"https:\/\/whatthefrance.org\/fr\/#organization"},"potentialAction":[{"@type":"SearchAction","target":{"@type":"EntryPoint","urlTemplate":"https:\/\/whatthefrance.org\/fr\/?s={search_term_string}"},"query-input":{"@type":"PropertyValueSpecification","valueRequired":true,"valueName":"search_term_string"}}],"inLanguage":"fr-FR"},{"@type":"Organization","@id":"https:\/\/whatthefrance.org\/fr\/#organization","name":"What The France","url":"https:\/\/whatthefrance.org\/fr\/","logo":{"@type":"ImageObject","inLanguage":"fr-FR","@id":"https:\/\/whatthefrance.org\/fr\/#\/schema\/logo\/image\/","url":"https:\/\/whatthefrance.org\/wp-content\/uploads\/2019\/12\/44688719_2251580388408837_694180218134331392_n-e1577679609190.png","contentUrl":"https:\/\/whatthefrance.org\/wp-content\/uploads\/2019\/12\/44688719_2251580388408837_694180218134331392_n-e1577679609190.png","width":200,"height":200,"caption":"What The France"},"image":{"@id":"https:\/\/whatthefrance.org\/fr\/#\/schema\/logo\/image\/"}},{"@type":"Person","@id":"https:\/\/whatthefrance.org\/fr\/#\/schema\/person\/3b7ea6fb70b536503b3e8c909c564a81","name":"Marie-Sophie Administrateur","image":{"@type":"ImageObject","inLanguage":"fr-FR","@id":"https:\/\/secure.gravatar.com\/avatar\/d57e4552c73c8713409cd3c2de53bdb5d220ebdd76dc7ba351b2dbae89f5afa9?s=96&d=mm&r=g","url":"https:\/\/secure.gravatar.com\/avatar\/d57e4552c73c8713409cd3c2de53bdb5d220ebdd76dc7ba351b2dbae89f5afa9?s=96&d=mm&r=g","contentUrl":"https:\/\/secure.gravatar.com\/avatar\/d57e4552c73c8713409cd3c2de53bdb5d220ebdd76dc7ba351b2dbae89f5afa9?s=96&d=mm&r=g","caption":"Marie-Sophie Administrateur"}}]}},"_links":{"self":[{"href":"https:\/\/whatthefrance.org\/fr\/wp-json\/wp\/v2\/posts\/4497","targetHints":{"allow":["GET"]}}],"collection":[{"href":"https:\/\/whatthefrance.org\/fr\/wp-json\/wp\/v2\/posts"}],"about":[{"href":"https:\/\/whatthefrance.org\/fr\/wp-json\/wp\/v2\/types\/post"}],"author":[{"embeddable":true,"href":"https:\/\/whatthefrance.org\/fr\/wp-json\/wp\/v2\/users\/6"}],"replies":[{"embeddable":true,"href":"https:\/\/whatthefrance.org\/fr\/wp-json\/wp\/v2\/comments?post=4497"}],"version-history":[{"count":8,"href":"https:\/\/whatthefrance.org\/fr\/wp-json\/wp\/v2\/posts\/4497\/revisions"}],"predecessor-version":[{"id":4508,"href":"https:\/\/whatthefrance.org\/fr\/wp-json\/wp\/v2\/posts\/4497\/revisions\/4508"}],"wp:attachment":[{"href":"https:\/\/whatthefrance.org\/fr\/wp-json\/wp\/v2\/media?parent=4497"}],"wp:term":[{"taxonomy":"category","embeddable":true,"href":"https:\/\/whatthefrance.org\/fr\/wp-json\/wp\/v2\/categories?post=4497"},{"taxonomy":"post_tag","embeddable":true,"href":"https:\/\/whatthefrance.org\/fr\/wp-json\/wp\/v2\/tags?post=4497"}],"curies":[{"name":"wp","href":"https:\/\/api.w.org\/{rel}","templated":true}]}}