{"id":45081,"date":"2022-08-04T10:59:07","date_gmt":"2022-08-04T08:59:07","guid":{"rendered":"https:\/\/whatthefrance.org\/?p=45081"},"modified":"2023-01-30T11:33:34","modified_gmt":"2023-01-30T10:33:34","slug":"deen-burbigo-tournee-europeenne","status":"publish","type":"post","link":"https:\/\/whatthefrance.org\/fr\/deen-burbigo-tournee-europeenne\/","title":{"rendered":"Deen Burbigo | Tourn\u00e9e europ\u00e9enne"},"content":{"rendered":"<p><span class=\"em-orange\">Le rappeur <a href=\"https:\/\/www.instagram.com\/deenburbigo\/\"><strong>Deen Burbigo<\/strong><\/a> a fait son retour l&rsquo;\u00e9t\u00e9 dernier avec l&rsquo;EP <em><strong>OG SAN<\/strong> <\/em>et a une fois de plus montr\u00e9 son style reconnaissable entre mille. Le musicien fran\u00e7ais sera en tourn\u00e9e \u00e0 partir de septembre.<\/span><\/p>\n<p><iframe loading=\"lazy\" title=\"Deen Burbigo - Sennin Mode (Clip Officiel)\" width=\"500\" height=\"281\" src=\"https:\/\/www.youtube.com\/embed\/FIe7taTWskI?feature=oembed\" frameborder=\"0\" allow=\"accelerometer; autoplay; clipboard-write; encrypted-media; gyroscope; picture-in-picture; web-share\" referrerpolicy=\"strict-origin-when-cross-origin\" allowfullscreen><\/iframe><\/p>\n<p>Le rappeur marseillais a int\u00e9gr\u00e9 tr\u00e8s t\u00f4t la sc\u00e8ne rap locale et a fait ses premiers pas dans la musique en tant sous le nom Ahmadeen dans les collectifs <strong>La Rel\u00e8ve, Retorist<\/strong> ou <strong>Guerilla Music<\/strong>. Pour ses \u00e9tudes d&rsquo;histoire, le jeune Fran\u00e7ais s&rsquo;est install\u00e9 \u00e0 Paris. C&rsquo;est l\u00e0 qu&rsquo;il a particip\u00e9 aux battles de rap de la s\u00e9rie <strong>Rap Contenders<\/strong> sur Youtube. En 2010, il met sa passion pour la musique urbaine dans un premier EP : <em><strong>D\u00een, Rimes &amp; Int\u00e9rim<\/strong><\/em>. Les ann\u00e9es suivantes, il encha\u00eene avec <strong><em>Inception<\/em><\/strong> (2012) et <em><strong>Fin d&rsquo;Apr\u00e8s-Minuit<\/strong><\/em> (2014).<\/p>\n<p>Toujours en 2014, on peut l&rsquo;entendre dans <em><strong>Jeunes Entrepreneurs<\/strong><\/em>, le premier album du collectif <strong>L&rsquo;Entourage<\/strong> aux c\u00f4t\u00e9s d&rsquo;Alpha Wann, Jazzy Bazz et Nekfeu. Sa carri\u00e8re a pris un tournant d\u00e9cisif en 2017 avec la sortie de son premier album, Grand Cru. Il a \u00e9t\u00e9 certifi\u00e9 disque d&rsquo;or en France apr\u00e8s avoir \u00e9t\u00e9 vendu \u00e0 50 000 exemplaires. Son deuxi\u00e8me album <em><strong>Cercle Vertueux<\/strong><\/em>, ancr\u00e9 dans la trap, sort en 2020, il reste fid\u00e8le \u00e0 l&rsquo;esprit collectif et r\u00e9alise des collaborations avec Alpha Wann, Eff Gee, Edge, Esso Luxueux et Nemir. En 2021, le rappeur a fait son retour avec l&rsquo;EP <em><strong>OG SAN<\/strong><\/em>.<\/p>\n<div class=\"playListBloc singleBloc\"><div class=\"playListBloc-wrap\">    <div class=\"thumbnail\"><img data-src=\"https:\/\/whatthefrance.org\/wp-content\/uploads\/2018\/11\/WTF-Pochettes_urban_7-254x254.jpg\" class=\"lazyload\" alt=\"WTF&#8212;Pochettes_urban_7\" \/>    <\/div>    <div class=\"infos\">        <span class=\"tag\">Genres<\/span>        <h2>Urban A Go-Go<\/h2>        <span class=\"separator\"><\/span>       <span class=\"desc\">Unleash the latest urban music hits made in France.<\/span><div class=\"share flex flexAlignCenter \">\t<span class=\"label\">Partager<\/span>\t<a href=\"https:\/\/www.facebook.com\/sharer\/sharer.php?u=https:\/\/whatthefrance.org\/fr\/playlists\/urban-a-go-go\/\" class=\"facebook\" target=\"_blank\" rel=\"noreferrer\">Facebook<\/a>\t<a href=\"https:\/\/twitter.com\/intent\/tweet?url=https:\/\/whatthefrance.org\/fr\/playlists\/urban-a-go-go\/&text=Urban+A+Go-Go&hashtags=WTF\" class=\"twitter\" target=\"_blank\" rel=\"noreferrer\">Twitter<\/a>\t<a href=\"mailto:?subject=What%20the%20France%20%3A%20Urban%20A%20Go-Go&body=https:\/\/whatthefrance.org\/fr\/playlists\/urban-a-go-go\/\" class=\"mail\" target=\"_blank\" rel=\"noreferrer\">Email<\/a><\/div>        <a href=\"#\" class=\"btn btnPlaylist orange playlist-click\" data-id=\"917\">            <svg version=\"1.1\" x=\"0px\" y=\"0px\" width=\"40px\" height=\"40px\" viewBox=\"0 0 213.7 213.7\" enable-background=\"new 0 0 213.7 213.7\" xml:space=\"preserve\">                <polygon class=\"triangle\" fill=\"none\" stroke-width=\"10\" stroke-linecap=\"round\" stroke-linejoin=\"round\" stroke-miterlimit=\"10\" points=\"\n            73.5,62.5 148.5,105.8 73.5,149.1 \"\/>                <circle class=\"circle\" fill=\"none\"  stroke-width=\"8\" stroke-linecap=\"round\" stroke-linejoin=\"round\" stroke-miterlimit=\"10\" cx=\"106.8\" cy=\"106.8\" r=\"103.3\"\/>                <circle class=\"circle-white\" fill=\"none\"  stroke-width=\"8\" stroke-linecap=\"round\" stroke-linejoin=\"round\" stroke-miterlimit=\"10\" cx=\"106.8\" cy=\"106.8\" r=\"103.3\"\/>            <\/svg>Ecouter        <\/a>    <\/div>  <\/div><\/div>\n<p>Il est maintenant en tourn\u00e9e en solo et enthousiasme ses fans aux <strong>Pays-Bas, au Royaume-Uni, en Belgique et en Allemagne<\/strong>. Avec sa musique m\u00e9lodique qui va directement sous la peau et qui donne quelques frissons, il entra\u00eene le public dans son sillage.<\/p>\n","protected":false},"excerpt":{"rendered":"<p>Le rappeur Deen Burbigo a fait son retour l&rsquo;\u00e9t\u00e9 dernier avec l&rsquo;EP OG SAN et a une fois de plus montr\u00e9 son style reconnaissable entre mille. Le musicien fran\u00e7ais sera en tourn\u00e9e \u00e0 partir de septembre. Le rappeur marseillais a int\u00e9gr\u00e9 tr\u00e8s t\u00f4t la sc\u00e8ne rap locale et a fait ses premiers pas dans la [&hellip;]<\/p>\n","protected":false},"author":6,"featured_media":0,"comment_status":"closed","ping_status":"closed","sticky":false,"template":"","format":"standard","meta":{"_acf_changed":false,"footnotes":""},"categories":[213],"tags":[346,357],"class_list":["post-45081","post","type-post","status-publish","format-standard","hentry","category-event-fr","tag-rap-fr","tag-urban-fr"],"acf":[],"yoast_head":"<!-- This site is optimized with the Yoast SEO plugin v27.3 - https:\/\/yoast.com\/product\/yoast-seo-wordpress\/ -->\n<title>Deen Burbigo | Tourn\u00e9e europ\u00e9enne - What the France<\/title>\n<meta name=\"robots\" content=\"index, follow, max-snippet:-1, max-image-preview:large, max-video-preview:-1\" \/>\n<link rel=\"canonical\" href=\"https:\/\/whatthefrance.org\/fr\/deen-burbigo-tournee-europeenne\/\" \/>\n<meta property=\"og:locale\" content=\"fr_FR\" \/>\n<meta property=\"og:type\" content=\"article\" \/>\n<meta property=\"og:title\" content=\"Deen Burbigo | Tourn\u00e9e europ\u00e9enne - What the France\" \/>\n<meta property=\"og:description\" content=\"Le rappeur Deen Burbigo a fait son retour l&rsquo;\u00e9t\u00e9 dernier avec l&rsquo;EP OG SAN et a une fois de plus montr\u00e9 son style reconnaissable entre mille. Le musicien fran\u00e7ais sera en tourn\u00e9e \u00e0 partir de septembre. Le rappeur marseillais a int\u00e9gr\u00e9 tr\u00e8s t\u00f4t la sc\u00e8ne rap locale et a fait ses premiers pas dans la [&hellip;]\" \/>\n<meta property=\"og:url\" content=\"https:\/\/whatthefrance.org\/fr\/deen-burbigo-tournee-europeenne\/\" \/>\n<meta property=\"og:site_name\" content=\"What the France\" \/>\n<meta property=\"article:published_time\" content=\"2022-08-04T08:59:07+00:00\" \/>\n<meta property=\"article:modified_time\" content=\"2023-01-30T10:33:34+00:00\" \/>\n<meta property=\"og:image\" content=\"https:\/\/whatthefrance.org\/wp-content\/uploads\/2022\/07\/deen_burbigo_what_the_france_cover.png\" \/>\n\t<meta property=\"og:image:width\" content=\"1084\" \/>\n\t<meta property=\"og:image:height\" content=\"452\" \/>\n<meta name=\"author\" content=\"Marie-Sophie Administrateur\" \/>\n<meta name=\"twitter:card\" content=\"summary_large_image\" \/>\n<meta name=\"twitter:label1\" content=\"\u00c9crit par\" \/>\n\t<meta name=\"twitter:data1\" content=\"Marie-Sophie Administrateur\" \/>\n\t<meta name=\"twitter:label2\" content=\"Dur\u00e9e de lecture estim\u00e9e\" \/>\n\t<meta name=\"twitter:data2\" content=\"2 minutes\" \/>\n<script type=\"application\/ld+json\" class=\"yoast-schema-graph\">{\"@context\":\"https:\\\/\\\/schema.org\",\"@graph\":[{\"@type\":\"Article\",\"@id\":\"https:\\\/\\\/whatthefrance.org\\\/fr\\\/deen-burbigo-tournee-europeenne\\\/#article\",\"isPartOf\":{\"@id\":\"https:\\\/\\\/whatthefrance.org\\\/fr\\\/deen-burbigo-tournee-europeenne\\\/\"},\"author\":{\"name\":\"Marie-Sophie Administrateur\",\"@id\":\"https:\\\/\\\/whatthefrance.org\\\/fr\\\/#\\\/schema\\\/person\\\/3b7ea6fb70b536503b3e8c909c564a81\"},\"headline\":\"Deen Burbigo | Tourn\u00e9e europ\u00e9enne\",\"datePublished\":\"2022-08-04T08:59:07+00:00\",\"dateModified\":\"2023-01-30T10:33:34+00:00\",\"mainEntityOfPage\":{\"@id\":\"https:\\\/\\\/whatthefrance.org\\\/fr\\\/deen-burbigo-tournee-europeenne\\\/\"},\"wordCount\":312,\"publisher\":{\"@id\":\"https:\\\/\\\/whatthefrance.org\\\/fr\\\/#organization\"},\"keywords\":[\"Rap\",\"Urban\"],\"articleSection\":[\"Event\"],\"inLanguage\":\"fr-FR\"},{\"@type\":\"WebPage\",\"@id\":\"https:\\\/\\\/whatthefrance.org\\\/fr\\\/deen-burbigo-tournee-europeenne\\\/\",\"url\":\"https:\\\/\\\/whatthefrance.org\\\/fr\\\/deen-burbigo-tournee-europeenne\\\/\",\"name\":\"Deen Burbigo | Tourn\u00e9e europ\u00e9enne - What the France\",\"isPartOf\":{\"@id\":\"https:\\\/\\\/whatthefrance.org\\\/fr\\\/#website\"},\"datePublished\":\"2022-08-04T08:59:07+00:00\",\"dateModified\":\"2023-01-30T10:33:34+00:00\",\"breadcrumb\":{\"@id\":\"https:\\\/\\\/whatthefrance.org\\\/fr\\\/deen-burbigo-tournee-europeenne\\\/#breadcrumb\"},\"inLanguage\":\"fr-FR\",\"potentialAction\":[{\"@type\":\"ReadAction\",\"target\":[\"https:\\\/\\\/whatthefrance.org\\\/fr\\\/deen-burbigo-tournee-europeenne\\\/\"]}]},{\"@type\":\"BreadcrumbList\",\"@id\":\"https:\\\/\\\/whatthefrance.org\\\/fr\\\/deen-burbigo-tournee-europeenne\\\/#breadcrumb\",\"itemListElement\":[{\"@type\":\"ListItem\",\"position\":1,\"name\":\"Home\",\"item\":\"https:\\\/\\\/whatthefrance.org\\\/fr\\\/\"},{\"@type\":\"ListItem\",\"position\":2,\"name\":\"Deen Burbigo | Tourn\u00e9e europ\u00e9enne\"}]},{\"@type\":\"WebSite\",\"@id\":\"https:\\\/\\\/whatthefrance.org\\\/fr\\\/#website\",\"url\":\"https:\\\/\\\/whatthefrance.org\\\/fr\\\/\",\"name\":\"What the France\",\"description\":\"The finest music made in France !\",\"publisher\":{\"@id\":\"https:\\\/\\\/whatthefrance.org\\\/fr\\\/#organization\"},\"potentialAction\":[{\"@type\":\"SearchAction\",\"target\":{\"@type\":\"EntryPoint\",\"urlTemplate\":\"https:\\\/\\\/whatthefrance.org\\\/fr\\\/?s={search_term_string}\"},\"query-input\":{\"@type\":\"PropertyValueSpecification\",\"valueRequired\":true,\"valueName\":\"search_term_string\"}}],\"inLanguage\":\"fr-FR\"},{\"@type\":\"Organization\",\"@id\":\"https:\\\/\\\/whatthefrance.org\\\/fr\\\/#organization\",\"name\":\"What The France\",\"url\":\"https:\\\/\\\/whatthefrance.org\\\/fr\\\/\",\"logo\":{\"@type\":\"ImageObject\",\"inLanguage\":\"fr-FR\",\"@id\":\"https:\\\/\\\/whatthefrance.org\\\/fr\\\/#\\\/schema\\\/logo\\\/image\\\/\",\"url\":\"https:\\\/\\\/whatthefrance.org\\\/wp-content\\\/uploads\\\/2019\\\/12\\\/44688719_2251580388408837_694180218134331392_n-e1577679609190.png\",\"contentUrl\":\"https:\\\/\\\/whatthefrance.org\\\/wp-content\\\/uploads\\\/2019\\\/12\\\/44688719_2251580388408837_694180218134331392_n-e1577679609190.png\",\"width\":200,\"height\":200,\"caption\":\"What The France\"},\"image\":{\"@id\":\"https:\\\/\\\/whatthefrance.org\\\/fr\\\/#\\\/schema\\\/logo\\\/image\\\/\"}},{\"@type\":\"Person\",\"@id\":\"https:\\\/\\\/whatthefrance.org\\\/fr\\\/#\\\/schema\\\/person\\\/3b7ea6fb70b536503b3e8c909c564a81\",\"name\":\"Marie-Sophie Administrateur\",\"image\":{\"@type\":\"ImageObject\",\"inLanguage\":\"fr-FR\",\"@id\":\"https:\\\/\\\/secure.gravatar.com\\\/avatar\\\/d57e4552c73c8713409cd3c2de53bdb5d220ebdd76dc7ba351b2dbae89f5afa9?s=96&d=mm&r=g\",\"url\":\"https:\\\/\\\/secure.gravatar.com\\\/avatar\\\/d57e4552c73c8713409cd3c2de53bdb5d220ebdd76dc7ba351b2dbae89f5afa9?s=96&d=mm&r=g\",\"contentUrl\":\"https:\\\/\\\/secure.gravatar.com\\\/avatar\\\/d57e4552c73c8713409cd3c2de53bdb5d220ebdd76dc7ba351b2dbae89f5afa9?s=96&d=mm&r=g\",\"caption\":\"Marie-Sophie Administrateur\"}}]}<\/script>\n<!-- \/ Yoast SEO plugin. -->","yoast_head_json":{"title":"Deen Burbigo | Tourn\u00e9e europ\u00e9enne - What the France","robots":{"index":"index","follow":"follow","max-snippet":"max-snippet:-1","max-image-preview":"max-image-preview:large","max-video-preview":"max-video-preview:-1"},"canonical":"https:\/\/whatthefrance.org\/fr\/deen-burbigo-tournee-europeenne\/","og_locale":"fr_FR","og_type":"article","og_title":"Deen Burbigo | Tourn\u00e9e europ\u00e9enne - What the France","og_description":"Le rappeur Deen Burbigo a fait son retour l&rsquo;\u00e9t\u00e9 dernier avec l&rsquo;EP OG SAN et a une fois de plus montr\u00e9 son style reconnaissable entre mille. Le musicien fran\u00e7ais sera en tourn\u00e9e \u00e0 partir de septembre. Le rappeur marseillais a int\u00e9gr\u00e9 tr\u00e8s t\u00f4t la sc\u00e8ne rap locale et a fait ses premiers pas dans la [&hellip;]","og_url":"https:\/\/whatthefrance.org\/fr\/deen-burbigo-tournee-europeenne\/","og_site_name":"What the France","article_published_time":"2022-08-04T08:59:07+00:00","article_modified_time":"2023-01-30T10:33:34+00:00","og_image":[{"url":"https:\/\/whatthefrance.org\/wp-content\/uploads\/2022\/07\/deen_burbigo_what_the_france_cover.png","height":452,"width":1084,"type":""}],"author":"Marie-Sophie Administrateur","twitter_card":"summary_large_image","twitter_misc":{"\u00c9crit par":"Marie-Sophie Administrateur","Dur\u00e9e de lecture estim\u00e9e":"2 minutes"},"schema":{"@context":"https:\/\/schema.org","@graph":[{"@type":"Article","@id":"https:\/\/whatthefrance.org\/fr\/deen-burbigo-tournee-europeenne\/#article","isPartOf":{"@id":"https:\/\/whatthefrance.org\/fr\/deen-burbigo-tournee-europeenne\/"},"author":{"name":"Marie-Sophie Administrateur","@id":"https:\/\/whatthefrance.org\/fr\/#\/schema\/person\/3b7ea6fb70b536503b3e8c909c564a81"},"headline":"Deen Burbigo | Tourn\u00e9e europ\u00e9enne","datePublished":"2022-08-04T08:59:07+00:00","dateModified":"2023-01-30T10:33:34+00:00","mainEntityOfPage":{"@id":"https:\/\/whatthefrance.org\/fr\/deen-burbigo-tournee-europeenne\/"},"wordCount":312,"publisher":{"@id":"https:\/\/whatthefrance.org\/fr\/#organization"},"keywords":["Rap","Urban"],"articleSection":["Event"],"inLanguage":"fr-FR"},{"@type":"WebPage","@id":"https:\/\/whatthefrance.org\/fr\/deen-burbigo-tournee-europeenne\/","url":"https:\/\/whatthefrance.org\/fr\/deen-burbigo-tournee-europeenne\/","name":"Deen Burbigo | Tourn\u00e9e europ\u00e9enne - What the France","isPartOf":{"@id":"https:\/\/whatthefrance.org\/fr\/#website"},"datePublished":"2022-08-04T08:59:07+00:00","dateModified":"2023-01-30T10:33:34+00:00","breadcrumb":{"@id":"https:\/\/whatthefrance.org\/fr\/deen-burbigo-tournee-europeenne\/#breadcrumb"},"inLanguage":"fr-FR","potentialAction":[{"@type":"ReadAction","target":["https:\/\/whatthefrance.org\/fr\/deen-burbigo-tournee-europeenne\/"]}]},{"@type":"BreadcrumbList","@id":"https:\/\/whatthefrance.org\/fr\/deen-burbigo-tournee-europeenne\/#breadcrumb","itemListElement":[{"@type":"ListItem","position":1,"name":"Home","item":"https:\/\/whatthefrance.org\/fr\/"},{"@type":"ListItem","position":2,"name":"Deen Burbigo | Tourn\u00e9e europ\u00e9enne"}]},{"@type":"WebSite","@id":"https:\/\/whatthefrance.org\/fr\/#website","url":"https:\/\/whatthefrance.org\/fr\/","name":"What the France","description":"The finest music made in France !","publisher":{"@id":"https:\/\/whatthefrance.org\/fr\/#organization"},"potentialAction":[{"@type":"SearchAction","target":{"@type":"EntryPoint","urlTemplate":"https:\/\/whatthefrance.org\/fr\/?s={search_term_string}"},"query-input":{"@type":"PropertyValueSpecification","valueRequired":true,"valueName":"search_term_string"}}],"inLanguage":"fr-FR"},{"@type":"Organization","@id":"https:\/\/whatthefrance.org\/fr\/#organization","name":"What The France","url":"https:\/\/whatthefrance.org\/fr\/","logo":{"@type":"ImageObject","inLanguage":"fr-FR","@id":"https:\/\/whatthefrance.org\/fr\/#\/schema\/logo\/image\/","url":"https:\/\/whatthefrance.org\/wp-content\/uploads\/2019\/12\/44688719_2251580388408837_694180218134331392_n-e1577679609190.png","contentUrl":"https:\/\/whatthefrance.org\/wp-content\/uploads\/2019\/12\/44688719_2251580388408837_694180218134331392_n-e1577679609190.png","width":200,"height":200,"caption":"What The France"},"image":{"@id":"https:\/\/whatthefrance.org\/fr\/#\/schema\/logo\/image\/"}},{"@type":"Person","@id":"https:\/\/whatthefrance.org\/fr\/#\/schema\/person\/3b7ea6fb70b536503b3e8c909c564a81","name":"Marie-Sophie Administrateur","image":{"@type":"ImageObject","inLanguage":"fr-FR","@id":"https:\/\/secure.gravatar.com\/avatar\/d57e4552c73c8713409cd3c2de53bdb5d220ebdd76dc7ba351b2dbae89f5afa9?s=96&d=mm&r=g","url":"https:\/\/secure.gravatar.com\/avatar\/d57e4552c73c8713409cd3c2de53bdb5d220ebdd76dc7ba351b2dbae89f5afa9?s=96&d=mm&r=g","contentUrl":"https:\/\/secure.gravatar.com\/avatar\/d57e4552c73c8713409cd3c2de53bdb5d220ebdd76dc7ba351b2dbae89f5afa9?s=96&d=mm&r=g","caption":"Marie-Sophie Administrateur"}}]}},"_links":{"self":[{"href":"https:\/\/whatthefrance.org\/fr\/wp-json\/wp\/v2\/posts\/45081","targetHints":{"allow":["GET"]}}],"collection":[{"href":"https:\/\/whatthefrance.org\/fr\/wp-json\/wp\/v2\/posts"}],"about":[{"href":"https:\/\/whatthefrance.org\/fr\/wp-json\/wp\/v2\/types\/post"}],"author":[{"embeddable":true,"href":"https:\/\/whatthefrance.org\/fr\/wp-json\/wp\/v2\/users\/6"}],"replies":[{"embeddable":true,"href":"https:\/\/whatthefrance.org\/fr\/wp-json\/wp\/v2\/comments?post=45081"}],"version-history":[{"count":3,"href":"https:\/\/whatthefrance.org\/fr\/wp-json\/wp\/v2\/posts\/45081\/revisions"}],"predecessor-version":[{"id":45235,"href":"https:\/\/whatthefrance.org\/fr\/wp-json\/wp\/v2\/posts\/45081\/revisions\/45235"}],"wp:attachment":[{"href":"https:\/\/whatthefrance.org\/fr\/wp-json\/wp\/v2\/media?parent=45081"}],"wp:term":[{"taxonomy":"category","embeddable":true,"href":"https:\/\/whatthefrance.org\/fr\/wp-json\/wp\/v2\/categories?post=45081"},{"taxonomy":"post_tag","embeddable":true,"href":"https:\/\/whatthefrance.org\/fr\/wp-json\/wp\/v2\/tags?post=45081"}],"curies":[{"name":"wp","href":"https:\/\/api.w.org\/{rel}","templated":true}]}}