{"id":46288,"date":"2022-09-14T10:00:33","date_gmt":"2022-09-14T08:00:33","guid":{"rendered":"https:\/\/whatthefrance.org\/?p=46288"},"modified":"2022-09-13T15:44:45","modified_gmt":"2022-09-13T13:44:45","slug":"yellowstraps-premiere-tournee-en-solo","status":"publish","type":"post","link":"https:\/\/whatthefrance.org\/fr\/yellowstraps-premiere-tournee-en-solo\/","title":{"rendered":"YellowStraps | Premi\u00e8re tourn\u00e9e en solo"},"content":{"rendered":"<p>Fond\u00e9 \u00e0 Bruxelles par les fr\u00e8res Yvan et Alban Murenzi,\u00a0<a title=\"https:\/\/fra01.safelinks.protection.outlook.com\/?url=https%3A%2F%2Fwww.instagram.com%2Fyellowstraps%2F&amp;data=05%7C01%7Cmarie-sophie.cazin%40cnm.fr%7Ccb57ba3a52fd45aebb2108da958bcd1e%7Cba774e6290394882a8cac4a49ebaf0d1%7C1%7C0%7C637986724918133114%7CUnknown%7CTWFpbGZsb3d8eyJWIjoiMC4wLjAwMDAiLCJQIjoiV2luMzIiLCJBTiI6Ik1haWwiLCJXVCI6Mn0%3D%7C3000%7C%7C%7C&amp;sdata=nevF%2Fs5h1Kp1YuRie%2BnztT2zxObot3K%2B7ehqjAIkBZs%3D&amp;reserved=0\" contenteditable=\"false\" href=\"https:\/\/fra01.safelinks.protection.outlook.com\/?url=https%3A%2F%2Fwww.instagram.com%2Fyellowstraps%2F&amp;data=05%7C01%7Cmarie-sophie.cazin%40cnm.fr%7Ccb57ba3a52fd45aebb2108da958bcd1e%7Cba774e6290394882a8cac4a49ebaf0d1%7C1%7C0%7C637986724918133114%7CUnknown%7CTWFpbGZsb3d8eyJWIjoiMC4wLjAwMDAiLCJQIjoiV2luMzIiLCJBTiI6Ik1haWwiLCJXVCI6Mn0%3D%7C3000%7C%7C%7C&amp;sdata=nevF%2Fs5h1Kp1YuRie%2BnztT2zxObot3K%2B7ehqjAIkBZs%3D&amp;reserved=0\"><b>YellowStraps<\/b><\/a>\u00a0propose depuis pr\u00e8s de dix ans un m\u00e9lange n\u00e9o-soul unique qui caresse les sens, tout en \u00e9tant fi\u00e8rement soutenu par la sc\u00e8ne rap belge (Romeo Elvis, Le Motel, L&rsquo;Or du Commun, etc.).<\/p>\n<p><iframe loading=\"lazy\" title=\"YellowStraps - tnght [tour diary]\" width=\"500\" height=\"281\" src=\"https:\/\/www.youtube.com\/embed\/c4EKIleV4O8?feature=oembed\" frameborder=\"0\" allow=\"accelerometer; autoplay; clipboard-write; encrypted-media; gyroscope; picture-in-picture; web-share\" referrerpolicy=\"strict-origin-when-cross-origin\" allowfullscreen><\/iframe><\/p>\n<p>Le duo est \u00e0 pr\u00e9sent devenu l\u2019\u0153uvre d\u2019un seul homme (Alban part, Yvan reste) et repousse d\u00e9sormais les limites, sans pour autant renier son ADN. La raison est assez simple : apr\u00e8s le\u00a0<b><i>Yellockdown Project<\/i><\/b>\u00a0(2020), la derni\u00e8re mixtape de YellowStraps, r\u00e9alis\u00e9e du d\u00e9but \u00e0 la fin pendant le \u00ab\u00a0lockdown\u00a0\u00bb et dont chaque titre a \u00e9t\u00e9 cr\u00e9\u00e9 en moins d&rsquo;une journ\u00e9e avec des collaborations du monde entier (avec notamment la participation de Crayon, agajon, Louis VI et autres), Alban d\u00e9cide de prendre du recul.<br \/>\n<img decoding=\"async\" class=\"wp-image-46277 alignright\" src=\"https:\/\/whatthefrance.org\/wp-content\/uploads\/2022\/09\/546222c79ab0cc3c1e5363b232b4e525.800x800x1-150x150.jpg\" alt=\"\" width=\"335\" height=\"335\" srcset=\"https:\/\/whatthefrance.org\/wp-content\/uploads\/2022\/09\/546222c79ab0cc3c1e5363b232b4e525.800x800x1-150x150.jpg 150w, https:\/\/whatthefrance.org\/wp-content\/uploads\/2022\/09\/546222c79ab0cc3c1e5363b232b4e525.800x800x1-300x300.jpg 300w, https:\/\/whatthefrance.org\/wp-content\/uploads\/2022\/09\/546222c79ab0cc3c1e5363b232b4e525.800x800x1-768x768.jpg 768w, https:\/\/whatthefrance.org\/wp-content\/uploads\/2022\/09\/546222c79ab0cc3c1e5363b232b4e525.800x800x1-452x452.jpg 452w, https:\/\/whatthefrance.org\/wp-content\/uploads\/2022\/09\/546222c79ab0cc3c1e5363b232b4e525.800x800x1-348x348.jpg 348w, https:\/\/whatthefrance.org\/wp-content\/uploads\/2022\/09\/546222c79ab0cc3c1e5363b232b4e525.800x800x1-254x254.jpg 254w, https:\/\/whatthefrance.org\/wp-content\/uploads\/2022\/09\/546222c79ab0cc3c1e5363b232b4e525.800x800x1-170x170.jpg 170w, https:\/\/whatthefrance.org\/wp-content\/uploads\/2022\/09\/546222c79ab0cc3c1e5363b232b4e525.800x800x1.jpg 800w\" sizes=\"(max-width: 335px) 100vw, 335px\" \/><\/p>\n<p>Cette d\u00e9cision n&rsquo;a rien \u00e0 voir avec des rivalit\u00e9s ou des disputes entre fr\u00e8res, mais constitue plut\u00f4t un r\u00e9veil pour le plus jeune des deux. L&rsquo;envie de cr\u00e9er est d\u00e9sormais \u00e9clips\u00e9e par la pression du succ\u00e8s. \u00ab\u00a0Je peux le comprendre\u00a0\u00bb, explique Yvan. \u00ab\u00a0Nous avons toujours fait de la musique comme un hobby, et maintenant c&rsquo;est devenu notre m\u00e9tier. Apr\u00e8s le\u00a0<em>Yellockdown<\/em>, il y a eu une scission. Il a r\u00e9alis\u00e9 que rien ne serait plus jamais comme avant\u00a0\u00bb. La pochette montre Yvan et Alban assis sur un canap\u00e9 inhabituellement long, un \u00e0 chaque extr\u00e9mit\u00e9, souriants, mais d\u00e9j\u00e0 s\u00e9par\u00e9s. \u00ab\u00a0Cela devait \u00eatre une pr\u00e9monition &#8230;\u00a0\u00bb.<\/p>\n<p>Parmi les directives cr\u00e9atives d&rsquo;Yvan, il y a le d\u00e9sir de produire quelque chose de plus en plus hybride (depuis la d\u00e9couverte de King Krule), le m\u00e9lange d&rsquo;influences rock de sa jeunesse avec des \u00e9l\u00e9ments de R&amp;B, de n\u00e9o-soul et d&rsquo;electronica. C&rsquo;est une qu\u00eate \u00ab\u00a0d&rsquo;\u00e9motions indescriptibles\u00a0\u00bb qui prend forme \u00e0 travers une \u00e9criture m\u00e9lodique et une exp\u00e9rimentation constante.<\/p>\n<p>Le nouveau YellowStraps est l\u00e0, \u00e0 la fois m\u00fbr de son parcours professionnel, mais aussi plein de jeunesse et d&rsquo;inventivit\u00e9.Yvan effectuera prochainement sa premi\u00e8re tourn\u00e9e solo et se produira notamment lors de la prochaine \u00e9dition du Reeperbahn festival \u00e0 Hambourg (Allemagne) du 21 au 24 septembre 2022.<\/p>\n<div class=\"playListBloc singleBloc\"><div class=\"playListBloc-wrap\">    <div class=\"thumbnail\"><img data-src=\"https:\/\/whatthefrance.org\/wp-content\/uploads\/2018\/11\/WTF-Pochettes_urban_7-254x254.jpg\" class=\"lazyload\" alt=\"WTF&#8212;Pochettes_urban_7\" \/>    <\/div>    <div class=\"infos\">        <span class=\"tag\">Genres<\/span>        <h2>Urban A Go-Go<\/h2>        <span class=\"separator\"><\/span>       <span class=\"desc\">Unleash the latest urban music hits made in France.<\/span><div class=\"share flex flexAlignCenter \">\t<span class=\"label\">Partager<\/span>\t<a href=\"https:\/\/www.facebook.com\/sharer\/sharer.php?u=https:\/\/whatthefrance.org\/fr\/playlists\/urban-a-go-go\/\" class=\"facebook\" target=\"_blank\" rel=\"noreferrer\">Facebook<\/a>\t<a href=\"https:\/\/twitter.com\/intent\/tweet?url=https:\/\/whatthefrance.org\/fr\/playlists\/urban-a-go-go\/&text=Urban+A+Go-Go&hashtags=WTF\" class=\"twitter\" target=\"_blank\" rel=\"noreferrer\">Twitter<\/a>\t<a href=\"mailto:?subject=What%20the%20France%20%3A%20Urban%20A%20Go-Go&body=https:\/\/whatthefrance.org\/fr\/playlists\/urban-a-go-go\/\" class=\"mail\" target=\"_blank\" rel=\"noreferrer\">Email<\/a><\/div>        <a href=\"#\" class=\"btn btnPlaylist orange playlist-click\" data-id=\"917\">            <svg version=\"1.1\" x=\"0px\" y=\"0px\" width=\"40px\" height=\"40px\" viewBox=\"0 0 213.7 213.7\" enable-background=\"new 0 0 213.7 213.7\" xml:space=\"preserve\">                <polygon class=\"triangle\" fill=\"none\" stroke-width=\"10\" stroke-linecap=\"round\" stroke-linejoin=\"round\" stroke-miterlimit=\"10\" points=\"\n            73.5,62.5 148.5,105.8 73.5,149.1 \"\/>                <circle class=\"circle\" fill=\"none\"  stroke-width=\"8\" stroke-linecap=\"round\" stroke-linejoin=\"round\" stroke-miterlimit=\"10\" cx=\"106.8\" cy=\"106.8\" r=\"103.3\"\/>                <circle class=\"circle-white\" fill=\"none\"  stroke-width=\"8\" stroke-linecap=\"round\" stroke-linejoin=\"round\" stroke-miterlimit=\"10\" cx=\"106.8\" cy=\"106.8\" r=\"103.3\"\/>            <\/svg>Ecouter        <\/a>    <\/div>  <\/div><\/div>\n<p><strong>Retrouvez toutes l<\/strong><strong>es date<\/strong><strong>s<\/strong><strong> de la tourn\u00e9e<\/strong><strong>\u00a0<\/strong><\/p>\n<div class=\"playListBloc singleBloc\"><div class=\"playListBloc-wrap\">    <div class=\"thumbnail\"><img data-src=\"https:\/\/whatthefrance.org\/wp-content\/uploads\/2022\/08\/Pochette-ReeperBaNH2022_WTF-254x254.jpg\" class=\"lazyload\" alt=\"Pochette ReeperBaNH2022_WTF\" \/>    <\/div>    <div class=\"infos\">        <span class=\"tag\">Events<\/span>        <h2>France @ Reeperbahn Festival 2022<\/h2>        <span class=\"separator\"><\/span>       <span class=\"desc\">The Reeperbahn festival is an international event, held from September 21 to 24, 2022.<\/span><div class=\"share flex flexAlignCenter \">\t<span class=\"label\">Partager<\/span>\t<a href=\"https:\/\/www.facebook.com\/sharer\/sharer.php?u=https:\/\/whatthefrance.org\/fr\/playlists\/france-reeperbahn-festival-2022\/\" class=\"facebook\" target=\"_blank\" rel=\"noreferrer\">Facebook<\/a>\t<a href=\"https:\/\/twitter.com\/intent\/tweet?url=https:\/\/whatthefrance.org\/fr\/playlists\/france-reeperbahn-festival-2022\/&text=France+%40+Reeperbahn+Festival+2022&hashtags=WTF\" class=\"twitter\" target=\"_blank\" rel=\"noreferrer\">Twitter<\/a>\t<a href=\"mailto:?subject=What%20the%20France%20%3A%20France%20%40%20Reeperbahn%20Festival%202022&body=https:\/\/whatthefrance.org\/fr\/playlists\/france-reeperbahn-festival-2022\/\" class=\"mail\" target=\"_blank\" rel=\"noreferrer\">Email<\/a><\/div>        <a href=\"#\" class=\"btn btnPlaylist orange playlist-click\" data-id=\"45737\">            <svg version=\"1.1\" x=\"0px\" y=\"0px\" width=\"40px\" height=\"40px\" viewBox=\"0 0 213.7 213.7\" enable-background=\"new 0 0 213.7 213.7\" xml:space=\"preserve\">                <polygon class=\"triangle\" fill=\"none\" stroke-width=\"10\" stroke-linecap=\"round\" stroke-linejoin=\"round\" stroke-miterlimit=\"10\" points=\"\n            73.5,62.5 148.5,105.8 73.5,149.1 \"\/>                <circle class=\"circle\" fill=\"none\"  stroke-width=\"8\" stroke-linecap=\"round\" stroke-linejoin=\"round\" stroke-miterlimit=\"10\" cx=\"106.8\" cy=\"106.8\" r=\"103.3\"\/>                <circle class=\"circle-white\" fill=\"none\"  stroke-width=\"8\" stroke-linecap=\"round\" stroke-linejoin=\"round\" stroke-miterlimit=\"10\" cx=\"106.8\" cy=\"106.8\" r=\"103.3\"\/>            <\/svg>Ecouter        <\/a>    <\/div>  <\/div><\/div>\n","protected":false},"excerpt":{"rendered":"<p>Fond\u00e9 \u00e0 Bruxelles par les fr\u00e8res Yvan et Alban Murenzi,\u00a0YellowStraps\u00a0propose depuis pr\u00e8s de dix ans un m\u00e9lange n\u00e9o-soul unique qui caresse les sens, tout en \u00e9tant fi\u00e8rement soutenu par la sc\u00e8ne rap belge (Romeo Elvis, Le Motel, L&rsquo;Or du Commun, etc.). Le duo est \u00e0 pr\u00e9sent devenu l\u2019\u0153uvre d\u2019un seul homme (Alban part, Yvan reste) [&hellip;]<\/p>\n","protected":false},"author":6,"featured_media":0,"comment_status":"closed","ping_status":"closed","sticky":false,"template":"","format":"standard","meta":{"_acf_changed":false,"footnotes":""},"categories":[213],"tags":[323,340,346,357],"class_list":["post-46288","post","type-post","status-publish","format-standard","hentry","category-event-fr","tag-electronic-fr","tag-pop-fr","tag-rap-fr","tag-urban-fr"],"acf":[],"yoast_head":"<!-- This site is optimized with the Yoast SEO plugin v27.3 - https:\/\/yoast.com\/product\/yoast-seo-wordpress\/ -->\n<title>YellowStraps | Premi\u00e8re tourn\u00e9e en solo - What the France<\/title>\n<meta name=\"robots\" content=\"index, follow, max-snippet:-1, max-image-preview:large, max-video-preview:-1\" \/>\n<link rel=\"canonical\" href=\"https:\/\/whatthefrance.org\/fr\/yellowstraps-premiere-tournee-en-solo\/\" \/>\n<meta property=\"og:locale\" content=\"fr_FR\" \/>\n<meta property=\"og:type\" content=\"article\" \/>\n<meta property=\"og:title\" content=\"YellowStraps | Premi\u00e8re tourn\u00e9e en solo - What the France\" \/>\n<meta property=\"og:description\" content=\"Fond\u00e9 \u00e0 Bruxelles par les fr\u00e8res Yvan et Alban Murenzi,\u00a0YellowStraps\u00a0propose depuis pr\u00e8s de dix ans un m\u00e9lange n\u00e9o-soul unique qui caresse les sens, tout en \u00e9tant fi\u00e8rement soutenu par la sc\u00e8ne rap belge (Romeo Elvis, Le Motel, L&rsquo;Or du Commun, etc.). Le duo est \u00e0 pr\u00e9sent devenu l\u2019\u0153uvre d\u2019un seul homme (Alban part, Yvan reste) [&hellip;]\" \/>\n<meta property=\"og:url\" content=\"https:\/\/whatthefrance.org\/fr\/yellowstraps-premiere-tournee-en-solo\/\" \/>\n<meta property=\"og:site_name\" content=\"What the France\" \/>\n<meta property=\"article:published_time\" content=\"2022-09-14T08:00:33+00:00\" \/>\n<meta property=\"og:image\" content=\"https:\/\/whatthefrance.org\/wp-content\/uploads\/2022\/09\/yellowstraps_what_the_france_cover.png\" \/>\n\t<meta property=\"og:image:width\" content=\"1084\" \/>\n\t<meta property=\"og:image:height\" content=\"452\" \/><meta property=\"og:image\" content=\"https:\/\/whatthefrance.org\/wp-content\/uploads\/2022\/09\/546222c79ab0cc3c1e5363b232b4e525.800x800x1-150x150.jpg\" \/>\n<meta name=\"author\" content=\"Marie-Sophie Administrateur\" \/>\n<meta name=\"twitter:card\" content=\"summary_large_image\" \/>\n<meta name=\"twitter:label1\" content=\"\u00c9crit par\" \/>\n\t<meta name=\"twitter:data1\" content=\"Marie-Sophie Administrateur\" \/>\n\t<meta name=\"twitter:label2\" content=\"Dur\u00e9e de lecture estim\u00e9e\" \/>\n\t<meta name=\"twitter:data2\" content=\"2 minutes\" \/>\n<script type=\"application\/ld+json\" class=\"yoast-schema-graph\">{\"@context\":\"https:\\\/\\\/schema.org\",\"@graph\":[{\"@type\":\"Article\",\"@id\":\"https:\\\/\\\/whatthefrance.org\\\/fr\\\/yellowstraps-premiere-tournee-en-solo\\\/#article\",\"isPartOf\":{\"@id\":\"https:\\\/\\\/whatthefrance.org\\\/fr\\\/yellowstraps-premiere-tournee-en-solo\\\/\"},\"author\":{\"name\":\"Marie-Sophie Administrateur\",\"@id\":\"https:\\\/\\\/whatthefrance.org\\\/fr\\\/#\\\/schema\\\/person\\\/3b7ea6fb70b536503b3e8c909c564a81\"},\"headline\":\"YellowStraps | Premi\u00e8re tourn\u00e9e en solo\",\"datePublished\":\"2022-09-14T08:00:33+00:00\",\"mainEntityOfPage\":{\"@id\":\"https:\\\/\\\/whatthefrance.org\\\/fr\\\/yellowstraps-premiere-tournee-en-solo\\\/\"},\"wordCount\":412,\"publisher\":{\"@id\":\"https:\\\/\\\/whatthefrance.org\\\/fr\\\/#organization\"},\"image\":{\"@id\":\"https:\\\/\\\/whatthefrance.org\\\/fr\\\/yellowstraps-premiere-tournee-en-solo\\\/#primaryimage\"},\"thumbnailUrl\":\"https:\\\/\\\/whatthefrance.org\\\/wp-content\\\/uploads\\\/2022\\\/09\\\/546222c79ab0cc3c1e5363b232b4e525.800x800x1-150x150.jpg\",\"keywords\":[\"Electronic\",\"Pop\",\"Rap\",\"Urban\"],\"articleSection\":[\"Event\"],\"inLanguage\":\"fr-FR\"},{\"@type\":\"WebPage\",\"@id\":\"https:\\\/\\\/whatthefrance.org\\\/fr\\\/yellowstraps-premiere-tournee-en-solo\\\/\",\"url\":\"https:\\\/\\\/whatthefrance.org\\\/fr\\\/yellowstraps-premiere-tournee-en-solo\\\/\",\"name\":\"YellowStraps | Premi\u00e8re tourn\u00e9e en solo - What the France\",\"isPartOf\":{\"@id\":\"https:\\\/\\\/whatthefrance.org\\\/fr\\\/#website\"},\"primaryImageOfPage\":{\"@id\":\"https:\\\/\\\/whatthefrance.org\\\/fr\\\/yellowstraps-premiere-tournee-en-solo\\\/#primaryimage\"},\"image\":{\"@id\":\"https:\\\/\\\/whatthefrance.org\\\/fr\\\/yellowstraps-premiere-tournee-en-solo\\\/#primaryimage\"},\"thumbnailUrl\":\"https:\\\/\\\/whatthefrance.org\\\/wp-content\\\/uploads\\\/2022\\\/09\\\/546222c79ab0cc3c1e5363b232b4e525.800x800x1-150x150.jpg\",\"datePublished\":\"2022-09-14T08:00:33+00:00\",\"breadcrumb\":{\"@id\":\"https:\\\/\\\/whatthefrance.org\\\/fr\\\/yellowstraps-premiere-tournee-en-solo\\\/#breadcrumb\"},\"inLanguage\":\"fr-FR\",\"potentialAction\":[{\"@type\":\"ReadAction\",\"target\":[\"https:\\\/\\\/whatthefrance.org\\\/fr\\\/yellowstraps-premiere-tournee-en-solo\\\/\"]}]},{\"@type\":\"ImageObject\",\"inLanguage\":\"fr-FR\",\"@id\":\"https:\\\/\\\/whatthefrance.org\\\/fr\\\/yellowstraps-premiere-tournee-en-solo\\\/#primaryimage\",\"url\":\"https:\\\/\\\/whatthefrance.org\\\/wp-content\\\/uploads\\\/2022\\\/09\\\/546222c79ab0cc3c1e5363b232b4e525.800x800x1-150x150.jpg\",\"contentUrl\":\"https:\\\/\\\/whatthefrance.org\\\/wp-content\\\/uploads\\\/2022\\\/09\\\/546222c79ab0cc3c1e5363b232b4e525.800x800x1-150x150.jpg\"},{\"@type\":\"BreadcrumbList\",\"@id\":\"https:\\\/\\\/whatthefrance.org\\\/fr\\\/yellowstraps-premiere-tournee-en-solo\\\/#breadcrumb\",\"itemListElement\":[{\"@type\":\"ListItem\",\"position\":1,\"name\":\"Home\",\"item\":\"https:\\\/\\\/whatthefrance.org\\\/fr\\\/\"},{\"@type\":\"ListItem\",\"position\":2,\"name\":\"YellowStraps | Premi\u00e8re tourn\u00e9e en solo\"}]},{\"@type\":\"WebSite\",\"@id\":\"https:\\\/\\\/whatthefrance.org\\\/fr\\\/#website\",\"url\":\"https:\\\/\\\/whatthefrance.org\\\/fr\\\/\",\"name\":\"What the France\",\"description\":\"The finest music made in France !\",\"publisher\":{\"@id\":\"https:\\\/\\\/whatthefrance.org\\\/fr\\\/#organization\"},\"potentialAction\":[{\"@type\":\"SearchAction\",\"target\":{\"@type\":\"EntryPoint\",\"urlTemplate\":\"https:\\\/\\\/whatthefrance.org\\\/fr\\\/?s={search_term_string}\"},\"query-input\":{\"@type\":\"PropertyValueSpecification\",\"valueRequired\":true,\"valueName\":\"search_term_string\"}}],\"inLanguage\":\"fr-FR\"},{\"@type\":\"Organization\",\"@id\":\"https:\\\/\\\/whatthefrance.org\\\/fr\\\/#organization\",\"name\":\"What The France\",\"url\":\"https:\\\/\\\/whatthefrance.org\\\/fr\\\/\",\"logo\":{\"@type\":\"ImageObject\",\"inLanguage\":\"fr-FR\",\"@id\":\"https:\\\/\\\/whatthefrance.org\\\/fr\\\/#\\\/schema\\\/logo\\\/image\\\/\",\"url\":\"https:\\\/\\\/whatthefrance.org\\\/wp-content\\\/uploads\\\/2019\\\/12\\\/44688719_2251580388408837_694180218134331392_n-e1577679609190.png\",\"contentUrl\":\"https:\\\/\\\/whatthefrance.org\\\/wp-content\\\/uploads\\\/2019\\\/12\\\/44688719_2251580388408837_694180218134331392_n-e1577679609190.png\",\"width\":200,\"height\":200,\"caption\":\"What The France\"},\"image\":{\"@id\":\"https:\\\/\\\/whatthefrance.org\\\/fr\\\/#\\\/schema\\\/logo\\\/image\\\/\"}},{\"@type\":\"Person\",\"@id\":\"https:\\\/\\\/whatthefrance.org\\\/fr\\\/#\\\/schema\\\/person\\\/3b7ea6fb70b536503b3e8c909c564a81\",\"name\":\"Marie-Sophie Administrateur\",\"image\":{\"@type\":\"ImageObject\",\"inLanguage\":\"fr-FR\",\"@id\":\"https:\\\/\\\/secure.gravatar.com\\\/avatar\\\/d57e4552c73c8713409cd3c2de53bdb5d220ebdd76dc7ba351b2dbae89f5afa9?s=96&d=mm&r=g\",\"url\":\"https:\\\/\\\/secure.gravatar.com\\\/avatar\\\/d57e4552c73c8713409cd3c2de53bdb5d220ebdd76dc7ba351b2dbae89f5afa9?s=96&d=mm&r=g\",\"contentUrl\":\"https:\\\/\\\/secure.gravatar.com\\\/avatar\\\/d57e4552c73c8713409cd3c2de53bdb5d220ebdd76dc7ba351b2dbae89f5afa9?s=96&d=mm&r=g\",\"caption\":\"Marie-Sophie Administrateur\"}}]}<\/script>\n<!-- \/ Yoast SEO plugin. -->","yoast_head_json":{"title":"YellowStraps | Premi\u00e8re tourn\u00e9e en solo - What the France","robots":{"index":"index","follow":"follow","max-snippet":"max-snippet:-1","max-image-preview":"max-image-preview:large","max-video-preview":"max-video-preview:-1"},"canonical":"https:\/\/whatthefrance.org\/fr\/yellowstraps-premiere-tournee-en-solo\/","og_locale":"fr_FR","og_type":"article","og_title":"YellowStraps | Premi\u00e8re tourn\u00e9e en solo - What the France","og_description":"Fond\u00e9 \u00e0 Bruxelles par les fr\u00e8res Yvan et Alban Murenzi,\u00a0YellowStraps\u00a0propose depuis pr\u00e8s de dix ans un m\u00e9lange n\u00e9o-soul unique qui caresse les sens, tout en \u00e9tant fi\u00e8rement soutenu par la sc\u00e8ne rap belge (Romeo Elvis, Le Motel, L&rsquo;Or du Commun, etc.). Le duo est \u00e0 pr\u00e9sent devenu l\u2019\u0153uvre d\u2019un seul homme (Alban part, Yvan reste) [&hellip;]","og_url":"https:\/\/whatthefrance.org\/fr\/yellowstraps-premiere-tournee-en-solo\/","og_site_name":"What the France","article_published_time":"2022-09-14T08:00:33+00:00","og_image":[{"url":"https:\/\/whatthefrance.org\/wp-content\/uploads\/2022\/09\/yellowstraps_what_the_france_cover.png","height":452,"width":1084,"type":""},{"url":"https:\/\/whatthefrance.org\/wp-content\/uploads\/2022\/09\/546222c79ab0cc3c1e5363b232b4e525.800x800x1-150x150.jpg","type":"","width":"","height":""}],"author":"Marie-Sophie Administrateur","twitter_card":"summary_large_image","twitter_misc":{"\u00c9crit par":"Marie-Sophie Administrateur","Dur\u00e9e de lecture estim\u00e9e":"2 minutes"},"schema":{"@context":"https:\/\/schema.org","@graph":[{"@type":"Article","@id":"https:\/\/whatthefrance.org\/fr\/yellowstraps-premiere-tournee-en-solo\/#article","isPartOf":{"@id":"https:\/\/whatthefrance.org\/fr\/yellowstraps-premiere-tournee-en-solo\/"},"author":{"name":"Marie-Sophie Administrateur","@id":"https:\/\/whatthefrance.org\/fr\/#\/schema\/person\/3b7ea6fb70b536503b3e8c909c564a81"},"headline":"YellowStraps | Premi\u00e8re tourn\u00e9e en solo","datePublished":"2022-09-14T08:00:33+00:00","mainEntityOfPage":{"@id":"https:\/\/whatthefrance.org\/fr\/yellowstraps-premiere-tournee-en-solo\/"},"wordCount":412,"publisher":{"@id":"https:\/\/whatthefrance.org\/fr\/#organization"},"image":{"@id":"https:\/\/whatthefrance.org\/fr\/yellowstraps-premiere-tournee-en-solo\/#primaryimage"},"thumbnailUrl":"https:\/\/whatthefrance.org\/wp-content\/uploads\/2022\/09\/546222c79ab0cc3c1e5363b232b4e525.800x800x1-150x150.jpg","keywords":["Electronic","Pop","Rap","Urban"],"articleSection":["Event"],"inLanguage":"fr-FR"},{"@type":"WebPage","@id":"https:\/\/whatthefrance.org\/fr\/yellowstraps-premiere-tournee-en-solo\/","url":"https:\/\/whatthefrance.org\/fr\/yellowstraps-premiere-tournee-en-solo\/","name":"YellowStraps | Premi\u00e8re tourn\u00e9e en solo - What the France","isPartOf":{"@id":"https:\/\/whatthefrance.org\/fr\/#website"},"primaryImageOfPage":{"@id":"https:\/\/whatthefrance.org\/fr\/yellowstraps-premiere-tournee-en-solo\/#primaryimage"},"image":{"@id":"https:\/\/whatthefrance.org\/fr\/yellowstraps-premiere-tournee-en-solo\/#primaryimage"},"thumbnailUrl":"https:\/\/whatthefrance.org\/wp-content\/uploads\/2022\/09\/546222c79ab0cc3c1e5363b232b4e525.800x800x1-150x150.jpg","datePublished":"2022-09-14T08:00:33+00:00","breadcrumb":{"@id":"https:\/\/whatthefrance.org\/fr\/yellowstraps-premiere-tournee-en-solo\/#breadcrumb"},"inLanguage":"fr-FR","potentialAction":[{"@type":"ReadAction","target":["https:\/\/whatthefrance.org\/fr\/yellowstraps-premiere-tournee-en-solo\/"]}]},{"@type":"ImageObject","inLanguage":"fr-FR","@id":"https:\/\/whatthefrance.org\/fr\/yellowstraps-premiere-tournee-en-solo\/#primaryimage","url":"https:\/\/whatthefrance.org\/wp-content\/uploads\/2022\/09\/546222c79ab0cc3c1e5363b232b4e525.800x800x1-150x150.jpg","contentUrl":"https:\/\/whatthefrance.org\/wp-content\/uploads\/2022\/09\/546222c79ab0cc3c1e5363b232b4e525.800x800x1-150x150.jpg"},{"@type":"BreadcrumbList","@id":"https:\/\/whatthefrance.org\/fr\/yellowstraps-premiere-tournee-en-solo\/#breadcrumb","itemListElement":[{"@type":"ListItem","position":1,"name":"Home","item":"https:\/\/whatthefrance.org\/fr\/"},{"@type":"ListItem","position":2,"name":"YellowStraps | Premi\u00e8re tourn\u00e9e en solo"}]},{"@type":"WebSite","@id":"https:\/\/whatthefrance.org\/fr\/#website","url":"https:\/\/whatthefrance.org\/fr\/","name":"What the France","description":"The finest music made in France !","publisher":{"@id":"https:\/\/whatthefrance.org\/fr\/#organization"},"potentialAction":[{"@type":"SearchAction","target":{"@type":"EntryPoint","urlTemplate":"https:\/\/whatthefrance.org\/fr\/?s={search_term_string}"},"query-input":{"@type":"PropertyValueSpecification","valueRequired":true,"valueName":"search_term_string"}}],"inLanguage":"fr-FR"},{"@type":"Organization","@id":"https:\/\/whatthefrance.org\/fr\/#organization","name":"What The France","url":"https:\/\/whatthefrance.org\/fr\/","logo":{"@type":"ImageObject","inLanguage":"fr-FR","@id":"https:\/\/whatthefrance.org\/fr\/#\/schema\/logo\/image\/","url":"https:\/\/whatthefrance.org\/wp-content\/uploads\/2019\/12\/44688719_2251580388408837_694180218134331392_n-e1577679609190.png","contentUrl":"https:\/\/whatthefrance.org\/wp-content\/uploads\/2019\/12\/44688719_2251580388408837_694180218134331392_n-e1577679609190.png","width":200,"height":200,"caption":"What The France"},"image":{"@id":"https:\/\/whatthefrance.org\/fr\/#\/schema\/logo\/image\/"}},{"@type":"Person","@id":"https:\/\/whatthefrance.org\/fr\/#\/schema\/person\/3b7ea6fb70b536503b3e8c909c564a81","name":"Marie-Sophie Administrateur","image":{"@type":"ImageObject","inLanguage":"fr-FR","@id":"https:\/\/secure.gravatar.com\/avatar\/d57e4552c73c8713409cd3c2de53bdb5d220ebdd76dc7ba351b2dbae89f5afa9?s=96&d=mm&r=g","url":"https:\/\/secure.gravatar.com\/avatar\/d57e4552c73c8713409cd3c2de53bdb5d220ebdd76dc7ba351b2dbae89f5afa9?s=96&d=mm&r=g","contentUrl":"https:\/\/secure.gravatar.com\/avatar\/d57e4552c73c8713409cd3c2de53bdb5d220ebdd76dc7ba351b2dbae89f5afa9?s=96&d=mm&r=g","caption":"Marie-Sophie Administrateur"}}]}},"_links":{"self":[{"href":"https:\/\/whatthefrance.org\/fr\/wp-json\/wp\/v2\/posts\/46288","targetHints":{"allow":["GET"]}}],"collection":[{"href":"https:\/\/whatthefrance.org\/fr\/wp-json\/wp\/v2\/posts"}],"about":[{"href":"https:\/\/whatthefrance.org\/fr\/wp-json\/wp\/v2\/types\/post"}],"author":[{"embeddable":true,"href":"https:\/\/whatthefrance.org\/fr\/wp-json\/wp\/v2\/users\/6"}],"replies":[{"embeddable":true,"href":"https:\/\/whatthefrance.org\/fr\/wp-json\/wp\/v2\/comments?post=46288"}],"version-history":[{"count":5,"href":"https:\/\/whatthefrance.org\/fr\/wp-json\/wp\/v2\/posts\/46288\/revisions"}],"predecessor-version":[{"id":46318,"href":"https:\/\/whatthefrance.org\/fr\/wp-json\/wp\/v2\/posts\/46288\/revisions\/46318"}],"wp:attachment":[{"href":"https:\/\/whatthefrance.org\/fr\/wp-json\/wp\/v2\/media?parent=46288"}],"wp:term":[{"taxonomy":"category","embeddable":true,"href":"https:\/\/whatthefrance.org\/fr\/wp-json\/wp\/v2\/categories?post=46288"},{"taxonomy":"post_tag","embeddable":true,"href":"https:\/\/whatthefrance.org\/fr\/wp-json\/wp\/v2\/tags?post=46288"}],"curies":[{"name":"wp","href":"https:\/\/api.w.org\/{rel}","templated":true}]}}