{"id":47717,"date":"2022-10-17T10:06:44","date_gmt":"2022-10-17T08:06:44","guid":{"rendered":"https:\/\/whatthefrance.org\/?p=47717"},"modified":"2022-10-17T11:06:51","modified_gmt":"2022-10-17T09:06:51","slug":"le-festival-da-cancao-fetera-sa-15eme-edition-en-novembre-prochain-avec-chico-cesar-et-camille-bertault","status":"publish","type":"post","link":"https:\/\/whatthefrance.org\/fr\/le-festival-da-cancao-fetera-sa-15eme-edition-en-novembre-prochain-avec-chico-cesar-et-camille-bertault\/","title":{"rendered":"Le Festival da Can\u00e7\u00e3o f\u00eatera sa 15\u00e8me \u00e9dition en novembre prochain avec Chico C\u00e9sar et Camille Bertault"},"content":{"rendered":"<p>Le<span class=\"apple-converted-space\">\u00a0<\/span><a title=\"https:\/\/fra01.safelinks.protection.outlook.com\/?url=https%3A%2F%2Ffestivaldacancaoaf.com.br%2F&amp;data=05%7C01%7Cmarie-sophie.cazin%40cnm.fr%7Caf341e58dd234c316f4008dab01dd564%7Cba774e6290394882a8cac4a49ebaf0d1%7C1%7C0%7C638015939424942817%7CUnknown%7CTWFpbGZsb3d8eyJWIjoiMC4wLjAwMDAiLCJQIjoiV2luMzIiLCJBTiI6Ik1haWwiLCJXVCI6Mn0%3D%7C3000%7C%7C%7C&amp;sdata=e0rkYQ4Yp%2F0Zifsl%2BKCU4oJT%2FSXDeuu3dWMxcBpqAWg%3D&amp;reserved=0\" contenteditable=\"false\" href=\"https:\/\/fra01.safelinks.protection.outlook.com\/?url=https%3A%2F%2Ffestivaldacancaoaf.com.br%2F&amp;data=05%7C01%7Cmarie-sophie.cazin%40cnm.fr%7Caf341e58dd234c316f4008dab01dd564%7Cba774e6290394882a8cac4a49ebaf0d1%7C1%7C0%7C638015939424942817%7CUnknown%7CTWFpbGZsb3d8eyJWIjoiMC4wLjAwMDAiLCJQIjoiV2luMzIiLCJBTiI6Ik1haWwiLCJXVCI6Mn0%3D%7C3000%7C%7C%7C&amp;sdata=e0rkYQ4Yp%2F0Zifsl%2BKCU4oJT%2FSXDeuu3dWMxcBpqAWg%3D&amp;reserved=0\"><b>Festival da <\/b><b>Can\u00e7\u00e3o de l&rsquo;Alliance fran\u00e7aise<\/b><\/a><span class=\"apple-converted-space\">\u00a0<\/span>f\u00eatera en novembre prochain ses 15 ans d\u2019existence, avec comme parrains le chanteur br\u00e9silien<span class=\"apple-converted-space\">\u00a0<\/span><strong>Chico C\u00e9sar<\/strong><span class=\"apple-converted-space\">\u00a0<\/span>et la chanteuse fran\u00e7aise<span class=\"apple-converted-space\">\u00a0<\/span><strong>Camille Bertault<\/strong>. L&rsquo;\u00e9tape finale du concours aura lieu \u00e0 Rio de Janeiro, le 16 novembre 2022.<\/p>\n<p>Cr\u00e9\u00e9 en 2008, le festival se d\u00e9roule dans tout le pays avec des concours r\u00e9gionaux \u00e0 Rio de Janeiro, Salvador, Porto Alegre, Curitiba, Bras\u00edlia et S\u00e3o Paulo. L&rsquo;objectif de l&rsquo;\u00e9v\u00e9nement est de promouvoir la sc\u00e8ne \u00e9mergente et diffuser la diversit\u00e9 du r\u00e9pertoire musical francophone.<\/p>\n<p>Au travers d&rsquo;un concours gratuit et ouvert \u00e0 tous, l&rsquo;initiative cherche \u00e0 valoriser la nouvelle sc\u00e8ne musicale br\u00e9silienne. Des artistes tels que<span class=\"apple-converted-space\">\u00a0<\/span><strong>Luedji Luna<\/strong><span class=\"apple-converted-space\">\u00a0<\/span>et<span class=\"apple-converted-space\">\u00a0<\/span><strong>Amanda Magalh\u00e3es<\/strong><span class=\"apple-converted-space\">\u00a0<\/span>sont pass\u00e9s par le concours. Le Festival da can\u00e7\u00e3o de l&rsquo;Alliance fran\u00e7aise est soutenu par Air France, Club Med, MaMA Festival &amp; Convention, l&rsquo;Ambassade de France au Br\u00e9sil, Chez Georges et What The France.<\/p>\n<p>Cette ann\u00e9e, le jury sera compos\u00e9 de professionnels de l&rsquo;industrie br\u00e9silienne tels que<span class=\"apple-converted-space\">\u00a0<\/span><strong>Ver\u00f4nica Pessoa<\/strong>, label manager chez Altafonte et<span class=\"apple-converted-space\">\u00a0<\/span><strong>Fabiane Pereira<\/strong>, journaliste. Le festival aura pour marraine la chanteuse de jazz<span class=\"apple-converted-space\">\u00a0<\/span><strong>Camille Bertault<\/strong>, et le chanteur br\u00e9silien<span class=\"apple-converted-space\">\u00a0<\/span><strong>Chico C\u00e9sar<\/strong>, qui vient de sortir un nouvel album<span class=\"apple-converted-space\">\u00a0<\/span><em><b>Vestido de Amor<\/b><\/em><span class=\"apple-converted-space\">\u00a0<\/span>(\u00e9coutez la playlist que l&rsquo;artiste a cr\u00e9\u00e9e pour What the France).<\/p>\n<p class=\"gmail-p3\"><img decoding=\"async\" class=\" wp-image-47628 aligncenter\" src=\"https:\/\/whatthefrance.org\/wp-content\/uploads\/2022\/10\/Festival_da_Cancao_22-300x169.png\" alt=\"\" width=\"493\" height=\"278\" srcset=\"https:\/\/whatthefrance.org\/wp-content\/uploads\/2022\/10\/Festival_da_Cancao_22-300x169.png 300w, https:\/\/whatthefrance.org\/wp-content\/uploads\/2022\/10\/Festival_da_Cancao_22-1024x576.png 1024w, https:\/\/whatthefrance.org\/wp-content\/uploads\/2022\/10\/Festival_da_Cancao_22-768x432.png 768w, https:\/\/whatthefrance.org\/wp-content\/uploads\/2022\/10\/Festival_da_Cancao_22.png 1280w\" sizes=\"(max-width: 493px) 100vw, 493px\" \/><\/p>\n<p>En plus du concours, cette nouvelle \u00e9dition du festival proposera plusieurs activit\u00e9s artistiques, avec des concerts, des rencontres professionnelles et des ateliers ouverts au public. L\u2019\u00e9v\u00e9nement se d\u00e9roulera dans divers lieux culturels de Rio, comme le<span class=\"apple-converted-space\"><b>\u00a0<\/b><\/span><strong>Circo Voador<\/strong>,<span class=\"apple-converted-space\">\u00a0<\/span><strong>Oi Futuro<\/strong><span class=\"apple-converted-space\">\u00a0<\/span>et l&rsquo;<strong>Alliance fran\u00e7aise<\/strong>.<\/p>\n<p>Suivez-nous sur les<span class=\"apple-converted-space\">\u00a0<\/span><a title=\"URL d\u2019origine\u00a0:\nhttps:\/\/web.facebook.com\/whatthefrance\n\nCliquez pour suivre le lien.\" contenteditable=\"false\" href=\"https:\/\/fra01.safelinks.protection.outlook.com\/?url=https%3A%2F%2Fweb.facebook.com%2Fwhatthefrance&amp;data=05%7C01%7Cmarie-sophie.cazin%40cnm.fr%7Caf341e58dd234c316f4008dab01dd564%7Cba774e6290394882a8cac4a49ebaf0d1%7C1%7C0%7C638015939424942817%7CUnknown%7CTWFpbGZsb3d8eyJWIjoiMC4wLjAwMDAiLCJQIjoiV2luMzIiLCJBTiI6Ik1haWwiLCJXVCI6Mn0%3D%7C3000%7C%7C%7C&amp;sdata=cfRZrYWbkZIYDhQ1EQbBChUwHELNpqjZT%2Fa0jasdn18%3D&amp;reserved=0\"><b>r\u00e9seaux sociaux<\/b><\/a>, et consultez la programmation compl\u00e8te qui sera communiqu\u00e9e prochainement !<\/p>\n<div class=\"playListBloc singleBloc\"><div class=\"playListBloc-wrap\">    <div class=\"thumbnail\"><img data-src=\"https:\/\/whatthefrance.org\/wp-content\/uploads\/2022\/09\/WTF-Cover-Collab_chico_cesar-254x254.jpg\" class=\"lazyload\" alt=\"WTF&#8212;Cover-Collab_chico_cesar\" \/>    <\/div>    <div class=\"infos\">        <span class=\"tag\">Curators<\/span>        <h2>A Made In France Selection By Chico C\u00e9sar<\/h2>        <span class=\"separator\"><\/span>       <span class=\"desc\">Listen to a selection of \"made in France\" tracks, carefully handpicked by Chico C\u00e9sar.\u00a0<\/span><div class=\"share flex flexAlignCenter \">\t<span class=\"label\">Partager<\/span>\t<a href=\"https:\/\/www.facebook.com\/sharer\/sharer.php?u=https:\/\/whatthefrance.org\/fr\/playlists\/a-made-in-france-selection-by-chico-cesar\/\" class=\"facebook\" target=\"_blank\" rel=\"noreferrer\">Facebook<\/a>\t<a href=\"https:\/\/twitter.com\/intent\/tweet?url=https:\/\/whatthefrance.org\/fr\/playlists\/a-made-in-france-selection-by-chico-cesar\/&text=A+Made+In+France+Selection+By+Chico+C%C3%A9sar&hashtags=WTF\" class=\"twitter\" target=\"_blank\" rel=\"noreferrer\">Twitter<\/a>\t<a href=\"mailto:?subject=What%20the%20France%20%3A%20A%20Made%20In%20France%20Selection%20By%20Chico%20C%C3%A9sar&body=https:\/\/whatthefrance.org\/fr\/playlists\/a-made-in-france-selection-by-chico-cesar\/\" class=\"mail\" target=\"_blank\" rel=\"noreferrer\">Email<\/a><\/div>        <a href=\"#\" class=\"btn btnPlaylist orange playlist-click\" data-id=\"46936\">            <svg version=\"1.1\" x=\"0px\" y=\"0px\" width=\"40px\" height=\"40px\" viewBox=\"0 0 213.7 213.7\" enable-background=\"new 0 0 213.7 213.7\" xml:space=\"preserve\">                <polygon class=\"triangle\" fill=\"none\" stroke-width=\"10\" stroke-linecap=\"round\" stroke-linejoin=\"round\" stroke-miterlimit=\"10\" points=\"\n            73.5,62.5 148.5,105.8 73.5,149.1 \"\/>                <circle class=\"circle\" fill=\"none\"  stroke-width=\"8\" stroke-linecap=\"round\" stroke-linejoin=\"round\" stroke-miterlimit=\"10\" cx=\"106.8\" cy=\"106.8\" r=\"103.3\"\/>                <circle class=\"circle-white\" fill=\"none\"  stroke-width=\"8\" stroke-linecap=\"round\" stroke-linejoin=\"round\" stroke-miterlimit=\"10\" cx=\"106.8\" cy=\"106.8\" r=\"103.3\"\/>            <\/svg>Ecouter        <\/a>    <\/div>  <\/div><\/div>\n","protected":false},"excerpt":{"rendered":"<p>Le\u00a0Festival da Can\u00e7\u00e3o de l&rsquo;Alliance fran\u00e7aise\u00a0f\u00eatera en novembre prochain ses 15 ans d\u2019existence, avec comme parrains le chanteur br\u00e9silien\u00a0Chico C\u00e9sar\u00a0et la chanteuse fran\u00e7aise\u00a0Camille Bertault. L&rsquo;\u00e9tape finale du concours aura lieu \u00e0 Rio de Janeiro, le 16 novembre 2022. Cr\u00e9\u00e9 en 2008, le festival se d\u00e9roule dans tout le pays avec des concours r\u00e9gionaux \u00e0 Rio [&hellip;]<\/p>\n","protected":false},"author":42,"featured_media":0,"comment_status":"closed","ping_status":"closed","sticky":false,"template":"","format":"standard","meta":{"_acf_changed":false,"footnotes":""},"categories":[213],"tags":[307,361],"class_list":["post-47717","post","type-post","status-publish","format-standard","hentry","category-event-fr","tag-chanson-fr","tag-world-fr"],"acf":[],"yoast_head":"<!-- This site is optimized with the Yoast SEO plugin v27.3 - https:\/\/yoast.com\/product\/yoast-seo-wordpress\/ -->\n<title>Le Festival da Can\u00e7\u00e3o f\u00eatera sa 15\u00e8me \u00e9dition en novembre prochain avec Chico C\u00e9sar et Camille Bertault - What the France<\/title>\n<meta name=\"robots\" content=\"index, follow, max-snippet:-1, max-image-preview:large, max-video-preview:-1\" \/>\n<link rel=\"canonical\" href=\"https:\/\/whatthefrance.org\/fr\/le-festival-da-cancao-fetera-sa-15eme-edition-en-novembre-prochain-avec-chico-cesar-et-camille-bertault\/\" \/>\n<meta property=\"og:locale\" content=\"fr_FR\" \/>\n<meta property=\"og:type\" content=\"article\" \/>\n<meta property=\"og:title\" content=\"Le Festival da Can\u00e7\u00e3o f\u00eatera sa 15\u00e8me \u00e9dition en novembre prochain avec Chico C\u00e9sar et Camille Bertault - What the France\" \/>\n<meta property=\"og:description\" content=\"Le\u00a0Festival da Can\u00e7\u00e3o de l&rsquo;Alliance fran\u00e7aise\u00a0f\u00eatera en novembre prochain ses 15 ans d\u2019existence, avec comme parrains le chanteur br\u00e9silien\u00a0Chico C\u00e9sar\u00a0et la chanteuse fran\u00e7aise\u00a0Camille Bertault. L&rsquo;\u00e9tape finale du concours aura lieu \u00e0 Rio de Janeiro, le 16 novembre 2022. Cr\u00e9\u00e9 en 2008, le festival se d\u00e9roule dans tout le pays avec des concours r\u00e9gionaux \u00e0 Rio [&hellip;]\" \/>\n<meta property=\"og:url\" content=\"https:\/\/whatthefrance.org\/fr\/le-festival-da-cancao-fetera-sa-15eme-edition-en-novembre-prochain-avec-chico-cesar-et-camille-bertault\/\" \/>\n<meta property=\"og:site_name\" content=\"What the France\" \/>\n<meta property=\"article:published_time\" content=\"2022-10-17T08:06:44+00:00\" \/>\n<meta property=\"article:modified_time\" content=\"2022-10-17T09:06:51+00:00\" \/>\n<meta property=\"og:image\" content=\"https:\/\/whatthefrance.org\/wp-content\/uploads\/2022\/10\/UltimaSemana-Feed.png\" \/>\n\t<meta property=\"og:image:width\" content=\"1084\" \/>\n\t<meta property=\"og:image:height\" content=\"535\" \/><meta property=\"og:image\" content=\"https:\/\/whatthefrance.org\/wp-content\/uploads\/2022\/10\/Festival_da_Cancao_22-300x169.png\" \/>\n<meta name=\"author\" content=\"Brieuc Tanguy-Guermeur\" \/>\n<meta name=\"twitter:card\" content=\"summary_large_image\" \/>\n<meta name=\"twitter:label1\" content=\"\u00c9crit par\" \/>\n\t<meta name=\"twitter:data1\" content=\"Brieuc Tanguy-Guermeur\" \/>\n\t<meta name=\"twitter:label2\" content=\"Dur\u00e9e de lecture estim\u00e9e\" \/>\n\t<meta name=\"twitter:data2\" content=\"2 minutes\" \/>\n<script type=\"application\/ld+json\" class=\"yoast-schema-graph\">{\"@context\":\"https:\\\/\\\/schema.org\",\"@graph\":[{\"@type\":\"Article\",\"@id\":\"https:\\\/\\\/whatthefrance.org\\\/fr\\\/le-festival-da-cancao-fetera-sa-15eme-edition-en-novembre-prochain-avec-chico-cesar-et-camille-bertault\\\/#article\",\"isPartOf\":{\"@id\":\"https:\\\/\\\/whatthefrance.org\\\/fr\\\/le-festival-da-cancao-fetera-sa-15eme-edition-en-novembre-prochain-avec-chico-cesar-et-camille-bertault\\\/\"},\"author\":{\"name\":\"Brieuc Tanguy-Guermeur\",\"@id\":\"https:\\\/\\\/whatthefrance.org\\\/fr\\\/#\\\/schema\\\/person\\\/62a7f2b662f166b3d48da99e68eb052f\"},\"headline\":\"Le Festival da Can\u00e7\u00e3o f\u00eatera sa 15\u00e8me \u00e9dition en novembre prochain avec Chico C\u00e9sar et Camille Bertault\",\"datePublished\":\"2022-10-17T08:06:44+00:00\",\"dateModified\":\"2022-10-17T09:06:51+00:00\",\"mainEntityOfPage\":{\"@id\":\"https:\\\/\\\/whatthefrance.org\\\/fr\\\/le-festival-da-cancao-fetera-sa-15eme-edition-en-novembre-prochain-avec-chico-cesar-et-camille-bertault\\\/\"},\"wordCount\":326,\"publisher\":{\"@id\":\"https:\\\/\\\/whatthefrance.org\\\/fr\\\/#organization\"},\"image\":{\"@id\":\"https:\\\/\\\/whatthefrance.org\\\/fr\\\/le-festival-da-cancao-fetera-sa-15eme-edition-en-novembre-prochain-avec-chico-cesar-et-camille-bertault\\\/#primaryimage\"},\"thumbnailUrl\":\"https:\\\/\\\/whatthefrance.org\\\/wp-content\\\/uploads\\\/2022\\\/10\\\/Festival_da_Cancao_22-300x169.png\",\"keywords\":[\"Chanson\",\"World\"],\"articleSection\":[\"Event\"],\"inLanguage\":\"fr-FR\"},{\"@type\":\"WebPage\",\"@id\":\"https:\\\/\\\/whatthefrance.org\\\/fr\\\/le-festival-da-cancao-fetera-sa-15eme-edition-en-novembre-prochain-avec-chico-cesar-et-camille-bertault\\\/\",\"url\":\"https:\\\/\\\/whatthefrance.org\\\/fr\\\/le-festival-da-cancao-fetera-sa-15eme-edition-en-novembre-prochain-avec-chico-cesar-et-camille-bertault\\\/\",\"name\":\"Le Festival da Can\u00e7\u00e3o f\u00eatera sa 15\u00e8me \u00e9dition en novembre prochain avec Chico C\u00e9sar et Camille Bertault - What the France\",\"isPartOf\":{\"@id\":\"https:\\\/\\\/whatthefrance.org\\\/fr\\\/#website\"},\"primaryImageOfPage\":{\"@id\":\"https:\\\/\\\/whatthefrance.org\\\/fr\\\/le-festival-da-cancao-fetera-sa-15eme-edition-en-novembre-prochain-avec-chico-cesar-et-camille-bertault\\\/#primaryimage\"},\"image\":{\"@id\":\"https:\\\/\\\/whatthefrance.org\\\/fr\\\/le-festival-da-cancao-fetera-sa-15eme-edition-en-novembre-prochain-avec-chico-cesar-et-camille-bertault\\\/#primaryimage\"},\"thumbnailUrl\":\"https:\\\/\\\/whatthefrance.org\\\/wp-content\\\/uploads\\\/2022\\\/10\\\/Festival_da_Cancao_22-300x169.png\",\"datePublished\":\"2022-10-17T08:06:44+00:00\",\"dateModified\":\"2022-10-17T09:06:51+00:00\",\"breadcrumb\":{\"@id\":\"https:\\\/\\\/whatthefrance.org\\\/fr\\\/le-festival-da-cancao-fetera-sa-15eme-edition-en-novembre-prochain-avec-chico-cesar-et-camille-bertault\\\/#breadcrumb\"},\"inLanguage\":\"fr-FR\",\"potentialAction\":[{\"@type\":\"ReadAction\",\"target\":[\"https:\\\/\\\/whatthefrance.org\\\/fr\\\/le-festival-da-cancao-fetera-sa-15eme-edition-en-novembre-prochain-avec-chico-cesar-et-camille-bertault\\\/\"]}]},{\"@type\":\"ImageObject\",\"inLanguage\":\"fr-FR\",\"@id\":\"https:\\\/\\\/whatthefrance.org\\\/fr\\\/le-festival-da-cancao-fetera-sa-15eme-edition-en-novembre-prochain-avec-chico-cesar-et-camille-bertault\\\/#primaryimage\",\"url\":\"https:\\\/\\\/whatthefrance.org\\\/wp-content\\\/uploads\\\/2022\\\/10\\\/Festival_da_Cancao_22-300x169.png\",\"contentUrl\":\"https:\\\/\\\/whatthefrance.org\\\/wp-content\\\/uploads\\\/2022\\\/10\\\/Festival_da_Cancao_22-300x169.png\"},{\"@type\":\"BreadcrumbList\",\"@id\":\"https:\\\/\\\/whatthefrance.org\\\/fr\\\/le-festival-da-cancao-fetera-sa-15eme-edition-en-novembre-prochain-avec-chico-cesar-et-camille-bertault\\\/#breadcrumb\",\"itemListElement\":[{\"@type\":\"ListItem\",\"position\":1,\"name\":\"Home\",\"item\":\"https:\\\/\\\/whatthefrance.org\\\/fr\\\/\"},{\"@type\":\"ListItem\",\"position\":2,\"name\":\"Le Festival da Can\u00e7\u00e3o f\u00eatera sa 15\u00e8me \u00e9dition en novembre prochain avec Chico C\u00e9sar et Camille Bertault\"}]},{\"@type\":\"WebSite\",\"@id\":\"https:\\\/\\\/whatthefrance.org\\\/fr\\\/#website\",\"url\":\"https:\\\/\\\/whatthefrance.org\\\/fr\\\/\",\"name\":\"What the France\",\"description\":\"The finest music made in France !\",\"publisher\":{\"@id\":\"https:\\\/\\\/whatthefrance.org\\\/fr\\\/#organization\"},\"potentialAction\":[{\"@type\":\"SearchAction\",\"target\":{\"@type\":\"EntryPoint\",\"urlTemplate\":\"https:\\\/\\\/whatthefrance.org\\\/fr\\\/?s={search_term_string}\"},\"query-input\":{\"@type\":\"PropertyValueSpecification\",\"valueRequired\":true,\"valueName\":\"search_term_string\"}}],\"inLanguage\":\"fr-FR\"},{\"@type\":\"Organization\",\"@id\":\"https:\\\/\\\/whatthefrance.org\\\/fr\\\/#organization\",\"name\":\"What The France\",\"url\":\"https:\\\/\\\/whatthefrance.org\\\/fr\\\/\",\"logo\":{\"@type\":\"ImageObject\",\"inLanguage\":\"fr-FR\",\"@id\":\"https:\\\/\\\/whatthefrance.org\\\/fr\\\/#\\\/schema\\\/logo\\\/image\\\/\",\"url\":\"https:\\\/\\\/whatthefrance.org\\\/wp-content\\\/uploads\\\/2019\\\/12\\\/44688719_2251580388408837_694180218134331392_n-e1577679609190.png\",\"contentUrl\":\"https:\\\/\\\/whatthefrance.org\\\/wp-content\\\/uploads\\\/2019\\\/12\\\/44688719_2251580388408837_694180218134331392_n-e1577679609190.png\",\"width\":200,\"height\":200,\"caption\":\"What The France\"},\"image\":{\"@id\":\"https:\\\/\\\/whatthefrance.org\\\/fr\\\/#\\\/schema\\\/logo\\\/image\\\/\"}},{\"@type\":\"Person\",\"@id\":\"https:\\\/\\\/whatthefrance.org\\\/fr\\\/#\\\/schema\\\/person\\\/62a7f2b662f166b3d48da99e68eb052f\",\"name\":\"Brieuc Tanguy-Guermeur\",\"image\":{\"@type\":\"ImageObject\",\"inLanguage\":\"fr-FR\",\"@id\":\"https:\\\/\\\/secure.gravatar.com\\\/avatar\\\/2a271e67f4a813c7f7aaadb85bef87c75ccd8403e6318b1540df795601a6a225?s=96&d=mm&r=g\",\"url\":\"https:\\\/\\\/secure.gravatar.com\\\/avatar\\\/2a271e67f4a813c7f7aaadb85bef87c75ccd8403e6318b1540df795601a6a225?s=96&d=mm&r=g\",\"contentUrl\":\"https:\\\/\\\/secure.gravatar.com\\\/avatar\\\/2a271e67f4a813c7f7aaadb85bef87c75ccd8403e6318b1540df795601a6a225?s=96&d=mm&r=g\",\"caption\":\"Brieuc Tanguy-Guermeur\"}}]}<\/script>\n<!-- \/ Yoast SEO plugin. -->","yoast_head_json":{"title":"Le Festival da Can\u00e7\u00e3o f\u00eatera sa 15\u00e8me \u00e9dition en novembre prochain avec Chico C\u00e9sar et Camille Bertault - What the France","robots":{"index":"index","follow":"follow","max-snippet":"max-snippet:-1","max-image-preview":"max-image-preview:large","max-video-preview":"max-video-preview:-1"},"canonical":"https:\/\/whatthefrance.org\/fr\/le-festival-da-cancao-fetera-sa-15eme-edition-en-novembre-prochain-avec-chico-cesar-et-camille-bertault\/","og_locale":"fr_FR","og_type":"article","og_title":"Le Festival da Can\u00e7\u00e3o f\u00eatera sa 15\u00e8me \u00e9dition en novembre prochain avec Chico C\u00e9sar et Camille Bertault - What the France","og_description":"Le\u00a0Festival da Can\u00e7\u00e3o de l&rsquo;Alliance fran\u00e7aise\u00a0f\u00eatera en novembre prochain ses 15 ans d\u2019existence, avec comme parrains le chanteur br\u00e9silien\u00a0Chico C\u00e9sar\u00a0et la chanteuse fran\u00e7aise\u00a0Camille Bertault. L&rsquo;\u00e9tape finale du concours aura lieu \u00e0 Rio de Janeiro, le 16 novembre 2022. Cr\u00e9\u00e9 en 2008, le festival se d\u00e9roule dans tout le pays avec des concours r\u00e9gionaux \u00e0 Rio [&hellip;]","og_url":"https:\/\/whatthefrance.org\/fr\/le-festival-da-cancao-fetera-sa-15eme-edition-en-novembre-prochain-avec-chico-cesar-et-camille-bertault\/","og_site_name":"What the France","article_published_time":"2022-10-17T08:06:44+00:00","article_modified_time":"2022-10-17T09:06:51+00:00","og_image":[{"url":"https:\/\/whatthefrance.org\/wp-content\/uploads\/2022\/10\/UltimaSemana-Feed.png","height":535,"width":1084,"type":""},{"url":"https:\/\/whatthefrance.org\/wp-content\/uploads\/2022\/10\/Festival_da_Cancao_22-300x169.png","type":"","width":"","height":""}],"author":"Brieuc Tanguy-Guermeur","twitter_card":"summary_large_image","twitter_misc":{"\u00c9crit par":"Brieuc Tanguy-Guermeur","Dur\u00e9e de lecture estim\u00e9e":"2 minutes"},"schema":{"@context":"https:\/\/schema.org","@graph":[{"@type":"Article","@id":"https:\/\/whatthefrance.org\/fr\/le-festival-da-cancao-fetera-sa-15eme-edition-en-novembre-prochain-avec-chico-cesar-et-camille-bertault\/#article","isPartOf":{"@id":"https:\/\/whatthefrance.org\/fr\/le-festival-da-cancao-fetera-sa-15eme-edition-en-novembre-prochain-avec-chico-cesar-et-camille-bertault\/"},"author":{"name":"Brieuc Tanguy-Guermeur","@id":"https:\/\/whatthefrance.org\/fr\/#\/schema\/person\/62a7f2b662f166b3d48da99e68eb052f"},"headline":"Le Festival da Can\u00e7\u00e3o f\u00eatera sa 15\u00e8me \u00e9dition en novembre prochain avec Chico C\u00e9sar et Camille Bertault","datePublished":"2022-10-17T08:06:44+00:00","dateModified":"2022-10-17T09:06:51+00:00","mainEntityOfPage":{"@id":"https:\/\/whatthefrance.org\/fr\/le-festival-da-cancao-fetera-sa-15eme-edition-en-novembre-prochain-avec-chico-cesar-et-camille-bertault\/"},"wordCount":326,"publisher":{"@id":"https:\/\/whatthefrance.org\/fr\/#organization"},"image":{"@id":"https:\/\/whatthefrance.org\/fr\/le-festival-da-cancao-fetera-sa-15eme-edition-en-novembre-prochain-avec-chico-cesar-et-camille-bertault\/#primaryimage"},"thumbnailUrl":"https:\/\/whatthefrance.org\/wp-content\/uploads\/2022\/10\/Festival_da_Cancao_22-300x169.png","keywords":["Chanson","World"],"articleSection":["Event"],"inLanguage":"fr-FR"},{"@type":"WebPage","@id":"https:\/\/whatthefrance.org\/fr\/le-festival-da-cancao-fetera-sa-15eme-edition-en-novembre-prochain-avec-chico-cesar-et-camille-bertault\/","url":"https:\/\/whatthefrance.org\/fr\/le-festival-da-cancao-fetera-sa-15eme-edition-en-novembre-prochain-avec-chico-cesar-et-camille-bertault\/","name":"Le Festival da Can\u00e7\u00e3o f\u00eatera sa 15\u00e8me \u00e9dition en novembre prochain avec Chico C\u00e9sar et Camille Bertault - What the France","isPartOf":{"@id":"https:\/\/whatthefrance.org\/fr\/#website"},"primaryImageOfPage":{"@id":"https:\/\/whatthefrance.org\/fr\/le-festival-da-cancao-fetera-sa-15eme-edition-en-novembre-prochain-avec-chico-cesar-et-camille-bertault\/#primaryimage"},"image":{"@id":"https:\/\/whatthefrance.org\/fr\/le-festival-da-cancao-fetera-sa-15eme-edition-en-novembre-prochain-avec-chico-cesar-et-camille-bertault\/#primaryimage"},"thumbnailUrl":"https:\/\/whatthefrance.org\/wp-content\/uploads\/2022\/10\/Festival_da_Cancao_22-300x169.png","datePublished":"2022-10-17T08:06:44+00:00","dateModified":"2022-10-17T09:06:51+00:00","breadcrumb":{"@id":"https:\/\/whatthefrance.org\/fr\/le-festival-da-cancao-fetera-sa-15eme-edition-en-novembre-prochain-avec-chico-cesar-et-camille-bertault\/#breadcrumb"},"inLanguage":"fr-FR","potentialAction":[{"@type":"ReadAction","target":["https:\/\/whatthefrance.org\/fr\/le-festival-da-cancao-fetera-sa-15eme-edition-en-novembre-prochain-avec-chico-cesar-et-camille-bertault\/"]}]},{"@type":"ImageObject","inLanguage":"fr-FR","@id":"https:\/\/whatthefrance.org\/fr\/le-festival-da-cancao-fetera-sa-15eme-edition-en-novembre-prochain-avec-chico-cesar-et-camille-bertault\/#primaryimage","url":"https:\/\/whatthefrance.org\/wp-content\/uploads\/2022\/10\/Festival_da_Cancao_22-300x169.png","contentUrl":"https:\/\/whatthefrance.org\/wp-content\/uploads\/2022\/10\/Festival_da_Cancao_22-300x169.png"},{"@type":"BreadcrumbList","@id":"https:\/\/whatthefrance.org\/fr\/le-festival-da-cancao-fetera-sa-15eme-edition-en-novembre-prochain-avec-chico-cesar-et-camille-bertault\/#breadcrumb","itemListElement":[{"@type":"ListItem","position":1,"name":"Home","item":"https:\/\/whatthefrance.org\/fr\/"},{"@type":"ListItem","position":2,"name":"Le Festival da Can\u00e7\u00e3o f\u00eatera sa 15\u00e8me \u00e9dition en novembre prochain avec Chico C\u00e9sar et Camille Bertault"}]},{"@type":"WebSite","@id":"https:\/\/whatthefrance.org\/fr\/#website","url":"https:\/\/whatthefrance.org\/fr\/","name":"What the France","description":"The finest music made in France !","publisher":{"@id":"https:\/\/whatthefrance.org\/fr\/#organization"},"potentialAction":[{"@type":"SearchAction","target":{"@type":"EntryPoint","urlTemplate":"https:\/\/whatthefrance.org\/fr\/?s={search_term_string}"},"query-input":{"@type":"PropertyValueSpecification","valueRequired":true,"valueName":"search_term_string"}}],"inLanguage":"fr-FR"},{"@type":"Organization","@id":"https:\/\/whatthefrance.org\/fr\/#organization","name":"What The France","url":"https:\/\/whatthefrance.org\/fr\/","logo":{"@type":"ImageObject","inLanguage":"fr-FR","@id":"https:\/\/whatthefrance.org\/fr\/#\/schema\/logo\/image\/","url":"https:\/\/whatthefrance.org\/wp-content\/uploads\/2019\/12\/44688719_2251580388408837_694180218134331392_n-e1577679609190.png","contentUrl":"https:\/\/whatthefrance.org\/wp-content\/uploads\/2019\/12\/44688719_2251580388408837_694180218134331392_n-e1577679609190.png","width":200,"height":200,"caption":"What The France"},"image":{"@id":"https:\/\/whatthefrance.org\/fr\/#\/schema\/logo\/image\/"}},{"@type":"Person","@id":"https:\/\/whatthefrance.org\/fr\/#\/schema\/person\/62a7f2b662f166b3d48da99e68eb052f","name":"Brieuc Tanguy-Guermeur","image":{"@type":"ImageObject","inLanguage":"fr-FR","@id":"https:\/\/secure.gravatar.com\/avatar\/2a271e67f4a813c7f7aaadb85bef87c75ccd8403e6318b1540df795601a6a225?s=96&d=mm&r=g","url":"https:\/\/secure.gravatar.com\/avatar\/2a271e67f4a813c7f7aaadb85bef87c75ccd8403e6318b1540df795601a6a225?s=96&d=mm&r=g","contentUrl":"https:\/\/secure.gravatar.com\/avatar\/2a271e67f4a813c7f7aaadb85bef87c75ccd8403e6318b1540df795601a6a225?s=96&d=mm&r=g","caption":"Brieuc Tanguy-Guermeur"}}]}},"_links":{"self":[{"href":"https:\/\/whatthefrance.org\/fr\/wp-json\/wp\/v2\/posts\/47717","targetHints":{"allow":["GET"]}}],"collection":[{"href":"https:\/\/whatthefrance.org\/fr\/wp-json\/wp\/v2\/posts"}],"about":[{"href":"https:\/\/whatthefrance.org\/fr\/wp-json\/wp\/v2\/types\/post"}],"author":[{"embeddable":true,"href":"https:\/\/whatthefrance.org\/fr\/wp-json\/wp\/v2\/users\/42"}],"replies":[{"embeddable":true,"href":"https:\/\/whatthefrance.org\/fr\/wp-json\/wp\/v2\/comments?post=47717"}],"version-history":[{"count":5,"href":"https:\/\/whatthefrance.org\/fr\/wp-json\/wp\/v2\/posts\/47717\/revisions"}],"predecessor-version":[{"id":48323,"href":"https:\/\/whatthefrance.org\/fr\/wp-json\/wp\/v2\/posts\/47717\/revisions\/48323"}],"wp:attachment":[{"href":"https:\/\/whatthefrance.org\/fr\/wp-json\/wp\/v2\/media?parent=47717"}],"wp:term":[{"taxonomy":"category","embeddable":true,"href":"https:\/\/whatthefrance.org\/fr\/wp-json\/wp\/v2\/categories?post=47717"},{"taxonomy":"post_tag","embeddable":true,"href":"https:\/\/whatthefrance.org\/fr\/wp-json\/wp\/v2\/tags?post=47717"}],"curies":[{"name":"wp","href":"https:\/\/api.w.org\/{rel}","templated":true}]}}