{"id":47919,"date":"2022-11-02T10:00:57","date_gmt":"2022-11-02T09:00:57","guid":{"rendered":"https:\/\/whatthefrance.org\/?p=47919"},"modified":"2022-11-03T16:52:45","modified_gmt":"2022-11-03T15:52:45","slug":"kalika-what-the-france-live-shot","status":"publish","type":"post","link":"https:\/\/whatthefrance.org\/fr\/kalika-what-the-france-live-shot\/","title":{"rendered":"Kalika | What the France Live Shot"},"content":{"rendered":"<p><span class=\"em-orange\">\u00c0 l&rsquo;occasion des <a href=\"https:\/\/www.francofolies.fr\">Francofolies<\/a> 2022, What the France a rencontr\u00e9 <a href=\"https:\/\/www.instagram.com\/kalikamusique\/\"><strong>Kalika<\/strong><\/a>. D\u00e9couvrez cette artiste pop via ce format vid\u00e9o \u00ab\u00a0<strong>Live Shot<\/strong>\u00ab\u00a0. Elle nous raconte son histoire avec la musique, son rapport et point de vue sur les concerts\/festivals&#8230; Pr\u00eats pour un shot de live ?\u00a0<\/span><\/p>\n<p><iframe loading=\"lazy\" title=\"KALIKA  - What the France Live Shot\" width=\"500\" height=\"281\" src=\"https:\/\/www.youtube.com\/embed\/dcgfZBJ1Wh4?feature=oembed\" frameborder=\"0\" allow=\"accelerometer; autoplay; clipboard-write; encrypted-media; gyroscope; picture-in-picture; web-share\" referrerpolicy=\"strict-origin-when-cross-origin\" allowfullscreen><\/iframe><\/p>\n<p>\u00ab\u00a0Affirmative et combattante, la voix de\u00a0<strong>KALIKA\u00a0<\/strong>fait l&rsquo;effet d&rsquo;un coup de poing dans un gant de velours. Bam ! Ses paroles crues racontent les histoires d&rsquo;amour et de sexe tumultueuses d&rsquo;une jeune f\u00e9ministe de 22 ans. Tirant son surnom de Sara-la-Kali, sainte v\u00e9n\u00e9r\u00e9e par la communaut\u00e9 des Gitans de Sainte-Marie-de-la-Mer comme de Kali, d\u00e9esse indienne de la destruction et de la reconstruction, cette Catherine Ringer des temps modernes tape de la voix, le regard cr\u00e9pitant de rage mais le sourire barrant son doux visage.\u00a0\u00bb<\/p>\n<p>Retrouvez Kalika et pleins d&rsquo;autres artistes made in France dans a playlist du mois de What The France ! Disponible sur toutes les plateformes.<\/p>\n<div class=\"playListBloc singleBloc\"><div class=\"playListBloc-wrap\">    <div class=\"thumbnail\"><img data-src=\"https:\/\/whatthefrance.org\/wp-content\/uploads\/2020\/04\/WTF-Pochettes_playlist_of_the_month_3-254x254.jpg\" class=\"lazyload\" alt=\"WTF&#8212;Pochettes_playlist_of_the_month_3\" \/>    <\/div>    <div class=\"infos\">        <span class=\"tag\">Charts &amp; News<\/span>        <h2>Playlist Of The Month<\/h2>        <span class=\"separator\"><\/span>       <span class=\"desc\">A monthly selection of new tracks made in France. <\/span><div class=\"share flex flexAlignCenter \">\t<span class=\"label\">Partager<\/span>\t<a href=\"https:\/\/www.facebook.com\/sharer\/sharer.php?u=https:\/\/whatthefrance.org\/fr\/playlists\/861\/\" class=\"facebook\" target=\"_blank\" rel=\"noreferrer\">Facebook<\/a>\t<a href=\"https:\/\/twitter.com\/intent\/tweet?url=https:\/\/whatthefrance.org\/fr\/playlists\/861\/&text=Playlist+Of+The+Month&hashtags=WTF\" class=\"twitter\" target=\"_blank\" rel=\"noreferrer\">Twitter<\/a>\t<a href=\"mailto:?subject=What%20the%20France%20%3A%20Playlist%20Of%20The%20Month&body=https:\/\/whatthefrance.org\/fr\/playlists\/861\/\" class=\"mail\" target=\"_blank\" rel=\"noreferrer\">Email<\/a><\/div>        <a href=\"#\" class=\"btn btnPlaylist orange playlist-click\" data-id=\"861\">            <svg version=\"1.1\" x=\"0px\" y=\"0px\" width=\"40px\" height=\"40px\" viewBox=\"0 0 213.7 213.7\" enable-background=\"new 0 0 213.7 213.7\" xml:space=\"preserve\">                <polygon class=\"triangle\" fill=\"none\" stroke-width=\"10\" stroke-linecap=\"round\" stroke-linejoin=\"round\" stroke-miterlimit=\"10\" points=\"\n            73.5,62.5 148.5,105.8 73.5,149.1 \"\/>                <circle class=\"circle\" fill=\"none\"  stroke-width=\"8\" stroke-linecap=\"round\" stroke-linejoin=\"round\" stroke-miterlimit=\"10\" cx=\"106.8\" cy=\"106.8\" r=\"103.3\"\/>                <circle class=\"circle-white\" fill=\"none\"  stroke-width=\"8\" stroke-linecap=\"round\" stroke-linejoin=\"round\" stroke-miterlimit=\"10\" cx=\"106.8\" cy=\"106.8\" r=\"103.3\"\/>            <\/svg>Ecouter        <\/a>    <\/div>  <\/div><\/div>\n","protected":false},"excerpt":{"rendered":"<p>\u00c0 l&rsquo;occasion des Francofolies 2022, What the France a rencontr\u00e9 Kalika. D\u00e9couvrez cette artiste pop via ce format vid\u00e9o \u00ab\u00a0Live Shot\u00ab\u00a0. Elle nous raconte son histoire avec la musique, son rapport et point de vue sur les concerts\/festivals&#8230; Pr\u00eats pour un shot de live ?\u00a0 \u00ab\u00a0Affirmative et combattante, la voix de\u00a0KALIKA\u00a0fait l&rsquo;effet d&rsquo;un coup de [&hellip;]<\/p>\n","protected":false},"author":6,"featured_media":0,"comment_status":"closed","ping_status":"closed","sticky":false,"template":"","format":"standard","meta":{"_acf_changed":false,"footnotes":""},"categories":[217],"tags":[340,359],"class_list":["post-47919","post","type-post","status-publish","format-standard","hentry","category-video-fr","tag-pop-fr","tag-variety-fr"],"acf":[],"yoast_head":"<!-- This site is optimized with the Yoast SEO plugin v27.3 - https:\/\/yoast.com\/product\/yoast-seo-wordpress\/ -->\n<title>Kalika | What the France Live Shot - What the France<\/title>\n<meta name=\"robots\" content=\"index, follow, max-snippet:-1, max-image-preview:large, max-video-preview:-1\" \/>\n<link rel=\"canonical\" href=\"https:\/\/whatthefrance.org\/fr\/kalika-what-the-france-live-shot\/\" \/>\n<meta property=\"og:locale\" content=\"fr_FR\" \/>\n<meta property=\"og:type\" content=\"article\" \/>\n<meta property=\"og:title\" content=\"Kalika | What the France Live Shot - What the France\" \/>\n<meta property=\"og:description\" content=\"\u00c0 l&rsquo;occasion des Francofolies 2022, What the France a rencontr\u00e9 Kalika. D\u00e9couvrez cette artiste pop via ce format vid\u00e9o \u00ab\u00a0Live Shot\u00ab\u00a0. Elle nous raconte son histoire avec la musique, son rapport et point de vue sur les concerts\/festivals&#8230; Pr\u00eats pour un shot de live ?\u00a0 \u00ab\u00a0Affirmative et combattante, la voix de\u00a0KALIKA\u00a0fait l&rsquo;effet d&rsquo;un coup de [&hellip;]\" \/>\n<meta property=\"og:url\" content=\"https:\/\/whatthefrance.org\/fr\/kalika-what-the-france-live-shot\/\" \/>\n<meta property=\"og:site_name\" content=\"What the France\" \/>\n<meta property=\"article:published_time\" content=\"2022-11-02T09:00:57+00:00\" \/>\n<meta property=\"article:modified_time\" content=\"2022-11-03T15:52:45+00:00\" \/>\n<meta property=\"og:image\" content=\"https:\/\/whatthefrance.org\/wp-content\/uploads\/2022\/10\/playlist_franco_allemande_what_the_france-3.png\" \/>\n\t<meta property=\"og:image:width\" content=\"1084\" \/>\n\t<meta property=\"og:image:height\" content=\"452\" \/>\n<meta name=\"author\" content=\"Marie-Sophie Administrateur\" \/>\n<meta name=\"twitter:card\" content=\"summary_large_image\" \/>\n<meta name=\"twitter:label1\" content=\"\u00c9crit par\" \/>\n\t<meta name=\"twitter:data1\" content=\"Marie-Sophie Administrateur\" \/>\n\t<meta name=\"twitter:label2\" content=\"Dur\u00e9e de lecture estim\u00e9e\" \/>\n\t<meta name=\"twitter:data2\" content=\"1 minute\" \/>\n<script type=\"application\/ld+json\" class=\"yoast-schema-graph\">{\"@context\":\"https:\\\/\\\/schema.org\",\"@graph\":[{\"@type\":\"Article\",\"@id\":\"https:\\\/\\\/whatthefrance.org\\\/fr\\\/kalika-what-the-france-live-shot\\\/#article\",\"isPartOf\":{\"@id\":\"https:\\\/\\\/whatthefrance.org\\\/fr\\\/kalika-what-the-france-live-shot\\\/\"},\"author\":{\"name\":\"Marie-Sophie Administrateur\",\"@id\":\"https:\\\/\\\/whatthefrance.org\\\/fr\\\/#\\\/schema\\\/person\\\/3b7ea6fb70b536503b3e8c909c564a81\"},\"headline\":\"Kalika | What the France Live Shot\",\"datePublished\":\"2022-11-02T09:00:57+00:00\",\"dateModified\":\"2022-11-03T15:52:45+00:00\",\"mainEntityOfPage\":{\"@id\":\"https:\\\/\\\/whatthefrance.org\\\/fr\\\/kalika-what-the-france-live-shot\\\/\"},\"wordCount\":180,\"publisher\":{\"@id\":\"https:\\\/\\\/whatthefrance.org\\\/fr\\\/#organization\"},\"keywords\":[\"Pop\",\"Variety\"],\"articleSection\":[\"Video\"],\"inLanguage\":\"fr-FR\"},{\"@type\":\"WebPage\",\"@id\":\"https:\\\/\\\/whatthefrance.org\\\/fr\\\/kalika-what-the-france-live-shot\\\/\",\"url\":\"https:\\\/\\\/whatthefrance.org\\\/fr\\\/kalika-what-the-france-live-shot\\\/\",\"name\":\"Kalika | What the France Live Shot - What the France\",\"isPartOf\":{\"@id\":\"https:\\\/\\\/whatthefrance.org\\\/fr\\\/#website\"},\"datePublished\":\"2022-11-02T09:00:57+00:00\",\"dateModified\":\"2022-11-03T15:52:45+00:00\",\"breadcrumb\":{\"@id\":\"https:\\\/\\\/whatthefrance.org\\\/fr\\\/kalika-what-the-france-live-shot\\\/#breadcrumb\"},\"inLanguage\":\"fr-FR\",\"potentialAction\":[{\"@type\":\"ReadAction\",\"target\":[\"https:\\\/\\\/whatthefrance.org\\\/fr\\\/kalika-what-the-france-live-shot\\\/\"]}]},{\"@type\":\"BreadcrumbList\",\"@id\":\"https:\\\/\\\/whatthefrance.org\\\/fr\\\/kalika-what-the-france-live-shot\\\/#breadcrumb\",\"itemListElement\":[{\"@type\":\"ListItem\",\"position\":1,\"name\":\"Home\",\"item\":\"https:\\\/\\\/whatthefrance.org\\\/fr\\\/\"},{\"@type\":\"ListItem\",\"position\":2,\"name\":\"Kalika | What the France Live Shot\"}]},{\"@type\":\"WebSite\",\"@id\":\"https:\\\/\\\/whatthefrance.org\\\/fr\\\/#website\",\"url\":\"https:\\\/\\\/whatthefrance.org\\\/fr\\\/\",\"name\":\"What the France\",\"description\":\"The finest music made in France !\",\"publisher\":{\"@id\":\"https:\\\/\\\/whatthefrance.org\\\/fr\\\/#organization\"},\"potentialAction\":[{\"@type\":\"SearchAction\",\"target\":{\"@type\":\"EntryPoint\",\"urlTemplate\":\"https:\\\/\\\/whatthefrance.org\\\/fr\\\/?s={search_term_string}\"},\"query-input\":{\"@type\":\"PropertyValueSpecification\",\"valueRequired\":true,\"valueName\":\"search_term_string\"}}],\"inLanguage\":\"fr-FR\"},{\"@type\":\"Organization\",\"@id\":\"https:\\\/\\\/whatthefrance.org\\\/fr\\\/#organization\",\"name\":\"What The France\",\"url\":\"https:\\\/\\\/whatthefrance.org\\\/fr\\\/\",\"logo\":{\"@type\":\"ImageObject\",\"inLanguage\":\"fr-FR\",\"@id\":\"https:\\\/\\\/whatthefrance.org\\\/fr\\\/#\\\/schema\\\/logo\\\/image\\\/\",\"url\":\"https:\\\/\\\/whatthefrance.org\\\/wp-content\\\/uploads\\\/2019\\\/12\\\/44688719_2251580388408837_694180218134331392_n-e1577679609190.png\",\"contentUrl\":\"https:\\\/\\\/whatthefrance.org\\\/wp-content\\\/uploads\\\/2019\\\/12\\\/44688719_2251580388408837_694180218134331392_n-e1577679609190.png\",\"width\":200,\"height\":200,\"caption\":\"What The France\"},\"image\":{\"@id\":\"https:\\\/\\\/whatthefrance.org\\\/fr\\\/#\\\/schema\\\/logo\\\/image\\\/\"}},{\"@type\":\"Person\",\"@id\":\"https:\\\/\\\/whatthefrance.org\\\/fr\\\/#\\\/schema\\\/person\\\/3b7ea6fb70b536503b3e8c909c564a81\",\"name\":\"Marie-Sophie Administrateur\",\"image\":{\"@type\":\"ImageObject\",\"inLanguage\":\"fr-FR\",\"@id\":\"https:\\\/\\\/secure.gravatar.com\\\/avatar\\\/d57e4552c73c8713409cd3c2de53bdb5d220ebdd76dc7ba351b2dbae89f5afa9?s=96&d=mm&r=g\",\"url\":\"https:\\\/\\\/secure.gravatar.com\\\/avatar\\\/d57e4552c73c8713409cd3c2de53bdb5d220ebdd76dc7ba351b2dbae89f5afa9?s=96&d=mm&r=g\",\"contentUrl\":\"https:\\\/\\\/secure.gravatar.com\\\/avatar\\\/d57e4552c73c8713409cd3c2de53bdb5d220ebdd76dc7ba351b2dbae89f5afa9?s=96&d=mm&r=g\",\"caption\":\"Marie-Sophie Administrateur\"}}]}<\/script>\n<!-- \/ Yoast SEO plugin. -->","yoast_head_json":{"title":"Kalika | What the France Live Shot - What the France","robots":{"index":"index","follow":"follow","max-snippet":"max-snippet:-1","max-image-preview":"max-image-preview:large","max-video-preview":"max-video-preview:-1"},"canonical":"https:\/\/whatthefrance.org\/fr\/kalika-what-the-france-live-shot\/","og_locale":"fr_FR","og_type":"article","og_title":"Kalika | What the France Live Shot - What the France","og_description":"\u00c0 l&rsquo;occasion des Francofolies 2022, What the France a rencontr\u00e9 Kalika. D\u00e9couvrez cette artiste pop via ce format vid\u00e9o \u00ab\u00a0Live Shot\u00ab\u00a0. Elle nous raconte son histoire avec la musique, son rapport et point de vue sur les concerts\/festivals&#8230; Pr\u00eats pour un shot de live ?\u00a0 \u00ab\u00a0Affirmative et combattante, la voix de\u00a0KALIKA\u00a0fait l&rsquo;effet d&rsquo;un coup de [&hellip;]","og_url":"https:\/\/whatthefrance.org\/fr\/kalika-what-the-france-live-shot\/","og_site_name":"What the France","article_published_time":"2022-11-02T09:00:57+00:00","article_modified_time":"2022-11-03T15:52:45+00:00","og_image":[{"url":"https:\/\/whatthefrance.org\/wp-content\/uploads\/2022\/10\/playlist_franco_allemande_what_the_france-3.png","height":452,"width":1084,"type":""}],"author":"Marie-Sophie Administrateur","twitter_card":"summary_large_image","twitter_misc":{"\u00c9crit par":"Marie-Sophie Administrateur","Dur\u00e9e de lecture estim\u00e9e":"1 minute"},"schema":{"@context":"https:\/\/schema.org","@graph":[{"@type":"Article","@id":"https:\/\/whatthefrance.org\/fr\/kalika-what-the-france-live-shot\/#article","isPartOf":{"@id":"https:\/\/whatthefrance.org\/fr\/kalika-what-the-france-live-shot\/"},"author":{"name":"Marie-Sophie Administrateur","@id":"https:\/\/whatthefrance.org\/fr\/#\/schema\/person\/3b7ea6fb70b536503b3e8c909c564a81"},"headline":"Kalika | What the France Live Shot","datePublished":"2022-11-02T09:00:57+00:00","dateModified":"2022-11-03T15:52:45+00:00","mainEntityOfPage":{"@id":"https:\/\/whatthefrance.org\/fr\/kalika-what-the-france-live-shot\/"},"wordCount":180,"publisher":{"@id":"https:\/\/whatthefrance.org\/fr\/#organization"},"keywords":["Pop","Variety"],"articleSection":["Video"],"inLanguage":"fr-FR"},{"@type":"WebPage","@id":"https:\/\/whatthefrance.org\/fr\/kalika-what-the-france-live-shot\/","url":"https:\/\/whatthefrance.org\/fr\/kalika-what-the-france-live-shot\/","name":"Kalika | What the France Live Shot - What the France","isPartOf":{"@id":"https:\/\/whatthefrance.org\/fr\/#website"},"datePublished":"2022-11-02T09:00:57+00:00","dateModified":"2022-11-03T15:52:45+00:00","breadcrumb":{"@id":"https:\/\/whatthefrance.org\/fr\/kalika-what-the-france-live-shot\/#breadcrumb"},"inLanguage":"fr-FR","potentialAction":[{"@type":"ReadAction","target":["https:\/\/whatthefrance.org\/fr\/kalika-what-the-france-live-shot\/"]}]},{"@type":"BreadcrumbList","@id":"https:\/\/whatthefrance.org\/fr\/kalika-what-the-france-live-shot\/#breadcrumb","itemListElement":[{"@type":"ListItem","position":1,"name":"Home","item":"https:\/\/whatthefrance.org\/fr\/"},{"@type":"ListItem","position":2,"name":"Kalika | What the France Live Shot"}]},{"@type":"WebSite","@id":"https:\/\/whatthefrance.org\/fr\/#website","url":"https:\/\/whatthefrance.org\/fr\/","name":"What the France","description":"The finest music made in France !","publisher":{"@id":"https:\/\/whatthefrance.org\/fr\/#organization"},"potentialAction":[{"@type":"SearchAction","target":{"@type":"EntryPoint","urlTemplate":"https:\/\/whatthefrance.org\/fr\/?s={search_term_string}"},"query-input":{"@type":"PropertyValueSpecification","valueRequired":true,"valueName":"search_term_string"}}],"inLanguage":"fr-FR"},{"@type":"Organization","@id":"https:\/\/whatthefrance.org\/fr\/#organization","name":"What The France","url":"https:\/\/whatthefrance.org\/fr\/","logo":{"@type":"ImageObject","inLanguage":"fr-FR","@id":"https:\/\/whatthefrance.org\/fr\/#\/schema\/logo\/image\/","url":"https:\/\/whatthefrance.org\/wp-content\/uploads\/2019\/12\/44688719_2251580388408837_694180218134331392_n-e1577679609190.png","contentUrl":"https:\/\/whatthefrance.org\/wp-content\/uploads\/2019\/12\/44688719_2251580388408837_694180218134331392_n-e1577679609190.png","width":200,"height":200,"caption":"What The France"},"image":{"@id":"https:\/\/whatthefrance.org\/fr\/#\/schema\/logo\/image\/"}},{"@type":"Person","@id":"https:\/\/whatthefrance.org\/fr\/#\/schema\/person\/3b7ea6fb70b536503b3e8c909c564a81","name":"Marie-Sophie Administrateur","image":{"@type":"ImageObject","inLanguage":"fr-FR","@id":"https:\/\/secure.gravatar.com\/avatar\/d57e4552c73c8713409cd3c2de53bdb5d220ebdd76dc7ba351b2dbae89f5afa9?s=96&d=mm&r=g","url":"https:\/\/secure.gravatar.com\/avatar\/d57e4552c73c8713409cd3c2de53bdb5d220ebdd76dc7ba351b2dbae89f5afa9?s=96&d=mm&r=g","contentUrl":"https:\/\/secure.gravatar.com\/avatar\/d57e4552c73c8713409cd3c2de53bdb5d220ebdd76dc7ba351b2dbae89f5afa9?s=96&d=mm&r=g","caption":"Marie-Sophie Administrateur"}}]}},"_links":{"self":[{"href":"https:\/\/whatthefrance.org\/fr\/wp-json\/wp\/v2\/posts\/47919","targetHints":{"allow":["GET"]}}],"collection":[{"href":"https:\/\/whatthefrance.org\/fr\/wp-json\/wp\/v2\/posts"}],"about":[{"href":"https:\/\/whatthefrance.org\/fr\/wp-json\/wp\/v2\/types\/post"}],"author":[{"embeddable":true,"href":"https:\/\/whatthefrance.org\/fr\/wp-json\/wp\/v2\/users\/6"}],"replies":[{"embeddable":true,"href":"https:\/\/whatthefrance.org\/fr\/wp-json\/wp\/v2\/comments?post=47919"}],"version-history":[{"count":9,"href":"https:\/\/whatthefrance.org\/fr\/wp-json\/wp\/v2\/posts\/47919\/revisions"}],"predecessor-version":[{"id":48686,"href":"https:\/\/whatthefrance.org\/fr\/wp-json\/wp\/v2\/posts\/47919\/revisions\/48686"}],"wp:attachment":[{"href":"https:\/\/whatthefrance.org\/fr\/wp-json\/wp\/v2\/media?parent=47919"}],"wp:term":[{"taxonomy":"category","embeddable":true,"href":"https:\/\/whatthefrance.org\/fr\/wp-json\/wp\/v2\/categories?post=47919"},{"taxonomy":"post_tag","embeddable":true,"href":"https:\/\/whatthefrance.org\/fr\/wp-json\/wp\/v2\/tags?post=47919"}],"curies":[{"name":"wp","href":"https:\/\/api.w.org\/{rel}","templated":true}]}}