{"id":48297,"date":"2022-10-27T10:00:01","date_gmt":"2022-10-27T08:00:01","guid":{"rendered":"https:\/\/whatthefrance.org\/?p=48297"},"modified":"2022-10-27T16:04:36","modified_gmt":"2022-10-27T14:04:36","slug":"music-moves-europe-awards-lidentite-du-duo-francais-a-ete-devoile","status":"publish","type":"post","link":"https:\/\/whatthefrance.org\/fr\/music-moves-europe-awards-lidentite-du-duo-francais-a-ete-devoile\/","title":{"rendered":"Music Moves Europe Awards | l&rsquo;identit\u00e9 du duo fran\u00e7ais nomm\u00e9 a \u00e9t\u00e9 d\u00e9voil\u00e9 !"},"content":{"rendered":"<p><b>Les Music Moves Europe Awards <\/b>c\u00e9l\u00e8brent \u00ab\u00a0le son europ\u00e9en d&rsquo;aujourd&rsquo;hui et demain\u00a0\u00bb en r\u00e9compensant des<strong> artistes \u00e9mergents <\/strong>en provenance de quinze pays europ\u00e9ens diff\u00e9rents. Ces distinctions sont soutenues par la <a href=\"https:\/\/culture.ec.europa.eu\/news\/music-moves-europe-awards-2023-these-are-the-nominees\">Commission europ\u00e9enne.<\/a><\/p>\n<p>L&rsquo;annonce des nomm\u00e9s s&rsquo;est d\u00e9roul\u00e9e pendant le <a href=\"https:\/\/www.mama-musicandconvention.com\/en\/\">MaMA Convention<\/a> \u00e0 Paris (12-14 octobre 2022), festival partenaire de cette remise de prix.<\/p>\n<p>Cette ann\u00e9e, quinze artistes sont nomm\u00e9s : Amelie Siba (Tch\u00e9quie), CMAT (Irlande), eee gee (Danemark), Goldkimono (Pays-Bas), Hause Plants (Portugal), Jerry Heil (Ukraine), July Jones (Slov\u00e9nie), KOIKOI (Serbie), Monikaze (Lituanie), Oska (Autriche), Queralt Lahoz (Espagne), Sans Soucis (Italie), schmyt (Allemagne), The Haunted Youth (Belgique) et&#8230;.<a href=\"https:\/\/www.instagram.com\/kidsreturn_\/\"><strong> Kids Return <\/strong><\/a>pour la France.<\/p>\n<p>Le duo vient tout juste de sortir son album <strong><em>Forever Melodies <\/em><\/strong>le 7 octobre dernier sur les labels hexagonaux Ekleroshock et Hamburger Records. Les deux acolytes \u00ab\u00a0composent, produisent et \u00e9crivent ensemble dans leur studio parisien ou dans une maison des Pyr\u00e9n\u00e9es en utilisant du mat\u00e9riel analogique\u00a0\u00bb comme les claviers Moogs et Mellotron ou la guitare acoustique.<\/p>\n<p><iframe loading=\"lazy\" title=\"Kids Return \u2014 Lost In Los Angeles (Official Video)\" width=\"500\" height=\"375\" src=\"https:\/\/www.youtube.com\/embed\/o2zQpHwE-Vc?feature=oembed\" frameborder=\"0\" allow=\"accelerometer; autoplay; clipboard-write; encrypted-media; gyroscope; picture-in-picture; web-share\" referrerpolicy=\"strict-origin-when-cross-origin\" allowfullscreen><\/iframe><\/p>\n<p>Trois prix seront d\u00e9cern\u00e9s lors de la c\u00e9r\u00e9monie, qui se tiendra le 19 janvier 2023 \u00e0 l&rsquo;<a href=\"https:\/\/esns.nl\/en\/\">ESNS<\/a> (Pays-Bas) : le <b>Jury Awards, <\/b>le <strong>Grand Jury Award <\/strong>et le <strong>Public Choice Award<\/strong>. Ce dernier \u00e9tant le r\u00e9sultat d&rsquo;un vote du public, auquel vous pouvez participer<a href=\"https:\/\/mmeawards.eu\/en\/nominees\/\"> ici.<\/a><\/p>\n<p>Pour rappel, l&rsquo;ann\u00e9e derni\u00e8re l&rsquo;artiste fran\u00e7ais<strong><a href=\"https:\/\/www.instagram.com\/mezerg\/\"> Mezerg<\/a><\/strong> avait gagn\u00e9 un prix au MME Awards 2022.<\/p>\n<p><iframe loading=\"lazy\" title=\"RIDERS - MEZERG\" width=\"500\" height=\"281\" src=\"https:\/\/www.youtube.com\/embed\/OM4I8S4M-Qo?feature=oembed\" frameborder=\"0\" allow=\"accelerometer; autoplay; clipboard-write; encrypted-media; gyroscope; picture-in-picture; web-share\" referrerpolicy=\"strict-origin-when-cross-origin\" allowfullscreen><\/iframe><\/p>\n<p>D\u00e9couvrez la playlist pop concoct\u00e9 par What The France !<\/p>\n<div class=\"playListBloc singleBloc\"><div class=\"playListBloc-wrap\">    <div class=\"thumbnail\"><img data-src=\"https:\/\/whatthefrance.org\/wp-content\/uploads\/2018\/11\/TEMPLATE-POCHETTE-GENRE-pop-Louane-254x254.jpg\" class=\"lazyload\" alt=\"TEMPLATE POCHETTE GENRE &#8211; pop &#8211; Louane\" \/>    <\/div>    <div class=\"infos\">        <span class=\"tag\">Genres<\/span>        <h2>Pop The Champagne<\/h2>        <span class=\"separator\"><\/span>       <span class=\"desc\">Listen to the latest pop music hits made in France.<\/span><div class=\"share flex flexAlignCenter \">\t<span class=\"label\">Partager<\/span>\t<a href=\"https:\/\/www.facebook.com\/sharer\/sharer.php?u=https:\/\/whatthefrance.org\/fr\/playlists\/pop-the-champagne\/\" class=\"facebook\" target=\"_blank\" rel=\"noreferrer\">Facebook<\/a>\t<a href=\"https:\/\/twitter.com\/intent\/tweet?url=https:\/\/whatthefrance.org\/fr\/playlists\/pop-the-champagne\/&text=Pop+The+Champagne&hashtags=WTF\" class=\"twitter\" target=\"_blank\" rel=\"noreferrer\">Twitter<\/a>\t<a href=\"mailto:?subject=What%20the%20France%20%3A%20Pop%20The%20Champagne&body=https:\/\/whatthefrance.org\/fr\/playlists\/pop-the-champagne\/\" class=\"mail\" target=\"_blank\" rel=\"noreferrer\">Email<\/a><\/div>        <a href=\"#\" class=\"btn btnPlaylist orange playlist-click\" data-id=\"910\">            <svg version=\"1.1\" x=\"0px\" y=\"0px\" width=\"40px\" height=\"40px\" viewBox=\"0 0 213.7 213.7\" enable-background=\"new 0 0 213.7 213.7\" xml:space=\"preserve\">                <polygon class=\"triangle\" fill=\"none\" stroke-width=\"10\" stroke-linecap=\"round\" stroke-linejoin=\"round\" stroke-miterlimit=\"10\" points=\"\n            73.5,62.5 148.5,105.8 73.5,149.1 \"\/>                <circle class=\"circle\" fill=\"none\"  stroke-width=\"8\" stroke-linecap=\"round\" stroke-linejoin=\"round\" stroke-miterlimit=\"10\" cx=\"106.8\" cy=\"106.8\" r=\"103.3\"\/>                <circle class=\"circle-white\" fill=\"none\"  stroke-width=\"8\" stroke-linecap=\"round\" stroke-linejoin=\"round\" stroke-miterlimit=\"10\" cx=\"106.8\" cy=\"106.8\" r=\"103.3\"\/>            <\/svg>Ecouter        <\/a>    <\/div>  <\/div><\/div>\n","protected":false},"excerpt":{"rendered":"<p>Les Music Moves Europe Awards c\u00e9l\u00e8brent \u00ab\u00a0le son europ\u00e9en d&rsquo;aujourd&rsquo;hui et demain\u00a0\u00bb en r\u00e9compensant des artistes \u00e9mergents en provenance de quinze pays europ\u00e9ens diff\u00e9rents. Ces distinctions sont soutenues par la Commission europ\u00e9enne. L&rsquo;annonce des nomm\u00e9s s&rsquo;est d\u00e9roul\u00e9e pendant le MaMA Convention \u00e0 Paris (12-14 octobre 2022), festival partenaire de cette remise de prix. Cette ann\u00e9e, [&hellip;]<\/p>\n","protected":false},"author":6,"featured_media":0,"comment_status":"closed","ping_status":"closed","sticky":false,"template":"","format":"standard","meta":{"_acf_changed":false,"footnotes":""},"categories":[203],"tags":[323,340],"class_list":["post-48297","post","type-post","status-publish","format-standard","hentry","category-award-fr","tag-electronic-fr","tag-pop-fr"],"acf":[],"yoast_head":"<!-- This site is optimized with the Yoast SEO plugin v27.3 - https:\/\/yoast.com\/product\/yoast-seo-wordpress\/ -->\n<title>Music Moves Europe Awards | l&#039;identit\u00e9 du duo fran\u00e7ais nomm\u00e9 a \u00e9t\u00e9 d\u00e9voil\u00e9 ! - What the France<\/title>\n<meta name=\"robots\" content=\"index, follow, max-snippet:-1, max-image-preview:large, max-video-preview:-1\" \/>\n<link rel=\"canonical\" href=\"https:\/\/whatthefrance.org\/fr\/music-moves-europe-awards-lidentite-du-duo-francais-a-ete-devoile\/\" \/>\n<meta property=\"og:locale\" content=\"fr_FR\" \/>\n<meta property=\"og:type\" content=\"article\" \/>\n<meta property=\"og:title\" content=\"Music Moves Europe Awards | l&#039;identit\u00e9 du duo fran\u00e7ais nomm\u00e9 a \u00e9t\u00e9 d\u00e9voil\u00e9 ! - What the France\" \/>\n<meta property=\"og:description\" content=\"Les Music Moves Europe Awards c\u00e9l\u00e8brent \u00ab\u00a0le son europ\u00e9en d&rsquo;aujourd&rsquo;hui et demain\u00a0\u00bb en r\u00e9compensant des artistes \u00e9mergents en provenance de quinze pays europ\u00e9ens diff\u00e9rents. Ces distinctions sont soutenues par la Commission europ\u00e9enne. L&rsquo;annonce des nomm\u00e9s s&rsquo;est d\u00e9roul\u00e9e pendant le MaMA Convention \u00e0 Paris (12-14 octobre 2022), festival partenaire de cette remise de prix. Cette ann\u00e9e, [&hellip;]\" \/>\n<meta property=\"og:url\" content=\"https:\/\/whatthefrance.org\/fr\/music-moves-europe-awards-lidentite-du-duo-francais-a-ete-devoile\/\" \/>\n<meta property=\"og:site_name\" content=\"What the France\" \/>\n<meta property=\"article:published_time\" content=\"2022-10-27T08:00:01+00:00\" \/>\n<meta property=\"article:modified_time\" content=\"2022-10-27T14:04:36+00:00\" \/>\n<meta property=\"og:image\" content=\"https:\/\/whatthefrance.org\/wp-content\/uploads\/2022\/10\/manege_what_the_france-7.png\" \/>\n\t<meta property=\"og:image:width\" content=\"1084\" \/>\n\t<meta property=\"og:image:height\" content=\"452\" \/>\n<meta name=\"author\" content=\"Marie-Sophie Administrateur\" \/>\n<meta name=\"twitter:card\" content=\"summary_large_image\" \/>\n<meta name=\"twitter:label1\" content=\"\u00c9crit par\" \/>\n\t<meta name=\"twitter:data1\" content=\"Marie-Sophie Administrateur\" \/>\n\t<meta name=\"twitter:label2\" content=\"Dur\u00e9e de lecture estim\u00e9e\" \/>\n\t<meta name=\"twitter:data2\" content=\"2 minutes\" \/>\n<script type=\"application\/ld+json\" class=\"yoast-schema-graph\">{\"@context\":\"https:\\\/\\\/schema.org\",\"@graph\":[{\"@type\":\"Article\",\"@id\":\"https:\\\/\\\/whatthefrance.org\\\/fr\\\/music-moves-europe-awards-lidentite-du-duo-francais-a-ete-devoile\\\/#article\",\"isPartOf\":{\"@id\":\"https:\\\/\\\/whatthefrance.org\\\/fr\\\/music-moves-europe-awards-lidentite-du-duo-francais-a-ete-devoile\\\/\"},\"author\":{\"name\":\"Marie-Sophie Administrateur\",\"@id\":\"https:\\\/\\\/whatthefrance.org\\\/fr\\\/#\\\/schema\\\/person\\\/3b7ea6fb70b536503b3e8c909c564a81\"},\"headline\":\"Music Moves Europe Awards | l&rsquo;identit\u00e9 du duo fran\u00e7ais nomm\u00e9 a \u00e9t\u00e9 d\u00e9voil\u00e9 !\",\"datePublished\":\"2022-10-27T08:00:01+00:00\",\"dateModified\":\"2022-10-27T14:04:36+00:00\",\"mainEntityOfPage\":{\"@id\":\"https:\\\/\\\/whatthefrance.org\\\/fr\\\/music-moves-europe-awards-lidentite-du-duo-francais-a-ete-devoile\\\/\"},\"wordCount\":288,\"publisher\":{\"@id\":\"https:\\\/\\\/whatthefrance.org\\\/fr\\\/#organization\"},\"keywords\":[\"Electronic\",\"Pop\"],\"articleSection\":[\"Award\"],\"inLanguage\":\"fr-FR\"},{\"@type\":\"WebPage\",\"@id\":\"https:\\\/\\\/whatthefrance.org\\\/fr\\\/music-moves-europe-awards-lidentite-du-duo-francais-a-ete-devoile\\\/\",\"url\":\"https:\\\/\\\/whatthefrance.org\\\/fr\\\/music-moves-europe-awards-lidentite-du-duo-francais-a-ete-devoile\\\/\",\"name\":\"Music Moves Europe Awards | l'identit\u00e9 du duo fran\u00e7ais nomm\u00e9 a \u00e9t\u00e9 d\u00e9voil\u00e9 ! - What the France\",\"isPartOf\":{\"@id\":\"https:\\\/\\\/whatthefrance.org\\\/fr\\\/#website\"},\"datePublished\":\"2022-10-27T08:00:01+00:00\",\"dateModified\":\"2022-10-27T14:04:36+00:00\",\"breadcrumb\":{\"@id\":\"https:\\\/\\\/whatthefrance.org\\\/fr\\\/music-moves-europe-awards-lidentite-du-duo-francais-a-ete-devoile\\\/#breadcrumb\"},\"inLanguage\":\"fr-FR\",\"potentialAction\":[{\"@type\":\"ReadAction\",\"target\":[\"https:\\\/\\\/whatthefrance.org\\\/fr\\\/music-moves-europe-awards-lidentite-du-duo-francais-a-ete-devoile\\\/\"]}]},{\"@type\":\"BreadcrumbList\",\"@id\":\"https:\\\/\\\/whatthefrance.org\\\/fr\\\/music-moves-europe-awards-lidentite-du-duo-francais-a-ete-devoile\\\/#breadcrumb\",\"itemListElement\":[{\"@type\":\"ListItem\",\"position\":1,\"name\":\"Home\",\"item\":\"https:\\\/\\\/whatthefrance.org\\\/fr\\\/\"},{\"@type\":\"ListItem\",\"position\":2,\"name\":\"Music Moves Europe Awards | l&#8217;identit\u00e9 du duo fran\u00e7ais nomm\u00e9 a \u00e9t\u00e9 d\u00e9voil\u00e9 !\"}]},{\"@type\":\"WebSite\",\"@id\":\"https:\\\/\\\/whatthefrance.org\\\/fr\\\/#website\",\"url\":\"https:\\\/\\\/whatthefrance.org\\\/fr\\\/\",\"name\":\"What the France\",\"description\":\"The finest music made in France !\",\"publisher\":{\"@id\":\"https:\\\/\\\/whatthefrance.org\\\/fr\\\/#organization\"},\"potentialAction\":[{\"@type\":\"SearchAction\",\"target\":{\"@type\":\"EntryPoint\",\"urlTemplate\":\"https:\\\/\\\/whatthefrance.org\\\/fr\\\/?s={search_term_string}\"},\"query-input\":{\"@type\":\"PropertyValueSpecification\",\"valueRequired\":true,\"valueName\":\"search_term_string\"}}],\"inLanguage\":\"fr-FR\"},{\"@type\":\"Organization\",\"@id\":\"https:\\\/\\\/whatthefrance.org\\\/fr\\\/#organization\",\"name\":\"What The France\",\"url\":\"https:\\\/\\\/whatthefrance.org\\\/fr\\\/\",\"logo\":{\"@type\":\"ImageObject\",\"inLanguage\":\"fr-FR\",\"@id\":\"https:\\\/\\\/whatthefrance.org\\\/fr\\\/#\\\/schema\\\/logo\\\/image\\\/\",\"url\":\"https:\\\/\\\/whatthefrance.org\\\/wp-content\\\/uploads\\\/2019\\\/12\\\/44688719_2251580388408837_694180218134331392_n-e1577679609190.png\",\"contentUrl\":\"https:\\\/\\\/whatthefrance.org\\\/wp-content\\\/uploads\\\/2019\\\/12\\\/44688719_2251580388408837_694180218134331392_n-e1577679609190.png\",\"width\":200,\"height\":200,\"caption\":\"What The France\"},\"image\":{\"@id\":\"https:\\\/\\\/whatthefrance.org\\\/fr\\\/#\\\/schema\\\/logo\\\/image\\\/\"}},{\"@type\":\"Person\",\"@id\":\"https:\\\/\\\/whatthefrance.org\\\/fr\\\/#\\\/schema\\\/person\\\/3b7ea6fb70b536503b3e8c909c564a81\",\"name\":\"Marie-Sophie Administrateur\",\"image\":{\"@type\":\"ImageObject\",\"inLanguage\":\"fr-FR\",\"@id\":\"https:\\\/\\\/secure.gravatar.com\\\/avatar\\\/d57e4552c73c8713409cd3c2de53bdb5d220ebdd76dc7ba351b2dbae89f5afa9?s=96&d=mm&r=g\",\"url\":\"https:\\\/\\\/secure.gravatar.com\\\/avatar\\\/d57e4552c73c8713409cd3c2de53bdb5d220ebdd76dc7ba351b2dbae89f5afa9?s=96&d=mm&r=g\",\"contentUrl\":\"https:\\\/\\\/secure.gravatar.com\\\/avatar\\\/d57e4552c73c8713409cd3c2de53bdb5d220ebdd76dc7ba351b2dbae89f5afa9?s=96&d=mm&r=g\",\"caption\":\"Marie-Sophie Administrateur\"}}]}<\/script>\n<!-- \/ Yoast SEO plugin. -->","yoast_head_json":{"title":"Music Moves Europe Awards | l'identit\u00e9 du duo fran\u00e7ais nomm\u00e9 a \u00e9t\u00e9 d\u00e9voil\u00e9 ! - What the France","robots":{"index":"index","follow":"follow","max-snippet":"max-snippet:-1","max-image-preview":"max-image-preview:large","max-video-preview":"max-video-preview:-1"},"canonical":"https:\/\/whatthefrance.org\/fr\/music-moves-europe-awards-lidentite-du-duo-francais-a-ete-devoile\/","og_locale":"fr_FR","og_type":"article","og_title":"Music Moves Europe Awards | l'identit\u00e9 du duo fran\u00e7ais nomm\u00e9 a \u00e9t\u00e9 d\u00e9voil\u00e9 ! - What the France","og_description":"Les Music Moves Europe Awards c\u00e9l\u00e8brent \u00ab\u00a0le son europ\u00e9en d&rsquo;aujourd&rsquo;hui et demain\u00a0\u00bb en r\u00e9compensant des artistes \u00e9mergents en provenance de quinze pays europ\u00e9ens diff\u00e9rents. Ces distinctions sont soutenues par la Commission europ\u00e9enne. L&rsquo;annonce des nomm\u00e9s s&rsquo;est d\u00e9roul\u00e9e pendant le MaMA Convention \u00e0 Paris (12-14 octobre 2022), festival partenaire de cette remise de prix. Cette ann\u00e9e, [&hellip;]","og_url":"https:\/\/whatthefrance.org\/fr\/music-moves-europe-awards-lidentite-du-duo-francais-a-ete-devoile\/","og_site_name":"What the France","article_published_time":"2022-10-27T08:00:01+00:00","article_modified_time":"2022-10-27T14:04:36+00:00","og_image":[{"url":"https:\/\/whatthefrance.org\/wp-content\/uploads\/2022\/10\/manege_what_the_france-7.png","height":452,"width":1084,"type":""}],"author":"Marie-Sophie Administrateur","twitter_card":"summary_large_image","twitter_misc":{"\u00c9crit par":"Marie-Sophie Administrateur","Dur\u00e9e de lecture estim\u00e9e":"2 minutes"},"schema":{"@context":"https:\/\/schema.org","@graph":[{"@type":"Article","@id":"https:\/\/whatthefrance.org\/fr\/music-moves-europe-awards-lidentite-du-duo-francais-a-ete-devoile\/#article","isPartOf":{"@id":"https:\/\/whatthefrance.org\/fr\/music-moves-europe-awards-lidentite-du-duo-francais-a-ete-devoile\/"},"author":{"name":"Marie-Sophie Administrateur","@id":"https:\/\/whatthefrance.org\/fr\/#\/schema\/person\/3b7ea6fb70b536503b3e8c909c564a81"},"headline":"Music Moves Europe Awards | l&rsquo;identit\u00e9 du duo fran\u00e7ais nomm\u00e9 a \u00e9t\u00e9 d\u00e9voil\u00e9 !","datePublished":"2022-10-27T08:00:01+00:00","dateModified":"2022-10-27T14:04:36+00:00","mainEntityOfPage":{"@id":"https:\/\/whatthefrance.org\/fr\/music-moves-europe-awards-lidentite-du-duo-francais-a-ete-devoile\/"},"wordCount":288,"publisher":{"@id":"https:\/\/whatthefrance.org\/fr\/#organization"},"keywords":["Electronic","Pop"],"articleSection":["Award"],"inLanguage":"fr-FR"},{"@type":"WebPage","@id":"https:\/\/whatthefrance.org\/fr\/music-moves-europe-awards-lidentite-du-duo-francais-a-ete-devoile\/","url":"https:\/\/whatthefrance.org\/fr\/music-moves-europe-awards-lidentite-du-duo-francais-a-ete-devoile\/","name":"Music Moves Europe Awards | l'identit\u00e9 du duo fran\u00e7ais nomm\u00e9 a \u00e9t\u00e9 d\u00e9voil\u00e9 ! - What the France","isPartOf":{"@id":"https:\/\/whatthefrance.org\/fr\/#website"},"datePublished":"2022-10-27T08:00:01+00:00","dateModified":"2022-10-27T14:04:36+00:00","breadcrumb":{"@id":"https:\/\/whatthefrance.org\/fr\/music-moves-europe-awards-lidentite-du-duo-francais-a-ete-devoile\/#breadcrumb"},"inLanguage":"fr-FR","potentialAction":[{"@type":"ReadAction","target":["https:\/\/whatthefrance.org\/fr\/music-moves-europe-awards-lidentite-du-duo-francais-a-ete-devoile\/"]}]},{"@type":"BreadcrumbList","@id":"https:\/\/whatthefrance.org\/fr\/music-moves-europe-awards-lidentite-du-duo-francais-a-ete-devoile\/#breadcrumb","itemListElement":[{"@type":"ListItem","position":1,"name":"Home","item":"https:\/\/whatthefrance.org\/fr\/"},{"@type":"ListItem","position":2,"name":"Music Moves Europe Awards | l&#8217;identit\u00e9 du duo fran\u00e7ais nomm\u00e9 a \u00e9t\u00e9 d\u00e9voil\u00e9 !"}]},{"@type":"WebSite","@id":"https:\/\/whatthefrance.org\/fr\/#website","url":"https:\/\/whatthefrance.org\/fr\/","name":"What the France","description":"The finest music made in France !","publisher":{"@id":"https:\/\/whatthefrance.org\/fr\/#organization"},"potentialAction":[{"@type":"SearchAction","target":{"@type":"EntryPoint","urlTemplate":"https:\/\/whatthefrance.org\/fr\/?s={search_term_string}"},"query-input":{"@type":"PropertyValueSpecification","valueRequired":true,"valueName":"search_term_string"}}],"inLanguage":"fr-FR"},{"@type":"Organization","@id":"https:\/\/whatthefrance.org\/fr\/#organization","name":"What The France","url":"https:\/\/whatthefrance.org\/fr\/","logo":{"@type":"ImageObject","inLanguage":"fr-FR","@id":"https:\/\/whatthefrance.org\/fr\/#\/schema\/logo\/image\/","url":"https:\/\/whatthefrance.org\/wp-content\/uploads\/2019\/12\/44688719_2251580388408837_694180218134331392_n-e1577679609190.png","contentUrl":"https:\/\/whatthefrance.org\/wp-content\/uploads\/2019\/12\/44688719_2251580388408837_694180218134331392_n-e1577679609190.png","width":200,"height":200,"caption":"What The France"},"image":{"@id":"https:\/\/whatthefrance.org\/fr\/#\/schema\/logo\/image\/"}},{"@type":"Person","@id":"https:\/\/whatthefrance.org\/fr\/#\/schema\/person\/3b7ea6fb70b536503b3e8c909c564a81","name":"Marie-Sophie Administrateur","image":{"@type":"ImageObject","inLanguage":"fr-FR","@id":"https:\/\/secure.gravatar.com\/avatar\/d57e4552c73c8713409cd3c2de53bdb5d220ebdd76dc7ba351b2dbae89f5afa9?s=96&d=mm&r=g","url":"https:\/\/secure.gravatar.com\/avatar\/d57e4552c73c8713409cd3c2de53bdb5d220ebdd76dc7ba351b2dbae89f5afa9?s=96&d=mm&r=g","contentUrl":"https:\/\/secure.gravatar.com\/avatar\/d57e4552c73c8713409cd3c2de53bdb5d220ebdd76dc7ba351b2dbae89f5afa9?s=96&d=mm&r=g","caption":"Marie-Sophie Administrateur"}}]}},"_links":{"self":[{"href":"https:\/\/whatthefrance.org\/fr\/wp-json\/wp\/v2\/posts\/48297","targetHints":{"allow":["GET"]}}],"collection":[{"href":"https:\/\/whatthefrance.org\/fr\/wp-json\/wp\/v2\/posts"}],"about":[{"href":"https:\/\/whatthefrance.org\/fr\/wp-json\/wp\/v2\/types\/post"}],"author":[{"embeddable":true,"href":"https:\/\/whatthefrance.org\/fr\/wp-json\/wp\/v2\/users\/6"}],"replies":[{"embeddable":true,"href":"https:\/\/whatthefrance.org\/fr\/wp-json\/wp\/v2\/comments?post=48297"}],"version-history":[{"count":6,"href":"https:\/\/whatthefrance.org\/fr\/wp-json\/wp\/v2\/posts\/48297\/revisions"}],"predecessor-version":[{"id":48553,"href":"https:\/\/whatthefrance.org\/fr\/wp-json\/wp\/v2\/posts\/48297\/revisions\/48553"}],"wp:attachment":[{"href":"https:\/\/whatthefrance.org\/fr\/wp-json\/wp\/v2\/media?parent=48297"}],"wp:term":[{"taxonomy":"category","embeddable":true,"href":"https:\/\/whatthefrance.org\/fr\/wp-json\/wp\/v2\/categories?post=48297"},{"taxonomy":"post_tag","embeddable":true,"href":"https:\/\/whatthefrance.org\/fr\/wp-json\/wp\/v2\/tags?post=48297"}],"curies":[{"name":"wp","href":"https:\/\/api.w.org\/{rel}","templated":true}]}}