{"id":49413,"date":"2022-11-24T11:08:52","date_gmt":"2022-11-24T10:08:52","guid":{"rendered":"https:\/\/whatthefrance.org\/?p=49413"},"modified":"2022-11-24T11:08:52","modified_gmt":"2022-11-24T10:08:52","slug":"bise-festival-2023-decouvrez-les-artistes-programmes-dans-notre-playlist","status":"publish","type":"post","link":"https:\/\/whatthefrance.org\/fr\/bise-festival-2023-decouvrez-les-artistes-programmes-dans-notre-playlist\/","title":{"rendered":"BISE Festival 2023 | D\u00e9couvrez les artistes programm\u00e9s dans notre playlist !"},"content":{"rendered":"<p><span class=\"em-orange\">Le<span class=\"apple-converted-space\">\u00a0<\/span><strong><a href=\"https:\/\/fra01.safelinks.protection.outlook.com\/?url=https%3A%2F%2Fbisefestival.com%2F&amp;data=04%7C01%7Cmarie-sophie.cazin%40cnm.fr%7Cb197dc07caaf45b182d208d9bfefdf58%7Cba774e6290394882a8cac4a49ebaf0d1%7C1%7C0%7C637751859223828957%7CUnknown%7CTWFpbGZsb3d8eyJWIjoiMC4wLjAwMDAiLCJQIjoiV2luMzIiLCJBTiI6Ik1haWwiLCJXVCI6Mn0%3D%7C3000&amp;sdata=p6%2FhedR92wEyYQpTaEis0bBgm0hTNyI%2FCdejiT03GlE%3D&amp;reserved=0\" target=\"_blank\" rel=\"noopener\">BISE<\/a><\/strong><span class=\"apple-converted-space\">\u00a0<\/span>festival revient pour sa troisi\u00e8me \u00e9dition avec<span class=\"apple-converted-space\">\u00a0<\/span><strong>25 artistes qui se produiront <\/strong>les mardi 10 et mercredi 11 janvier 2023 \u00e0 Nantes ! Le festival de showcases nantais pr\u00e9sentera encore une fois des artistes \u00e9mergents de tous les horizons : pop, hip-hop, \u00e9lectro, rock, qui joueront sur quatre sc\u00e8nes (\u00ab\u00a0Trempo\u00a0\u00bb, \u00ab\u00a0Chapiteau\u00a0\u00bb, \u00ab\u00a0Maxi\u00a0\u00bb et \u00ab\u00a0Micro\u00a0\u00bb).<\/span><\/p>\n<p>Ouvert aux professionnels de la musique et au public, le BISE Festival est organis\u00e9 par l\u2019<strong>association\u00a0VADYM<\/strong>, compos\u00e9e des structures \u00c0 Gauche de la Lune, Daydream Music, Yotanka Records, M\u00e9lodyn Production et Bleu Citron. R\u00e9alis\u00e9 en coproduction avec Stereolux et Trempo, il s\u2019inscrit dans le programme officiel des Biennales internationales du spectacle 2023.<\/p>\n<p>Pour l&rsquo;occasion, What the France interviewera certains des artistes participants pour ses capsules vid\u00e9os \u00ab\u00a0Live Shot\u00a0\u00bb.<\/p>\n<h3><span class=\"em-orange\">Au programme : Nina, Yao, Birrd, Olympe Chabert, Zoo Baby, Robock, Hicham, Avalanche Kaito, Ariane Roy, Coline Rio, Animal Triste, Geoffrey Le Goaziou, Darwin Experience, Judgitzu, Irnini Mons, SKIA, Doria, Baby Volcano, Rad Cartier, Claude, Ojos, Bothlane, SIERRA, Minuit Machine et Quasi Qui.<\/span><\/h3>\n<p><img decoding=\"async\" class=\" wp-image-49564 aligncenter\" src=\"https:\/\/whatthefrance.org\/wp-content\/uploads\/2022\/11\/MicrosoftTeams-image-300x300.jpg\" alt=\"\" width=\"636\" height=\"636\" srcset=\"https:\/\/whatthefrance.org\/wp-content\/uploads\/2022\/11\/MicrosoftTeams-image-300x300.jpg 300w, https:\/\/whatthefrance.org\/wp-content\/uploads\/2022\/11\/MicrosoftTeams-image-1024x1024.jpg 1024w, https:\/\/whatthefrance.org\/wp-content\/uploads\/2022\/11\/MicrosoftTeams-image-150x150.jpg 150w, https:\/\/whatthefrance.org\/wp-content\/uploads\/2022\/11\/MicrosoftTeams-image-768x768.jpg 768w, https:\/\/whatthefrance.org\/wp-content\/uploads\/2022\/11\/MicrosoftTeams-image-1536x1536.jpg 1536w, https:\/\/whatthefrance.org\/wp-content\/uploads\/2022\/11\/MicrosoftTeams-image-452x452.jpg 452w, https:\/\/whatthefrance.org\/wp-content\/uploads\/2022\/11\/MicrosoftTeams-image-348x348.jpg 348w, https:\/\/whatthefrance.org\/wp-content\/uploads\/2022\/11\/MicrosoftTeams-image-254x254.jpg 254w, https:\/\/whatthefrance.org\/wp-content\/uploads\/2022\/11\/MicrosoftTeams-image-170x170.jpg 170w, https:\/\/whatthefrance.org\/wp-content\/uploads\/2022\/11\/MicrosoftTeams-image.jpg 2000w\" sizes=\"(max-width: 636px) 100vw, 636px\" \/><\/p>\n<p>D\u00e9couvrez tous les artistes programm\u00e9s gr\u00e2ce \u00e0 notre playlist exclusive What The France.<\/p>\n<div class=\"playListBloc singleBloc\"><div class=\"playListBloc-wrap\">    <div class=\"thumbnail\"><img data-src=\"https:\/\/whatthefrance.org\/wp-content\/uploads\/2022\/11\/WTF-Pochettes_BISE_2023-254x254.jpg\" class=\"lazyload\" alt=\"WTF &#8211; Pochettes_BISE_2023\" \/>    <\/div>    <div class=\"infos\">        <span class=\"tag\">Events<\/span>        <h2>BISE Festival 2023<\/h2>        <span class=\"separator\"><\/span>       <span class=\"desc\">A selection of songs from the artists that will be performing at the BISE FESTIVAL<\/span><div class=\"share flex flexAlignCenter \">\t<span class=\"label\">Partager<\/span>\t<a href=\"https:\/\/www.facebook.com\/sharer\/sharer.php?u=https:\/\/whatthefrance.org\/fr\/playlists\/bise-festival-2023\/\" class=\"facebook\" target=\"_blank\" rel=\"noreferrer\">Facebook<\/a>\t<a href=\"https:\/\/twitter.com\/intent\/tweet?url=https:\/\/whatthefrance.org\/fr\/playlists\/bise-festival-2023\/&text=BISE+Festival+2023&hashtags=WTF\" class=\"twitter\" target=\"_blank\" rel=\"noreferrer\">Twitter<\/a>\t<a href=\"mailto:?subject=What%20the%20France%20%3A%20BISE%20Festival%202023&body=https:\/\/whatthefrance.org\/fr\/playlists\/bise-festival-2023\/\" class=\"mail\" target=\"_blank\" rel=\"noreferrer\">Email<\/a><\/div>        <a href=\"#\" class=\"btn btnPlaylist orange playlist-click\" data-id=\"49554\">            <svg version=\"1.1\" x=\"0px\" y=\"0px\" width=\"40px\" height=\"40px\" viewBox=\"0 0 213.7 213.7\" enable-background=\"new 0 0 213.7 213.7\" xml:space=\"preserve\">                <polygon class=\"triangle\" fill=\"none\" stroke-width=\"10\" stroke-linecap=\"round\" stroke-linejoin=\"round\" stroke-miterlimit=\"10\" points=\"\n            73.5,62.5 148.5,105.8 73.5,149.1 \"\/>                <circle class=\"circle\" fill=\"none\"  stroke-width=\"8\" stroke-linecap=\"round\" stroke-linejoin=\"round\" stroke-miterlimit=\"10\" cx=\"106.8\" cy=\"106.8\" r=\"103.3\"\/>                <circle class=\"circle-white\" fill=\"none\"  stroke-width=\"8\" stroke-linecap=\"round\" stroke-linejoin=\"round\" stroke-miterlimit=\"10\" cx=\"106.8\" cy=\"106.8\" r=\"103.3\"\/>            <\/svg>Ecouter        <\/a>    <\/div>  <\/div><\/div>\n","protected":false},"excerpt":{"rendered":"<p>Le\u00a0BISE\u00a0festival revient pour sa troisi\u00e8me \u00e9dition avec\u00a025 artistes qui se produiront les mardi 10 et mercredi 11 janvier 2023 \u00e0 Nantes ! Le festival de showcases nantais pr\u00e9sentera encore une fois des artistes \u00e9mergents de tous les horizons : pop, hip-hop, \u00e9lectro, rock, qui joueront sur quatre sc\u00e8nes (\u00ab\u00a0Trempo\u00a0\u00bb, \u00ab\u00a0Chapiteau\u00a0\u00bb, \u00ab\u00a0Maxi\u00a0\u00bb et \u00ab\u00a0Micro\u00a0\u00bb). Ouvert aux [&hellip;]<\/p>\n","protected":false},"author":6,"featured_media":0,"comment_status":"closed","ping_status":"closed","sticky":false,"template":"","format":"standard","meta":{"_acf_changed":false,"footnotes":""},"categories":[213],"tags":[323,302,340,351],"class_list":["post-49413","post","type-post","status-publish","format-standard","hentry","category-event-fr","tag-electronic-fr","tag-hip-hop-fr","tag-pop-fr","tag-rock-fr"],"acf":[],"yoast_head":"<!-- This site is optimized with the Yoast SEO plugin v27.3 - https:\/\/yoast.com\/product\/yoast-seo-wordpress\/ -->\n<title>BISE Festival 2023 | D\u00e9couvrez les artistes programm\u00e9s dans notre playlist ! - What the France<\/title>\n<meta name=\"robots\" content=\"index, follow, max-snippet:-1, max-image-preview:large, max-video-preview:-1\" \/>\n<link rel=\"canonical\" href=\"https:\/\/whatthefrance.org\/fr\/bise-festival-2023-decouvrez-les-artistes-programmes-dans-notre-playlist\/\" \/>\n<meta property=\"og:locale\" content=\"fr_FR\" \/>\n<meta property=\"og:type\" content=\"article\" \/>\n<meta property=\"og:title\" content=\"BISE Festival 2023 | D\u00e9couvrez les artistes programm\u00e9s dans notre playlist ! - What the France\" \/>\n<meta property=\"og:description\" content=\"Le\u00a0BISE\u00a0festival revient pour sa troisi\u00e8me \u00e9dition avec\u00a025 artistes qui se produiront les mardi 10 et mercredi 11 janvier 2023 \u00e0 Nantes ! Le festival de showcases nantais pr\u00e9sentera encore une fois des artistes \u00e9mergents de tous les horizons : pop, hip-hop, \u00e9lectro, rock, qui joueront sur quatre sc\u00e8nes (\u00ab\u00a0Trempo\u00a0\u00bb, \u00ab\u00a0Chapiteau\u00a0\u00bb, \u00ab\u00a0Maxi\u00a0\u00bb et \u00ab\u00a0Micro\u00a0\u00bb). Ouvert aux [&hellip;]\" \/>\n<meta property=\"og:url\" content=\"https:\/\/whatthefrance.org\/fr\/bise-festival-2023-decouvrez-les-artistes-programmes-dans-notre-playlist\/\" \/>\n<meta property=\"og:site_name\" content=\"What the France\" \/>\n<meta property=\"article:published_time\" content=\"2022-11-24T10:08:52+00:00\" \/>\n<meta property=\"og:image\" content=\"https:\/\/whatthefrance.org\/wp-content\/uploads\/2022\/11\/template_cover_wordpress2-2-1.png\" \/>\n\t<meta property=\"og:image:width\" content=\"1084\" \/>\n\t<meta property=\"og:image:height\" content=\"452\" \/><meta property=\"og:image\" content=\"https:\/\/whatthefrance.org\/wp-content\/uploads\/2022\/11\/MicrosoftTeams-image-300x300.jpg\" \/>\n<meta name=\"author\" content=\"Marie-Sophie Administrateur\" \/>\n<meta name=\"twitter:card\" content=\"summary_large_image\" \/>\n<meta name=\"twitter:label1\" content=\"\u00c9crit par\" \/>\n\t<meta name=\"twitter:data1\" content=\"Marie-Sophie Administrateur\" \/>\n\t<meta name=\"twitter:label2\" content=\"Dur\u00e9e de lecture estim\u00e9e\" \/>\n\t<meta name=\"twitter:data2\" content=\"1 minute\" \/>\n<script type=\"application\/ld+json\" class=\"yoast-schema-graph\">{\"@context\":\"https:\\\/\\\/schema.org\",\"@graph\":[{\"@type\":\"Article\",\"@id\":\"https:\\\/\\\/whatthefrance.org\\\/fr\\\/bise-festival-2023-decouvrez-les-artistes-programmes-dans-notre-playlist\\\/#article\",\"isPartOf\":{\"@id\":\"https:\\\/\\\/whatthefrance.org\\\/fr\\\/bise-festival-2023-decouvrez-les-artistes-programmes-dans-notre-playlist\\\/\"},\"author\":{\"name\":\"Marie-Sophie Administrateur\",\"@id\":\"https:\\\/\\\/whatthefrance.org\\\/fr\\\/#\\\/schema\\\/person\\\/3b7ea6fb70b536503b3e8c909c564a81\"},\"headline\":\"BISE Festival 2023 | D\u00e9couvrez les artistes programm\u00e9s dans notre playlist !\",\"datePublished\":\"2022-11-24T10:08:52+00:00\",\"mainEntityOfPage\":{\"@id\":\"https:\\\/\\\/whatthefrance.org\\\/fr\\\/bise-festival-2023-decouvrez-les-artistes-programmes-dans-notre-playlist\\\/\"},\"wordCount\":196,\"publisher\":{\"@id\":\"https:\\\/\\\/whatthefrance.org\\\/fr\\\/#organization\"},\"image\":{\"@id\":\"https:\\\/\\\/whatthefrance.org\\\/fr\\\/bise-festival-2023-decouvrez-les-artistes-programmes-dans-notre-playlist\\\/#primaryimage\"},\"thumbnailUrl\":\"https:\\\/\\\/whatthefrance.org\\\/wp-content\\\/uploads\\\/2022\\\/11\\\/MicrosoftTeams-image-300x300.jpg\",\"keywords\":[\"Electronic\",\"Hip-Hop\",\"Pop\",\"Rock\"],\"articleSection\":[\"Event\"],\"inLanguage\":\"fr-FR\"},{\"@type\":\"WebPage\",\"@id\":\"https:\\\/\\\/whatthefrance.org\\\/fr\\\/bise-festival-2023-decouvrez-les-artistes-programmes-dans-notre-playlist\\\/\",\"url\":\"https:\\\/\\\/whatthefrance.org\\\/fr\\\/bise-festival-2023-decouvrez-les-artistes-programmes-dans-notre-playlist\\\/\",\"name\":\"BISE Festival 2023 | D\u00e9couvrez les artistes programm\u00e9s dans notre playlist ! - What the France\",\"isPartOf\":{\"@id\":\"https:\\\/\\\/whatthefrance.org\\\/fr\\\/#website\"},\"primaryImageOfPage\":{\"@id\":\"https:\\\/\\\/whatthefrance.org\\\/fr\\\/bise-festival-2023-decouvrez-les-artistes-programmes-dans-notre-playlist\\\/#primaryimage\"},\"image\":{\"@id\":\"https:\\\/\\\/whatthefrance.org\\\/fr\\\/bise-festival-2023-decouvrez-les-artistes-programmes-dans-notre-playlist\\\/#primaryimage\"},\"thumbnailUrl\":\"https:\\\/\\\/whatthefrance.org\\\/wp-content\\\/uploads\\\/2022\\\/11\\\/MicrosoftTeams-image-300x300.jpg\",\"datePublished\":\"2022-11-24T10:08:52+00:00\",\"breadcrumb\":{\"@id\":\"https:\\\/\\\/whatthefrance.org\\\/fr\\\/bise-festival-2023-decouvrez-les-artistes-programmes-dans-notre-playlist\\\/#breadcrumb\"},\"inLanguage\":\"fr-FR\",\"potentialAction\":[{\"@type\":\"ReadAction\",\"target\":[\"https:\\\/\\\/whatthefrance.org\\\/fr\\\/bise-festival-2023-decouvrez-les-artistes-programmes-dans-notre-playlist\\\/\"]}]},{\"@type\":\"ImageObject\",\"inLanguage\":\"fr-FR\",\"@id\":\"https:\\\/\\\/whatthefrance.org\\\/fr\\\/bise-festival-2023-decouvrez-les-artistes-programmes-dans-notre-playlist\\\/#primaryimage\",\"url\":\"https:\\\/\\\/whatthefrance.org\\\/wp-content\\\/uploads\\\/2022\\\/11\\\/MicrosoftTeams-image-300x300.jpg\",\"contentUrl\":\"https:\\\/\\\/whatthefrance.org\\\/wp-content\\\/uploads\\\/2022\\\/11\\\/MicrosoftTeams-image-300x300.jpg\"},{\"@type\":\"BreadcrumbList\",\"@id\":\"https:\\\/\\\/whatthefrance.org\\\/fr\\\/bise-festival-2023-decouvrez-les-artistes-programmes-dans-notre-playlist\\\/#breadcrumb\",\"itemListElement\":[{\"@type\":\"ListItem\",\"position\":1,\"name\":\"Home\",\"item\":\"https:\\\/\\\/whatthefrance.org\\\/fr\\\/\"},{\"@type\":\"ListItem\",\"position\":2,\"name\":\"BISE Festival 2023 | D\u00e9couvrez les artistes programm\u00e9s dans notre playlist !\"}]},{\"@type\":\"WebSite\",\"@id\":\"https:\\\/\\\/whatthefrance.org\\\/fr\\\/#website\",\"url\":\"https:\\\/\\\/whatthefrance.org\\\/fr\\\/\",\"name\":\"What the France\",\"description\":\"The finest music made in France !\",\"publisher\":{\"@id\":\"https:\\\/\\\/whatthefrance.org\\\/fr\\\/#organization\"},\"potentialAction\":[{\"@type\":\"SearchAction\",\"target\":{\"@type\":\"EntryPoint\",\"urlTemplate\":\"https:\\\/\\\/whatthefrance.org\\\/fr\\\/?s={search_term_string}\"},\"query-input\":{\"@type\":\"PropertyValueSpecification\",\"valueRequired\":true,\"valueName\":\"search_term_string\"}}],\"inLanguage\":\"fr-FR\"},{\"@type\":\"Organization\",\"@id\":\"https:\\\/\\\/whatthefrance.org\\\/fr\\\/#organization\",\"name\":\"What The France\",\"url\":\"https:\\\/\\\/whatthefrance.org\\\/fr\\\/\",\"logo\":{\"@type\":\"ImageObject\",\"inLanguage\":\"fr-FR\",\"@id\":\"https:\\\/\\\/whatthefrance.org\\\/fr\\\/#\\\/schema\\\/logo\\\/image\\\/\",\"url\":\"https:\\\/\\\/whatthefrance.org\\\/wp-content\\\/uploads\\\/2019\\\/12\\\/44688719_2251580388408837_694180218134331392_n-e1577679609190.png\",\"contentUrl\":\"https:\\\/\\\/whatthefrance.org\\\/wp-content\\\/uploads\\\/2019\\\/12\\\/44688719_2251580388408837_694180218134331392_n-e1577679609190.png\",\"width\":200,\"height\":200,\"caption\":\"What The France\"},\"image\":{\"@id\":\"https:\\\/\\\/whatthefrance.org\\\/fr\\\/#\\\/schema\\\/logo\\\/image\\\/\"}},{\"@type\":\"Person\",\"@id\":\"https:\\\/\\\/whatthefrance.org\\\/fr\\\/#\\\/schema\\\/person\\\/3b7ea6fb70b536503b3e8c909c564a81\",\"name\":\"Marie-Sophie Administrateur\",\"image\":{\"@type\":\"ImageObject\",\"inLanguage\":\"fr-FR\",\"@id\":\"https:\\\/\\\/secure.gravatar.com\\\/avatar\\\/d57e4552c73c8713409cd3c2de53bdb5d220ebdd76dc7ba351b2dbae89f5afa9?s=96&d=mm&r=g\",\"url\":\"https:\\\/\\\/secure.gravatar.com\\\/avatar\\\/d57e4552c73c8713409cd3c2de53bdb5d220ebdd76dc7ba351b2dbae89f5afa9?s=96&d=mm&r=g\",\"contentUrl\":\"https:\\\/\\\/secure.gravatar.com\\\/avatar\\\/d57e4552c73c8713409cd3c2de53bdb5d220ebdd76dc7ba351b2dbae89f5afa9?s=96&d=mm&r=g\",\"caption\":\"Marie-Sophie Administrateur\"}}]}<\/script>\n<!-- \/ Yoast SEO plugin. -->","yoast_head_json":{"title":"BISE Festival 2023 | D\u00e9couvrez les artistes programm\u00e9s dans notre playlist ! - What the France","robots":{"index":"index","follow":"follow","max-snippet":"max-snippet:-1","max-image-preview":"max-image-preview:large","max-video-preview":"max-video-preview:-1"},"canonical":"https:\/\/whatthefrance.org\/fr\/bise-festival-2023-decouvrez-les-artistes-programmes-dans-notre-playlist\/","og_locale":"fr_FR","og_type":"article","og_title":"BISE Festival 2023 | D\u00e9couvrez les artistes programm\u00e9s dans notre playlist ! - What the France","og_description":"Le\u00a0BISE\u00a0festival revient pour sa troisi\u00e8me \u00e9dition avec\u00a025 artistes qui se produiront les mardi 10 et mercredi 11 janvier 2023 \u00e0 Nantes ! Le festival de showcases nantais pr\u00e9sentera encore une fois des artistes \u00e9mergents de tous les horizons : pop, hip-hop, \u00e9lectro, rock, qui joueront sur quatre sc\u00e8nes (\u00ab\u00a0Trempo\u00a0\u00bb, \u00ab\u00a0Chapiteau\u00a0\u00bb, \u00ab\u00a0Maxi\u00a0\u00bb et \u00ab\u00a0Micro\u00a0\u00bb). Ouvert aux [&hellip;]","og_url":"https:\/\/whatthefrance.org\/fr\/bise-festival-2023-decouvrez-les-artistes-programmes-dans-notre-playlist\/","og_site_name":"What the France","article_published_time":"2022-11-24T10:08:52+00:00","og_image":[{"url":"https:\/\/whatthefrance.org\/wp-content\/uploads\/2022\/11\/template_cover_wordpress2-2-1.png","height":452,"width":1084,"type":""},{"url":"https:\/\/whatthefrance.org\/wp-content\/uploads\/2022\/11\/MicrosoftTeams-image-300x300.jpg","type":"","width":"","height":""}],"author":"Marie-Sophie Administrateur","twitter_card":"summary_large_image","twitter_misc":{"\u00c9crit par":"Marie-Sophie Administrateur","Dur\u00e9e de lecture estim\u00e9e":"1 minute"},"schema":{"@context":"https:\/\/schema.org","@graph":[{"@type":"Article","@id":"https:\/\/whatthefrance.org\/fr\/bise-festival-2023-decouvrez-les-artistes-programmes-dans-notre-playlist\/#article","isPartOf":{"@id":"https:\/\/whatthefrance.org\/fr\/bise-festival-2023-decouvrez-les-artistes-programmes-dans-notre-playlist\/"},"author":{"name":"Marie-Sophie Administrateur","@id":"https:\/\/whatthefrance.org\/fr\/#\/schema\/person\/3b7ea6fb70b536503b3e8c909c564a81"},"headline":"BISE Festival 2023 | D\u00e9couvrez les artistes programm\u00e9s dans notre playlist !","datePublished":"2022-11-24T10:08:52+00:00","mainEntityOfPage":{"@id":"https:\/\/whatthefrance.org\/fr\/bise-festival-2023-decouvrez-les-artistes-programmes-dans-notre-playlist\/"},"wordCount":196,"publisher":{"@id":"https:\/\/whatthefrance.org\/fr\/#organization"},"image":{"@id":"https:\/\/whatthefrance.org\/fr\/bise-festival-2023-decouvrez-les-artistes-programmes-dans-notre-playlist\/#primaryimage"},"thumbnailUrl":"https:\/\/whatthefrance.org\/wp-content\/uploads\/2022\/11\/MicrosoftTeams-image-300x300.jpg","keywords":["Electronic","Hip-Hop","Pop","Rock"],"articleSection":["Event"],"inLanguage":"fr-FR"},{"@type":"WebPage","@id":"https:\/\/whatthefrance.org\/fr\/bise-festival-2023-decouvrez-les-artistes-programmes-dans-notre-playlist\/","url":"https:\/\/whatthefrance.org\/fr\/bise-festival-2023-decouvrez-les-artistes-programmes-dans-notre-playlist\/","name":"BISE Festival 2023 | D\u00e9couvrez les artistes programm\u00e9s dans notre playlist ! - What the France","isPartOf":{"@id":"https:\/\/whatthefrance.org\/fr\/#website"},"primaryImageOfPage":{"@id":"https:\/\/whatthefrance.org\/fr\/bise-festival-2023-decouvrez-les-artistes-programmes-dans-notre-playlist\/#primaryimage"},"image":{"@id":"https:\/\/whatthefrance.org\/fr\/bise-festival-2023-decouvrez-les-artistes-programmes-dans-notre-playlist\/#primaryimage"},"thumbnailUrl":"https:\/\/whatthefrance.org\/wp-content\/uploads\/2022\/11\/MicrosoftTeams-image-300x300.jpg","datePublished":"2022-11-24T10:08:52+00:00","breadcrumb":{"@id":"https:\/\/whatthefrance.org\/fr\/bise-festival-2023-decouvrez-les-artistes-programmes-dans-notre-playlist\/#breadcrumb"},"inLanguage":"fr-FR","potentialAction":[{"@type":"ReadAction","target":["https:\/\/whatthefrance.org\/fr\/bise-festival-2023-decouvrez-les-artistes-programmes-dans-notre-playlist\/"]}]},{"@type":"ImageObject","inLanguage":"fr-FR","@id":"https:\/\/whatthefrance.org\/fr\/bise-festival-2023-decouvrez-les-artistes-programmes-dans-notre-playlist\/#primaryimage","url":"https:\/\/whatthefrance.org\/wp-content\/uploads\/2022\/11\/MicrosoftTeams-image-300x300.jpg","contentUrl":"https:\/\/whatthefrance.org\/wp-content\/uploads\/2022\/11\/MicrosoftTeams-image-300x300.jpg"},{"@type":"BreadcrumbList","@id":"https:\/\/whatthefrance.org\/fr\/bise-festival-2023-decouvrez-les-artistes-programmes-dans-notre-playlist\/#breadcrumb","itemListElement":[{"@type":"ListItem","position":1,"name":"Home","item":"https:\/\/whatthefrance.org\/fr\/"},{"@type":"ListItem","position":2,"name":"BISE Festival 2023 | D\u00e9couvrez les artistes programm\u00e9s dans notre playlist !"}]},{"@type":"WebSite","@id":"https:\/\/whatthefrance.org\/fr\/#website","url":"https:\/\/whatthefrance.org\/fr\/","name":"What the France","description":"The finest music made in France !","publisher":{"@id":"https:\/\/whatthefrance.org\/fr\/#organization"},"potentialAction":[{"@type":"SearchAction","target":{"@type":"EntryPoint","urlTemplate":"https:\/\/whatthefrance.org\/fr\/?s={search_term_string}"},"query-input":{"@type":"PropertyValueSpecification","valueRequired":true,"valueName":"search_term_string"}}],"inLanguage":"fr-FR"},{"@type":"Organization","@id":"https:\/\/whatthefrance.org\/fr\/#organization","name":"What The France","url":"https:\/\/whatthefrance.org\/fr\/","logo":{"@type":"ImageObject","inLanguage":"fr-FR","@id":"https:\/\/whatthefrance.org\/fr\/#\/schema\/logo\/image\/","url":"https:\/\/whatthefrance.org\/wp-content\/uploads\/2019\/12\/44688719_2251580388408837_694180218134331392_n-e1577679609190.png","contentUrl":"https:\/\/whatthefrance.org\/wp-content\/uploads\/2019\/12\/44688719_2251580388408837_694180218134331392_n-e1577679609190.png","width":200,"height":200,"caption":"What The France"},"image":{"@id":"https:\/\/whatthefrance.org\/fr\/#\/schema\/logo\/image\/"}},{"@type":"Person","@id":"https:\/\/whatthefrance.org\/fr\/#\/schema\/person\/3b7ea6fb70b536503b3e8c909c564a81","name":"Marie-Sophie Administrateur","image":{"@type":"ImageObject","inLanguage":"fr-FR","@id":"https:\/\/secure.gravatar.com\/avatar\/d57e4552c73c8713409cd3c2de53bdb5d220ebdd76dc7ba351b2dbae89f5afa9?s=96&d=mm&r=g","url":"https:\/\/secure.gravatar.com\/avatar\/d57e4552c73c8713409cd3c2de53bdb5d220ebdd76dc7ba351b2dbae89f5afa9?s=96&d=mm&r=g","contentUrl":"https:\/\/secure.gravatar.com\/avatar\/d57e4552c73c8713409cd3c2de53bdb5d220ebdd76dc7ba351b2dbae89f5afa9?s=96&d=mm&r=g","caption":"Marie-Sophie Administrateur"}}]}},"_links":{"self":[{"href":"https:\/\/whatthefrance.org\/fr\/wp-json\/wp\/v2\/posts\/49413","targetHints":{"allow":["GET"]}}],"collection":[{"href":"https:\/\/whatthefrance.org\/fr\/wp-json\/wp\/v2\/posts"}],"about":[{"href":"https:\/\/whatthefrance.org\/fr\/wp-json\/wp\/v2\/types\/post"}],"author":[{"embeddable":true,"href":"https:\/\/whatthefrance.org\/fr\/wp-json\/wp\/v2\/users\/6"}],"replies":[{"embeddable":true,"href":"https:\/\/whatthefrance.org\/fr\/wp-json\/wp\/v2\/comments?post=49413"}],"version-history":[{"count":6,"href":"https:\/\/whatthefrance.org\/fr\/wp-json\/wp\/v2\/posts\/49413\/revisions"}],"predecessor-version":[{"id":49609,"href":"https:\/\/whatthefrance.org\/fr\/wp-json\/wp\/v2\/posts\/49413\/revisions\/49609"}],"wp:attachment":[{"href":"https:\/\/whatthefrance.org\/fr\/wp-json\/wp\/v2\/media?parent=49413"}],"wp:term":[{"taxonomy":"category","embeddable":true,"href":"https:\/\/whatthefrance.org\/fr\/wp-json\/wp\/v2\/categories?post=49413"},{"taxonomy":"post_tag","embeddable":true,"href":"https:\/\/whatthefrance.org\/fr\/wp-json\/wp\/v2\/tags?post=49413"}],"curies":[{"name":"wp","href":"https:\/\/api.w.org\/{rel}","templated":true}]}}