{"id":499,"date":"2018-10-18T15:30:59","date_gmt":"2018-10-18T13:30:59","guid":{"rendered":"https:\/\/whatthefrance.org\/?p=499"},"modified":"2018-12-17T11:52:30","modified_gmt":"2018-12-17T10:52:30","slug":"her-nouvelle-playlist-pour-what-the-france","status":"publish","type":"post","link":"https:\/\/whatthefrance.org\/fr\/her-nouvelle-playlist-pour-what-the-france\/","title":{"rendered":"HER | Nouvelle playlist pour What The France !"},"content":{"rendered":"<p><strong>HER<\/strong> est un groupe fran\u00e7ais originaire de Renne, il se forme en 2015.<\/p>\n<p>Le nom HER, \u00ab\u00a0Elle\u00a0\u00bb en anglais est choisie pour repr\u00e9senter <strong>la cause f\u00e9minine<\/strong> mais aussi <strong>la dualit\u00e9<\/strong> qui est propre \u00e0 leurs chansons. \u00c0 l&rsquo;\u00e2ge de 16 ans, une premi\u00e8re chanson est compos\u00e9e et apr\u00e8s 6 ans dans le groupe Popopopops, HER sort leur premier EP\u00a0<i>Tape #1<\/i>, le second sortira en 2017 <i>Tape #2<\/i>\u00a0et en 2018 c&rsquo;est l&rsquo;album nomm\u00e9\u00a0<em>Her.<\/em><\/p>\n<p>En 2018 Victor Solf annonce l&rsquo;arr\u00eat du groupe et le lancement de sa carri\u00e8re solo, mais afin de profiter encore un peu de la douce musique de Her, <strong>d\u00e9couvrez la playlist<\/strong> sp\u00e9cialement concoct\u00e9e pour What The France avec : <strong>Flavien Berger, Acid Arab, Lomepal, Orelsan, Phoenix, La Femme, Ibeyi, Colombine, Camille<\/strong> et d&rsquo;autres !<\/p>\n<p>Bonne \u00e9coute !<\/p>\n<div class=\"playListBloc singleBloc\"><div class=\"playListBloc-wrap\">    <div class=\"thumbnail\"><img data-src=\"https:\/\/whatthefrance.org\/wp-content\/uploads\/2018\/11\/WTF-Cover-Collab_Her-1-254x254.jpg\" class=\"lazyload\" alt=\"WTF&#8212;Cover-Collab_Her\" \/>    <\/div>    <div class=\"infos\">        <span class=\"tag\">Curators<\/span>        <h2>A Made In France Selection By Her<\/h2>        <span class=\"separator\"><\/span>       <span class=\"desc\">Enjoy a selection of made in France tracks handpicked by Her ! <\/span><div class=\"share flex flexAlignCenter \">\t<span class=\"label\">Partager<\/span>\t<a href=\"https:\/\/www.facebook.com\/sharer\/sharer.php?u=https:\/\/whatthefrance.org\/fr\/playlists\/a-made-in-france-selection-by-her\/\" class=\"facebook\" target=\"_blank\" rel=\"noreferrer\">Facebook<\/a>\t<a href=\"https:\/\/twitter.com\/intent\/tweet?url=https:\/\/whatthefrance.org\/fr\/playlists\/a-made-in-france-selection-by-her\/&text=A+Made+In+France+Selection+By+Her&hashtags=WTF\" class=\"twitter\" target=\"_blank\" rel=\"noreferrer\">Twitter<\/a>\t<a href=\"mailto:?subject=What%20the%20France%20%3A%20A%20Made%20In%20France%20Selection%20By%20Her&body=https:\/\/whatthefrance.org\/fr\/playlists\/a-made-in-france-selection-by-her\/\" class=\"mail\" target=\"_blank\" rel=\"noreferrer\">Email<\/a><\/div>        <a href=\"#\" class=\"btn btnPlaylist orange playlist-click\" data-id=\"1935\">            <svg version=\"1.1\" x=\"0px\" y=\"0px\" width=\"40px\" height=\"40px\" viewBox=\"0 0 213.7 213.7\" enable-background=\"new 0 0 213.7 213.7\" xml:space=\"preserve\">                <polygon class=\"triangle\" fill=\"none\" stroke-width=\"10\" stroke-linecap=\"round\" stroke-linejoin=\"round\" stroke-miterlimit=\"10\" points=\"\n            73.5,62.5 148.5,105.8 73.5,149.1 \"\/>                <circle class=\"circle\" fill=\"none\"  stroke-width=\"8\" stroke-linecap=\"round\" stroke-linejoin=\"round\" stroke-miterlimit=\"10\" cx=\"106.8\" cy=\"106.8\" r=\"103.3\"\/>                <circle class=\"circle-white\" fill=\"none\"  stroke-width=\"8\" stroke-linecap=\"round\" stroke-linejoin=\"round\" stroke-miterlimit=\"10\" cx=\"106.8\" cy=\"106.8\" r=\"103.3\"\/>            <\/svg>Ecouter        <\/a>    <\/div>  <\/div><\/div>\n","protected":false},"excerpt":{"rendered":"<p>HER est un groupe fran\u00e7ais originaire de Renne, il se forme en 2015. Le nom HER, \u00ab\u00a0Elle\u00a0\u00bb en anglais est choisie pour repr\u00e9senter la cause f\u00e9minine mais aussi la dualit\u00e9 qui est propre \u00e0 leurs chansons. \u00c0 l&rsquo;\u00e2ge de 16 ans, une premi\u00e8re chanson est compos\u00e9e et apr\u00e8s 6 ans dans le groupe Popopopops, HER [&hellip;]<\/p>\n","protected":false},"author":6,"featured_media":0,"comment_status":"closed","ping_status":"closed","sticky":false,"template":"","format":"standard","meta":{"_acf_changed":false,"footnotes":""},"categories":[300],"tags":[340,351,353],"class_list":["post-499","post","type-post","status-publish","format-standard","hentry","category-playlist-curator-fr","tag-pop-fr","tag-rock-fr","tag-soul-fr"],"acf":[],"yoast_head":"<!-- This site is optimized with the Yoast SEO plugin v27.3 - https:\/\/yoast.com\/product\/yoast-seo-wordpress\/ -->\n<title>HER | Nouvelle playlist pour What The France ! - What the France<\/title>\n<meta name=\"description\" content=\"HER est un groupe fran\u00e7ais originaire de Renne, il se forme en 2015. Le nom HER, Elle en anglais est choisie pour repr\u00e9senter la cause f\u00e9minine.\" \/>\n<meta name=\"robots\" content=\"index, follow, max-snippet:-1, max-image-preview:large, max-video-preview:-1\" \/>\n<link rel=\"canonical\" href=\"https:\/\/whatthefrance.org\/fr\/her-nouvelle-playlist-pour-what-the-france\/\" \/>\n<meta property=\"og:locale\" content=\"fr_FR\" \/>\n<meta property=\"og:type\" content=\"article\" \/>\n<meta property=\"og:title\" content=\"HER | Nouvelle playlist pour What The France ! - What the France\" \/>\n<meta property=\"og:description\" content=\"HER est un groupe fran\u00e7ais originaire de Renne, il se forme en 2015. Le nom HER, Elle en anglais est choisie pour repr\u00e9senter la cause f\u00e9minine.\" \/>\n<meta property=\"og:url\" content=\"https:\/\/whatthefrance.org\/fr\/her-nouvelle-playlist-pour-what-the-france\/\" \/>\n<meta property=\"og:site_name\" content=\"What the France\" \/>\n<meta property=\"article:published_time\" content=\"2018-10-18T13:30:59+00:00\" \/>\n<meta property=\"article:modified_time\" content=\"2018-12-17T10:52:30+00:00\" \/>\n<meta property=\"og:image\" content=\"https:\/\/whatthefrance.org\/wp-content\/uploads\/2018\/10\/her7_par_julot_bandit.jpg\" \/>\n\t<meta property=\"og:image:width\" content=\"2000\" \/>\n\t<meta property=\"og:image:height\" content=\"1000\" \/>\n<meta name=\"author\" content=\"Marie-Sophie Administrateur\" \/>\n<meta name=\"twitter:card\" content=\"summary_large_image\" \/>\n<meta name=\"twitter:label1\" content=\"\u00c9crit par\" \/>\n\t<meta name=\"twitter:data1\" content=\"Marie-Sophie Administrateur\" \/>\n\t<meta name=\"twitter:label2\" content=\"Dur\u00e9e de lecture estim\u00e9e\" \/>\n\t<meta name=\"twitter:data2\" content=\"1 minute\" \/>\n<script type=\"application\/ld+json\" class=\"yoast-schema-graph\">{\"@context\":\"https:\\\/\\\/schema.org\",\"@graph\":[{\"@type\":\"Article\",\"@id\":\"https:\\\/\\\/whatthefrance.org\\\/fr\\\/her-nouvelle-playlist-pour-what-the-france\\\/#article\",\"isPartOf\":{\"@id\":\"https:\\\/\\\/whatthefrance.org\\\/fr\\\/her-nouvelle-playlist-pour-what-the-france\\\/\"},\"author\":{\"name\":\"Marie-Sophie Administrateur\",\"@id\":\"https:\\\/\\\/whatthefrance.org\\\/fr\\\/#\\\/schema\\\/person\\\/3b7ea6fb70b536503b3e8c909c564a81\"},\"headline\":\"HER | Nouvelle playlist pour What The France !\",\"datePublished\":\"2018-10-18T13:30:59+00:00\",\"dateModified\":\"2018-12-17T10:52:30+00:00\",\"mainEntityOfPage\":{\"@id\":\"https:\\\/\\\/whatthefrance.org\\\/fr\\\/her-nouvelle-playlist-pour-what-the-france\\\/\"},\"wordCount\":144,\"publisher\":{\"@id\":\"https:\\\/\\\/whatthefrance.org\\\/fr\\\/#organization\"},\"keywords\":[\"Pop\",\"Rock\",\"Soul\"],\"articleSection\":[\"Curator\"],\"inLanguage\":\"fr-FR\"},{\"@type\":\"WebPage\",\"@id\":\"https:\\\/\\\/whatthefrance.org\\\/fr\\\/her-nouvelle-playlist-pour-what-the-france\\\/\",\"url\":\"https:\\\/\\\/whatthefrance.org\\\/fr\\\/her-nouvelle-playlist-pour-what-the-france\\\/\",\"name\":\"HER | Nouvelle playlist pour What The France ! - What the France\",\"isPartOf\":{\"@id\":\"https:\\\/\\\/whatthefrance.org\\\/fr\\\/#website\"},\"datePublished\":\"2018-10-18T13:30:59+00:00\",\"dateModified\":\"2018-12-17T10:52:30+00:00\",\"description\":\"HER est un groupe fran\u00e7ais originaire de Renne, il se forme en 2015. Le nom HER, Elle en anglais est choisie pour repr\u00e9senter la cause f\u00e9minine.\",\"breadcrumb\":{\"@id\":\"https:\\\/\\\/whatthefrance.org\\\/fr\\\/her-nouvelle-playlist-pour-what-the-france\\\/#breadcrumb\"},\"inLanguage\":\"fr-FR\",\"potentialAction\":[{\"@type\":\"ReadAction\",\"target\":[\"https:\\\/\\\/whatthefrance.org\\\/fr\\\/her-nouvelle-playlist-pour-what-the-france\\\/\"]}]},{\"@type\":\"BreadcrumbList\",\"@id\":\"https:\\\/\\\/whatthefrance.org\\\/fr\\\/her-nouvelle-playlist-pour-what-the-france\\\/#breadcrumb\",\"itemListElement\":[{\"@type\":\"ListItem\",\"position\":1,\"name\":\"Home\",\"item\":\"https:\\\/\\\/whatthefrance.org\\\/fr\\\/\"},{\"@type\":\"ListItem\",\"position\":2,\"name\":\"HER | Nouvelle playlist pour What The France !\"}]},{\"@type\":\"WebSite\",\"@id\":\"https:\\\/\\\/whatthefrance.org\\\/fr\\\/#website\",\"url\":\"https:\\\/\\\/whatthefrance.org\\\/fr\\\/\",\"name\":\"What the France\",\"description\":\"The finest music made in France !\",\"publisher\":{\"@id\":\"https:\\\/\\\/whatthefrance.org\\\/fr\\\/#organization\"},\"potentialAction\":[{\"@type\":\"SearchAction\",\"target\":{\"@type\":\"EntryPoint\",\"urlTemplate\":\"https:\\\/\\\/whatthefrance.org\\\/fr\\\/?s={search_term_string}\"},\"query-input\":{\"@type\":\"PropertyValueSpecification\",\"valueRequired\":true,\"valueName\":\"search_term_string\"}}],\"inLanguage\":\"fr-FR\"},{\"@type\":\"Organization\",\"@id\":\"https:\\\/\\\/whatthefrance.org\\\/fr\\\/#organization\",\"name\":\"What The France\",\"url\":\"https:\\\/\\\/whatthefrance.org\\\/fr\\\/\",\"logo\":{\"@type\":\"ImageObject\",\"inLanguage\":\"fr-FR\",\"@id\":\"https:\\\/\\\/whatthefrance.org\\\/fr\\\/#\\\/schema\\\/logo\\\/image\\\/\",\"url\":\"https:\\\/\\\/whatthefrance.org\\\/wp-content\\\/uploads\\\/2019\\\/12\\\/44688719_2251580388408837_694180218134331392_n-e1577679609190.png\",\"contentUrl\":\"https:\\\/\\\/whatthefrance.org\\\/wp-content\\\/uploads\\\/2019\\\/12\\\/44688719_2251580388408837_694180218134331392_n-e1577679609190.png\",\"width\":200,\"height\":200,\"caption\":\"What The France\"},\"image\":{\"@id\":\"https:\\\/\\\/whatthefrance.org\\\/fr\\\/#\\\/schema\\\/logo\\\/image\\\/\"}},{\"@type\":\"Person\",\"@id\":\"https:\\\/\\\/whatthefrance.org\\\/fr\\\/#\\\/schema\\\/person\\\/3b7ea6fb70b536503b3e8c909c564a81\",\"name\":\"Marie-Sophie Administrateur\",\"image\":{\"@type\":\"ImageObject\",\"inLanguage\":\"fr-FR\",\"@id\":\"https:\\\/\\\/secure.gravatar.com\\\/avatar\\\/d57e4552c73c8713409cd3c2de53bdb5d220ebdd76dc7ba351b2dbae89f5afa9?s=96&d=mm&r=g\",\"url\":\"https:\\\/\\\/secure.gravatar.com\\\/avatar\\\/d57e4552c73c8713409cd3c2de53bdb5d220ebdd76dc7ba351b2dbae89f5afa9?s=96&d=mm&r=g\",\"contentUrl\":\"https:\\\/\\\/secure.gravatar.com\\\/avatar\\\/d57e4552c73c8713409cd3c2de53bdb5d220ebdd76dc7ba351b2dbae89f5afa9?s=96&d=mm&r=g\",\"caption\":\"Marie-Sophie Administrateur\"}}]}<\/script>\n<!-- \/ Yoast SEO plugin. -->","yoast_head_json":{"title":"HER | Nouvelle playlist pour What The France ! - What the France","description":"HER est un groupe fran\u00e7ais originaire de Renne, il se forme en 2015. Le nom HER, Elle en anglais est choisie pour repr\u00e9senter la cause f\u00e9minine.","robots":{"index":"index","follow":"follow","max-snippet":"max-snippet:-1","max-image-preview":"max-image-preview:large","max-video-preview":"max-video-preview:-1"},"canonical":"https:\/\/whatthefrance.org\/fr\/her-nouvelle-playlist-pour-what-the-france\/","og_locale":"fr_FR","og_type":"article","og_title":"HER | Nouvelle playlist pour What The France ! - What the France","og_description":"HER est un groupe fran\u00e7ais originaire de Renne, il se forme en 2015. Le nom HER, Elle en anglais est choisie pour repr\u00e9senter la cause f\u00e9minine.","og_url":"https:\/\/whatthefrance.org\/fr\/her-nouvelle-playlist-pour-what-the-france\/","og_site_name":"What the France","article_published_time":"2018-10-18T13:30:59+00:00","article_modified_time":"2018-12-17T10:52:30+00:00","og_image":[{"url":"https:\/\/whatthefrance.org\/wp-content\/uploads\/2018\/10\/her7_par_julot_bandit.jpg","height":1000,"width":2000,"type":""}],"author":"Marie-Sophie Administrateur","twitter_card":"summary_large_image","twitter_misc":{"\u00c9crit par":"Marie-Sophie Administrateur","Dur\u00e9e de lecture estim\u00e9e":"1 minute"},"schema":{"@context":"https:\/\/schema.org","@graph":[{"@type":"Article","@id":"https:\/\/whatthefrance.org\/fr\/her-nouvelle-playlist-pour-what-the-france\/#article","isPartOf":{"@id":"https:\/\/whatthefrance.org\/fr\/her-nouvelle-playlist-pour-what-the-france\/"},"author":{"name":"Marie-Sophie Administrateur","@id":"https:\/\/whatthefrance.org\/fr\/#\/schema\/person\/3b7ea6fb70b536503b3e8c909c564a81"},"headline":"HER | Nouvelle playlist pour What The France !","datePublished":"2018-10-18T13:30:59+00:00","dateModified":"2018-12-17T10:52:30+00:00","mainEntityOfPage":{"@id":"https:\/\/whatthefrance.org\/fr\/her-nouvelle-playlist-pour-what-the-france\/"},"wordCount":144,"publisher":{"@id":"https:\/\/whatthefrance.org\/fr\/#organization"},"keywords":["Pop","Rock","Soul"],"articleSection":["Curator"],"inLanguage":"fr-FR"},{"@type":"WebPage","@id":"https:\/\/whatthefrance.org\/fr\/her-nouvelle-playlist-pour-what-the-france\/","url":"https:\/\/whatthefrance.org\/fr\/her-nouvelle-playlist-pour-what-the-france\/","name":"HER | Nouvelle playlist pour What The France ! - What the France","isPartOf":{"@id":"https:\/\/whatthefrance.org\/fr\/#website"},"datePublished":"2018-10-18T13:30:59+00:00","dateModified":"2018-12-17T10:52:30+00:00","description":"HER est un groupe fran\u00e7ais originaire de Renne, il se forme en 2015. Le nom HER, Elle en anglais est choisie pour repr\u00e9senter la cause f\u00e9minine.","breadcrumb":{"@id":"https:\/\/whatthefrance.org\/fr\/her-nouvelle-playlist-pour-what-the-france\/#breadcrumb"},"inLanguage":"fr-FR","potentialAction":[{"@type":"ReadAction","target":["https:\/\/whatthefrance.org\/fr\/her-nouvelle-playlist-pour-what-the-france\/"]}]},{"@type":"BreadcrumbList","@id":"https:\/\/whatthefrance.org\/fr\/her-nouvelle-playlist-pour-what-the-france\/#breadcrumb","itemListElement":[{"@type":"ListItem","position":1,"name":"Home","item":"https:\/\/whatthefrance.org\/fr\/"},{"@type":"ListItem","position":2,"name":"HER | Nouvelle playlist pour What The France !"}]},{"@type":"WebSite","@id":"https:\/\/whatthefrance.org\/fr\/#website","url":"https:\/\/whatthefrance.org\/fr\/","name":"What the France","description":"The finest music made in France !","publisher":{"@id":"https:\/\/whatthefrance.org\/fr\/#organization"},"potentialAction":[{"@type":"SearchAction","target":{"@type":"EntryPoint","urlTemplate":"https:\/\/whatthefrance.org\/fr\/?s={search_term_string}"},"query-input":{"@type":"PropertyValueSpecification","valueRequired":true,"valueName":"search_term_string"}}],"inLanguage":"fr-FR"},{"@type":"Organization","@id":"https:\/\/whatthefrance.org\/fr\/#organization","name":"What The France","url":"https:\/\/whatthefrance.org\/fr\/","logo":{"@type":"ImageObject","inLanguage":"fr-FR","@id":"https:\/\/whatthefrance.org\/fr\/#\/schema\/logo\/image\/","url":"https:\/\/whatthefrance.org\/wp-content\/uploads\/2019\/12\/44688719_2251580388408837_694180218134331392_n-e1577679609190.png","contentUrl":"https:\/\/whatthefrance.org\/wp-content\/uploads\/2019\/12\/44688719_2251580388408837_694180218134331392_n-e1577679609190.png","width":200,"height":200,"caption":"What The France"},"image":{"@id":"https:\/\/whatthefrance.org\/fr\/#\/schema\/logo\/image\/"}},{"@type":"Person","@id":"https:\/\/whatthefrance.org\/fr\/#\/schema\/person\/3b7ea6fb70b536503b3e8c909c564a81","name":"Marie-Sophie Administrateur","image":{"@type":"ImageObject","inLanguage":"fr-FR","@id":"https:\/\/secure.gravatar.com\/avatar\/d57e4552c73c8713409cd3c2de53bdb5d220ebdd76dc7ba351b2dbae89f5afa9?s=96&d=mm&r=g","url":"https:\/\/secure.gravatar.com\/avatar\/d57e4552c73c8713409cd3c2de53bdb5d220ebdd76dc7ba351b2dbae89f5afa9?s=96&d=mm&r=g","contentUrl":"https:\/\/secure.gravatar.com\/avatar\/d57e4552c73c8713409cd3c2de53bdb5d220ebdd76dc7ba351b2dbae89f5afa9?s=96&d=mm&r=g","caption":"Marie-Sophie Administrateur"}}]}},"_links":{"self":[{"href":"https:\/\/whatthefrance.org\/fr\/wp-json\/wp\/v2\/posts\/499","targetHints":{"allow":["GET"]}}],"collection":[{"href":"https:\/\/whatthefrance.org\/fr\/wp-json\/wp\/v2\/posts"}],"about":[{"href":"https:\/\/whatthefrance.org\/fr\/wp-json\/wp\/v2\/types\/post"}],"author":[{"embeddable":true,"href":"https:\/\/whatthefrance.org\/fr\/wp-json\/wp\/v2\/users\/6"}],"replies":[{"embeddable":true,"href":"https:\/\/whatthefrance.org\/fr\/wp-json\/wp\/v2\/comments?post=499"}],"version-history":[{"count":14,"href":"https:\/\/whatthefrance.org\/fr\/wp-json\/wp\/v2\/posts\/499\/revisions"}],"predecessor-version":[{"id":2416,"href":"https:\/\/whatthefrance.org\/fr\/wp-json\/wp\/v2\/posts\/499\/revisions\/2416"}],"wp:attachment":[{"href":"https:\/\/whatthefrance.org\/fr\/wp-json\/wp\/v2\/media?parent=499"}],"wp:term":[{"taxonomy":"category","embeddable":true,"href":"https:\/\/whatthefrance.org\/fr\/wp-json\/wp\/v2\/categories?post=499"},{"taxonomy":"post_tag","embeddable":true,"href":"https:\/\/whatthefrance.org\/fr\/wp-json\/wp\/v2\/tags?post=499"}],"curies":[{"name":"wp","href":"https:\/\/api.w.org\/{rel}","templated":true}]}}