{"id":50210,"date":"2022-12-29T10:00:18","date_gmt":"2022-12-29T09:00:18","guid":{"rendered":"https:\/\/whatthefrance.org\/?p=50210"},"modified":"2023-01-03T10:54:18","modified_gmt":"2023-01-03T09:54:18","slug":"acid-arab-un-nouveau-single-et-une-tournee-internationale","status":"publish","type":"post","link":"https:\/\/whatthefrance.org\/fr\/acid-arab-un-nouveau-single-et-une-tournee-internationale\/","title":{"rendered":"Acid Arab | Un nouveau single et une tourn\u00e9e internationale !"},"content":{"rendered":"<p><span class=\"em-orange\">Le 25 novembre dernier, <strong><a href=\"https:\/\/www.instagram.com\/acid_arab\/\" target=\"_blank\" rel=\"noopener\">Acid Arab<\/a><\/strong> a sorti un deuxi\u00e8me extrait de son prochain album, intitul\u00e9 \u00ab\u00a0<strong>Ya Mahla\u00a0\u00bb<\/strong>. Le morceau r\u00e9uni Acid Arab avec <strong>Wael Alqak<\/strong>, un chanteur syrien qui avait \u00e9t\u00e9 pressenti pour \u00eatre le premier clavi\u00e9riste aux d\u00e9buts du groupe. Un morceau implacable, qui sonne comme un hymne (\u201c<em>Quelle beaut\u00e9 le mot &lsquo;Libert\u00e9&rsquo; \/ Je salue les peuples arabes \/ Quelle beaut\u00e9 le mot &lsquo;Libert\u00e9&rsquo; \/ Je salue les r\u00e9volutionnaires arabes<\/em>\u201d).\u00a0<\/span><\/p>\n<p><iframe loading=\"lazy\" title=\"Acid Arab feat. Wael Alkak - Ya Mahla (Official Visualiser)\" width=\"500\" height=\"281\" src=\"https:\/\/www.youtube.com\/embed\/JXFSX5m8PTo?feature=oembed\" frameborder=\"0\" allow=\"accelerometer; autoplay; clipboard-write; encrypted-media; gyroscope; picture-in-picture; web-share\" referrerpolicy=\"strict-origin-when-cross-origin\" allowfullscreen><\/iframe><\/p>\n<p>Le groupe, mondialement reconnu pour son association magistrale et originale alliant les sons traditionnels du Maghreb et Moyen-Orient \u00e0 la musique \u00e9lectronique, est de retour pour un troisi\u00e8me album. Il<strong>\u00a0<\/strong>s\u2019intitule <strong>\u0663<\/strong><strong><em>\u00a0(Trois)<\/em>,\u00a0<\/strong>et para\u00eetra le\u00a0<strong>3 f\u00e9vrier 2023<\/strong>. Acid Arab avait d\u00e9j\u00e0 sorti un premier single il y a deux mois, baptis\u00e9 \u00ab\u00a0<strong>Halim Guelil <\/strong>\u00ab\u00a0.<\/p>\n<p><iframe loading=\"lazy\" title=\"Acid Arab feat. Cheb Halim - Halim Guelil (Official Visualiser)\" width=\"500\" height=\"281\" src=\"https:\/\/www.youtube.com\/embed\/DkqsPT5wyJk?feature=oembed\" frameborder=\"0\" allow=\"accelerometer; autoplay; clipboard-write; encrypted-media; gyroscope; picture-in-picture; web-share\" referrerpolicy=\"strict-origin-when-cross-origin\" allowfullscreen><\/iframe><\/p>\n<p>&nbsp;<\/p>\n<p>Ecoutez la playlist exclusive d&rsquo;Acid Arab pour What the France !<\/p>\n<div class=\"playListBloc singleBloc\"><div class=\"playListBloc-wrap\">    <div class=\"thumbnail\"><img data-src=\"https:\/\/whatthefrance.org\/wp-content\/uploads\/2018\/11\/WTF-Cover-Collab_-Guido-Minisky-1-254x254.jpg\" class=\"lazyload\" alt=\"WTF&#8212;Cover-Collab_ Guido Minisky\" \/>    <\/div>    <div class=\"infos\">        <span class=\"tag\">Curators<\/span>        <h2>A Made In France Selection By Acid Arab<\/h2>        <span class=\"separator\"><\/span>       <span class=\"desc\">Enjoy a selection of made in France tracks handpicked by Guido Minisky from Acid Arab ! <\/span><div class=\"share flex flexAlignCenter \">\t<span class=\"label\">Partager<\/span>\t<a href=\"https:\/\/www.facebook.com\/sharer\/sharer.php?u=https:\/\/whatthefrance.org\/fr\/playlists\/a-made-in-france-selection-by-acid-arab\/\" class=\"facebook\" target=\"_blank\" rel=\"noreferrer\">Facebook<\/a>\t<a href=\"https:\/\/twitter.com\/intent\/tweet?url=https:\/\/whatthefrance.org\/fr\/playlists\/a-made-in-france-selection-by-acid-arab\/&text=A+Made+In+France+Selection+By+Acid+Arab&hashtags=WTF\" class=\"twitter\" target=\"_blank\" rel=\"noreferrer\">Twitter<\/a>\t<a href=\"mailto:?subject=What%20the%20France%20%3A%20A%20Made%20In%20France%20Selection%20By%20Acid%20Arab&body=https:\/\/whatthefrance.org\/fr\/playlists\/a-made-in-france-selection-by-acid-arab\/\" class=\"mail\" target=\"_blank\" rel=\"noreferrer\">Email<\/a><\/div>        <a href=\"#\" class=\"btn btnPlaylist orange playlist-click\" data-id=\"1866\">            <svg version=\"1.1\" x=\"0px\" y=\"0px\" width=\"40px\" height=\"40px\" viewBox=\"0 0 213.7 213.7\" enable-background=\"new 0 0 213.7 213.7\" xml:space=\"preserve\">                <polygon class=\"triangle\" fill=\"none\" stroke-width=\"10\" stroke-linecap=\"round\" stroke-linejoin=\"round\" stroke-miterlimit=\"10\" points=\"\n            73.5,62.5 148.5,105.8 73.5,149.1 \"\/>                <circle class=\"circle\" fill=\"none\"  stroke-width=\"8\" stroke-linecap=\"round\" stroke-linejoin=\"round\" stroke-miterlimit=\"10\" cx=\"106.8\" cy=\"106.8\" r=\"103.3\"\/>                <circle class=\"circle-white\" fill=\"none\"  stroke-width=\"8\" stroke-linecap=\"round\" stroke-linejoin=\"round\" stroke-miterlimit=\"10\" cx=\"106.8\" cy=\"106.8\" r=\"103.3\"\/>            <\/svg>Ecouter        <\/a>    <\/div>  <\/div><\/div>\n<p>Le groupe poursuit actuellement sa tourn\u00e9e internationale, d\u00e9couvrez toutes leurs dates ci-dessous.<\/p>\n","protected":false},"excerpt":{"rendered":"<p>Le 25 novembre dernier, Acid Arab a sorti un deuxi\u00e8me extrait de son prochain album, intitul\u00e9 \u00ab\u00a0Ya Mahla\u00a0\u00bb. Le morceau r\u00e9uni Acid Arab avec Wael Alqak, un chanteur syrien qui avait \u00e9t\u00e9 pressenti pour \u00eatre le premier clavi\u00e9riste aux d\u00e9buts du groupe. Un morceau implacable, qui sonne comme un hymne (\u201cQuelle beaut\u00e9 le mot &lsquo;Libert\u00e9&rsquo; [&hellip;]<\/p>\n","protected":false},"author":6,"featured_media":0,"comment_status":"closed","ping_status":"closed","sticky":false,"template":"","format":"standard","meta":{"_acf_changed":false,"footnotes":""},"categories":[213],"tags":[323,361],"class_list":["post-50210","post","type-post","status-publish","format-standard","hentry","category-event-fr","tag-electronic-fr","tag-world-fr"],"acf":[],"yoast_head":"<!-- This site is optimized with the Yoast SEO plugin v27.3 - https:\/\/yoast.com\/product\/yoast-seo-wordpress\/ -->\n<title>Acid Arab | Un nouveau single et une tourn\u00e9e internationale ! - What the France<\/title>\n<meta name=\"robots\" content=\"index, follow, max-snippet:-1, max-image-preview:large, max-video-preview:-1\" \/>\n<link rel=\"canonical\" href=\"https:\/\/whatthefrance.org\/fr\/acid-arab-un-nouveau-single-et-une-tournee-internationale\/\" \/>\n<meta property=\"og:locale\" content=\"fr_FR\" \/>\n<meta property=\"og:type\" content=\"article\" \/>\n<meta property=\"og:title\" content=\"Acid Arab | Un nouveau single et une tourn\u00e9e internationale ! - What the France\" \/>\n<meta property=\"og:description\" content=\"Le 25 novembre dernier, Acid Arab a sorti un deuxi\u00e8me extrait de son prochain album, intitul\u00e9 \u00ab\u00a0Ya Mahla\u00a0\u00bb. Le morceau r\u00e9uni Acid Arab avec Wael Alqak, un chanteur syrien qui avait \u00e9t\u00e9 pressenti pour \u00eatre le premier clavi\u00e9riste aux d\u00e9buts du groupe. Un morceau implacable, qui sonne comme un hymne (\u201cQuelle beaut\u00e9 le mot &lsquo;Libert\u00e9&rsquo; [&hellip;]\" \/>\n<meta property=\"og:url\" content=\"https:\/\/whatthefrance.org\/fr\/acid-arab-un-nouveau-single-et-une-tournee-internationale\/\" \/>\n<meta property=\"og:site_name\" content=\"What the France\" \/>\n<meta property=\"article:published_time\" content=\"2022-12-29T09:00:18+00:00\" \/>\n<meta property=\"article:modified_time\" content=\"2023-01-03T09:54:18+00:00\" \/>\n<meta property=\"og:image\" content=\"https:\/\/whatthefrance.org\/wp-content\/uploads\/2022\/12\/acid_arab_cover_wordpress.png\" \/>\n\t<meta property=\"og:image:width\" content=\"1084\" \/>\n\t<meta property=\"og:image:height\" content=\"452\" \/>\n<meta name=\"author\" content=\"Marie-Sophie Administrateur\" \/>\n<meta name=\"twitter:card\" content=\"summary_large_image\" \/>\n<meta name=\"twitter:label1\" content=\"\u00c9crit par\" \/>\n\t<meta name=\"twitter:data1\" content=\"Marie-Sophie Administrateur\" \/>\n\t<meta name=\"twitter:label2\" content=\"Dur\u00e9e de lecture estim\u00e9e\" \/>\n\t<meta name=\"twitter:data2\" content=\"1 minute\" \/>\n<script type=\"application\/ld+json\" class=\"yoast-schema-graph\">{\"@context\":\"https:\\\/\\\/schema.org\",\"@graph\":[{\"@type\":\"Article\",\"@id\":\"https:\\\/\\\/whatthefrance.org\\\/fr\\\/acid-arab-un-nouveau-single-et-une-tournee-internationale\\\/#article\",\"isPartOf\":{\"@id\":\"https:\\\/\\\/whatthefrance.org\\\/fr\\\/acid-arab-un-nouveau-single-et-une-tournee-internationale\\\/\"},\"author\":{\"name\":\"Marie-Sophie Administrateur\",\"@id\":\"https:\\\/\\\/whatthefrance.org\\\/fr\\\/#\\\/schema\\\/person\\\/3b7ea6fb70b536503b3e8c909c564a81\"},\"headline\":\"Acid Arab | Un nouveau single et une tourn\u00e9e internationale !\",\"datePublished\":\"2022-12-29T09:00:18+00:00\",\"dateModified\":\"2023-01-03T09:54:18+00:00\",\"mainEntityOfPage\":{\"@id\":\"https:\\\/\\\/whatthefrance.org\\\/fr\\\/acid-arab-un-nouveau-single-et-une-tournee-internationale\\\/\"},\"wordCount\":185,\"publisher\":{\"@id\":\"https:\\\/\\\/whatthefrance.org\\\/fr\\\/#organization\"},\"keywords\":[\"Electronic\",\"World\"],\"articleSection\":[\"Event\"],\"inLanguage\":\"fr-FR\"},{\"@type\":\"WebPage\",\"@id\":\"https:\\\/\\\/whatthefrance.org\\\/fr\\\/acid-arab-un-nouveau-single-et-une-tournee-internationale\\\/\",\"url\":\"https:\\\/\\\/whatthefrance.org\\\/fr\\\/acid-arab-un-nouveau-single-et-une-tournee-internationale\\\/\",\"name\":\"Acid Arab | Un nouveau single et une tourn\u00e9e internationale ! - What the France\",\"isPartOf\":{\"@id\":\"https:\\\/\\\/whatthefrance.org\\\/fr\\\/#website\"},\"datePublished\":\"2022-12-29T09:00:18+00:00\",\"dateModified\":\"2023-01-03T09:54:18+00:00\",\"breadcrumb\":{\"@id\":\"https:\\\/\\\/whatthefrance.org\\\/fr\\\/acid-arab-un-nouveau-single-et-une-tournee-internationale\\\/#breadcrumb\"},\"inLanguage\":\"fr-FR\",\"potentialAction\":[{\"@type\":\"ReadAction\",\"target\":[\"https:\\\/\\\/whatthefrance.org\\\/fr\\\/acid-arab-un-nouveau-single-et-une-tournee-internationale\\\/\"]}]},{\"@type\":\"BreadcrumbList\",\"@id\":\"https:\\\/\\\/whatthefrance.org\\\/fr\\\/acid-arab-un-nouveau-single-et-une-tournee-internationale\\\/#breadcrumb\",\"itemListElement\":[{\"@type\":\"ListItem\",\"position\":1,\"name\":\"Home\",\"item\":\"https:\\\/\\\/whatthefrance.org\\\/fr\\\/\"},{\"@type\":\"ListItem\",\"position\":2,\"name\":\"Acid Arab | Un nouveau single et une tourn\u00e9e internationale !\"}]},{\"@type\":\"WebSite\",\"@id\":\"https:\\\/\\\/whatthefrance.org\\\/fr\\\/#website\",\"url\":\"https:\\\/\\\/whatthefrance.org\\\/fr\\\/\",\"name\":\"What the France\",\"description\":\"The finest music made in France !\",\"publisher\":{\"@id\":\"https:\\\/\\\/whatthefrance.org\\\/fr\\\/#organization\"},\"potentialAction\":[{\"@type\":\"SearchAction\",\"target\":{\"@type\":\"EntryPoint\",\"urlTemplate\":\"https:\\\/\\\/whatthefrance.org\\\/fr\\\/?s={search_term_string}\"},\"query-input\":{\"@type\":\"PropertyValueSpecification\",\"valueRequired\":true,\"valueName\":\"search_term_string\"}}],\"inLanguage\":\"fr-FR\"},{\"@type\":\"Organization\",\"@id\":\"https:\\\/\\\/whatthefrance.org\\\/fr\\\/#organization\",\"name\":\"What The France\",\"url\":\"https:\\\/\\\/whatthefrance.org\\\/fr\\\/\",\"logo\":{\"@type\":\"ImageObject\",\"inLanguage\":\"fr-FR\",\"@id\":\"https:\\\/\\\/whatthefrance.org\\\/fr\\\/#\\\/schema\\\/logo\\\/image\\\/\",\"url\":\"https:\\\/\\\/whatthefrance.org\\\/wp-content\\\/uploads\\\/2019\\\/12\\\/44688719_2251580388408837_694180218134331392_n-e1577679609190.png\",\"contentUrl\":\"https:\\\/\\\/whatthefrance.org\\\/wp-content\\\/uploads\\\/2019\\\/12\\\/44688719_2251580388408837_694180218134331392_n-e1577679609190.png\",\"width\":200,\"height\":200,\"caption\":\"What The France\"},\"image\":{\"@id\":\"https:\\\/\\\/whatthefrance.org\\\/fr\\\/#\\\/schema\\\/logo\\\/image\\\/\"}},{\"@type\":\"Person\",\"@id\":\"https:\\\/\\\/whatthefrance.org\\\/fr\\\/#\\\/schema\\\/person\\\/3b7ea6fb70b536503b3e8c909c564a81\",\"name\":\"Marie-Sophie Administrateur\",\"image\":{\"@type\":\"ImageObject\",\"inLanguage\":\"fr-FR\",\"@id\":\"https:\\\/\\\/secure.gravatar.com\\\/avatar\\\/d57e4552c73c8713409cd3c2de53bdb5d220ebdd76dc7ba351b2dbae89f5afa9?s=96&d=mm&r=g\",\"url\":\"https:\\\/\\\/secure.gravatar.com\\\/avatar\\\/d57e4552c73c8713409cd3c2de53bdb5d220ebdd76dc7ba351b2dbae89f5afa9?s=96&d=mm&r=g\",\"contentUrl\":\"https:\\\/\\\/secure.gravatar.com\\\/avatar\\\/d57e4552c73c8713409cd3c2de53bdb5d220ebdd76dc7ba351b2dbae89f5afa9?s=96&d=mm&r=g\",\"caption\":\"Marie-Sophie Administrateur\"}}]}<\/script>\n<!-- \/ Yoast SEO plugin. -->","yoast_head_json":{"title":"Acid Arab | Un nouveau single et une tourn\u00e9e internationale ! - What the France","robots":{"index":"index","follow":"follow","max-snippet":"max-snippet:-1","max-image-preview":"max-image-preview:large","max-video-preview":"max-video-preview:-1"},"canonical":"https:\/\/whatthefrance.org\/fr\/acid-arab-un-nouveau-single-et-une-tournee-internationale\/","og_locale":"fr_FR","og_type":"article","og_title":"Acid Arab | Un nouveau single et une tourn\u00e9e internationale ! - What the France","og_description":"Le 25 novembre dernier, Acid Arab a sorti un deuxi\u00e8me extrait de son prochain album, intitul\u00e9 \u00ab\u00a0Ya Mahla\u00a0\u00bb. Le morceau r\u00e9uni Acid Arab avec Wael Alqak, un chanteur syrien qui avait \u00e9t\u00e9 pressenti pour \u00eatre le premier clavi\u00e9riste aux d\u00e9buts du groupe. Un morceau implacable, qui sonne comme un hymne (\u201cQuelle beaut\u00e9 le mot &lsquo;Libert\u00e9&rsquo; [&hellip;]","og_url":"https:\/\/whatthefrance.org\/fr\/acid-arab-un-nouveau-single-et-une-tournee-internationale\/","og_site_name":"What the France","article_published_time":"2022-12-29T09:00:18+00:00","article_modified_time":"2023-01-03T09:54:18+00:00","og_image":[{"url":"https:\/\/whatthefrance.org\/wp-content\/uploads\/2022\/12\/acid_arab_cover_wordpress.png","height":452,"width":1084,"type":""}],"author":"Marie-Sophie Administrateur","twitter_card":"summary_large_image","twitter_misc":{"\u00c9crit par":"Marie-Sophie Administrateur","Dur\u00e9e de lecture estim\u00e9e":"1 minute"},"schema":{"@context":"https:\/\/schema.org","@graph":[{"@type":"Article","@id":"https:\/\/whatthefrance.org\/fr\/acid-arab-un-nouveau-single-et-une-tournee-internationale\/#article","isPartOf":{"@id":"https:\/\/whatthefrance.org\/fr\/acid-arab-un-nouveau-single-et-une-tournee-internationale\/"},"author":{"name":"Marie-Sophie Administrateur","@id":"https:\/\/whatthefrance.org\/fr\/#\/schema\/person\/3b7ea6fb70b536503b3e8c909c564a81"},"headline":"Acid Arab | Un nouveau single et une tourn\u00e9e internationale !","datePublished":"2022-12-29T09:00:18+00:00","dateModified":"2023-01-03T09:54:18+00:00","mainEntityOfPage":{"@id":"https:\/\/whatthefrance.org\/fr\/acid-arab-un-nouveau-single-et-une-tournee-internationale\/"},"wordCount":185,"publisher":{"@id":"https:\/\/whatthefrance.org\/fr\/#organization"},"keywords":["Electronic","World"],"articleSection":["Event"],"inLanguage":"fr-FR"},{"@type":"WebPage","@id":"https:\/\/whatthefrance.org\/fr\/acid-arab-un-nouveau-single-et-une-tournee-internationale\/","url":"https:\/\/whatthefrance.org\/fr\/acid-arab-un-nouveau-single-et-une-tournee-internationale\/","name":"Acid Arab | Un nouveau single et une tourn\u00e9e internationale ! - What the France","isPartOf":{"@id":"https:\/\/whatthefrance.org\/fr\/#website"},"datePublished":"2022-12-29T09:00:18+00:00","dateModified":"2023-01-03T09:54:18+00:00","breadcrumb":{"@id":"https:\/\/whatthefrance.org\/fr\/acid-arab-un-nouveau-single-et-une-tournee-internationale\/#breadcrumb"},"inLanguage":"fr-FR","potentialAction":[{"@type":"ReadAction","target":["https:\/\/whatthefrance.org\/fr\/acid-arab-un-nouveau-single-et-une-tournee-internationale\/"]}]},{"@type":"BreadcrumbList","@id":"https:\/\/whatthefrance.org\/fr\/acid-arab-un-nouveau-single-et-une-tournee-internationale\/#breadcrumb","itemListElement":[{"@type":"ListItem","position":1,"name":"Home","item":"https:\/\/whatthefrance.org\/fr\/"},{"@type":"ListItem","position":2,"name":"Acid Arab | Un nouveau single et une tourn\u00e9e internationale !"}]},{"@type":"WebSite","@id":"https:\/\/whatthefrance.org\/fr\/#website","url":"https:\/\/whatthefrance.org\/fr\/","name":"What the France","description":"The finest music made in France !","publisher":{"@id":"https:\/\/whatthefrance.org\/fr\/#organization"},"potentialAction":[{"@type":"SearchAction","target":{"@type":"EntryPoint","urlTemplate":"https:\/\/whatthefrance.org\/fr\/?s={search_term_string}"},"query-input":{"@type":"PropertyValueSpecification","valueRequired":true,"valueName":"search_term_string"}}],"inLanguage":"fr-FR"},{"@type":"Organization","@id":"https:\/\/whatthefrance.org\/fr\/#organization","name":"What The France","url":"https:\/\/whatthefrance.org\/fr\/","logo":{"@type":"ImageObject","inLanguage":"fr-FR","@id":"https:\/\/whatthefrance.org\/fr\/#\/schema\/logo\/image\/","url":"https:\/\/whatthefrance.org\/wp-content\/uploads\/2019\/12\/44688719_2251580388408837_694180218134331392_n-e1577679609190.png","contentUrl":"https:\/\/whatthefrance.org\/wp-content\/uploads\/2019\/12\/44688719_2251580388408837_694180218134331392_n-e1577679609190.png","width":200,"height":200,"caption":"What The France"},"image":{"@id":"https:\/\/whatthefrance.org\/fr\/#\/schema\/logo\/image\/"}},{"@type":"Person","@id":"https:\/\/whatthefrance.org\/fr\/#\/schema\/person\/3b7ea6fb70b536503b3e8c909c564a81","name":"Marie-Sophie Administrateur","image":{"@type":"ImageObject","inLanguage":"fr-FR","@id":"https:\/\/secure.gravatar.com\/avatar\/d57e4552c73c8713409cd3c2de53bdb5d220ebdd76dc7ba351b2dbae89f5afa9?s=96&d=mm&r=g","url":"https:\/\/secure.gravatar.com\/avatar\/d57e4552c73c8713409cd3c2de53bdb5d220ebdd76dc7ba351b2dbae89f5afa9?s=96&d=mm&r=g","contentUrl":"https:\/\/secure.gravatar.com\/avatar\/d57e4552c73c8713409cd3c2de53bdb5d220ebdd76dc7ba351b2dbae89f5afa9?s=96&d=mm&r=g","caption":"Marie-Sophie Administrateur"}}]}},"_links":{"self":[{"href":"https:\/\/whatthefrance.org\/fr\/wp-json\/wp\/v2\/posts\/50210","targetHints":{"allow":["GET"]}}],"collection":[{"href":"https:\/\/whatthefrance.org\/fr\/wp-json\/wp\/v2\/posts"}],"about":[{"href":"https:\/\/whatthefrance.org\/fr\/wp-json\/wp\/v2\/types\/post"}],"author":[{"embeddable":true,"href":"https:\/\/whatthefrance.org\/fr\/wp-json\/wp\/v2\/users\/6"}],"replies":[{"embeddable":true,"href":"https:\/\/whatthefrance.org\/fr\/wp-json\/wp\/v2\/comments?post=50210"}],"version-history":[{"count":11,"href":"https:\/\/whatthefrance.org\/fr\/wp-json\/wp\/v2\/posts\/50210\/revisions"}],"predecessor-version":[{"id":50791,"href":"https:\/\/whatthefrance.org\/fr\/wp-json\/wp\/v2\/posts\/50210\/revisions\/50791"}],"wp:attachment":[{"href":"https:\/\/whatthefrance.org\/fr\/wp-json\/wp\/v2\/media?parent=50210"}],"wp:term":[{"taxonomy":"category","embeddable":true,"href":"https:\/\/whatthefrance.org\/fr\/wp-json\/wp\/v2\/categories?post=50210"},{"taxonomy":"post_tag","embeddable":true,"href":"https:\/\/whatthefrance.org\/fr\/wp-json\/wp\/v2\/tags?post=50210"}],"curies":[{"name":"wp","href":"https:\/\/api.w.org\/{rel}","templated":true}]}}