{"id":51734,"date":"2023-02-01T10:00:31","date_gmt":"2023-02-01T09:00:31","guid":{"rendered":"https:\/\/whatthefrance.org\/?p=51734"},"modified":"2023-02-01T10:20:01","modified_gmt":"2023-02-01T09:20:01","slug":"moonlight-benjamin-un-nouvel-album-et-une-tournee-internationale","status":"publish","type":"post","link":"https:\/\/whatthefrance.org\/fr\/moonlight-benjamin-un-nouvel-album-et-une-tournee-internationale\/","title":{"rendered":"Moonlight Benjamin | Un nouvel album et une tourn\u00e9e internationale !"},"content":{"rendered":"<p><a href=\"https:\/\/www.moonlightbenjamin.com\"><strong><span class=\"sw\">Moonlight<\/span> <\/strong><\/a><span class=\"sw\"><a href=\"https:\/\/www.moonlightbenjamin.com\"><strong>Benjamin<\/strong> <\/a>offre un cocktail magique o\u00f9 sa voix puissante exalte le rock et le blues des ann\u00e9es 70, avec ses m\u00e9lodies influenc\u00e9es du vaudou Ha\u00eftien. De par cette fusion in\u00e9dite, on la surnomme \u00ab\u00a0La pr\u00eatresse du blues vaudou Ha\u00eftien\u00a0\u00bb.<\/span><span class=\"sw\"><br \/>\n<\/span><span class=\"sw\"><br \/>\n<\/span><span class=\"sw\">L&rsquo;artiste pr\u00e9pare la sortie de son troisi\u00e8me album, intitul\u00e9 <strong><em>Wayo<\/em><\/strong> , attendu pour le 24 f\u00e9vrier prochain. Dans ce nouvel opus, Moonlight Benjamin explore dans ce nouvel opus, les racines du blues et du rock. <em>Wayo<\/em> s&rsquo;oriente vers une musique plus \u00e9lectrique, plus sombre et plus profonde, quasi shamanique, avec des percussions et des guitares d\u00e9cha\u00een\u00e9es.<br \/>\n<\/span><\/p>\n<p>(Re)d\u00e9couvrez la s\u00e9lection de titres \u00ab\u00a0made in France\u00a0\u00bb r\u00e9alis\u00e9e par Moonlight Benjamin pour What the France !<\/p>\n<p><iframe loading=\"lazy\" title=\"Moonlight&#039;s Made In France selection - What the France\" width=\"500\" height=\"281\" src=\"https:\/\/www.youtube.com\/embed\/3AdV7WrzUME?feature=oembed\" frameborder=\"0\" allow=\"accelerometer; autoplay; clipboard-write; encrypted-media; gyroscope; picture-in-picture; web-share\" referrerpolicy=\"strict-origin-when-cross-origin\" allowfullscreen><\/iframe><\/p>\n<p>L&rsquo;artiste sera prochainement en tourn\u00e9e en France et fera \u00e9galement un concert aux Etats-Unis, toutes ses dates sont disponibles sur notre site internet.<\/p>\n<p>Vous pouvez aussi retrouver Moonlight Benjamin dans la playlist \u00ab\u00a0Oui Love &#8211; Music Made in France\u00a0\u00bb<\/p>\n<div class=\"playListBloc singleBloc\"><div class=\"playListBloc-wrap\">    <div class=\"thumbnail\"><img data-src=\"https:\/\/whatthefrance.org\/wp-content\/uploads\/2019\/05\/WTF-Oui-Love-def-254x254.jpg\" class=\"lazyload\" alt=\"WTF&#8211;Oui-Love-def\" \/>    <\/div>    <div class=\"infos\">        <span class=\"tag\">Partners<\/span>        <h2>Oui Love &#8211; Music Made In France<\/h2>        <span class=\"separator\"><\/span>       <span class=\"desc\">This playlist celebrates the thrilling diversity of the current French music scene.<\/span><div class=\"share flex flexAlignCenter \">\t<span class=\"label\">Partager<\/span>\t<a href=\"https:\/\/www.facebook.com\/sharer\/sharer.php?u=https:\/\/whatthefrance.org\/fr\/playlists\/oui-love-music-made-in-france\/\" class=\"facebook\" target=\"_blank\" rel=\"noreferrer\">Facebook<\/a>\t<a href=\"https:\/\/twitter.com\/intent\/tweet?url=https:\/\/whatthefrance.org\/fr\/playlists\/oui-love-music-made-in-france\/&text=Oui+Love+-+Music+Made+In+France&hashtags=WTF\" class=\"twitter\" target=\"_blank\" rel=\"noreferrer\">Twitter<\/a>\t<a href=\"mailto:?subject=What%20the%20France%20%3A%20Oui%20Love%20-%20Music%20Made%20In%20France&body=https:\/\/whatthefrance.org\/fr\/playlists\/oui-love-music-made-in-france\/\" class=\"mail\" target=\"_blank\" rel=\"noreferrer\">Email<\/a><\/div>        <a href=\"#\" class=\"btn btnPlaylist orange playlist-click\" data-id=\"7566\">            <svg version=\"1.1\" x=\"0px\" y=\"0px\" width=\"40px\" height=\"40px\" viewBox=\"0 0 213.7 213.7\" enable-background=\"new 0 0 213.7 213.7\" xml:space=\"preserve\">                <polygon class=\"triangle\" fill=\"none\" stroke-width=\"10\" stroke-linecap=\"round\" stroke-linejoin=\"round\" stroke-miterlimit=\"10\" points=\"\n            73.5,62.5 148.5,105.8 73.5,149.1 \"\/>                <circle class=\"circle\" fill=\"none\"  stroke-width=\"8\" stroke-linecap=\"round\" stroke-linejoin=\"round\" stroke-miterlimit=\"10\" cx=\"106.8\" cy=\"106.8\" r=\"103.3\"\/>                <circle class=\"circle-white\" fill=\"none\"  stroke-width=\"8\" stroke-linecap=\"round\" stroke-linejoin=\"round\" stroke-miterlimit=\"10\" cx=\"106.8\" cy=\"106.8\" r=\"103.3\"\/>            <\/svg>Ecouter        <\/a>    <\/div>  <\/div><\/div>\n","protected":false},"excerpt":{"rendered":"<p>Moonlight Benjamin offre un cocktail magique o\u00f9 sa voix puissante exalte le rock et le blues des ann\u00e9es 70, avec ses m\u00e9lodies influenc\u00e9es du vaudou Ha\u00eftien. De par cette fusion in\u00e9dite, on la surnomme \u00ab\u00a0La pr\u00eatresse du blues vaudou Ha\u00eftien\u00a0\u00bb. L&rsquo;artiste pr\u00e9pare la sortie de son troisi\u00e8me album, intitul\u00e9 Wayo , attendu pour le 24 [&hellip;]<\/p>\n","protected":false},"author":6,"featured_media":0,"comment_status":"closed","ping_status":"closed","sticky":false,"template":"","format":"standard","meta":{"_acf_changed":false,"footnotes":""},"categories":[213],"tags":[305,351],"class_list":["post-51734","post","type-post","status-publish","format-standard","hentry","category-event-fr","tag-blues-fr","tag-rock-fr"],"acf":[],"yoast_head":"<!-- This site is optimized with the Yoast SEO plugin v27.3 - https:\/\/yoast.com\/product\/yoast-seo-wordpress\/ -->\n<title>Moonlight Benjamin | Un nouvel album et une tourn\u00e9e internationale ! - What the France<\/title>\n<meta name=\"robots\" content=\"index, follow, max-snippet:-1, max-image-preview:large, max-video-preview:-1\" \/>\n<link rel=\"canonical\" href=\"https:\/\/whatthefrance.org\/fr\/moonlight-benjamin-un-nouvel-album-et-une-tournee-internationale\/\" \/>\n<meta property=\"og:locale\" content=\"fr_FR\" \/>\n<meta property=\"og:type\" content=\"article\" \/>\n<meta property=\"og:title\" content=\"Moonlight Benjamin | Un nouvel album et une tourn\u00e9e internationale ! - What the France\" \/>\n<meta property=\"og:description\" content=\"Moonlight Benjamin offre un cocktail magique o\u00f9 sa voix puissante exalte le rock et le blues des ann\u00e9es 70, avec ses m\u00e9lodies influenc\u00e9es du vaudou Ha\u00eftien. De par cette fusion in\u00e9dite, on la surnomme \u00ab\u00a0La pr\u00eatresse du blues vaudou Ha\u00eftien\u00a0\u00bb. L&rsquo;artiste pr\u00e9pare la sortie de son troisi\u00e8me album, intitul\u00e9 Wayo , attendu pour le 24 [&hellip;]\" \/>\n<meta property=\"og:url\" content=\"https:\/\/whatthefrance.org\/fr\/moonlight-benjamin-un-nouvel-album-et-une-tournee-internationale\/\" \/>\n<meta property=\"og:site_name\" content=\"What the France\" \/>\n<meta property=\"article:published_time\" content=\"2023-02-01T09:00:31+00:00\" \/>\n<meta property=\"article:modified_time\" content=\"2023-02-01T09:20:01+00:00\" \/>\n<meta property=\"og:image\" content=\"https:\/\/whatthefrance.org\/wp-content\/uploads\/2023\/02\/moonlight-benjamin_cover_wordpress.png\" \/>\n\t<meta property=\"og:image:width\" content=\"1084\" \/>\n\t<meta property=\"og:image:height\" content=\"452\" \/>\n<meta name=\"author\" content=\"Marie-Sophie Administrateur\" \/>\n<meta name=\"twitter:card\" content=\"summary_large_image\" \/>\n<meta name=\"twitter:label1\" content=\"\u00c9crit par\" \/>\n\t<meta name=\"twitter:data1\" content=\"Marie-Sophie Administrateur\" \/>\n\t<meta name=\"twitter:label2\" content=\"Dur\u00e9e de lecture estim\u00e9e\" \/>\n\t<meta name=\"twitter:data2\" content=\"1 minute\" \/>\n<script type=\"application\/ld+json\" class=\"yoast-schema-graph\">{\"@context\":\"https:\\\/\\\/schema.org\",\"@graph\":[{\"@type\":\"Article\",\"@id\":\"https:\\\/\\\/whatthefrance.org\\\/fr\\\/moonlight-benjamin-un-nouvel-album-et-une-tournee-internationale\\\/#article\",\"isPartOf\":{\"@id\":\"https:\\\/\\\/whatthefrance.org\\\/fr\\\/moonlight-benjamin-un-nouvel-album-et-une-tournee-internationale\\\/\"},\"author\":{\"name\":\"Marie-Sophie Administrateur\",\"@id\":\"https:\\\/\\\/whatthefrance.org\\\/fr\\\/#\\\/schema\\\/person\\\/3b7ea6fb70b536503b3e8c909c564a81\"},\"headline\":\"Moonlight Benjamin | Un nouvel album et une tourn\u00e9e internationale !\",\"datePublished\":\"2023-02-01T09:00:31+00:00\",\"dateModified\":\"2023-02-01T09:20:01+00:00\",\"mainEntityOfPage\":{\"@id\":\"https:\\\/\\\/whatthefrance.org\\\/fr\\\/moonlight-benjamin-un-nouvel-album-et-une-tournee-internationale\\\/\"},\"wordCount\":190,\"publisher\":{\"@id\":\"https:\\\/\\\/whatthefrance.org\\\/fr\\\/#organization\"},\"keywords\":[\"Blues\",\"Rock\"],\"articleSection\":[\"Event\"],\"inLanguage\":\"fr-FR\"},{\"@type\":\"WebPage\",\"@id\":\"https:\\\/\\\/whatthefrance.org\\\/fr\\\/moonlight-benjamin-un-nouvel-album-et-une-tournee-internationale\\\/\",\"url\":\"https:\\\/\\\/whatthefrance.org\\\/fr\\\/moonlight-benjamin-un-nouvel-album-et-une-tournee-internationale\\\/\",\"name\":\"Moonlight Benjamin | Un nouvel album et une tourn\u00e9e internationale ! - What the France\",\"isPartOf\":{\"@id\":\"https:\\\/\\\/whatthefrance.org\\\/fr\\\/#website\"},\"datePublished\":\"2023-02-01T09:00:31+00:00\",\"dateModified\":\"2023-02-01T09:20:01+00:00\",\"breadcrumb\":{\"@id\":\"https:\\\/\\\/whatthefrance.org\\\/fr\\\/moonlight-benjamin-un-nouvel-album-et-une-tournee-internationale\\\/#breadcrumb\"},\"inLanguage\":\"fr-FR\",\"potentialAction\":[{\"@type\":\"ReadAction\",\"target\":[\"https:\\\/\\\/whatthefrance.org\\\/fr\\\/moonlight-benjamin-un-nouvel-album-et-une-tournee-internationale\\\/\"]}]},{\"@type\":\"BreadcrumbList\",\"@id\":\"https:\\\/\\\/whatthefrance.org\\\/fr\\\/moonlight-benjamin-un-nouvel-album-et-une-tournee-internationale\\\/#breadcrumb\",\"itemListElement\":[{\"@type\":\"ListItem\",\"position\":1,\"name\":\"Home\",\"item\":\"https:\\\/\\\/whatthefrance.org\\\/fr\\\/\"},{\"@type\":\"ListItem\",\"position\":2,\"name\":\"Moonlight Benjamin | Un nouvel album et une tourn\u00e9e internationale !\"}]},{\"@type\":\"WebSite\",\"@id\":\"https:\\\/\\\/whatthefrance.org\\\/fr\\\/#website\",\"url\":\"https:\\\/\\\/whatthefrance.org\\\/fr\\\/\",\"name\":\"What the France\",\"description\":\"The finest music made in France !\",\"publisher\":{\"@id\":\"https:\\\/\\\/whatthefrance.org\\\/fr\\\/#organization\"},\"potentialAction\":[{\"@type\":\"SearchAction\",\"target\":{\"@type\":\"EntryPoint\",\"urlTemplate\":\"https:\\\/\\\/whatthefrance.org\\\/fr\\\/?s={search_term_string}\"},\"query-input\":{\"@type\":\"PropertyValueSpecification\",\"valueRequired\":true,\"valueName\":\"search_term_string\"}}],\"inLanguage\":\"fr-FR\"},{\"@type\":\"Organization\",\"@id\":\"https:\\\/\\\/whatthefrance.org\\\/fr\\\/#organization\",\"name\":\"What The France\",\"url\":\"https:\\\/\\\/whatthefrance.org\\\/fr\\\/\",\"logo\":{\"@type\":\"ImageObject\",\"inLanguage\":\"fr-FR\",\"@id\":\"https:\\\/\\\/whatthefrance.org\\\/fr\\\/#\\\/schema\\\/logo\\\/image\\\/\",\"url\":\"https:\\\/\\\/whatthefrance.org\\\/wp-content\\\/uploads\\\/2019\\\/12\\\/44688719_2251580388408837_694180218134331392_n-e1577679609190.png\",\"contentUrl\":\"https:\\\/\\\/whatthefrance.org\\\/wp-content\\\/uploads\\\/2019\\\/12\\\/44688719_2251580388408837_694180218134331392_n-e1577679609190.png\",\"width\":200,\"height\":200,\"caption\":\"What The France\"},\"image\":{\"@id\":\"https:\\\/\\\/whatthefrance.org\\\/fr\\\/#\\\/schema\\\/logo\\\/image\\\/\"}},{\"@type\":\"Person\",\"@id\":\"https:\\\/\\\/whatthefrance.org\\\/fr\\\/#\\\/schema\\\/person\\\/3b7ea6fb70b536503b3e8c909c564a81\",\"name\":\"Marie-Sophie Administrateur\",\"image\":{\"@type\":\"ImageObject\",\"inLanguage\":\"fr-FR\",\"@id\":\"https:\\\/\\\/secure.gravatar.com\\\/avatar\\\/d57e4552c73c8713409cd3c2de53bdb5d220ebdd76dc7ba351b2dbae89f5afa9?s=96&d=mm&r=g\",\"url\":\"https:\\\/\\\/secure.gravatar.com\\\/avatar\\\/d57e4552c73c8713409cd3c2de53bdb5d220ebdd76dc7ba351b2dbae89f5afa9?s=96&d=mm&r=g\",\"contentUrl\":\"https:\\\/\\\/secure.gravatar.com\\\/avatar\\\/d57e4552c73c8713409cd3c2de53bdb5d220ebdd76dc7ba351b2dbae89f5afa9?s=96&d=mm&r=g\",\"caption\":\"Marie-Sophie Administrateur\"}}]}<\/script>\n<!-- \/ Yoast SEO plugin. -->","yoast_head_json":{"title":"Moonlight Benjamin | Un nouvel album et une tourn\u00e9e internationale ! - What the France","robots":{"index":"index","follow":"follow","max-snippet":"max-snippet:-1","max-image-preview":"max-image-preview:large","max-video-preview":"max-video-preview:-1"},"canonical":"https:\/\/whatthefrance.org\/fr\/moonlight-benjamin-un-nouvel-album-et-une-tournee-internationale\/","og_locale":"fr_FR","og_type":"article","og_title":"Moonlight Benjamin | Un nouvel album et une tourn\u00e9e internationale ! - What the France","og_description":"Moonlight Benjamin offre un cocktail magique o\u00f9 sa voix puissante exalte le rock et le blues des ann\u00e9es 70, avec ses m\u00e9lodies influenc\u00e9es du vaudou Ha\u00eftien. De par cette fusion in\u00e9dite, on la surnomme \u00ab\u00a0La pr\u00eatresse du blues vaudou Ha\u00eftien\u00a0\u00bb. L&rsquo;artiste pr\u00e9pare la sortie de son troisi\u00e8me album, intitul\u00e9 Wayo , attendu pour le 24 [&hellip;]","og_url":"https:\/\/whatthefrance.org\/fr\/moonlight-benjamin-un-nouvel-album-et-une-tournee-internationale\/","og_site_name":"What the France","article_published_time":"2023-02-01T09:00:31+00:00","article_modified_time":"2023-02-01T09:20:01+00:00","og_image":[{"url":"https:\/\/whatthefrance.org\/wp-content\/uploads\/2023\/02\/moonlight-benjamin_cover_wordpress.png","height":452,"width":1084,"type":""}],"author":"Marie-Sophie Administrateur","twitter_card":"summary_large_image","twitter_misc":{"\u00c9crit par":"Marie-Sophie Administrateur","Dur\u00e9e de lecture estim\u00e9e":"1 minute"},"schema":{"@context":"https:\/\/schema.org","@graph":[{"@type":"Article","@id":"https:\/\/whatthefrance.org\/fr\/moonlight-benjamin-un-nouvel-album-et-une-tournee-internationale\/#article","isPartOf":{"@id":"https:\/\/whatthefrance.org\/fr\/moonlight-benjamin-un-nouvel-album-et-une-tournee-internationale\/"},"author":{"name":"Marie-Sophie Administrateur","@id":"https:\/\/whatthefrance.org\/fr\/#\/schema\/person\/3b7ea6fb70b536503b3e8c909c564a81"},"headline":"Moonlight Benjamin | Un nouvel album et une tourn\u00e9e internationale !","datePublished":"2023-02-01T09:00:31+00:00","dateModified":"2023-02-01T09:20:01+00:00","mainEntityOfPage":{"@id":"https:\/\/whatthefrance.org\/fr\/moonlight-benjamin-un-nouvel-album-et-une-tournee-internationale\/"},"wordCount":190,"publisher":{"@id":"https:\/\/whatthefrance.org\/fr\/#organization"},"keywords":["Blues","Rock"],"articleSection":["Event"],"inLanguage":"fr-FR"},{"@type":"WebPage","@id":"https:\/\/whatthefrance.org\/fr\/moonlight-benjamin-un-nouvel-album-et-une-tournee-internationale\/","url":"https:\/\/whatthefrance.org\/fr\/moonlight-benjamin-un-nouvel-album-et-une-tournee-internationale\/","name":"Moonlight Benjamin | Un nouvel album et une tourn\u00e9e internationale ! - What the France","isPartOf":{"@id":"https:\/\/whatthefrance.org\/fr\/#website"},"datePublished":"2023-02-01T09:00:31+00:00","dateModified":"2023-02-01T09:20:01+00:00","breadcrumb":{"@id":"https:\/\/whatthefrance.org\/fr\/moonlight-benjamin-un-nouvel-album-et-une-tournee-internationale\/#breadcrumb"},"inLanguage":"fr-FR","potentialAction":[{"@type":"ReadAction","target":["https:\/\/whatthefrance.org\/fr\/moonlight-benjamin-un-nouvel-album-et-une-tournee-internationale\/"]}]},{"@type":"BreadcrumbList","@id":"https:\/\/whatthefrance.org\/fr\/moonlight-benjamin-un-nouvel-album-et-une-tournee-internationale\/#breadcrumb","itemListElement":[{"@type":"ListItem","position":1,"name":"Home","item":"https:\/\/whatthefrance.org\/fr\/"},{"@type":"ListItem","position":2,"name":"Moonlight Benjamin | Un nouvel album et une tourn\u00e9e internationale !"}]},{"@type":"WebSite","@id":"https:\/\/whatthefrance.org\/fr\/#website","url":"https:\/\/whatthefrance.org\/fr\/","name":"What the France","description":"The finest music made in France !","publisher":{"@id":"https:\/\/whatthefrance.org\/fr\/#organization"},"potentialAction":[{"@type":"SearchAction","target":{"@type":"EntryPoint","urlTemplate":"https:\/\/whatthefrance.org\/fr\/?s={search_term_string}"},"query-input":{"@type":"PropertyValueSpecification","valueRequired":true,"valueName":"search_term_string"}}],"inLanguage":"fr-FR"},{"@type":"Organization","@id":"https:\/\/whatthefrance.org\/fr\/#organization","name":"What The France","url":"https:\/\/whatthefrance.org\/fr\/","logo":{"@type":"ImageObject","inLanguage":"fr-FR","@id":"https:\/\/whatthefrance.org\/fr\/#\/schema\/logo\/image\/","url":"https:\/\/whatthefrance.org\/wp-content\/uploads\/2019\/12\/44688719_2251580388408837_694180218134331392_n-e1577679609190.png","contentUrl":"https:\/\/whatthefrance.org\/wp-content\/uploads\/2019\/12\/44688719_2251580388408837_694180218134331392_n-e1577679609190.png","width":200,"height":200,"caption":"What The France"},"image":{"@id":"https:\/\/whatthefrance.org\/fr\/#\/schema\/logo\/image\/"}},{"@type":"Person","@id":"https:\/\/whatthefrance.org\/fr\/#\/schema\/person\/3b7ea6fb70b536503b3e8c909c564a81","name":"Marie-Sophie Administrateur","image":{"@type":"ImageObject","inLanguage":"fr-FR","@id":"https:\/\/secure.gravatar.com\/avatar\/d57e4552c73c8713409cd3c2de53bdb5d220ebdd76dc7ba351b2dbae89f5afa9?s=96&d=mm&r=g","url":"https:\/\/secure.gravatar.com\/avatar\/d57e4552c73c8713409cd3c2de53bdb5d220ebdd76dc7ba351b2dbae89f5afa9?s=96&d=mm&r=g","contentUrl":"https:\/\/secure.gravatar.com\/avatar\/d57e4552c73c8713409cd3c2de53bdb5d220ebdd76dc7ba351b2dbae89f5afa9?s=96&d=mm&r=g","caption":"Marie-Sophie Administrateur"}}]}},"_links":{"self":[{"href":"https:\/\/whatthefrance.org\/fr\/wp-json\/wp\/v2\/posts\/51734","targetHints":{"allow":["GET"]}}],"collection":[{"href":"https:\/\/whatthefrance.org\/fr\/wp-json\/wp\/v2\/posts"}],"about":[{"href":"https:\/\/whatthefrance.org\/fr\/wp-json\/wp\/v2\/types\/post"}],"author":[{"embeddable":true,"href":"https:\/\/whatthefrance.org\/fr\/wp-json\/wp\/v2\/users\/6"}],"replies":[{"embeddable":true,"href":"https:\/\/whatthefrance.org\/fr\/wp-json\/wp\/v2\/comments?post=51734"}],"version-history":[{"count":7,"href":"https:\/\/whatthefrance.org\/fr\/wp-json\/wp\/v2\/posts\/51734\/revisions"}],"predecessor-version":[{"id":51875,"href":"https:\/\/whatthefrance.org\/fr\/wp-json\/wp\/v2\/posts\/51734\/revisions\/51875"}],"wp:attachment":[{"href":"https:\/\/whatthefrance.org\/fr\/wp-json\/wp\/v2\/media?parent=51734"}],"wp:term":[{"taxonomy":"category","embeddable":true,"href":"https:\/\/whatthefrance.org\/fr\/wp-json\/wp\/v2\/categories?post=51734"},{"taxonomy":"post_tag","embeddable":true,"href":"https:\/\/whatthefrance.org\/fr\/wp-json\/wp\/v2\/tags?post=51734"}],"curies":[{"name":"wp","href":"https:\/\/api.w.org\/{rel}","templated":true}]}}