{"id":51939,"date":"2023-02-07T10:00:16","date_gmt":"2023-02-07T09:00:16","guid":{"rendered":"https:\/\/whatthefrance.org\/?p=51939"},"modified":"2023-02-17T12:30:35","modified_gmt":"2023-02-17T11:30:35","slug":"sarah-rebecca-un-nouveau-single-et-une-playlist-exclusive-pour-what-the-france","status":"publish","type":"post","link":"https:\/\/whatthefrance.org\/fr\/sarah-rebecca-un-nouveau-single-et-une-playlist-exclusive-pour-what-the-france\/","title":{"rendered":"Sarah Rebecca | Un nouveau single et une playlist exclusive pour What The France !"},"content":{"rendered":"<p class=\"x_MsoNormal\">L\u2019artiste <a href=\"https:\/\/www.instagram.com\/sarahrebeccamusic\/?hl=fr\">Sarah Rebecca<\/a> na\u00eet et grandit \u00e0\u00a0<span class=\"x_spelle\">Ocean<\/span>\u00a0Springs, Mississippi, aux Etats-Unis. D\u00e8s ses cinq ans, elle s&rsquo;habille avec de longues robes et pr\u00e9vient ses parents que la chant et la musique seront toute sa vie. En attendant d&rsquo;\u00eatre en \u00e2ge de r\u00e9aliser son r\u00eave, Sarah fait ses gammes \u00e0 la chorale gospel de l&rsquo;\u00e9glise baptiste, guid\u00e9e par sa grand-m\u00e8re,\u00a0<span class=\"x_spelle\">Mammaw<\/span>, chez qui elle passe le plus clair de son temps avec ses fr\u00e8res, s\u0153ur et cousins. Ses r\u00e9f\u00e9rences musicales d&rsquo;alors se nomment Tori Amos, PJ Harvey, Joni Mitchell ou encore Leonard Cohen et Bob Dylan. Son premier groupe, lorsqu\u2019elle n\u2019a encore que treize ans, s&rsquo;oriente vers le\u00a0<span class=\"x_spelle\">shoegaze<\/span> et le grunge, notamment sous l\u2019influence de Nirvana.\u00a0Le Sud des Etats-Unis, tr\u00e8s conservateur, lui fait subir une \u00e9ducation stricte et d\u00e9vou\u00e9e aux hommes, ce qui aura pour effet chez elle d&rsquo;\u00eatre constamment vigilante sur les effets pervers du patriarcat et l\u2019am\u00e8nera \u00e0 revendiquer un f\u00e9minisme actif. A dix-sept ans elle accompagne la chorale de son \u00e9cole et chante du Vivaldi dans la mythique basilique Saint-Marc \u00e0 Venise en Italie. Ce voyage la conforte dans le fait qu&rsquo;avec le chant elle pourra aller partout dans le monde. C\u2019est ainsi qu\u2019\u00e0 dix-huit ans Sarah quitte d\u00e9finitivement la langueur du Sud pour New-York, puis San Francisco. Sur place, elle c\u00f4toie la communaut\u00e9 folk et sort son premier album, intitul\u00e9\u00a0 <em><strong>Blue\u00a0<span class=\"x_spelle\">pearl<\/span>\u00a0of\u00a0<span class=\"x_spelle\">happiness<\/span><\/strong><\/em> . Elle d\u00e9cide ensuite de partir en tourn\u00e9e en Europe, sans se douter que ce voyage constituera un tournant dans sa vie.<\/p>\n<p class=\"x_MsoNormal\">C&rsquo;est \u00e0 Paris que Sarah d\u00e9cide de s&rsquo;installer et r\u00e9side depuis. Les temps sont durs, mais cette voix am\u00e9ricaine venue du gospel attire rapidement l&rsquo;attention du compositeur et producteur fran\u00e7ais L\u00e9o\u00a0<span class=\"x_spelle\">Hellden<\/span>, qui lui propose de collaborer sur le premier album de son groupe\u00a0<span class=\"x_spelle\">Slove<\/span>\u00a0pour lequel elle compose le morceau <strong>\u00ab\u00a0Flash\u00a0\u00bb<\/strong> en 2011. Elle sort ensuite un E.P sur le label HMS, se convertit \u00e0 l&rsquo;\u00e9lectro-pop en int\u00e9grant synth\u00e9tiseurs, machines et boites \u00e0 rythmes \u00e0 ses textes et \u00e0 ses m\u00e9lodies. En 2016, elle collabore avec le prestigieux producteur French79 sur le hit pop glam <strong>\u00ab Diamond\u00a0<span class=\"x_spelle\">Veins<\/span>\u00a0\u00bb<\/strong>, repris dans de nombreux spots publicitaires et s\u00e9ries (Jimmy Choo, Yves Saint Laurent, Cadillac et la s\u00e9rie Netflix \u00ab\u00a0<span class=\"x_spelle\">Russian<\/span>\u00a0<span class=\"x_spelle\">doll<\/span>\u00a0\u00bb ), qui cumule \u00e0 pr\u00e9sent plus de 30 millions de\u00a0<span class=\"x_spelle\">streams<\/span>. L\u2019ann\u00e9e suivante, ce m\u00eame titre sera remix\u00e9 avec succ\u00e8s par Kid\u00a0<span class=\"x_spelle\">Francescoli<\/span>\u00a0(plus de 5 millions de\u00a0<span class=\"x_spelle\">streams<\/span>), puis \u00e0 nouveau en 2021 par les c\u00e9l\u00e8bres VER:WEST et\u00a0<span class=\"x_spelle\">Ti\u00ebsto<\/span>\u00a0(plus de 4 millions de\u00a0<span class=\"x_spelle\">streams<\/span>).<\/p>\n<p class=\"x_MsoNormal\">En 2020, elle enregistre le morceau<strong> \u00ab\u00a0All\u00a0<span class=\"x_spelle\">my<\/span>\u00a0<span class=\"x_spelle\">heroes<\/span>\u00a0\u00bb<\/strong> pour le producteur et compositeur fran\u00e7ais Naeleck,\u00a0 qui remporte un succ\u00e8s mondial et totalise \u00e0 pr\u00e9sent plus de 40 millions de\u00a0<span class=\"x_spelle\">streams<\/span>. En 2021, c\u2019est avec le label fran\u00e7ais Alter K qu\u2019elle livre successivement la version\u00a0<span class=\"x_spelle\">deluxe<\/span>\u00a0de son album \u00e9ponyme, avec des remix sign\u00e9s Kid\u00a0<span class=\"x_spelle\">Francescoli<\/span>, Le\u00a0<span class=\"x_spelle\">Wanderer<\/span> ou BLOW,\u00a0 puis l\u2019E.P <em><strong>The Guitar sessions <\/strong><\/em>, suivi en juillet dernier du single <strong>\u00ab\u00a0<span class=\"x_spelle\">Whatever<\/span>\u00a0<span class=\"x_spelle\">happens<\/span>\u00a0\/ Tout ira bien\u00a0\u00bb<\/strong> avec Ariel T, qui figure dans la bande originale de la tr\u00e8s populaire s\u00e9rie Netflix\u00a0<strong> Emily In Paris<\/strong> . Alors qu\u2019elle est \u00e0 pr\u00e9sent \u00e9cout\u00e9e par pr\u00e8s de 5 millions d\u2019auditeurs mensuel sur les plateformes, Sarah Rebecca a d\u00e9voil\u00e9 en d\u00e9cembre 2022 une nouvelle collaboration avec Naeleck sous la forme du single <span lang=\"EN-US\"><strong>\u00ab\u00a0Christmas Kaboom\u00a0\u00bb<\/strong>, qui affiche d\u00e9j\u00e0 plus de 10\u00a0<span class=\"x_spelle\">millions<\/span>\u00a0de streams au\u00a0<span class=\"x_spelle\">compteur<\/span>\u00a0\u00e0\u00a0<span class=\"x_spelle\">peine<\/span>\u00a0un\u00a0<span class=\"x_spelle\">mois<\/span>\u00a0apr\u00e8s sa sortie !<\/span><\/p>\n<p class=\"x_MsoNormal\"><span lang=\"EN-US\">Sarah Rebecca a pris le temps de\u00a0<span class=\"x_spelle\">mettre<\/span>\u00a0au point\u00a0<span class=\"x_spelle\">une<\/span>\u00a0playlist exclusive pour What The France sur\u00a0<span class=\"x_spelle\">laquelle<\/span>\u00a0<span class=\"x_spelle\">elle<\/span>\u00a0partage avec nous\u00a0<span class=\"x_spelle\">quelques-uns<\/span>\u00a0de\u00a0<span class=\"x_spelle\">ses<\/span>\u00a0coups de\u00a0<span class=\"x_spelle\">coeur<\/span>\u00a0<span class=\"x_spelle\">musicaux<\/span>\u00a0\u201cmade in France\u201d.\u00a0<span class=\"x_spelle\">L\u2019occasion<\/span>\u00a0de\u00a0<span class=\"x_spelle\">d\u00e9couvrir<\/span>\u00a0des\u00a0<span class=\"x_spelle\">titres<\/span>\u00a0de\u00a0<span class=\"x_spelle\">Zaho<\/span>\u00a0de\u00a0<span class=\"x_spelle\">Sagazan<\/span>, Molecule,\u00a0<span class=\"x_spelle\">Voyou<\/span>, Rad Cartier, James\u00a0<span class=\"x_spelle\">Darle<\/span>,\u00a0<span class=\"x_spelle\">Koudlam<\/span>, Dave, Maxime\u00a0<span class=\"x_spelle\">Delpierre<\/span>, L\u00e9o Ferr\u00e9, Jane Birkin, Yves Simon,\u00a0<span class=\"x_spelle\">Manset<\/span>, Plaisir de France, Tristesse\u00a0<span class=\"x_spelle\">Contemporaine<\/span>, Alain\u00a0<span class=\"x_spelle\">Chamfort<\/span>, Jean-Michel\u00a0<span class=\"x_spelle\">Rotin<\/span>, Christophe, Casual\u00a0<span class=\"x_spelle\">Gabberz<\/span>, Etienne\u00a0<span class=\"x_spelle\">Daho<\/span>, A Trois Dans Les WC, Rouge Gorge, Arne\u00a0<span class=\"x_spelle\">Vinzon<\/span>, Les\u00a0<span class=\"x_spelle\">Clopes<\/span>, Solve, Kid\u00a0<span class=\"x_spelle\">Francescoli<\/span>, Gaspar Claus &amp;\u00a0<span class=\"x_spelle\">Lyna<\/span>\u00a0<span class=\"x_spelle\">Zouaoui<\/span>, Barbara, Golden Bug &amp; Vega\u00a0<span class=\"x_spelle\">Voga<\/span>, Niki Black, Tin\u00a0<span class=\"x_spelle\">ou<\/span>\u00a0Niagara.<\/span><\/p>\n<div class=\"playListBloc singleBloc\"><div class=\"playListBloc-wrap\">    <div class=\"thumbnail\"><img data-src=\"https:\/\/whatthefrance.org\/wp-content\/uploads\/2023\/02\/WTF-Cover-Collab_SarahRebeccajpg-254x254.jpg\" class=\"lazyload\" alt=\"WTF&#8212;Cover-Collab_SarahRebeccajpg\" \/>    <\/div>    <div class=\"infos\">        <span class=\"tag\">Curators<\/span>        <h2>A Made In France Selection By Sarah Rebecca<\/h2>        <span class=\"separator\"><\/span>       <span class=\"desc\">Listen to a selection of made in France tracks, carefully handpicked by Sarah Rebecca.<\/span><div class=\"share flex flexAlignCenter \">\t<span class=\"label\">Partager<\/span>\t<a href=\"https:\/\/www.facebook.com\/sharer\/sharer.php?u=https:\/\/whatthefrance.org\/fr\/playlists\/a-made-in-france-selection-by-sarah-rebecca\/\" class=\"facebook\" target=\"_blank\" rel=\"noreferrer\">Facebook<\/a>\t<a href=\"https:\/\/twitter.com\/intent\/tweet?url=https:\/\/whatthefrance.org\/fr\/playlists\/a-made-in-france-selection-by-sarah-rebecca\/&text=A+Made+In+France+Selection+By+Sarah+Rebecca&hashtags=WTF\" class=\"twitter\" target=\"_blank\" rel=\"noreferrer\">Twitter<\/a>\t<a href=\"mailto:?subject=What%20the%20France%20%3A%20A%20Made%20In%20France%20Selection%20By%20Sarah%20Rebecca&body=https:\/\/whatthefrance.org\/fr\/playlists\/a-made-in-france-selection-by-sarah-rebecca\/\" class=\"mail\" target=\"_blank\" rel=\"noreferrer\">Email<\/a><\/div>        <a href=\"#\" class=\"btn btnPlaylist orange playlist-click\" data-id=\"51973\">            <svg version=\"1.1\" x=\"0px\" y=\"0px\" width=\"40px\" height=\"40px\" viewBox=\"0 0 213.7 213.7\" enable-background=\"new 0 0 213.7 213.7\" xml:space=\"preserve\">                <polygon class=\"triangle\" fill=\"none\" stroke-width=\"10\" stroke-linecap=\"round\" stroke-linejoin=\"round\" stroke-miterlimit=\"10\" points=\"\n            73.5,62.5 148.5,105.8 73.5,149.1 \"\/>                <circle class=\"circle\" fill=\"none\"  stroke-width=\"8\" stroke-linecap=\"round\" stroke-linejoin=\"round\" stroke-miterlimit=\"10\" cx=\"106.8\" cy=\"106.8\" r=\"103.3\"\/>                <circle class=\"circle-white\" fill=\"none\"  stroke-width=\"8\" stroke-linecap=\"round\" stroke-linejoin=\"round\" stroke-miterlimit=\"10\" cx=\"106.8\" cy=\"106.8\" r=\"103.3\"\/>            <\/svg>Ecouter        <\/a>    <\/div>  <\/div><\/div>\n","protected":false},"excerpt":{"rendered":"<p>L\u2019artiste Sarah Rebecca na\u00eet et grandit \u00e0\u00a0Ocean\u00a0Springs, Mississippi, aux Etats-Unis. D\u00e8s ses cinq ans, elle s&rsquo;habille avec de longues robes et pr\u00e9vient ses parents que la chant et la musique seront toute sa vie. En attendant d&rsquo;\u00eatre en \u00e2ge de r\u00e9aliser son r\u00eave, Sarah fait ses gammes \u00e0 la chorale gospel de l&rsquo;\u00e9glise baptiste, guid\u00e9e [&hellip;]<\/p>\n","protected":false},"author":6,"featured_media":0,"comment_status":"closed","ping_status":"closed","sticky":false,"template":"","format":"standard","meta":{"_acf_changed":false,"footnotes":""},"categories":[300],"tags":[323,340],"class_list":["post-51939","post","type-post","status-publish","format-standard","hentry","category-playlist-curator-fr","tag-electronic-fr","tag-pop-fr"],"acf":[],"yoast_head":"<!-- This site is optimized with the Yoast SEO plugin v27.3 - https:\/\/yoast.com\/product\/yoast-seo-wordpress\/ -->\n<title>Sarah Rebecca | Un nouveau single et une playlist exclusive pour What The France ! - What the France<\/title>\n<meta name=\"robots\" content=\"index, follow, max-snippet:-1, max-image-preview:large, max-video-preview:-1\" \/>\n<link rel=\"canonical\" href=\"https:\/\/whatthefrance.org\/fr\/sarah-rebecca-un-nouveau-single-et-une-playlist-exclusive-pour-what-the-france\/\" \/>\n<meta property=\"og:locale\" content=\"fr_FR\" \/>\n<meta property=\"og:type\" content=\"article\" \/>\n<meta property=\"og:title\" content=\"Sarah Rebecca | Un nouveau single et une playlist exclusive pour What The France ! - What the France\" \/>\n<meta property=\"og:description\" content=\"L\u2019artiste Sarah Rebecca na\u00eet et grandit \u00e0\u00a0Ocean\u00a0Springs, Mississippi, aux Etats-Unis. D\u00e8s ses cinq ans, elle s&rsquo;habille avec de longues robes et pr\u00e9vient ses parents que la chant et la musique seront toute sa vie. En attendant d&rsquo;\u00eatre en \u00e2ge de r\u00e9aliser son r\u00eave, Sarah fait ses gammes \u00e0 la chorale gospel de l&rsquo;\u00e9glise baptiste, guid\u00e9e [&hellip;]\" \/>\n<meta property=\"og:url\" content=\"https:\/\/whatthefrance.org\/fr\/sarah-rebecca-un-nouveau-single-et-une-playlist-exclusive-pour-what-the-france\/\" \/>\n<meta property=\"og:site_name\" content=\"What the France\" \/>\n<meta property=\"article:published_time\" content=\"2023-02-07T09:00:16+00:00\" \/>\n<meta property=\"article:modified_time\" content=\"2023-02-17T11:30:35+00:00\" \/>\n<meta property=\"og:image\" content=\"https:\/\/whatthefrance.org\/wp-content\/uploads\/2023\/02\/sarah-rebecca_cover_wordpress_what_the_france.png\" \/>\n\t<meta property=\"og:image:width\" content=\"1084\" \/>\n\t<meta property=\"og:image:height\" content=\"452\" \/>\n<meta name=\"author\" content=\"Marie-Sophie Administrateur\" \/>\n<meta name=\"twitter:card\" content=\"summary_large_image\" \/>\n<meta name=\"twitter:label1\" content=\"\u00c9crit par\" \/>\n\t<meta name=\"twitter:data1\" content=\"Marie-Sophie Administrateur\" \/>\n\t<meta name=\"twitter:label2\" content=\"Dur\u00e9e de lecture estim\u00e9e\" \/>\n\t<meta name=\"twitter:data2\" content=\"3 minutes\" \/>\n<script type=\"application\/ld+json\" class=\"yoast-schema-graph\">{\"@context\":\"https:\\\/\\\/schema.org\",\"@graph\":[{\"@type\":\"Article\",\"@id\":\"https:\\\/\\\/whatthefrance.org\\\/fr\\\/sarah-rebecca-un-nouveau-single-et-une-playlist-exclusive-pour-what-the-france\\\/#article\",\"isPartOf\":{\"@id\":\"https:\\\/\\\/whatthefrance.org\\\/fr\\\/sarah-rebecca-un-nouveau-single-et-une-playlist-exclusive-pour-what-the-france\\\/\"},\"author\":{\"name\":\"Marie-Sophie Administrateur\",\"@id\":\"https:\\\/\\\/whatthefrance.org\\\/fr\\\/#\\\/schema\\\/person\\\/3b7ea6fb70b536503b3e8c909c564a81\"},\"headline\":\"Sarah Rebecca | Un nouveau single et une playlist exclusive pour What The France !\",\"datePublished\":\"2023-02-07T09:00:16+00:00\",\"dateModified\":\"2023-02-17T11:30:35+00:00\",\"mainEntityOfPage\":{\"@id\":\"https:\\\/\\\/whatthefrance.org\\\/fr\\\/sarah-rebecca-un-nouveau-single-et-une-playlist-exclusive-pour-what-the-france\\\/\"},\"wordCount\":733,\"publisher\":{\"@id\":\"https:\\\/\\\/whatthefrance.org\\\/fr\\\/#organization\"},\"keywords\":[\"Electronic\",\"Pop\"],\"articleSection\":[\"Curator\"],\"inLanguage\":\"fr-FR\"},{\"@type\":\"WebPage\",\"@id\":\"https:\\\/\\\/whatthefrance.org\\\/fr\\\/sarah-rebecca-un-nouveau-single-et-une-playlist-exclusive-pour-what-the-france\\\/\",\"url\":\"https:\\\/\\\/whatthefrance.org\\\/fr\\\/sarah-rebecca-un-nouveau-single-et-une-playlist-exclusive-pour-what-the-france\\\/\",\"name\":\"Sarah Rebecca | Un nouveau single et une playlist exclusive pour What The France ! - What the France\",\"isPartOf\":{\"@id\":\"https:\\\/\\\/whatthefrance.org\\\/fr\\\/#website\"},\"datePublished\":\"2023-02-07T09:00:16+00:00\",\"dateModified\":\"2023-02-17T11:30:35+00:00\",\"breadcrumb\":{\"@id\":\"https:\\\/\\\/whatthefrance.org\\\/fr\\\/sarah-rebecca-un-nouveau-single-et-une-playlist-exclusive-pour-what-the-france\\\/#breadcrumb\"},\"inLanguage\":\"fr-FR\",\"potentialAction\":[{\"@type\":\"ReadAction\",\"target\":[\"https:\\\/\\\/whatthefrance.org\\\/fr\\\/sarah-rebecca-un-nouveau-single-et-une-playlist-exclusive-pour-what-the-france\\\/\"]}]},{\"@type\":\"BreadcrumbList\",\"@id\":\"https:\\\/\\\/whatthefrance.org\\\/fr\\\/sarah-rebecca-un-nouveau-single-et-une-playlist-exclusive-pour-what-the-france\\\/#breadcrumb\",\"itemListElement\":[{\"@type\":\"ListItem\",\"position\":1,\"name\":\"Home\",\"item\":\"https:\\\/\\\/whatthefrance.org\\\/fr\\\/\"},{\"@type\":\"ListItem\",\"position\":2,\"name\":\"Sarah Rebecca | Un nouveau single et une playlist exclusive pour What The France !\"}]},{\"@type\":\"WebSite\",\"@id\":\"https:\\\/\\\/whatthefrance.org\\\/fr\\\/#website\",\"url\":\"https:\\\/\\\/whatthefrance.org\\\/fr\\\/\",\"name\":\"What the France\",\"description\":\"The finest music made in France !\",\"publisher\":{\"@id\":\"https:\\\/\\\/whatthefrance.org\\\/fr\\\/#organization\"},\"potentialAction\":[{\"@type\":\"SearchAction\",\"target\":{\"@type\":\"EntryPoint\",\"urlTemplate\":\"https:\\\/\\\/whatthefrance.org\\\/fr\\\/?s={search_term_string}\"},\"query-input\":{\"@type\":\"PropertyValueSpecification\",\"valueRequired\":true,\"valueName\":\"search_term_string\"}}],\"inLanguage\":\"fr-FR\"},{\"@type\":\"Organization\",\"@id\":\"https:\\\/\\\/whatthefrance.org\\\/fr\\\/#organization\",\"name\":\"What The France\",\"url\":\"https:\\\/\\\/whatthefrance.org\\\/fr\\\/\",\"logo\":{\"@type\":\"ImageObject\",\"inLanguage\":\"fr-FR\",\"@id\":\"https:\\\/\\\/whatthefrance.org\\\/fr\\\/#\\\/schema\\\/logo\\\/image\\\/\",\"url\":\"https:\\\/\\\/whatthefrance.org\\\/wp-content\\\/uploads\\\/2019\\\/12\\\/44688719_2251580388408837_694180218134331392_n-e1577679609190.png\",\"contentUrl\":\"https:\\\/\\\/whatthefrance.org\\\/wp-content\\\/uploads\\\/2019\\\/12\\\/44688719_2251580388408837_694180218134331392_n-e1577679609190.png\",\"width\":200,\"height\":200,\"caption\":\"What The France\"},\"image\":{\"@id\":\"https:\\\/\\\/whatthefrance.org\\\/fr\\\/#\\\/schema\\\/logo\\\/image\\\/\"}},{\"@type\":\"Person\",\"@id\":\"https:\\\/\\\/whatthefrance.org\\\/fr\\\/#\\\/schema\\\/person\\\/3b7ea6fb70b536503b3e8c909c564a81\",\"name\":\"Marie-Sophie Administrateur\",\"image\":{\"@type\":\"ImageObject\",\"inLanguage\":\"fr-FR\",\"@id\":\"https:\\\/\\\/secure.gravatar.com\\\/avatar\\\/d57e4552c73c8713409cd3c2de53bdb5d220ebdd76dc7ba351b2dbae89f5afa9?s=96&d=mm&r=g\",\"url\":\"https:\\\/\\\/secure.gravatar.com\\\/avatar\\\/d57e4552c73c8713409cd3c2de53bdb5d220ebdd76dc7ba351b2dbae89f5afa9?s=96&d=mm&r=g\",\"contentUrl\":\"https:\\\/\\\/secure.gravatar.com\\\/avatar\\\/d57e4552c73c8713409cd3c2de53bdb5d220ebdd76dc7ba351b2dbae89f5afa9?s=96&d=mm&r=g\",\"caption\":\"Marie-Sophie Administrateur\"}}]}<\/script>\n<!-- \/ Yoast SEO plugin. -->","yoast_head_json":{"title":"Sarah Rebecca | Un nouveau single et une playlist exclusive pour What The France ! - What the France","robots":{"index":"index","follow":"follow","max-snippet":"max-snippet:-1","max-image-preview":"max-image-preview:large","max-video-preview":"max-video-preview:-1"},"canonical":"https:\/\/whatthefrance.org\/fr\/sarah-rebecca-un-nouveau-single-et-une-playlist-exclusive-pour-what-the-france\/","og_locale":"fr_FR","og_type":"article","og_title":"Sarah Rebecca | Un nouveau single et une playlist exclusive pour What The France ! - What the France","og_description":"L\u2019artiste Sarah Rebecca na\u00eet et grandit \u00e0\u00a0Ocean\u00a0Springs, Mississippi, aux Etats-Unis. D\u00e8s ses cinq ans, elle s&rsquo;habille avec de longues robes et pr\u00e9vient ses parents que la chant et la musique seront toute sa vie. En attendant d&rsquo;\u00eatre en \u00e2ge de r\u00e9aliser son r\u00eave, Sarah fait ses gammes \u00e0 la chorale gospel de l&rsquo;\u00e9glise baptiste, guid\u00e9e [&hellip;]","og_url":"https:\/\/whatthefrance.org\/fr\/sarah-rebecca-un-nouveau-single-et-une-playlist-exclusive-pour-what-the-france\/","og_site_name":"What the France","article_published_time":"2023-02-07T09:00:16+00:00","article_modified_time":"2023-02-17T11:30:35+00:00","og_image":[{"url":"https:\/\/whatthefrance.org\/wp-content\/uploads\/2023\/02\/sarah-rebecca_cover_wordpress_what_the_france.png","height":452,"width":1084,"type":""}],"author":"Marie-Sophie Administrateur","twitter_card":"summary_large_image","twitter_misc":{"\u00c9crit par":"Marie-Sophie Administrateur","Dur\u00e9e de lecture estim\u00e9e":"3 minutes"},"schema":{"@context":"https:\/\/schema.org","@graph":[{"@type":"Article","@id":"https:\/\/whatthefrance.org\/fr\/sarah-rebecca-un-nouveau-single-et-une-playlist-exclusive-pour-what-the-france\/#article","isPartOf":{"@id":"https:\/\/whatthefrance.org\/fr\/sarah-rebecca-un-nouveau-single-et-une-playlist-exclusive-pour-what-the-france\/"},"author":{"name":"Marie-Sophie Administrateur","@id":"https:\/\/whatthefrance.org\/fr\/#\/schema\/person\/3b7ea6fb70b536503b3e8c909c564a81"},"headline":"Sarah Rebecca | Un nouveau single et une playlist exclusive pour What The France !","datePublished":"2023-02-07T09:00:16+00:00","dateModified":"2023-02-17T11:30:35+00:00","mainEntityOfPage":{"@id":"https:\/\/whatthefrance.org\/fr\/sarah-rebecca-un-nouveau-single-et-une-playlist-exclusive-pour-what-the-france\/"},"wordCount":733,"publisher":{"@id":"https:\/\/whatthefrance.org\/fr\/#organization"},"keywords":["Electronic","Pop"],"articleSection":["Curator"],"inLanguage":"fr-FR"},{"@type":"WebPage","@id":"https:\/\/whatthefrance.org\/fr\/sarah-rebecca-un-nouveau-single-et-une-playlist-exclusive-pour-what-the-france\/","url":"https:\/\/whatthefrance.org\/fr\/sarah-rebecca-un-nouveau-single-et-une-playlist-exclusive-pour-what-the-france\/","name":"Sarah Rebecca | Un nouveau single et une playlist exclusive pour What The France ! - What the France","isPartOf":{"@id":"https:\/\/whatthefrance.org\/fr\/#website"},"datePublished":"2023-02-07T09:00:16+00:00","dateModified":"2023-02-17T11:30:35+00:00","breadcrumb":{"@id":"https:\/\/whatthefrance.org\/fr\/sarah-rebecca-un-nouveau-single-et-une-playlist-exclusive-pour-what-the-france\/#breadcrumb"},"inLanguage":"fr-FR","potentialAction":[{"@type":"ReadAction","target":["https:\/\/whatthefrance.org\/fr\/sarah-rebecca-un-nouveau-single-et-une-playlist-exclusive-pour-what-the-france\/"]}]},{"@type":"BreadcrumbList","@id":"https:\/\/whatthefrance.org\/fr\/sarah-rebecca-un-nouveau-single-et-une-playlist-exclusive-pour-what-the-france\/#breadcrumb","itemListElement":[{"@type":"ListItem","position":1,"name":"Home","item":"https:\/\/whatthefrance.org\/fr\/"},{"@type":"ListItem","position":2,"name":"Sarah Rebecca | Un nouveau single et une playlist exclusive pour What The France !"}]},{"@type":"WebSite","@id":"https:\/\/whatthefrance.org\/fr\/#website","url":"https:\/\/whatthefrance.org\/fr\/","name":"What the France","description":"The finest music made in France !","publisher":{"@id":"https:\/\/whatthefrance.org\/fr\/#organization"},"potentialAction":[{"@type":"SearchAction","target":{"@type":"EntryPoint","urlTemplate":"https:\/\/whatthefrance.org\/fr\/?s={search_term_string}"},"query-input":{"@type":"PropertyValueSpecification","valueRequired":true,"valueName":"search_term_string"}}],"inLanguage":"fr-FR"},{"@type":"Organization","@id":"https:\/\/whatthefrance.org\/fr\/#organization","name":"What The France","url":"https:\/\/whatthefrance.org\/fr\/","logo":{"@type":"ImageObject","inLanguage":"fr-FR","@id":"https:\/\/whatthefrance.org\/fr\/#\/schema\/logo\/image\/","url":"https:\/\/whatthefrance.org\/wp-content\/uploads\/2019\/12\/44688719_2251580388408837_694180218134331392_n-e1577679609190.png","contentUrl":"https:\/\/whatthefrance.org\/wp-content\/uploads\/2019\/12\/44688719_2251580388408837_694180218134331392_n-e1577679609190.png","width":200,"height":200,"caption":"What The France"},"image":{"@id":"https:\/\/whatthefrance.org\/fr\/#\/schema\/logo\/image\/"}},{"@type":"Person","@id":"https:\/\/whatthefrance.org\/fr\/#\/schema\/person\/3b7ea6fb70b536503b3e8c909c564a81","name":"Marie-Sophie Administrateur","image":{"@type":"ImageObject","inLanguage":"fr-FR","@id":"https:\/\/secure.gravatar.com\/avatar\/d57e4552c73c8713409cd3c2de53bdb5d220ebdd76dc7ba351b2dbae89f5afa9?s=96&d=mm&r=g","url":"https:\/\/secure.gravatar.com\/avatar\/d57e4552c73c8713409cd3c2de53bdb5d220ebdd76dc7ba351b2dbae89f5afa9?s=96&d=mm&r=g","contentUrl":"https:\/\/secure.gravatar.com\/avatar\/d57e4552c73c8713409cd3c2de53bdb5d220ebdd76dc7ba351b2dbae89f5afa9?s=96&d=mm&r=g","caption":"Marie-Sophie Administrateur"}}]}},"_links":{"self":[{"href":"https:\/\/whatthefrance.org\/fr\/wp-json\/wp\/v2\/posts\/51939","targetHints":{"allow":["GET"]}}],"collection":[{"href":"https:\/\/whatthefrance.org\/fr\/wp-json\/wp\/v2\/posts"}],"about":[{"href":"https:\/\/whatthefrance.org\/fr\/wp-json\/wp\/v2\/types\/post"}],"author":[{"embeddable":true,"href":"https:\/\/whatthefrance.org\/fr\/wp-json\/wp\/v2\/users\/6"}],"replies":[{"embeddable":true,"href":"https:\/\/whatthefrance.org\/fr\/wp-json\/wp\/v2\/comments?post=51939"}],"version-history":[{"count":5,"href":"https:\/\/whatthefrance.org\/fr\/wp-json\/wp\/v2\/posts\/51939\/revisions"}],"predecessor-version":[{"id":52138,"href":"https:\/\/whatthefrance.org\/fr\/wp-json\/wp\/v2\/posts\/51939\/revisions\/52138"}],"wp:attachment":[{"href":"https:\/\/whatthefrance.org\/fr\/wp-json\/wp\/v2\/media?parent=51939"}],"wp:term":[{"taxonomy":"category","embeddable":true,"href":"https:\/\/whatthefrance.org\/fr\/wp-json\/wp\/v2\/categories?post=51939"},{"taxonomy":"post_tag","embeddable":true,"href":"https:\/\/whatthefrance.org\/fr\/wp-json\/wp\/v2\/tags?post=51939"}],"curies":[{"name":"wp","href":"https:\/\/api.w.org\/{rel}","templated":true}]}}