{"id":5338,"date":"2019-03-14T12:06:50","date_gmt":"2019-03-14T11:06:50","guid":{"rendered":"https:\/\/whatthefrance.org\/?p=5338"},"modified":"2019-03-14T12:55:36","modified_gmt":"2019-03-14T11:55:36","slug":"blick-bassy-nouvel-album-et-tournee-europeenne","status":"publish","type":"post","link":"https:\/\/whatthefrance.org\/fr\/blick-bassy-nouvel-album-et-tournee-europeenne\/","title":{"rendered":"Blick Bassy | Nouvel album et une tourn\u00e9e europ\u00e9enne"},"content":{"rendered":"<p>Dans un m\u00e9lange po\u00e9tique de musique traditionnelle de son pays natal, le Cameroun, et de blues du Mississippi, <strong><a href=\"https:\/\/www.facebook.com\/blickbassy\/\" target=\"_blank\" rel=\"noopener noreferrer\">Blick Bassy<\/a><\/strong> raconte dans sa langue maternelle Bassa des histoires sur l&rsquo;exode rural dans son pays natal, sur la recherche de sa propre histoire, sur son enfance et son amour. L&rsquo;instrumentation extraordinaire de Blick Bassy comprend le jeu de sa voix sensible, de ses guitares, de son violoncelle, de son trombone, de son clavier et de sa trompette, reliant une grande vari\u00e9t\u00e9 de traditions musicales : Un son groovy qui repr\u00e9sente une Afrique acoustique moderne.<\/p>\n<p>Son nouvel album <strong><em>1958<\/em><\/strong> a un arri\u00e8re-plan politique et s\u00e9rieux : En 1958, le combattant pour l&rsquo;ind\u00e9pendance <strong>Ruben Um Nyob\u00e9<\/strong> a \u00e9t\u00e9 abattu par les troupes coloniales fran\u00e7aises au Cameroun &#8211; son nom n&rsquo;a pas pu \u00eatre mentionn\u00e9 en public jusqu&rsquo;\u00e0 r\u00e9cemment. Le nouvel album veut le comm\u00e9morer : Blick Bassy s&rsquo;incline devant le pr\u00e9sent en racontant \u00a0le Cameroun d&rsquo;aujourd&rsquo;hui.\u00a0Bassy traite \u00e9galement de la fin officielle de la p\u00e9riode coloniale allemande au Cameroun par le trait\u00e9 de Versailles en 1919 et souligne le r\u00f4le de l&rsquo;Allemagne dans la destruction de l&rsquo;identit\u00e9 et des structures culturelles du Cameroun en tant que l&rsquo;un des premiers colonisateurs du pays.<\/p>\n<p>Pourtant, <em><strong>1958<\/strong><\/em> n&rsquo;est pas un appel \u00e0 la repentance, au chagrin ou \u00e0 la haine. C&rsquo;est un appel \u00e0 l&rsquo;action. Blick Bassy estime que l&rsquo;Afrique, comme tous les autres continents, doit se battre pour ses int\u00e9r\u00eats et confronter son histoire et ses traditions afin d&rsquo;atteindre une libert\u00e9 totale.<\/p>\n<p><iframe loading=\"lazy\" title=\"Blick Bassy - Ngwa (Official)\" width=\"500\" height=\"281\" src=\"https:\/\/www.youtube.com\/embed\/DJHXlc7Afzk?feature=oembed\" frameborder=\"0\" allow=\"accelerometer; autoplay; clipboard-write; encrypted-media; gyroscope; picture-in-picture; web-share\" referrerpolicy=\"strict-origin-when-cross-origin\" allowfullscreen><\/iframe><\/p>\n<p>L&rsquo;album de Blick Bassy combine tout cela avec un sentiment tendre et m\u00e9lancolique de <strong>Bon Iver<\/strong>, un fausset obs\u00e9dant de <strong>Skip James<\/strong> et la fantaisie de <strong>Moses Sumney<\/strong>. Sa douceur berce l&rsquo;auditeur au lieu de le tuer avec des rythmes durs et une am\u00e8re d\u00e9ception face \u00e0 l&rsquo;\u00e9tat du Cameroun moderne.<\/p>\n<p><strong>Blick Bassy pr\u00e9sentera son nouvel album en 1958 lors d&rsquo;une tourn\u00e9e en Allemagne et un passage Londres :<\/strong><\/p>\n\n<p>&nbsp;<\/p>\n","protected":false},"excerpt":{"rendered":"<p>Dans un m\u00e9lange po\u00e9tique de musique traditionnelle de son pays natal, le Cameroun, et de blues du Mississippi, Blick Bassy raconte dans sa langue maternelle Bassa des histoires sur l&rsquo;exode rural dans son pays natal, sur la recherche de sa propre histoire, sur son enfance et son amour. L&rsquo;instrumentation extraordinaire de Blick Bassy comprend le [&hellip;]<\/p>\n","protected":false},"author":37,"featured_media":0,"comment_status":"closed","ping_status":"closed","sticky":false,"template":"","format":"standard","meta":{"_acf_changed":false,"footnotes":""},"categories":[213],"tags":[361],"class_list":["post-5338","post","type-post","status-publish","format-standard","hentry","category-event-fr","tag-world-fr"],"acf":[],"yoast_head":"<!-- This site is optimized with the Yoast SEO plugin v27.3 - https:\/\/yoast.com\/product\/yoast-seo-wordpress\/ -->\n<title>Blick Bassy | Nouvel album et une tourn\u00e9e europ\u00e9enne - What the France<\/title>\n<meta name=\"robots\" content=\"index, follow, max-snippet:-1, max-image-preview:large, max-video-preview:-1\" \/>\n<link rel=\"canonical\" href=\"https:\/\/whatthefrance.org\/fr\/blick-bassy-nouvel-album-et-tournee-europeenne\/\" \/>\n<meta property=\"og:locale\" content=\"fr_FR\" \/>\n<meta property=\"og:type\" content=\"article\" \/>\n<meta property=\"og:title\" content=\"Blick Bassy | Nouvel album et une tourn\u00e9e europ\u00e9enne - What the France\" \/>\n<meta property=\"og:description\" content=\"Dans un m\u00e9lange po\u00e9tique de musique traditionnelle de son pays natal, le Cameroun, et de blues du Mississippi, Blick Bassy raconte dans sa langue maternelle Bassa des histoires sur l&rsquo;exode rural dans son pays natal, sur la recherche de sa propre histoire, sur son enfance et son amour. L&rsquo;instrumentation extraordinaire de Blick Bassy comprend le [&hellip;]\" \/>\n<meta property=\"og:url\" content=\"https:\/\/whatthefrance.org\/fr\/blick-bassy-nouvel-album-et-tournee-europeenne\/\" \/>\n<meta property=\"og:site_name\" content=\"What the France\" \/>\n<meta property=\"article:published_time\" content=\"2019-03-14T11:06:50+00:00\" \/>\n<meta property=\"article:modified_time\" content=\"2019-03-14T11:55:36+00:00\" \/>\n<meta property=\"og:image\" content=\"https:\/\/whatthefrance.org\/wp-content\/uploads\/2019\/03\/blick-bassy-what-the-france.png\" \/>\n\t<meta property=\"og:image:width\" content=\"2000\" \/>\n\t<meta property=\"og:image:height\" content=\"792\" \/>\n<meta name=\"author\" content=\"Alex Pinte\" \/>\n<meta name=\"twitter:card\" content=\"summary_large_image\" \/>\n<meta name=\"twitter:label1\" content=\"\u00c9crit par\" \/>\n\t<meta name=\"twitter:data1\" content=\"Alex Pinte\" \/>\n\t<meta name=\"twitter:label2\" content=\"Dur\u00e9e de lecture estim\u00e9e\" \/>\n\t<meta name=\"twitter:data2\" content=\"2 minutes\" \/>\n<script type=\"application\/ld+json\" class=\"yoast-schema-graph\">{\"@context\":\"https:\\\/\\\/schema.org\",\"@graph\":[{\"@type\":\"Article\",\"@id\":\"https:\\\/\\\/whatthefrance.org\\\/fr\\\/blick-bassy-nouvel-album-et-tournee-europeenne\\\/#article\",\"isPartOf\":{\"@id\":\"https:\\\/\\\/whatthefrance.org\\\/fr\\\/blick-bassy-nouvel-album-et-tournee-europeenne\\\/\"},\"author\":{\"name\":\"Alex Pinte\",\"@id\":\"https:\\\/\\\/whatthefrance.org\\\/fr\\\/#\\\/schema\\\/person\\\/2e305d5775776c695c962f32f95c9826\"},\"headline\":\"Blick Bassy | Nouvel album et une tourn\u00e9e europ\u00e9enne\",\"datePublished\":\"2019-03-14T11:06:50+00:00\",\"dateModified\":\"2019-03-14T11:55:36+00:00\",\"mainEntityOfPage\":{\"@id\":\"https:\\\/\\\/whatthefrance.org\\\/fr\\\/blick-bassy-nouvel-album-et-tournee-europeenne\\\/\"},\"wordCount\":365,\"publisher\":{\"@id\":\"https:\\\/\\\/whatthefrance.org\\\/fr\\\/#organization\"},\"keywords\":[\"World\"],\"articleSection\":[\"Event\"],\"inLanguage\":\"fr-FR\"},{\"@type\":\"WebPage\",\"@id\":\"https:\\\/\\\/whatthefrance.org\\\/fr\\\/blick-bassy-nouvel-album-et-tournee-europeenne\\\/\",\"url\":\"https:\\\/\\\/whatthefrance.org\\\/fr\\\/blick-bassy-nouvel-album-et-tournee-europeenne\\\/\",\"name\":\"Blick Bassy | Nouvel album et une tourn\u00e9e europ\u00e9enne - What the France\",\"isPartOf\":{\"@id\":\"https:\\\/\\\/whatthefrance.org\\\/fr\\\/#website\"},\"datePublished\":\"2019-03-14T11:06:50+00:00\",\"dateModified\":\"2019-03-14T11:55:36+00:00\",\"breadcrumb\":{\"@id\":\"https:\\\/\\\/whatthefrance.org\\\/fr\\\/blick-bassy-nouvel-album-et-tournee-europeenne\\\/#breadcrumb\"},\"inLanguage\":\"fr-FR\",\"potentialAction\":[{\"@type\":\"ReadAction\",\"target\":[\"https:\\\/\\\/whatthefrance.org\\\/fr\\\/blick-bassy-nouvel-album-et-tournee-europeenne\\\/\"]}]},{\"@type\":\"BreadcrumbList\",\"@id\":\"https:\\\/\\\/whatthefrance.org\\\/fr\\\/blick-bassy-nouvel-album-et-tournee-europeenne\\\/#breadcrumb\",\"itemListElement\":[{\"@type\":\"ListItem\",\"position\":1,\"name\":\"Home\",\"item\":\"https:\\\/\\\/whatthefrance.org\\\/fr\\\/\"},{\"@type\":\"ListItem\",\"position\":2,\"name\":\"Blick Bassy | Nouvel album et une tourn\u00e9e europ\u00e9enne\"}]},{\"@type\":\"WebSite\",\"@id\":\"https:\\\/\\\/whatthefrance.org\\\/fr\\\/#website\",\"url\":\"https:\\\/\\\/whatthefrance.org\\\/fr\\\/\",\"name\":\"What the France\",\"description\":\"The finest music made in France !\",\"publisher\":{\"@id\":\"https:\\\/\\\/whatthefrance.org\\\/fr\\\/#organization\"},\"potentialAction\":[{\"@type\":\"SearchAction\",\"target\":{\"@type\":\"EntryPoint\",\"urlTemplate\":\"https:\\\/\\\/whatthefrance.org\\\/fr\\\/?s={search_term_string}\"},\"query-input\":{\"@type\":\"PropertyValueSpecification\",\"valueRequired\":true,\"valueName\":\"search_term_string\"}}],\"inLanguage\":\"fr-FR\"},{\"@type\":\"Organization\",\"@id\":\"https:\\\/\\\/whatthefrance.org\\\/fr\\\/#organization\",\"name\":\"What The France\",\"url\":\"https:\\\/\\\/whatthefrance.org\\\/fr\\\/\",\"logo\":{\"@type\":\"ImageObject\",\"inLanguage\":\"fr-FR\",\"@id\":\"https:\\\/\\\/whatthefrance.org\\\/fr\\\/#\\\/schema\\\/logo\\\/image\\\/\",\"url\":\"https:\\\/\\\/whatthefrance.org\\\/wp-content\\\/uploads\\\/2019\\\/12\\\/44688719_2251580388408837_694180218134331392_n-e1577679609190.png\",\"contentUrl\":\"https:\\\/\\\/whatthefrance.org\\\/wp-content\\\/uploads\\\/2019\\\/12\\\/44688719_2251580388408837_694180218134331392_n-e1577679609190.png\",\"width\":200,\"height\":200,\"caption\":\"What The France\"},\"image\":{\"@id\":\"https:\\\/\\\/whatthefrance.org\\\/fr\\\/#\\\/schema\\\/logo\\\/image\\\/\"}},{\"@type\":\"Person\",\"@id\":\"https:\\\/\\\/whatthefrance.org\\\/fr\\\/#\\\/schema\\\/person\\\/2e305d5775776c695c962f32f95c9826\",\"name\":\"Alex Pinte\",\"image\":{\"@type\":\"ImageObject\",\"inLanguage\":\"fr-FR\",\"@id\":\"https:\\\/\\\/secure.gravatar.com\\\/avatar\\\/5cc8b26a1c8ae45fbed26f2047dbdd3cc3c8bcf1eb4b8a396b023b09871da6cd?s=96&d=mm&r=g\",\"url\":\"https:\\\/\\\/secure.gravatar.com\\\/avatar\\\/5cc8b26a1c8ae45fbed26f2047dbdd3cc3c8bcf1eb4b8a396b023b09871da6cd?s=96&d=mm&r=g\",\"contentUrl\":\"https:\\\/\\\/secure.gravatar.com\\\/avatar\\\/5cc8b26a1c8ae45fbed26f2047dbdd3cc3c8bcf1eb4b8a396b023b09871da6cd?s=96&d=mm&r=g\",\"caption\":\"Alex Pinte\"}}]}<\/script>\n<!-- \/ Yoast SEO plugin. -->","yoast_head_json":{"title":"Blick Bassy | Nouvel album et une tourn\u00e9e europ\u00e9enne - What the France","robots":{"index":"index","follow":"follow","max-snippet":"max-snippet:-1","max-image-preview":"max-image-preview:large","max-video-preview":"max-video-preview:-1"},"canonical":"https:\/\/whatthefrance.org\/fr\/blick-bassy-nouvel-album-et-tournee-europeenne\/","og_locale":"fr_FR","og_type":"article","og_title":"Blick Bassy | Nouvel album et une tourn\u00e9e europ\u00e9enne - What the France","og_description":"Dans un m\u00e9lange po\u00e9tique de musique traditionnelle de son pays natal, le Cameroun, et de blues du Mississippi, Blick Bassy raconte dans sa langue maternelle Bassa des histoires sur l&rsquo;exode rural dans son pays natal, sur la recherche de sa propre histoire, sur son enfance et son amour. L&rsquo;instrumentation extraordinaire de Blick Bassy comprend le [&hellip;]","og_url":"https:\/\/whatthefrance.org\/fr\/blick-bassy-nouvel-album-et-tournee-europeenne\/","og_site_name":"What the France","article_published_time":"2019-03-14T11:06:50+00:00","article_modified_time":"2019-03-14T11:55:36+00:00","og_image":[{"url":"https:\/\/whatthefrance.org\/wp-content\/uploads\/2019\/03\/blick-bassy-what-the-france.png","height":792,"width":2000,"type":""}],"author":"Alex Pinte","twitter_card":"summary_large_image","twitter_misc":{"\u00c9crit par":"Alex Pinte","Dur\u00e9e de lecture estim\u00e9e":"2 minutes"},"schema":{"@context":"https:\/\/schema.org","@graph":[{"@type":"Article","@id":"https:\/\/whatthefrance.org\/fr\/blick-bassy-nouvel-album-et-tournee-europeenne\/#article","isPartOf":{"@id":"https:\/\/whatthefrance.org\/fr\/blick-bassy-nouvel-album-et-tournee-europeenne\/"},"author":{"name":"Alex Pinte","@id":"https:\/\/whatthefrance.org\/fr\/#\/schema\/person\/2e305d5775776c695c962f32f95c9826"},"headline":"Blick Bassy | Nouvel album et une tourn\u00e9e europ\u00e9enne","datePublished":"2019-03-14T11:06:50+00:00","dateModified":"2019-03-14T11:55:36+00:00","mainEntityOfPage":{"@id":"https:\/\/whatthefrance.org\/fr\/blick-bassy-nouvel-album-et-tournee-europeenne\/"},"wordCount":365,"publisher":{"@id":"https:\/\/whatthefrance.org\/fr\/#organization"},"keywords":["World"],"articleSection":["Event"],"inLanguage":"fr-FR"},{"@type":"WebPage","@id":"https:\/\/whatthefrance.org\/fr\/blick-bassy-nouvel-album-et-tournee-europeenne\/","url":"https:\/\/whatthefrance.org\/fr\/blick-bassy-nouvel-album-et-tournee-europeenne\/","name":"Blick Bassy | Nouvel album et une tourn\u00e9e europ\u00e9enne - What the France","isPartOf":{"@id":"https:\/\/whatthefrance.org\/fr\/#website"},"datePublished":"2019-03-14T11:06:50+00:00","dateModified":"2019-03-14T11:55:36+00:00","breadcrumb":{"@id":"https:\/\/whatthefrance.org\/fr\/blick-bassy-nouvel-album-et-tournee-europeenne\/#breadcrumb"},"inLanguage":"fr-FR","potentialAction":[{"@type":"ReadAction","target":["https:\/\/whatthefrance.org\/fr\/blick-bassy-nouvel-album-et-tournee-europeenne\/"]}]},{"@type":"BreadcrumbList","@id":"https:\/\/whatthefrance.org\/fr\/blick-bassy-nouvel-album-et-tournee-europeenne\/#breadcrumb","itemListElement":[{"@type":"ListItem","position":1,"name":"Home","item":"https:\/\/whatthefrance.org\/fr\/"},{"@type":"ListItem","position":2,"name":"Blick Bassy | Nouvel album et une tourn\u00e9e europ\u00e9enne"}]},{"@type":"WebSite","@id":"https:\/\/whatthefrance.org\/fr\/#website","url":"https:\/\/whatthefrance.org\/fr\/","name":"What the France","description":"The finest music made in France !","publisher":{"@id":"https:\/\/whatthefrance.org\/fr\/#organization"},"potentialAction":[{"@type":"SearchAction","target":{"@type":"EntryPoint","urlTemplate":"https:\/\/whatthefrance.org\/fr\/?s={search_term_string}"},"query-input":{"@type":"PropertyValueSpecification","valueRequired":true,"valueName":"search_term_string"}}],"inLanguage":"fr-FR"},{"@type":"Organization","@id":"https:\/\/whatthefrance.org\/fr\/#organization","name":"What The France","url":"https:\/\/whatthefrance.org\/fr\/","logo":{"@type":"ImageObject","inLanguage":"fr-FR","@id":"https:\/\/whatthefrance.org\/fr\/#\/schema\/logo\/image\/","url":"https:\/\/whatthefrance.org\/wp-content\/uploads\/2019\/12\/44688719_2251580388408837_694180218134331392_n-e1577679609190.png","contentUrl":"https:\/\/whatthefrance.org\/wp-content\/uploads\/2019\/12\/44688719_2251580388408837_694180218134331392_n-e1577679609190.png","width":200,"height":200,"caption":"What The France"},"image":{"@id":"https:\/\/whatthefrance.org\/fr\/#\/schema\/logo\/image\/"}},{"@type":"Person","@id":"https:\/\/whatthefrance.org\/fr\/#\/schema\/person\/2e305d5775776c695c962f32f95c9826","name":"Alex Pinte","image":{"@type":"ImageObject","inLanguage":"fr-FR","@id":"https:\/\/secure.gravatar.com\/avatar\/5cc8b26a1c8ae45fbed26f2047dbdd3cc3c8bcf1eb4b8a396b023b09871da6cd?s=96&d=mm&r=g","url":"https:\/\/secure.gravatar.com\/avatar\/5cc8b26a1c8ae45fbed26f2047dbdd3cc3c8bcf1eb4b8a396b023b09871da6cd?s=96&d=mm&r=g","contentUrl":"https:\/\/secure.gravatar.com\/avatar\/5cc8b26a1c8ae45fbed26f2047dbdd3cc3c8bcf1eb4b8a396b023b09871da6cd?s=96&d=mm&r=g","caption":"Alex Pinte"}}]}},"_links":{"self":[{"href":"https:\/\/whatthefrance.org\/fr\/wp-json\/wp\/v2\/posts\/5338","targetHints":{"allow":["GET"]}}],"collection":[{"href":"https:\/\/whatthefrance.org\/fr\/wp-json\/wp\/v2\/posts"}],"about":[{"href":"https:\/\/whatthefrance.org\/fr\/wp-json\/wp\/v2\/types\/post"}],"author":[{"embeddable":true,"href":"https:\/\/whatthefrance.org\/fr\/wp-json\/wp\/v2\/users\/37"}],"replies":[{"embeddable":true,"href":"https:\/\/whatthefrance.org\/fr\/wp-json\/wp\/v2\/comments?post=5338"}],"version-history":[{"count":7,"href":"https:\/\/whatthefrance.org\/fr\/wp-json\/wp\/v2\/posts\/5338\/revisions"}],"predecessor-version":[{"id":5487,"href":"https:\/\/whatthefrance.org\/fr\/wp-json\/wp\/v2\/posts\/5338\/revisions\/5487"}],"wp:attachment":[{"href":"https:\/\/whatthefrance.org\/fr\/wp-json\/wp\/v2\/media?parent=5338"}],"wp:term":[{"taxonomy":"category","embeddable":true,"href":"https:\/\/whatthefrance.org\/fr\/wp-json\/wp\/v2\/categories?post=5338"},{"taxonomy":"post_tag","embeddable":true,"href":"https:\/\/whatthefrance.org\/fr\/wp-json\/wp\/v2\/tags?post=5338"}],"curies":[{"name":"wp","href":"https:\/\/api.w.org\/{rel}","templated":true}]}}