{"id":53741,"date":"2025-03-29T10:34:30","date_gmt":"2025-03-29T09:34:30","guid":{"rendered":"https:\/\/whatthefrance.org\/?p=53741"},"modified":"2025-03-31T10:09:24","modified_gmt":"2025-03-31T08:09:24","slug":"all-about-piano-la-playlist-de-la-journee-mondiale-du-piano","status":"publish","type":"post","link":"https:\/\/whatthefrance.org\/fr\/all-about-piano-la-playlist-de-la-journee-mondiale-du-piano\/","title":{"rendered":"\u00ab\u00a0All About Piano\u00a0\u00bb | La playlist de la \u201cJourn\u00e9e mondiale du piano\u201d !"},"content":{"rendered":"<p>A l\u2019occasion de la\u00a0<strong>Journ\u00e9e mondiale du piano<\/strong>, What the France met \u00e0 l\u2019honneur cette grosse bo\u00eete noire fascinante, roi des instruments de musique. \u00c0 la fois \u00e0 son aise en solo, en accompagnement ou mis en relief en concerto, il est un orchestre \u00e0 lui tout seul et a de quoi faire r\u00eaver.<\/p>\n<p>L\u2019\u00e9cole fran\u00e7aise du piano est un genre en soi : Ravel, Debussy, Satie pour n\u2019en citer que quelques-uns, se sont distingu\u00e9s en \u00e9crivant des \u0153uvres majeures ador\u00e9es, que l\u2019on sifflote dans le monde entier. Satie et ses Gymnop\u00e9dies, Debussy et son Clair de Lune. Le piano nous emm\u00e8ne dans un monde \u00e0 part. Bien qu\u2019instrument \u00e0 percussion avec des marteaux, il est capable de la plus grande des douceurs. Il est au centre de tant de musiques. Explorateur, il nous m\u00e8ne vers tous les horizons et tous les champs esth\u00e9tiques : de l\u2019\u00e9criture classique \u00e0 l\u2019exp\u00e9rimental en passant par le jazz o\u00f9 l\u00e0 aussi il est au c\u0153ur de tous les \u00ab\u00a0bands\u00a0\u00bb.<\/p>\n<p>La playlist \u00ab\u00a0<strong>All About Piano<\/strong>\u00a0\u00bb est consacr\u00e9e au grand r\u00e9pertoire pianistique de Bach au jazz, en passant par les derni\u00e8res nouveaut\u00e9s. Interpr\u00e9t\u00e9s par les meilleurs pianistes fran\u00e7ais, ou de production \u00ab\u00a0<strong>made in France<\/strong> \u00bb, ces titres mettent en avant une excellence pianistique fran\u00e7aise sans pareil. . Au programme de l\u2019\u00e9dition 2025, des titres sign\u00e9s Sofiane Pamart, Vanessa Wagner, Maxence Cyrin, Anne Queff\u00e9lec, Alexandre Kantorow, Lise De La Salle, Paul Lewis, Sebastien Tellier, C\u00e9lim\u00e8ne Daudet, Edouard Ferlet, FKJ, Clintis ou Koki Nakano<\/p>\n<div class=\"playListBloc singleBloc\"><div class=\"playListBloc-wrap\">    <div class=\"thumbnail\"><img data-src=\"https:\/\/whatthefrance.org\/wp-content\/uploads\/2019\/05\/All_About_Piano-254x254.jpg\" class=\"lazyload\" alt=\"All_About_Piano\" \/>    <\/div>    <div class=\"infos\">        <span class=\"tag\">Themes<\/span>        <h2>All About Piano<\/h2>        <span class=\"separator\"><\/span>       <span class=\"desc\"> The playlist All About Piano stretches from Bach to great jazz piano repertoire.<\/span><div class=\"share flex flexAlignCenter \">\t<span class=\"label\">Partager<\/span>\t<a href=\"https:\/\/www.facebook.com\/sharer\/sharer.php?u=https:\/\/whatthefrance.org\/fr\/playlists\/all-about-piano\/\" class=\"facebook\" target=\"_blank\" rel=\"noreferrer\">Facebook<\/a>\t<a href=\"https:\/\/twitter.com\/intent\/tweet?url=https:\/\/whatthefrance.org\/fr\/playlists\/all-about-piano\/&text=All+About+Piano&hashtags=WTF\" class=\"twitter\" target=\"_blank\" rel=\"noreferrer\">Twitter<\/a>\t<a href=\"mailto:?subject=What%20the%20France%20%3A%20All%20About%20Piano&body=https:\/\/whatthefrance.org\/fr\/playlists\/all-about-piano\/\" class=\"mail\" target=\"_blank\" rel=\"noreferrer\">Email<\/a><\/div>        <a href=\"#\" class=\"btn btnPlaylist orange playlist-click\" data-id=\"7203\">            <svg version=\"1.1\" x=\"0px\" y=\"0px\" width=\"40px\" height=\"40px\" viewBox=\"0 0 213.7 213.7\" enable-background=\"new 0 0 213.7 213.7\" xml:space=\"preserve\">                <polygon class=\"triangle\" fill=\"none\" stroke-width=\"10\" stroke-linecap=\"round\" stroke-linejoin=\"round\" stroke-miterlimit=\"10\" points=\"\n            73.5,62.5 148.5,105.8 73.5,149.1 \"\/>                <circle class=\"circle\" fill=\"none\"  stroke-width=\"8\" stroke-linecap=\"round\" stroke-linejoin=\"round\" stroke-miterlimit=\"10\" cx=\"106.8\" cy=\"106.8\" r=\"103.3\"\/>                <circle class=\"circle-white\" fill=\"none\"  stroke-width=\"8\" stroke-linecap=\"round\" stroke-linejoin=\"round\" stroke-miterlimit=\"10\" cx=\"106.8\" cy=\"106.8\" r=\"103.3\"\/>            <\/svg>Ecouter        <\/a>    <\/div>  <\/div><\/div>\n","protected":false},"excerpt":{"rendered":"<p>A l\u2019occasion de la\u00a0Journ\u00e9e mondiale du piano, What the France met \u00e0 l\u2019honneur cette grosse bo\u00eete noire fascinante, roi des instruments de musique. \u00c0 la fois \u00e0 son aise en solo, en accompagnement ou mis en relief en concerto, il est un orchestre \u00e0 lui tout seul et a de quoi faire r\u00eaver. L\u2019\u00e9cole fran\u00e7aise [&hellip;]<\/p>\n","protected":false},"author":6,"featured_media":0,"comment_status":"closed","ping_status":"closed","sticky":false,"template":"","format":"standard","meta":{"_acf_changed":false,"footnotes":""},"categories":[206],"tags":[309,311],"class_list":["post-53741","post","type-post","status-publish","format-standard","hentry","category-playlist-fr","tag-classical-fr","tag-contemporary-fr"],"acf":[],"yoast_head":"<!-- This site is optimized with the Yoast SEO plugin v27.3 - https:\/\/yoast.com\/product\/yoast-seo-wordpress\/ -->\n<title>&quot;All About Piano&quot; | La playlist de la \u201cJourn\u00e9e mondiale du piano\u201d ! - What the France<\/title>\n<meta name=\"robots\" content=\"index, follow, max-snippet:-1, max-image-preview:large, max-video-preview:-1\" \/>\n<link rel=\"canonical\" href=\"https:\/\/whatthefrance.org\/fr\/all-about-piano-la-playlist-de-la-journee-mondiale-du-piano\/\" \/>\n<meta property=\"og:locale\" content=\"fr_FR\" \/>\n<meta property=\"og:type\" content=\"article\" \/>\n<meta property=\"og:title\" content=\"&quot;All About Piano&quot; | La playlist de la \u201cJourn\u00e9e mondiale du piano\u201d ! - What the France\" \/>\n<meta property=\"og:description\" content=\"A l\u2019occasion de la\u00a0Journ\u00e9e mondiale du piano, What the France met \u00e0 l\u2019honneur cette grosse bo\u00eete noire fascinante, roi des instruments de musique. \u00c0 la fois \u00e0 son aise en solo, en accompagnement ou mis en relief en concerto, il est un orchestre \u00e0 lui tout seul et a de quoi faire r\u00eaver. L\u2019\u00e9cole fran\u00e7aise [&hellip;]\" \/>\n<meta property=\"og:url\" content=\"https:\/\/whatthefrance.org\/fr\/all-about-piano-la-playlist-de-la-journee-mondiale-du-piano\/\" \/>\n<meta property=\"og:site_name\" content=\"What the France\" \/>\n<meta property=\"article:published_time\" content=\"2025-03-29T09:34:30+00:00\" \/>\n<meta property=\"article:modified_time\" content=\"2025-03-31T08:09:24+00:00\" \/>\n<meta property=\"og:image\" content=\"https:\/\/whatthefrance.org\/wp-content\/uploads\/2023\/03\/piano_what_the_france-2.png\" \/>\n\t<meta property=\"og:image:width\" content=\"1084\" \/>\n\t<meta property=\"og:image:height\" content=\"452\" \/>\n<meta name=\"author\" content=\"Marie-Sophie Administrateur\" \/>\n<meta name=\"twitter:card\" content=\"summary_large_image\" \/>\n<meta name=\"twitter:label1\" content=\"\u00c9crit par\" \/>\n\t<meta name=\"twitter:data1\" content=\"Marie-Sophie Administrateur\" \/>\n\t<meta name=\"twitter:label2\" content=\"Dur\u00e9e de lecture estim\u00e9e\" \/>\n\t<meta name=\"twitter:data2\" content=\"2 minutes\" \/>\n<script type=\"application\/ld+json\" class=\"yoast-schema-graph\">{\"@context\":\"https:\\\/\\\/schema.org\",\"@graph\":[{\"@type\":\"Article\",\"@id\":\"https:\\\/\\\/whatthefrance.org\\\/fr\\\/all-about-piano-la-playlist-de-la-journee-mondiale-du-piano\\\/#article\",\"isPartOf\":{\"@id\":\"https:\\\/\\\/whatthefrance.org\\\/fr\\\/all-about-piano-la-playlist-de-la-journee-mondiale-du-piano\\\/\"},\"author\":{\"name\":\"Marie-Sophie Administrateur\",\"@id\":\"https:\\\/\\\/whatthefrance.org\\\/fr\\\/#\\\/schema\\\/person\\\/3b7ea6fb70b536503b3e8c909c564a81\"},\"headline\":\"\u00ab\u00a0All About Piano\u00a0\u00bb | La playlist de la \u201cJourn\u00e9e mondiale du piano\u201d !\",\"datePublished\":\"2025-03-29T09:34:30+00:00\",\"dateModified\":\"2025-03-31T08:09:24+00:00\",\"mainEntityOfPage\":{\"@id\":\"https:\\\/\\\/whatthefrance.org\\\/fr\\\/all-about-piano-la-playlist-de-la-journee-mondiale-du-piano\\\/\"},\"wordCount\":282,\"publisher\":{\"@id\":\"https:\\\/\\\/whatthefrance.org\\\/fr\\\/#organization\"},\"keywords\":[\"Classical\",\"Contemporary\"],\"articleSection\":[\"Playlist\"],\"inLanguage\":\"fr-FR\"},{\"@type\":\"WebPage\",\"@id\":\"https:\\\/\\\/whatthefrance.org\\\/fr\\\/all-about-piano-la-playlist-de-la-journee-mondiale-du-piano\\\/\",\"url\":\"https:\\\/\\\/whatthefrance.org\\\/fr\\\/all-about-piano-la-playlist-de-la-journee-mondiale-du-piano\\\/\",\"name\":\"\\\"All About Piano\\\" | La playlist de la \u201cJourn\u00e9e mondiale du piano\u201d ! - What the France\",\"isPartOf\":{\"@id\":\"https:\\\/\\\/whatthefrance.org\\\/fr\\\/#website\"},\"datePublished\":\"2025-03-29T09:34:30+00:00\",\"dateModified\":\"2025-03-31T08:09:24+00:00\",\"breadcrumb\":{\"@id\":\"https:\\\/\\\/whatthefrance.org\\\/fr\\\/all-about-piano-la-playlist-de-la-journee-mondiale-du-piano\\\/#breadcrumb\"},\"inLanguage\":\"fr-FR\",\"potentialAction\":[{\"@type\":\"ReadAction\",\"target\":[\"https:\\\/\\\/whatthefrance.org\\\/fr\\\/all-about-piano-la-playlist-de-la-journee-mondiale-du-piano\\\/\"]}]},{\"@type\":\"BreadcrumbList\",\"@id\":\"https:\\\/\\\/whatthefrance.org\\\/fr\\\/all-about-piano-la-playlist-de-la-journee-mondiale-du-piano\\\/#breadcrumb\",\"itemListElement\":[{\"@type\":\"ListItem\",\"position\":1,\"name\":\"Home\",\"item\":\"https:\\\/\\\/whatthefrance.org\\\/fr\\\/\"},{\"@type\":\"ListItem\",\"position\":2,\"name\":\"\u00ab\u00a0All About Piano\u00a0\u00bb | La playlist de la \u201cJourn\u00e9e mondiale du piano\u201d !\"}]},{\"@type\":\"WebSite\",\"@id\":\"https:\\\/\\\/whatthefrance.org\\\/fr\\\/#website\",\"url\":\"https:\\\/\\\/whatthefrance.org\\\/fr\\\/\",\"name\":\"What the France\",\"description\":\"The finest music made in France !\",\"publisher\":{\"@id\":\"https:\\\/\\\/whatthefrance.org\\\/fr\\\/#organization\"},\"potentialAction\":[{\"@type\":\"SearchAction\",\"target\":{\"@type\":\"EntryPoint\",\"urlTemplate\":\"https:\\\/\\\/whatthefrance.org\\\/fr\\\/?s={search_term_string}\"},\"query-input\":{\"@type\":\"PropertyValueSpecification\",\"valueRequired\":true,\"valueName\":\"search_term_string\"}}],\"inLanguage\":\"fr-FR\"},{\"@type\":\"Organization\",\"@id\":\"https:\\\/\\\/whatthefrance.org\\\/fr\\\/#organization\",\"name\":\"What The France\",\"url\":\"https:\\\/\\\/whatthefrance.org\\\/fr\\\/\",\"logo\":{\"@type\":\"ImageObject\",\"inLanguage\":\"fr-FR\",\"@id\":\"https:\\\/\\\/whatthefrance.org\\\/fr\\\/#\\\/schema\\\/logo\\\/image\\\/\",\"url\":\"https:\\\/\\\/whatthefrance.org\\\/wp-content\\\/uploads\\\/2019\\\/12\\\/44688719_2251580388408837_694180218134331392_n-e1577679609190.png\",\"contentUrl\":\"https:\\\/\\\/whatthefrance.org\\\/wp-content\\\/uploads\\\/2019\\\/12\\\/44688719_2251580388408837_694180218134331392_n-e1577679609190.png\",\"width\":200,\"height\":200,\"caption\":\"What The France\"},\"image\":{\"@id\":\"https:\\\/\\\/whatthefrance.org\\\/fr\\\/#\\\/schema\\\/logo\\\/image\\\/\"}},{\"@type\":\"Person\",\"@id\":\"https:\\\/\\\/whatthefrance.org\\\/fr\\\/#\\\/schema\\\/person\\\/3b7ea6fb70b536503b3e8c909c564a81\",\"name\":\"Marie-Sophie Administrateur\",\"image\":{\"@type\":\"ImageObject\",\"inLanguage\":\"fr-FR\",\"@id\":\"https:\\\/\\\/secure.gravatar.com\\\/avatar\\\/d57e4552c73c8713409cd3c2de53bdb5d220ebdd76dc7ba351b2dbae89f5afa9?s=96&d=mm&r=g\",\"url\":\"https:\\\/\\\/secure.gravatar.com\\\/avatar\\\/d57e4552c73c8713409cd3c2de53bdb5d220ebdd76dc7ba351b2dbae89f5afa9?s=96&d=mm&r=g\",\"contentUrl\":\"https:\\\/\\\/secure.gravatar.com\\\/avatar\\\/d57e4552c73c8713409cd3c2de53bdb5d220ebdd76dc7ba351b2dbae89f5afa9?s=96&d=mm&r=g\",\"caption\":\"Marie-Sophie Administrateur\"}}]}<\/script>\n<!-- \/ Yoast SEO plugin. -->","yoast_head_json":{"title":"\"All About Piano\" | La playlist de la \u201cJourn\u00e9e mondiale du piano\u201d ! - What the France","robots":{"index":"index","follow":"follow","max-snippet":"max-snippet:-1","max-image-preview":"max-image-preview:large","max-video-preview":"max-video-preview:-1"},"canonical":"https:\/\/whatthefrance.org\/fr\/all-about-piano-la-playlist-de-la-journee-mondiale-du-piano\/","og_locale":"fr_FR","og_type":"article","og_title":"\"All About Piano\" | La playlist de la \u201cJourn\u00e9e mondiale du piano\u201d ! - What the France","og_description":"A l\u2019occasion de la\u00a0Journ\u00e9e mondiale du piano, What the France met \u00e0 l\u2019honneur cette grosse bo\u00eete noire fascinante, roi des instruments de musique. \u00c0 la fois \u00e0 son aise en solo, en accompagnement ou mis en relief en concerto, il est un orchestre \u00e0 lui tout seul et a de quoi faire r\u00eaver. L\u2019\u00e9cole fran\u00e7aise [&hellip;]","og_url":"https:\/\/whatthefrance.org\/fr\/all-about-piano-la-playlist-de-la-journee-mondiale-du-piano\/","og_site_name":"What the France","article_published_time":"2025-03-29T09:34:30+00:00","article_modified_time":"2025-03-31T08:09:24+00:00","og_image":[{"url":"https:\/\/whatthefrance.org\/wp-content\/uploads\/2023\/03\/piano_what_the_france-2.png","height":452,"width":1084,"type":""}],"author":"Marie-Sophie Administrateur","twitter_card":"summary_large_image","twitter_misc":{"\u00c9crit par":"Marie-Sophie Administrateur","Dur\u00e9e de lecture estim\u00e9e":"2 minutes"},"schema":{"@context":"https:\/\/schema.org","@graph":[{"@type":"Article","@id":"https:\/\/whatthefrance.org\/fr\/all-about-piano-la-playlist-de-la-journee-mondiale-du-piano\/#article","isPartOf":{"@id":"https:\/\/whatthefrance.org\/fr\/all-about-piano-la-playlist-de-la-journee-mondiale-du-piano\/"},"author":{"name":"Marie-Sophie Administrateur","@id":"https:\/\/whatthefrance.org\/fr\/#\/schema\/person\/3b7ea6fb70b536503b3e8c909c564a81"},"headline":"\u00ab\u00a0All About Piano\u00a0\u00bb | La playlist de la \u201cJourn\u00e9e mondiale du piano\u201d !","datePublished":"2025-03-29T09:34:30+00:00","dateModified":"2025-03-31T08:09:24+00:00","mainEntityOfPage":{"@id":"https:\/\/whatthefrance.org\/fr\/all-about-piano-la-playlist-de-la-journee-mondiale-du-piano\/"},"wordCount":282,"publisher":{"@id":"https:\/\/whatthefrance.org\/fr\/#organization"},"keywords":["Classical","Contemporary"],"articleSection":["Playlist"],"inLanguage":"fr-FR"},{"@type":"WebPage","@id":"https:\/\/whatthefrance.org\/fr\/all-about-piano-la-playlist-de-la-journee-mondiale-du-piano\/","url":"https:\/\/whatthefrance.org\/fr\/all-about-piano-la-playlist-de-la-journee-mondiale-du-piano\/","name":"\"All About Piano\" | La playlist de la \u201cJourn\u00e9e mondiale du piano\u201d ! - What the France","isPartOf":{"@id":"https:\/\/whatthefrance.org\/fr\/#website"},"datePublished":"2025-03-29T09:34:30+00:00","dateModified":"2025-03-31T08:09:24+00:00","breadcrumb":{"@id":"https:\/\/whatthefrance.org\/fr\/all-about-piano-la-playlist-de-la-journee-mondiale-du-piano\/#breadcrumb"},"inLanguage":"fr-FR","potentialAction":[{"@type":"ReadAction","target":["https:\/\/whatthefrance.org\/fr\/all-about-piano-la-playlist-de-la-journee-mondiale-du-piano\/"]}]},{"@type":"BreadcrumbList","@id":"https:\/\/whatthefrance.org\/fr\/all-about-piano-la-playlist-de-la-journee-mondiale-du-piano\/#breadcrumb","itemListElement":[{"@type":"ListItem","position":1,"name":"Home","item":"https:\/\/whatthefrance.org\/fr\/"},{"@type":"ListItem","position":2,"name":"\u00ab\u00a0All About Piano\u00a0\u00bb | La playlist de la \u201cJourn\u00e9e mondiale du piano\u201d !"}]},{"@type":"WebSite","@id":"https:\/\/whatthefrance.org\/fr\/#website","url":"https:\/\/whatthefrance.org\/fr\/","name":"What the France","description":"The finest music made in France !","publisher":{"@id":"https:\/\/whatthefrance.org\/fr\/#organization"},"potentialAction":[{"@type":"SearchAction","target":{"@type":"EntryPoint","urlTemplate":"https:\/\/whatthefrance.org\/fr\/?s={search_term_string}"},"query-input":{"@type":"PropertyValueSpecification","valueRequired":true,"valueName":"search_term_string"}}],"inLanguage":"fr-FR"},{"@type":"Organization","@id":"https:\/\/whatthefrance.org\/fr\/#organization","name":"What The France","url":"https:\/\/whatthefrance.org\/fr\/","logo":{"@type":"ImageObject","inLanguage":"fr-FR","@id":"https:\/\/whatthefrance.org\/fr\/#\/schema\/logo\/image\/","url":"https:\/\/whatthefrance.org\/wp-content\/uploads\/2019\/12\/44688719_2251580388408837_694180218134331392_n-e1577679609190.png","contentUrl":"https:\/\/whatthefrance.org\/wp-content\/uploads\/2019\/12\/44688719_2251580388408837_694180218134331392_n-e1577679609190.png","width":200,"height":200,"caption":"What The France"},"image":{"@id":"https:\/\/whatthefrance.org\/fr\/#\/schema\/logo\/image\/"}},{"@type":"Person","@id":"https:\/\/whatthefrance.org\/fr\/#\/schema\/person\/3b7ea6fb70b536503b3e8c909c564a81","name":"Marie-Sophie Administrateur","image":{"@type":"ImageObject","inLanguage":"fr-FR","@id":"https:\/\/secure.gravatar.com\/avatar\/d57e4552c73c8713409cd3c2de53bdb5d220ebdd76dc7ba351b2dbae89f5afa9?s=96&d=mm&r=g","url":"https:\/\/secure.gravatar.com\/avatar\/d57e4552c73c8713409cd3c2de53bdb5d220ebdd76dc7ba351b2dbae89f5afa9?s=96&d=mm&r=g","contentUrl":"https:\/\/secure.gravatar.com\/avatar\/d57e4552c73c8713409cd3c2de53bdb5d220ebdd76dc7ba351b2dbae89f5afa9?s=96&d=mm&r=g","caption":"Marie-Sophie Administrateur"}}]}},"_links":{"self":[{"href":"https:\/\/whatthefrance.org\/fr\/wp-json\/wp\/v2\/posts\/53741","targetHints":{"allow":["GET"]}}],"collection":[{"href":"https:\/\/whatthefrance.org\/fr\/wp-json\/wp\/v2\/posts"}],"about":[{"href":"https:\/\/whatthefrance.org\/fr\/wp-json\/wp\/v2\/types\/post"}],"author":[{"embeddable":true,"href":"https:\/\/whatthefrance.org\/fr\/wp-json\/wp\/v2\/users\/6"}],"replies":[{"embeddable":true,"href":"https:\/\/whatthefrance.org\/fr\/wp-json\/wp\/v2\/comments?post=53741"}],"version-history":[{"count":6,"href":"https:\/\/whatthefrance.org\/fr\/wp-json\/wp\/v2\/posts\/53741\/revisions"}],"predecessor-version":[{"id":74186,"href":"https:\/\/whatthefrance.org\/fr\/wp-json\/wp\/v2\/posts\/53741\/revisions\/74186"}],"wp:attachment":[{"href":"https:\/\/whatthefrance.org\/fr\/wp-json\/wp\/v2\/media?parent=53741"}],"wp:term":[{"taxonomy":"category","embeddable":true,"href":"https:\/\/whatthefrance.org\/fr\/wp-json\/wp\/v2\/categories?post=53741"},{"taxonomy":"post_tag","embeddable":true,"href":"https:\/\/whatthefrance.org\/fr\/wp-json\/wp\/v2\/tags?post=53741"}],"curies":[{"name":"wp","href":"https:\/\/api.w.org\/{rel}","templated":true}]}}