{"id":54183,"date":"2023-04-03T11:39:10","date_gmt":"2023-04-03T09:39:10","guid":{"rendered":"https:\/\/whatthefrance.org\/?p=54183"},"modified":"2023-04-03T11:39:10","modified_gmt":"2023-04-03T09:39:10","slug":"zaz-suite-mondiale-pour-organique-tour","status":"publish","type":"post","link":"https:\/\/whatthefrance.org\/fr\/zaz-suite-mondiale-pour-organique-tour\/","title":{"rendered":"ZAZ | Suite mondiale pour \u00ab\u00a0Organique Tour\u00a0\u00bb"},"content":{"rendered":"<p>A ses d\u00e9buts, la voix d&rsquo;Isabelle Geoffroy est compar\u00e9e \u00e0 celle d&rsquo;<strong>Edith Piaf<\/strong><span class=\"apple-converted-space\">\u00a0<\/span>ou d&rsquo;<strong>Ella Fitzgerald<\/strong>, jusqu&rsquo;\u00e0 ce qu&rsquo;elle trouve son propre style et se rebaptise<span class=\"apple-converted-space\">\u00a0<\/span><a title=\"https:\/\/fra01.safelinks.protection.outlook.com\/?url=https%3A%2F%2Fwww.instagram.com%2Fzaz_off%2F&amp;data=05%7C01%7Cmarie-sophie.cazin%40cnm.fr%7C6428e26899d44f04e48a08db34271de7%7Cba774e6290394882a8cac4a49ebaf0d1%7C1%7C0%7C638161114842322902%7CUnknown%7CTWFpbGZsb3d8eyJWIjoiMC4wLjAwMDAiLCJQIjoiV2luMzIiLCJBTiI6Ik1haWwiLCJXVCI6Mn0%3D%7C3000%7C%7C%7C&amp;sdata=dFHQSg6SrxcVH%2FOMlomJ%2B%2FCTrOOzpp06SysMzfZxTqU%3D&amp;reserved=0\" contenteditable=\"false\" href=\"https:\/\/fra01.safelinks.protection.outlook.com\/?url=https%3A%2F%2Fwww.instagram.com%2Fzaz_off%2F&amp;data=05%7C01%7Cmarie-sophie.cazin%40cnm.fr%7C6428e26899d44f04e48a08db34271de7%7Cba774e6290394882a8cac4a49ebaf0d1%7C1%7C0%7C638161114842322902%7CUnknown%7CTWFpbGZsb3d8eyJWIjoiMC4wLjAwMDAiLCJQIjoiV2luMzIiLCJBTiI6Ik1haWwiLCJXVCI6Mn0%3D%7C3000%7C%7C%7C&amp;sdata=dFHQSg6SrxcVH%2FOMlomJ%2B%2FCTrOOzpp06SysMzfZxTqU%3D&amp;reserved=0\"><b>Z<\/b><b>az<\/b><\/a>.<\/p>\n<p>Apr\u00e8s quatre albums \u00e0 succ\u00e8s, Zaz, d\u00e9crite par la presse comme une artiste dont les chansons sont un hymne \u00e0 la libert\u00e9 et \u00e0 l&rsquo;\u00e9galit\u00e9, d\u00e9cide de s&rsquo;\u00e9loigner de la sc\u00e8ne. C&rsquo;est durant le confinement qu\u2019elle commence \u00e0 travailler sur son cinqui\u00e8me album studio, intitul\u00e9<span class=\"apple-converted-space\">\u00a0<\/span><strong><i>Isa<\/i><\/strong><strong><i>,<\/i><\/strong><em>\u00a0<\/em>avec le producteur n\u00e9erlandais<span class=\"apple-converted-space\">\u00a0<\/span><strong>Reyn<\/strong>, avec qui ils ont pris le temps de donner une couleur particuli\u00e8re \u00e0 chaque chanson de l&rsquo;album, \u00e0 travers des textes aussi personnels qu&rsquo;intimes et avec la voix vive et pleine d&rsquo;\u00e2me qui la caract\u00e9rise.<\/p>\n<p><iframe loading=\"lazy\" title=\"Teaser ZAZ - ORGANIQUE TOUR 2022\" width=\"500\" height=\"281\" src=\"https:\/\/www.youtube.com\/embed\/kmqIU8olEQE?feature=oembed\" frameborder=\"0\" allow=\"accelerometer; autoplay; clipboard-write; encrypted-media; gyroscope; picture-in-picture; web-share\" referrerpolicy=\"strict-origin-when-cross-origin\" allowfullscreen><\/iframe><\/p>\n<p>A l&rsquo;aube de 2023, Zaz entame une nouvelle tourn\u00e9e mondiale, avec des concerts plus exclusifs et des repr\u00e9sentations au plus pr\u00e8s du public. Zaz revient \u00e0 l&rsquo;essentiel, se rapproche du public et parcourt le monde dans le cadre de<span class=\"apple-converted-space\">\u00a0<\/span><strong>\u00ab\u00a0l&rsquo;Organique Tour\u00a0\u00bb.\u00a0<\/strong>Les fans de la chanteuse pourront la retrouver pour d\u00e9couvrir une nouvelle facette de son art. \u00ab\u00a0Tout ce que nous voyons vient de notre regard : ce que nous aimons, ce que nous d\u00e9testons, ce qui nous rend heureux&#8230; Mais il y a bien d&rsquo;autres fa\u00e7ons de regarder.\u00a0\u00bb, ajoute l&rsquo;artiste fran\u00e7aise.<\/p>\n<div class=\"playListBloc singleBloc\"><div class=\"playListBloc-wrap\">    <div class=\"thumbnail\"><img data-src=\"https:\/\/whatthefrance.org\/wp-content\/uploads\/2018\/11\/wtf-pochettes_chanson_3-254x254.jpg\" class=\"lazyload\" alt=\"wtf&#8212;pochettes_chanson_3\" \/>    <\/div>    <div class=\"infos\">        <span class=\"tag\">Genres<\/span>        <h2>Pardon My Chanson<\/h2>        <span class=\"separator\"><\/span>       <span class=\"desc\">Sing along with to the latest French chanson hits made in France. <\/span><div class=\"share flex flexAlignCenter \">\t<span class=\"label\">Partager<\/span>\t<a href=\"https:\/\/www.facebook.com\/sharer\/sharer.php?u=https:\/\/whatthefrance.org\/fr\/playlists\/pardon-my-chanson\/\" class=\"facebook\" target=\"_blank\" rel=\"noreferrer\">Facebook<\/a>\t<a href=\"https:\/\/twitter.com\/intent\/tweet?url=https:\/\/whatthefrance.org\/fr\/playlists\/pardon-my-chanson\/&text=Pardon+My+Chanson&hashtags=WTF\" class=\"twitter\" target=\"_blank\" rel=\"noreferrer\">Twitter<\/a>\t<a href=\"mailto:?subject=What%20the%20France%20%3A%20Pardon%20My%20Chanson&body=https:\/\/whatthefrance.org\/fr\/playlists\/pardon-my-chanson\/\" class=\"mail\" target=\"_blank\" rel=\"noreferrer\">Email<\/a><\/div>        <a href=\"#\" class=\"btn btnPlaylist orange playlist-click\" data-id=\"904\">            <svg version=\"1.1\" x=\"0px\" y=\"0px\" width=\"40px\" height=\"40px\" viewBox=\"0 0 213.7 213.7\" enable-background=\"new 0 0 213.7 213.7\" xml:space=\"preserve\">                <polygon class=\"triangle\" fill=\"none\" stroke-width=\"10\" stroke-linecap=\"round\" stroke-linejoin=\"round\" stroke-miterlimit=\"10\" points=\"\n            73.5,62.5 148.5,105.8 73.5,149.1 \"\/>                <circle class=\"circle\" fill=\"none\"  stroke-width=\"8\" stroke-linecap=\"round\" stroke-linejoin=\"round\" stroke-miterlimit=\"10\" cx=\"106.8\" cy=\"106.8\" r=\"103.3\"\/>                <circle class=\"circle-white\" fill=\"none\"  stroke-width=\"8\" stroke-linecap=\"round\" stroke-linejoin=\"round\" stroke-miterlimit=\"10\" cx=\"106.8\" cy=\"106.8\" r=\"103.3\"\/>            <\/svg>Ecouter        <\/a>    <\/div>  <\/div><\/div>\n","protected":false},"excerpt":{"rendered":"<p>A ses d\u00e9buts, la voix d&rsquo;Isabelle Geoffroy est compar\u00e9e \u00e0 celle d&rsquo;Edith Piaf\u00a0ou d&rsquo;Ella Fitzgerald, jusqu&rsquo;\u00e0 ce qu&rsquo;elle trouve son propre style et se rebaptise\u00a0Zaz. Apr\u00e8s quatre albums \u00e0 succ\u00e8s, Zaz, d\u00e9crite par la presse comme une artiste dont les chansons sont un hymne \u00e0 la libert\u00e9 et \u00e0 l&rsquo;\u00e9galit\u00e9, d\u00e9cide de s&rsquo;\u00e9loigner de la [&hellip;]<\/p>\n","protected":false},"author":6,"featured_media":0,"comment_status":"closed","ping_status":"closed","sticky":false,"template":"","format":"standard","meta":{"_acf_changed":false,"footnotes":""},"categories":[213],"tags":[307],"class_list":["post-54183","post","type-post","status-publish","format-standard","hentry","category-event-fr","tag-chanson-fr"],"acf":[],"yoast_head":"<!-- This site is optimized with the Yoast SEO plugin v27.3 - https:\/\/yoast.com\/product\/yoast-seo-wordpress\/ -->\n<title>ZAZ | Suite mondiale pour &quot;Organique Tour&quot; - What the France<\/title>\n<meta name=\"robots\" content=\"index, follow, max-snippet:-1, max-image-preview:large, max-video-preview:-1\" \/>\n<link rel=\"canonical\" href=\"https:\/\/whatthefrance.org\/fr\/zaz-suite-mondiale-pour-organique-tour\/\" \/>\n<meta property=\"og:locale\" content=\"fr_FR\" \/>\n<meta property=\"og:type\" content=\"article\" \/>\n<meta property=\"og:title\" content=\"ZAZ | Suite mondiale pour &quot;Organique Tour&quot; - What the France\" \/>\n<meta property=\"og:description\" content=\"A ses d\u00e9buts, la voix d&rsquo;Isabelle Geoffroy est compar\u00e9e \u00e0 celle d&rsquo;Edith Piaf\u00a0ou d&rsquo;Ella Fitzgerald, jusqu&rsquo;\u00e0 ce qu&rsquo;elle trouve son propre style et se rebaptise\u00a0Zaz. Apr\u00e8s quatre albums \u00e0 succ\u00e8s, Zaz, d\u00e9crite par la presse comme une artiste dont les chansons sont un hymne \u00e0 la libert\u00e9 et \u00e0 l&rsquo;\u00e9galit\u00e9, d\u00e9cide de s&rsquo;\u00e9loigner de la [&hellip;]\" \/>\n<meta property=\"og:url\" content=\"https:\/\/whatthefrance.org\/fr\/zaz-suite-mondiale-pour-organique-tour\/\" \/>\n<meta property=\"og:site_name\" content=\"What the France\" \/>\n<meta property=\"article:published_time\" content=\"2023-04-03T09:39:10+00:00\" \/>\n<meta property=\"og:image\" content=\"https:\/\/whatthefrance.org\/wp-content\/uploads\/2023\/03\/zaz_what_the_france_cover.jpg\" \/>\n\t<meta property=\"og:image:width\" content=\"1172\" \/>\n\t<meta property=\"og:image:height\" content=\"560\" \/>\n<meta name=\"author\" content=\"Marie-Sophie Administrateur\" \/>\n<meta name=\"twitter:card\" content=\"summary_large_image\" \/>\n<meta name=\"twitter:label1\" content=\"\u00c9crit par\" \/>\n\t<meta name=\"twitter:data1\" content=\"Marie-Sophie Administrateur\" \/>\n\t<meta name=\"twitter:label2\" content=\"Dur\u00e9e de lecture estim\u00e9e\" \/>\n\t<meta name=\"twitter:data2\" content=\"1 minute\" \/>\n<script type=\"application\/ld+json\" class=\"yoast-schema-graph\">{\"@context\":\"https:\\\/\\\/schema.org\",\"@graph\":[{\"@type\":\"Article\",\"@id\":\"https:\\\/\\\/whatthefrance.org\\\/fr\\\/zaz-suite-mondiale-pour-organique-tour\\\/#article\",\"isPartOf\":{\"@id\":\"https:\\\/\\\/whatthefrance.org\\\/fr\\\/zaz-suite-mondiale-pour-organique-tour\\\/\"},\"author\":{\"name\":\"Marie-Sophie Administrateur\",\"@id\":\"https:\\\/\\\/whatthefrance.org\\\/fr\\\/#\\\/schema\\\/person\\\/3b7ea6fb70b536503b3e8c909c564a81\"},\"headline\":\"ZAZ | Suite mondiale pour \u00ab\u00a0Organique Tour\u00a0\u00bb\",\"datePublished\":\"2023-04-03T09:39:10+00:00\",\"mainEntityOfPage\":{\"@id\":\"https:\\\/\\\/whatthefrance.org\\\/fr\\\/zaz-suite-mondiale-pour-organique-tour\\\/\"},\"wordCount\":246,\"publisher\":{\"@id\":\"https:\\\/\\\/whatthefrance.org\\\/fr\\\/#organization\"},\"keywords\":[\"Chanson\"],\"articleSection\":[\"Event\"],\"inLanguage\":\"fr-FR\"},{\"@type\":\"WebPage\",\"@id\":\"https:\\\/\\\/whatthefrance.org\\\/fr\\\/zaz-suite-mondiale-pour-organique-tour\\\/\",\"url\":\"https:\\\/\\\/whatthefrance.org\\\/fr\\\/zaz-suite-mondiale-pour-organique-tour\\\/\",\"name\":\"ZAZ | Suite mondiale pour \\\"Organique Tour\\\" - What the France\",\"isPartOf\":{\"@id\":\"https:\\\/\\\/whatthefrance.org\\\/fr\\\/#website\"},\"datePublished\":\"2023-04-03T09:39:10+00:00\",\"breadcrumb\":{\"@id\":\"https:\\\/\\\/whatthefrance.org\\\/fr\\\/zaz-suite-mondiale-pour-organique-tour\\\/#breadcrumb\"},\"inLanguage\":\"fr-FR\",\"potentialAction\":[{\"@type\":\"ReadAction\",\"target\":[\"https:\\\/\\\/whatthefrance.org\\\/fr\\\/zaz-suite-mondiale-pour-organique-tour\\\/\"]}]},{\"@type\":\"BreadcrumbList\",\"@id\":\"https:\\\/\\\/whatthefrance.org\\\/fr\\\/zaz-suite-mondiale-pour-organique-tour\\\/#breadcrumb\",\"itemListElement\":[{\"@type\":\"ListItem\",\"position\":1,\"name\":\"Home\",\"item\":\"https:\\\/\\\/whatthefrance.org\\\/fr\\\/\"},{\"@type\":\"ListItem\",\"position\":2,\"name\":\"ZAZ | Suite mondiale pour &#8220;Organique Tour&#8221;\"}]},{\"@type\":\"WebSite\",\"@id\":\"https:\\\/\\\/whatthefrance.org\\\/fr\\\/#website\",\"url\":\"https:\\\/\\\/whatthefrance.org\\\/fr\\\/\",\"name\":\"What the France\",\"description\":\"The finest music made in France !\",\"publisher\":{\"@id\":\"https:\\\/\\\/whatthefrance.org\\\/fr\\\/#organization\"},\"potentialAction\":[{\"@type\":\"SearchAction\",\"target\":{\"@type\":\"EntryPoint\",\"urlTemplate\":\"https:\\\/\\\/whatthefrance.org\\\/fr\\\/?s={search_term_string}\"},\"query-input\":{\"@type\":\"PropertyValueSpecification\",\"valueRequired\":true,\"valueName\":\"search_term_string\"}}],\"inLanguage\":\"fr-FR\"},{\"@type\":\"Organization\",\"@id\":\"https:\\\/\\\/whatthefrance.org\\\/fr\\\/#organization\",\"name\":\"What The France\",\"url\":\"https:\\\/\\\/whatthefrance.org\\\/fr\\\/\",\"logo\":{\"@type\":\"ImageObject\",\"inLanguage\":\"fr-FR\",\"@id\":\"https:\\\/\\\/whatthefrance.org\\\/fr\\\/#\\\/schema\\\/logo\\\/image\\\/\",\"url\":\"https:\\\/\\\/whatthefrance.org\\\/wp-content\\\/uploads\\\/2019\\\/12\\\/44688719_2251580388408837_694180218134331392_n-e1577679609190.png\",\"contentUrl\":\"https:\\\/\\\/whatthefrance.org\\\/wp-content\\\/uploads\\\/2019\\\/12\\\/44688719_2251580388408837_694180218134331392_n-e1577679609190.png\",\"width\":200,\"height\":200,\"caption\":\"What The France\"},\"image\":{\"@id\":\"https:\\\/\\\/whatthefrance.org\\\/fr\\\/#\\\/schema\\\/logo\\\/image\\\/\"}},{\"@type\":\"Person\",\"@id\":\"https:\\\/\\\/whatthefrance.org\\\/fr\\\/#\\\/schema\\\/person\\\/3b7ea6fb70b536503b3e8c909c564a81\",\"name\":\"Marie-Sophie Administrateur\",\"image\":{\"@type\":\"ImageObject\",\"inLanguage\":\"fr-FR\",\"@id\":\"https:\\\/\\\/secure.gravatar.com\\\/avatar\\\/d57e4552c73c8713409cd3c2de53bdb5d220ebdd76dc7ba351b2dbae89f5afa9?s=96&d=mm&r=g\",\"url\":\"https:\\\/\\\/secure.gravatar.com\\\/avatar\\\/d57e4552c73c8713409cd3c2de53bdb5d220ebdd76dc7ba351b2dbae89f5afa9?s=96&d=mm&r=g\",\"contentUrl\":\"https:\\\/\\\/secure.gravatar.com\\\/avatar\\\/d57e4552c73c8713409cd3c2de53bdb5d220ebdd76dc7ba351b2dbae89f5afa9?s=96&d=mm&r=g\",\"caption\":\"Marie-Sophie Administrateur\"}}]}<\/script>\n<!-- \/ Yoast SEO plugin. -->","yoast_head_json":{"title":"ZAZ | Suite mondiale pour \"Organique Tour\" - What the France","robots":{"index":"index","follow":"follow","max-snippet":"max-snippet:-1","max-image-preview":"max-image-preview:large","max-video-preview":"max-video-preview:-1"},"canonical":"https:\/\/whatthefrance.org\/fr\/zaz-suite-mondiale-pour-organique-tour\/","og_locale":"fr_FR","og_type":"article","og_title":"ZAZ | Suite mondiale pour \"Organique Tour\" - What the France","og_description":"A ses d\u00e9buts, la voix d&rsquo;Isabelle Geoffroy est compar\u00e9e \u00e0 celle d&rsquo;Edith Piaf\u00a0ou d&rsquo;Ella Fitzgerald, jusqu&rsquo;\u00e0 ce qu&rsquo;elle trouve son propre style et se rebaptise\u00a0Zaz. Apr\u00e8s quatre albums \u00e0 succ\u00e8s, Zaz, d\u00e9crite par la presse comme une artiste dont les chansons sont un hymne \u00e0 la libert\u00e9 et \u00e0 l&rsquo;\u00e9galit\u00e9, d\u00e9cide de s&rsquo;\u00e9loigner de la [&hellip;]","og_url":"https:\/\/whatthefrance.org\/fr\/zaz-suite-mondiale-pour-organique-tour\/","og_site_name":"What the France","article_published_time":"2023-04-03T09:39:10+00:00","og_image":[{"url":"https:\/\/whatthefrance.org\/wp-content\/uploads\/2023\/03\/zaz_what_the_france_cover.jpg","height":560,"width":1172,"type":""}],"author":"Marie-Sophie Administrateur","twitter_card":"summary_large_image","twitter_misc":{"\u00c9crit par":"Marie-Sophie Administrateur","Dur\u00e9e de lecture estim\u00e9e":"1 minute"},"schema":{"@context":"https:\/\/schema.org","@graph":[{"@type":"Article","@id":"https:\/\/whatthefrance.org\/fr\/zaz-suite-mondiale-pour-organique-tour\/#article","isPartOf":{"@id":"https:\/\/whatthefrance.org\/fr\/zaz-suite-mondiale-pour-organique-tour\/"},"author":{"name":"Marie-Sophie Administrateur","@id":"https:\/\/whatthefrance.org\/fr\/#\/schema\/person\/3b7ea6fb70b536503b3e8c909c564a81"},"headline":"ZAZ | Suite mondiale pour \u00ab\u00a0Organique Tour\u00a0\u00bb","datePublished":"2023-04-03T09:39:10+00:00","mainEntityOfPage":{"@id":"https:\/\/whatthefrance.org\/fr\/zaz-suite-mondiale-pour-organique-tour\/"},"wordCount":246,"publisher":{"@id":"https:\/\/whatthefrance.org\/fr\/#organization"},"keywords":["Chanson"],"articleSection":["Event"],"inLanguage":"fr-FR"},{"@type":"WebPage","@id":"https:\/\/whatthefrance.org\/fr\/zaz-suite-mondiale-pour-organique-tour\/","url":"https:\/\/whatthefrance.org\/fr\/zaz-suite-mondiale-pour-organique-tour\/","name":"ZAZ | Suite mondiale pour \"Organique Tour\" - What the France","isPartOf":{"@id":"https:\/\/whatthefrance.org\/fr\/#website"},"datePublished":"2023-04-03T09:39:10+00:00","breadcrumb":{"@id":"https:\/\/whatthefrance.org\/fr\/zaz-suite-mondiale-pour-organique-tour\/#breadcrumb"},"inLanguage":"fr-FR","potentialAction":[{"@type":"ReadAction","target":["https:\/\/whatthefrance.org\/fr\/zaz-suite-mondiale-pour-organique-tour\/"]}]},{"@type":"BreadcrumbList","@id":"https:\/\/whatthefrance.org\/fr\/zaz-suite-mondiale-pour-organique-tour\/#breadcrumb","itemListElement":[{"@type":"ListItem","position":1,"name":"Home","item":"https:\/\/whatthefrance.org\/fr\/"},{"@type":"ListItem","position":2,"name":"ZAZ | Suite mondiale pour &#8220;Organique Tour&#8221;"}]},{"@type":"WebSite","@id":"https:\/\/whatthefrance.org\/fr\/#website","url":"https:\/\/whatthefrance.org\/fr\/","name":"What the France","description":"The finest music made in France !","publisher":{"@id":"https:\/\/whatthefrance.org\/fr\/#organization"},"potentialAction":[{"@type":"SearchAction","target":{"@type":"EntryPoint","urlTemplate":"https:\/\/whatthefrance.org\/fr\/?s={search_term_string}"},"query-input":{"@type":"PropertyValueSpecification","valueRequired":true,"valueName":"search_term_string"}}],"inLanguage":"fr-FR"},{"@type":"Organization","@id":"https:\/\/whatthefrance.org\/fr\/#organization","name":"What The France","url":"https:\/\/whatthefrance.org\/fr\/","logo":{"@type":"ImageObject","inLanguage":"fr-FR","@id":"https:\/\/whatthefrance.org\/fr\/#\/schema\/logo\/image\/","url":"https:\/\/whatthefrance.org\/wp-content\/uploads\/2019\/12\/44688719_2251580388408837_694180218134331392_n-e1577679609190.png","contentUrl":"https:\/\/whatthefrance.org\/wp-content\/uploads\/2019\/12\/44688719_2251580388408837_694180218134331392_n-e1577679609190.png","width":200,"height":200,"caption":"What The France"},"image":{"@id":"https:\/\/whatthefrance.org\/fr\/#\/schema\/logo\/image\/"}},{"@type":"Person","@id":"https:\/\/whatthefrance.org\/fr\/#\/schema\/person\/3b7ea6fb70b536503b3e8c909c564a81","name":"Marie-Sophie Administrateur","image":{"@type":"ImageObject","inLanguage":"fr-FR","@id":"https:\/\/secure.gravatar.com\/avatar\/d57e4552c73c8713409cd3c2de53bdb5d220ebdd76dc7ba351b2dbae89f5afa9?s=96&d=mm&r=g","url":"https:\/\/secure.gravatar.com\/avatar\/d57e4552c73c8713409cd3c2de53bdb5d220ebdd76dc7ba351b2dbae89f5afa9?s=96&d=mm&r=g","contentUrl":"https:\/\/secure.gravatar.com\/avatar\/d57e4552c73c8713409cd3c2de53bdb5d220ebdd76dc7ba351b2dbae89f5afa9?s=96&d=mm&r=g","caption":"Marie-Sophie Administrateur"}}]}},"_links":{"self":[{"href":"https:\/\/whatthefrance.org\/fr\/wp-json\/wp\/v2\/posts\/54183","targetHints":{"allow":["GET"]}}],"collection":[{"href":"https:\/\/whatthefrance.org\/fr\/wp-json\/wp\/v2\/posts"}],"about":[{"href":"https:\/\/whatthefrance.org\/fr\/wp-json\/wp\/v2\/types\/post"}],"author":[{"embeddable":true,"href":"https:\/\/whatthefrance.org\/fr\/wp-json\/wp\/v2\/users\/6"}],"replies":[{"embeddable":true,"href":"https:\/\/whatthefrance.org\/fr\/wp-json\/wp\/v2\/comments?post=54183"}],"version-history":[{"count":2,"href":"https:\/\/whatthefrance.org\/fr\/wp-json\/wp\/v2\/posts\/54183\/revisions"}],"predecessor-version":[{"id":54222,"href":"https:\/\/whatthefrance.org\/fr\/wp-json\/wp\/v2\/posts\/54183\/revisions\/54222"}],"wp:attachment":[{"href":"https:\/\/whatthefrance.org\/fr\/wp-json\/wp\/v2\/media?parent=54183"}],"wp:term":[{"taxonomy":"category","embeddable":true,"href":"https:\/\/whatthefrance.org\/fr\/wp-json\/wp\/v2\/categories?post=54183"},{"taxonomy":"post_tag","embeddable":true,"href":"https:\/\/whatthefrance.org\/fr\/wp-json\/wp\/v2\/tags?post=54183"}],"curies":[{"name":"wp","href":"https:\/\/api.w.org\/{rel}","templated":true}]}}