{"id":57954,"date":"2023-06-29T10:00:34","date_gmt":"2023-06-29T08:00:34","guid":{"rendered":"https:\/\/whatthefrance.org\/?p=57954"},"modified":"2023-06-26T11:32:13","modified_gmt":"2023-06-26T09:32:13","slug":"ben-howard-un-nouvel-album-et-une-tournee-internationale","status":"publish","type":"post","link":"https:\/\/whatthefrance.org\/fr\/ben-howard-un-nouvel-album-et-une-tournee-internationale\/","title":{"rendered":"Ben Howard | Un nouvel album et une tourn\u00e9e internationale !"},"content":{"rendered":"<p>Le 16 juin dernier, l\u2019artiste anglais <strong><a href=\"https:\/\/www.instagram.com\/benhoward_\/\">Ben Howard<\/a> <\/strong>nous pr\u00e9sentait son album <strong><em>Is It <\/em><em>?<\/em> <\/strong>paru sur le label fran\u00e7ais <u>t\u00f4t <\/u><u>Ou tard<\/u>. Actuellement en concert en Angleterre pour porter son album, avant de jouer au d\u00e9but du mois prochain \u00e0 la Philharmonie de Paris, Ben Howard poursuit sa tourn\u00e9e sur le continent <strong>Europ\u00e9en<\/strong> et <strong>Nord Am\u00e9ricain<\/strong>.<\/p>\n<p><img decoding=\"async\" class=\"aligncenter wp-image-58051\" src=\"https:\/\/whatthefrance.org\/wp-content\/uploads\/2023\/06\/is-it-what-the-france-300x300.jpg\" alt=\"L'album Ben Howard, lanc\u00e9 avant la tourn\u00e9e de Ben Howard\" width=\"259\" height=\"259\" srcset=\"https:\/\/whatthefrance.org\/wp-content\/uploads\/2023\/06\/is-it-what-the-france-300x300.jpg 300w, https:\/\/whatthefrance.org\/wp-content\/uploads\/2023\/06\/is-it-what-the-france-1024x1024.jpg 1024w, https:\/\/whatthefrance.org\/wp-content\/uploads\/2023\/06\/is-it-what-the-france-150x150.jpg 150w, https:\/\/whatthefrance.org\/wp-content\/uploads\/2023\/06\/is-it-what-the-france-768x768.jpg 768w, https:\/\/whatthefrance.org\/wp-content\/uploads\/2023\/06\/is-it-what-the-france-452x452.jpg 452w, https:\/\/whatthefrance.org\/wp-content\/uploads\/2023\/06\/is-it-what-the-france-348x348.jpg 348w, https:\/\/whatthefrance.org\/wp-content\/uploads\/2023\/06\/is-it-what-the-france-254x254.jpg 254w, https:\/\/whatthefrance.org\/wp-content\/uploads\/2023\/06\/is-it-what-the-france-170x170.jpg 170w, https:\/\/whatthefrance.org\/wp-content\/uploads\/2023\/06\/is-it-what-the-france.jpg 1500w\" sizes=\"(max-width: 259px) 100vw, 259px\" \/><\/p>\n<p style=\"text-align: center;\">L&rsquo;album Is It ?, paru en juin 2023<\/p>\n<p>Il aura fallu dix jours pour enregistrer les dix titres qui composent ce nouvel opus. Apr\u00e8s avoir souffert de deux mini accidents vasculaires c\u00e9r\u00e9braux (AVC), il est retourn\u00e9 s\u2019enfermer dans le studio fran\u00e7ais Le Manoir de L\u00e9on pour enregistrer ce nouveau projet, qui se situe dans la lign\u00e9e de son pr\u00e9c\u00e9dent disque<a href=\"https:\/\/whatthefrance.org\/fr\/ben-howard-nouvel-album-collections-from-the-whiteout\/\"><strong><em> Collection<\/em><em>s<\/em><em> from the Whiteout<\/em><\/strong><\/a>, paru deux ann\u00e9es auparavant.<\/p>\n<p>Initialement orient\u00e9 dans un esprit plus <strong>folk<\/strong> \u00e0 l\u2019image de l\u2019album <strong><em>Every Kingdom <\/em><\/strong>de 2011 (qui a permis \u00e0 Ben Howard d\u2019\u00eatre laur\u00e9at dans les cat\u00e9gories \u00ab\u00a0Artiste masculin\u00a0\u00bb et\u00a0\u00ab\u00a0<em>R\u00e9v\u00e9lation<\/em>\u00a0de l\u2019ann\u00e9e\u00a0\u00bb aux Brit Awards de 2013), le projet s\u2019est profond\u00e9ment transform\u00e9 en cours de route. Compar\u00e9 \u00e0 son premier E.P de 2008, <strong><em>Games in the dark<\/em><\/strong><em>,<\/em> qui sonne presque comme du Radiohead, ou aux voix vibrantes de son second E.P sorti l\u2019ann\u00e9e suivante, <strong><em>These Waters<\/em><\/strong>, le dernier album de Ben Howard r\u00e9sonne comme une <strong>rupture avec son style initial<\/strong>.<\/p>\n<h2 class=\"LC20lb MBeuO DKV0Md\">\u00c7a sonne comment le dernier album de Ben Howard ?<\/h2>\n<p>Davantage <strong>\u00e9lectrique<\/strong> et <strong>\u00e9lectronique<\/strong>, gr\u00e2ce \u00e0 un s\u00e9rieux travail en termes d\u2019\u00e9chantillonnage et de rythmiques, <strong><em>It Is<\/em><em>?<\/em><\/strong> s\u2019impose comme l\u2019album cl\u00e9 de l\u2019artiste, connu pour ne jamais se r\u00e9p\u00e9ter. Avec une multitude d\u2019histoires \u00e0 raconter en l\u2019espace de <strong>dix titres<\/strong>, il aborde l\u2019enfance, la m\u00e9ditation ou les souvenirs, pour cet <strong>album mosa\u00efque<\/strong> sur lequel il a eu recours \u00e0 plusieurs instruments originaux, comme <strong>l\u2019harmonium<\/strong> par exemple.<\/p>\n<p>Accompagn\u00e9 de sa pr\u00e9cieuse formation musicale, Ben Howard donnera dans les mois \u00e0 venir une quarantaine de concerts en tourn\u00e9e un peu partout \u00e0 l\u2019international pour porter son album ! Nous vous invitons \u00e0 le retrouver dans notre playlist \u00ab Pop the Champagne \u00bb.<\/p>\n<div class=\"playListBloc singleBloc\"><div class=\"playListBloc-wrap\">    <div class=\"thumbnail\"><img data-src=\"https:\/\/whatthefrance.org\/wp-content\/uploads\/2018\/11\/TEMPLATE-POCHETTE-GENRE-pop-Louane-254x254.jpg\" class=\"lazyload\" alt=\"TEMPLATE POCHETTE GENRE &#8211; pop &#8211; Louane\" \/>    <\/div>    <div class=\"infos\">        <span class=\"tag\">Genres<\/span>        <h2>Pop The Champagne<\/h2>        <span class=\"separator\"><\/span>       <span class=\"desc\">Listen to the latest pop music hits made in France.<\/span><div class=\"share flex flexAlignCenter \">\t<span class=\"label\">Partager<\/span>\t<a href=\"https:\/\/www.facebook.com\/sharer\/sharer.php?u=https:\/\/whatthefrance.org\/fr\/playlists\/pop-the-champagne\/\" class=\"facebook\" target=\"_blank\" rel=\"noreferrer\">Facebook<\/a>\t<a href=\"https:\/\/twitter.com\/intent\/tweet?url=https:\/\/whatthefrance.org\/fr\/playlists\/pop-the-champagne\/&text=Pop+The+Champagne&hashtags=WTF\" class=\"twitter\" target=\"_blank\" rel=\"noreferrer\">Twitter<\/a>\t<a href=\"mailto:?subject=What%20the%20France%20%3A%20Pop%20The%20Champagne&body=https:\/\/whatthefrance.org\/fr\/playlists\/pop-the-champagne\/\" class=\"mail\" target=\"_blank\" rel=\"noreferrer\">Email<\/a><\/div>        <a href=\"#\" class=\"btn btnPlaylist orange playlist-click\" data-id=\"910\">            <svg version=\"1.1\" x=\"0px\" y=\"0px\" width=\"40px\" height=\"40px\" viewBox=\"0 0 213.7 213.7\" enable-background=\"new 0 0 213.7 213.7\" xml:space=\"preserve\">                <polygon class=\"triangle\" fill=\"none\" stroke-width=\"10\" stroke-linecap=\"round\" stroke-linejoin=\"round\" stroke-miterlimit=\"10\" points=\"\n            73.5,62.5 148.5,105.8 73.5,149.1 \"\/>                <circle class=\"circle\" fill=\"none\"  stroke-width=\"8\" stroke-linecap=\"round\" stroke-linejoin=\"round\" stroke-miterlimit=\"10\" cx=\"106.8\" cy=\"106.8\" r=\"103.3\"\/>                <circle class=\"circle-white\" fill=\"none\"  stroke-width=\"8\" stroke-linecap=\"round\" stroke-linejoin=\"round\" stroke-miterlimit=\"10\" cx=\"106.8\" cy=\"106.8\" r=\"103.3\"\/>            <\/svg>Ecouter        <\/a>    <\/div>  <\/div><\/div>\n","protected":false},"excerpt":{"rendered":"<p>Le 16 juin dernier, l\u2019artiste anglais Ben Howard nous pr\u00e9sentait son album Is It ? paru sur le label fran\u00e7ais t\u00f4t Ou tard. Actuellement en concert en Angleterre pour porter son album, avant de jouer au d\u00e9but du mois prochain \u00e0 la Philharmonie de Paris, Ben Howard poursuit sa tourn\u00e9e sur le continent Europ\u00e9en et [&hellip;]<\/p>\n","protected":false},"author":6,"featured_media":0,"comment_status":"closed","ping_status":"closed","sticky":false,"template":"","format":"standard","meta":{"_acf_changed":false,"footnotes":""},"categories":[213],"tags":[327,3025,353],"class_list":["post-57954","post","type-post","status-publish","format-standard","hentry","category-event-fr","tag-folk-fr","tag-pop-folk-fr","tag-soul-fr"],"acf":[],"yoast_head":"<!-- This site is optimized with the Yoast SEO plugin v27.3 - https:\/\/yoast.com\/product\/yoast-seo-wordpress\/ -->\n<title>Ben Howard | Un nouvel album et une tourn\u00e9e internationale ! -<\/title>\n<meta name=\"description\" content=\"Pour porter son nouvel album, l&#039;artiste Ben Howard poursuit sa tourn\u00e9e en Europe ainsi qu&#039;en Am\u00e9rique du Nord\" \/>\n<meta name=\"robots\" content=\"index, follow, max-snippet:-1, max-image-preview:large, max-video-preview:-1\" \/>\n<link rel=\"canonical\" href=\"https:\/\/whatthefrance.org\/fr\/ben-howard-un-nouvel-album-et-une-tournee-internationale\/\" \/>\n<meta property=\"og:locale\" content=\"fr_FR\" \/>\n<meta property=\"og:type\" content=\"article\" \/>\n<meta property=\"og:title\" content=\"Ben Howard | Un nouvel album et une tourn\u00e9e internationale ! -\" \/>\n<meta property=\"og:description\" content=\"Pour porter son nouvel album, l&#039;artiste Ben Howard poursuit sa tourn\u00e9e en Europe ainsi qu&#039;en Am\u00e9rique du Nord\" \/>\n<meta property=\"og:url\" content=\"https:\/\/whatthefrance.org\/fr\/ben-howard-un-nouvel-album-et-une-tournee-internationale\/\" \/>\n<meta property=\"og:site_name\" content=\"What the France\" \/>\n<meta property=\"article:published_time\" content=\"2023-06-29T08:00:34+00:00\" \/>\n<meta property=\"og:image\" content=\"https:\/\/whatthefrance.org\/wp-content\/uploads\/2023\/06\/tabou1_wordpress_what_the_france-1.png\" \/>\n\t<meta property=\"og:image:width\" content=\"1084\" \/>\n\t<meta property=\"og:image:height\" content=\"452\" \/><meta property=\"og:image\" content=\"https:\/\/whatthefrance.org\/wp-content\/uploads\/2023\/06\/is-it-what-the-france-300x300.jpg\" \/>\n<meta name=\"author\" content=\"Marie-Sophie Administrateur\" \/>\n<meta name=\"twitter:card\" content=\"summary_large_image\" \/>\n<meta name=\"twitter:label1\" content=\"\u00c9crit par\" \/>\n\t<meta name=\"twitter:data1\" content=\"Marie-Sophie Administrateur\" \/>\n\t<meta name=\"twitter:label2\" content=\"Dur\u00e9e de lecture estim\u00e9e\" \/>\n\t<meta name=\"twitter:data2\" content=\"2 minutes\" \/>\n<script type=\"application\/ld+json\" class=\"yoast-schema-graph\">{\"@context\":\"https:\\\/\\\/schema.org\",\"@graph\":[{\"@type\":\"Article\",\"@id\":\"https:\\\/\\\/whatthefrance.org\\\/fr\\\/ben-howard-un-nouvel-album-et-une-tournee-internationale\\\/#article\",\"isPartOf\":{\"@id\":\"https:\\\/\\\/whatthefrance.org\\\/fr\\\/ben-howard-un-nouvel-album-et-une-tournee-internationale\\\/\"},\"author\":{\"name\":\"Marie-Sophie Administrateur\",\"@id\":\"https:\\\/\\\/whatthefrance.org\\\/fr\\\/#\\\/schema\\\/person\\\/3b7ea6fb70b536503b3e8c909c564a81\"},\"headline\":\"Ben Howard | Un nouvel album et une tourn\u00e9e internationale !\",\"datePublished\":\"2023-06-29T08:00:34+00:00\",\"mainEntityOfPage\":{\"@id\":\"https:\\\/\\\/whatthefrance.org\\\/fr\\\/ben-howard-un-nouvel-album-et-une-tournee-internationale\\\/\"},\"wordCount\":379,\"publisher\":{\"@id\":\"https:\\\/\\\/whatthefrance.org\\\/fr\\\/#organization\"},\"image\":{\"@id\":\"https:\\\/\\\/whatthefrance.org\\\/fr\\\/ben-howard-un-nouvel-album-et-une-tournee-internationale\\\/#primaryimage\"},\"thumbnailUrl\":\"https:\\\/\\\/whatthefrance.org\\\/wp-content\\\/uploads\\\/2023\\\/06\\\/is-it-what-the-france-300x300.jpg\",\"keywords\":[\"Folk\",\"Pop Folk\",\"Soul\"],\"articleSection\":[\"Event\"],\"inLanguage\":\"fr-FR\"},{\"@type\":\"WebPage\",\"@id\":\"https:\\\/\\\/whatthefrance.org\\\/fr\\\/ben-howard-un-nouvel-album-et-une-tournee-internationale\\\/\",\"url\":\"https:\\\/\\\/whatthefrance.org\\\/fr\\\/ben-howard-un-nouvel-album-et-une-tournee-internationale\\\/\",\"name\":\"Ben Howard | Un nouvel album et une tourn\u00e9e internationale ! -\",\"isPartOf\":{\"@id\":\"https:\\\/\\\/whatthefrance.org\\\/fr\\\/#website\"},\"primaryImageOfPage\":{\"@id\":\"https:\\\/\\\/whatthefrance.org\\\/fr\\\/ben-howard-un-nouvel-album-et-une-tournee-internationale\\\/#primaryimage\"},\"image\":{\"@id\":\"https:\\\/\\\/whatthefrance.org\\\/fr\\\/ben-howard-un-nouvel-album-et-une-tournee-internationale\\\/#primaryimage\"},\"thumbnailUrl\":\"https:\\\/\\\/whatthefrance.org\\\/wp-content\\\/uploads\\\/2023\\\/06\\\/is-it-what-the-france-300x300.jpg\",\"datePublished\":\"2023-06-29T08:00:34+00:00\",\"description\":\"Pour porter son nouvel album, l'artiste Ben Howard poursuit sa tourn\u00e9e en Europe ainsi qu'en Am\u00e9rique du Nord\",\"breadcrumb\":{\"@id\":\"https:\\\/\\\/whatthefrance.org\\\/fr\\\/ben-howard-un-nouvel-album-et-une-tournee-internationale\\\/#breadcrumb\"},\"inLanguage\":\"fr-FR\",\"potentialAction\":[{\"@type\":\"ReadAction\",\"target\":[\"https:\\\/\\\/whatthefrance.org\\\/fr\\\/ben-howard-un-nouvel-album-et-une-tournee-internationale\\\/\"]}]},{\"@type\":\"ImageObject\",\"inLanguage\":\"fr-FR\",\"@id\":\"https:\\\/\\\/whatthefrance.org\\\/fr\\\/ben-howard-un-nouvel-album-et-une-tournee-internationale\\\/#primaryimage\",\"url\":\"https:\\\/\\\/whatthefrance.org\\\/wp-content\\\/uploads\\\/2023\\\/06\\\/is-it-what-the-france-300x300.jpg\",\"contentUrl\":\"https:\\\/\\\/whatthefrance.org\\\/wp-content\\\/uploads\\\/2023\\\/06\\\/is-it-what-the-france-300x300.jpg\"},{\"@type\":\"BreadcrumbList\",\"@id\":\"https:\\\/\\\/whatthefrance.org\\\/fr\\\/ben-howard-un-nouvel-album-et-une-tournee-internationale\\\/#breadcrumb\",\"itemListElement\":[{\"@type\":\"ListItem\",\"position\":1,\"name\":\"Home\",\"item\":\"https:\\\/\\\/whatthefrance.org\\\/fr\\\/\"},{\"@type\":\"ListItem\",\"position\":2,\"name\":\"Ben Howard | Un nouvel album et une tourn\u00e9e internationale !\"}]},{\"@type\":\"WebSite\",\"@id\":\"https:\\\/\\\/whatthefrance.org\\\/fr\\\/#website\",\"url\":\"https:\\\/\\\/whatthefrance.org\\\/fr\\\/\",\"name\":\"What the France\",\"description\":\"The finest music made in France !\",\"publisher\":{\"@id\":\"https:\\\/\\\/whatthefrance.org\\\/fr\\\/#organization\"},\"potentialAction\":[{\"@type\":\"SearchAction\",\"target\":{\"@type\":\"EntryPoint\",\"urlTemplate\":\"https:\\\/\\\/whatthefrance.org\\\/fr\\\/?s={search_term_string}\"},\"query-input\":{\"@type\":\"PropertyValueSpecification\",\"valueRequired\":true,\"valueName\":\"search_term_string\"}}],\"inLanguage\":\"fr-FR\"},{\"@type\":\"Organization\",\"@id\":\"https:\\\/\\\/whatthefrance.org\\\/fr\\\/#organization\",\"name\":\"What The France\",\"url\":\"https:\\\/\\\/whatthefrance.org\\\/fr\\\/\",\"logo\":{\"@type\":\"ImageObject\",\"inLanguage\":\"fr-FR\",\"@id\":\"https:\\\/\\\/whatthefrance.org\\\/fr\\\/#\\\/schema\\\/logo\\\/image\\\/\",\"url\":\"https:\\\/\\\/whatthefrance.org\\\/wp-content\\\/uploads\\\/2019\\\/12\\\/44688719_2251580388408837_694180218134331392_n-e1577679609190.png\",\"contentUrl\":\"https:\\\/\\\/whatthefrance.org\\\/wp-content\\\/uploads\\\/2019\\\/12\\\/44688719_2251580388408837_694180218134331392_n-e1577679609190.png\",\"width\":200,\"height\":200,\"caption\":\"What The France\"},\"image\":{\"@id\":\"https:\\\/\\\/whatthefrance.org\\\/fr\\\/#\\\/schema\\\/logo\\\/image\\\/\"}},{\"@type\":\"Person\",\"@id\":\"https:\\\/\\\/whatthefrance.org\\\/fr\\\/#\\\/schema\\\/person\\\/3b7ea6fb70b536503b3e8c909c564a81\",\"name\":\"Marie-Sophie Administrateur\",\"image\":{\"@type\":\"ImageObject\",\"inLanguage\":\"fr-FR\",\"@id\":\"https:\\\/\\\/secure.gravatar.com\\\/avatar\\\/d57e4552c73c8713409cd3c2de53bdb5d220ebdd76dc7ba351b2dbae89f5afa9?s=96&d=mm&r=g\",\"url\":\"https:\\\/\\\/secure.gravatar.com\\\/avatar\\\/d57e4552c73c8713409cd3c2de53bdb5d220ebdd76dc7ba351b2dbae89f5afa9?s=96&d=mm&r=g\",\"contentUrl\":\"https:\\\/\\\/secure.gravatar.com\\\/avatar\\\/d57e4552c73c8713409cd3c2de53bdb5d220ebdd76dc7ba351b2dbae89f5afa9?s=96&d=mm&r=g\",\"caption\":\"Marie-Sophie Administrateur\"}}]}<\/script>\n<!-- \/ Yoast SEO plugin. -->","yoast_head_json":{"title":"Ben Howard | Un nouvel album et une tourn\u00e9e internationale ! -","description":"Pour porter son nouvel album, l'artiste Ben Howard poursuit sa tourn\u00e9e en Europe ainsi qu'en Am\u00e9rique du Nord","robots":{"index":"index","follow":"follow","max-snippet":"max-snippet:-1","max-image-preview":"max-image-preview:large","max-video-preview":"max-video-preview:-1"},"canonical":"https:\/\/whatthefrance.org\/fr\/ben-howard-un-nouvel-album-et-une-tournee-internationale\/","og_locale":"fr_FR","og_type":"article","og_title":"Ben Howard | Un nouvel album et une tourn\u00e9e internationale ! -","og_description":"Pour porter son nouvel album, l'artiste Ben Howard poursuit sa tourn\u00e9e en Europe ainsi qu'en Am\u00e9rique du Nord","og_url":"https:\/\/whatthefrance.org\/fr\/ben-howard-un-nouvel-album-et-une-tournee-internationale\/","og_site_name":"What the France","article_published_time":"2023-06-29T08:00:34+00:00","og_image":[{"url":"https:\/\/whatthefrance.org\/wp-content\/uploads\/2023\/06\/tabou1_wordpress_what_the_france-1.png","height":452,"width":1084,"type":""},{"url":"https:\/\/whatthefrance.org\/wp-content\/uploads\/2023\/06\/is-it-what-the-france-300x300.jpg","type":"","width":"","height":""}],"author":"Marie-Sophie Administrateur","twitter_card":"summary_large_image","twitter_misc":{"\u00c9crit par":"Marie-Sophie Administrateur","Dur\u00e9e de lecture estim\u00e9e":"2 minutes"},"schema":{"@context":"https:\/\/schema.org","@graph":[{"@type":"Article","@id":"https:\/\/whatthefrance.org\/fr\/ben-howard-un-nouvel-album-et-une-tournee-internationale\/#article","isPartOf":{"@id":"https:\/\/whatthefrance.org\/fr\/ben-howard-un-nouvel-album-et-une-tournee-internationale\/"},"author":{"name":"Marie-Sophie Administrateur","@id":"https:\/\/whatthefrance.org\/fr\/#\/schema\/person\/3b7ea6fb70b536503b3e8c909c564a81"},"headline":"Ben Howard | Un nouvel album et une tourn\u00e9e internationale !","datePublished":"2023-06-29T08:00:34+00:00","mainEntityOfPage":{"@id":"https:\/\/whatthefrance.org\/fr\/ben-howard-un-nouvel-album-et-une-tournee-internationale\/"},"wordCount":379,"publisher":{"@id":"https:\/\/whatthefrance.org\/fr\/#organization"},"image":{"@id":"https:\/\/whatthefrance.org\/fr\/ben-howard-un-nouvel-album-et-une-tournee-internationale\/#primaryimage"},"thumbnailUrl":"https:\/\/whatthefrance.org\/wp-content\/uploads\/2023\/06\/is-it-what-the-france-300x300.jpg","keywords":["Folk","Pop Folk","Soul"],"articleSection":["Event"],"inLanguage":"fr-FR"},{"@type":"WebPage","@id":"https:\/\/whatthefrance.org\/fr\/ben-howard-un-nouvel-album-et-une-tournee-internationale\/","url":"https:\/\/whatthefrance.org\/fr\/ben-howard-un-nouvel-album-et-une-tournee-internationale\/","name":"Ben Howard | Un nouvel album et une tourn\u00e9e internationale ! -","isPartOf":{"@id":"https:\/\/whatthefrance.org\/fr\/#website"},"primaryImageOfPage":{"@id":"https:\/\/whatthefrance.org\/fr\/ben-howard-un-nouvel-album-et-une-tournee-internationale\/#primaryimage"},"image":{"@id":"https:\/\/whatthefrance.org\/fr\/ben-howard-un-nouvel-album-et-une-tournee-internationale\/#primaryimage"},"thumbnailUrl":"https:\/\/whatthefrance.org\/wp-content\/uploads\/2023\/06\/is-it-what-the-france-300x300.jpg","datePublished":"2023-06-29T08:00:34+00:00","description":"Pour porter son nouvel album, l'artiste Ben Howard poursuit sa tourn\u00e9e en Europe ainsi qu'en Am\u00e9rique du Nord","breadcrumb":{"@id":"https:\/\/whatthefrance.org\/fr\/ben-howard-un-nouvel-album-et-une-tournee-internationale\/#breadcrumb"},"inLanguage":"fr-FR","potentialAction":[{"@type":"ReadAction","target":["https:\/\/whatthefrance.org\/fr\/ben-howard-un-nouvel-album-et-une-tournee-internationale\/"]}]},{"@type":"ImageObject","inLanguage":"fr-FR","@id":"https:\/\/whatthefrance.org\/fr\/ben-howard-un-nouvel-album-et-une-tournee-internationale\/#primaryimage","url":"https:\/\/whatthefrance.org\/wp-content\/uploads\/2023\/06\/is-it-what-the-france-300x300.jpg","contentUrl":"https:\/\/whatthefrance.org\/wp-content\/uploads\/2023\/06\/is-it-what-the-france-300x300.jpg"},{"@type":"BreadcrumbList","@id":"https:\/\/whatthefrance.org\/fr\/ben-howard-un-nouvel-album-et-une-tournee-internationale\/#breadcrumb","itemListElement":[{"@type":"ListItem","position":1,"name":"Home","item":"https:\/\/whatthefrance.org\/fr\/"},{"@type":"ListItem","position":2,"name":"Ben Howard | Un nouvel album et une tourn\u00e9e internationale !"}]},{"@type":"WebSite","@id":"https:\/\/whatthefrance.org\/fr\/#website","url":"https:\/\/whatthefrance.org\/fr\/","name":"What the France","description":"The finest music made in France !","publisher":{"@id":"https:\/\/whatthefrance.org\/fr\/#organization"},"potentialAction":[{"@type":"SearchAction","target":{"@type":"EntryPoint","urlTemplate":"https:\/\/whatthefrance.org\/fr\/?s={search_term_string}"},"query-input":{"@type":"PropertyValueSpecification","valueRequired":true,"valueName":"search_term_string"}}],"inLanguage":"fr-FR"},{"@type":"Organization","@id":"https:\/\/whatthefrance.org\/fr\/#organization","name":"What The France","url":"https:\/\/whatthefrance.org\/fr\/","logo":{"@type":"ImageObject","inLanguage":"fr-FR","@id":"https:\/\/whatthefrance.org\/fr\/#\/schema\/logo\/image\/","url":"https:\/\/whatthefrance.org\/wp-content\/uploads\/2019\/12\/44688719_2251580388408837_694180218134331392_n-e1577679609190.png","contentUrl":"https:\/\/whatthefrance.org\/wp-content\/uploads\/2019\/12\/44688719_2251580388408837_694180218134331392_n-e1577679609190.png","width":200,"height":200,"caption":"What The France"},"image":{"@id":"https:\/\/whatthefrance.org\/fr\/#\/schema\/logo\/image\/"}},{"@type":"Person","@id":"https:\/\/whatthefrance.org\/fr\/#\/schema\/person\/3b7ea6fb70b536503b3e8c909c564a81","name":"Marie-Sophie Administrateur","image":{"@type":"ImageObject","inLanguage":"fr-FR","@id":"https:\/\/secure.gravatar.com\/avatar\/d57e4552c73c8713409cd3c2de53bdb5d220ebdd76dc7ba351b2dbae89f5afa9?s=96&d=mm&r=g","url":"https:\/\/secure.gravatar.com\/avatar\/d57e4552c73c8713409cd3c2de53bdb5d220ebdd76dc7ba351b2dbae89f5afa9?s=96&d=mm&r=g","contentUrl":"https:\/\/secure.gravatar.com\/avatar\/d57e4552c73c8713409cd3c2de53bdb5d220ebdd76dc7ba351b2dbae89f5afa9?s=96&d=mm&r=g","caption":"Marie-Sophie Administrateur"}}]}},"_links":{"self":[{"href":"https:\/\/whatthefrance.org\/fr\/wp-json\/wp\/v2\/posts\/57954","targetHints":{"allow":["GET"]}}],"collection":[{"href":"https:\/\/whatthefrance.org\/fr\/wp-json\/wp\/v2\/posts"}],"about":[{"href":"https:\/\/whatthefrance.org\/fr\/wp-json\/wp\/v2\/types\/post"}],"author":[{"embeddable":true,"href":"https:\/\/whatthefrance.org\/fr\/wp-json\/wp\/v2\/users\/6"}],"replies":[{"embeddable":true,"href":"https:\/\/whatthefrance.org\/fr\/wp-json\/wp\/v2\/comments?post=57954"}],"version-history":[{"count":3,"href":"https:\/\/whatthefrance.org\/fr\/wp-json\/wp\/v2\/posts\/57954\/revisions"}],"predecessor-version":[{"id":58066,"href":"https:\/\/whatthefrance.org\/fr\/wp-json\/wp\/v2\/posts\/57954\/revisions\/58066"}],"wp:attachment":[{"href":"https:\/\/whatthefrance.org\/fr\/wp-json\/wp\/v2\/media?parent=57954"}],"wp:term":[{"taxonomy":"category","embeddable":true,"href":"https:\/\/whatthefrance.org\/fr\/wp-json\/wp\/v2\/categories?post=57954"},{"taxonomy":"post_tag","embeddable":true,"href":"https:\/\/whatthefrance.org\/fr\/wp-json\/wp\/v2\/tags?post=57954"}],"curies":[{"name":"wp","href":"https:\/\/api.w.org\/{rel}","templated":true}]}}