{"id":58368,"date":"2023-07-06T10:04:19","date_gmt":"2023-07-06T08:04:19","guid":{"rendered":"https:\/\/whatthefrance.org\/?p=58368"},"modified":"2023-07-21T12:04:30","modified_gmt":"2023-07-21T10:04:30","slug":"charlotte-cardin-un-nouvel-album-en-vue-et-une-tournee-internationale","status":"publish","type":"post","link":"https:\/\/whatthefrance.org\/fr\/charlotte-cardin-un-nouvel-album-en-vue-et-une-tournee-internationale\/","title":{"rendered":"Charlotte Cardin | Un nouvel album en vue et une tourn\u00e9e internationale !"},"content":{"rendered":"<p><span style=\"font-weight: 400;\"><a href=\"https:\/\/www.instagram.com\/charlottecardin\/\">Charlotte Cardin<\/a> a fait comprendre sur ses r\u00e9seaux sociaux qu\u2019un <strong>nouvel album<\/strong> allait sortir. Elle l&rsquo;a officialis\u00e9 la nouvelle en juin dernier avec la publication de la pochette de ce projet, baptis\u00e9<\/span><strong><i> 99 Nights<\/i><\/strong><span style=\"font-weight: 400;\">. En attendant sa sortie, annonc\u00e9e pour le <strong>25 ao\u00fbt sur le label Parlophone \/ Warner Music France<\/strong>, l\u2019artiste vient de d\u00e9voiler les dates de sa grande tourn\u00e9e mondiale avec de nombreux concerts en Am\u00e9rique du Nord et en Europe.<\/span><\/p>\n<p><img decoding=\"async\" class=\"size-medium wp-image-58369 aligncenter\" src=\"https:\/\/whatthefrance.org\/wp-content\/uploads\/2023\/07\/charlottecardintournee-what-the-france-300x300.png\" alt=\"La tourn\u00e9e de Charlotte Cardin\" width=\"300\" height=\"300\" srcset=\"https:\/\/whatthefrance.org\/wp-content\/uploads\/2023\/07\/charlottecardintournee-what-the-france-300x300.png 300w, https:\/\/whatthefrance.org\/wp-content\/uploads\/2023\/07\/charlottecardintournee-what-the-france-1024x1024.png 1024w, https:\/\/whatthefrance.org\/wp-content\/uploads\/2023\/07\/charlottecardintournee-what-the-france-150x150.png 150w, https:\/\/whatthefrance.org\/wp-content\/uploads\/2023\/07\/charlottecardintournee-what-the-france-768x768.png 768w, https:\/\/whatthefrance.org\/wp-content\/uploads\/2023\/07\/charlottecardintournee-what-the-france-452x452.png 452w, https:\/\/whatthefrance.org\/wp-content\/uploads\/2023\/07\/charlottecardintournee-what-the-france-348x348.png 348w, https:\/\/whatthefrance.org\/wp-content\/uploads\/2023\/07\/charlottecardintournee-what-the-france-254x254.png 254w, https:\/\/whatthefrance.org\/wp-content\/uploads\/2023\/07\/charlottecardintournee-what-the-france-170x170.png 170w, https:\/\/whatthefrance.org\/wp-content\/uploads\/2023\/07\/charlottecardintournee-what-the-france.png 1084w\" sizes=\"(max-width: 300px) 100vw, 300px\" \/><\/p>\n<h2>Le style de Charlotte Cardin<\/h2>\n<p><span style=\"font-weight: 400;\">Originaire de Montr\u00e9al et d\u00e9sormais bas\u00e9e \u00e0 Paris depuis quelques ann\u00e9es, la chanteuse devra encore patienter cinquante nuits avant de nous pr\u00e9senter son <strong>nouvel opus<\/strong>. Fruit des productions nocturnes d\u2019un \u201c<strong>\u00e9t\u00e9 sans sommeil<\/strong>\u201d, ce \u201c<strong>chaos cr\u00e9atif<\/strong>\u201d qu\u2019elle a v\u00e9cu promet d\u2019\u00eatre une fois de plus un <strong>disque tr\u00e8s personnel et authentique<\/strong>. Influenc\u00e9e par la <strong>country<\/strong> et le <strong>rock<\/strong> pendant la composition de l\u2019album, Charlotte Cardin s\u2019est pour l\u2019occasion tourn\u00e9e vers une <strong>pop plus ind\u00e9pendante<\/strong>, \u00e0 nouveau empreinte de soul et de R\u2019n\u2019B.<\/span><\/p>\n<p><iframe loading=\"lazy\" title=\"Charlotte Cardin - Confetti [Official Lyric Video]\" width=\"500\" height=\"375\" src=\"https:\/\/www.youtube.com\/embed\/3pKfuNBMQW8?feature=oembed\" frameborder=\"0\" allow=\"accelerometer; autoplay; clipboard-write; encrypted-media; gyroscope; picture-in-picture; web-share\" referrerpolicy=\"strict-origin-when-cross-origin\" allowfullscreen><\/iframe><\/p>\n<p><span style=\"font-weight: 400;\">Apr\u00e8s ses premiers E.Ps, <\/span><i><span style=\"font-weight: 400;\">BigBoy <\/span><\/i><span style=\"font-weight: 400;\">(2016) et <\/span><i><span style=\"font-weight: 400;\">Main Girl<\/span><\/i><span style=\"font-weight: 400;\"> (2017), elle a livr\u00e9 de nombreux singles, avant de faire paraitre son premier <strong>album<\/strong>, <strong><em>Phoenix<\/em><\/strong>, en 2021. Ce disque a \u00e9t\u00e9 acclam\u00e9 par la critique et r\u00e9compens\u00e9 par plusieurs prix dans diff\u00e9rentes cat\u00e9gories lors de la c\u00e9r\u00e9monie des <strong>JUNO Awards<\/strong> (r\u00e9compenses musicales canadiennes) de 2022 :\u00a0<\/span><\/p>\n<p><span style=\"font-weight: 400;\">\u201cChanson de l\u2019ann\u00e9e\u201d avec \u201cMeaningless\u201d<br \/>\n<\/span><span style=\"font-weight: 400;\">\u201cAlbum de l\u2019ann\u00e9e\u201d avec <\/span><i><span style=\"font-weight: 400;\">Phoenix<br \/>\n<\/span><\/i><span style=\"font-weight: 400;\">\u201cAlbum Pop de l\u2019ann\u00e9e\u201d avec <\/span><i><span style=\"font-weight: 400;\">Phoenix<br \/>\n<\/span><\/i><span style=\"font-weight: 400;\">\u201cArtiste de l\u2019ann\u00e9e\u201d<\/span><\/p>\n<h2>La tourn\u00e9e de Charlotte Cardin<\/h2>\n<p><span style=\"font-weight: 400;\">Influenc\u00e9e par <strong>RadioHead<\/strong>, Taylor Swift, <strong>Elton John<\/strong> (qui ne tarit pas d\u2019\u00e9loges sur son excellente mani\u00e8re de composer et qui l\u2019a ajout\u00e9 \u00e0 sa playlist \u00ab Coups de C\u0153urs \u00bb sur Spotify) ou encore David Bowie et <strong>Kate Bush<\/strong>, la venue de Charlotte Cardin est des plus attendues pdans les <strong>festival europ\u00e9ens et am\u00e9ricains<\/strong>. Ouvrant sa tourn\u00e9e avec un concert lors du FNAC Live de Paris le 29 juin, suivi d\u2019une apparition d\u00e8s le lendemain au <strong>Festival de Jazz de Montreux<\/strong>, on retiendra aussi le prochain passage de Charlotte Cardin \u00e0 l\u2019Ottawa BluesFest qui aura lieu le <strong>14 juillet prochain<\/strong>. Il faudra ensuite attendre jusqu\u2019en janvier 2024 pour la retrouver en France apr\u00e8s 40 dates \u00e0 l&rsquo;international en <strong>Angleterre<\/strong>, aux <strong>Etats-Unis<\/strong>, en <strong>Belgique<\/strong> ou encore en <strong>Allemagne<\/strong> !<\/span><span style=\"font-weight: 400;\"><br \/>\n<\/span><span style=\"font-weight: 400;\"><br \/>\n<\/span><span style=\"font-weight: 400;\">En attendant la sortie de son album, nous vous invitons \u00e0 la retrouver dans <a href=\"https:\/\/whatthefrance.org\/fr\/playlists\/\"><strong>notre playlist<\/strong><\/a> \u00ab Pop the Champagne \u00bb.<br \/>\n<div class=\"playListBloc singleBloc\"><div class=\"playListBloc-wrap\">    <div class=\"thumbnail\"><img data-src=\"https:\/\/whatthefrance.org\/wp-content\/uploads\/2018\/11\/TEMPLATE-POCHETTE-GENRE-pop-Louane-254x254.jpg\" class=\"lazyload\" alt=\"TEMPLATE POCHETTE GENRE &#8211; pop &#8211; Louane\" \/>    <\/div>    <div class=\"infos\">        <span class=\"tag\">Genres<\/span>        <h2>Pop The Champagne<\/h2>        <span class=\"separator\"><\/span>       <span class=\"desc\">Listen to the latest pop music hits made in France.<\/span><div class=\"share flex flexAlignCenter \">\t<span class=\"label\">Partager<\/span>\t<a href=\"https:\/\/www.facebook.com\/sharer\/sharer.php?u=https:\/\/whatthefrance.org\/fr\/playlists\/pop-the-champagne\/\" class=\"facebook\" target=\"_blank\" rel=\"noreferrer\">Facebook<\/a>\t<a href=\"https:\/\/twitter.com\/intent\/tweet?url=https:\/\/whatthefrance.org\/fr\/playlists\/pop-the-champagne\/&text=Pop+The+Champagne&hashtags=WTF\" class=\"twitter\" target=\"_blank\" rel=\"noreferrer\">Twitter<\/a>\t<a href=\"mailto:?subject=What%20the%20France%20%3A%20Pop%20The%20Champagne&body=https:\/\/whatthefrance.org\/fr\/playlists\/pop-the-champagne\/\" class=\"mail\" target=\"_blank\" rel=\"noreferrer\">Email<\/a><\/div>        <a href=\"#\" class=\"btn btnPlaylist orange playlist-click\" data-id=\"910\">            <svg version=\"1.1\" x=\"0px\" y=\"0px\" width=\"40px\" height=\"40px\" viewBox=\"0 0 213.7 213.7\" enable-background=\"new 0 0 213.7 213.7\" xml:space=\"preserve\">                <polygon class=\"triangle\" fill=\"none\" stroke-width=\"10\" stroke-linecap=\"round\" stroke-linejoin=\"round\" stroke-miterlimit=\"10\" points=\"\n            73.5,62.5 148.5,105.8 73.5,149.1 \"\/>                <circle class=\"circle\" fill=\"none\"  stroke-width=\"8\" stroke-linecap=\"round\" stroke-linejoin=\"round\" stroke-miterlimit=\"10\" cx=\"106.8\" cy=\"106.8\" r=\"103.3\"\/>                <circle class=\"circle-white\" fill=\"none\"  stroke-width=\"8\" stroke-linecap=\"round\" stroke-linejoin=\"round\" stroke-miterlimit=\"10\" cx=\"106.8\" cy=\"106.8\" r=\"103.3\"\/>            <\/svg>Ecouter        <\/a>    <\/div>  <\/div><\/div><br \/>\n<\/span><\/p>\n","protected":false},"excerpt":{"rendered":"<p>Charlotte Cardin a fait comprendre sur ses r\u00e9seaux sociaux qu\u2019un nouvel album allait sortir. Elle l&rsquo;a officialis\u00e9 la nouvelle en juin dernier avec la publication de la pochette de ce projet, baptis\u00e9 99 Nights. En attendant sa sortie, annonc\u00e9e pour le 25 ao\u00fbt sur le label Parlophone \/ Warner Music France, l\u2019artiste vient de d\u00e9voiler [&hellip;]<\/p>\n","protected":false},"author":6,"featured_media":0,"comment_status":"closed","ping_status":"closed","sticky":false,"template":"","format":"standard","meta":{"_acf_changed":false,"footnotes":""},"categories":[213],"tags":[340,344,353],"class_list":["post-58368","post","type-post","status-publish","format-standard","hentry","category-event-fr","tag-pop-fr","tag-rnb-fr","tag-soul-fr"],"acf":[],"yoast_head":"<!-- This site is optimized with the Yoast SEO plugin v27.3 - https:\/\/yoast.com\/product\/yoast-seo-wordpress\/ -->\n<title>Charlotte Cardin | Un nouvel album en vue et une tourn\u00e9e internationale ! -<\/title>\n<meta name=\"description\" content=\"En attendant la sortie de son prochain album 99 Nights, Charlotte Cardin se lance dans une grande tourn\u00e9e en Am\u00e9rique du Nord et en Europe.\" \/>\n<meta name=\"robots\" content=\"index, follow, max-snippet:-1, max-image-preview:large, max-video-preview:-1\" \/>\n<link rel=\"canonical\" href=\"https:\/\/whatthefrance.org\/fr\/charlotte-cardin-un-nouvel-album-en-vue-et-une-tournee-internationale\/\" \/>\n<meta property=\"og:locale\" content=\"fr_FR\" \/>\n<meta property=\"og:type\" content=\"article\" \/>\n<meta property=\"og:title\" content=\"Charlotte Cardin | Un nouvel album en vue et une tourn\u00e9e internationale ! -\" \/>\n<meta property=\"og:description\" content=\"En attendant la sortie de son prochain album 99 Nights, Charlotte Cardin se lance dans une grande tourn\u00e9e en Am\u00e9rique du Nord et en Europe.\" \/>\n<meta property=\"og:url\" content=\"https:\/\/whatthefrance.org\/fr\/charlotte-cardin-un-nouvel-album-en-vue-et-une-tournee-internationale\/\" \/>\n<meta property=\"og:site_name\" content=\"What the France\" \/>\n<meta property=\"article:published_time\" content=\"2023-07-06T08:04:19+00:00\" \/>\n<meta property=\"article:modified_time\" content=\"2023-07-21T10:04:30+00:00\" \/>\n<meta property=\"og:image\" content=\"https:\/\/whatthefrance.org\/wp-content\/uploads\/2023\/07\/charlottecardin_wordpress_what_the_france.png\" \/>\n\t<meta property=\"og:image:width\" content=\"1084\" \/>\n\t<meta property=\"og:image:height\" content=\"452\" \/><meta property=\"og:image\" content=\"https:\/\/whatthefrance.org\/wp-content\/uploads\/2023\/07\/charlottecardintournee-what-the-france-300x300.png\" \/>\n<meta name=\"author\" content=\"Marie-Sophie Administrateur\" \/>\n<meta name=\"twitter:card\" content=\"summary_large_image\" \/>\n<meta name=\"twitter:label1\" content=\"\u00c9crit par\" \/>\n\t<meta name=\"twitter:data1\" content=\"Marie-Sophie Administrateur\" \/>\n\t<meta name=\"twitter:label2\" content=\"Dur\u00e9e de lecture estim\u00e9e\" \/>\n\t<meta name=\"twitter:data2\" content=\"2 minutes\" \/>\n<script type=\"application\/ld+json\" class=\"yoast-schema-graph\">{\"@context\":\"https:\\\/\\\/schema.org\",\"@graph\":[{\"@type\":\"Article\",\"@id\":\"https:\\\/\\\/whatthefrance.org\\\/fr\\\/charlotte-cardin-un-nouvel-album-en-vue-et-une-tournee-internationale\\\/#article\",\"isPartOf\":{\"@id\":\"https:\\\/\\\/whatthefrance.org\\\/fr\\\/charlotte-cardin-un-nouvel-album-en-vue-et-une-tournee-internationale\\\/\"},\"author\":{\"name\":\"Marie-Sophie Administrateur\",\"@id\":\"https:\\\/\\\/whatthefrance.org\\\/fr\\\/#\\\/schema\\\/person\\\/3b7ea6fb70b536503b3e8c909c564a81\"},\"headline\":\"Charlotte Cardin | Un nouvel album en vue et une tourn\u00e9e internationale !\",\"datePublished\":\"2023-07-06T08:04:19+00:00\",\"dateModified\":\"2023-07-21T10:04:30+00:00\",\"mainEntityOfPage\":{\"@id\":\"https:\\\/\\\/whatthefrance.org\\\/fr\\\/charlotte-cardin-un-nouvel-album-en-vue-et-une-tournee-internationale\\\/\"},\"wordCount\":445,\"publisher\":{\"@id\":\"https:\\\/\\\/whatthefrance.org\\\/fr\\\/#organization\"},\"image\":{\"@id\":\"https:\\\/\\\/whatthefrance.org\\\/fr\\\/charlotte-cardin-un-nouvel-album-en-vue-et-une-tournee-internationale\\\/#primaryimage\"},\"thumbnailUrl\":\"https:\\\/\\\/whatthefrance.org\\\/wp-content\\\/uploads\\\/2023\\\/07\\\/charlottecardintournee-what-the-france-300x300.png\",\"keywords\":[\"Pop\",\"RnB\",\"Soul\"],\"articleSection\":[\"Event\"],\"inLanguage\":\"fr-FR\"},{\"@type\":\"WebPage\",\"@id\":\"https:\\\/\\\/whatthefrance.org\\\/fr\\\/charlotte-cardin-un-nouvel-album-en-vue-et-une-tournee-internationale\\\/\",\"url\":\"https:\\\/\\\/whatthefrance.org\\\/fr\\\/charlotte-cardin-un-nouvel-album-en-vue-et-une-tournee-internationale\\\/\",\"name\":\"Charlotte Cardin | Un nouvel album en vue et une tourn\u00e9e internationale ! -\",\"isPartOf\":{\"@id\":\"https:\\\/\\\/whatthefrance.org\\\/fr\\\/#website\"},\"primaryImageOfPage\":{\"@id\":\"https:\\\/\\\/whatthefrance.org\\\/fr\\\/charlotte-cardin-un-nouvel-album-en-vue-et-une-tournee-internationale\\\/#primaryimage\"},\"image\":{\"@id\":\"https:\\\/\\\/whatthefrance.org\\\/fr\\\/charlotte-cardin-un-nouvel-album-en-vue-et-une-tournee-internationale\\\/#primaryimage\"},\"thumbnailUrl\":\"https:\\\/\\\/whatthefrance.org\\\/wp-content\\\/uploads\\\/2023\\\/07\\\/charlottecardintournee-what-the-france-300x300.png\",\"datePublished\":\"2023-07-06T08:04:19+00:00\",\"dateModified\":\"2023-07-21T10:04:30+00:00\",\"description\":\"En attendant la sortie de son prochain album 99 Nights, Charlotte Cardin se lance dans une grande tourn\u00e9e en Am\u00e9rique du Nord et en Europe.\",\"breadcrumb\":{\"@id\":\"https:\\\/\\\/whatthefrance.org\\\/fr\\\/charlotte-cardin-un-nouvel-album-en-vue-et-une-tournee-internationale\\\/#breadcrumb\"},\"inLanguage\":\"fr-FR\",\"potentialAction\":[{\"@type\":\"ReadAction\",\"target\":[\"https:\\\/\\\/whatthefrance.org\\\/fr\\\/charlotte-cardin-un-nouvel-album-en-vue-et-une-tournee-internationale\\\/\"]}]},{\"@type\":\"ImageObject\",\"inLanguage\":\"fr-FR\",\"@id\":\"https:\\\/\\\/whatthefrance.org\\\/fr\\\/charlotte-cardin-un-nouvel-album-en-vue-et-une-tournee-internationale\\\/#primaryimage\",\"url\":\"https:\\\/\\\/whatthefrance.org\\\/wp-content\\\/uploads\\\/2023\\\/07\\\/charlottecardintournee-what-the-france-300x300.png\",\"contentUrl\":\"https:\\\/\\\/whatthefrance.org\\\/wp-content\\\/uploads\\\/2023\\\/07\\\/charlottecardintournee-what-the-france-300x300.png\"},{\"@type\":\"BreadcrumbList\",\"@id\":\"https:\\\/\\\/whatthefrance.org\\\/fr\\\/charlotte-cardin-un-nouvel-album-en-vue-et-une-tournee-internationale\\\/#breadcrumb\",\"itemListElement\":[{\"@type\":\"ListItem\",\"position\":1,\"name\":\"Home\",\"item\":\"https:\\\/\\\/whatthefrance.org\\\/fr\\\/\"},{\"@type\":\"ListItem\",\"position\":2,\"name\":\"Charlotte Cardin | Un nouvel album en vue et une tourn\u00e9e internationale !\"}]},{\"@type\":\"WebSite\",\"@id\":\"https:\\\/\\\/whatthefrance.org\\\/fr\\\/#website\",\"url\":\"https:\\\/\\\/whatthefrance.org\\\/fr\\\/\",\"name\":\"What the France\",\"description\":\"The finest music made in France !\",\"publisher\":{\"@id\":\"https:\\\/\\\/whatthefrance.org\\\/fr\\\/#organization\"},\"potentialAction\":[{\"@type\":\"SearchAction\",\"target\":{\"@type\":\"EntryPoint\",\"urlTemplate\":\"https:\\\/\\\/whatthefrance.org\\\/fr\\\/?s={search_term_string}\"},\"query-input\":{\"@type\":\"PropertyValueSpecification\",\"valueRequired\":true,\"valueName\":\"search_term_string\"}}],\"inLanguage\":\"fr-FR\"},{\"@type\":\"Organization\",\"@id\":\"https:\\\/\\\/whatthefrance.org\\\/fr\\\/#organization\",\"name\":\"What The France\",\"url\":\"https:\\\/\\\/whatthefrance.org\\\/fr\\\/\",\"logo\":{\"@type\":\"ImageObject\",\"inLanguage\":\"fr-FR\",\"@id\":\"https:\\\/\\\/whatthefrance.org\\\/fr\\\/#\\\/schema\\\/logo\\\/image\\\/\",\"url\":\"https:\\\/\\\/whatthefrance.org\\\/wp-content\\\/uploads\\\/2019\\\/12\\\/44688719_2251580388408837_694180218134331392_n-e1577679609190.png\",\"contentUrl\":\"https:\\\/\\\/whatthefrance.org\\\/wp-content\\\/uploads\\\/2019\\\/12\\\/44688719_2251580388408837_694180218134331392_n-e1577679609190.png\",\"width\":200,\"height\":200,\"caption\":\"What The France\"},\"image\":{\"@id\":\"https:\\\/\\\/whatthefrance.org\\\/fr\\\/#\\\/schema\\\/logo\\\/image\\\/\"}},{\"@type\":\"Person\",\"@id\":\"https:\\\/\\\/whatthefrance.org\\\/fr\\\/#\\\/schema\\\/person\\\/3b7ea6fb70b536503b3e8c909c564a81\",\"name\":\"Marie-Sophie Administrateur\",\"image\":{\"@type\":\"ImageObject\",\"inLanguage\":\"fr-FR\",\"@id\":\"https:\\\/\\\/secure.gravatar.com\\\/avatar\\\/d57e4552c73c8713409cd3c2de53bdb5d220ebdd76dc7ba351b2dbae89f5afa9?s=96&d=mm&r=g\",\"url\":\"https:\\\/\\\/secure.gravatar.com\\\/avatar\\\/d57e4552c73c8713409cd3c2de53bdb5d220ebdd76dc7ba351b2dbae89f5afa9?s=96&d=mm&r=g\",\"contentUrl\":\"https:\\\/\\\/secure.gravatar.com\\\/avatar\\\/d57e4552c73c8713409cd3c2de53bdb5d220ebdd76dc7ba351b2dbae89f5afa9?s=96&d=mm&r=g\",\"caption\":\"Marie-Sophie Administrateur\"}}]}<\/script>\n<!-- \/ Yoast SEO plugin. -->","yoast_head_json":{"title":"Charlotte Cardin | Un nouvel album en vue et une tourn\u00e9e internationale ! -","description":"En attendant la sortie de son prochain album 99 Nights, Charlotte Cardin se lance dans une grande tourn\u00e9e en Am\u00e9rique du Nord et en Europe.","robots":{"index":"index","follow":"follow","max-snippet":"max-snippet:-1","max-image-preview":"max-image-preview:large","max-video-preview":"max-video-preview:-1"},"canonical":"https:\/\/whatthefrance.org\/fr\/charlotte-cardin-un-nouvel-album-en-vue-et-une-tournee-internationale\/","og_locale":"fr_FR","og_type":"article","og_title":"Charlotte Cardin | Un nouvel album en vue et une tourn\u00e9e internationale ! -","og_description":"En attendant la sortie de son prochain album 99 Nights, Charlotte Cardin se lance dans une grande tourn\u00e9e en Am\u00e9rique du Nord et en Europe.","og_url":"https:\/\/whatthefrance.org\/fr\/charlotte-cardin-un-nouvel-album-en-vue-et-une-tournee-internationale\/","og_site_name":"What the France","article_published_time":"2023-07-06T08:04:19+00:00","article_modified_time":"2023-07-21T10:04:30+00:00","og_image":[{"url":"https:\/\/whatthefrance.org\/wp-content\/uploads\/2023\/07\/charlottecardin_wordpress_what_the_france.png","height":452,"width":1084,"type":""},{"url":"https:\/\/whatthefrance.org\/wp-content\/uploads\/2023\/07\/charlottecardintournee-what-the-france-300x300.png","type":"","width":"","height":""}],"author":"Marie-Sophie Administrateur","twitter_card":"summary_large_image","twitter_misc":{"\u00c9crit par":"Marie-Sophie Administrateur","Dur\u00e9e de lecture estim\u00e9e":"2 minutes"},"schema":{"@context":"https:\/\/schema.org","@graph":[{"@type":"Article","@id":"https:\/\/whatthefrance.org\/fr\/charlotte-cardin-un-nouvel-album-en-vue-et-une-tournee-internationale\/#article","isPartOf":{"@id":"https:\/\/whatthefrance.org\/fr\/charlotte-cardin-un-nouvel-album-en-vue-et-une-tournee-internationale\/"},"author":{"name":"Marie-Sophie Administrateur","@id":"https:\/\/whatthefrance.org\/fr\/#\/schema\/person\/3b7ea6fb70b536503b3e8c909c564a81"},"headline":"Charlotte Cardin | Un nouvel album en vue et une tourn\u00e9e internationale !","datePublished":"2023-07-06T08:04:19+00:00","dateModified":"2023-07-21T10:04:30+00:00","mainEntityOfPage":{"@id":"https:\/\/whatthefrance.org\/fr\/charlotte-cardin-un-nouvel-album-en-vue-et-une-tournee-internationale\/"},"wordCount":445,"publisher":{"@id":"https:\/\/whatthefrance.org\/fr\/#organization"},"image":{"@id":"https:\/\/whatthefrance.org\/fr\/charlotte-cardin-un-nouvel-album-en-vue-et-une-tournee-internationale\/#primaryimage"},"thumbnailUrl":"https:\/\/whatthefrance.org\/wp-content\/uploads\/2023\/07\/charlottecardintournee-what-the-france-300x300.png","keywords":["Pop","RnB","Soul"],"articleSection":["Event"],"inLanguage":"fr-FR"},{"@type":"WebPage","@id":"https:\/\/whatthefrance.org\/fr\/charlotte-cardin-un-nouvel-album-en-vue-et-une-tournee-internationale\/","url":"https:\/\/whatthefrance.org\/fr\/charlotte-cardin-un-nouvel-album-en-vue-et-une-tournee-internationale\/","name":"Charlotte Cardin | Un nouvel album en vue et une tourn\u00e9e internationale ! -","isPartOf":{"@id":"https:\/\/whatthefrance.org\/fr\/#website"},"primaryImageOfPage":{"@id":"https:\/\/whatthefrance.org\/fr\/charlotte-cardin-un-nouvel-album-en-vue-et-une-tournee-internationale\/#primaryimage"},"image":{"@id":"https:\/\/whatthefrance.org\/fr\/charlotte-cardin-un-nouvel-album-en-vue-et-une-tournee-internationale\/#primaryimage"},"thumbnailUrl":"https:\/\/whatthefrance.org\/wp-content\/uploads\/2023\/07\/charlottecardintournee-what-the-france-300x300.png","datePublished":"2023-07-06T08:04:19+00:00","dateModified":"2023-07-21T10:04:30+00:00","description":"En attendant la sortie de son prochain album 99 Nights, Charlotte Cardin se lance dans une grande tourn\u00e9e en Am\u00e9rique du Nord et en Europe.","breadcrumb":{"@id":"https:\/\/whatthefrance.org\/fr\/charlotte-cardin-un-nouvel-album-en-vue-et-une-tournee-internationale\/#breadcrumb"},"inLanguage":"fr-FR","potentialAction":[{"@type":"ReadAction","target":["https:\/\/whatthefrance.org\/fr\/charlotte-cardin-un-nouvel-album-en-vue-et-une-tournee-internationale\/"]}]},{"@type":"ImageObject","inLanguage":"fr-FR","@id":"https:\/\/whatthefrance.org\/fr\/charlotte-cardin-un-nouvel-album-en-vue-et-une-tournee-internationale\/#primaryimage","url":"https:\/\/whatthefrance.org\/wp-content\/uploads\/2023\/07\/charlottecardintournee-what-the-france-300x300.png","contentUrl":"https:\/\/whatthefrance.org\/wp-content\/uploads\/2023\/07\/charlottecardintournee-what-the-france-300x300.png"},{"@type":"BreadcrumbList","@id":"https:\/\/whatthefrance.org\/fr\/charlotte-cardin-un-nouvel-album-en-vue-et-une-tournee-internationale\/#breadcrumb","itemListElement":[{"@type":"ListItem","position":1,"name":"Home","item":"https:\/\/whatthefrance.org\/fr\/"},{"@type":"ListItem","position":2,"name":"Charlotte Cardin | Un nouvel album en vue et une tourn\u00e9e internationale !"}]},{"@type":"WebSite","@id":"https:\/\/whatthefrance.org\/fr\/#website","url":"https:\/\/whatthefrance.org\/fr\/","name":"What the France","description":"The finest music made in France !","publisher":{"@id":"https:\/\/whatthefrance.org\/fr\/#organization"},"potentialAction":[{"@type":"SearchAction","target":{"@type":"EntryPoint","urlTemplate":"https:\/\/whatthefrance.org\/fr\/?s={search_term_string}"},"query-input":{"@type":"PropertyValueSpecification","valueRequired":true,"valueName":"search_term_string"}}],"inLanguage":"fr-FR"},{"@type":"Organization","@id":"https:\/\/whatthefrance.org\/fr\/#organization","name":"What The France","url":"https:\/\/whatthefrance.org\/fr\/","logo":{"@type":"ImageObject","inLanguage":"fr-FR","@id":"https:\/\/whatthefrance.org\/fr\/#\/schema\/logo\/image\/","url":"https:\/\/whatthefrance.org\/wp-content\/uploads\/2019\/12\/44688719_2251580388408837_694180218134331392_n-e1577679609190.png","contentUrl":"https:\/\/whatthefrance.org\/wp-content\/uploads\/2019\/12\/44688719_2251580388408837_694180218134331392_n-e1577679609190.png","width":200,"height":200,"caption":"What The France"},"image":{"@id":"https:\/\/whatthefrance.org\/fr\/#\/schema\/logo\/image\/"}},{"@type":"Person","@id":"https:\/\/whatthefrance.org\/fr\/#\/schema\/person\/3b7ea6fb70b536503b3e8c909c564a81","name":"Marie-Sophie Administrateur","image":{"@type":"ImageObject","inLanguage":"fr-FR","@id":"https:\/\/secure.gravatar.com\/avatar\/d57e4552c73c8713409cd3c2de53bdb5d220ebdd76dc7ba351b2dbae89f5afa9?s=96&d=mm&r=g","url":"https:\/\/secure.gravatar.com\/avatar\/d57e4552c73c8713409cd3c2de53bdb5d220ebdd76dc7ba351b2dbae89f5afa9?s=96&d=mm&r=g","contentUrl":"https:\/\/secure.gravatar.com\/avatar\/d57e4552c73c8713409cd3c2de53bdb5d220ebdd76dc7ba351b2dbae89f5afa9?s=96&d=mm&r=g","caption":"Marie-Sophie Administrateur"}}]}},"_links":{"self":[{"href":"https:\/\/whatthefrance.org\/fr\/wp-json\/wp\/v2\/posts\/58368","targetHints":{"allow":["GET"]}}],"collection":[{"href":"https:\/\/whatthefrance.org\/fr\/wp-json\/wp\/v2\/posts"}],"about":[{"href":"https:\/\/whatthefrance.org\/fr\/wp-json\/wp\/v2\/types\/post"}],"author":[{"embeddable":true,"href":"https:\/\/whatthefrance.org\/fr\/wp-json\/wp\/v2\/users\/6"}],"replies":[{"embeddable":true,"href":"https:\/\/whatthefrance.org\/fr\/wp-json\/wp\/v2\/comments?post=58368"}],"version-history":[{"count":3,"href":"https:\/\/whatthefrance.org\/fr\/wp-json\/wp\/v2\/posts\/58368\/revisions"}],"predecessor-version":[{"id":59216,"href":"https:\/\/whatthefrance.org\/fr\/wp-json\/wp\/v2\/posts\/58368\/revisions\/59216"}],"wp:attachment":[{"href":"https:\/\/whatthefrance.org\/fr\/wp-json\/wp\/v2\/media?parent=58368"}],"wp:term":[{"taxonomy":"category","embeddable":true,"href":"https:\/\/whatthefrance.org\/fr\/wp-json\/wp\/v2\/categories?post=58368"},{"taxonomy":"post_tag","embeddable":true,"href":"https:\/\/whatthefrance.org\/fr\/wp-json\/wp\/v2\/tags?post=58368"}],"curies":[{"name":"wp","href":"https:\/\/api.w.org\/{rel}","templated":true}]}}