{"id":61081,"date":"2023-09-13T10:00:36","date_gmt":"2023-09-13T08:00:36","guid":{"rendered":"https:\/\/whatthefrance.org\/?p=61081"},"modified":"2023-09-14T12:18:10","modified_gmt":"2023-09-14T10:18:10","slug":"a-classical-voyage-with-marie-perbost","status":"publish","type":"post","link":"https:\/\/whatthefrance.org\/fr\/a-classical-voyage-with-marie-perbost\/","title":{"rendered":"\u201cA classical voyage with\u2026 Marie Perbost\u201d"},"content":{"rendered":"<p><span style=\"font-weight: 400;\">Dans \u201c<strong><a href=\"https:\/\/whatthefrance.org\/fr\/news\/?s=a%20classical%20voyage\">A classical voyage with\u2026<\/a><\/strong>\u201d, What the France vous propose un nouveau rendez-vous interview autour de la <strong>musique classique avec <a href=\"https:\/\/www.instagram.com\/marieperbost\/\">Marie Perbost<\/a><\/strong>. Cette treizi\u00e8me vid\u00e9o de la s\u00e9rie est une invitation au voyage en compagnie de la chanteuse soprano.<\/span><\/p>\n<p><iframe loading=\"lazy\" title=\"A classical voyage with Marie Perbost - What the France\" width=\"500\" height=\"281\" src=\"https:\/\/www.youtube.com\/embed\/TxKSSFgFpkQ?feature=oembed\" frameborder=\"0\" allow=\"accelerometer; autoplay; clipboard-write; encrypted-media; gyroscope; picture-in-picture; web-share\" referrerpolicy=\"strict-origin-when-cross-origin\" allowfullscreen><\/iframe><\/p>\n<p><span style=\"font-weight: 400;\">Dans cette interview accord\u00e9e \u00e0 What the France, l\u2019artiste nous raconte son premier premier contact avec la <strong>puissance narrative du chant<\/strong>. Marie Perbost nous d\u00e9peint \u00e9galement ses premiers souvenirs sur sc\u00e8ne qui l\u2019ont men\u00e9 \u00e0 des rencontres essentielles pour sa carri\u00e8re. C\u2019est \u00e9galement l\u2019occasion de d\u00e9couvrir ses <strong>recommandations en mati\u00e8re de livres, de films ou de cuisine fran\u00e7aise<\/strong>.<\/span><\/p>\n<h2>L&rsquo;interview de Marie Perbost<\/h2>\n<p><img decoding=\"async\" class=\"size-medium wp-image-61093 aligncenter\" src=\"https:\/\/whatthefrance.org\/wp-content\/uploads\/2023\/09\/3d38d5_1fa9affabb3645899659ab081b01f676mv2_d_6600_4200_s_4_2-300x191.webp\" alt=\"Marie Perbost\" width=\"300\" height=\"191\" srcset=\"https:\/\/whatthefrance.org\/wp-content\/uploads\/2023\/09\/3d38d5_1fa9affabb3645899659ab081b01f676mv2_d_6600_4200_s_4_2-300x191.webp 300w, https:\/\/whatthefrance.org\/wp-content\/uploads\/2023\/09\/3d38d5_1fa9affabb3645899659ab081b01f676mv2_d_6600_4200_s_4_2.webp 637w\" sizes=\"(max-width: 300px) 100vw, 300px\" \/><\/p>\n<p style=\"text-align: center;\">Marie Perbost, \u00a9 Christophe Pel\u00e9\/OnP<\/p>\n<p><span style=\"font-weight: 400;\">L\u2019histoire d\u2019amour entre Marie Perbost et la musique classique n\u2019est pas une question de go\u00fbt, c\u2019est une question d\u2019\u00e9coute. C\u2019est en \u00e9coutant <strong>Barbara Hendricks<\/strong> pour la premi\u00e8re fois que l\u2019artiste, qui deviendra par la suite une grande soprano fran\u00e7aise, a eu un d\u00e9clic. Rapidement, tout se lie dans sa t\u00eate : <strong>le go\u00fbt pour la narration<\/strong>, tout en utilisant ses cordes vocales, qui lui a \u00e9t\u00e9 insuffl\u00e9 par ce premier disque, lui a mis les deux pieds dans la musique. En s\u2019essayant d\u2019abord au <strong>violoncelle<\/strong>, Marie Perbost int\u00e8grera la <strong>Ma\u00eetrise de Radio France \u00e0 l\u2019\u00e2ge de huit ans<\/strong>. Au sein de cette institution, qui lui permettra de participer \u00e0 diverses <strong>repr\u00e9sentations en France et \u00e0 l\u2019international<\/strong>, elle d\u00e9couvre le plaisir de la sc\u00e8ne o\u00f9 elle incarne discr\u00e8tement de petits r\u00f4les qui la feront grandir dans le monde du classique.<\/span><\/p>\n<h2>La formation de Marie Perbost<\/h2>\n<p><span style=\"font-weight: 400;\">Plus tard, re\u00e7ue au <strong>Conservatoire National Sup\u00e9rieur de Paris<\/strong>, elle d\u00e9couvre les subtilit\u00e9s du m\u00e9tier d\u2019artiste lyrique. Elle ach\u00e8vera sa formation \u00e0 <strong>l\u2019Acad\u00e9mie de l\u2019Op\u00e9ra National de Paris<\/strong>. En 2016, elle est nomm\u00e9e \u00ab R\u00e9v\u00e9lation Lyrique \u00bb de l\u2019Adami. Apr\u00e8s l&rsquo;obtention d&rsquo;un Master avec mention tr\u00e8s bien \u00e0 l&rsquo;unanimit\u00e9, elle se perfectionne au sein des Acad\u00e9mies du Festival d\u2019Aix-en-Provence (o\u00f9 elle re\u00e7oit le Prix des Amis du Festival d\u2019Aix) et du Festival de Salzbourg. Elle enchaine les r\u00f4les sur sc\u00e8ne avec prestance, comme celui de <strong>Musette<\/strong> dans \u00ab <strong>La Boh\u00e8me<\/strong> \u00bb de Puccini ou encore celui de <strong>Pamina dans \u00ab La Fl\u00fbte Enchant\u00e9e \u00bb de Mozart<\/strong>, son talent lui permet de se faire remarquer et d\u2019\u00eatre produite dans des festivals, ainsi que lors de <strong>tourn\u00e9es internationales<\/strong>.<\/span><\/p>\n<p><span style=\"font-weight: 400;\">Aujourd\u2019hui, Marie Perbost brille jusque dans les disques o\u00f9 elle chante \u00e0 la fois du <strong>J.S Bach<\/strong>, comme en 2020 lors de son concert \u00e0 la Chapelle Royale de Versailles, et des chansons et op\u00e9rettes du XX\u00e8me si\u00e8cle comme <strong>sur son disque <\/strong><\/span><strong><i>Une Jeunesse \u00e0 Paris<\/i><\/strong><span style=\"font-weight: 400;\">. <\/span><\/p>\n<p><iframe loading=\"lazy\" title=\"Marie Perbost - &quot;Zerflie\u00dfe, mein Herz&quot;, Johannes-Passion (BWV 245) J.S. Bach\" width=\"500\" height=\"281\" src=\"https:\/\/www.youtube.com\/embed\/2aq9QGOz7Vg?feature=oembed\" frameborder=\"0\" allow=\"accelerometer; autoplay; clipboard-write; encrypted-media; gyroscope; picture-in-picture; web-share\" referrerpolicy=\"strict-origin-when-cross-origin\" allowfullscreen><\/iframe><\/p>\n<p><span style=\"font-weight: 400;\">Ouvrant une fen\u00eatre sur des r\u00e9pertoires parfois oubli\u00e9s du grand si\u00e8cle fran\u00e7ais, elle est \u00e0 l\u2019origine des \u201c<strong>stand-up lyriques<\/strong>\u201d, et Marie Perbost partage avec \u00e9motions <strong>l\u2019acc\u00e8s \u00e0 la connaissance des musiques d\u2019autrefois<\/strong>.<\/span><span style=\"font-weight: 400;\"><br \/>\n<\/span><span style=\"font-weight: 400;\"><br \/>\n<\/span><span style=\"font-weight: 400;\">En attendant les prochaines vid\u00e9os \u201cA classical voyage with\u2026\u201d, nous vous invitons \u00e0 \u00e9couter la playlist \u201c<a href=\"https:\/\/whatthefrance.org\/fr\/playlists\/?s=keep%20it%20classique\">Keep It Classique<\/a>\u201d qui nous fait d\u00e9couvrir les derni\u00e8res sorties produites en France en mati\u00e8re de musique classique.<br \/>\n<div class=\"playListBloc singleBloc\"><div class=\"playListBloc-wrap\">    <div class=\"thumbnail\"><img data-src=\"https:\/\/whatthefrance.org\/wp-content\/uploads\/2018\/11\/WTF-Pochettes_classique_4-254x254.jpg\" class=\"lazyload\" alt=\"WTF&#8212;Pochettes_classique_4\" \/>    <\/div>    <div class=\"infos\">        <span class=\"tag\">Genres<\/span>        <h2>Keep it Classique<\/h2>        <span class=\"separator\"><\/span>       <span class=\"desc\">Check out the latest classical music hits made in France.<\/span><div class=\"share flex flexAlignCenter \">\t<span class=\"label\">Partager<\/span>\t<a href=\"https:\/\/www.facebook.com\/sharer\/sharer.php?u=https:\/\/whatthefrance.org\/fr\/playlists\/keep-it-classique\/\" class=\"facebook\" target=\"_blank\" rel=\"noreferrer\">Facebook<\/a>\t<a href=\"https:\/\/twitter.com\/intent\/tweet?url=https:\/\/whatthefrance.org\/fr\/playlists\/keep-it-classique\/&text=Keep+it+Classique&hashtags=WTF\" class=\"twitter\" target=\"_blank\" rel=\"noreferrer\">Twitter<\/a>\t<a href=\"mailto:?subject=What%20the%20France%20%3A%20Keep%20it%20Classique&body=https:\/\/whatthefrance.org\/fr\/playlists\/keep-it-classique\/\" class=\"mail\" target=\"_blank\" rel=\"noreferrer\">Email<\/a><\/div>        <a href=\"#\" class=\"btn btnPlaylist orange playlist-click\" data-id=\"894\">            <svg version=\"1.1\" x=\"0px\" y=\"0px\" width=\"40px\" height=\"40px\" viewBox=\"0 0 213.7 213.7\" enable-background=\"new 0 0 213.7 213.7\" xml:space=\"preserve\">                <polygon class=\"triangle\" fill=\"none\" stroke-width=\"10\" stroke-linecap=\"round\" stroke-linejoin=\"round\" stroke-miterlimit=\"10\" points=\"\n            73.5,62.5 148.5,105.8 73.5,149.1 \"\/>                <circle class=\"circle\" fill=\"none\"  stroke-width=\"8\" stroke-linecap=\"round\" stroke-linejoin=\"round\" stroke-miterlimit=\"10\" cx=\"106.8\" cy=\"106.8\" r=\"103.3\"\/>                <circle class=\"circle-white\" fill=\"none\"  stroke-width=\"8\" stroke-linecap=\"round\" stroke-linejoin=\"round\" stroke-miterlimit=\"10\" cx=\"106.8\" cy=\"106.8\" r=\"103.3\"\/>            <\/svg>Ecouter        <\/a>    <\/div>  <\/div><\/div><br \/>\n<\/span><\/p>\n","protected":false},"excerpt":{"rendered":"<p>Dans \u201cA classical voyage with\u2026\u201d, What the France vous propose un nouveau rendez-vous interview autour de la musique classique avec Marie Perbost. Cette treizi\u00e8me vid\u00e9o de la s\u00e9rie est une invitation au voyage en compagnie de la chanteuse soprano. Dans cette interview accord\u00e9e \u00e0 What the France, l\u2019artiste nous raconte son premier premier contact avec [&hellip;]<\/p>\n","protected":false},"author":6,"featured_media":0,"comment_status":"closed","ping_status":"closed","sticky":false,"template":"","format":"standard","meta":{"_acf_changed":false,"footnotes":""},"categories":[217],"tags":[309],"class_list":["post-61081","post","type-post","status-publish","format-standard","hentry","category-video-fr","tag-classical-fr"],"acf":[],"yoast_head":"<!-- This site is optimized with the Yoast SEO plugin v27.3 - https:\/\/yoast.com\/product\/yoast-seo-wordpress\/ -->\n<title>\u201cA classical voyage with\u2026 Marie Perbost\u201d - What the France<\/title>\n<meta name=\"description\" content=\"Dans cette interview &quot;A classical voyage with...&quot;, What the France vous invite \u00e0 partir \u00e0 la rencontre avec la soprano Marie Perbost\" \/>\n<meta name=\"robots\" content=\"index, follow, max-snippet:-1, max-image-preview:large, max-video-preview:-1\" \/>\n<link rel=\"canonical\" href=\"https:\/\/whatthefrance.org\/fr\/a-classical-voyage-with-marie-perbost\/\" \/>\n<meta property=\"og:locale\" content=\"fr_FR\" \/>\n<meta property=\"og:type\" content=\"article\" \/>\n<meta property=\"og:title\" content=\"\u201cA classical voyage with\u2026 Marie Perbost\u201d - What the France\" \/>\n<meta property=\"og:description\" content=\"Dans cette interview &quot;A classical voyage with...&quot;, What the France vous invite \u00e0 partir \u00e0 la rencontre avec la soprano Marie Perbost\" \/>\n<meta property=\"og:url\" content=\"https:\/\/whatthefrance.org\/fr\/a-classical-voyage-with-marie-perbost\/\" \/>\n<meta property=\"og:site_name\" content=\"What the France\" \/>\n<meta property=\"article:published_time\" content=\"2023-09-13T08:00:36+00:00\" \/>\n<meta property=\"article:modified_time\" content=\"2023-09-14T10:18:10+00:00\" \/>\n<meta property=\"og:image\" content=\"https:\/\/whatthefrance.org\/wp-content\/uploads\/2023\/09\/marieperbost_paysage_what_the_france-1.png\" \/>\n\t<meta property=\"og:image:width\" content=\"1084\" \/>\n\t<meta property=\"og:image:height\" content=\"452\" \/><meta property=\"og:image\" content=\"https:\/\/whatthefrance.org\/wp-content\/uploads\/2023\/09\/3d38d5_1fa9affabb3645899659ab081b01f676mv2_d_6600_4200_s_4_2-300x191.webp\" \/>\n<meta name=\"author\" content=\"Marie-Sophie Administrateur\" \/>\n<meta name=\"twitter:card\" content=\"summary_large_image\" \/>\n<meta name=\"twitter:label1\" content=\"\u00c9crit par\" \/>\n\t<meta name=\"twitter:data1\" content=\"Marie-Sophie Administrateur\" \/>\n\t<meta name=\"twitter:label2\" content=\"Dur\u00e9e de lecture estim\u00e9e\" \/>\n\t<meta name=\"twitter:data2\" content=\"3 minutes\" \/>\n<script type=\"application\/ld+json\" class=\"yoast-schema-graph\">{\"@context\":\"https:\\\/\\\/schema.org\",\"@graph\":[{\"@type\":\"Article\",\"@id\":\"https:\\\/\\\/whatthefrance.org\\\/fr\\\/a-classical-voyage-with-marie-perbost\\\/#article\",\"isPartOf\":{\"@id\":\"https:\\\/\\\/whatthefrance.org\\\/fr\\\/a-classical-voyage-with-marie-perbost\\\/\"},\"author\":{\"name\":\"Marie-Sophie Administrateur\",\"@id\":\"https:\\\/\\\/whatthefrance.org\\\/fr\\\/#\\\/schema\\\/person\\\/3b7ea6fb70b536503b3e8c909c564a81\"},\"headline\":\"\u201cA classical voyage with\u2026 Marie Perbost\u201d\",\"datePublished\":\"2023-09-13T08:00:36+00:00\",\"dateModified\":\"2023-09-14T10:18:10+00:00\",\"mainEntityOfPage\":{\"@id\":\"https:\\\/\\\/whatthefrance.org\\\/fr\\\/a-classical-voyage-with-marie-perbost\\\/\"},\"wordCount\":575,\"publisher\":{\"@id\":\"https:\\\/\\\/whatthefrance.org\\\/fr\\\/#organization\"},\"image\":{\"@id\":\"https:\\\/\\\/whatthefrance.org\\\/fr\\\/a-classical-voyage-with-marie-perbost\\\/#primaryimage\"},\"thumbnailUrl\":\"https:\\\/\\\/whatthefrance.org\\\/wp-content\\\/uploads\\\/2023\\\/09\\\/3d38d5_1fa9affabb3645899659ab081b01f676mv2_d_6600_4200_s_4_2-300x191.webp\",\"keywords\":[\"Classical\"],\"articleSection\":[\"Video\"],\"inLanguage\":\"fr-FR\"},{\"@type\":\"WebPage\",\"@id\":\"https:\\\/\\\/whatthefrance.org\\\/fr\\\/a-classical-voyage-with-marie-perbost\\\/\",\"url\":\"https:\\\/\\\/whatthefrance.org\\\/fr\\\/a-classical-voyage-with-marie-perbost\\\/\",\"name\":\"\u201cA classical voyage with\u2026 Marie Perbost\u201d - What the France\",\"isPartOf\":{\"@id\":\"https:\\\/\\\/whatthefrance.org\\\/fr\\\/#website\"},\"primaryImageOfPage\":{\"@id\":\"https:\\\/\\\/whatthefrance.org\\\/fr\\\/a-classical-voyage-with-marie-perbost\\\/#primaryimage\"},\"image\":{\"@id\":\"https:\\\/\\\/whatthefrance.org\\\/fr\\\/a-classical-voyage-with-marie-perbost\\\/#primaryimage\"},\"thumbnailUrl\":\"https:\\\/\\\/whatthefrance.org\\\/wp-content\\\/uploads\\\/2023\\\/09\\\/3d38d5_1fa9affabb3645899659ab081b01f676mv2_d_6600_4200_s_4_2-300x191.webp\",\"datePublished\":\"2023-09-13T08:00:36+00:00\",\"dateModified\":\"2023-09-14T10:18:10+00:00\",\"description\":\"Dans cette interview \\\"A classical voyage with...\\\", What the France vous invite \u00e0 partir \u00e0 la rencontre avec la soprano Marie Perbost\",\"breadcrumb\":{\"@id\":\"https:\\\/\\\/whatthefrance.org\\\/fr\\\/a-classical-voyage-with-marie-perbost\\\/#breadcrumb\"},\"inLanguage\":\"fr-FR\",\"potentialAction\":[{\"@type\":\"ReadAction\",\"target\":[\"https:\\\/\\\/whatthefrance.org\\\/fr\\\/a-classical-voyage-with-marie-perbost\\\/\"]}]},{\"@type\":\"ImageObject\",\"inLanguage\":\"fr-FR\",\"@id\":\"https:\\\/\\\/whatthefrance.org\\\/fr\\\/a-classical-voyage-with-marie-perbost\\\/#primaryimage\",\"url\":\"https:\\\/\\\/whatthefrance.org\\\/wp-content\\\/uploads\\\/2023\\\/09\\\/3d38d5_1fa9affabb3645899659ab081b01f676mv2_d_6600_4200_s_4_2-300x191.webp\",\"contentUrl\":\"https:\\\/\\\/whatthefrance.org\\\/wp-content\\\/uploads\\\/2023\\\/09\\\/3d38d5_1fa9affabb3645899659ab081b01f676mv2_d_6600_4200_s_4_2-300x191.webp\"},{\"@type\":\"BreadcrumbList\",\"@id\":\"https:\\\/\\\/whatthefrance.org\\\/fr\\\/a-classical-voyage-with-marie-perbost\\\/#breadcrumb\",\"itemListElement\":[{\"@type\":\"ListItem\",\"position\":1,\"name\":\"Home\",\"item\":\"https:\\\/\\\/whatthefrance.org\\\/fr\\\/\"},{\"@type\":\"ListItem\",\"position\":2,\"name\":\"\u201cA classical voyage with\u2026 Marie Perbost\u201d\"}]},{\"@type\":\"WebSite\",\"@id\":\"https:\\\/\\\/whatthefrance.org\\\/fr\\\/#website\",\"url\":\"https:\\\/\\\/whatthefrance.org\\\/fr\\\/\",\"name\":\"What the France\",\"description\":\"The finest music made in France !\",\"publisher\":{\"@id\":\"https:\\\/\\\/whatthefrance.org\\\/fr\\\/#organization\"},\"potentialAction\":[{\"@type\":\"SearchAction\",\"target\":{\"@type\":\"EntryPoint\",\"urlTemplate\":\"https:\\\/\\\/whatthefrance.org\\\/fr\\\/?s={search_term_string}\"},\"query-input\":{\"@type\":\"PropertyValueSpecification\",\"valueRequired\":true,\"valueName\":\"search_term_string\"}}],\"inLanguage\":\"fr-FR\"},{\"@type\":\"Organization\",\"@id\":\"https:\\\/\\\/whatthefrance.org\\\/fr\\\/#organization\",\"name\":\"What The France\",\"url\":\"https:\\\/\\\/whatthefrance.org\\\/fr\\\/\",\"logo\":{\"@type\":\"ImageObject\",\"inLanguage\":\"fr-FR\",\"@id\":\"https:\\\/\\\/whatthefrance.org\\\/fr\\\/#\\\/schema\\\/logo\\\/image\\\/\",\"url\":\"https:\\\/\\\/whatthefrance.org\\\/wp-content\\\/uploads\\\/2019\\\/12\\\/44688719_2251580388408837_694180218134331392_n-e1577679609190.png\",\"contentUrl\":\"https:\\\/\\\/whatthefrance.org\\\/wp-content\\\/uploads\\\/2019\\\/12\\\/44688719_2251580388408837_694180218134331392_n-e1577679609190.png\",\"width\":200,\"height\":200,\"caption\":\"What The France\"},\"image\":{\"@id\":\"https:\\\/\\\/whatthefrance.org\\\/fr\\\/#\\\/schema\\\/logo\\\/image\\\/\"}},{\"@type\":\"Person\",\"@id\":\"https:\\\/\\\/whatthefrance.org\\\/fr\\\/#\\\/schema\\\/person\\\/3b7ea6fb70b536503b3e8c909c564a81\",\"name\":\"Marie-Sophie Administrateur\",\"image\":{\"@type\":\"ImageObject\",\"inLanguage\":\"fr-FR\",\"@id\":\"https:\\\/\\\/secure.gravatar.com\\\/avatar\\\/d57e4552c73c8713409cd3c2de53bdb5d220ebdd76dc7ba351b2dbae89f5afa9?s=96&d=mm&r=g\",\"url\":\"https:\\\/\\\/secure.gravatar.com\\\/avatar\\\/d57e4552c73c8713409cd3c2de53bdb5d220ebdd76dc7ba351b2dbae89f5afa9?s=96&d=mm&r=g\",\"contentUrl\":\"https:\\\/\\\/secure.gravatar.com\\\/avatar\\\/d57e4552c73c8713409cd3c2de53bdb5d220ebdd76dc7ba351b2dbae89f5afa9?s=96&d=mm&r=g\",\"caption\":\"Marie-Sophie Administrateur\"}}]}<\/script>\n<!-- \/ Yoast SEO plugin. -->","yoast_head_json":{"title":"\u201cA classical voyage with\u2026 Marie Perbost\u201d - What the France","description":"Dans cette interview \"A classical voyage with...\", What the France vous invite \u00e0 partir \u00e0 la rencontre avec la soprano Marie Perbost","robots":{"index":"index","follow":"follow","max-snippet":"max-snippet:-1","max-image-preview":"max-image-preview:large","max-video-preview":"max-video-preview:-1"},"canonical":"https:\/\/whatthefrance.org\/fr\/a-classical-voyage-with-marie-perbost\/","og_locale":"fr_FR","og_type":"article","og_title":"\u201cA classical voyage with\u2026 Marie Perbost\u201d - What the France","og_description":"Dans cette interview \"A classical voyage with...\", What the France vous invite \u00e0 partir \u00e0 la rencontre avec la soprano Marie Perbost","og_url":"https:\/\/whatthefrance.org\/fr\/a-classical-voyage-with-marie-perbost\/","og_site_name":"What the France","article_published_time":"2023-09-13T08:00:36+00:00","article_modified_time":"2023-09-14T10:18:10+00:00","og_image":[{"url":"https:\/\/whatthefrance.org\/wp-content\/uploads\/2023\/09\/marieperbost_paysage_what_the_france-1.png","height":452,"width":1084,"type":""},{"url":"https:\/\/whatthefrance.org\/wp-content\/uploads\/2023\/09\/3d38d5_1fa9affabb3645899659ab081b01f676mv2_d_6600_4200_s_4_2-300x191.webp","type":"","width":"","height":""}],"author":"Marie-Sophie Administrateur","twitter_card":"summary_large_image","twitter_misc":{"\u00c9crit par":"Marie-Sophie Administrateur","Dur\u00e9e de lecture estim\u00e9e":"3 minutes"},"schema":{"@context":"https:\/\/schema.org","@graph":[{"@type":"Article","@id":"https:\/\/whatthefrance.org\/fr\/a-classical-voyage-with-marie-perbost\/#article","isPartOf":{"@id":"https:\/\/whatthefrance.org\/fr\/a-classical-voyage-with-marie-perbost\/"},"author":{"name":"Marie-Sophie Administrateur","@id":"https:\/\/whatthefrance.org\/fr\/#\/schema\/person\/3b7ea6fb70b536503b3e8c909c564a81"},"headline":"\u201cA classical voyage with\u2026 Marie Perbost\u201d","datePublished":"2023-09-13T08:00:36+00:00","dateModified":"2023-09-14T10:18:10+00:00","mainEntityOfPage":{"@id":"https:\/\/whatthefrance.org\/fr\/a-classical-voyage-with-marie-perbost\/"},"wordCount":575,"publisher":{"@id":"https:\/\/whatthefrance.org\/fr\/#organization"},"image":{"@id":"https:\/\/whatthefrance.org\/fr\/a-classical-voyage-with-marie-perbost\/#primaryimage"},"thumbnailUrl":"https:\/\/whatthefrance.org\/wp-content\/uploads\/2023\/09\/3d38d5_1fa9affabb3645899659ab081b01f676mv2_d_6600_4200_s_4_2-300x191.webp","keywords":["Classical"],"articleSection":["Video"],"inLanguage":"fr-FR"},{"@type":"WebPage","@id":"https:\/\/whatthefrance.org\/fr\/a-classical-voyage-with-marie-perbost\/","url":"https:\/\/whatthefrance.org\/fr\/a-classical-voyage-with-marie-perbost\/","name":"\u201cA classical voyage with\u2026 Marie Perbost\u201d - What the France","isPartOf":{"@id":"https:\/\/whatthefrance.org\/fr\/#website"},"primaryImageOfPage":{"@id":"https:\/\/whatthefrance.org\/fr\/a-classical-voyage-with-marie-perbost\/#primaryimage"},"image":{"@id":"https:\/\/whatthefrance.org\/fr\/a-classical-voyage-with-marie-perbost\/#primaryimage"},"thumbnailUrl":"https:\/\/whatthefrance.org\/wp-content\/uploads\/2023\/09\/3d38d5_1fa9affabb3645899659ab081b01f676mv2_d_6600_4200_s_4_2-300x191.webp","datePublished":"2023-09-13T08:00:36+00:00","dateModified":"2023-09-14T10:18:10+00:00","description":"Dans cette interview \"A classical voyage with...\", What the France vous invite \u00e0 partir \u00e0 la rencontre avec la soprano Marie Perbost","breadcrumb":{"@id":"https:\/\/whatthefrance.org\/fr\/a-classical-voyage-with-marie-perbost\/#breadcrumb"},"inLanguage":"fr-FR","potentialAction":[{"@type":"ReadAction","target":["https:\/\/whatthefrance.org\/fr\/a-classical-voyage-with-marie-perbost\/"]}]},{"@type":"ImageObject","inLanguage":"fr-FR","@id":"https:\/\/whatthefrance.org\/fr\/a-classical-voyage-with-marie-perbost\/#primaryimage","url":"https:\/\/whatthefrance.org\/wp-content\/uploads\/2023\/09\/3d38d5_1fa9affabb3645899659ab081b01f676mv2_d_6600_4200_s_4_2-300x191.webp","contentUrl":"https:\/\/whatthefrance.org\/wp-content\/uploads\/2023\/09\/3d38d5_1fa9affabb3645899659ab081b01f676mv2_d_6600_4200_s_4_2-300x191.webp"},{"@type":"BreadcrumbList","@id":"https:\/\/whatthefrance.org\/fr\/a-classical-voyage-with-marie-perbost\/#breadcrumb","itemListElement":[{"@type":"ListItem","position":1,"name":"Home","item":"https:\/\/whatthefrance.org\/fr\/"},{"@type":"ListItem","position":2,"name":"\u201cA classical voyage with\u2026 Marie Perbost\u201d"}]},{"@type":"WebSite","@id":"https:\/\/whatthefrance.org\/fr\/#website","url":"https:\/\/whatthefrance.org\/fr\/","name":"What the France","description":"The finest music made in France !","publisher":{"@id":"https:\/\/whatthefrance.org\/fr\/#organization"},"potentialAction":[{"@type":"SearchAction","target":{"@type":"EntryPoint","urlTemplate":"https:\/\/whatthefrance.org\/fr\/?s={search_term_string}"},"query-input":{"@type":"PropertyValueSpecification","valueRequired":true,"valueName":"search_term_string"}}],"inLanguage":"fr-FR"},{"@type":"Organization","@id":"https:\/\/whatthefrance.org\/fr\/#organization","name":"What The France","url":"https:\/\/whatthefrance.org\/fr\/","logo":{"@type":"ImageObject","inLanguage":"fr-FR","@id":"https:\/\/whatthefrance.org\/fr\/#\/schema\/logo\/image\/","url":"https:\/\/whatthefrance.org\/wp-content\/uploads\/2019\/12\/44688719_2251580388408837_694180218134331392_n-e1577679609190.png","contentUrl":"https:\/\/whatthefrance.org\/wp-content\/uploads\/2019\/12\/44688719_2251580388408837_694180218134331392_n-e1577679609190.png","width":200,"height":200,"caption":"What The France"},"image":{"@id":"https:\/\/whatthefrance.org\/fr\/#\/schema\/logo\/image\/"}},{"@type":"Person","@id":"https:\/\/whatthefrance.org\/fr\/#\/schema\/person\/3b7ea6fb70b536503b3e8c909c564a81","name":"Marie-Sophie Administrateur","image":{"@type":"ImageObject","inLanguage":"fr-FR","@id":"https:\/\/secure.gravatar.com\/avatar\/d57e4552c73c8713409cd3c2de53bdb5d220ebdd76dc7ba351b2dbae89f5afa9?s=96&d=mm&r=g","url":"https:\/\/secure.gravatar.com\/avatar\/d57e4552c73c8713409cd3c2de53bdb5d220ebdd76dc7ba351b2dbae89f5afa9?s=96&d=mm&r=g","contentUrl":"https:\/\/secure.gravatar.com\/avatar\/d57e4552c73c8713409cd3c2de53bdb5d220ebdd76dc7ba351b2dbae89f5afa9?s=96&d=mm&r=g","caption":"Marie-Sophie Administrateur"}}]}},"_links":{"self":[{"href":"https:\/\/whatthefrance.org\/fr\/wp-json\/wp\/v2\/posts\/61081","targetHints":{"allow":["GET"]}}],"collection":[{"href":"https:\/\/whatthefrance.org\/fr\/wp-json\/wp\/v2\/posts"}],"about":[{"href":"https:\/\/whatthefrance.org\/fr\/wp-json\/wp\/v2\/types\/post"}],"author":[{"embeddable":true,"href":"https:\/\/whatthefrance.org\/fr\/wp-json\/wp\/v2\/users\/6"}],"replies":[{"embeddable":true,"href":"https:\/\/whatthefrance.org\/fr\/wp-json\/wp\/v2\/comments?post=61081"}],"version-history":[{"count":3,"href":"https:\/\/whatthefrance.org\/fr\/wp-json\/wp\/v2\/posts\/61081\/revisions"}],"predecessor-version":[{"id":61134,"href":"https:\/\/whatthefrance.org\/fr\/wp-json\/wp\/v2\/posts\/61081\/revisions\/61134"}],"wp:attachment":[{"href":"https:\/\/whatthefrance.org\/fr\/wp-json\/wp\/v2\/media?parent=61081"}],"wp:term":[{"taxonomy":"category","embeddable":true,"href":"https:\/\/whatthefrance.org\/fr\/wp-json\/wp\/v2\/categories?post=61081"},{"taxonomy":"post_tag","embeddable":true,"href":"https:\/\/whatthefrance.org\/fr\/wp-json\/wp\/v2\/tags?post=61081"}],"curies":[{"name":"wp","href":"https:\/\/api.w.org\/{rel}","templated":true}]}}