{"id":6139,"date":"2019-03-27T14:52:11","date_gmt":"2019-03-27T13:52:11","guid":{"rendered":"https:\/\/whatthefrance.org\/?p=6139"},"modified":"2019-04-08T10:43:22","modified_gmt":"2019-04-08T08:43:22","slug":"__trashed","status":"publish","type":"post","link":"https:\/\/whatthefrance.org\/fr\/__trashed\/","title":{"rendered":"General Elektriks | Concerts en Allemagne et en Suisse"},"content":{"rendered":"<p><a href=\"https:\/\/www.facebook.com\/generalelektriks\/\" target=\"_blank\" rel=\"noopener noreferrer\"><strong>General Elektriks<\/strong><\/a> est n\u00e9 d&rsquo;une id\u00e9e d&rsquo;Herv\u00e9 Salters, un clavi\u00e9riste vintage fran\u00e7ais. Avant que Salters ne d\u00e9m\u00e9nage \u00e0 San Francisco en 1999, il jouait du clavier \u00e0 Paris pour son propre groupe, mais aussi pour divers autres artistes (<strong>Femi Kuti<\/strong>, <strong>-M-<\/strong>, <strong>DJ Mehdi<\/strong>, etc.). En Am\u00e9rique, il a commenc\u00e9 \u00e0 exp\u00e9rimenter avec ses claviers pr\u00e9f\u00e9r\u00e9s, un ordinateur et un microphone et peu de temps apr\u00e8s il a rejoint la sc\u00e8ne hip-hop, y compris Quannum Crew et Blackalicious. 2003 a vu la sortie du premier album de General Elektrik, <strong><em>Cliquety Kliqk<\/em><\/strong>, qui a \u00e9t\u00e9 acclam\u00e9 par le magazine URB comme \u00ab\u00a0Ennio Morricone for the 21st Century\u00a0\u00bb. Le disque est un m\u00e9lange de<strong> funk vintage<\/strong>, de <strong>beats hip hop<\/strong>, de<strong> riffs noirs<\/strong> et de <strong>pop<\/strong>.<\/p>\n<p>Avec le deuxi\u00e8me album <strong><em>Good City for Dreamers<\/em><\/strong>, sorti en 2009, Salters a jet\u00e9 les bases de l&rsquo;\u00e9lectropop funk qui fait aujourd&rsquo;hui la renomm\u00e9e de General Elektriks. Un album au son plus organique que son pr\u00e9d\u00e9cesseur, sur lequel il combinait harmonieusement batterie \u00e9chantillonn\u00e9e et programm\u00e9e, claviers live, cuivres et cordes et dont les chansons \u00e9taient port\u00e9es par la m\u00e9lodie de sa voix. Avec cet album et le tube \u00ab\u00a0<strong>Raid The Radio<\/strong>\u00ab\u00a0, il a tourn\u00e9 pendant 18 mois. Deux autres albums suiviront : <strong><em>Parker Street<\/em><\/strong> (2011) et, apr\u00e8s avoir d\u00e9m\u00e9nag\u00e9 \u00e0 Berlin, <em><strong>To Be A Stanger<\/strong><\/em> (2016). Le nouvel album <strong><em>Carry No Ghosts<\/em><\/strong> est sorti en 2018.<\/p>\n<p>General Elektriks s&rsquo;est fait un nom en tant qu&rsquo;excellent groupe live. La musique hypnotique ainsi que le spectacle sc\u00e9nique palpitant transmettent une \u00e9nergie incroyable au public. Apr\u00e8s des tourn\u00e9es r\u00e9ussies en France avec plus de <strong>100 concerts<\/strong> et une <strong>Olympia<\/strong> \u00e0 guichet ferm\u00e9 \u00e0 Paris, la prochaine \u00e9tape est la conqu\u00eate de l&rsquo;Allemagne. A partir du 1er avril, le groupe peut \u00eatre vu pour quatre dates en <strong>Allemagne<\/strong> et en <strong>Suisse<\/strong> !<\/p>\n\n<p>General Elektriks est \u00e0 l&rsquo;\u00e9coute sur la playlist \u00ab\u00a0Pop The Champagne\u00a0\u00bb :<\/p>\n<div class=\"playListBloc singleBloc\"><div class=\"playListBloc-wrap\">    <div class=\"thumbnail\"><img data-src=\"https:\/\/whatthefrance.org\/wp-content\/uploads\/2018\/11\/TEMPLATE-POCHETTE-GENRE-pop-Louane-254x254.jpg\" class=\"lazyload\" alt=\"TEMPLATE POCHETTE GENRE &#8211; pop &#8211; Louane\" \/>    <\/div>    <div class=\"infos\">        <span class=\"tag\">Genres<\/span>        <h2>Pop The Champagne<\/h2>        <span class=\"separator\"><\/span>       <span class=\"desc\">Listen to the latest pop music hits made in France.<\/span><div class=\"share flex flexAlignCenter \">\t<span class=\"label\">Partager<\/span>\t<a href=\"https:\/\/www.facebook.com\/sharer\/sharer.php?u=https:\/\/whatthefrance.org\/fr\/playlists\/pop-the-champagne\/\" class=\"facebook\" target=\"_blank\" rel=\"noreferrer\">Facebook<\/a>\t<a href=\"https:\/\/twitter.com\/intent\/tweet?url=https:\/\/whatthefrance.org\/fr\/playlists\/pop-the-champagne\/&text=Pop+The+Champagne&hashtags=WTF\" class=\"twitter\" target=\"_blank\" rel=\"noreferrer\">Twitter<\/a>\t<a href=\"mailto:?subject=What%20the%20France%20%3A%20Pop%20The%20Champagne&body=https:\/\/whatthefrance.org\/fr\/playlists\/pop-the-champagne\/\" class=\"mail\" target=\"_blank\" rel=\"noreferrer\">Email<\/a><\/div>        <a href=\"#\" class=\"btn btnPlaylist orange playlist-click\" data-id=\"910\">            <svg version=\"1.1\" x=\"0px\" y=\"0px\" width=\"40px\" height=\"40px\" viewBox=\"0 0 213.7 213.7\" enable-background=\"new 0 0 213.7 213.7\" xml:space=\"preserve\">                <polygon class=\"triangle\" fill=\"none\" stroke-width=\"10\" stroke-linecap=\"round\" stroke-linejoin=\"round\" stroke-miterlimit=\"10\" points=\"\n            73.5,62.5 148.5,105.8 73.5,149.1 \"\/>                <circle class=\"circle\" fill=\"none\"  stroke-width=\"8\" stroke-linecap=\"round\" stroke-linejoin=\"round\" stroke-miterlimit=\"10\" cx=\"106.8\" cy=\"106.8\" r=\"103.3\"\/>                <circle class=\"circle-white\" fill=\"none\"  stroke-width=\"8\" stroke-linecap=\"round\" stroke-linejoin=\"round\" stroke-miterlimit=\"10\" cx=\"106.8\" cy=\"106.8\" r=\"103.3\"\/>            <\/svg>Ecouter        <\/a>    <\/div>  <\/div><\/div>\n<p>&nbsp;<\/p>\n","protected":false},"excerpt":{"rendered":"<p>General Elektriks est n\u00e9 d&rsquo;une id\u00e9e d&rsquo;Herv\u00e9 Salters, un clavi\u00e9riste vintage fran\u00e7ais. Avant que Salters ne d\u00e9m\u00e9nage \u00e0 San Francisco en 1999, il jouait du clavier \u00e0 Paris pour son propre groupe, mais aussi pour divers autres artistes (Femi Kuti, -M-, DJ Mehdi, etc.). En Am\u00e9rique, il a commenc\u00e9 \u00e0 exp\u00e9rimenter avec ses claviers pr\u00e9f\u00e9r\u00e9s, [&hellip;]<\/p>\n","protected":false},"author":6,"featured_media":0,"comment_status":"closed","ping_status":"closed","sticky":false,"template":"","format":"standard","meta":{"_acf_changed":false,"footnotes":""},"categories":[213],"tags":[116,138,130,119,121,964],"class_list":["post-6139","post","type-post","status-publish","format-standard","hentry","category-event-fr","tag-electronic","tag-experimental","tag-funk","tag-pop","tag-rock","tag-synth-pop"],"acf":[],"yoast_head":"<!-- This site is optimized with the Yoast SEO plugin v27.3 - https:\/\/yoast.com\/product\/yoast-seo-wordpress\/ -->\n<title>General Elektriks | Concerts en Allemagne et en Suisse - What the France<\/title>\n<meta name=\"robots\" content=\"index, follow, max-snippet:-1, max-image-preview:large, max-video-preview:-1\" \/>\n<link rel=\"canonical\" href=\"https:\/\/whatthefrance.org\/fr\/__trashed\/\" \/>\n<meta property=\"og:locale\" content=\"fr_FR\" \/>\n<meta property=\"og:type\" content=\"article\" \/>\n<meta property=\"og:title\" content=\"General Elektriks | Concerts en Allemagne et en Suisse - What the France\" \/>\n<meta property=\"og:description\" content=\"General Elektriks est n\u00e9 d&rsquo;une id\u00e9e d&rsquo;Herv\u00e9 Salters, un clavi\u00e9riste vintage fran\u00e7ais. Avant que Salters ne d\u00e9m\u00e9nage \u00e0 San Francisco en 1999, il jouait du clavier \u00e0 Paris pour son propre groupe, mais aussi pour divers autres artistes (Femi Kuti, -M-, DJ Mehdi, etc.). En Am\u00e9rique, il a commenc\u00e9 \u00e0 exp\u00e9rimenter avec ses claviers pr\u00e9f\u00e9r\u00e9s, [&hellip;]\" \/>\n<meta property=\"og:url\" content=\"https:\/\/whatthefrance.org\/fr\/__trashed\/\" \/>\n<meta property=\"og:site_name\" content=\"What the France\" \/>\n<meta property=\"article:published_time\" content=\"2019-03-27T13:52:11+00:00\" \/>\n<meta property=\"article:modified_time\" content=\"2019-04-08T08:43:22+00:00\" \/>\n<meta property=\"og:image\" content=\"https:\/\/whatthefrance.org\/wp-content\/uploads\/2019\/03\/72dpi-62b1120-01-c-tim-deussen-kopie.png\" \/>\n\t<meta property=\"og:image:width\" content=\"2473\" \/>\n\t<meta property=\"og:image:height\" content=\"1661\" \/>\n<meta name=\"author\" content=\"Marie-Sophie Administrateur\" \/>\n<meta name=\"twitter:card\" content=\"summary_large_image\" \/>\n<meta name=\"twitter:label1\" content=\"\u00c9crit par\" \/>\n\t<meta name=\"twitter:data1\" content=\"Marie-Sophie Administrateur\" \/>\n\t<meta name=\"twitter:label2\" content=\"Dur\u00e9e de lecture estim\u00e9e\" \/>\n\t<meta name=\"twitter:data2\" content=\"2 minutes\" \/>\n<script type=\"application\/ld+json\" class=\"yoast-schema-graph\">{\"@context\":\"https:\\\/\\\/schema.org\",\"@graph\":[{\"@type\":\"Article\",\"@id\":\"https:\\\/\\\/whatthefrance.org\\\/fr\\\/__trashed\\\/#article\",\"isPartOf\":{\"@id\":\"https:\\\/\\\/whatthefrance.org\\\/fr\\\/__trashed\\\/\"},\"author\":{\"name\":\"Marie-Sophie Administrateur\",\"@id\":\"https:\\\/\\\/whatthefrance.org\\\/fr\\\/#\\\/schema\\\/person\\\/3b7ea6fb70b536503b3e8c909c564a81\"},\"headline\":\"General Elektriks | Concerts en Allemagne et en Suisse\",\"datePublished\":\"2019-03-27T13:52:11+00:00\",\"dateModified\":\"2019-04-08T08:43:22+00:00\",\"mainEntityOfPage\":{\"@id\":\"https:\\\/\\\/whatthefrance.org\\\/fr\\\/__trashed\\\/\"},\"wordCount\":345,\"publisher\":{\"@id\":\"https:\\\/\\\/whatthefrance.org\\\/fr\\\/#organization\"},\"keywords\":[\"Electronic\",\"Experimental\",\"Funk\",\"Pop\",\"Rock\",\"Synth Pop\"],\"articleSection\":[\"Event\"],\"inLanguage\":\"fr-FR\"},{\"@type\":\"WebPage\",\"@id\":\"https:\\\/\\\/whatthefrance.org\\\/fr\\\/__trashed\\\/\",\"url\":\"https:\\\/\\\/whatthefrance.org\\\/fr\\\/__trashed\\\/\",\"name\":\"General Elektriks | Concerts en Allemagne et en Suisse - What the France\",\"isPartOf\":{\"@id\":\"https:\\\/\\\/whatthefrance.org\\\/fr\\\/#website\"},\"datePublished\":\"2019-03-27T13:52:11+00:00\",\"dateModified\":\"2019-04-08T08:43:22+00:00\",\"breadcrumb\":{\"@id\":\"https:\\\/\\\/whatthefrance.org\\\/fr\\\/__trashed\\\/#breadcrumb\"},\"inLanguage\":\"fr-FR\",\"potentialAction\":[{\"@type\":\"ReadAction\",\"target\":[\"https:\\\/\\\/whatthefrance.org\\\/fr\\\/__trashed\\\/\"]}]},{\"@type\":\"BreadcrumbList\",\"@id\":\"https:\\\/\\\/whatthefrance.org\\\/fr\\\/__trashed\\\/#breadcrumb\",\"itemListElement\":[{\"@type\":\"ListItem\",\"position\":1,\"name\":\"Home\",\"item\":\"https:\\\/\\\/whatthefrance.org\\\/fr\\\/\"},{\"@type\":\"ListItem\",\"position\":2,\"name\":\"General Elektriks | Concerts en Allemagne et en Suisse\"}]},{\"@type\":\"WebSite\",\"@id\":\"https:\\\/\\\/whatthefrance.org\\\/fr\\\/#website\",\"url\":\"https:\\\/\\\/whatthefrance.org\\\/fr\\\/\",\"name\":\"What the France\",\"description\":\"The finest music made in France !\",\"publisher\":{\"@id\":\"https:\\\/\\\/whatthefrance.org\\\/fr\\\/#organization\"},\"potentialAction\":[{\"@type\":\"SearchAction\",\"target\":{\"@type\":\"EntryPoint\",\"urlTemplate\":\"https:\\\/\\\/whatthefrance.org\\\/fr\\\/?s={search_term_string}\"},\"query-input\":{\"@type\":\"PropertyValueSpecification\",\"valueRequired\":true,\"valueName\":\"search_term_string\"}}],\"inLanguage\":\"fr-FR\"},{\"@type\":\"Organization\",\"@id\":\"https:\\\/\\\/whatthefrance.org\\\/fr\\\/#organization\",\"name\":\"What The France\",\"url\":\"https:\\\/\\\/whatthefrance.org\\\/fr\\\/\",\"logo\":{\"@type\":\"ImageObject\",\"inLanguage\":\"fr-FR\",\"@id\":\"https:\\\/\\\/whatthefrance.org\\\/fr\\\/#\\\/schema\\\/logo\\\/image\\\/\",\"url\":\"https:\\\/\\\/whatthefrance.org\\\/wp-content\\\/uploads\\\/2019\\\/12\\\/44688719_2251580388408837_694180218134331392_n-e1577679609190.png\",\"contentUrl\":\"https:\\\/\\\/whatthefrance.org\\\/wp-content\\\/uploads\\\/2019\\\/12\\\/44688719_2251580388408837_694180218134331392_n-e1577679609190.png\",\"width\":200,\"height\":200,\"caption\":\"What The France\"},\"image\":{\"@id\":\"https:\\\/\\\/whatthefrance.org\\\/fr\\\/#\\\/schema\\\/logo\\\/image\\\/\"}},{\"@type\":\"Person\",\"@id\":\"https:\\\/\\\/whatthefrance.org\\\/fr\\\/#\\\/schema\\\/person\\\/3b7ea6fb70b536503b3e8c909c564a81\",\"name\":\"Marie-Sophie Administrateur\",\"image\":{\"@type\":\"ImageObject\",\"inLanguage\":\"fr-FR\",\"@id\":\"https:\\\/\\\/secure.gravatar.com\\\/avatar\\\/d57e4552c73c8713409cd3c2de53bdb5d220ebdd76dc7ba351b2dbae89f5afa9?s=96&d=mm&r=g\",\"url\":\"https:\\\/\\\/secure.gravatar.com\\\/avatar\\\/d57e4552c73c8713409cd3c2de53bdb5d220ebdd76dc7ba351b2dbae89f5afa9?s=96&d=mm&r=g\",\"contentUrl\":\"https:\\\/\\\/secure.gravatar.com\\\/avatar\\\/d57e4552c73c8713409cd3c2de53bdb5d220ebdd76dc7ba351b2dbae89f5afa9?s=96&d=mm&r=g\",\"caption\":\"Marie-Sophie Administrateur\"}}]}<\/script>\n<!-- \/ Yoast SEO plugin. -->","yoast_head_json":{"title":"General Elektriks | Concerts en Allemagne et en Suisse - What the France","robots":{"index":"index","follow":"follow","max-snippet":"max-snippet:-1","max-image-preview":"max-image-preview:large","max-video-preview":"max-video-preview:-1"},"canonical":"https:\/\/whatthefrance.org\/fr\/__trashed\/","og_locale":"fr_FR","og_type":"article","og_title":"General Elektriks | Concerts en Allemagne et en Suisse - What the France","og_description":"General Elektriks est n\u00e9 d&rsquo;une id\u00e9e d&rsquo;Herv\u00e9 Salters, un clavi\u00e9riste vintage fran\u00e7ais. Avant que Salters ne d\u00e9m\u00e9nage \u00e0 San Francisco en 1999, il jouait du clavier \u00e0 Paris pour son propre groupe, mais aussi pour divers autres artistes (Femi Kuti, -M-, DJ Mehdi, etc.). En Am\u00e9rique, il a commenc\u00e9 \u00e0 exp\u00e9rimenter avec ses claviers pr\u00e9f\u00e9r\u00e9s, [&hellip;]","og_url":"https:\/\/whatthefrance.org\/fr\/__trashed\/","og_site_name":"What the France","article_published_time":"2019-03-27T13:52:11+00:00","article_modified_time":"2019-04-08T08:43:22+00:00","og_image":[{"url":"https:\/\/whatthefrance.org\/wp-content\/uploads\/2019\/03\/72dpi-62b1120-01-c-tim-deussen-kopie.png","height":1661,"width":2473,"type":""}],"author":"Marie-Sophie Administrateur","twitter_card":"summary_large_image","twitter_misc":{"\u00c9crit par":"Marie-Sophie Administrateur","Dur\u00e9e de lecture estim\u00e9e":"2 minutes"},"schema":{"@context":"https:\/\/schema.org","@graph":[{"@type":"Article","@id":"https:\/\/whatthefrance.org\/fr\/__trashed\/#article","isPartOf":{"@id":"https:\/\/whatthefrance.org\/fr\/__trashed\/"},"author":{"name":"Marie-Sophie Administrateur","@id":"https:\/\/whatthefrance.org\/fr\/#\/schema\/person\/3b7ea6fb70b536503b3e8c909c564a81"},"headline":"General Elektriks | Concerts en Allemagne et en Suisse","datePublished":"2019-03-27T13:52:11+00:00","dateModified":"2019-04-08T08:43:22+00:00","mainEntityOfPage":{"@id":"https:\/\/whatthefrance.org\/fr\/__trashed\/"},"wordCount":345,"publisher":{"@id":"https:\/\/whatthefrance.org\/fr\/#organization"},"keywords":["Electronic","Experimental","Funk","Pop","Rock","Synth Pop"],"articleSection":["Event"],"inLanguage":"fr-FR"},{"@type":"WebPage","@id":"https:\/\/whatthefrance.org\/fr\/__trashed\/","url":"https:\/\/whatthefrance.org\/fr\/__trashed\/","name":"General Elektriks | Concerts en Allemagne et en Suisse - What the France","isPartOf":{"@id":"https:\/\/whatthefrance.org\/fr\/#website"},"datePublished":"2019-03-27T13:52:11+00:00","dateModified":"2019-04-08T08:43:22+00:00","breadcrumb":{"@id":"https:\/\/whatthefrance.org\/fr\/__trashed\/#breadcrumb"},"inLanguage":"fr-FR","potentialAction":[{"@type":"ReadAction","target":["https:\/\/whatthefrance.org\/fr\/__trashed\/"]}]},{"@type":"BreadcrumbList","@id":"https:\/\/whatthefrance.org\/fr\/__trashed\/#breadcrumb","itemListElement":[{"@type":"ListItem","position":1,"name":"Home","item":"https:\/\/whatthefrance.org\/fr\/"},{"@type":"ListItem","position":2,"name":"General Elektriks | Concerts en Allemagne et en Suisse"}]},{"@type":"WebSite","@id":"https:\/\/whatthefrance.org\/fr\/#website","url":"https:\/\/whatthefrance.org\/fr\/","name":"What the France","description":"The finest music made in France !","publisher":{"@id":"https:\/\/whatthefrance.org\/fr\/#organization"},"potentialAction":[{"@type":"SearchAction","target":{"@type":"EntryPoint","urlTemplate":"https:\/\/whatthefrance.org\/fr\/?s={search_term_string}"},"query-input":{"@type":"PropertyValueSpecification","valueRequired":true,"valueName":"search_term_string"}}],"inLanguage":"fr-FR"},{"@type":"Organization","@id":"https:\/\/whatthefrance.org\/fr\/#organization","name":"What The France","url":"https:\/\/whatthefrance.org\/fr\/","logo":{"@type":"ImageObject","inLanguage":"fr-FR","@id":"https:\/\/whatthefrance.org\/fr\/#\/schema\/logo\/image\/","url":"https:\/\/whatthefrance.org\/wp-content\/uploads\/2019\/12\/44688719_2251580388408837_694180218134331392_n-e1577679609190.png","contentUrl":"https:\/\/whatthefrance.org\/wp-content\/uploads\/2019\/12\/44688719_2251580388408837_694180218134331392_n-e1577679609190.png","width":200,"height":200,"caption":"What The France"},"image":{"@id":"https:\/\/whatthefrance.org\/fr\/#\/schema\/logo\/image\/"}},{"@type":"Person","@id":"https:\/\/whatthefrance.org\/fr\/#\/schema\/person\/3b7ea6fb70b536503b3e8c909c564a81","name":"Marie-Sophie Administrateur","image":{"@type":"ImageObject","inLanguage":"fr-FR","@id":"https:\/\/secure.gravatar.com\/avatar\/d57e4552c73c8713409cd3c2de53bdb5d220ebdd76dc7ba351b2dbae89f5afa9?s=96&d=mm&r=g","url":"https:\/\/secure.gravatar.com\/avatar\/d57e4552c73c8713409cd3c2de53bdb5d220ebdd76dc7ba351b2dbae89f5afa9?s=96&d=mm&r=g","contentUrl":"https:\/\/secure.gravatar.com\/avatar\/d57e4552c73c8713409cd3c2de53bdb5d220ebdd76dc7ba351b2dbae89f5afa9?s=96&d=mm&r=g","caption":"Marie-Sophie Administrateur"}}]}},"_links":{"self":[{"href":"https:\/\/whatthefrance.org\/fr\/wp-json\/wp\/v2\/posts\/6139","targetHints":{"allow":["GET"]}}],"collection":[{"href":"https:\/\/whatthefrance.org\/fr\/wp-json\/wp\/v2\/posts"}],"about":[{"href":"https:\/\/whatthefrance.org\/fr\/wp-json\/wp\/v2\/types\/post"}],"author":[{"embeddable":true,"href":"https:\/\/whatthefrance.org\/fr\/wp-json\/wp\/v2\/users\/6"}],"replies":[{"embeddable":true,"href":"https:\/\/whatthefrance.org\/fr\/wp-json\/wp\/v2\/comments?post=6139"}],"version-history":[{"count":6,"href":"https:\/\/whatthefrance.org\/fr\/wp-json\/wp\/v2\/posts\/6139\/revisions"}],"predecessor-version":[{"id":6159,"href":"https:\/\/whatthefrance.org\/fr\/wp-json\/wp\/v2\/posts\/6139\/revisions\/6159"}],"wp:attachment":[{"href":"https:\/\/whatthefrance.org\/fr\/wp-json\/wp\/v2\/media?parent=6139"}],"wp:term":[{"taxonomy":"category","embeddable":true,"href":"https:\/\/whatthefrance.org\/fr\/wp-json\/wp\/v2\/categories?post=6139"},{"taxonomy":"post_tag","embeddable":true,"href":"https:\/\/whatthefrance.org\/fr\/wp-json\/wp\/v2\/tags?post=6139"}],"curies":[{"name":"wp","href":"https:\/\/api.w.org\/{rel}","templated":true}]}}